{"id":679,"date":"2019-11-06T11:46:40","date_gmt":"2019-11-06T17:46:40","guid":{"rendered":"http:\/\/redamlo.com\/?p=679"},"modified":"2019-11-06T11:46:40","modified_gmt":"2019-11-06T17:46:40","slug":"lo-que-incentivamos-con-esta-capacitacion-es-una-ciudadania-activa-participativa-y-representativa-mtro-yahir-garcia-lopez","status":"publish","type":"post","link":"https:\/\/redamlo.com\/index.php\/2019\/11\/06\/lo-que-incentivamos-con-esta-capacitacion-es-una-ciudadania-activa-participativa-y-representativa-mtro-yahir-garcia-lopez\/","title":{"rendered":"Lo que incentivamos con esta capacitaci\u00f3n es una ciudadan\u00eda activa, participativa y representativa: Mtro. Yahir Garc\u00eda-L\u00f3pez."},"content":{"rendered":"<h2><u>Entrevista Mtro. Yahir Garc\u00eda-L\u00f3pez<\/u><\/h2>\n<h3>Por: Zavianny Torres Baltazar<\/h3>\n<p><strong>Lo que incentivamos con esta capacitaci\u00f3n es una ciudadan\u00eda activa, participativa y representativa: Mtro. Yahir Garc\u00eda-L\u00f3pez.<\/strong><\/p>\n<ul>\n<li><strong><em>Si no generamos una estrategia de comunicaci\u00f3n asertiva, en este caso en un modelo de participaci\u00f3n ciudadana-pol\u00edtica, quedar\u00e1n los esfuerzos aislados.<\/em><\/strong><\/li>\n<\/ul>\n<p><strong><em>\u00a0<\/em><\/strong><\/p>\n<ul>\n<li><strong><em>Lo que est\u00e1 haciendo Luz Ma. Hern\u00e1ndez es un ejemplo de liderazgo hacia la ciudadan\u00eda en lo participativo y <\/em><\/strong><\/li>\n<\/ul>\n<p><strong><em>\u00a0<\/em><\/strong><\/p>\n<p>En la inauguraci\u00f3n del Curso-Taller de Capacitaci\u00f3n \u201cDerechos Humanos y Participaci\u00f3n Ciudadana el Maestro Yahir Garc\u00eda-L\u00f3pez, quien es el capacitador, mencion\u00f3 que la finalidad de \u00e9ste es \u201c\u2026 incentivar una \u00a0ciudadan\u00eda activa, participativa y representativa, generando \u00a0una estructura \u00a0funcional a partir de niveles categ\u00f3ricos de ciudadan\u00eda\u201d.\u00a0 Llevado a cabo en Toluca, capital del Estado de M\u00e9xico, dirigido a l\u00edderes comunitarios, sociales y pol\u00edticos el evento ha tenido importante asistencia de municipios del Valle de Toluca y del Valle de M\u00e9xico.<\/p>\n<p>El Maestro\u00a0 Garc\u00eda \u2013L\u00f3pez obtuvo su licenciatura en Geograf\u00eda por la Facultad de Filosof\u00eda y Letras de la UNAM. Posteriormente, realiz\u00f3 sus estudios de Maestr\u00eda en Geograf\u00eda con la orientaci\u00f3n en Sociedad y Territorio en la UNAM. Se ha desempe\u00f1ado como funcionario p\u00fablico tanto en el Gobierno de la Ciudad de M\u00e9xico como en el Gobierno Federal. Es autor de varios libros de Geograf\u00eda publicados por Grupo Editorial Patria de Grupo Hachette Livre. Consultor de organizaciones y empresas privadas en materia de planeaci\u00f3n estrat\u00e9gica, desarrollo humano y comunicaci\u00f3n. Ha impartido c\u00e1tedra en varias universidades del pa\u00eds y es invitado a dictar conferencias en\u00a0<a href=\"https:\/\/diariojudio.com\/tag\/mexico\/\">M\u00e9xico<\/a>\u00a0y en el extranjero.<\/p>\n<p>En entrevista el experto en el tema asegura: \u201cComo bien se mencion\u00f3 en el taller, hay mucha labor pol\u00edtica, mucha buena intenci\u00f3n, iniciativas importantes, pero lo que falta es una concientizaci\u00f3n de la importancia de la comunicaci\u00f3n. Si no generamos una estrategia de comunicaci\u00f3n asertiva, en este caso en un modelo de participaci\u00f3n ciudadana-pol\u00edtica, quedar\u00e1n los esfuerzos aislados. Estamos convencidos que el tema que vincula un buen entrenamiento, con respecto a la participaci\u00f3n pol\u00edtica y que esto se logre, debe estar muy bien estructurada en el tema de comunicaci\u00f3n.<\/p>\n<p>Falta dise\u00f1ar una estrategia de comunicaci\u00f3n, como parte del proceso de transformaci\u00f3n.<\/p>\n<p><a href=\"http:\/\/redamlo.com\/wp-content\/uploads\/2019\/11\/Entrevista-Mtro.-Yahir-Garc\u00eda-L\u00f3pez-2.jpg\"><img loading=\"lazy\" decoding=\"async\" class=\"alignnone size-full wp-image-3630\" src=\"http:\/\/redamlo.com\/wp-content\/uploads\/2019\/11\/Entrevista-Mtro.-Yahir-Garc\u00eda-L\u00f3pez-2.jpg\" alt=\"\" width=\"1032\" height=\"581\" \/><\/a><\/p>\n<p>El Maestro Yahir Garc\u00eda ha obtenido certificaciones en capacidades gerenciales y liderazgo, en el National Intitute of Education de la Nanyang Tecnological University of Singapore Teachers del Ministerio de Educaci\u00f3n, la Escuela Internacional para el Estudio del Holocausto de la Asociaci\u00f3n Internacional Yad Vashem, en Jerusalem, Israel, as\u00ed como por la academia de Gobernanza y el Ministerio de Comercio de China.<\/p>\n<p>&nbsp;<\/p>\n<p><strong><em>En el proceso del Constructo Social:<\/em><\/strong><\/p>\n<p>&nbsp;<\/p>\n<p>Se define como una estructura, que parte del imaginario colectivo\u00a0 que construimos a partir de nuestras creencias, usos, costumbres, tradiciones. En su inicio mental se va transmitiendo a trav\u00e9s de modelos educativos (Modelos Disruptivos de Educaci\u00f3n) por ejemplo la televisi\u00f3n\u00a0 las tradiciones, el teatro, el cine, la convivencia cotidiana de una comunidad, todo lo inherente a la cultura. Es decir, la gente aprende a llorar a trav\u00e9s de la t.v. a \u201camar\u201d con productos televisivos y se convierten en actores educativos.<\/p>\n<p>El <strong><em>constructo social<\/em><\/strong> emana de la construcci\u00f3n de conceptos que vienen de parte de modelos disruptivos que generen una conciencia social (elevada o no elevada es independiente del tema). Hay estudios que jerarquizan en qu\u00e9 medida los medios de comunicaci\u00f3n, las tradiciones, los usos la forma de pensar genera un mayor o menor nivel de conciencia, considerando la diversificaci\u00f3n y tipificaci\u00f3n de niveles de conciencia.<\/p>\n<p>De manera que ese <strong><em>constructo social<\/em><\/strong> se va enriqueciendo con una forma y estructura; que tiene un porque y un porvenir. Y definitivamente entre este constructo y el imaginario colectivo es lo que va marcando las pautas \u2013como sociedad- hacia d\u00f3nde quiere dirigirse como futuro y la participaci\u00f3n ciudadana se estructura en funci\u00f3n del constructo social dise\u00f1a para un futuro, de ah\u00ed la importancia de este concepto.<\/p>\n<p>&nbsp;<\/p>\n<p><strong><em>Las categor\u00edas de ciudadan\u00eda y su contribuci\u00f3n:<\/em><\/strong><\/p>\n<p>Empecemos por considerar que M\u00e9xico est\u00e1 siendo observado a nivel global, yo recibo noticias en varios idiomas de muchas partes del mundo, y se le focaliza como un actor importante, eso obedece a que el proceso de cambio pol\u00edtico ha generado una gran expectativa en el mundo, realmente un gran inter\u00e9s. Pero eso no basta, si bien es cierto que hay un cambio de r\u00e9gimen, de directrices -algo que se nota desde el inicio de la actual administraci\u00f3n- pero tambi\u00e9n resulta cierto que no va emparejado con una participaci\u00f3n ciudadana, desde una perspectiva activa, a\u00fan est\u00e1 presente una ciudadan\u00eda pasiva.<\/p>\n<p>Lo que procuramos con estas capacitaciones es provocar, con acciones, una ciudadan\u00eda activa y subir a un segundo nivel que es una \u201cciudadan\u00eda participativa\u201d e incentivar llegar a un tercer nivel que es una \u201cciudadan\u00eda representativa\u201d; de estos tres eslabones de esta gran cadena de participaci\u00f3n ciudadana debe estar emparejada con la expectativa pol\u00edtica que gener\u00f3 en el mundo, el cambio de r\u00e9gimen. De manera que si no logramos compaginar la ecuaci\u00f3n entre lo que se gener\u00f3 como un cambio pol\u00edtico y una participaci\u00f3n ciudadana, hacia un movimiento de reestructura, de redise\u00f1o, de un nuevo M\u00e9xico. De no ser as\u00ed, se quedar\u00e1n como buenas intenciones; y como lo hemos visto, el tiempo es finito y el partido en turno del poder tiene el tiempo contado y necesitan coherencia, coordinaci\u00f3n y un trabajo efectivo en equipo, para empezar a construir una ciudadan\u00eda participativa y despu\u00e9s legitimarla en ciudadan\u00eda\u00a0 representativa. De ah\u00ed la importancia de las asambleas, de talleres de capacitaci\u00f3n.<\/p>\n<p>Me llama mucho la atenci\u00f3n que cuesta trabajo empezar a aterrizar estos conceptos por parte de l\u00edderes que han sido part\u00edcipes del proceso de cambio y que hoy por hoy, recae en ellos y ellas la responsabilidad de la transformaci\u00f3n de este pa\u00eds.<\/p>\n<p>El exponente del curso taller de capacitaci\u00f3n de \u201cDerechos Humanos y Participaci\u00f3n Ciudadana\u201d, Maestro Garc\u00eda-L\u00f3pez cuenta con formaci\u00f3n en \u00e9tica gubernamental y rendici\u00f3n de cuentas, igualdad de g\u00e9nero, derechos humanos, educaci\u00f3n de calidad y formaci\u00f3n continua, certificaci\u00f3n de competencias, pol\u00edticas de empleo y capacitaci\u00f3n laboral por el Consejo Nacional de Normalizaci\u00f3n y Certificaci\u00f3n de Competencias Laborales (CONOCER) , la Secretaria del Trabajo y Previsi\u00f3n Social y otras instituciones del \u00e1mbito de la Ciudad de M\u00e9xico y a nivel Federal.<\/p>\n<p>&nbsp;<\/p>\n<p><strong><em>Un personaje con estatura \u00e9tica y moral:<\/em><\/strong><\/p>\n<p>&nbsp;<\/p>\n<p>Debo dejar en claro que lo expresado, lo veo como un cr\u00edtico, un acad\u00e9mico,\u00a0 totalmente externo a su instituto pol\u00edtico, as\u00ed lo he manifestado en todos los seminarios impartidos a los y las l\u00edderes de morena.<\/p>\n<p>Yo no ten\u00eda el gusto de conocer a Luz Ma. Hern\u00e1ndez y fue a trav\u00e9s de la revista \u201cExpansi\u00f3n\u201d -una publicaci\u00f3n de perfil eminentemente econ\u00f3mica y empresarial- que tuve noticia de ella. Veo que esta revista, a partir del actual proceso de cambio, se interesa en transmitir enfoques pol\u00edticos.<\/p>\n<p>Hace unas semanas el Grupo Expansi\u00f3n public\u00f3 en su secci\u00f3n de pol\u00edtica sobre lo que est\u00e1 haciendo Luz Ma. Hern\u00e1ndez y considero que es un ejemplo de liderazgo hacia la ciudadan\u00eda en lo participativo y en la representaci\u00f3n.<\/p>\n<p>Recuerdo que en una comunidad, en donde ella estuvo presente, lidero de una manera muy asertiva y concreta muchas de las iniciativas que se han presentado en estos talleres, con la finalidad de que no se queden en proyectos, sino que sean escuchadas, valoradas y respaldadas, por quienes tienen la responsabilidad y posibilidad -desde la Presidencia de la Rep\u00fablica y los representantes en los distintos \u00f3rdenes de gobierno- de ejecutarlos, y eso, me parece un cambio trascendente de parte de la participaci\u00f3n proactiva de Luz Ma. Hern\u00e1ndez.<\/p>\n<p>Con lo anterior quiero decir que quienes pertenecen al partido morena deben de aprovechar, que Luz Mar\u00eda Hern\u00e1ndez es una actora a quien deben proporcionar mayor repercusi\u00f3n a nivel comunitario, estatal y Nacional. Es un clar\u00edsimo ejemplo de liderazgo participativo y representativo, me parece una digna representante del nuevo pol\u00edtico, a quien deben considerar.<\/p>\n<p>Considero que \u00a0gracias a esa visi\u00f3n distinta de involucrarse, participar, convivir con ellos, comer con ellos, tomarse fotos, habla del liderazgo del nuevo pol\u00edtico.<\/p>\n<p>Respecto al Taller-Capacitaci\u00f3n, finaliz\u00f3 asegurando que: \u201c\u2026 los asistentes a los talleres est\u00e1n recibiendo grandes beneficios, los que se pueden reproducir de forma cu\u00e1ntica, reproducirlo en sus comunidades y a su vez estos reproductores lo repliquen. Considero es una gran puerta que deben fomentar en sus nuevos liderazgos con una nueva visi\u00f3n.<\/p>\n<p>Puedo asegurar que al terminar el seminario, los participantes se van con un compromiso de concretar algo m\u00e1s que ideas, ah\u00ed est\u00e1n los testimoniales como videos, fotos, materiales escritos con l\u00edneas de acci\u00f3n que se dise\u00f1an en este taller.<\/p>\n<p>Se trata de \u201cestructurar este nuevo constructo imaginario-social\u201d que es lo que est\u00e1 faltando en este pa\u00eds.<\/p>\n<p><a href=\"http:\/\/redamlo.com\/wp-content\/uploads\/2019\/11\/Entrevista-Mtro.-Yahir-Garc\u00eda-3.jpg\"><img loading=\"lazy\" decoding=\"async\" class=\"alignnone size-full wp-image-3631\" src=\"http:\/\/redamlo.com\/wp-content\/uploads\/2019\/11\/Entrevista-Mtro.-Yahir-Garc\u00eda-3.jpg\" alt=\"\" width=\"1032\" height=\"581\" \/><\/a><\/p>\n","protected":false},"excerpt":{"rendered":"<p>Entrevista Mtro. Yahir Garc\u00eda-L\u00f3pez Por: Zavianny Torres Baltazar Lo que incentivamos con esta capacitaci\u00f3n es&#8230;<\/p>\n","protected":false},"author":2,"featured_media":681,"comment_status":"open","ping_status":"closed","sticky":false,"template":"","format":"standard","meta":{"footnotes":""},"categories":[25,3],"tags":[],"class_list":["post-679","post","type-post","status-publish","format-standard","has-post-thumbnail","hentry","category-4t","category-estado-de-mexico"],"yoast_head":"<!-- This site is optimized with the Yoast SEO plugin v27.5 - https:\/\/yoast.com\/product\/yoast-seo-wordpress\/ -->\n<title>Lo que incentivamos con esta capacitaci\u00f3n es una ciudadan\u00eda activa, participativa y representativa: Mtro. Yahir Garc\u00eda-L\u00f3pez. - NOTICIAS DE LA 4T<\/title>\n<meta name=\"robots\" content=\"noindex, follow, max-snippet:-1, max-image-preview:large, max-video-preview:-1\" \/>\n<meta property=\"og:locale\" content=\"es_MX\" \/>\n<meta property=\"og:type\" content=\"article\" \/>\n<meta property=\"og:title\" content=\"Lo que incentivamos con esta capacitaci\u00f3n es una ciudadan\u00eda activa, participativa y representativa: Mtro. Yahir Garc\u00eda-L\u00f3pez. - NOTICIAS DE LA 4T\" \/>\n<meta property=\"og:description\" content=\"Entrevista Mtro. Yahir Garc\u00eda-L\u00f3pez Por: Zavianny Torres Baltazar Lo que incentivamos con esta capacitaci\u00f3n es...\" \/>\n<meta property=\"og:url\" content=\"https:\/\/redamlo.com\/index.php\/2019\/11\/06\/lo-que-incentivamos-con-esta-capacitacion-es-una-ciudadania-activa-participativa-y-representativa-mtro-yahir-garcia-lopez\/\" \/>\n<meta property=\"og:site_name\" content=\"NOTICIAS DE LA 4T\" \/>\n<meta property=\"article:published_time\" content=\"2019-11-06T17:46:40+00:00\" \/>\n<meta property=\"og:image\" content=\"https:\/\/redamlo.com\/wp-content\/uploads\/2019\/11\/Entrevista-Mtro.-Yahir-Garcia-Lopez.jpg\" \/>\n\t<meta property=\"og:image:width\" content=\"1032\" \/>\n\t<meta property=\"og:image:height\" content=\"581\" \/>\n\t<meta property=\"og:image:type\" content=\"image\/jpeg\" \/>\n<meta name=\"author\" content=\"Blanca\" \/>\n<meta name=\"twitter:card\" content=\"summary_large_image\" \/>\n<meta name=\"twitter:label1\" content=\"Escrito por\" \/>\n\t<meta name=\"twitter:data1\" content=\"Blanca\" \/>\n\t<meta name=\"twitter:label2\" content=\"Tiempo de lectura\" \/>\n\t<meta name=\"twitter:data2\" content=\"8 minutos\" \/>\n<script type=\"application\/ld+json\" class=\"yoast-schema-graph\">{\"@context\":\"https:\\\/\\\/schema.org\",\"@graph\":[{\"@type\":\"Article\",\"@id\":\"https:\\\/\\\/redamlo.com\\\/index.php\\\/2019\\\/11\\\/06\\\/lo-que-incentivamos-con-esta-capacitacion-es-una-ciudadania-activa-participativa-y-representativa-mtro-yahir-garcia-lopez\\\/#article\",\"isPartOf\":{\"@id\":\"https:\\\/\\\/redamlo.com\\\/index.php\\\/2019\\\/11\\\/06\\\/lo-que-incentivamos-con-esta-capacitacion-es-una-ciudadania-activa-participativa-y-representativa-mtro-yahir-garcia-lopez\\\/\"},\"author\":{\"name\":\"Blanca\",\"@id\":\"https:\\\/\\\/redamlo.com\\\/#\\\/schema\\\/person\\\/7223a4375eb8f1a782fcae010a7115cf\"},\"headline\":\"Lo que incentivamos con esta capacitaci\u00f3n es una ciudadan\u00eda activa, participativa y representativa: Mtro. Yahir Garc\u00eda-L\u00f3pez.\",\"datePublished\":\"2019-11-06T17:46:40+00:00\",\"mainEntityOfPage\":{\"@id\":\"https:\\\/\\\/redamlo.com\\\/index.php\\\/2019\\\/11\\\/06\\\/lo-que-incentivamos-con-esta-capacitacion-es-una-ciudadania-activa-participativa-y-representativa-mtro-yahir-garcia-lopez\\\/\"},\"wordCount\":1604,\"commentCount\":0,\"publisher\":{\"@id\":\"https:\\\/\\\/redamlo.com\\\/#organization\"},\"image\":{\"@id\":\"https:\\\/\\\/redamlo.com\\\/index.php\\\/2019\\\/11\\\/06\\\/lo-que-incentivamos-con-esta-capacitacion-es-una-ciudadania-activa-participativa-y-representativa-mtro-yahir-garcia-lopez\\\/#primaryimage\"},\"thumbnailUrl\":\"https:\\\/\\\/redamlo.com\\\/wp-content\\\/uploads\\\/2019\\\/11\\\/Entrevista-Mtro.-Yahir-Garcia-Lopez.jpg\",\"articleSection\":[\"4T\",\"Estado de M\u00e9xico\"],\"inLanguage\":\"es\",\"potentialAction\":[{\"@type\":\"CommentAction\",\"name\":\"Comment\",\"target\":[\"https:\\\/\\\/redamlo.com\\\/index.php\\\/2019\\\/11\\\/06\\\/lo-que-incentivamos-con-esta-capacitacion-es-una-ciudadania-activa-participativa-y-representativa-mtro-yahir-garcia-lopez\\\/#respond\"]}]},{\"@type\":\"WebPage\",\"@id\":\"https:\\\/\\\/redamlo.com\\\/index.php\\\/2019\\\/11\\\/06\\\/lo-que-incentivamos-con-esta-capacitacion-es-una-ciudadania-activa-participativa-y-representativa-mtro-yahir-garcia-lopez\\\/\",\"url\":\"https:\\\/\\\/redamlo.com\\\/index.php\\\/2019\\\/11\\\/06\\\/lo-que-incentivamos-con-esta-capacitacion-es-una-ciudadania-activa-participativa-y-representativa-mtro-yahir-garcia-lopez\\\/\",\"name\":\"Lo que incentivamos con esta capacitaci\u00f3n es una ciudadan\u00eda activa, participativa y representativa: Mtro. Yahir Garc\u00eda-L\u00f3pez. - NOTICIAS DE LA 4T\",\"isPartOf\":{\"@id\":\"https:\\\/\\\/redamlo.com\\\/#website\"},\"primaryImageOfPage\":{\"@id\":\"https:\\\/\\\/redamlo.com\\\/index.php\\\/2019\\\/11\\\/06\\\/lo-que-incentivamos-con-esta-capacitacion-es-una-ciudadania-activa-participativa-y-representativa-mtro-yahir-garcia-lopez\\\/#primaryimage\"},\"image\":{\"@id\":\"https:\\\/\\\/redamlo.com\\\/index.php\\\/2019\\\/11\\\/06\\\/lo-que-incentivamos-con-esta-capacitacion-es-una-ciudadania-activa-participativa-y-representativa-mtro-yahir-garcia-lopez\\\/#primaryimage\"},\"thumbnailUrl\":\"https:\\\/\\\/redamlo.com\\\/wp-content\\\/uploads\\\/2019\\\/11\\\/Entrevista-Mtro.-Yahir-Garcia-Lopez.jpg\",\"datePublished\":\"2019-11-06T17:46:40+00:00\",\"breadcrumb\":{\"@id\":\"https:\\\/\\\/redamlo.com\\\/index.php\\\/2019\\\/11\\\/06\\\/lo-que-incentivamos-con-esta-capacitacion-es-una-ciudadania-activa-participativa-y-representativa-mtro-yahir-garcia-lopez\\\/#breadcrumb\"},\"inLanguage\":\"es\",\"potentialAction\":[{\"@type\":\"ReadAction\",\"target\":[\"https:\\\/\\\/redamlo.com\\\/index.php\\\/2019\\\/11\\\/06\\\/lo-que-incentivamos-con-esta-capacitacion-es-una-ciudadania-activa-participativa-y-representativa-mtro-yahir-garcia-lopez\\\/\"]}]},{\"@type\":\"ImageObject\",\"inLanguage\":\"es\",\"@id\":\"https:\\\/\\\/redamlo.com\\\/index.php\\\/2019\\\/11\\\/06\\\/lo-que-incentivamos-con-esta-capacitacion-es-una-ciudadania-activa-participativa-y-representativa-mtro-yahir-garcia-lopez\\\/#primaryimage\",\"url\":\"https:\\\/\\\/redamlo.com\\\/wp-content\\\/uploads\\\/2019\\\/11\\\/Entrevista-Mtro.-Yahir-Garcia-Lopez.jpg\",\"contentUrl\":\"https:\\\/\\\/redamlo.com\\\/wp-content\\\/uploads\\\/2019\\\/11\\\/Entrevista-Mtro.-Yahir-Garcia-Lopez.jpg\",\"width\":1032,\"height\":581},{\"@type\":\"BreadcrumbList\",\"@id\":\"https:\\\/\\\/redamlo.com\\\/index.php\\\/2019\\\/11\\\/06\\\/lo-que-incentivamos-con-esta-capacitacion-es-una-ciudadania-activa-participativa-y-representativa-mtro-yahir-garcia-lopez\\\/#breadcrumb\",\"itemListElement\":[{\"@type\":\"ListItem\",\"position\":1,\"name\":\"Inicio\",\"item\":\"https:\\\/\\\/redamlo.com\\\/\"},{\"@type\":\"ListItem\",\"position\":2,\"name\":\"Lo que incentivamos con esta capacitaci\u00f3n es una ciudadan\u00eda activa, participativa y representativa: Mtro. Yahir Garc\u00eda-L\u00f3pez.\"}]},{\"@type\":\"WebSite\",\"@id\":\"https:\\\/\\\/redamlo.com\\\/#website\",\"url\":\"https:\\\/\\\/redamlo.com\\\/\",\"name\":\"NOTICIAS DE LA 4T\",\"description\":\"\",\"publisher\":{\"@id\":\"https:\\\/\\\/redamlo.com\\\/#organization\"},\"potentialAction\":[{\"@type\":\"SearchAction\",\"target\":{\"@type\":\"EntryPoint\",\"urlTemplate\":\"https:\\\/\\\/redamlo.com\\\/?s={search_term_string}\"},\"query-input\":{\"@type\":\"PropertyValueSpecification\",\"valueRequired\":true,\"valueName\":\"search_term_string\"}}],\"inLanguage\":\"es\"},{\"@type\":\"Organization\",\"@id\":\"https:\\\/\\\/redamlo.com\\\/#organization\",\"name\":\"NOTICIAS DE LA 4T\",\"url\":\"https:\\\/\\\/redamlo.com\\\/\",\"logo\":{\"@type\":\"ImageObject\",\"inLanguage\":\"es\",\"@id\":\"https:\\\/\\\/redamlo.com\\\/#\\\/schema\\\/logo\\\/image\\\/\",\"url\":\"https:\\\/\\\/redamlo.com\\\/wp-content\\\/uploads\\\/2024\\\/08\\\/cropped-RED-AMLO-logo-50.png\",\"contentUrl\":\"https:\\\/\\\/redamlo.com\\\/wp-content\\\/uploads\\\/2024\\\/08\\\/cropped-RED-AMLO-logo-50.png\",\"width\":256,\"height\":256,\"caption\":\"NOTICIAS DE LA 4T\"},\"image\":{\"@id\":\"https:\\\/\\\/redamlo.com\\\/#\\\/schema\\\/logo\\\/image\\\/\"}},{\"@type\":\"Person\",\"@id\":\"https:\\\/\\\/redamlo.com\\\/#\\\/schema\\\/person\\\/7223a4375eb8f1a782fcae010a7115cf\",\"name\":\"Blanca\",\"image\":{\"@type\":\"ImageObject\",\"inLanguage\":\"es\",\"@id\":\"https:\\\/\\\/secure.gravatar.com\\\/avatar\\\/3f79bc8336367a4e6093eae8757acaaf61d1124834b905616de7829b0273426d?s=96&d=mm&r=g\",\"url\":\"https:\\\/\\\/secure.gravatar.com\\\/avatar\\\/3f79bc8336367a4e6093eae8757acaaf61d1124834b905616de7829b0273426d?s=96&d=mm&r=g\",\"contentUrl\":\"https:\\\/\\\/secure.gravatar.com\\\/avatar\\\/3f79bc8336367a4e6093eae8757acaaf61d1124834b905616de7829b0273426d?s=96&d=mm&r=g\",\"caption\":\"Blanca\"},\"url\":\"https:\\\/\\\/redamlo.com\\\/index.php\\\/author\\\/blanca\\\/\"}]}<\/script>\n<!-- \/ Yoast SEO plugin. -->","yoast_head_json":{"title":"Lo que incentivamos con esta capacitaci\u00f3n es una ciudadan\u00eda activa, participativa y representativa: Mtro. Yahir Garc\u00eda-L\u00f3pez. - NOTICIAS DE LA 4T","robots":{"index":"noindex","follow":"follow","max-snippet":"max-snippet:-1","max-image-preview":"max-image-preview:large","max-video-preview":"max-video-preview:-1"},"og_locale":"es_MX","og_type":"article","og_title":"Lo que incentivamos con esta capacitaci\u00f3n es una ciudadan\u00eda activa, participativa y representativa: Mtro. Yahir Garc\u00eda-L\u00f3pez. - NOTICIAS DE LA 4T","og_description":"Entrevista Mtro. Yahir Garc\u00eda-L\u00f3pez Por: Zavianny Torres Baltazar Lo que incentivamos con esta capacitaci\u00f3n es...","og_url":"https:\/\/redamlo.com\/index.php\/2019\/11\/06\/lo-que-incentivamos-con-esta-capacitacion-es-una-ciudadania-activa-participativa-y-representativa-mtro-yahir-garcia-lopez\/","og_site_name":"NOTICIAS DE LA 4T","article_published_time":"2019-11-06T17:46:40+00:00","og_image":[{"width":1032,"height":581,"url":"https:\/\/redamlo.com\/wp-content\/uploads\/2019\/11\/Entrevista-Mtro.-Yahir-Garcia-Lopez.jpg","type":"image\/jpeg"}],"author":"Blanca","twitter_card":"summary_large_image","twitter_misc":{"Escrito por":"Blanca","Tiempo de lectura":"8 minutos"},"schema":{"@context":"https:\/\/schema.org","@graph":[{"@type":"Article","@id":"https:\/\/redamlo.com\/index.php\/2019\/11\/06\/lo-que-incentivamos-con-esta-capacitacion-es-una-ciudadania-activa-participativa-y-representativa-mtro-yahir-garcia-lopez\/#article","isPartOf":{"@id":"https:\/\/redamlo.com\/index.php\/2019\/11\/06\/lo-que-incentivamos-con-esta-capacitacion-es-una-ciudadania-activa-participativa-y-representativa-mtro-yahir-garcia-lopez\/"},"author":{"name":"Blanca","@id":"https:\/\/redamlo.com\/#\/schema\/person\/7223a4375eb8f1a782fcae010a7115cf"},"headline":"Lo que incentivamos con esta capacitaci\u00f3n es una ciudadan\u00eda activa, participativa y representativa: Mtro. Yahir Garc\u00eda-L\u00f3pez.","datePublished":"2019-11-06T17:46:40+00:00","mainEntityOfPage":{"@id":"https:\/\/redamlo.com\/index.php\/2019\/11\/06\/lo-que-incentivamos-con-esta-capacitacion-es-una-ciudadania-activa-participativa-y-representativa-mtro-yahir-garcia-lopez\/"},"wordCount":1604,"commentCount":0,"publisher":{"@id":"https:\/\/redamlo.com\/#organization"},"image":{"@id":"https:\/\/redamlo.com\/index.php\/2019\/11\/06\/lo-que-incentivamos-con-esta-capacitacion-es-una-ciudadania-activa-participativa-y-representativa-mtro-yahir-garcia-lopez\/#primaryimage"},"thumbnailUrl":"https:\/\/redamlo.com\/wp-content\/uploads\/2019\/11\/Entrevista-Mtro.-Yahir-Garcia-Lopez.jpg","articleSection":["4T","Estado de M\u00e9xico"],"inLanguage":"es","potentialAction":[{"@type":"CommentAction","name":"Comment","target":["https:\/\/redamlo.com\/index.php\/2019\/11\/06\/lo-que-incentivamos-con-esta-capacitacion-es-una-ciudadania-activa-participativa-y-representativa-mtro-yahir-garcia-lopez\/#respond"]}]},{"@type":"WebPage","@id":"https:\/\/redamlo.com\/index.php\/2019\/11\/06\/lo-que-incentivamos-con-esta-capacitacion-es-una-ciudadania-activa-participativa-y-representativa-mtro-yahir-garcia-lopez\/","url":"https:\/\/redamlo.com\/index.php\/2019\/11\/06\/lo-que-incentivamos-con-esta-capacitacion-es-una-ciudadania-activa-participativa-y-representativa-mtro-yahir-garcia-lopez\/","name":"Lo que incentivamos con esta capacitaci\u00f3n es una ciudadan\u00eda activa, participativa y representativa: Mtro. Yahir Garc\u00eda-L\u00f3pez. - NOTICIAS DE LA 4T","isPartOf":{"@id":"https:\/\/redamlo.com\/#website"},"primaryImageOfPage":{"@id":"https:\/\/redamlo.com\/index.php\/2019\/11\/06\/lo-que-incentivamos-con-esta-capacitacion-es-una-ciudadania-activa-participativa-y-representativa-mtro-yahir-garcia-lopez\/#primaryimage"},"image":{"@id":"https:\/\/redamlo.com\/index.php\/2019\/11\/06\/lo-que-incentivamos-con-esta-capacitacion-es-una-ciudadania-activa-participativa-y-representativa-mtro-yahir-garcia-lopez\/#primaryimage"},"thumbnailUrl":"https:\/\/redamlo.com\/wp-content\/uploads\/2019\/11\/Entrevista-Mtro.-Yahir-Garcia-Lopez.jpg","datePublished":"2019-11-06T17:46:40+00:00","breadcrumb":{"@id":"https:\/\/redamlo.com\/index.php\/2019\/11\/06\/lo-que-incentivamos-con-esta-capacitacion-es-una-ciudadania-activa-participativa-y-representativa-mtro-yahir-garcia-lopez\/#breadcrumb"},"inLanguage":"es","potentialAction":[{"@type":"ReadAction","target":["https:\/\/redamlo.com\/index.php\/2019\/11\/06\/lo-que-incentivamos-con-esta-capacitacion-es-una-ciudadania-activa-participativa-y-representativa-mtro-yahir-garcia-lopez\/"]}]},{"@type":"ImageObject","inLanguage":"es","@id":"https:\/\/redamlo.com\/index.php\/2019\/11\/06\/lo-que-incentivamos-con-esta-capacitacion-es-una-ciudadania-activa-participativa-y-representativa-mtro-yahir-garcia-lopez\/#primaryimage","url":"https:\/\/redamlo.com\/wp-content\/uploads\/2019\/11\/Entrevista-Mtro.-Yahir-Garcia-Lopez.jpg","contentUrl":"https:\/\/redamlo.com\/wp-content\/uploads\/2019\/11\/Entrevista-Mtro.-Yahir-Garcia-Lopez.jpg","width":1032,"height":581},{"@type":"BreadcrumbList","@id":"https:\/\/redamlo.com\/index.php\/2019\/11\/06\/lo-que-incentivamos-con-esta-capacitacion-es-una-ciudadania-activa-participativa-y-representativa-mtro-yahir-garcia-lopez\/#breadcrumb","itemListElement":[{"@type":"ListItem","position":1,"name":"Inicio","item":"https:\/\/redamlo.com\/"},{"@type":"ListItem","position":2,"name":"Lo que incentivamos con esta capacitaci\u00f3n es una ciudadan\u00eda activa, participativa y representativa: Mtro. Yahir Garc\u00eda-L\u00f3pez."}]},{"@type":"WebSite","@id":"https:\/\/redamlo.com\/#website","url":"https:\/\/redamlo.com\/","name":"NOTICIAS DE LA 4T","description":"","publisher":{"@id":"https:\/\/redamlo.com\/#organization"},"potentialAction":[{"@type":"SearchAction","target":{"@type":"EntryPoint","urlTemplate":"https:\/\/redamlo.com\/?s={search_term_string}"},"query-input":{"@type":"PropertyValueSpecification","valueRequired":true,"valueName":"search_term_string"}}],"inLanguage":"es"},{"@type":"Organization","@id":"https:\/\/redamlo.com\/#organization","name":"NOTICIAS DE LA 4T","url":"https:\/\/redamlo.com\/","logo":{"@type":"ImageObject","inLanguage":"es","@id":"https:\/\/redamlo.com\/#\/schema\/logo\/image\/","url":"https:\/\/redamlo.com\/wp-content\/uploads\/2024\/08\/cropped-RED-AMLO-logo-50.png","contentUrl":"https:\/\/redamlo.com\/wp-content\/uploads\/2024\/08\/cropped-RED-AMLO-logo-50.png","width":256,"height":256,"caption":"NOTICIAS DE LA 4T"},"image":{"@id":"https:\/\/redamlo.com\/#\/schema\/logo\/image\/"}},{"@type":"Person","@id":"https:\/\/redamlo.com\/#\/schema\/person\/7223a4375eb8f1a782fcae010a7115cf","name":"Blanca","image":{"@type":"ImageObject","inLanguage":"es","@id":"https:\/\/secure.gravatar.com\/avatar\/3f79bc8336367a4e6093eae8757acaaf61d1124834b905616de7829b0273426d?s=96&d=mm&r=g","url":"https:\/\/secure.gravatar.com\/avatar\/3f79bc8336367a4e6093eae8757acaaf61d1124834b905616de7829b0273426d?s=96&d=mm&r=g","contentUrl":"https:\/\/secure.gravatar.com\/avatar\/3f79bc8336367a4e6093eae8757acaaf61d1124834b905616de7829b0273426d?s=96&d=mm&r=g","caption":"Blanca"},"url":"https:\/\/redamlo.com\/index.php\/author\/blanca\/"}]}},"_links":{"self":[{"href":"https:\/\/redamlo.com\/index.php\/wp-json\/wp\/v2\/posts\/679","targetHints":{"allow":["GET"]}}],"collection":[{"href":"https:\/\/redamlo.com\/index.php\/wp-json\/wp\/v2\/posts"}],"about":[{"href":"https:\/\/redamlo.com\/index.php\/wp-json\/wp\/v2\/types\/post"}],"author":[{"embeddable":true,"href":"https:\/\/redamlo.com\/index.php\/wp-json\/wp\/v2\/users\/2"}],"replies":[{"embeddable":true,"href":"https:\/\/redamlo.com\/index.php\/wp-json\/wp\/v2\/comments?post=679"}],"version-history":[{"count":0,"href":"https:\/\/redamlo.com\/index.php\/wp-json\/wp\/v2\/posts\/679\/revisions"}],"wp:featuredmedia":[{"embeddable":true,"href":"https:\/\/redamlo.com\/index.php\/wp-json\/wp\/v2\/media\/681"}],"wp:attachment":[{"href":"https:\/\/redamlo.com\/index.php\/wp-json\/wp\/v2\/media?parent=679"}],"wp:term":[{"taxonomy":"category","embeddable":true,"href":"https:\/\/redamlo.com\/index.php\/wp-json\/wp\/v2\/categories?post=679"},{"taxonomy":"post_tag","embeddable":true,"href":"https:\/\/redamlo.com\/index.php\/wp-json\/wp\/v2\/tags?post=679"}],"curies":[{"name":"wp","href":"https:\/\/api.w.org\/{rel}","templated":true}]}}