{"id":6786,"date":"2023-05-16T19:37:19","date_gmt":"2023-05-17T01:37:19","guid":{"rendered":"https:\/\/redamlo.com\/?p=6786"},"modified":"2023-05-16T19:37:19","modified_gmt":"2023-05-17T01:37:19","slug":"gobierno-de-mexico-mantiene-dialogo-con-maestros-y-atiende-demandas-asegura-amlo","status":"publish","type":"post","link":"https:\/\/redamlo.com\/index.php\/2023\/05\/16\/gobierno-de-mexico-mantiene-dialogo-con-maestros-y-atiende-demandas-asegura-amlo\/","title":{"rendered":"GOBIERNO DE M\u00c9XICO MANTIENE DI\u00c1LOGO CON MAESTROS Y ATIENDE DEMANDAS, ASEGURA AMLO"},"content":{"rendered":"<p>El presidente Andr\u00e9s Manuel L\u00f3pez Obrador reafirm\u00f3 que el Gobierno de M\u00e9xico ha sido respetuoso con el magisterio, fomenta el di\u00e1logo y atiende las demandas de maestras y maestros.<\/p>\n<blockquote><p>\u201c\u00bfQu\u00e9 hemos hecho nosotros? Darles su lugar, exaltar la importancia que tienen los maestros, ayudarlos para que puedan hacer su trabajo con salarios justos, resolver problemas como el de las pensiones\u201d, subray\u00f3.<\/p><\/blockquote>\n<p>En conferencia de prensa matutina, el mandatario se refiri\u00f3 a maestros que esta ma\u00f1ana se manifestaron afuera de Palacio Nacional.<\/p>\n<p>\u201cEn el caso de los maestros que est\u00e1n protestando, ya se les est\u00e1 atendiendo, lo que est\u00e1n demandando, ya se est\u00e1 cumpliendo. Quieren, por ejemplo, la cancelaci\u00f3n de la reforma educativa, eso ya se hizo, aunque ellos sostienen que no; son visiones distintas\u201d, mencion\u00f3.<\/p>\n<p><iframe loading=\"lazy\" title=\"Gobierno federal atiende demandas del magisterio; di\u00e1logo es permanente. Conferencia presidente AMLO\" width=\"640\" height=\"360\" src=\"https:\/\/www.youtube.com\/embed\/CXNv_e6gxU0?feature=oembed\" frameborder=\"0\" allow=\"accelerometer; autoplay; clipboard-write; encrypted-media; gyroscope; picture-in-picture; web-share\" referrerpolicy=\"strict-origin-when-cross-origin\" allowfullscreen><\/iframe><\/p>\n<p>El mandatario aclar\u00f3 que la educaci\u00f3n ind\u00edgena continuar\u00e1 en la Secretar\u00eda de Educaci\u00f3n P\u00fablica y que no hay maestros presos ni despedidos por protestas derivadas de la reforma educativa, impuesta en el sexenio anterior.<\/p>\n<blockquote><p>\u201cTodos los maestros que se hab\u00edan despedido, se les incorpor\u00f3, se les pagaron sus sueldos que no hab\u00edan recibido, de manera injusta, como represalias por no aceptar la mal llamada reforma educativa y les tenemos mucho respeto a los maestros\u201d, precis\u00f3.<\/p><\/blockquote>\n<p>Ante representantes de medios de comunicaci\u00f3n, el jefe del Ejecutivo destac\u00f3 el aumento salarial del 8.2 por ciento que ayer anunci\u00f3 para maestras y maestros. Esta acci\u00f3n, dijo, es un reconocimiento a su labor y ning\u00fan trabajador de la educaci\u00f3n percibir\u00e1 menos de 16 mil pesos mensuales.<\/p>\n<blockquote><p>\u201cYa decidimos que m\u00ednimo es eso. Claro que quien gana m\u00e1s tendr\u00e1 un aumento, pero nadie va a ganar menos de 16 mil pesos. En general, vamos a hacer los acuerdos con los gobiernos estatales con ese prop\u00f3sito\u201d, asever\u00f3.<\/p><\/blockquote>\n<p>Gracias al trato digno y respetuoso, desde el inicio del Gobierno de la Cuarta Transformaci\u00f3n no hay paros. El presidente reiter\u00f3 que la federaci\u00f3n no reprimir\u00e1 a ning\u00fan manifestante y escuchar\u00e1 sus solicitudes.<\/p>\n","protected":false},"excerpt":{"rendered":"<p>El presidente Andr\u00e9s Manuel L\u00f3pez Obrador reafirm\u00f3 que el Gobierno de M\u00e9xico ha sido respetuoso&#8230;<\/p>\n","protected":false},"author":2,"featured_media":6788,"comment_status":"open","ping_status":"closed","sticky":false,"template":"","format":"standard","meta":{"footnotes":""},"categories":[28,27],"tags":[84,277,279],"class_list":["post-6786","post","type-post","status-publish","format-standard","has-post-thumbnail","hentry","category-educacion","category-presidencia","tag-amlo","tag-maestros","tag-sep"],"yoast_head":"<!-- This site is optimized with the Yoast SEO plugin v27.5 - https:\/\/yoast.com\/product\/yoast-seo-wordpress\/ -->\n<title>GOBIERNO DE M\u00c9XICO MANTIENE DI\u00c1LOGO CON MAESTROS Y ATIENDE DEMANDAS, ASEGURA AMLO - NOTICIAS DE LA 4T<\/title>\n<meta name=\"robots\" content=\"noindex, follow, max-snippet:-1, max-image-preview:large, max-video-preview:-1\" \/>\n<meta property=\"og:locale\" content=\"es_MX\" \/>\n<meta property=\"og:type\" content=\"article\" \/>\n<meta property=\"og:title\" content=\"GOBIERNO DE M\u00c9XICO MANTIENE DI\u00c1LOGO CON MAESTROS Y ATIENDE DEMANDAS, ASEGURA AMLO - NOTICIAS DE LA 4T\" \/>\n<meta property=\"og:description\" content=\"El presidente Andr\u00e9s Manuel L\u00f3pez Obrador reafirm\u00f3 que el Gobierno de M\u00e9xico ha sido respetuoso...\" \/>\n<meta property=\"og:url\" content=\"https:\/\/redamlo.com\/index.php\/2023\/05\/16\/gobierno-de-mexico-mantiene-dialogo-con-maestros-y-atiende-demandas-asegura-amlo\/\" \/>\n<meta property=\"og:site_name\" content=\"NOTICIAS DE LA 4T\" \/>\n<meta property=\"article:published_time\" content=\"2023-05-17T01:37:19+00:00\" \/>\n<meta property=\"og:image\" content=\"https:\/\/redamlo.com\/wp-content\/uploads\/2023\/05\/2023-05-16-Conferencia-de-prensa-matutina-Palacio-Nacional-Foto-08-1.jpg\" \/>\n\t<meta property=\"og:image:width\" content=\"563\" \/>\n\t<meta property=\"og:image:height\" content=\"375\" \/>\n\t<meta property=\"og:image:type\" content=\"image\/jpeg\" \/>\n<meta name=\"author\" content=\"Blanca\" \/>\n<meta name=\"twitter:card\" content=\"summary_large_image\" \/>\n<meta name=\"twitter:label1\" content=\"Escrito por\" \/>\n\t<meta name=\"twitter:data1\" content=\"Blanca\" \/>\n\t<meta name=\"twitter:label2\" content=\"Tiempo de lectura\" \/>\n\t<meta name=\"twitter:data2\" content=\"2 minutos\" \/>\n<script type=\"application\/ld+json\" class=\"yoast-schema-graph\">{\"@context\":\"https:\\\/\\\/schema.org\",\"@graph\":[{\"@type\":\"Article\",\"@id\":\"https:\\\/\\\/redamlo.com\\\/index.php\\\/2023\\\/05\\\/16\\\/gobierno-de-mexico-mantiene-dialogo-con-maestros-y-atiende-demandas-asegura-amlo\\\/#article\",\"isPartOf\":{\"@id\":\"https:\\\/\\\/redamlo.com\\\/index.php\\\/2023\\\/05\\\/16\\\/gobierno-de-mexico-mantiene-dialogo-con-maestros-y-atiende-demandas-asegura-amlo\\\/\"},\"author\":{\"name\":\"Blanca\",\"@id\":\"https:\\\/\\\/redamlo.com\\\/#\\\/schema\\\/person\\\/7223a4375eb8f1a782fcae010a7115cf\"},\"headline\":\"GOBIERNO DE M\u00c9XICO MANTIENE DI\u00c1LOGO CON MAESTROS Y ATIENDE DEMANDAS, ASEGURA AMLO\",\"datePublished\":\"2023-05-17T01:37:19+00:00\",\"mainEntityOfPage\":{\"@id\":\"https:\\\/\\\/redamlo.com\\\/index.php\\\/2023\\\/05\\\/16\\\/gobierno-de-mexico-mantiene-dialogo-con-maestros-y-atiende-demandas-asegura-amlo\\\/\"},\"wordCount\":364,\"commentCount\":0,\"publisher\":{\"@id\":\"https:\\\/\\\/redamlo.com\\\/#organization\"},\"image\":{\"@id\":\"https:\\\/\\\/redamlo.com\\\/index.php\\\/2023\\\/05\\\/16\\\/gobierno-de-mexico-mantiene-dialogo-con-maestros-y-atiende-demandas-asegura-amlo\\\/#primaryimage\"},\"thumbnailUrl\":\"https:\\\/\\\/redamlo.com\\\/wp-content\\\/uploads\\\/2023\\\/05\\\/2023-05-16-Conferencia-de-prensa-matutina-Palacio-Nacional-Foto-08-1.jpg\",\"keywords\":[\"AMLO\",\"maestros\",\"SEP\"],\"articleSection\":[\"Educaci\u00f3n\",\"Presidencia\"],\"inLanguage\":\"es\",\"potentialAction\":[{\"@type\":\"CommentAction\",\"name\":\"Comment\",\"target\":[\"https:\\\/\\\/redamlo.com\\\/index.php\\\/2023\\\/05\\\/16\\\/gobierno-de-mexico-mantiene-dialogo-con-maestros-y-atiende-demandas-asegura-amlo\\\/#respond\"]}]},{\"@type\":\"WebPage\",\"@id\":\"https:\\\/\\\/redamlo.com\\\/index.php\\\/2023\\\/05\\\/16\\\/gobierno-de-mexico-mantiene-dialogo-con-maestros-y-atiende-demandas-asegura-amlo\\\/\",\"url\":\"https:\\\/\\\/redamlo.com\\\/index.php\\\/2023\\\/05\\\/16\\\/gobierno-de-mexico-mantiene-dialogo-con-maestros-y-atiende-demandas-asegura-amlo\\\/\",\"name\":\"GOBIERNO DE M\u00c9XICO MANTIENE DI\u00c1LOGO CON MAESTROS Y ATIENDE DEMANDAS, ASEGURA AMLO - NOTICIAS DE LA 4T\",\"isPartOf\":{\"@id\":\"https:\\\/\\\/redamlo.com\\\/#website\"},\"primaryImageOfPage\":{\"@id\":\"https:\\\/\\\/redamlo.com\\\/index.php\\\/2023\\\/05\\\/16\\\/gobierno-de-mexico-mantiene-dialogo-con-maestros-y-atiende-demandas-asegura-amlo\\\/#primaryimage\"},\"image\":{\"@id\":\"https:\\\/\\\/redamlo.com\\\/index.php\\\/2023\\\/05\\\/16\\\/gobierno-de-mexico-mantiene-dialogo-con-maestros-y-atiende-demandas-asegura-amlo\\\/#primaryimage\"},\"thumbnailUrl\":\"https:\\\/\\\/redamlo.com\\\/wp-content\\\/uploads\\\/2023\\\/05\\\/2023-05-16-Conferencia-de-prensa-matutina-Palacio-Nacional-Foto-08-1.jpg\",\"datePublished\":\"2023-05-17T01:37:19+00:00\",\"breadcrumb\":{\"@id\":\"https:\\\/\\\/redamlo.com\\\/index.php\\\/2023\\\/05\\\/16\\\/gobierno-de-mexico-mantiene-dialogo-con-maestros-y-atiende-demandas-asegura-amlo\\\/#breadcrumb\"},\"inLanguage\":\"es\",\"potentialAction\":[{\"@type\":\"ReadAction\",\"target\":[\"https:\\\/\\\/redamlo.com\\\/index.php\\\/2023\\\/05\\\/16\\\/gobierno-de-mexico-mantiene-dialogo-con-maestros-y-atiende-demandas-asegura-amlo\\\/\"]}]},{\"@type\":\"ImageObject\",\"inLanguage\":\"es\",\"@id\":\"https:\\\/\\\/redamlo.com\\\/index.php\\\/2023\\\/05\\\/16\\\/gobierno-de-mexico-mantiene-dialogo-con-maestros-y-atiende-demandas-asegura-amlo\\\/#primaryimage\",\"url\":\"https:\\\/\\\/redamlo.com\\\/wp-content\\\/uploads\\\/2023\\\/05\\\/2023-05-16-Conferencia-de-prensa-matutina-Palacio-Nacional-Foto-08-1.jpg\",\"contentUrl\":\"https:\\\/\\\/redamlo.com\\\/wp-content\\\/uploads\\\/2023\\\/05\\\/2023-05-16-Conferencia-de-prensa-matutina-Palacio-Nacional-Foto-08-1.jpg\",\"width\":563,\"height\":375},{\"@type\":\"BreadcrumbList\",\"@id\":\"https:\\\/\\\/redamlo.com\\\/index.php\\\/2023\\\/05\\\/16\\\/gobierno-de-mexico-mantiene-dialogo-con-maestros-y-atiende-demandas-asegura-amlo\\\/#breadcrumb\",\"itemListElement\":[{\"@type\":\"ListItem\",\"position\":1,\"name\":\"Inicio\",\"item\":\"https:\\\/\\\/redamlo.com\\\/\"},{\"@type\":\"ListItem\",\"position\":2,\"name\":\"GOBIERNO DE M\u00c9XICO MANTIENE DI\u00c1LOGO CON MAESTROS Y ATIENDE DEMANDAS, ASEGURA AMLO\"}]},{\"@type\":\"WebSite\",\"@id\":\"https:\\\/\\\/redamlo.com\\\/#website\",\"url\":\"https:\\\/\\\/redamlo.com\\\/\",\"name\":\"NOTICIAS DE LA 4T\",\"description\":\"\",\"publisher\":{\"@id\":\"https:\\\/\\\/redamlo.com\\\/#organization\"},\"potentialAction\":[{\"@type\":\"SearchAction\",\"target\":{\"@type\":\"EntryPoint\",\"urlTemplate\":\"https:\\\/\\\/redamlo.com\\\/?s={search_term_string}\"},\"query-input\":{\"@type\":\"PropertyValueSpecification\",\"valueRequired\":true,\"valueName\":\"search_term_string\"}}],\"inLanguage\":\"es\"},{\"@type\":\"Organization\",\"@id\":\"https:\\\/\\\/redamlo.com\\\/#organization\",\"name\":\"NOTICIAS DE LA 4T\",\"url\":\"https:\\\/\\\/redamlo.com\\\/\",\"logo\":{\"@type\":\"ImageObject\",\"inLanguage\":\"es\",\"@id\":\"https:\\\/\\\/redamlo.com\\\/#\\\/schema\\\/logo\\\/image\\\/\",\"url\":\"https:\\\/\\\/redamlo.com\\\/wp-content\\\/uploads\\\/2024\\\/08\\\/cropped-RED-AMLO-logo-50.png\",\"contentUrl\":\"https:\\\/\\\/redamlo.com\\\/wp-content\\\/uploads\\\/2024\\\/08\\\/cropped-RED-AMLO-logo-50.png\",\"width\":256,\"height\":256,\"caption\":\"NOTICIAS DE LA 4T\"},\"image\":{\"@id\":\"https:\\\/\\\/redamlo.com\\\/#\\\/schema\\\/logo\\\/image\\\/\"}},{\"@type\":\"Person\",\"@id\":\"https:\\\/\\\/redamlo.com\\\/#\\\/schema\\\/person\\\/7223a4375eb8f1a782fcae010a7115cf\",\"name\":\"Blanca\",\"image\":{\"@type\":\"ImageObject\",\"inLanguage\":\"es\",\"@id\":\"https:\\\/\\\/secure.gravatar.com\\\/avatar\\\/3f79bc8336367a4e6093eae8757acaaf61d1124834b905616de7829b0273426d?s=96&d=mm&r=g\",\"url\":\"https:\\\/\\\/secure.gravatar.com\\\/avatar\\\/3f79bc8336367a4e6093eae8757acaaf61d1124834b905616de7829b0273426d?s=96&d=mm&r=g\",\"contentUrl\":\"https:\\\/\\\/secure.gravatar.com\\\/avatar\\\/3f79bc8336367a4e6093eae8757acaaf61d1124834b905616de7829b0273426d?s=96&d=mm&r=g\",\"caption\":\"Blanca\"},\"url\":\"https:\\\/\\\/redamlo.com\\\/index.php\\\/author\\\/blanca\\\/\"}]}<\/script>\n<!-- \/ Yoast SEO plugin. -->","yoast_head_json":{"title":"GOBIERNO DE M\u00c9XICO MANTIENE DI\u00c1LOGO CON MAESTROS Y ATIENDE DEMANDAS, ASEGURA AMLO - NOTICIAS DE LA 4T","robots":{"index":"noindex","follow":"follow","max-snippet":"max-snippet:-1","max-image-preview":"max-image-preview:large","max-video-preview":"max-video-preview:-1"},"og_locale":"es_MX","og_type":"article","og_title":"GOBIERNO DE M\u00c9XICO MANTIENE DI\u00c1LOGO CON MAESTROS Y ATIENDE DEMANDAS, ASEGURA AMLO - NOTICIAS DE LA 4T","og_description":"El presidente Andr\u00e9s Manuel L\u00f3pez Obrador reafirm\u00f3 que el Gobierno de M\u00e9xico ha sido respetuoso...","og_url":"https:\/\/redamlo.com\/index.php\/2023\/05\/16\/gobierno-de-mexico-mantiene-dialogo-con-maestros-y-atiende-demandas-asegura-amlo\/","og_site_name":"NOTICIAS DE LA 4T","article_published_time":"2023-05-17T01:37:19+00:00","og_image":[{"width":563,"height":375,"url":"https:\/\/redamlo.com\/wp-content\/uploads\/2023\/05\/2023-05-16-Conferencia-de-prensa-matutina-Palacio-Nacional-Foto-08-1.jpg","type":"image\/jpeg"}],"author":"Blanca","twitter_card":"summary_large_image","twitter_misc":{"Escrito por":"Blanca","Tiempo de lectura":"2 minutos"},"schema":{"@context":"https:\/\/schema.org","@graph":[{"@type":"Article","@id":"https:\/\/redamlo.com\/index.php\/2023\/05\/16\/gobierno-de-mexico-mantiene-dialogo-con-maestros-y-atiende-demandas-asegura-amlo\/#article","isPartOf":{"@id":"https:\/\/redamlo.com\/index.php\/2023\/05\/16\/gobierno-de-mexico-mantiene-dialogo-con-maestros-y-atiende-demandas-asegura-amlo\/"},"author":{"name":"Blanca","@id":"https:\/\/redamlo.com\/#\/schema\/person\/7223a4375eb8f1a782fcae010a7115cf"},"headline":"GOBIERNO DE M\u00c9XICO MANTIENE DI\u00c1LOGO CON MAESTROS Y ATIENDE DEMANDAS, ASEGURA AMLO","datePublished":"2023-05-17T01:37:19+00:00","mainEntityOfPage":{"@id":"https:\/\/redamlo.com\/index.php\/2023\/05\/16\/gobierno-de-mexico-mantiene-dialogo-con-maestros-y-atiende-demandas-asegura-amlo\/"},"wordCount":364,"commentCount":0,"publisher":{"@id":"https:\/\/redamlo.com\/#organization"},"image":{"@id":"https:\/\/redamlo.com\/index.php\/2023\/05\/16\/gobierno-de-mexico-mantiene-dialogo-con-maestros-y-atiende-demandas-asegura-amlo\/#primaryimage"},"thumbnailUrl":"https:\/\/redamlo.com\/wp-content\/uploads\/2023\/05\/2023-05-16-Conferencia-de-prensa-matutina-Palacio-Nacional-Foto-08-1.jpg","keywords":["AMLO","maestros","SEP"],"articleSection":["Educaci\u00f3n","Presidencia"],"inLanguage":"es","potentialAction":[{"@type":"CommentAction","name":"Comment","target":["https:\/\/redamlo.com\/index.php\/2023\/05\/16\/gobierno-de-mexico-mantiene-dialogo-con-maestros-y-atiende-demandas-asegura-amlo\/#respond"]}]},{"@type":"WebPage","@id":"https:\/\/redamlo.com\/index.php\/2023\/05\/16\/gobierno-de-mexico-mantiene-dialogo-con-maestros-y-atiende-demandas-asegura-amlo\/","url":"https:\/\/redamlo.com\/index.php\/2023\/05\/16\/gobierno-de-mexico-mantiene-dialogo-con-maestros-y-atiende-demandas-asegura-amlo\/","name":"GOBIERNO DE M\u00c9XICO MANTIENE DI\u00c1LOGO CON MAESTROS Y ATIENDE DEMANDAS, ASEGURA AMLO - NOTICIAS DE LA 4T","isPartOf":{"@id":"https:\/\/redamlo.com\/#website"},"primaryImageOfPage":{"@id":"https:\/\/redamlo.com\/index.php\/2023\/05\/16\/gobierno-de-mexico-mantiene-dialogo-con-maestros-y-atiende-demandas-asegura-amlo\/#primaryimage"},"image":{"@id":"https:\/\/redamlo.com\/index.php\/2023\/05\/16\/gobierno-de-mexico-mantiene-dialogo-con-maestros-y-atiende-demandas-asegura-amlo\/#primaryimage"},"thumbnailUrl":"https:\/\/redamlo.com\/wp-content\/uploads\/2023\/05\/2023-05-16-Conferencia-de-prensa-matutina-Palacio-Nacional-Foto-08-1.jpg","datePublished":"2023-05-17T01:37:19+00:00","breadcrumb":{"@id":"https:\/\/redamlo.com\/index.php\/2023\/05\/16\/gobierno-de-mexico-mantiene-dialogo-con-maestros-y-atiende-demandas-asegura-amlo\/#breadcrumb"},"inLanguage":"es","potentialAction":[{"@type":"ReadAction","target":["https:\/\/redamlo.com\/index.php\/2023\/05\/16\/gobierno-de-mexico-mantiene-dialogo-con-maestros-y-atiende-demandas-asegura-amlo\/"]}]},{"@type":"ImageObject","inLanguage":"es","@id":"https:\/\/redamlo.com\/index.php\/2023\/05\/16\/gobierno-de-mexico-mantiene-dialogo-con-maestros-y-atiende-demandas-asegura-amlo\/#primaryimage","url":"https:\/\/redamlo.com\/wp-content\/uploads\/2023\/05\/2023-05-16-Conferencia-de-prensa-matutina-Palacio-Nacional-Foto-08-1.jpg","contentUrl":"https:\/\/redamlo.com\/wp-content\/uploads\/2023\/05\/2023-05-16-Conferencia-de-prensa-matutina-Palacio-Nacional-Foto-08-1.jpg","width":563,"height":375},{"@type":"BreadcrumbList","@id":"https:\/\/redamlo.com\/index.php\/2023\/05\/16\/gobierno-de-mexico-mantiene-dialogo-con-maestros-y-atiende-demandas-asegura-amlo\/#breadcrumb","itemListElement":[{"@type":"ListItem","position":1,"name":"Inicio","item":"https:\/\/redamlo.com\/"},{"@type":"ListItem","position":2,"name":"GOBIERNO DE M\u00c9XICO MANTIENE DI\u00c1LOGO CON MAESTROS Y ATIENDE DEMANDAS, ASEGURA AMLO"}]},{"@type":"WebSite","@id":"https:\/\/redamlo.com\/#website","url":"https:\/\/redamlo.com\/","name":"NOTICIAS DE LA 4T","description":"","publisher":{"@id":"https:\/\/redamlo.com\/#organization"},"potentialAction":[{"@type":"SearchAction","target":{"@type":"EntryPoint","urlTemplate":"https:\/\/redamlo.com\/?s={search_term_string}"},"query-input":{"@type":"PropertyValueSpecification","valueRequired":true,"valueName":"search_term_string"}}],"inLanguage":"es"},{"@type":"Organization","@id":"https:\/\/redamlo.com\/#organization","name":"NOTICIAS DE LA 4T","url":"https:\/\/redamlo.com\/","logo":{"@type":"ImageObject","inLanguage":"es","@id":"https:\/\/redamlo.com\/#\/schema\/logo\/image\/","url":"https:\/\/redamlo.com\/wp-content\/uploads\/2024\/08\/cropped-RED-AMLO-logo-50.png","contentUrl":"https:\/\/redamlo.com\/wp-content\/uploads\/2024\/08\/cropped-RED-AMLO-logo-50.png","width":256,"height":256,"caption":"NOTICIAS DE LA 4T"},"image":{"@id":"https:\/\/redamlo.com\/#\/schema\/logo\/image\/"}},{"@type":"Person","@id":"https:\/\/redamlo.com\/#\/schema\/person\/7223a4375eb8f1a782fcae010a7115cf","name":"Blanca","image":{"@type":"ImageObject","inLanguage":"es","@id":"https:\/\/secure.gravatar.com\/avatar\/3f79bc8336367a4e6093eae8757acaaf61d1124834b905616de7829b0273426d?s=96&d=mm&r=g","url":"https:\/\/secure.gravatar.com\/avatar\/3f79bc8336367a4e6093eae8757acaaf61d1124834b905616de7829b0273426d?s=96&d=mm&r=g","contentUrl":"https:\/\/secure.gravatar.com\/avatar\/3f79bc8336367a4e6093eae8757acaaf61d1124834b905616de7829b0273426d?s=96&d=mm&r=g","caption":"Blanca"},"url":"https:\/\/redamlo.com\/index.php\/author\/blanca\/"}]}},"_links":{"self":[{"href":"https:\/\/redamlo.com\/index.php\/wp-json\/wp\/v2\/posts\/6786","targetHints":{"allow":["GET"]}}],"collection":[{"href":"https:\/\/redamlo.com\/index.php\/wp-json\/wp\/v2\/posts"}],"about":[{"href":"https:\/\/redamlo.com\/index.php\/wp-json\/wp\/v2\/types\/post"}],"author":[{"embeddable":true,"href":"https:\/\/redamlo.com\/index.php\/wp-json\/wp\/v2\/users\/2"}],"replies":[{"embeddable":true,"href":"https:\/\/redamlo.com\/index.php\/wp-json\/wp\/v2\/comments?post=6786"}],"version-history":[{"count":0,"href":"https:\/\/redamlo.com\/index.php\/wp-json\/wp\/v2\/posts\/6786\/revisions"}],"wp:featuredmedia":[{"embeddable":true,"href":"https:\/\/redamlo.com\/index.php\/wp-json\/wp\/v2\/media\/6788"}],"wp:attachment":[{"href":"https:\/\/redamlo.com\/index.php\/wp-json\/wp\/v2\/media?parent=6786"}],"wp:term":[{"taxonomy":"category","embeddable":true,"href":"https:\/\/redamlo.com\/index.php\/wp-json\/wp\/v2\/categories?post=6786"},{"taxonomy":"post_tag","embeddable":true,"href":"https:\/\/redamlo.com\/index.php\/wp-json\/wp\/v2\/tags?post=6786"}],"curies":[{"name":"wp","href":"https:\/\/api.w.org\/{rel}","templated":true}]}}