{"id":6781,"date":"2023-04-18T23:22:52","date_gmt":"2023-04-19T05:22:52","guid":{"rendered":"https:\/\/redamlo.com\/?p=6781"},"modified":"2023-04-18T23:22:52","modified_gmt":"2023-04-19T05:22:52","slug":"el-fmdvd-y-pidh-marchan-para-denunciar-y-no-ser-despojados-de-su-patrimonio-y-un-alto-total-a-la-fabricacion-de-falsos-culpables-en-el-estado-de-mexico-y-en-el-pais","status":"publish","type":"post","link":"https:\/\/redamlo.com\/index.php\/2023\/04\/18\/el-fmdvd-y-pidh-marchan-para-denunciar-y-no-ser-despojados-de-su-patrimonio-y-un-alto-total-a-la-fabricacion-de-falsos-culpables-en-el-estado-de-mexico-y-en-el-pais\/","title":{"rendered":"EL FMDVD Y PIDH MARCHAN PARA DENUNCIAR Y NO SER DESPOJADOS DE SU PATRIMONIO Y UN ALTO TOTAL A LA FABRICACIO\u0301N DE FALSOS CULPABLES EN EL ESTADO DE M\u00c9XICO Y EN EL PA\u00cdS"},"content":{"rendered":"<p><strong>El Frente Mexiquense en Defensa para una Vivienda Diga A.C., (FMDVD)<\/strong> es el colectivo en defensa de los derechos humanos quien dio a conocer desde el a\u00f1o 2009 la existencia del <strong>Cartel Inmobiliario del Estado de M\u00e9xico<\/strong>, cuya autor\u00eda intelectual corresponde a los gobernadores: <strong>Arturo Montiel Rojas, Enrique Pe\u00f1a Nieto y Eruviel \u00c1vila Villegas.<\/strong><\/p>\n<p><strong>\u00a0<\/strong><\/p>\n<p>El <strong>C\u00e1rtel Inmobiliario del Estado de M\u00e9xico<\/strong> se constituy\u00f3 con las oligarqu\u00edas de la construcci\u00f3n y financiera, las constructoras de viviendas fueron principalmente: <strong>URBI, GEO, HOMEX, ARA, SADASI, VITE, <\/strong>entre las principales hipotecarias:<strong> PATRIMONIO, HIPOTECARIA BANCOMER, HIPOTECARIA ING, HIPOTECARIA SU CASITA, METROFINANCIERA, CR\u00c9DITO Y CASA<\/strong>.<\/p>\n<p>&nbsp;<\/p>\n<p>El <strong>C\u00e1rtel Inmobiliario del Estado de M\u00e9xico<\/strong> es el responsable del <strong>Mega Fraude Hipotecario e Inmobiliario en M\u00e9xico<\/strong>, que la crisis hipotecaria del a\u00f1o 2008 tuvo como resultado para los M\u00e9xico una afectaci\u00f3n de aproximadamente <strong>$ 1 bill\u00f3n 300 mil millones de pesos.<\/strong><\/p>\n<p>&nbsp;<\/p>\n<p>El quebranto del <strong>C\u00e1rtel Inmobiliario del estado de M\u00e9xico<\/strong>, la dio a conocer el periodista <strong>Richard Marosi<\/strong> de <strong><em>\u201cLos \u00c1ngeles Times\u201d<\/em><\/strong> en su edici\u00f3n del 26<strong> de agosto de 2017<\/strong>, present\u00f3 un reportaje muy importante sobre <strong><em>\u201cla debacle de la vivienda de M\u00e9xico\u201d<\/em><\/strong>, en donde narra en dos planas completas porque el activista <strong>Jos\u00e9 Humbertus P\u00e9rez Espinoza<\/strong> dos fue a prisi\u00f3n<strong> (parte III \u201cEl denunciante\u201d<\/strong>. <a href=\"https:\/\/www.latimes.com\/projects\/la-me-mexico-housing-es\/\">https:\/\/www.latimes.com\/projects\/la-me-mexico-housing-es\/<\/a>)<\/p>\n<p>Al activista del <strong>FMDVD<\/strong> <strong>P\u00e9rez Espinoza<\/strong> le fabricaron falsos delitos, debido a que afectaba los intereses del <strong>Cartel Inmobiliario del Edome\u0301x<\/strong>, donde se han coludido -hasta la actualidad- ministerios pu\u0301blicos, jueces, ministros, magistrados, poli\u0301ticos, abogados \u201cmachucones\u201d. En este tema resalta la participacio\u0301n y complicidad de la actual <strong>Ministra Presidente de la SCJN, Norma Luci\u0301a Pin\u0303a Herna\u0301ndez<\/strong>, quien en juinio de 2019\u00a0 sento\u0301 la jurisprudencia con <strong>registro digital 2020313<\/strong> siendo la autora y ponente. Esta resolucio\u0301n afecta de manera fulminante a las familias ma\u0301s pobres y de clase media\u00a0 de la entidad, al facilitar el despojo de sus viviendas de intere\u0301s social y media residencial.<\/p>\n<p>Estando en la prisi\u00f3n de Chichonautla en el municipio de Ecatepec se constituy\u00f3 dentro del penal el <strong>Colectivo Presunci\u00f3n de Inocencia y Derechos Humanos<\/strong> <strong>(PIDH. A.C.)<\/strong>, en la visista del Papa Francisco en el mes de febrero de 2016 se realiz\u00f3 una huelga de hambre, en donde, se dio a conocer que el activista <strong>P\u00e9rez Espinoza<\/strong> era v\u00edctima de la farbicaci\u00f3n de cuatro delitos, y que miles de internos en los penales del Estado de M\u00e9xico son inocentes por la fabricaci\u00f3n de delitos de alto impacto y los m\u00e1s grave con la complicidad del Poder Judicial de la Federaci\u00f3n<\/p>\n<p>Para el <strong>FMDVD<\/strong> y <strong>PIDH<\/strong> es el deseo que al hacer la denuncia pu\u0301blica, contribuya a informar de manera vera\u0301s a la sociedad en su conjunto, a partir que terminamos siendo vi\u0301ctimas de los grupos conformados al interior de la <strong>SCJN<\/strong> y que existe una guerra a muerte al seno del <strong>Poder Judicial de la Federacio\u0301n<\/strong>, principalmente por el control de los principales <strong>Circuitos Judiciales Federales,<\/strong> <u>que no so\u0301lo es fuente de obtener recursos ili\u0301citos, desviar recursos pu\u0301blicos, si no para utilizarlos, favorecer a los grupos delincuenciales que controlan al <strong>PRI<\/strong> y al <strong>PAN<\/strong>; y a los grupos de Intere\u0301s como el de <strong>Claudio X Gonza\u0301lez.<\/strong> <\/u><\/p>\n<p>En este contexto, retomamos como esta\u0301n integrados los dos principales grupos. <strong>Luis Mari\u0301a Aguilar<\/strong> encabeza a los <strong>Ministros y Ministra: Jorge Mario Pardo Rebolledo, Alberto Pe\u0301rez Dayan, y Javier Laynez Positek,<\/strong> estos cuatro fueron nombrados a propuesta de <strong>Felipe Caldero\u0301n<\/strong> y quien cabildeo para su ratificacio\u0301n en el Senado de la Repu\u0301blica fue el li\u0301der del Grupo Parlamentario del PAN de esa legislatura, el <strong>Senador Roberto Gil Zuarht<\/strong>. <strong>Norma Luci\u0301a Pin\u0303a Herna\u0301ndez<\/strong> fue la propuesta de <strong>Enrique Pen\u0303a Nieto<\/strong> y quien opero\u0301 en su nombramiento con los senadores fue el Consejero Juri\u0301dico de la Presidencia de ese entonces, <strong>Humberto Castillejo Cervantes.<\/strong><\/p>\n<p>El <strong>FMDVD<\/strong> denuncia como los <strong>Jueces de Distrito, Magistrados y Ministros de la SCJN<\/strong> desde la llegada del Ministro <strong>Luis Maria Aguilar Morales<\/strong> sus desiciones y resoluciones fue para beneficiar a las oligarqu\u00edas de las contructoras de vivienda y del capital financiero y junto con una alianza con la hoy <strong>Ministra Presidenta Norma Lucia Pi\u00f1a Hern\u00e1ndez<\/strong> aprobaron la jurisprudencia con <strong>registro digital 2020313<\/strong>, con esta <strong>jurisprudencia<\/strong> en todo el pa\u00eds est\u00e1n desalojando de manera ilicita e ilgeal a miles de familias de sus viviendas e hipotecas.<\/p>\n<p>Para<strong> PIDH <\/strong>el ministro<strong> Luis Mar\u00eda Aguilar<\/strong> <strong>Morales <\/strong>aval\u00f3 al simular y reconocer que el 19 de junio de 2016 entraba en todo el pa\u00eds el Sistema de Justicia del Penal y se dio a conocer en el Diario Oficial de la Federaci\u00f3n el 20 de junio de 2016, el <strong>Acuerdo entre los Poderes de la Uni\u00f3n para la consolidaci\u00f3n del Sistema de Justicia Penal<\/strong> y que fueron firmados por <strong>Luis Mar\u00eda Aguilar Morales por el Poder Judicial de Federaci\u00f3n<\/strong>, <strong>Enrique Pe\u00f1a Nieto por el Poder Ejecutivo,<\/strong> los presidentes de las <strong>Mesas Directivas de la C\u00e1mara Senadores y de Diputados Sen. Roberto Gil Zuarth y Dip. Jes\u00fas Zambrano Grijalba<\/strong>.<\/p>\n<p>Con esta simulaci\u00f3n se legitim\u00f3 la falsa lucha contra la delincuencia, se protegi\u00f3 a <strong>Felipe Calder\u00f3n<\/strong>, <strong>Genaro Garc\u00eda Luna y Eduardo Medina Mora<\/strong>, por el fracaso de <strong>la Reforma Constitucional de Seguridad y Justicia del 18 de junio de 2008, <\/strong>el desvi\u00f3 de los recursos de <strong>FASP<\/strong> por la cantidad de <strong>$151 mil 892 millones 023 mil 725 pesos<\/strong> y que las c\u00e1rceles del pa\u00eds miles de falsos culpables por delitos de alto impacto del fuero federal y com\u00fan estan procesados y sentenciado que son inocentes.<\/p>\n<p>Los amparos de <strong>FMDVD<\/strong> referente al derecho del tanto, la recuperaci\u00f3n administrativa y para ejercitar la acci\u00f3n penal en contra de las oligarqu\u00edas de la constructoras de viviendas y del capital financiero sean llevados a prisi\u00f3n por el delito de peculado, los jueces federales y magistrados tienen que otorgar la protecci\u00f3n de la justicia federal.<\/p>\n<p>Los amparos de <strong>PIDH<\/strong> para la amnist\u00edas de delitos de alto impacto, los amparos directos para otorgar la libertad de los falsos culpables por delitos de alto impacto, de reconocimiento de inocencia, anulaci\u00f3n de sentencia los jueces federales y magistrados tienen que otorgar la protecci\u00f3n de la justicia federal.<\/p>\n<p>En lo relacionado a la eleccio\u0301n a gobernadora al Estado de Me\u0301xico vemos con optimismo que los y las prianistas ya se van. El debate pu\u0301blico ya no es quien ganara\u0301 si la maestra <strong>Delfina Gomez o Alejandra del Mora<\/strong>l, como mexiquenses que a diario caminamos nuestras calles y avenidas, nos damos cuenta que ya hay una ganadora llamada <strong>Delfina Go\u0301mez<\/strong>. El punto en este sentido ya no es si ganara\u0301, el punto es por cuantos puntos porcentuales lo hara\u0301. No lo digo yo, asi\u0301 lo reconocen todas las encuestas, incluyendo la de Reforma.<\/p>\n<p>Por ese lado, sabemos de la sensibilidad y compromiso social de la maestra <strong>Delfina Go\u0301mez<\/strong> y desde esta tribuna manifestamos que le concedemos el beneficio de la duda y confiamos en que sabra\u0301 abrazar esta causa social justa.<\/p>\n<p>De nuestros verdugos no podemos ma\u0301s que sentir pena por su miseria humana, y pueden esta\u0301n seguros de que nunca lograron arrebatarnos nuestros principios y convicciones.<\/p>\n<p>Z\u00f3calo de la Ciudad de M\u00e9xico a martes 18 de marzo de 2023.<\/p>\n","protected":false},"excerpt":{"rendered":"<p>El Frente Mexiquense en Defensa para una Vivienda Diga A.C., (FMDVD) es el colectivo en&#8230;<\/p>\n","protected":false},"author":2,"featured_media":6782,"comment_status":"open","ping_status":"closed","sticky":false,"template":"","format":"standard","meta":{"footnotes":""},"categories":[3,6],"tags":[59,2485],"class_list":["post-6781","post","type-post","status-publish","format-standard","has-post-thumbnail","hentry","category-estado-de-mexico","category-estados","tag-edomex","tag-fmdvd"],"yoast_head":"<!-- This site is optimized with the Yoast SEO plugin v27.5 - https:\/\/yoast.com\/product\/yoast-seo-wordpress\/ -->\n<title>EL FMDVD Y PIDH MARCHAN PARA DENUNCIAR Y NO SER DESPOJADOS DE SU PATRIMONIO Y UN ALTO TOTAL A LA FABRICACIO\u0301N DE FALSOS CULPABLES EN EL ESTADO DE M\u00c9XICO Y EN EL PA\u00cdS - NOTICIAS DE LA 4T<\/title>\n<meta name=\"robots\" content=\"noindex, follow, max-snippet:-1, max-image-preview:large, max-video-preview:-1\" \/>\n<meta property=\"og:locale\" content=\"es_MX\" \/>\n<meta property=\"og:type\" content=\"article\" \/>\n<meta property=\"og:title\" content=\"EL FMDVD Y PIDH MARCHAN PARA DENUNCIAR Y NO SER DESPOJADOS DE SU PATRIMONIO Y UN ALTO TOTAL A LA FABRICACIO\u0301N DE FALSOS CULPABLES EN EL ESTADO DE M\u00c9XICO Y EN EL PA\u00cdS - NOTICIAS DE LA 4T\" \/>\n<meta property=\"og:description\" content=\"El Frente Mexiquense en Defensa para una Vivienda Diga A.C., (FMDVD) es el colectivo en...\" \/>\n<meta property=\"og:url\" content=\"https:\/\/redamlo.com\/index.php\/2023\/04\/18\/el-fmdvd-y-pidh-marchan-para-denunciar-y-no-ser-despojados-de-su-patrimonio-y-un-alto-total-a-la-fabricacion-de-falsos-culpables-en-el-estado-de-mexico-y-en-el-pais\/\" \/>\n<meta property=\"og:site_name\" content=\"NOTICIAS DE LA 4T\" \/>\n<meta property=\"article:published_time\" content=\"2023-04-19T05:22:52+00:00\" \/>\n<meta property=\"og:image\" content=\"https:\/\/redamlo.com\/wp-content\/uploads\/2023\/04\/marcha-edomex-1.jpg\" \/>\n\t<meta property=\"og:image:width\" content=\"1200\" \/>\n\t<meta property=\"og:image:height\" content=\"1600\" \/>\n\t<meta property=\"og:image:type\" content=\"image\/jpeg\" \/>\n<meta name=\"author\" content=\"Blanca\" \/>\n<meta name=\"twitter:card\" content=\"summary_large_image\" \/>\n<meta name=\"twitter:label1\" content=\"Escrito por\" \/>\n\t<meta name=\"twitter:data1\" content=\"Blanca\" \/>\n\t<meta name=\"twitter:label2\" content=\"Tiempo de lectura\" \/>\n\t<meta name=\"twitter:data2\" content=\"6 minutos\" \/>\n<script type=\"application\/ld+json\" class=\"yoast-schema-graph\">{\"@context\":\"https:\\\/\\\/schema.org\",\"@graph\":[{\"@type\":\"Article\",\"@id\":\"https:\\\/\\\/redamlo.com\\\/index.php\\\/2023\\\/04\\\/18\\\/el-fmdvd-y-pidh-marchan-para-denunciar-y-no-ser-despojados-de-su-patrimonio-y-un-alto-total-a-la-fabricacion-de-falsos-culpables-en-el-estado-de-mexico-y-en-el-pais\\\/#article\",\"isPartOf\":{\"@id\":\"https:\\\/\\\/redamlo.com\\\/index.php\\\/2023\\\/04\\\/18\\\/el-fmdvd-y-pidh-marchan-para-denunciar-y-no-ser-despojados-de-su-patrimonio-y-un-alto-total-a-la-fabricacion-de-falsos-culpables-en-el-estado-de-mexico-y-en-el-pais\\\/\"},\"author\":{\"name\":\"Blanca\",\"@id\":\"https:\\\/\\\/redamlo.com\\\/#\\\/schema\\\/person\\\/7223a4375eb8f1a782fcae010a7115cf\"},\"headline\":\"EL FMDVD Y PIDH MARCHAN PARA DENUNCIAR Y NO SER DESPOJADOS DE SU PATRIMONIO Y UN ALTO TOTAL A LA FABRICACIO\u0301N DE FALSOS CULPABLES EN EL ESTADO DE M\u00c9XICO Y EN EL PA\u00cdS\",\"datePublished\":\"2023-04-19T05:22:52+00:00\",\"mainEntityOfPage\":{\"@id\":\"https:\\\/\\\/redamlo.com\\\/index.php\\\/2023\\\/04\\\/18\\\/el-fmdvd-y-pidh-marchan-para-denunciar-y-no-ser-despojados-de-su-patrimonio-y-un-alto-total-a-la-fabricacion-de-falsos-culpables-en-el-estado-de-mexico-y-en-el-pais\\\/\"},\"wordCount\":1297,\"commentCount\":0,\"publisher\":{\"@id\":\"https:\\\/\\\/redamlo.com\\\/#organization\"},\"image\":{\"@id\":\"https:\\\/\\\/redamlo.com\\\/index.php\\\/2023\\\/04\\\/18\\\/el-fmdvd-y-pidh-marchan-para-denunciar-y-no-ser-despojados-de-su-patrimonio-y-un-alto-total-a-la-fabricacion-de-falsos-culpables-en-el-estado-de-mexico-y-en-el-pais\\\/#primaryimage\"},\"thumbnailUrl\":\"https:\\\/\\\/redamlo.com\\\/wp-content\\\/uploads\\\/2023\\\/04\\\/marcha-edomex-1.jpg\",\"keywords\":[\"edomex\",\"FMDVD\"],\"articleSection\":[\"Estado de M\u00e9xico\",\"Estados\"],\"inLanguage\":\"es\",\"potentialAction\":[{\"@type\":\"CommentAction\",\"name\":\"Comment\",\"target\":[\"https:\\\/\\\/redamlo.com\\\/index.php\\\/2023\\\/04\\\/18\\\/el-fmdvd-y-pidh-marchan-para-denunciar-y-no-ser-despojados-de-su-patrimonio-y-un-alto-total-a-la-fabricacion-de-falsos-culpables-en-el-estado-de-mexico-y-en-el-pais\\\/#respond\"]}]},{\"@type\":\"WebPage\",\"@id\":\"https:\\\/\\\/redamlo.com\\\/index.php\\\/2023\\\/04\\\/18\\\/el-fmdvd-y-pidh-marchan-para-denunciar-y-no-ser-despojados-de-su-patrimonio-y-un-alto-total-a-la-fabricacion-de-falsos-culpables-en-el-estado-de-mexico-y-en-el-pais\\\/\",\"url\":\"https:\\\/\\\/redamlo.com\\\/index.php\\\/2023\\\/04\\\/18\\\/el-fmdvd-y-pidh-marchan-para-denunciar-y-no-ser-despojados-de-su-patrimonio-y-un-alto-total-a-la-fabricacion-de-falsos-culpables-en-el-estado-de-mexico-y-en-el-pais\\\/\",\"name\":\"EL FMDVD Y PIDH MARCHAN PARA DENUNCIAR Y NO SER DESPOJADOS DE SU PATRIMONIO Y UN ALTO TOTAL A LA FABRICACIO\u0301N DE FALSOS CULPABLES EN EL ESTADO DE M\u00c9XICO Y EN EL PA\u00cdS - NOTICIAS DE LA 4T\",\"isPartOf\":{\"@id\":\"https:\\\/\\\/redamlo.com\\\/#website\"},\"primaryImageOfPage\":{\"@id\":\"https:\\\/\\\/redamlo.com\\\/index.php\\\/2023\\\/04\\\/18\\\/el-fmdvd-y-pidh-marchan-para-denunciar-y-no-ser-despojados-de-su-patrimonio-y-un-alto-total-a-la-fabricacion-de-falsos-culpables-en-el-estado-de-mexico-y-en-el-pais\\\/#primaryimage\"},\"image\":{\"@id\":\"https:\\\/\\\/redamlo.com\\\/index.php\\\/2023\\\/04\\\/18\\\/el-fmdvd-y-pidh-marchan-para-denunciar-y-no-ser-despojados-de-su-patrimonio-y-un-alto-total-a-la-fabricacion-de-falsos-culpables-en-el-estado-de-mexico-y-en-el-pais\\\/#primaryimage\"},\"thumbnailUrl\":\"https:\\\/\\\/redamlo.com\\\/wp-content\\\/uploads\\\/2023\\\/04\\\/marcha-edomex-1.jpg\",\"datePublished\":\"2023-04-19T05:22:52+00:00\",\"breadcrumb\":{\"@id\":\"https:\\\/\\\/redamlo.com\\\/index.php\\\/2023\\\/04\\\/18\\\/el-fmdvd-y-pidh-marchan-para-denunciar-y-no-ser-despojados-de-su-patrimonio-y-un-alto-total-a-la-fabricacion-de-falsos-culpables-en-el-estado-de-mexico-y-en-el-pais\\\/#breadcrumb\"},\"inLanguage\":\"es\",\"potentialAction\":[{\"@type\":\"ReadAction\",\"target\":[\"https:\\\/\\\/redamlo.com\\\/index.php\\\/2023\\\/04\\\/18\\\/el-fmdvd-y-pidh-marchan-para-denunciar-y-no-ser-despojados-de-su-patrimonio-y-un-alto-total-a-la-fabricacion-de-falsos-culpables-en-el-estado-de-mexico-y-en-el-pais\\\/\"]}]},{\"@type\":\"ImageObject\",\"inLanguage\":\"es\",\"@id\":\"https:\\\/\\\/redamlo.com\\\/index.php\\\/2023\\\/04\\\/18\\\/el-fmdvd-y-pidh-marchan-para-denunciar-y-no-ser-despojados-de-su-patrimonio-y-un-alto-total-a-la-fabricacion-de-falsos-culpables-en-el-estado-de-mexico-y-en-el-pais\\\/#primaryimage\",\"url\":\"https:\\\/\\\/redamlo.com\\\/wp-content\\\/uploads\\\/2023\\\/04\\\/marcha-edomex-1.jpg\",\"contentUrl\":\"https:\\\/\\\/redamlo.com\\\/wp-content\\\/uploads\\\/2023\\\/04\\\/marcha-edomex-1.jpg\",\"width\":1200,\"height\":1600},{\"@type\":\"BreadcrumbList\",\"@id\":\"https:\\\/\\\/redamlo.com\\\/index.php\\\/2023\\\/04\\\/18\\\/el-fmdvd-y-pidh-marchan-para-denunciar-y-no-ser-despojados-de-su-patrimonio-y-un-alto-total-a-la-fabricacion-de-falsos-culpables-en-el-estado-de-mexico-y-en-el-pais\\\/#breadcrumb\",\"itemListElement\":[{\"@type\":\"ListItem\",\"position\":1,\"name\":\"Inicio\",\"item\":\"https:\\\/\\\/redamlo.com\\\/\"},{\"@type\":\"ListItem\",\"position\":2,\"name\":\"EL FMDVD Y PIDH MARCHAN PARA DENUNCIAR Y NO SER DESPOJADOS DE SU PATRIMONIO Y UN ALTO TOTAL A LA FABRICACIO\u0301N DE FALSOS CULPABLES EN EL ESTADO DE M\u00c9XICO Y EN EL PA\u00cdS\"}]},{\"@type\":\"WebSite\",\"@id\":\"https:\\\/\\\/redamlo.com\\\/#website\",\"url\":\"https:\\\/\\\/redamlo.com\\\/\",\"name\":\"NOTICIAS DE LA 4T\",\"description\":\"\",\"publisher\":{\"@id\":\"https:\\\/\\\/redamlo.com\\\/#organization\"},\"potentialAction\":[{\"@type\":\"SearchAction\",\"target\":{\"@type\":\"EntryPoint\",\"urlTemplate\":\"https:\\\/\\\/redamlo.com\\\/?s={search_term_string}\"},\"query-input\":{\"@type\":\"PropertyValueSpecification\",\"valueRequired\":true,\"valueName\":\"search_term_string\"}}],\"inLanguage\":\"es\"},{\"@type\":\"Organization\",\"@id\":\"https:\\\/\\\/redamlo.com\\\/#organization\",\"name\":\"NOTICIAS DE LA 4T\",\"url\":\"https:\\\/\\\/redamlo.com\\\/\",\"logo\":{\"@type\":\"ImageObject\",\"inLanguage\":\"es\",\"@id\":\"https:\\\/\\\/redamlo.com\\\/#\\\/schema\\\/logo\\\/image\\\/\",\"url\":\"https:\\\/\\\/redamlo.com\\\/wp-content\\\/uploads\\\/2024\\\/08\\\/cropped-RED-AMLO-logo-50.png\",\"contentUrl\":\"https:\\\/\\\/redamlo.com\\\/wp-content\\\/uploads\\\/2024\\\/08\\\/cropped-RED-AMLO-logo-50.png\",\"width\":256,\"height\":256,\"caption\":\"NOTICIAS DE LA 4T\"},\"image\":{\"@id\":\"https:\\\/\\\/redamlo.com\\\/#\\\/schema\\\/logo\\\/image\\\/\"}},{\"@type\":\"Person\",\"@id\":\"https:\\\/\\\/redamlo.com\\\/#\\\/schema\\\/person\\\/7223a4375eb8f1a782fcae010a7115cf\",\"name\":\"Blanca\",\"image\":{\"@type\":\"ImageObject\",\"inLanguage\":\"es\",\"@id\":\"https:\\\/\\\/secure.gravatar.com\\\/avatar\\\/3f79bc8336367a4e6093eae8757acaaf61d1124834b905616de7829b0273426d?s=96&d=mm&r=g\",\"url\":\"https:\\\/\\\/secure.gravatar.com\\\/avatar\\\/3f79bc8336367a4e6093eae8757acaaf61d1124834b905616de7829b0273426d?s=96&d=mm&r=g\",\"contentUrl\":\"https:\\\/\\\/secure.gravatar.com\\\/avatar\\\/3f79bc8336367a4e6093eae8757acaaf61d1124834b905616de7829b0273426d?s=96&d=mm&r=g\",\"caption\":\"Blanca\"},\"url\":\"https:\\\/\\\/redamlo.com\\\/index.php\\\/author\\\/blanca\\\/\"}]}<\/script>\n<!-- \/ Yoast SEO plugin. -->","yoast_head_json":{"title":"EL FMDVD Y PIDH MARCHAN PARA DENUNCIAR Y NO SER DESPOJADOS DE SU PATRIMONIO Y UN ALTO TOTAL A LA FABRICACIO\u0301N DE FALSOS CULPABLES EN EL ESTADO DE M\u00c9XICO Y EN EL PA\u00cdS - NOTICIAS DE LA 4T","robots":{"index":"noindex","follow":"follow","max-snippet":"max-snippet:-1","max-image-preview":"max-image-preview:large","max-video-preview":"max-video-preview:-1"},"og_locale":"es_MX","og_type":"article","og_title":"EL FMDVD Y PIDH MARCHAN PARA DENUNCIAR Y NO SER DESPOJADOS DE SU PATRIMONIO Y UN ALTO TOTAL A LA FABRICACIO\u0301N DE FALSOS CULPABLES EN EL ESTADO DE M\u00c9XICO Y EN EL PA\u00cdS - NOTICIAS DE LA 4T","og_description":"El Frente Mexiquense en Defensa para una Vivienda Diga A.C., (FMDVD) es el colectivo en...","og_url":"https:\/\/redamlo.com\/index.php\/2023\/04\/18\/el-fmdvd-y-pidh-marchan-para-denunciar-y-no-ser-despojados-de-su-patrimonio-y-un-alto-total-a-la-fabricacion-de-falsos-culpables-en-el-estado-de-mexico-y-en-el-pais\/","og_site_name":"NOTICIAS DE LA 4T","article_published_time":"2023-04-19T05:22:52+00:00","og_image":[{"width":1200,"height":1600,"url":"https:\/\/redamlo.com\/wp-content\/uploads\/2023\/04\/marcha-edomex-1.jpg","type":"image\/jpeg"}],"author":"Blanca","twitter_card":"summary_large_image","twitter_misc":{"Escrito por":"Blanca","Tiempo de lectura":"6 minutos"},"schema":{"@context":"https:\/\/schema.org","@graph":[{"@type":"Article","@id":"https:\/\/redamlo.com\/index.php\/2023\/04\/18\/el-fmdvd-y-pidh-marchan-para-denunciar-y-no-ser-despojados-de-su-patrimonio-y-un-alto-total-a-la-fabricacion-de-falsos-culpables-en-el-estado-de-mexico-y-en-el-pais\/#article","isPartOf":{"@id":"https:\/\/redamlo.com\/index.php\/2023\/04\/18\/el-fmdvd-y-pidh-marchan-para-denunciar-y-no-ser-despojados-de-su-patrimonio-y-un-alto-total-a-la-fabricacion-de-falsos-culpables-en-el-estado-de-mexico-y-en-el-pais\/"},"author":{"name":"Blanca","@id":"https:\/\/redamlo.com\/#\/schema\/person\/7223a4375eb8f1a782fcae010a7115cf"},"headline":"EL FMDVD Y PIDH MARCHAN PARA DENUNCIAR Y NO SER DESPOJADOS DE SU PATRIMONIO Y UN ALTO TOTAL A LA FABRICACIO\u0301N DE FALSOS CULPABLES EN EL ESTADO DE M\u00c9XICO Y EN EL PA\u00cdS","datePublished":"2023-04-19T05:22:52+00:00","mainEntityOfPage":{"@id":"https:\/\/redamlo.com\/index.php\/2023\/04\/18\/el-fmdvd-y-pidh-marchan-para-denunciar-y-no-ser-despojados-de-su-patrimonio-y-un-alto-total-a-la-fabricacion-de-falsos-culpables-en-el-estado-de-mexico-y-en-el-pais\/"},"wordCount":1297,"commentCount":0,"publisher":{"@id":"https:\/\/redamlo.com\/#organization"},"image":{"@id":"https:\/\/redamlo.com\/index.php\/2023\/04\/18\/el-fmdvd-y-pidh-marchan-para-denunciar-y-no-ser-despojados-de-su-patrimonio-y-un-alto-total-a-la-fabricacion-de-falsos-culpables-en-el-estado-de-mexico-y-en-el-pais\/#primaryimage"},"thumbnailUrl":"https:\/\/redamlo.com\/wp-content\/uploads\/2023\/04\/marcha-edomex-1.jpg","keywords":["edomex","FMDVD"],"articleSection":["Estado de M\u00e9xico","Estados"],"inLanguage":"es","potentialAction":[{"@type":"CommentAction","name":"Comment","target":["https:\/\/redamlo.com\/index.php\/2023\/04\/18\/el-fmdvd-y-pidh-marchan-para-denunciar-y-no-ser-despojados-de-su-patrimonio-y-un-alto-total-a-la-fabricacion-de-falsos-culpables-en-el-estado-de-mexico-y-en-el-pais\/#respond"]}]},{"@type":"WebPage","@id":"https:\/\/redamlo.com\/index.php\/2023\/04\/18\/el-fmdvd-y-pidh-marchan-para-denunciar-y-no-ser-despojados-de-su-patrimonio-y-un-alto-total-a-la-fabricacion-de-falsos-culpables-en-el-estado-de-mexico-y-en-el-pais\/","url":"https:\/\/redamlo.com\/index.php\/2023\/04\/18\/el-fmdvd-y-pidh-marchan-para-denunciar-y-no-ser-despojados-de-su-patrimonio-y-un-alto-total-a-la-fabricacion-de-falsos-culpables-en-el-estado-de-mexico-y-en-el-pais\/","name":"EL FMDVD Y PIDH MARCHAN PARA DENUNCIAR Y NO SER DESPOJADOS DE SU PATRIMONIO Y UN ALTO TOTAL A LA FABRICACIO\u0301N DE FALSOS CULPABLES EN EL ESTADO DE M\u00c9XICO Y EN EL PA\u00cdS - NOTICIAS DE LA 4T","isPartOf":{"@id":"https:\/\/redamlo.com\/#website"},"primaryImageOfPage":{"@id":"https:\/\/redamlo.com\/index.php\/2023\/04\/18\/el-fmdvd-y-pidh-marchan-para-denunciar-y-no-ser-despojados-de-su-patrimonio-y-un-alto-total-a-la-fabricacion-de-falsos-culpables-en-el-estado-de-mexico-y-en-el-pais\/#primaryimage"},"image":{"@id":"https:\/\/redamlo.com\/index.php\/2023\/04\/18\/el-fmdvd-y-pidh-marchan-para-denunciar-y-no-ser-despojados-de-su-patrimonio-y-un-alto-total-a-la-fabricacion-de-falsos-culpables-en-el-estado-de-mexico-y-en-el-pais\/#primaryimage"},"thumbnailUrl":"https:\/\/redamlo.com\/wp-content\/uploads\/2023\/04\/marcha-edomex-1.jpg","datePublished":"2023-04-19T05:22:52+00:00","breadcrumb":{"@id":"https:\/\/redamlo.com\/index.php\/2023\/04\/18\/el-fmdvd-y-pidh-marchan-para-denunciar-y-no-ser-despojados-de-su-patrimonio-y-un-alto-total-a-la-fabricacion-de-falsos-culpables-en-el-estado-de-mexico-y-en-el-pais\/#breadcrumb"},"inLanguage":"es","potentialAction":[{"@type":"ReadAction","target":["https:\/\/redamlo.com\/index.php\/2023\/04\/18\/el-fmdvd-y-pidh-marchan-para-denunciar-y-no-ser-despojados-de-su-patrimonio-y-un-alto-total-a-la-fabricacion-de-falsos-culpables-en-el-estado-de-mexico-y-en-el-pais\/"]}]},{"@type":"ImageObject","inLanguage":"es","@id":"https:\/\/redamlo.com\/index.php\/2023\/04\/18\/el-fmdvd-y-pidh-marchan-para-denunciar-y-no-ser-despojados-de-su-patrimonio-y-un-alto-total-a-la-fabricacion-de-falsos-culpables-en-el-estado-de-mexico-y-en-el-pais\/#primaryimage","url":"https:\/\/redamlo.com\/wp-content\/uploads\/2023\/04\/marcha-edomex-1.jpg","contentUrl":"https:\/\/redamlo.com\/wp-content\/uploads\/2023\/04\/marcha-edomex-1.jpg","width":1200,"height":1600},{"@type":"BreadcrumbList","@id":"https:\/\/redamlo.com\/index.php\/2023\/04\/18\/el-fmdvd-y-pidh-marchan-para-denunciar-y-no-ser-despojados-de-su-patrimonio-y-un-alto-total-a-la-fabricacion-de-falsos-culpables-en-el-estado-de-mexico-y-en-el-pais\/#breadcrumb","itemListElement":[{"@type":"ListItem","position":1,"name":"Inicio","item":"https:\/\/redamlo.com\/"},{"@type":"ListItem","position":2,"name":"EL FMDVD Y PIDH MARCHAN PARA DENUNCIAR Y NO SER DESPOJADOS DE SU PATRIMONIO Y UN ALTO TOTAL A LA FABRICACIO\u0301N DE FALSOS CULPABLES EN EL ESTADO DE M\u00c9XICO Y EN EL PA\u00cdS"}]},{"@type":"WebSite","@id":"https:\/\/redamlo.com\/#website","url":"https:\/\/redamlo.com\/","name":"NOTICIAS DE LA 4T","description":"","publisher":{"@id":"https:\/\/redamlo.com\/#organization"},"potentialAction":[{"@type":"SearchAction","target":{"@type":"EntryPoint","urlTemplate":"https:\/\/redamlo.com\/?s={search_term_string}"},"query-input":{"@type":"PropertyValueSpecification","valueRequired":true,"valueName":"search_term_string"}}],"inLanguage":"es"},{"@type":"Organization","@id":"https:\/\/redamlo.com\/#organization","name":"NOTICIAS DE LA 4T","url":"https:\/\/redamlo.com\/","logo":{"@type":"ImageObject","inLanguage":"es","@id":"https:\/\/redamlo.com\/#\/schema\/logo\/image\/","url":"https:\/\/redamlo.com\/wp-content\/uploads\/2024\/08\/cropped-RED-AMLO-logo-50.png","contentUrl":"https:\/\/redamlo.com\/wp-content\/uploads\/2024\/08\/cropped-RED-AMLO-logo-50.png","width":256,"height":256,"caption":"NOTICIAS DE LA 4T"},"image":{"@id":"https:\/\/redamlo.com\/#\/schema\/logo\/image\/"}},{"@type":"Person","@id":"https:\/\/redamlo.com\/#\/schema\/person\/7223a4375eb8f1a782fcae010a7115cf","name":"Blanca","image":{"@type":"ImageObject","inLanguage":"es","@id":"https:\/\/secure.gravatar.com\/avatar\/3f79bc8336367a4e6093eae8757acaaf61d1124834b905616de7829b0273426d?s=96&d=mm&r=g","url":"https:\/\/secure.gravatar.com\/avatar\/3f79bc8336367a4e6093eae8757acaaf61d1124834b905616de7829b0273426d?s=96&d=mm&r=g","contentUrl":"https:\/\/secure.gravatar.com\/avatar\/3f79bc8336367a4e6093eae8757acaaf61d1124834b905616de7829b0273426d?s=96&d=mm&r=g","caption":"Blanca"},"url":"https:\/\/redamlo.com\/index.php\/author\/blanca\/"}]}},"_links":{"self":[{"href":"https:\/\/redamlo.com\/index.php\/wp-json\/wp\/v2\/posts\/6781","targetHints":{"allow":["GET"]}}],"collection":[{"href":"https:\/\/redamlo.com\/index.php\/wp-json\/wp\/v2\/posts"}],"about":[{"href":"https:\/\/redamlo.com\/index.php\/wp-json\/wp\/v2\/types\/post"}],"author":[{"embeddable":true,"href":"https:\/\/redamlo.com\/index.php\/wp-json\/wp\/v2\/users\/2"}],"replies":[{"embeddable":true,"href":"https:\/\/redamlo.com\/index.php\/wp-json\/wp\/v2\/comments?post=6781"}],"version-history":[{"count":0,"href":"https:\/\/redamlo.com\/index.php\/wp-json\/wp\/v2\/posts\/6781\/revisions"}],"wp:featuredmedia":[{"embeddable":true,"href":"https:\/\/redamlo.com\/index.php\/wp-json\/wp\/v2\/media\/6782"}],"wp:attachment":[{"href":"https:\/\/redamlo.com\/index.php\/wp-json\/wp\/v2\/media?parent=6781"}],"wp:term":[{"taxonomy":"category","embeddable":true,"href":"https:\/\/redamlo.com\/index.php\/wp-json\/wp\/v2\/categories?post=6781"},{"taxonomy":"post_tag","embeddable":true,"href":"https:\/\/redamlo.com\/index.php\/wp-json\/wp\/v2\/tags?post=6781"}],"curies":[{"name":"wp","href":"https:\/\/api.w.org\/{rel}","templated":true}]}}