{"id":6778,"date":"2023-04-18T23:03:58","date_gmt":"2023-04-19T05:03:58","guid":{"rendered":"https:\/\/redamlo.com\/?p=6778"},"modified":"2023-04-18T23:03:58","modified_gmt":"2023-04-19T05:03:58","slug":"informacion-de-las-fuerzas-armadas-se-protegera-por-seguridad-nacional-amlo","status":"publish","type":"post","link":"https:\/\/redamlo.com\/index.php\/2023\/04\/18\/informacion-de-las-fuerzas-armadas-se-protegera-por-seguridad-nacional-amlo\/","title":{"rendered":"INFORMACI\u00d3N DE LAS FUERZAS ARMADAS SE PROTEGER\u00c1 POR SEGURIDAD NACIONAL: AMLO"},"content":{"rendered":"<p>Por seguridad nacional, el Gobierno de M\u00e9xico reservar\u00e1 informaci\u00f3n de las secretar\u00edas de Marina y de la Defensa Nacional, anunci\u00f3 el presidente Andr\u00e9s Manuel L\u00f3pez Obrador.<\/p>\n<blockquote><p>\u201cYa tomamos esa decisi\u00f3n. Vamos a cuidar la informaci\u00f3n porque estamos siendo objeto de espionaje del Pent\u00e1gono y muchos medios de informaci\u00f3n en M\u00e9xico est\u00e1n filtrando informaci\u00f3n que les entrega la DEA\u201d, explic\u00f3 en conferencia de prensa matutina.<\/p><\/blockquote>\n<p>\u201cLo hacemos por seguridad porque estamos sintiendo que est\u00e1n queriendo violar nuestra soberan\u00eda en un plan injerencia ya utilizando como instrumento a la prensa vendida o alquilada del pa\u00eds y a los grupos de intereses creados, al bloque conservador, a los corruptos que quieren regresar por sus fueros para poder seguir robando. No vamos a quedarnos con los brazos cruzados\u201d, remarc\u00f3.<\/p>\n<p><iframe loading=\"lazy\" title=\"Padres y madres pueden ayudar a prevenir adicciones. Conferencia presidente AMLO\" width=\"640\" height=\"360\" src=\"https:\/\/www.youtube.com\/embed\/H6TpOzlaYZc?feature=oembed\" frameborder=\"0\" allow=\"accelerometer; autoplay; clipboard-write; encrypted-media; gyroscope; picture-in-picture; web-share\" referrerpolicy=\"strict-origin-when-cross-origin\" allowfullscreen><\/iframe><\/p>\n<p>El jefe del Ejecutivo cuestion\u00f3 el hackeo de informaci\u00f3n y reprob\u00f3 los intentos de injerencia por parte de agencias de investigaci\u00f3n de Estados Unidos.<\/p>\n<blockquote><p>\u201cTenemos que protegernos porque la DEA est\u00e1 inform\u00e1ndole a Proceso y a otros. (\u2026) Quieren mandar, violar nuestra soberan\u00eda, entonces empiezan a filtrar supuestamente para debilitarnos pol\u00edticamente\u201d, enfatiz\u00f3.<\/p><\/blockquote>\n<p>Puntualiz\u00f3 que la informaci\u00f3n a reservar ser\u00e1 solo la que autoriza la ley por seguridad nacional.<\/p>\n<p>El presidente asegur\u00f3 que la mayor\u00eda del pueblo de M\u00e9xico respalda al Ej\u00e9rcito y la Marina.<\/p>\n<p>Reiter\u00f3 que \u201ctenemos nuestra conciencia tranquila como para decir que no se van a violar derechos humanos ni se va a espiar a nadie, nunca lo hemos hecho\u201d.<\/p>\n","protected":false},"excerpt":{"rendered":"<p>Por seguridad nacional, el Gobierno de M\u00e9xico reservar\u00e1 informaci\u00f3n de las secretar\u00edas de Marina y&#8230;<\/p>\n","protected":false},"author":2,"featured_media":6779,"comment_status":"open","ping_status":"closed","sticky":false,"template":"","format":"standard","meta":{"footnotes":""},"categories":[27,33],"tags":[84,2484,89,1812],"class_list":["post-6778","post","type-post","status-publish","format-standard","has-post-thumbnail","hentry","category-presidencia","category-seguridad","tag-amlo","tag-espionaje-de-estados-unidos","tag-sedena","tag-seguridad-nacional"],"yoast_head":"<!-- This site is optimized with the Yoast SEO plugin v27.5 - https:\/\/yoast.com\/product\/yoast-seo-wordpress\/ -->\n<title>INFORMACI\u00d3N DE LAS FUERZAS ARMADAS SE PROTEGER\u00c1 POR SEGURIDAD NACIONAL: AMLO - NOTICIAS DE LA 4T<\/title>\n<meta name=\"robots\" content=\"noindex, follow, max-snippet:-1, max-image-preview:large, max-video-preview:-1\" \/>\n<meta property=\"og:locale\" content=\"es_MX\" \/>\n<meta property=\"og:type\" content=\"article\" \/>\n<meta property=\"og:title\" content=\"INFORMACI\u00d3N DE LAS FUERZAS ARMADAS SE PROTEGER\u00c1 POR SEGURIDAD NACIONAL: AMLO - NOTICIAS DE LA 4T\" \/>\n<meta property=\"og:description\" content=\"Por seguridad nacional, el Gobierno de M\u00e9xico reservar\u00e1 informaci\u00f3n de las secretar\u00edas de Marina y...\" \/>\n<meta property=\"og:url\" content=\"https:\/\/redamlo.com\/index.php\/2023\/04\/18\/informacion-de-las-fuerzas-armadas-se-protegera-por-seguridad-nacional-amlo\/\" \/>\n<meta property=\"og:site_name\" content=\"NOTICIAS DE LA 4T\" \/>\n<meta property=\"article:published_time\" content=\"2023-04-19T05:03:58+00:00\" \/>\n<meta property=\"og:image\" content=\"https:\/\/redamlo.com\/wp-content\/uploads\/2023\/04\/2023-04-18-Conferencia-de-prensa-matutina-Palacio-Nacional-Foto-07-1.jpg\" \/>\n\t<meta property=\"og:image:width\" content=\"750\" \/>\n\t<meta property=\"og:image:height\" content=\"500\" \/>\n\t<meta property=\"og:image:type\" content=\"image\/jpeg\" \/>\n<meta name=\"author\" content=\"Blanca\" \/>\n<meta name=\"twitter:card\" content=\"summary_large_image\" \/>\n<meta name=\"twitter:label1\" content=\"Escrito por\" \/>\n\t<meta name=\"twitter:data1\" content=\"Blanca\" \/>\n\t<meta name=\"twitter:label2\" content=\"Tiempo de lectura\" \/>\n\t<meta name=\"twitter:data2\" content=\"2 minutos\" \/>\n<script type=\"application\/ld+json\" class=\"yoast-schema-graph\">{\"@context\":\"https:\\\/\\\/schema.org\",\"@graph\":[{\"@type\":\"Article\",\"@id\":\"https:\\\/\\\/redamlo.com\\\/index.php\\\/2023\\\/04\\\/18\\\/informacion-de-las-fuerzas-armadas-se-protegera-por-seguridad-nacional-amlo\\\/#article\",\"isPartOf\":{\"@id\":\"https:\\\/\\\/redamlo.com\\\/index.php\\\/2023\\\/04\\\/18\\\/informacion-de-las-fuerzas-armadas-se-protegera-por-seguridad-nacional-amlo\\\/\"},\"author\":{\"name\":\"Blanca\",\"@id\":\"https:\\\/\\\/redamlo.com\\\/#\\\/schema\\\/person\\\/7223a4375eb8f1a782fcae010a7115cf\"},\"headline\":\"INFORMACI\u00d3N DE LAS FUERZAS ARMADAS SE PROTEGER\u00c1 POR SEGURIDAD NACIONAL: AMLO\",\"datePublished\":\"2023-04-19T05:03:58+00:00\",\"mainEntityOfPage\":{\"@id\":\"https:\\\/\\\/redamlo.com\\\/index.php\\\/2023\\\/04\\\/18\\\/informacion-de-las-fuerzas-armadas-se-protegera-por-seguridad-nacional-amlo\\\/\"},\"wordCount\":280,\"commentCount\":0,\"publisher\":{\"@id\":\"https:\\\/\\\/redamlo.com\\\/#organization\"},\"image\":{\"@id\":\"https:\\\/\\\/redamlo.com\\\/index.php\\\/2023\\\/04\\\/18\\\/informacion-de-las-fuerzas-armadas-se-protegera-por-seguridad-nacional-amlo\\\/#primaryimage\"},\"thumbnailUrl\":\"https:\\\/\\\/redamlo.com\\\/wp-content\\\/uploads\\\/2023\\\/04\\\/2023-04-18-Conferencia-de-prensa-matutina-Palacio-Nacional-Foto-07-1.jpg\",\"keywords\":[\"AMLO\",\"espionaje de Estados Unidos\",\"SEDENA\",\"Seguridad Nacional\"],\"articleSection\":[\"Presidencia\",\"Seguridad\"],\"inLanguage\":\"es\",\"potentialAction\":[{\"@type\":\"CommentAction\",\"name\":\"Comment\",\"target\":[\"https:\\\/\\\/redamlo.com\\\/index.php\\\/2023\\\/04\\\/18\\\/informacion-de-las-fuerzas-armadas-se-protegera-por-seguridad-nacional-amlo\\\/#respond\"]}]},{\"@type\":\"WebPage\",\"@id\":\"https:\\\/\\\/redamlo.com\\\/index.php\\\/2023\\\/04\\\/18\\\/informacion-de-las-fuerzas-armadas-se-protegera-por-seguridad-nacional-amlo\\\/\",\"url\":\"https:\\\/\\\/redamlo.com\\\/index.php\\\/2023\\\/04\\\/18\\\/informacion-de-las-fuerzas-armadas-se-protegera-por-seguridad-nacional-amlo\\\/\",\"name\":\"INFORMACI\u00d3N DE LAS FUERZAS ARMADAS SE PROTEGER\u00c1 POR SEGURIDAD NACIONAL: AMLO - NOTICIAS DE LA 4T\",\"isPartOf\":{\"@id\":\"https:\\\/\\\/redamlo.com\\\/#website\"},\"primaryImageOfPage\":{\"@id\":\"https:\\\/\\\/redamlo.com\\\/index.php\\\/2023\\\/04\\\/18\\\/informacion-de-las-fuerzas-armadas-se-protegera-por-seguridad-nacional-amlo\\\/#primaryimage\"},\"image\":{\"@id\":\"https:\\\/\\\/redamlo.com\\\/index.php\\\/2023\\\/04\\\/18\\\/informacion-de-las-fuerzas-armadas-se-protegera-por-seguridad-nacional-amlo\\\/#primaryimage\"},\"thumbnailUrl\":\"https:\\\/\\\/redamlo.com\\\/wp-content\\\/uploads\\\/2023\\\/04\\\/2023-04-18-Conferencia-de-prensa-matutina-Palacio-Nacional-Foto-07-1.jpg\",\"datePublished\":\"2023-04-19T05:03:58+00:00\",\"breadcrumb\":{\"@id\":\"https:\\\/\\\/redamlo.com\\\/index.php\\\/2023\\\/04\\\/18\\\/informacion-de-las-fuerzas-armadas-se-protegera-por-seguridad-nacional-amlo\\\/#breadcrumb\"},\"inLanguage\":\"es\",\"potentialAction\":[{\"@type\":\"ReadAction\",\"target\":[\"https:\\\/\\\/redamlo.com\\\/index.php\\\/2023\\\/04\\\/18\\\/informacion-de-las-fuerzas-armadas-se-protegera-por-seguridad-nacional-amlo\\\/\"]}]},{\"@type\":\"ImageObject\",\"inLanguage\":\"es\",\"@id\":\"https:\\\/\\\/redamlo.com\\\/index.php\\\/2023\\\/04\\\/18\\\/informacion-de-las-fuerzas-armadas-se-protegera-por-seguridad-nacional-amlo\\\/#primaryimage\",\"url\":\"https:\\\/\\\/redamlo.com\\\/wp-content\\\/uploads\\\/2023\\\/04\\\/2023-04-18-Conferencia-de-prensa-matutina-Palacio-Nacional-Foto-07-1.jpg\",\"contentUrl\":\"https:\\\/\\\/redamlo.com\\\/wp-content\\\/uploads\\\/2023\\\/04\\\/2023-04-18-Conferencia-de-prensa-matutina-Palacio-Nacional-Foto-07-1.jpg\",\"width\":750,\"height\":500},{\"@type\":\"BreadcrumbList\",\"@id\":\"https:\\\/\\\/redamlo.com\\\/index.php\\\/2023\\\/04\\\/18\\\/informacion-de-las-fuerzas-armadas-se-protegera-por-seguridad-nacional-amlo\\\/#breadcrumb\",\"itemListElement\":[{\"@type\":\"ListItem\",\"position\":1,\"name\":\"Inicio\",\"item\":\"https:\\\/\\\/redamlo.com\\\/\"},{\"@type\":\"ListItem\",\"position\":2,\"name\":\"INFORMACI\u00d3N DE LAS FUERZAS ARMADAS SE PROTEGER\u00c1 POR SEGURIDAD NACIONAL: AMLO\"}]},{\"@type\":\"WebSite\",\"@id\":\"https:\\\/\\\/redamlo.com\\\/#website\",\"url\":\"https:\\\/\\\/redamlo.com\\\/\",\"name\":\"NOTICIAS DE LA 4T\",\"description\":\"\",\"publisher\":{\"@id\":\"https:\\\/\\\/redamlo.com\\\/#organization\"},\"potentialAction\":[{\"@type\":\"SearchAction\",\"target\":{\"@type\":\"EntryPoint\",\"urlTemplate\":\"https:\\\/\\\/redamlo.com\\\/?s={search_term_string}\"},\"query-input\":{\"@type\":\"PropertyValueSpecification\",\"valueRequired\":true,\"valueName\":\"search_term_string\"}}],\"inLanguage\":\"es\"},{\"@type\":\"Organization\",\"@id\":\"https:\\\/\\\/redamlo.com\\\/#organization\",\"name\":\"NOTICIAS DE LA 4T\",\"url\":\"https:\\\/\\\/redamlo.com\\\/\",\"logo\":{\"@type\":\"ImageObject\",\"inLanguage\":\"es\",\"@id\":\"https:\\\/\\\/redamlo.com\\\/#\\\/schema\\\/logo\\\/image\\\/\",\"url\":\"https:\\\/\\\/redamlo.com\\\/wp-content\\\/uploads\\\/2024\\\/08\\\/cropped-RED-AMLO-logo-50.png\",\"contentUrl\":\"https:\\\/\\\/redamlo.com\\\/wp-content\\\/uploads\\\/2024\\\/08\\\/cropped-RED-AMLO-logo-50.png\",\"width\":256,\"height\":256,\"caption\":\"NOTICIAS DE LA 4T\"},\"image\":{\"@id\":\"https:\\\/\\\/redamlo.com\\\/#\\\/schema\\\/logo\\\/image\\\/\"}},{\"@type\":\"Person\",\"@id\":\"https:\\\/\\\/redamlo.com\\\/#\\\/schema\\\/person\\\/7223a4375eb8f1a782fcae010a7115cf\",\"name\":\"Blanca\",\"image\":{\"@type\":\"ImageObject\",\"inLanguage\":\"es\",\"@id\":\"https:\\\/\\\/secure.gravatar.com\\\/avatar\\\/3f79bc8336367a4e6093eae8757acaaf61d1124834b905616de7829b0273426d?s=96&d=mm&r=g\",\"url\":\"https:\\\/\\\/secure.gravatar.com\\\/avatar\\\/3f79bc8336367a4e6093eae8757acaaf61d1124834b905616de7829b0273426d?s=96&d=mm&r=g\",\"contentUrl\":\"https:\\\/\\\/secure.gravatar.com\\\/avatar\\\/3f79bc8336367a4e6093eae8757acaaf61d1124834b905616de7829b0273426d?s=96&d=mm&r=g\",\"caption\":\"Blanca\"},\"url\":\"https:\\\/\\\/redamlo.com\\\/index.php\\\/author\\\/blanca\\\/\"}]}<\/script>\n<!-- \/ Yoast SEO plugin. -->","yoast_head_json":{"title":"INFORMACI\u00d3N DE LAS FUERZAS ARMADAS SE PROTEGER\u00c1 POR SEGURIDAD NACIONAL: AMLO - NOTICIAS DE LA 4T","robots":{"index":"noindex","follow":"follow","max-snippet":"max-snippet:-1","max-image-preview":"max-image-preview:large","max-video-preview":"max-video-preview:-1"},"og_locale":"es_MX","og_type":"article","og_title":"INFORMACI\u00d3N DE LAS FUERZAS ARMADAS SE PROTEGER\u00c1 POR SEGURIDAD NACIONAL: AMLO - NOTICIAS DE LA 4T","og_description":"Por seguridad nacional, el Gobierno de M\u00e9xico reservar\u00e1 informaci\u00f3n de las secretar\u00edas de Marina y...","og_url":"https:\/\/redamlo.com\/index.php\/2023\/04\/18\/informacion-de-las-fuerzas-armadas-se-protegera-por-seguridad-nacional-amlo\/","og_site_name":"NOTICIAS DE LA 4T","article_published_time":"2023-04-19T05:03:58+00:00","og_image":[{"width":750,"height":500,"url":"https:\/\/redamlo.com\/wp-content\/uploads\/2023\/04\/2023-04-18-Conferencia-de-prensa-matutina-Palacio-Nacional-Foto-07-1.jpg","type":"image\/jpeg"}],"author":"Blanca","twitter_card":"summary_large_image","twitter_misc":{"Escrito por":"Blanca","Tiempo de lectura":"2 minutos"},"schema":{"@context":"https:\/\/schema.org","@graph":[{"@type":"Article","@id":"https:\/\/redamlo.com\/index.php\/2023\/04\/18\/informacion-de-las-fuerzas-armadas-se-protegera-por-seguridad-nacional-amlo\/#article","isPartOf":{"@id":"https:\/\/redamlo.com\/index.php\/2023\/04\/18\/informacion-de-las-fuerzas-armadas-se-protegera-por-seguridad-nacional-amlo\/"},"author":{"name":"Blanca","@id":"https:\/\/redamlo.com\/#\/schema\/person\/7223a4375eb8f1a782fcae010a7115cf"},"headline":"INFORMACI\u00d3N DE LAS FUERZAS ARMADAS SE PROTEGER\u00c1 POR SEGURIDAD NACIONAL: AMLO","datePublished":"2023-04-19T05:03:58+00:00","mainEntityOfPage":{"@id":"https:\/\/redamlo.com\/index.php\/2023\/04\/18\/informacion-de-las-fuerzas-armadas-se-protegera-por-seguridad-nacional-amlo\/"},"wordCount":280,"commentCount":0,"publisher":{"@id":"https:\/\/redamlo.com\/#organization"},"image":{"@id":"https:\/\/redamlo.com\/index.php\/2023\/04\/18\/informacion-de-las-fuerzas-armadas-se-protegera-por-seguridad-nacional-amlo\/#primaryimage"},"thumbnailUrl":"https:\/\/redamlo.com\/wp-content\/uploads\/2023\/04\/2023-04-18-Conferencia-de-prensa-matutina-Palacio-Nacional-Foto-07-1.jpg","keywords":["AMLO","espionaje de Estados Unidos","SEDENA","Seguridad Nacional"],"articleSection":["Presidencia","Seguridad"],"inLanguage":"es","potentialAction":[{"@type":"CommentAction","name":"Comment","target":["https:\/\/redamlo.com\/index.php\/2023\/04\/18\/informacion-de-las-fuerzas-armadas-se-protegera-por-seguridad-nacional-amlo\/#respond"]}]},{"@type":"WebPage","@id":"https:\/\/redamlo.com\/index.php\/2023\/04\/18\/informacion-de-las-fuerzas-armadas-se-protegera-por-seguridad-nacional-amlo\/","url":"https:\/\/redamlo.com\/index.php\/2023\/04\/18\/informacion-de-las-fuerzas-armadas-se-protegera-por-seguridad-nacional-amlo\/","name":"INFORMACI\u00d3N DE LAS FUERZAS ARMADAS SE PROTEGER\u00c1 POR SEGURIDAD NACIONAL: AMLO - NOTICIAS DE LA 4T","isPartOf":{"@id":"https:\/\/redamlo.com\/#website"},"primaryImageOfPage":{"@id":"https:\/\/redamlo.com\/index.php\/2023\/04\/18\/informacion-de-las-fuerzas-armadas-se-protegera-por-seguridad-nacional-amlo\/#primaryimage"},"image":{"@id":"https:\/\/redamlo.com\/index.php\/2023\/04\/18\/informacion-de-las-fuerzas-armadas-se-protegera-por-seguridad-nacional-amlo\/#primaryimage"},"thumbnailUrl":"https:\/\/redamlo.com\/wp-content\/uploads\/2023\/04\/2023-04-18-Conferencia-de-prensa-matutina-Palacio-Nacional-Foto-07-1.jpg","datePublished":"2023-04-19T05:03:58+00:00","breadcrumb":{"@id":"https:\/\/redamlo.com\/index.php\/2023\/04\/18\/informacion-de-las-fuerzas-armadas-se-protegera-por-seguridad-nacional-amlo\/#breadcrumb"},"inLanguage":"es","potentialAction":[{"@type":"ReadAction","target":["https:\/\/redamlo.com\/index.php\/2023\/04\/18\/informacion-de-las-fuerzas-armadas-se-protegera-por-seguridad-nacional-amlo\/"]}]},{"@type":"ImageObject","inLanguage":"es","@id":"https:\/\/redamlo.com\/index.php\/2023\/04\/18\/informacion-de-las-fuerzas-armadas-se-protegera-por-seguridad-nacional-amlo\/#primaryimage","url":"https:\/\/redamlo.com\/wp-content\/uploads\/2023\/04\/2023-04-18-Conferencia-de-prensa-matutina-Palacio-Nacional-Foto-07-1.jpg","contentUrl":"https:\/\/redamlo.com\/wp-content\/uploads\/2023\/04\/2023-04-18-Conferencia-de-prensa-matutina-Palacio-Nacional-Foto-07-1.jpg","width":750,"height":500},{"@type":"BreadcrumbList","@id":"https:\/\/redamlo.com\/index.php\/2023\/04\/18\/informacion-de-las-fuerzas-armadas-se-protegera-por-seguridad-nacional-amlo\/#breadcrumb","itemListElement":[{"@type":"ListItem","position":1,"name":"Inicio","item":"https:\/\/redamlo.com\/"},{"@type":"ListItem","position":2,"name":"INFORMACI\u00d3N DE LAS FUERZAS ARMADAS SE PROTEGER\u00c1 POR SEGURIDAD NACIONAL: AMLO"}]},{"@type":"WebSite","@id":"https:\/\/redamlo.com\/#website","url":"https:\/\/redamlo.com\/","name":"NOTICIAS DE LA 4T","description":"","publisher":{"@id":"https:\/\/redamlo.com\/#organization"},"potentialAction":[{"@type":"SearchAction","target":{"@type":"EntryPoint","urlTemplate":"https:\/\/redamlo.com\/?s={search_term_string}"},"query-input":{"@type":"PropertyValueSpecification","valueRequired":true,"valueName":"search_term_string"}}],"inLanguage":"es"},{"@type":"Organization","@id":"https:\/\/redamlo.com\/#organization","name":"NOTICIAS DE LA 4T","url":"https:\/\/redamlo.com\/","logo":{"@type":"ImageObject","inLanguage":"es","@id":"https:\/\/redamlo.com\/#\/schema\/logo\/image\/","url":"https:\/\/redamlo.com\/wp-content\/uploads\/2024\/08\/cropped-RED-AMLO-logo-50.png","contentUrl":"https:\/\/redamlo.com\/wp-content\/uploads\/2024\/08\/cropped-RED-AMLO-logo-50.png","width":256,"height":256,"caption":"NOTICIAS DE LA 4T"},"image":{"@id":"https:\/\/redamlo.com\/#\/schema\/logo\/image\/"}},{"@type":"Person","@id":"https:\/\/redamlo.com\/#\/schema\/person\/7223a4375eb8f1a782fcae010a7115cf","name":"Blanca","image":{"@type":"ImageObject","inLanguage":"es","@id":"https:\/\/secure.gravatar.com\/avatar\/3f79bc8336367a4e6093eae8757acaaf61d1124834b905616de7829b0273426d?s=96&d=mm&r=g","url":"https:\/\/secure.gravatar.com\/avatar\/3f79bc8336367a4e6093eae8757acaaf61d1124834b905616de7829b0273426d?s=96&d=mm&r=g","contentUrl":"https:\/\/secure.gravatar.com\/avatar\/3f79bc8336367a4e6093eae8757acaaf61d1124834b905616de7829b0273426d?s=96&d=mm&r=g","caption":"Blanca"},"url":"https:\/\/redamlo.com\/index.php\/author\/blanca\/"}]}},"_links":{"self":[{"href":"https:\/\/redamlo.com\/index.php\/wp-json\/wp\/v2\/posts\/6778","targetHints":{"allow":["GET"]}}],"collection":[{"href":"https:\/\/redamlo.com\/index.php\/wp-json\/wp\/v2\/posts"}],"about":[{"href":"https:\/\/redamlo.com\/index.php\/wp-json\/wp\/v2\/types\/post"}],"author":[{"embeddable":true,"href":"https:\/\/redamlo.com\/index.php\/wp-json\/wp\/v2\/users\/2"}],"replies":[{"embeddable":true,"href":"https:\/\/redamlo.com\/index.php\/wp-json\/wp\/v2\/comments?post=6778"}],"version-history":[{"count":0,"href":"https:\/\/redamlo.com\/index.php\/wp-json\/wp\/v2\/posts\/6778\/revisions"}],"wp:featuredmedia":[{"embeddable":true,"href":"https:\/\/redamlo.com\/index.php\/wp-json\/wp\/v2\/media\/6779"}],"wp:attachment":[{"href":"https:\/\/redamlo.com\/index.php\/wp-json\/wp\/v2\/media?parent=6778"}],"wp:term":[{"taxonomy":"category","embeddable":true,"href":"https:\/\/redamlo.com\/index.php\/wp-json\/wp\/v2\/categories?post=6778"},{"taxonomy":"post_tag","embeddable":true,"href":"https:\/\/redamlo.com\/index.php\/wp-json\/wp\/v2\/tags?post=6778"}],"curies":[{"name":"wp","href":"https:\/\/api.w.org\/{rel}","templated":true}]}}