{"id":6754,"date":"2023-03-19T09:44:17","date_gmt":"2023-03-19T15:44:17","guid":{"rendered":"https:\/\/redamlo.com\/?p=6754"},"modified":"2023-03-19T09:44:17","modified_gmt":"2023-03-19T15:44:17","slug":"amlo-sostiene-reunion-con-legisladores-e-integrantes-del-gobierno-de-estados-unidos","status":"publish","type":"post","link":"https:\/\/redamlo.com\/index.php\/2023\/03\/19\/amlo-sostiene-reunion-con-legisladores-e-integrantes-del-gobierno-de-estados-unidos\/","title":{"rendered":"AMLO SOSTIENE REUNI\u00d3N CON LEGISLADORES E INTEGRANTES DEL GOBIERNO DE ESTADOS UNIDOS"},"content":{"rendered":"<p>El presidente Andr\u00e9s Manuel L\u00f3pez Obrador encabez\u00f3 en Palacio Nacional una reuni\u00f3n bilateral con 12 legisladores y representantes del gobierno de Estados Unidos.<\/p>\n<blockquote class=\"twitter-tweet\" data-width=\"550\" data-dnt=\"true\">\n<p lang=\"es\" dir=\"ltr\">Reuni\u00f3n bilateral con 12 legisladores y representantes del gobierno de EE.UU. Se trataron varios temas con respeto mutuo y en beneficio de nuestros pueblos. <a href=\"https:\/\/t.co\/6bGMsxJ82A\">pic.twitter.com\/6bGMsxJ82A<\/a><\/p>\n<p>&mdash; Andr\u00e9s Manuel (@lopezobrador_) <a href=\"https:\/\/twitter.com\/lopezobrador_\/status\/1637579953159176192?ref_src=twsrc%5Etfw\">March 19, 2023<\/a><\/p><\/blockquote>\n<p><script async src=\"https:\/\/platform.twitter.com\/widgets.js\" charset=\"utf-8\"><\/script><\/p>\n<p>La comitiva estadounidense estuvo integrada por el embajador de Estados Unidos en M\u00e9xico, Kenneth Lee Salazar; las senadoras Shelley Capito y Kyrsten Sinema; los senadores John Cornyn, Chris Coons, Jerry Moran, Mike Lee, Chris Murphy y Peter Welch; las congresistas Veronica Escobar y Mar\u00eda Elvira Salazar; los congresistas Henry Cuellar y Vicente Gonzalez; el consejero de Asuntos Pol\u00edticos de la embajada de Estados Unidos en M\u00e9xico, Charles Sellers y la jefa adjunta de misi\u00f3n de la embajada de Estados Unidos en M\u00e9xico, Stephanie Syptak-Ramnath.<\/p>\n<blockquote><p>\u201cSe trataron varios temas con respeto mutuo y en beneficio de nuestros pueblos\u201d, resalt\u00f3 el jefe del Ejecutivo en sus redes sociales.<\/p><\/blockquote>\n<p>Por parte del Gobierno de M\u00e9xico acompa\u00f1aron al mandatario las secretarias de Seguridad y Protecci\u00f3n Ciudadana, Rosa Icela Rodr\u00edguez Vel\u00e1zquez; de Energ\u00eda, Roc\u00edo Nahle Garc\u00eda; de Econom\u00eda, Raquel Buenrostro S\u00e1nchez; los secretarios de Gobernaci\u00f3n, Ad\u00e1n Augusto L\u00f3pez Hern\u00e1ndez; de Relaciones Exteriores, Marcelo Ebrard Casaubon; de la Defensa Nacional, Luis Cresencio Sandoval Gonz\u00e1lez; de Marina, Jos\u00e9 Rafael Ojeda Dur\u00e1n; el subsecretario de Egresos de la Secretar\u00eda de Hacienda y Cr\u00e9dito P\u00fablico, Juan Pablo de Botton Falc\u00f3n; los directores generales de Petr\u00f3leos Mexicanos, Octavio Romero Oropeza, y de la Comisi\u00f3n Nacional del Agua, Germ\u00e1n Mart\u00ednez Santoyo; el director del Corredor Interoce\u00e1nico del Istmo de Tehuantepec, Raymundo Morales \u00c1ngeles y el jefe de Unidad para Am\u00e9rica del Norte de la Secretar\u00eda de Relaciones Exteriores, Roberto Velasco \u00c1lvarez.<\/p>\n<p>Asistieron el presidente de Constellation Brands en M\u00e9xico, Daniel Baima y el vicepresidente Asuntos P\u00fablicos Constellation Brands M\u00e9xico, Bernardo Mart\u00ednez.<\/p>\n","protected":false},"excerpt":{"rendered":"<p>El presidente Andr\u00e9s Manuel L\u00f3pez Obrador encabez\u00f3 en Palacio Nacional una reuni\u00f3n bilateral con 12&#8230;<\/p>\n","protected":false},"author":2,"featured_media":6755,"comment_status":"open","ping_status":"closed","sticky":false,"template":"","format":"standard","meta":{"footnotes":""},"categories":[27],"tags":[84,2480,2481,579],"class_list":["post-6754","post","type-post","status-publish","format-standard","has-post-thumbnail","hentry","category-presidencia","tag-amlo","tag-latino-america","tag-reunion-legisladores-eu","tag-sembrando-vida"],"yoast_head":"<!-- This site is optimized with the Yoast SEO plugin v27.5 - https:\/\/yoast.com\/product\/yoast-seo-wordpress\/ -->\n<title>AMLO SOSTIENE REUNI\u00d3N CON LEGISLADORES E INTEGRANTES DEL GOBIERNO DE ESTADOS UNIDOS - NOTICIAS DE LA 4T<\/title>\n<meta name=\"robots\" content=\"noindex, follow, max-snippet:-1, max-image-preview:large, max-video-preview:-1\" \/>\n<meta property=\"og:locale\" content=\"es_MX\" \/>\n<meta property=\"og:type\" content=\"article\" \/>\n<meta property=\"og:title\" content=\"AMLO SOSTIENE REUNI\u00d3N CON LEGISLADORES E INTEGRANTES DEL GOBIERNO DE ESTADOS UNIDOS - NOTICIAS DE LA 4T\" \/>\n<meta property=\"og:description\" content=\"El presidente Andr\u00e9s Manuel L\u00f3pez Obrador encabez\u00f3 en Palacio Nacional una reuni\u00f3n bilateral con 12...\" \/>\n<meta property=\"og:url\" content=\"https:\/\/redamlo.com\/index.php\/2023\/03\/19\/amlo-sostiene-reunion-con-legisladores-e-integrantes-del-gobierno-de-estados-unidos\/\" \/>\n<meta property=\"og:site_name\" content=\"NOTICIAS DE LA 4T\" \/>\n<meta property=\"article:published_time\" content=\"2023-03-19T15:44:17+00:00\" \/>\n<meta property=\"og:image\" content=\"https:\/\/redamlo.com\/wp-content\/uploads\/2023\/03\/IMG-20230319-WA0006.jpg\" \/>\n\t<meta property=\"og:image:width\" content=\"1600\" \/>\n\t<meta property=\"og:image:height\" content=\"947\" \/>\n\t<meta property=\"og:image:type\" content=\"image\/jpeg\" \/>\n<meta name=\"author\" content=\"Blanca\" \/>\n<meta name=\"twitter:card\" content=\"summary_large_image\" \/>\n<meta name=\"twitter:label1\" content=\"Escrito por\" \/>\n\t<meta name=\"twitter:data1\" content=\"Blanca\" \/>\n\t<meta name=\"twitter:label2\" content=\"Tiempo de lectura\" \/>\n\t<meta name=\"twitter:data2\" content=\"2 minutos\" \/>\n<script type=\"application\/ld+json\" class=\"yoast-schema-graph\">{\"@context\":\"https:\\\/\\\/schema.org\",\"@graph\":[{\"@type\":\"Article\",\"@id\":\"https:\\\/\\\/redamlo.com\\\/index.php\\\/2023\\\/03\\\/19\\\/amlo-sostiene-reunion-con-legisladores-e-integrantes-del-gobierno-de-estados-unidos\\\/#article\",\"isPartOf\":{\"@id\":\"https:\\\/\\\/redamlo.com\\\/index.php\\\/2023\\\/03\\\/19\\\/amlo-sostiene-reunion-con-legisladores-e-integrantes-del-gobierno-de-estados-unidos\\\/\"},\"author\":{\"name\":\"Blanca\",\"@id\":\"https:\\\/\\\/redamlo.com\\\/#\\\/schema\\\/person\\\/7223a4375eb8f1a782fcae010a7115cf\"},\"headline\":\"AMLO SOSTIENE REUNI\u00d3N CON LEGISLADORES E INTEGRANTES DEL GOBIERNO DE ESTADOS UNIDOS\",\"datePublished\":\"2023-03-19T15:44:17+00:00\",\"mainEntityOfPage\":{\"@id\":\"https:\\\/\\\/redamlo.com\\\/index.php\\\/2023\\\/03\\\/19\\\/amlo-sostiene-reunion-con-legisladores-e-integrantes-del-gobierno-de-estados-unidos\\\/\"},\"wordCount\":364,\"commentCount\":0,\"publisher\":{\"@id\":\"https:\\\/\\\/redamlo.com\\\/#organization\"},\"image\":{\"@id\":\"https:\\\/\\\/redamlo.com\\\/index.php\\\/2023\\\/03\\\/19\\\/amlo-sostiene-reunion-con-legisladores-e-integrantes-del-gobierno-de-estados-unidos\\\/#primaryimage\"},\"thumbnailUrl\":\"https:\\\/\\\/redamlo.com\\\/wp-content\\\/uploads\\\/2023\\\/03\\\/IMG-20230319-WA0006.jpg\",\"keywords\":[\"AMLO\",\"latino america\",\"Reuni\u00f3n legisladores EU\",\"Sembrando Vida\"],\"articleSection\":[\"Presidencia\"],\"inLanguage\":\"es\",\"potentialAction\":[{\"@type\":\"CommentAction\",\"name\":\"Comment\",\"target\":[\"https:\\\/\\\/redamlo.com\\\/index.php\\\/2023\\\/03\\\/19\\\/amlo-sostiene-reunion-con-legisladores-e-integrantes-del-gobierno-de-estados-unidos\\\/#respond\"]}]},{\"@type\":\"WebPage\",\"@id\":\"https:\\\/\\\/redamlo.com\\\/index.php\\\/2023\\\/03\\\/19\\\/amlo-sostiene-reunion-con-legisladores-e-integrantes-del-gobierno-de-estados-unidos\\\/\",\"url\":\"https:\\\/\\\/redamlo.com\\\/index.php\\\/2023\\\/03\\\/19\\\/amlo-sostiene-reunion-con-legisladores-e-integrantes-del-gobierno-de-estados-unidos\\\/\",\"name\":\"AMLO SOSTIENE REUNI\u00d3N CON LEGISLADORES E INTEGRANTES DEL GOBIERNO DE ESTADOS UNIDOS - NOTICIAS DE LA 4T\",\"isPartOf\":{\"@id\":\"https:\\\/\\\/redamlo.com\\\/#website\"},\"primaryImageOfPage\":{\"@id\":\"https:\\\/\\\/redamlo.com\\\/index.php\\\/2023\\\/03\\\/19\\\/amlo-sostiene-reunion-con-legisladores-e-integrantes-del-gobierno-de-estados-unidos\\\/#primaryimage\"},\"image\":{\"@id\":\"https:\\\/\\\/redamlo.com\\\/index.php\\\/2023\\\/03\\\/19\\\/amlo-sostiene-reunion-con-legisladores-e-integrantes-del-gobierno-de-estados-unidos\\\/#primaryimage\"},\"thumbnailUrl\":\"https:\\\/\\\/redamlo.com\\\/wp-content\\\/uploads\\\/2023\\\/03\\\/IMG-20230319-WA0006.jpg\",\"datePublished\":\"2023-03-19T15:44:17+00:00\",\"breadcrumb\":{\"@id\":\"https:\\\/\\\/redamlo.com\\\/index.php\\\/2023\\\/03\\\/19\\\/amlo-sostiene-reunion-con-legisladores-e-integrantes-del-gobierno-de-estados-unidos\\\/#breadcrumb\"},\"inLanguage\":\"es\",\"potentialAction\":[{\"@type\":\"ReadAction\",\"target\":[\"https:\\\/\\\/redamlo.com\\\/index.php\\\/2023\\\/03\\\/19\\\/amlo-sostiene-reunion-con-legisladores-e-integrantes-del-gobierno-de-estados-unidos\\\/\"]}]},{\"@type\":\"ImageObject\",\"inLanguage\":\"es\",\"@id\":\"https:\\\/\\\/redamlo.com\\\/index.php\\\/2023\\\/03\\\/19\\\/amlo-sostiene-reunion-con-legisladores-e-integrantes-del-gobierno-de-estados-unidos\\\/#primaryimage\",\"url\":\"https:\\\/\\\/redamlo.com\\\/wp-content\\\/uploads\\\/2023\\\/03\\\/IMG-20230319-WA0006.jpg\",\"contentUrl\":\"https:\\\/\\\/redamlo.com\\\/wp-content\\\/uploads\\\/2023\\\/03\\\/IMG-20230319-WA0006.jpg\",\"width\":1600,\"height\":947},{\"@type\":\"BreadcrumbList\",\"@id\":\"https:\\\/\\\/redamlo.com\\\/index.php\\\/2023\\\/03\\\/19\\\/amlo-sostiene-reunion-con-legisladores-e-integrantes-del-gobierno-de-estados-unidos\\\/#breadcrumb\",\"itemListElement\":[{\"@type\":\"ListItem\",\"position\":1,\"name\":\"Inicio\",\"item\":\"https:\\\/\\\/redamlo.com\\\/\"},{\"@type\":\"ListItem\",\"position\":2,\"name\":\"AMLO SOSTIENE REUNI\u00d3N CON LEGISLADORES E INTEGRANTES DEL GOBIERNO DE ESTADOS UNIDOS\"}]},{\"@type\":\"WebSite\",\"@id\":\"https:\\\/\\\/redamlo.com\\\/#website\",\"url\":\"https:\\\/\\\/redamlo.com\\\/\",\"name\":\"NOTICIAS DE LA 4T\",\"description\":\"\",\"publisher\":{\"@id\":\"https:\\\/\\\/redamlo.com\\\/#organization\"},\"potentialAction\":[{\"@type\":\"SearchAction\",\"target\":{\"@type\":\"EntryPoint\",\"urlTemplate\":\"https:\\\/\\\/redamlo.com\\\/?s={search_term_string}\"},\"query-input\":{\"@type\":\"PropertyValueSpecification\",\"valueRequired\":true,\"valueName\":\"search_term_string\"}}],\"inLanguage\":\"es\"},{\"@type\":\"Organization\",\"@id\":\"https:\\\/\\\/redamlo.com\\\/#organization\",\"name\":\"NOTICIAS DE LA 4T\",\"url\":\"https:\\\/\\\/redamlo.com\\\/\",\"logo\":{\"@type\":\"ImageObject\",\"inLanguage\":\"es\",\"@id\":\"https:\\\/\\\/redamlo.com\\\/#\\\/schema\\\/logo\\\/image\\\/\",\"url\":\"https:\\\/\\\/redamlo.com\\\/wp-content\\\/uploads\\\/2024\\\/08\\\/cropped-RED-AMLO-logo-50.png\",\"contentUrl\":\"https:\\\/\\\/redamlo.com\\\/wp-content\\\/uploads\\\/2024\\\/08\\\/cropped-RED-AMLO-logo-50.png\",\"width\":256,\"height\":256,\"caption\":\"NOTICIAS DE LA 4T\"},\"image\":{\"@id\":\"https:\\\/\\\/redamlo.com\\\/#\\\/schema\\\/logo\\\/image\\\/\"}},{\"@type\":\"Person\",\"@id\":\"https:\\\/\\\/redamlo.com\\\/#\\\/schema\\\/person\\\/7223a4375eb8f1a782fcae010a7115cf\",\"name\":\"Blanca\",\"image\":{\"@type\":\"ImageObject\",\"inLanguage\":\"es\",\"@id\":\"https:\\\/\\\/secure.gravatar.com\\\/avatar\\\/3f79bc8336367a4e6093eae8757acaaf61d1124834b905616de7829b0273426d?s=96&d=mm&r=g\",\"url\":\"https:\\\/\\\/secure.gravatar.com\\\/avatar\\\/3f79bc8336367a4e6093eae8757acaaf61d1124834b905616de7829b0273426d?s=96&d=mm&r=g\",\"contentUrl\":\"https:\\\/\\\/secure.gravatar.com\\\/avatar\\\/3f79bc8336367a4e6093eae8757acaaf61d1124834b905616de7829b0273426d?s=96&d=mm&r=g\",\"caption\":\"Blanca\"},\"url\":\"https:\\\/\\\/redamlo.com\\\/index.php\\\/author\\\/blanca\\\/\"}]}<\/script>\n<!-- \/ Yoast SEO plugin. -->","yoast_head_json":{"title":"AMLO SOSTIENE REUNI\u00d3N CON LEGISLADORES E INTEGRANTES DEL GOBIERNO DE ESTADOS UNIDOS - NOTICIAS DE LA 4T","robots":{"index":"noindex","follow":"follow","max-snippet":"max-snippet:-1","max-image-preview":"max-image-preview:large","max-video-preview":"max-video-preview:-1"},"og_locale":"es_MX","og_type":"article","og_title":"AMLO SOSTIENE REUNI\u00d3N CON LEGISLADORES E INTEGRANTES DEL GOBIERNO DE ESTADOS UNIDOS - NOTICIAS DE LA 4T","og_description":"El presidente Andr\u00e9s Manuel L\u00f3pez Obrador encabez\u00f3 en Palacio Nacional una reuni\u00f3n bilateral con 12...","og_url":"https:\/\/redamlo.com\/index.php\/2023\/03\/19\/amlo-sostiene-reunion-con-legisladores-e-integrantes-del-gobierno-de-estados-unidos\/","og_site_name":"NOTICIAS DE LA 4T","article_published_time":"2023-03-19T15:44:17+00:00","og_image":[{"width":1600,"height":947,"url":"https:\/\/redamlo.com\/wp-content\/uploads\/2023\/03\/IMG-20230319-WA0006.jpg","type":"image\/jpeg"}],"author":"Blanca","twitter_card":"summary_large_image","twitter_misc":{"Escrito por":"Blanca","Tiempo de lectura":"2 minutos"},"schema":{"@context":"https:\/\/schema.org","@graph":[{"@type":"Article","@id":"https:\/\/redamlo.com\/index.php\/2023\/03\/19\/amlo-sostiene-reunion-con-legisladores-e-integrantes-del-gobierno-de-estados-unidos\/#article","isPartOf":{"@id":"https:\/\/redamlo.com\/index.php\/2023\/03\/19\/amlo-sostiene-reunion-con-legisladores-e-integrantes-del-gobierno-de-estados-unidos\/"},"author":{"name":"Blanca","@id":"https:\/\/redamlo.com\/#\/schema\/person\/7223a4375eb8f1a782fcae010a7115cf"},"headline":"AMLO SOSTIENE REUNI\u00d3N CON LEGISLADORES E INTEGRANTES DEL GOBIERNO DE ESTADOS UNIDOS","datePublished":"2023-03-19T15:44:17+00:00","mainEntityOfPage":{"@id":"https:\/\/redamlo.com\/index.php\/2023\/03\/19\/amlo-sostiene-reunion-con-legisladores-e-integrantes-del-gobierno-de-estados-unidos\/"},"wordCount":364,"commentCount":0,"publisher":{"@id":"https:\/\/redamlo.com\/#organization"},"image":{"@id":"https:\/\/redamlo.com\/index.php\/2023\/03\/19\/amlo-sostiene-reunion-con-legisladores-e-integrantes-del-gobierno-de-estados-unidos\/#primaryimage"},"thumbnailUrl":"https:\/\/redamlo.com\/wp-content\/uploads\/2023\/03\/IMG-20230319-WA0006.jpg","keywords":["AMLO","latino america","Reuni\u00f3n legisladores EU","Sembrando Vida"],"articleSection":["Presidencia"],"inLanguage":"es","potentialAction":[{"@type":"CommentAction","name":"Comment","target":["https:\/\/redamlo.com\/index.php\/2023\/03\/19\/amlo-sostiene-reunion-con-legisladores-e-integrantes-del-gobierno-de-estados-unidos\/#respond"]}]},{"@type":"WebPage","@id":"https:\/\/redamlo.com\/index.php\/2023\/03\/19\/amlo-sostiene-reunion-con-legisladores-e-integrantes-del-gobierno-de-estados-unidos\/","url":"https:\/\/redamlo.com\/index.php\/2023\/03\/19\/amlo-sostiene-reunion-con-legisladores-e-integrantes-del-gobierno-de-estados-unidos\/","name":"AMLO SOSTIENE REUNI\u00d3N CON LEGISLADORES E INTEGRANTES DEL GOBIERNO DE ESTADOS UNIDOS - NOTICIAS DE LA 4T","isPartOf":{"@id":"https:\/\/redamlo.com\/#website"},"primaryImageOfPage":{"@id":"https:\/\/redamlo.com\/index.php\/2023\/03\/19\/amlo-sostiene-reunion-con-legisladores-e-integrantes-del-gobierno-de-estados-unidos\/#primaryimage"},"image":{"@id":"https:\/\/redamlo.com\/index.php\/2023\/03\/19\/amlo-sostiene-reunion-con-legisladores-e-integrantes-del-gobierno-de-estados-unidos\/#primaryimage"},"thumbnailUrl":"https:\/\/redamlo.com\/wp-content\/uploads\/2023\/03\/IMG-20230319-WA0006.jpg","datePublished":"2023-03-19T15:44:17+00:00","breadcrumb":{"@id":"https:\/\/redamlo.com\/index.php\/2023\/03\/19\/amlo-sostiene-reunion-con-legisladores-e-integrantes-del-gobierno-de-estados-unidos\/#breadcrumb"},"inLanguage":"es","potentialAction":[{"@type":"ReadAction","target":["https:\/\/redamlo.com\/index.php\/2023\/03\/19\/amlo-sostiene-reunion-con-legisladores-e-integrantes-del-gobierno-de-estados-unidos\/"]}]},{"@type":"ImageObject","inLanguage":"es","@id":"https:\/\/redamlo.com\/index.php\/2023\/03\/19\/amlo-sostiene-reunion-con-legisladores-e-integrantes-del-gobierno-de-estados-unidos\/#primaryimage","url":"https:\/\/redamlo.com\/wp-content\/uploads\/2023\/03\/IMG-20230319-WA0006.jpg","contentUrl":"https:\/\/redamlo.com\/wp-content\/uploads\/2023\/03\/IMG-20230319-WA0006.jpg","width":1600,"height":947},{"@type":"BreadcrumbList","@id":"https:\/\/redamlo.com\/index.php\/2023\/03\/19\/amlo-sostiene-reunion-con-legisladores-e-integrantes-del-gobierno-de-estados-unidos\/#breadcrumb","itemListElement":[{"@type":"ListItem","position":1,"name":"Inicio","item":"https:\/\/redamlo.com\/"},{"@type":"ListItem","position":2,"name":"AMLO SOSTIENE REUNI\u00d3N CON LEGISLADORES E INTEGRANTES DEL GOBIERNO DE ESTADOS UNIDOS"}]},{"@type":"WebSite","@id":"https:\/\/redamlo.com\/#website","url":"https:\/\/redamlo.com\/","name":"NOTICIAS DE LA 4T","description":"","publisher":{"@id":"https:\/\/redamlo.com\/#organization"},"potentialAction":[{"@type":"SearchAction","target":{"@type":"EntryPoint","urlTemplate":"https:\/\/redamlo.com\/?s={search_term_string}"},"query-input":{"@type":"PropertyValueSpecification","valueRequired":true,"valueName":"search_term_string"}}],"inLanguage":"es"},{"@type":"Organization","@id":"https:\/\/redamlo.com\/#organization","name":"NOTICIAS DE LA 4T","url":"https:\/\/redamlo.com\/","logo":{"@type":"ImageObject","inLanguage":"es","@id":"https:\/\/redamlo.com\/#\/schema\/logo\/image\/","url":"https:\/\/redamlo.com\/wp-content\/uploads\/2024\/08\/cropped-RED-AMLO-logo-50.png","contentUrl":"https:\/\/redamlo.com\/wp-content\/uploads\/2024\/08\/cropped-RED-AMLO-logo-50.png","width":256,"height":256,"caption":"NOTICIAS DE LA 4T"},"image":{"@id":"https:\/\/redamlo.com\/#\/schema\/logo\/image\/"}},{"@type":"Person","@id":"https:\/\/redamlo.com\/#\/schema\/person\/7223a4375eb8f1a782fcae010a7115cf","name":"Blanca","image":{"@type":"ImageObject","inLanguage":"es","@id":"https:\/\/secure.gravatar.com\/avatar\/3f79bc8336367a4e6093eae8757acaaf61d1124834b905616de7829b0273426d?s=96&d=mm&r=g","url":"https:\/\/secure.gravatar.com\/avatar\/3f79bc8336367a4e6093eae8757acaaf61d1124834b905616de7829b0273426d?s=96&d=mm&r=g","contentUrl":"https:\/\/secure.gravatar.com\/avatar\/3f79bc8336367a4e6093eae8757acaaf61d1124834b905616de7829b0273426d?s=96&d=mm&r=g","caption":"Blanca"},"url":"https:\/\/redamlo.com\/index.php\/author\/blanca\/"}]}},"_links":{"self":[{"href":"https:\/\/redamlo.com\/index.php\/wp-json\/wp\/v2\/posts\/6754","targetHints":{"allow":["GET"]}}],"collection":[{"href":"https:\/\/redamlo.com\/index.php\/wp-json\/wp\/v2\/posts"}],"about":[{"href":"https:\/\/redamlo.com\/index.php\/wp-json\/wp\/v2\/types\/post"}],"author":[{"embeddable":true,"href":"https:\/\/redamlo.com\/index.php\/wp-json\/wp\/v2\/users\/2"}],"replies":[{"embeddable":true,"href":"https:\/\/redamlo.com\/index.php\/wp-json\/wp\/v2\/comments?post=6754"}],"version-history":[{"count":0,"href":"https:\/\/redamlo.com\/index.php\/wp-json\/wp\/v2\/posts\/6754\/revisions"}],"wp:featuredmedia":[{"embeddable":true,"href":"https:\/\/redamlo.com\/index.php\/wp-json\/wp\/v2\/media\/6755"}],"wp:attachment":[{"href":"https:\/\/redamlo.com\/index.php\/wp-json\/wp\/v2\/media?parent=6754"}],"wp:term":[{"taxonomy":"category","embeddable":true,"href":"https:\/\/redamlo.com\/index.php\/wp-json\/wp\/v2\/categories?post=6754"},{"taxonomy":"post_tag","embeddable":true,"href":"https:\/\/redamlo.com\/index.php\/wp-json\/wp\/v2\/tags?post=6754"}],"curies":[{"name":"wp","href":"https:\/\/api.w.org\/{rel}","templated":true}]}}