{"id":6751,"date":"2023-03-17T21:04:29","date_gmt":"2023-03-18T03:04:29","guid":{"rendered":"https:\/\/redamlo.com\/?p=6751"},"modified":"2023-03-17T21:04:29","modified_gmt":"2023-03-18T03:04:29","slug":"todos-con-amlo-al-zocalo-este-18-de-marzo-festejaran-soberania-energetica","status":"publish","type":"post","link":"https:\/\/redamlo.com\/index.php\/2023\/03\/17\/todos-con-amlo-al-zocalo-este-18-de-marzo-festejaran-soberania-energetica\/","title":{"rendered":"Todos con AMLO al Z\u00f3calo este 18 de marzo: festejaran soberan\u00eda energ\u00e9tica"},"content":{"rendered":"<p>Este s\u00e1bado se espera la participaci\u00f3n de 250 mil afiliados a Morena en la Ciudad de M\u00e9xico que acompa\u00f1ar\u00e1n al presidente de la Rep\u00fablica Andr\u00e9s Manuel L\u00f3pez Obrador en el festejo nacional por la soberan\u00eda energ\u00e9tica, que se llevar\u00e1 acabo en el Z\u00f3calo capitalino durante la celebraci\u00f3n del 85 aniversario de la Expropiaci\u00f3n Petrolera.<\/p>\n<p>En el marco del\u00a0<b>85 Aniversario de la Expropiaci\u00f3n Petrolera<\/b>\u00a0que se conmemora este\u00a0<b>18 de marzo<\/b>, el presidente de M\u00e9xico,\u00a0<b>Andr\u00e9s Manuel L\u00f3pez Obrador (<\/b><span class=\"Enhancement\"><span class=\"Enhancement-item\">\u00a0AMLO\u00a0<\/span><\/span><b>)<\/b>\u00a0llevar\u00e1 a cabo un evento en el\u00a0<b>Z\u00f3calo<\/b>\u00a0de la\u00a0<b>Ciudad de M\u00e9xico (CDMX)<\/b>, por ello te anticipamos que este\u00a0<b>s\u00e1bado<\/b>\u00a0habr\u00e1\u00a0<b>cierres viales<\/b>\u00a0para que lo tomes en cuenta.<\/p>\n<p>&nbsp;<\/p>\n<p>En este contexto, la\u00a0<b>Secretar\u00eda de Seguridad Ciudadana (SSC)<\/b>\u00a0implementar\u00e1 un dispositivo en varias calles de las inmediaciones del\u00a0<b>Centro Hist\u00f3rico<\/b>, en la alcald\u00eda\u00a0<b>Cuauht\u00e9moc<\/b>, a fin de agilizar y beneficiar la\u00a0<b>movilidad<\/b>\u00a0tanto de los peatones como conductores.<\/p>\n<p>El presidente del Movimiento de Regeneraci\u00f3n Nacional Sebasti\u00e1n Ram\u00edrez Mendoza convoc\u00f3 a los militantes y simpatizantes de la Cuarta Transformaci\u00f3n a acudir ma\u00f1ana 18 de marzo, a la concentraci\u00f3n programada a las 17:00 horas.<\/p>\n<p>\u201cVa a haber cientos de miles de personas en el Z\u00f3calo para acompa\u00f1ar al presidente L\u00f3pez Obrador, para festejar el 85 Aniversario de la Expropiaci\u00f3n Petrolera, en esta afirmaci\u00f3n de soberan\u00eda; el pueblo va a colmar la Plaza de la Constituci\u00f3n y estamos nosotros invitando a los militantes y simpatizantes de la ciudad. \u00a1Decirles que nos vemos en el Z\u00f3calo!\u201d, expreso el dirigente.<\/p>\n<p>Agreg\u00f3 que son miles de morenistas que est\u00e1n organizados en un comit\u00e9 por secci\u00f3n y llegar\u00e1n a trav\u00e9s de distintos medios &#8220;en Metro, en autob\u00fas, en su coche, caminando, etc\u00e9tera. Los compa\u00f1eros que viven en las alcald\u00edas m\u00e1s distantes se van a organizar para venirse juntos&#8221;.<\/p>\n<p>&nbsp;<\/p>\n","protected":false},"excerpt":{"rendered":"<p>Este s\u00e1bado se espera la participaci\u00f3n de 250 mil afiliados a Morena en la Ciudad&#8230;<\/p>\n","protected":false},"author":2,"featured_media":6752,"comment_status":"open","ping_status":"closed","sticky":false,"template":"","format":"standard","meta":{"footnotes":""},"categories":[17],"tags":[84,2479,1292],"class_list":["post-6751","post","type-post","status-publish","format-standard","has-post-thumbnail","hentry","category-cdmx","tag-amlo","tag-expropiacion-petrolera","tag-zocalo"],"yoast_head":"<!-- This site is optimized with the Yoast SEO plugin v27.5 - https:\/\/yoast.com\/product\/yoast-seo-wordpress\/ -->\n<title>Todos con AMLO al Z\u00f3calo este 18 de marzo: festejaran soberan\u00eda energ\u00e9tica - NOTICIAS DE LA 4T<\/title>\n<meta name=\"robots\" content=\"noindex, follow, max-snippet:-1, max-image-preview:large, max-video-preview:-1\" \/>\n<meta property=\"og:locale\" content=\"es_MX\" \/>\n<meta property=\"og:type\" content=\"article\" \/>\n<meta property=\"og:title\" content=\"Todos con AMLO al Z\u00f3calo este 18 de marzo: festejaran soberan\u00eda energ\u00e9tica - NOTICIAS DE LA 4T\" \/>\n<meta property=\"og:description\" content=\"Este s\u00e1bado se espera la participaci\u00f3n de 250 mil afiliados a Morena en la Ciudad...\" \/>\n<meta property=\"og:url\" content=\"https:\/\/redamlo.com\/index.php\/2023\/03\/17\/todos-con-amlo-al-zocalo-este-18-de-marzo-festejaran-soberania-energetica\/\" \/>\n<meta property=\"og:site_name\" content=\"NOTICIAS DE LA 4T\" \/>\n<meta property=\"article:published_time\" content=\"2023-03-18T03:04:29+00:00\" \/>\n<meta property=\"og:image\" content=\"https:\/\/redamlo.com\/wp-content\/uploads\/2023\/03\/amlo-zocalo.png\" \/>\n\t<meta property=\"og:image:width\" content=\"900\" \/>\n\t<meta property=\"og:image:height\" content=\"506\" \/>\n\t<meta property=\"og:image:type\" content=\"image\/png\" \/>\n<meta name=\"author\" content=\"Blanca\" \/>\n<meta name=\"twitter:card\" content=\"summary_large_image\" \/>\n<meta name=\"twitter:label1\" content=\"Escrito por\" \/>\n\t<meta name=\"twitter:data1\" content=\"Blanca\" \/>\n\t<meta name=\"twitter:label2\" content=\"Tiempo de lectura\" \/>\n\t<meta name=\"twitter:data2\" content=\"2 minutos\" \/>\n<script type=\"application\/ld+json\" class=\"yoast-schema-graph\">{\"@context\":\"https:\\\/\\\/schema.org\",\"@graph\":[{\"@type\":\"Article\",\"@id\":\"https:\\\/\\\/redamlo.com\\\/index.php\\\/2023\\\/03\\\/17\\\/todos-con-amlo-al-zocalo-este-18-de-marzo-festejaran-soberania-energetica\\\/#article\",\"isPartOf\":{\"@id\":\"https:\\\/\\\/redamlo.com\\\/index.php\\\/2023\\\/03\\\/17\\\/todos-con-amlo-al-zocalo-este-18-de-marzo-festejaran-soberania-energetica\\\/\"},\"author\":{\"name\":\"Blanca\",\"@id\":\"https:\\\/\\\/redamlo.com\\\/#\\\/schema\\\/person\\\/7223a4375eb8f1a782fcae010a7115cf\"},\"headline\":\"Todos con AMLO al Z\u00f3calo este 18 de marzo: festejaran soberan\u00eda energ\u00e9tica\",\"datePublished\":\"2023-03-18T03:04:29+00:00\",\"mainEntityOfPage\":{\"@id\":\"https:\\\/\\\/redamlo.com\\\/index.php\\\/2023\\\/03\\\/17\\\/todos-con-amlo-al-zocalo-este-18-de-marzo-festejaran-soberania-energetica\\\/\"},\"wordCount\":348,\"commentCount\":0,\"publisher\":{\"@id\":\"https:\\\/\\\/redamlo.com\\\/#organization\"},\"image\":{\"@id\":\"https:\\\/\\\/redamlo.com\\\/index.php\\\/2023\\\/03\\\/17\\\/todos-con-amlo-al-zocalo-este-18-de-marzo-festejaran-soberania-energetica\\\/#primaryimage\"},\"thumbnailUrl\":\"https:\\\/\\\/redamlo.com\\\/wp-content\\\/uploads\\\/2023\\\/03\\\/amlo-zocalo.png\",\"keywords\":[\"AMLO\",\"Expropiaci\u00f3n petrolera\",\"Z\u00f3calo\"],\"articleSection\":[\"CDMX\"],\"inLanguage\":\"es\",\"potentialAction\":[{\"@type\":\"CommentAction\",\"name\":\"Comment\",\"target\":[\"https:\\\/\\\/redamlo.com\\\/index.php\\\/2023\\\/03\\\/17\\\/todos-con-amlo-al-zocalo-este-18-de-marzo-festejaran-soberania-energetica\\\/#respond\"]}]},{\"@type\":\"WebPage\",\"@id\":\"https:\\\/\\\/redamlo.com\\\/index.php\\\/2023\\\/03\\\/17\\\/todos-con-amlo-al-zocalo-este-18-de-marzo-festejaran-soberania-energetica\\\/\",\"url\":\"https:\\\/\\\/redamlo.com\\\/index.php\\\/2023\\\/03\\\/17\\\/todos-con-amlo-al-zocalo-este-18-de-marzo-festejaran-soberania-energetica\\\/\",\"name\":\"Todos con AMLO al Z\u00f3calo este 18 de marzo: festejaran soberan\u00eda energ\u00e9tica - NOTICIAS DE LA 4T\",\"isPartOf\":{\"@id\":\"https:\\\/\\\/redamlo.com\\\/#website\"},\"primaryImageOfPage\":{\"@id\":\"https:\\\/\\\/redamlo.com\\\/index.php\\\/2023\\\/03\\\/17\\\/todos-con-amlo-al-zocalo-este-18-de-marzo-festejaran-soberania-energetica\\\/#primaryimage\"},\"image\":{\"@id\":\"https:\\\/\\\/redamlo.com\\\/index.php\\\/2023\\\/03\\\/17\\\/todos-con-amlo-al-zocalo-este-18-de-marzo-festejaran-soberania-energetica\\\/#primaryimage\"},\"thumbnailUrl\":\"https:\\\/\\\/redamlo.com\\\/wp-content\\\/uploads\\\/2023\\\/03\\\/amlo-zocalo.png\",\"datePublished\":\"2023-03-18T03:04:29+00:00\",\"breadcrumb\":{\"@id\":\"https:\\\/\\\/redamlo.com\\\/index.php\\\/2023\\\/03\\\/17\\\/todos-con-amlo-al-zocalo-este-18-de-marzo-festejaran-soberania-energetica\\\/#breadcrumb\"},\"inLanguage\":\"es\",\"potentialAction\":[{\"@type\":\"ReadAction\",\"target\":[\"https:\\\/\\\/redamlo.com\\\/index.php\\\/2023\\\/03\\\/17\\\/todos-con-amlo-al-zocalo-este-18-de-marzo-festejaran-soberania-energetica\\\/\"]}]},{\"@type\":\"ImageObject\",\"inLanguage\":\"es\",\"@id\":\"https:\\\/\\\/redamlo.com\\\/index.php\\\/2023\\\/03\\\/17\\\/todos-con-amlo-al-zocalo-este-18-de-marzo-festejaran-soberania-energetica\\\/#primaryimage\",\"url\":\"https:\\\/\\\/redamlo.com\\\/wp-content\\\/uploads\\\/2023\\\/03\\\/amlo-zocalo.png\",\"contentUrl\":\"https:\\\/\\\/redamlo.com\\\/wp-content\\\/uploads\\\/2023\\\/03\\\/amlo-zocalo.png\",\"width\":900,\"height\":506},{\"@type\":\"BreadcrumbList\",\"@id\":\"https:\\\/\\\/redamlo.com\\\/index.php\\\/2023\\\/03\\\/17\\\/todos-con-amlo-al-zocalo-este-18-de-marzo-festejaran-soberania-energetica\\\/#breadcrumb\",\"itemListElement\":[{\"@type\":\"ListItem\",\"position\":1,\"name\":\"Inicio\",\"item\":\"https:\\\/\\\/redamlo.com\\\/\"},{\"@type\":\"ListItem\",\"position\":2,\"name\":\"Todos con AMLO al Z\u00f3calo este 18 de marzo: festejaran soberan\u00eda energ\u00e9tica\"}]},{\"@type\":\"WebSite\",\"@id\":\"https:\\\/\\\/redamlo.com\\\/#website\",\"url\":\"https:\\\/\\\/redamlo.com\\\/\",\"name\":\"NOTICIAS DE LA 4T\",\"description\":\"\",\"publisher\":{\"@id\":\"https:\\\/\\\/redamlo.com\\\/#organization\"},\"potentialAction\":[{\"@type\":\"SearchAction\",\"target\":{\"@type\":\"EntryPoint\",\"urlTemplate\":\"https:\\\/\\\/redamlo.com\\\/?s={search_term_string}\"},\"query-input\":{\"@type\":\"PropertyValueSpecification\",\"valueRequired\":true,\"valueName\":\"search_term_string\"}}],\"inLanguage\":\"es\"},{\"@type\":\"Organization\",\"@id\":\"https:\\\/\\\/redamlo.com\\\/#organization\",\"name\":\"NOTICIAS DE LA 4T\",\"url\":\"https:\\\/\\\/redamlo.com\\\/\",\"logo\":{\"@type\":\"ImageObject\",\"inLanguage\":\"es\",\"@id\":\"https:\\\/\\\/redamlo.com\\\/#\\\/schema\\\/logo\\\/image\\\/\",\"url\":\"https:\\\/\\\/redamlo.com\\\/wp-content\\\/uploads\\\/2024\\\/08\\\/cropped-RED-AMLO-logo-50.png\",\"contentUrl\":\"https:\\\/\\\/redamlo.com\\\/wp-content\\\/uploads\\\/2024\\\/08\\\/cropped-RED-AMLO-logo-50.png\",\"width\":256,\"height\":256,\"caption\":\"NOTICIAS DE LA 4T\"},\"image\":{\"@id\":\"https:\\\/\\\/redamlo.com\\\/#\\\/schema\\\/logo\\\/image\\\/\"}},{\"@type\":\"Person\",\"@id\":\"https:\\\/\\\/redamlo.com\\\/#\\\/schema\\\/person\\\/7223a4375eb8f1a782fcae010a7115cf\",\"name\":\"Blanca\",\"image\":{\"@type\":\"ImageObject\",\"inLanguage\":\"es\",\"@id\":\"https:\\\/\\\/secure.gravatar.com\\\/avatar\\\/3f79bc8336367a4e6093eae8757acaaf61d1124834b905616de7829b0273426d?s=96&d=mm&r=g\",\"url\":\"https:\\\/\\\/secure.gravatar.com\\\/avatar\\\/3f79bc8336367a4e6093eae8757acaaf61d1124834b905616de7829b0273426d?s=96&d=mm&r=g\",\"contentUrl\":\"https:\\\/\\\/secure.gravatar.com\\\/avatar\\\/3f79bc8336367a4e6093eae8757acaaf61d1124834b905616de7829b0273426d?s=96&d=mm&r=g\",\"caption\":\"Blanca\"},\"url\":\"https:\\\/\\\/redamlo.com\\\/index.php\\\/author\\\/blanca\\\/\"}]}<\/script>\n<!-- \/ Yoast SEO plugin. -->","yoast_head_json":{"title":"Todos con AMLO al Z\u00f3calo este 18 de marzo: festejaran soberan\u00eda energ\u00e9tica - NOTICIAS DE LA 4T","robots":{"index":"noindex","follow":"follow","max-snippet":"max-snippet:-1","max-image-preview":"max-image-preview:large","max-video-preview":"max-video-preview:-1"},"og_locale":"es_MX","og_type":"article","og_title":"Todos con AMLO al Z\u00f3calo este 18 de marzo: festejaran soberan\u00eda energ\u00e9tica - NOTICIAS DE LA 4T","og_description":"Este s\u00e1bado se espera la participaci\u00f3n de 250 mil afiliados a Morena en la Ciudad...","og_url":"https:\/\/redamlo.com\/index.php\/2023\/03\/17\/todos-con-amlo-al-zocalo-este-18-de-marzo-festejaran-soberania-energetica\/","og_site_name":"NOTICIAS DE LA 4T","article_published_time":"2023-03-18T03:04:29+00:00","og_image":[{"width":900,"height":506,"url":"https:\/\/redamlo.com\/wp-content\/uploads\/2023\/03\/amlo-zocalo.png","type":"image\/png"}],"author":"Blanca","twitter_card":"summary_large_image","twitter_misc":{"Escrito por":"Blanca","Tiempo de lectura":"2 minutos"},"schema":{"@context":"https:\/\/schema.org","@graph":[{"@type":"Article","@id":"https:\/\/redamlo.com\/index.php\/2023\/03\/17\/todos-con-amlo-al-zocalo-este-18-de-marzo-festejaran-soberania-energetica\/#article","isPartOf":{"@id":"https:\/\/redamlo.com\/index.php\/2023\/03\/17\/todos-con-amlo-al-zocalo-este-18-de-marzo-festejaran-soberania-energetica\/"},"author":{"name":"Blanca","@id":"https:\/\/redamlo.com\/#\/schema\/person\/7223a4375eb8f1a782fcae010a7115cf"},"headline":"Todos con AMLO al Z\u00f3calo este 18 de marzo: festejaran soberan\u00eda energ\u00e9tica","datePublished":"2023-03-18T03:04:29+00:00","mainEntityOfPage":{"@id":"https:\/\/redamlo.com\/index.php\/2023\/03\/17\/todos-con-amlo-al-zocalo-este-18-de-marzo-festejaran-soberania-energetica\/"},"wordCount":348,"commentCount":0,"publisher":{"@id":"https:\/\/redamlo.com\/#organization"},"image":{"@id":"https:\/\/redamlo.com\/index.php\/2023\/03\/17\/todos-con-amlo-al-zocalo-este-18-de-marzo-festejaran-soberania-energetica\/#primaryimage"},"thumbnailUrl":"https:\/\/redamlo.com\/wp-content\/uploads\/2023\/03\/amlo-zocalo.png","keywords":["AMLO","Expropiaci\u00f3n petrolera","Z\u00f3calo"],"articleSection":["CDMX"],"inLanguage":"es","potentialAction":[{"@type":"CommentAction","name":"Comment","target":["https:\/\/redamlo.com\/index.php\/2023\/03\/17\/todos-con-amlo-al-zocalo-este-18-de-marzo-festejaran-soberania-energetica\/#respond"]}]},{"@type":"WebPage","@id":"https:\/\/redamlo.com\/index.php\/2023\/03\/17\/todos-con-amlo-al-zocalo-este-18-de-marzo-festejaran-soberania-energetica\/","url":"https:\/\/redamlo.com\/index.php\/2023\/03\/17\/todos-con-amlo-al-zocalo-este-18-de-marzo-festejaran-soberania-energetica\/","name":"Todos con AMLO al Z\u00f3calo este 18 de marzo: festejaran soberan\u00eda energ\u00e9tica - NOTICIAS DE LA 4T","isPartOf":{"@id":"https:\/\/redamlo.com\/#website"},"primaryImageOfPage":{"@id":"https:\/\/redamlo.com\/index.php\/2023\/03\/17\/todos-con-amlo-al-zocalo-este-18-de-marzo-festejaran-soberania-energetica\/#primaryimage"},"image":{"@id":"https:\/\/redamlo.com\/index.php\/2023\/03\/17\/todos-con-amlo-al-zocalo-este-18-de-marzo-festejaran-soberania-energetica\/#primaryimage"},"thumbnailUrl":"https:\/\/redamlo.com\/wp-content\/uploads\/2023\/03\/amlo-zocalo.png","datePublished":"2023-03-18T03:04:29+00:00","breadcrumb":{"@id":"https:\/\/redamlo.com\/index.php\/2023\/03\/17\/todos-con-amlo-al-zocalo-este-18-de-marzo-festejaran-soberania-energetica\/#breadcrumb"},"inLanguage":"es","potentialAction":[{"@type":"ReadAction","target":["https:\/\/redamlo.com\/index.php\/2023\/03\/17\/todos-con-amlo-al-zocalo-este-18-de-marzo-festejaran-soberania-energetica\/"]}]},{"@type":"ImageObject","inLanguage":"es","@id":"https:\/\/redamlo.com\/index.php\/2023\/03\/17\/todos-con-amlo-al-zocalo-este-18-de-marzo-festejaran-soberania-energetica\/#primaryimage","url":"https:\/\/redamlo.com\/wp-content\/uploads\/2023\/03\/amlo-zocalo.png","contentUrl":"https:\/\/redamlo.com\/wp-content\/uploads\/2023\/03\/amlo-zocalo.png","width":900,"height":506},{"@type":"BreadcrumbList","@id":"https:\/\/redamlo.com\/index.php\/2023\/03\/17\/todos-con-amlo-al-zocalo-este-18-de-marzo-festejaran-soberania-energetica\/#breadcrumb","itemListElement":[{"@type":"ListItem","position":1,"name":"Inicio","item":"https:\/\/redamlo.com\/"},{"@type":"ListItem","position":2,"name":"Todos con AMLO al Z\u00f3calo este 18 de marzo: festejaran soberan\u00eda energ\u00e9tica"}]},{"@type":"WebSite","@id":"https:\/\/redamlo.com\/#website","url":"https:\/\/redamlo.com\/","name":"NOTICIAS DE LA 4T","description":"","publisher":{"@id":"https:\/\/redamlo.com\/#organization"},"potentialAction":[{"@type":"SearchAction","target":{"@type":"EntryPoint","urlTemplate":"https:\/\/redamlo.com\/?s={search_term_string}"},"query-input":{"@type":"PropertyValueSpecification","valueRequired":true,"valueName":"search_term_string"}}],"inLanguage":"es"},{"@type":"Organization","@id":"https:\/\/redamlo.com\/#organization","name":"NOTICIAS DE LA 4T","url":"https:\/\/redamlo.com\/","logo":{"@type":"ImageObject","inLanguage":"es","@id":"https:\/\/redamlo.com\/#\/schema\/logo\/image\/","url":"https:\/\/redamlo.com\/wp-content\/uploads\/2024\/08\/cropped-RED-AMLO-logo-50.png","contentUrl":"https:\/\/redamlo.com\/wp-content\/uploads\/2024\/08\/cropped-RED-AMLO-logo-50.png","width":256,"height":256,"caption":"NOTICIAS DE LA 4T"},"image":{"@id":"https:\/\/redamlo.com\/#\/schema\/logo\/image\/"}},{"@type":"Person","@id":"https:\/\/redamlo.com\/#\/schema\/person\/7223a4375eb8f1a782fcae010a7115cf","name":"Blanca","image":{"@type":"ImageObject","inLanguage":"es","@id":"https:\/\/secure.gravatar.com\/avatar\/3f79bc8336367a4e6093eae8757acaaf61d1124834b905616de7829b0273426d?s=96&d=mm&r=g","url":"https:\/\/secure.gravatar.com\/avatar\/3f79bc8336367a4e6093eae8757acaaf61d1124834b905616de7829b0273426d?s=96&d=mm&r=g","contentUrl":"https:\/\/secure.gravatar.com\/avatar\/3f79bc8336367a4e6093eae8757acaaf61d1124834b905616de7829b0273426d?s=96&d=mm&r=g","caption":"Blanca"},"url":"https:\/\/redamlo.com\/index.php\/author\/blanca\/"}]}},"_links":{"self":[{"href":"https:\/\/redamlo.com\/index.php\/wp-json\/wp\/v2\/posts\/6751","targetHints":{"allow":["GET"]}}],"collection":[{"href":"https:\/\/redamlo.com\/index.php\/wp-json\/wp\/v2\/posts"}],"about":[{"href":"https:\/\/redamlo.com\/index.php\/wp-json\/wp\/v2\/types\/post"}],"author":[{"embeddable":true,"href":"https:\/\/redamlo.com\/index.php\/wp-json\/wp\/v2\/users\/2"}],"replies":[{"embeddable":true,"href":"https:\/\/redamlo.com\/index.php\/wp-json\/wp\/v2\/comments?post=6751"}],"version-history":[{"count":0,"href":"https:\/\/redamlo.com\/index.php\/wp-json\/wp\/v2\/posts\/6751\/revisions"}],"wp:featuredmedia":[{"embeddable":true,"href":"https:\/\/redamlo.com\/index.php\/wp-json\/wp\/v2\/media\/6752"}],"wp:attachment":[{"href":"https:\/\/redamlo.com\/index.php\/wp-json\/wp\/v2\/media?parent=6751"}],"wp:term":[{"taxonomy":"category","embeddable":true,"href":"https:\/\/redamlo.com\/index.php\/wp-json\/wp\/v2\/categories?post=6751"},{"taxonomy":"post_tag","embeddable":true,"href":"https:\/\/redamlo.com\/index.php\/wp-json\/wp\/v2\/tags?post=6751"}],"curies":[{"name":"wp","href":"https:\/\/api.w.org\/{rel}","templated":true}]}}