{"id":6748,"date":"2023-03-17T20:45:47","date_gmt":"2023-03-18T02:45:47","guid":{"rendered":"https:\/\/redamlo.com\/?p=6748"},"modified":"2023-03-17T20:45:47","modified_gmt":"2023-03-18T02:45:47","slug":"en-julio-refineria-dos-bocas-iniciara-produccion-de-gasolinas-anuncia-amlo","status":"publish","type":"post","link":"https:\/\/redamlo.com\/index.php\/2023\/03\/17\/en-julio-refineria-dos-bocas-iniciara-produccion-de-gasolinas-anuncia-amlo\/","title":{"rendered":"EN JULIO, REFINER\u00cdA DOS BOCAS INICIAR\u00c1 PRODUCCI\u00d3N DE GASOLINAS, ANUNCIA AMLO"},"content":{"rendered":"<p>Por segundo d\u00eda consecutivo, el presidente Andr\u00e9s Manuel L\u00f3pez Obrador realiza gira de supervisi\u00f3n de las refiner\u00edas del Sistema Nacional de Refinaci\u00f3n. Hoy visit\u00f3 la de Dos Bocas en Para\u00edso, Tabasco.<\/p>\n<p>En sus redes sociales anunci\u00f3 que este complejo empezar\u00e1 a producir gasolinas en julio. Actualmente est\u00e1 en la fase de integraci\u00f3n y pruebas.<\/p>\n<p><iframe loading=\"lazy\" title=\"Refiner\u00eda Dos Bocas, en Tabasco, en fase de pruebas\" width=\"640\" height=\"360\" src=\"https:\/\/www.youtube.com\/embed\/-yIKRbPUxPo?feature=oembed\" frameborder=\"0\" allow=\"accelerometer; autoplay; clipboard-write; encrypted-media; gyroscope; picture-in-picture; web-share\" referrerpolicy=\"strict-origin-when-cross-origin\" allowfullscreen><\/iframe><\/p>\n<p>Durante la reuni\u00f3n en la Refiner\u00eda Olmeca, como se le denomin\u00f3 tras la inauguraci\u00f3n el 1 de julio de 2022, el mandatario estuvo acompa\u00f1ado por el gobernador interino de Tabasco, Carlos Manuel Merino Campos; la secretaria de Energ\u00eda, Roc\u00edo Nahle Garc\u00eda; el secretario de Marina, Jos\u00e9 Rafael Ojeda Dur\u00e1n; el director general de Petr\u00f3leos Mexicanos, Octavio Romero Oropeza; el subsecretario de Egresos de la Secretar\u00eda de Hacienda y Cr\u00e9dito P\u00fablico, Juan Pablo de Botton Falc\u00f3n; el director general del Instituto Mexicano del Petr\u00f3leo, Marco Antonio Osorio Bonilla y directivos de Pemex.<\/p>\n","protected":false},"excerpt":{"rendered":"<p>Por segundo d\u00eda consecutivo, el presidente Andr\u00e9s Manuel L\u00f3pez Obrador realiza gira de supervisi\u00f3n de&#8230;<\/p>\n","protected":false},"author":2,"featured_media":6749,"comment_status":"open","ping_status":"closed","sticky":false,"template":"","format":"standard","meta":{"footnotes":""},"categories":[27],"tags":[84,1728],"class_list":["post-6748","post","type-post","status-publish","format-standard","has-post-thumbnail","hentry","category-presidencia","tag-amlo","tag-refineria-dos-bocas"],"yoast_head":"<!-- This site is optimized with the Yoast SEO plugin v27.5 - https:\/\/yoast.com\/product\/yoast-seo-wordpress\/ -->\n<title>EN JULIO, REFINER\u00cdA DOS BOCAS INICIAR\u00c1 PRODUCCI\u00d3N DE GASOLINAS, ANUNCIA AMLO - NOTICIAS DE LA 4T<\/title>\n<meta name=\"robots\" content=\"noindex, follow, max-snippet:-1, max-image-preview:large, max-video-preview:-1\" \/>\n<meta property=\"og:locale\" content=\"es_MX\" \/>\n<meta property=\"og:type\" content=\"article\" \/>\n<meta property=\"og:title\" content=\"EN JULIO, REFINER\u00cdA DOS BOCAS INICIAR\u00c1 PRODUCCI\u00d3N DE GASOLINAS, ANUNCIA AMLO - NOTICIAS DE LA 4T\" \/>\n<meta property=\"og:description\" content=\"Por segundo d\u00eda consecutivo, el presidente Andr\u00e9s Manuel L\u00f3pez Obrador realiza gira de supervisi\u00f3n de...\" \/>\n<meta property=\"og:url\" content=\"https:\/\/redamlo.com\/index.php\/2023\/03\/17\/en-julio-refineria-dos-bocas-iniciara-produccion-de-gasolinas-anuncia-amlo\/\" \/>\n<meta property=\"og:site_name\" content=\"NOTICIAS DE LA 4T\" \/>\n<meta property=\"article:published_time\" content=\"2023-03-18T02:45:47+00:00\" \/>\n<meta property=\"og:image\" content=\"https:\/\/redamlo.com\/wp-content\/uploads\/2023\/03\/17-03-2023-REFINERIA-DOS-BOCAS-FOTO-01.jpeg\" \/>\n\t<meta property=\"og:image:width\" content=\"1920\" \/>\n\t<meta property=\"og:image:height\" content=\"1080\" \/>\n\t<meta property=\"og:image:type\" content=\"image\/jpeg\" \/>\n<meta name=\"author\" content=\"Blanca\" \/>\n<meta name=\"twitter:card\" content=\"summary_large_image\" \/>\n<meta name=\"twitter:label1\" content=\"Escrito por\" \/>\n\t<meta name=\"twitter:data1\" content=\"Blanca\" \/>\n\t<meta name=\"twitter:label2\" content=\"Tiempo de lectura\" \/>\n\t<meta name=\"twitter:data2\" content=\"1 minuto\" \/>\n<script type=\"application\/ld+json\" class=\"yoast-schema-graph\">{\"@context\":\"https:\\\/\\\/schema.org\",\"@graph\":[{\"@type\":\"Article\",\"@id\":\"https:\\\/\\\/redamlo.com\\\/index.php\\\/2023\\\/03\\\/17\\\/en-julio-refineria-dos-bocas-iniciara-produccion-de-gasolinas-anuncia-amlo\\\/#article\",\"isPartOf\":{\"@id\":\"https:\\\/\\\/redamlo.com\\\/index.php\\\/2023\\\/03\\\/17\\\/en-julio-refineria-dos-bocas-iniciara-produccion-de-gasolinas-anuncia-amlo\\\/\"},\"author\":{\"name\":\"Blanca\",\"@id\":\"https:\\\/\\\/redamlo.com\\\/#\\\/schema\\\/person\\\/7223a4375eb8f1a782fcae010a7115cf\"},\"headline\":\"EN JULIO, REFINER\u00cdA DOS BOCAS INICIAR\u00c1 PRODUCCI\u00d3N DE GASOLINAS, ANUNCIA AMLO\",\"datePublished\":\"2023-03-18T02:45:47+00:00\",\"mainEntityOfPage\":{\"@id\":\"https:\\\/\\\/redamlo.com\\\/index.php\\\/2023\\\/03\\\/17\\\/en-julio-refineria-dos-bocas-iniciara-produccion-de-gasolinas-anuncia-amlo\\\/\"},\"wordCount\":185,\"commentCount\":0,\"publisher\":{\"@id\":\"https:\\\/\\\/redamlo.com\\\/#organization\"},\"image\":{\"@id\":\"https:\\\/\\\/redamlo.com\\\/index.php\\\/2023\\\/03\\\/17\\\/en-julio-refineria-dos-bocas-iniciara-produccion-de-gasolinas-anuncia-amlo\\\/#primaryimage\"},\"thumbnailUrl\":\"https:\\\/\\\/redamlo.com\\\/wp-content\\\/uploads\\\/2023\\\/03\\\/17-03-2023-REFINERIA-DOS-BOCAS-FOTO-01.jpeg\",\"keywords\":[\"AMLO\",\"Refineria Dos Bocas\"],\"articleSection\":[\"Presidencia\"],\"inLanguage\":\"es\",\"potentialAction\":[{\"@type\":\"CommentAction\",\"name\":\"Comment\",\"target\":[\"https:\\\/\\\/redamlo.com\\\/index.php\\\/2023\\\/03\\\/17\\\/en-julio-refineria-dos-bocas-iniciara-produccion-de-gasolinas-anuncia-amlo\\\/#respond\"]}]},{\"@type\":\"WebPage\",\"@id\":\"https:\\\/\\\/redamlo.com\\\/index.php\\\/2023\\\/03\\\/17\\\/en-julio-refineria-dos-bocas-iniciara-produccion-de-gasolinas-anuncia-amlo\\\/\",\"url\":\"https:\\\/\\\/redamlo.com\\\/index.php\\\/2023\\\/03\\\/17\\\/en-julio-refineria-dos-bocas-iniciara-produccion-de-gasolinas-anuncia-amlo\\\/\",\"name\":\"EN JULIO, REFINER\u00cdA DOS BOCAS INICIAR\u00c1 PRODUCCI\u00d3N DE GASOLINAS, ANUNCIA AMLO - NOTICIAS DE LA 4T\",\"isPartOf\":{\"@id\":\"https:\\\/\\\/redamlo.com\\\/#website\"},\"primaryImageOfPage\":{\"@id\":\"https:\\\/\\\/redamlo.com\\\/index.php\\\/2023\\\/03\\\/17\\\/en-julio-refineria-dos-bocas-iniciara-produccion-de-gasolinas-anuncia-amlo\\\/#primaryimage\"},\"image\":{\"@id\":\"https:\\\/\\\/redamlo.com\\\/index.php\\\/2023\\\/03\\\/17\\\/en-julio-refineria-dos-bocas-iniciara-produccion-de-gasolinas-anuncia-amlo\\\/#primaryimage\"},\"thumbnailUrl\":\"https:\\\/\\\/redamlo.com\\\/wp-content\\\/uploads\\\/2023\\\/03\\\/17-03-2023-REFINERIA-DOS-BOCAS-FOTO-01.jpeg\",\"datePublished\":\"2023-03-18T02:45:47+00:00\",\"breadcrumb\":{\"@id\":\"https:\\\/\\\/redamlo.com\\\/index.php\\\/2023\\\/03\\\/17\\\/en-julio-refineria-dos-bocas-iniciara-produccion-de-gasolinas-anuncia-amlo\\\/#breadcrumb\"},\"inLanguage\":\"es\",\"potentialAction\":[{\"@type\":\"ReadAction\",\"target\":[\"https:\\\/\\\/redamlo.com\\\/index.php\\\/2023\\\/03\\\/17\\\/en-julio-refineria-dos-bocas-iniciara-produccion-de-gasolinas-anuncia-amlo\\\/\"]}]},{\"@type\":\"ImageObject\",\"inLanguage\":\"es\",\"@id\":\"https:\\\/\\\/redamlo.com\\\/index.php\\\/2023\\\/03\\\/17\\\/en-julio-refineria-dos-bocas-iniciara-produccion-de-gasolinas-anuncia-amlo\\\/#primaryimage\",\"url\":\"https:\\\/\\\/redamlo.com\\\/wp-content\\\/uploads\\\/2023\\\/03\\\/17-03-2023-REFINERIA-DOS-BOCAS-FOTO-01.jpeg\",\"contentUrl\":\"https:\\\/\\\/redamlo.com\\\/wp-content\\\/uploads\\\/2023\\\/03\\\/17-03-2023-REFINERIA-DOS-BOCAS-FOTO-01.jpeg\",\"width\":1920,\"height\":1080},{\"@type\":\"BreadcrumbList\",\"@id\":\"https:\\\/\\\/redamlo.com\\\/index.php\\\/2023\\\/03\\\/17\\\/en-julio-refineria-dos-bocas-iniciara-produccion-de-gasolinas-anuncia-amlo\\\/#breadcrumb\",\"itemListElement\":[{\"@type\":\"ListItem\",\"position\":1,\"name\":\"Inicio\",\"item\":\"https:\\\/\\\/redamlo.com\\\/\"},{\"@type\":\"ListItem\",\"position\":2,\"name\":\"EN JULIO, REFINER\u00cdA DOS BOCAS INICIAR\u00c1 PRODUCCI\u00d3N DE GASOLINAS, ANUNCIA AMLO\"}]},{\"@type\":\"WebSite\",\"@id\":\"https:\\\/\\\/redamlo.com\\\/#website\",\"url\":\"https:\\\/\\\/redamlo.com\\\/\",\"name\":\"NOTICIAS DE LA 4T\",\"description\":\"\",\"publisher\":{\"@id\":\"https:\\\/\\\/redamlo.com\\\/#organization\"},\"potentialAction\":[{\"@type\":\"SearchAction\",\"target\":{\"@type\":\"EntryPoint\",\"urlTemplate\":\"https:\\\/\\\/redamlo.com\\\/?s={search_term_string}\"},\"query-input\":{\"@type\":\"PropertyValueSpecification\",\"valueRequired\":true,\"valueName\":\"search_term_string\"}}],\"inLanguage\":\"es\"},{\"@type\":\"Organization\",\"@id\":\"https:\\\/\\\/redamlo.com\\\/#organization\",\"name\":\"NOTICIAS DE LA 4T\",\"url\":\"https:\\\/\\\/redamlo.com\\\/\",\"logo\":{\"@type\":\"ImageObject\",\"inLanguage\":\"es\",\"@id\":\"https:\\\/\\\/redamlo.com\\\/#\\\/schema\\\/logo\\\/image\\\/\",\"url\":\"https:\\\/\\\/redamlo.com\\\/wp-content\\\/uploads\\\/2024\\\/08\\\/cropped-RED-AMLO-logo-50.png\",\"contentUrl\":\"https:\\\/\\\/redamlo.com\\\/wp-content\\\/uploads\\\/2024\\\/08\\\/cropped-RED-AMLO-logo-50.png\",\"width\":256,\"height\":256,\"caption\":\"NOTICIAS DE LA 4T\"},\"image\":{\"@id\":\"https:\\\/\\\/redamlo.com\\\/#\\\/schema\\\/logo\\\/image\\\/\"}},{\"@type\":\"Person\",\"@id\":\"https:\\\/\\\/redamlo.com\\\/#\\\/schema\\\/person\\\/7223a4375eb8f1a782fcae010a7115cf\",\"name\":\"Blanca\",\"image\":{\"@type\":\"ImageObject\",\"inLanguage\":\"es\",\"@id\":\"https:\\\/\\\/secure.gravatar.com\\\/avatar\\\/3f79bc8336367a4e6093eae8757acaaf61d1124834b905616de7829b0273426d?s=96&d=mm&r=g\",\"url\":\"https:\\\/\\\/secure.gravatar.com\\\/avatar\\\/3f79bc8336367a4e6093eae8757acaaf61d1124834b905616de7829b0273426d?s=96&d=mm&r=g\",\"contentUrl\":\"https:\\\/\\\/secure.gravatar.com\\\/avatar\\\/3f79bc8336367a4e6093eae8757acaaf61d1124834b905616de7829b0273426d?s=96&d=mm&r=g\",\"caption\":\"Blanca\"},\"url\":\"https:\\\/\\\/redamlo.com\\\/index.php\\\/author\\\/blanca\\\/\"}]}<\/script>\n<!-- \/ Yoast SEO plugin. -->","yoast_head_json":{"title":"EN JULIO, REFINER\u00cdA DOS BOCAS INICIAR\u00c1 PRODUCCI\u00d3N DE GASOLINAS, ANUNCIA AMLO - NOTICIAS DE LA 4T","robots":{"index":"noindex","follow":"follow","max-snippet":"max-snippet:-1","max-image-preview":"max-image-preview:large","max-video-preview":"max-video-preview:-1"},"og_locale":"es_MX","og_type":"article","og_title":"EN JULIO, REFINER\u00cdA DOS BOCAS INICIAR\u00c1 PRODUCCI\u00d3N DE GASOLINAS, ANUNCIA AMLO - NOTICIAS DE LA 4T","og_description":"Por segundo d\u00eda consecutivo, el presidente Andr\u00e9s Manuel L\u00f3pez Obrador realiza gira de supervisi\u00f3n de...","og_url":"https:\/\/redamlo.com\/index.php\/2023\/03\/17\/en-julio-refineria-dos-bocas-iniciara-produccion-de-gasolinas-anuncia-amlo\/","og_site_name":"NOTICIAS DE LA 4T","article_published_time":"2023-03-18T02:45:47+00:00","og_image":[{"width":1920,"height":1080,"url":"https:\/\/redamlo.com\/wp-content\/uploads\/2023\/03\/17-03-2023-REFINERIA-DOS-BOCAS-FOTO-01.jpeg","type":"image\/jpeg"}],"author":"Blanca","twitter_card":"summary_large_image","twitter_misc":{"Escrito por":"Blanca","Tiempo de lectura":"1 minuto"},"schema":{"@context":"https:\/\/schema.org","@graph":[{"@type":"Article","@id":"https:\/\/redamlo.com\/index.php\/2023\/03\/17\/en-julio-refineria-dos-bocas-iniciara-produccion-de-gasolinas-anuncia-amlo\/#article","isPartOf":{"@id":"https:\/\/redamlo.com\/index.php\/2023\/03\/17\/en-julio-refineria-dos-bocas-iniciara-produccion-de-gasolinas-anuncia-amlo\/"},"author":{"name":"Blanca","@id":"https:\/\/redamlo.com\/#\/schema\/person\/7223a4375eb8f1a782fcae010a7115cf"},"headline":"EN JULIO, REFINER\u00cdA DOS BOCAS INICIAR\u00c1 PRODUCCI\u00d3N DE GASOLINAS, ANUNCIA AMLO","datePublished":"2023-03-18T02:45:47+00:00","mainEntityOfPage":{"@id":"https:\/\/redamlo.com\/index.php\/2023\/03\/17\/en-julio-refineria-dos-bocas-iniciara-produccion-de-gasolinas-anuncia-amlo\/"},"wordCount":185,"commentCount":0,"publisher":{"@id":"https:\/\/redamlo.com\/#organization"},"image":{"@id":"https:\/\/redamlo.com\/index.php\/2023\/03\/17\/en-julio-refineria-dos-bocas-iniciara-produccion-de-gasolinas-anuncia-amlo\/#primaryimage"},"thumbnailUrl":"https:\/\/redamlo.com\/wp-content\/uploads\/2023\/03\/17-03-2023-REFINERIA-DOS-BOCAS-FOTO-01.jpeg","keywords":["AMLO","Refineria Dos Bocas"],"articleSection":["Presidencia"],"inLanguage":"es","potentialAction":[{"@type":"CommentAction","name":"Comment","target":["https:\/\/redamlo.com\/index.php\/2023\/03\/17\/en-julio-refineria-dos-bocas-iniciara-produccion-de-gasolinas-anuncia-amlo\/#respond"]}]},{"@type":"WebPage","@id":"https:\/\/redamlo.com\/index.php\/2023\/03\/17\/en-julio-refineria-dos-bocas-iniciara-produccion-de-gasolinas-anuncia-amlo\/","url":"https:\/\/redamlo.com\/index.php\/2023\/03\/17\/en-julio-refineria-dos-bocas-iniciara-produccion-de-gasolinas-anuncia-amlo\/","name":"EN JULIO, REFINER\u00cdA DOS BOCAS INICIAR\u00c1 PRODUCCI\u00d3N DE GASOLINAS, ANUNCIA AMLO - NOTICIAS DE LA 4T","isPartOf":{"@id":"https:\/\/redamlo.com\/#website"},"primaryImageOfPage":{"@id":"https:\/\/redamlo.com\/index.php\/2023\/03\/17\/en-julio-refineria-dos-bocas-iniciara-produccion-de-gasolinas-anuncia-amlo\/#primaryimage"},"image":{"@id":"https:\/\/redamlo.com\/index.php\/2023\/03\/17\/en-julio-refineria-dos-bocas-iniciara-produccion-de-gasolinas-anuncia-amlo\/#primaryimage"},"thumbnailUrl":"https:\/\/redamlo.com\/wp-content\/uploads\/2023\/03\/17-03-2023-REFINERIA-DOS-BOCAS-FOTO-01.jpeg","datePublished":"2023-03-18T02:45:47+00:00","breadcrumb":{"@id":"https:\/\/redamlo.com\/index.php\/2023\/03\/17\/en-julio-refineria-dos-bocas-iniciara-produccion-de-gasolinas-anuncia-amlo\/#breadcrumb"},"inLanguage":"es","potentialAction":[{"@type":"ReadAction","target":["https:\/\/redamlo.com\/index.php\/2023\/03\/17\/en-julio-refineria-dos-bocas-iniciara-produccion-de-gasolinas-anuncia-amlo\/"]}]},{"@type":"ImageObject","inLanguage":"es","@id":"https:\/\/redamlo.com\/index.php\/2023\/03\/17\/en-julio-refineria-dos-bocas-iniciara-produccion-de-gasolinas-anuncia-amlo\/#primaryimage","url":"https:\/\/redamlo.com\/wp-content\/uploads\/2023\/03\/17-03-2023-REFINERIA-DOS-BOCAS-FOTO-01.jpeg","contentUrl":"https:\/\/redamlo.com\/wp-content\/uploads\/2023\/03\/17-03-2023-REFINERIA-DOS-BOCAS-FOTO-01.jpeg","width":1920,"height":1080},{"@type":"BreadcrumbList","@id":"https:\/\/redamlo.com\/index.php\/2023\/03\/17\/en-julio-refineria-dos-bocas-iniciara-produccion-de-gasolinas-anuncia-amlo\/#breadcrumb","itemListElement":[{"@type":"ListItem","position":1,"name":"Inicio","item":"https:\/\/redamlo.com\/"},{"@type":"ListItem","position":2,"name":"EN JULIO, REFINER\u00cdA DOS BOCAS INICIAR\u00c1 PRODUCCI\u00d3N DE GASOLINAS, ANUNCIA AMLO"}]},{"@type":"WebSite","@id":"https:\/\/redamlo.com\/#website","url":"https:\/\/redamlo.com\/","name":"NOTICIAS DE LA 4T","description":"","publisher":{"@id":"https:\/\/redamlo.com\/#organization"},"potentialAction":[{"@type":"SearchAction","target":{"@type":"EntryPoint","urlTemplate":"https:\/\/redamlo.com\/?s={search_term_string}"},"query-input":{"@type":"PropertyValueSpecification","valueRequired":true,"valueName":"search_term_string"}}],"inLanguage":"es"},{"@type":"Organization","@id":"https:\/\/redamlo.com\/#organization","name":"NOTICIAS DE LA 4T","url":"https:\/\/redamlo.com\/","logo":{"@type":"ImageObject","inLanguage":"es","@id":"https:\/\/redamlo.com\/#\/schema\/logo\/image\/","url":"https:\/\/redamlo.com\/wp-content\/uploads\/2024\/08\/cropped-RED-AMLO-logo-50.png","contentUrl":"https:\/\/redamlo.com\/wp-content\/uploads\/2024\/08\/cropped-RED-AMLO-logo-50.png","width":256,"height":256,"caption":"NOTICIAS DE LA 4T"},"image":{"@id":"https:\/\/redamlo.com\/#\/schema\/logo\/image\/"}},{"@type":"Person","@id":"https:\/\/redamlo.com\/#\/schema\/person\/7223a4375eb8f1a782fcae010a7115cf","name":"Blanca","image":{"@type":"ImageObject","inLanguage":"es","@id":"https:\/\/secure.gravatar.com\/avatar\/3f79bc8336367a4e6093eae8757acaaf61d1124834b905616de7829b0273426d?s=96&d=mm&r=g","url":"https:\/\/secure.gravatar.com\/avatar\/3f79bc8336367a4e6093eae8757acaaf61d1124834b905616de7829b0273426d?s=96&d=mm&r=g","contentUrl":"https:\/\/secure.gravatar.com\/avatar\/3f79bc8336367a4e6093eae8757acaaf61d1124834b905616de7829b0273426d?s=96&d=mm&r=g","caption":"Blanca"},"url":"https:\/\/redamlo.com\/index.php\/author\/blanca\/"}]}},"_links":{"self":[{"href":"https:\/\/redamlo.com\/index.php\/wp-json\/wp\/v2\/posts\/6748","targetHints":{"allow":["GET"]}}],"collection":[{"href":"https:\/\/redamlo.com\/index.php\/wp-json\/wp\/v2\/posts"}],"about":[{"href":"https:\/\/redamlo.com\/index.php\/wp-json\/wp\/v2\/types\/post"}],"author":[{"embeddable":true,"href":"https:\/\/redamlo.com\/index.php\/wp-json\/wp\/v2\/users\/2"}],"replies":[{"embeddable":true,"href":"https:\/\/redamlo.com\/index.php\/wp-json\/wp\/v2\/comments?post=6748"}],"version-history":[{"count":0,"href":"https:\/\/redamlo.com\/index.php\/wp-json\/wp\/v2\/posts\/6748\/revisions"}],"wp:featuredmedia":[{"embeddable":true,"href":"https:\/\/redamlo.com\/index.php\/wp-json\/wp\/v2\/media\/6749"}],"wp:attachment":[{"href":"https:\/\/redamlo.com\/index.php\/wp-json\/wp\/v2\/media?parent=6748"}],"wp:term":[{"taxonomy":"category","embeddable":true,"href":"https:\/\/redamlo.com\/index.php\/wp-json\/wp\/v2\/categories?post=6748"},{"taxonomy":"post_tag","embeddable":true,"href":"https:\/\/redamlo.com\/index.php\/wp-json\/wp\/v2\/tags?post=6748"}],"curies":[{"name":"wp","href":"https:\/\/api.w.org\/{rel}","templated":true}]}}