{"id":6745,"date":"2023-03-17T20:10:51","date_gmt":"2023-03-18T02:10:51","guid":{"rendered":"https:\/\/redamlo.com\/?p=6745"},"modified":"2023-03-17T20:10:51","modified_gmt":"2023-03-18T02:10:51","slug":"lazaro-cardenas-batel-deja-coordinacion-de-asesores-de-presidencia-para-integrarse-a-la-celac-confirma-amlo","status":"publish","type":"post","link":"https:\/\/redamlo.com\/index.php\/2023\/03\/17\/lazaro-cardenas-batel-deja-coordinacion-de-asesores-de-presidencia-para-integrarse-a-la-celac-confirma-amlo\/","title":{"rendered":"L\u00c1ZARO C\u00c1RDENAS BATEL DEJA COORDINACI\u00d3N DE ASESORES DE PRESIDENCIA PARA INTEGRARSE A LA CELAC, CONFIRMA AMLO"},"content":{"rendered":"<p>El presidente Andr\u00e9s Manuel L\u00f3pez Obrador confirm\u00f3 que L\u00e1zaro C\u00e1rdenas Batel dejar\u00e1 el cargo de coordinador de Asesores de la Presidencia de la Rep\u00fablica para desempe\u00f1arse en la\u00a0<strong>Comunidad de Estados Latinoamericanos y Caribe\u00f1os (CELAC)<\/strong>.<\/p>\n<p>En conferencia de prensa matutina desde Tabasco, explic\u00f3 que la nueva dirigencia de la CELAC, a cargo de San Vicente y las Granadinas, solicit\u00f3 establecer un secretariado permanente de la CELAC, en el que colaborar\u00e1 C\u00e1rdenas Batel.<\/p>\n<p><iframe loading=\"lazy\" title=\"Empleos y Programas para el Bienestar dan seguridad a Tabasco. Conferencia presidente AMLO\" width=\"640\" height=\"360\" src=\"https:\/\/www.youtube.com\/embed\/hkVYRCpkbpo?feature=oembed\" frameborder=\"0\" allow=\"accelerometer; autoplay; clipboard-write; encrypted-media; gyroscope; picture-in-picture; web-share\" referrerpolicy=\"strict-origin-when-cross-origin\" allowfullscreen><\/iframe><\/p>\n<blockquote><p>\u201cL\u00e1zaro va a trabajar en la CELAC, ustedes saben que existe una organizaci\u00f3n de pa\u00edses de Am\u00e9rica Latina y el Caribe. (\u2026) Sin embargo, no existe un \u00f3rgano permanente de la CELAC que se haga cargo de darle seguimiento a todos los acuerdos, las decisiones que tomamos de manera conjunta\u201d, explic\u00f3.<\/p><\/blockquote>\n<p>El mandatario aclar\u00f3 que el excoordinador de Asesores mantiene buenas relaciones con el Gobierno de M\u00e9xico, por lo que continuar\u00e1 sumando esfuerzos en la consolidaci\u00f3n del\u00a0<strong>Plan de Salud IMSS Bienestar<\/strong>.<\/p>\n<blockquote><p>\u201cA eso se va a dedicar, pero mantenemos muy buenas relaciones y tambi\u00e9n nos va a seguir ayudando, porque \u00e9l lleva toda la relaci\u00f3n con pa\u00edses que est\u00e1n apoy\u00e1ndonos para contar con m\u00e9dicos, con especialistas, como es el caso en particular de Cuba. (\u2026) L\u00e1zaro nos ayuda y nos va a seguir ayudando en este asunto\u201d, apunt\u00f3.<\/p><\/blockquote>\n<p>En di\u00e1logo con representantes de medios de comunicaci\u00f3n, resalt\u00f3 las cualidades pol\u00edticas de C\u00e1rdenas Batel, a quien describi\u00f3 como un profesional con principios.<\/p>\n","protected":false},"excerpt":{"rendered":"<p>El presidente Andr\u00e9s Manuel L\u00f3pez Obrador confirm\u00f3 que L\u00e1zaro C\u00e1rdenas Batel dejar\u00e1 el cargo de&#8230;<\/p>\n","protected":false},"author":2,"featured_media":6746,"comment_status":"open","ping_status":"closed","sticky":false,"template":"","format":"standard","meta":{"footnotes":""},"categories":[27],"tags":[84,2478],"class_list":["post-6745","post","type-post","status-publish","format-standard","has-post-thumbnail","hentry","category-presidencia","tag-amlo","tag-lazaro-cardenas-batel"],"yoast_head":"<!-- This site is optimized with the Yoast SEO plugin v27.5 - https:\/\/yoast.com\/product\/yoast-seo-wordpress\/ -->\n<title>L\u00c1ZARO C\u00c1RDENAS BATEL DEJA COORDINACI\u00d3N DE ASESORES DE PRESIDENCIA PARA INTEGRARSE A LA CELAC, CONFIRMA AMLO - NOTICIAS DE LA 4T<\/title>\n<meta name=\"robots\" content=\"noindex, follow, max-snippet:-1, max-image-preview:large, max-video-preview:-1\" \/>\n<meta property=\"og:locale\" content=\"es_MX\" \/>\n<meta property=\"og:type\" content=\"article\" \/>\n<meta property=\"og:title\" content=\"L\u00c1ZARO C\u00c1RDENAS BATEL DEJA COORDINACI\u00d3N DE ASESORES DE PRESIDENCIA PARA INTEGRARSE A LA CELAC, CONFIRMA AMLO - NOTICIAS DE LA 4T\" \/>\n<meta property=\"og:description\" content=\"El presidente Andr\u00e9s Manuel L\u00f3pez Obrador confirm\u00f3 que L\u00e1zaro C\u00e1rdenas Batel dejar\u00e1 el cargo de...\" \/>\n<meta property=\"og:url\" content=\"https:\/\/redamlo.com\/index.php\/2023\/03\/17\/lazaro-cardenas-batel-deja-coordinacion-de-asesores-de-presidencia-para-integrarse-a-la-celac-confirma-amlo\/\" \/>\n<meta property=\"og:site_name\" content=\"NOTICIAS DE LA 4T\" \/>\n<meta property=\"article:published_time\" content=\"2023-03-18T02:10:51+00:00\" \/>\n<meta property=\"og:image\" content=\"https:\/\/redamlo.com\/wp-content\/uploads\/2023\/03\/2023-03-17-Conferencia-de-prensa-matutina-Tabasco-Foto-09.jpg\" \/>\n\t<meta property=\"og:image:width\" content=\"1500\" \/>\n\t<meta property=\"og:image:height\" content=\"1000\" \/>\n\t<meta property=\"og:image:type\" content=\"image\/jpeg\" \/>\n<meta name=\"author\" content=\"Blanca\" \/>\n<meta name=\"twitter:card\" content=\"summary_large_image\" \/>\n<meta name=\"twitter:label1\" content=\"Escrito por\" \/>\n\t<meta name=\"twitter:data1\" content=\"Blanca\" \/>\n\t<meta name=\"twitter:label2\" content=\"Tiempo de lectura\" \/>\n\t<meta name=\"twitter:data2\" content=\"2 minutos\" \/>\n<script type=\"application\/ld+json\" class=\"yoast-schema-graph\">{\"@context\":\"https:\\\/\\\/schema.org\",\"@graph\":[{\"@type\":\"Article\",\"@id\":\"https:\\\/\\\/redamlo.com\\\/index.php\\\/2023\\\/03\\\/17\\\/lazaro-cardenas-batel-deja-coordinacion-de-asesores-de-presidencia-para-integrarse-a-la-celac-confirma-amlo\\\/#article\",\"isPartOf\":{\"@id\":\"https:\\\/\\\/redamlo.com\\\/index.php\\\/2023\\\/03\\\/17\\\/lazaro-cardenas-batel-deja-coordinacion-de-asesores-de-presidencia-para-integrarse-a-la-celac-confirma-amlo\\\/\"},\"author\":{\"name\":\"Blanca\",\"@id\":\"https:\\\/\\\/redamlo.com\\\/#\\\/schema\\\/person\\\/7223a4375eb8f1a782fcae010a7115cf\"},\"headline\":\"L\u00c1ZARO C\u00c1RDENAS BATEL DEJA COORDINACI\u00d3N DE ASESORES DE PRESIDENCIA PARA INTEGRARSE A LA CELAC, CONFIRMA AMLO\",\"datePublished\":\"2023-03-18T02:10:51+00:00\",\"mainEntityOfPage\":{\"@id\":\"https:\\\/\\\/redamlo.com\\\/index.php\\\/2023\\\/03\\\/17\\\/lazaro-cardenas-batel-deja-coordinacion-de-asesores-de-presidencia-para-integrarse-a-la-celac-confirma-amlo\\\/\"},\"wordCount\":283,\"commentCount\":0,\"publisher\":{\"@id\":\"https:\\\/\\\/redamlo.com\\\/#organization\"},\"image\":{\"@id\":\"https:\\\/\\\/redamlo.com\\\/index.php\\\/2023\\\/03\\\/17\\\/lazaro-cardenas-batel-deja-coordinacion-de-asesores-de-presidencia-para-integrarse-a-la-celac-confirma-amlo\\\/#primaryimage\"},\"thumbnailUrl\":\"https:\\\/\\\/redamlo.com\\\/wp-content\\\/uploads\\\/2023\\\/03\\\/2023-03-17-Conferencia-de-prensa-matutina-Tabasco-Foto-09.jpg\",\"keywords\":[\"AMLO\",\"Lazaro Cardenas Batel\"],\"articleSection\":[\"Presidencia\"],\"inLanguage\":\"es\",\"potentialAction\":[{\"@type\":\"CommentAction\",\"name\":\"Comment\",\"target\":[\"https:\\\/\\\/redamlo.com\\\/index.php\\\/2023\\\/03\\\/17\\\/lazaro-cardenas-batel-deja-coordinacion-de-asesores-de-presidencia-para-integrarse-a-la-celac-confirma-amlo\\\/#respond\"]}]},{\"@type\":\"WebPage\",\"@id\":\"https:\\\/\\\/redamlo.com\\\/index.php\\\/2023\\\/03\\\/17\\\/lazaro-cardenas-batel-deja-coordinacion-de-asesores-de-presidencia-para-integrarse-a-la-celac-confirma-amlo\\\/\",\"url\":\"https:\\\/\\\/redamlo.com\\\/index.php\\\/2023\\\/03\\\/17\\\/lazaro-cardenas-batel-deja-coordinacion-de-asesores-de-presidencia-para-integrarse-a-la-celac-confirma-amlo\\\/\",\"name\":\"L\u00c1ZARO C\u00c1RDENAS BATEL DEJA COORDINACI\u00d3N DE ASESORES DE PRESIDENCIA PARA INTEGRARSE A LA CELAC, CONFIRMA AMLO - NOTICIAS DE LA 4T\",\"isPartOf\":{\"@id\":\"https:\\\/\\\/redamlo.com\\\/#website\"},\"primaryImageOfPage\":{\"@id\":\"https:\\\/\\\/redamlo.com\\\/index.php\\\/2023\\\/03\\\/17\\\/lazaro-cardenas-batel-deja-coordinacion-de-asesores-de-presidencia-para-integrarse-a-la-celac-confirma-amlo\\\/#primaryimage\"},\"image\":{\"@id\":\"https:\\\/\\\/redamlo.com\\\/index.php\\\/2023\\\/03\\\/17\\\/lazaro-cardenas-batel-deja-coordinacion-de-asesores-de-presidencia-para-integrarse-a-la-celac-confirma-amlo\\\/#primaryimage\"},\"thumbnailUrl\":\"https:\\\/\\\/redamlo.com\\\/wp-content\\\/uploads\\\/2023\\\/03\\\/2023-03-17-Conferencia-de-prensa-matutina-Tabasco-Foto-09.jpg\",\"datePublished\":\"2023-03-18T02:10:51+00:00\",\"breadcrumb\":{\"@id\":\"https:\\\/\\\/redamlo.com\\\/index.php\\\/2023\\\/03\\\/17\\\/lazaro-cardenas-batel-deja-coordinacion-de-asesores-de-presidencia-para-integrarse-a-la-celac-confirma-amlo\\\/#breadcrumb\"},\"inLanguage\":\"es\",\"potentialAction\":[{\"@type\":\"ReadAction\",\"target\":[\"https:\\\/\\\/redamlo.com\\\/index.php\\\/2023\\\/03\\\/17\\\/lazaro-cardenas-batel-deja-coordinacion-de-asesores-de-presidencia-para-integrarse-a-la-celac-confirma-amlo\\\/\"]}]},{\"@type\":\"ImageObject\",\"inLanguage\":\"es\",\"@id\":\"https:\\\/\\\/redamlo.com\\\/index.php\\\/2023\\\/03\\\/17\\\/lazaro-cardenas-batel-deja-coordinacion-de-asesores-de-presidencia-para-integrarse-a-la-celac-confirma-amlo\\\/#primaryimage\",\"url\":\"https:\\\/\\\/redamlo.com\\\/wp-content\\\/uploads\\\/2023\\\/03\\\/2023-03-17-Conferencia-de-prensa-matutina-Tabasco-Foto-09.jpg\",\"contentUrl\":\"https:\\\/\\\/redamlo.com\\\/wp-content\\\/uploads\\\/2023\\\/03\\\/2023-03-17-Conferencia-de-prensa-matutina-Tabasco-Foto-09.jpg\",\"width\":1500,\"height\":1000},{\"@type\":\"BreadcrumbList\",\"@id\":\"https:\\\/\\\/redamlo.com\\\/index.php\\\/2023\\\/03\\\/17\\\/lazaro-cardenas-batel-deja-coordinacion-de-asesores-de-presidencia-para-integrarse-a-la-celac-confirma-amlo\\\/#breadcrumb\",\"itemListElement\":[{\"@type\":\"ListItem\",\"position\":1,\"name\":\"Inicio\",\"item\":\"https:\\\/\\\/redamlo.com\\\/\"},{\"@type\":\"ListItem\",\"position\":2,\"name\":\"L\u00c1ZARO C\u00c1RDENAS BATEL DEJA COORDINACI\u00d3N DE ASESORES DE PRESIDENCIA PARA INTEGRARSE A LA CELAC, CONFIRMA AMLO\"}]},{\"@type\":\"WebSite\",\"@id\":\"https:\\\/\\\/redamlo.com\\\/#website\",\"url\":\"https:\\\/\\\/redamlo.com\\\/\",\"name\":\"NOTICIAS DE LA 4T\",\"description\":\"\",\"publisher\":{\"@id\":\"https:\\\/\\\/redamlo.com\\\/#organization\"},\"potentialAction\":[{\"@type\":\"SearchAction\",\"target\":{\"@type\":\"EntryPoint\",\"urlTemplate\":\"https:\\\/\\\/redamlo.com\\\/?s={search_term_string}\"},\"query-input\":{\"@type\":\"PropertyValueSpecification\",\"valueRequired\":true,\"valueName\":\"search_term_string\"}}],\"inLanguage\":\"es\"},{\"@type\":\"Organization\",\"@id\":\"https:\\\/\\\/redamlo.com\\\/#organization\",\"name\":\"NOTICIAS DE LA 4T\",\"url\":\"https:\\\/\\\/redamlo.com\\\/\",\"logo\":{\"@type\":\"ImageObject\",\"inLanguage\":\"es\",\"@id\":\"https:\\\/\\\/redamlo.com\\\/#\\\/schema\\\/logo\\\/image\\\/\",\"url\":\"https:\\\/\\\/redamlo.com\\\/wp-content\\\/uploads\\\/2024\\\/08\\\/cropped-RED-AMLO-logo-50.png\",\"contentUrl\":\"https:\\\/\\\/redamlo.com\\\/wp-content\\\/uploads\\\/2024\\\/08\\\/cropped-RED-AMLO-logo-50.png\",\"width\":256,\"height\":256,\"caption\":\"NOTICIAS DE LA 4T\"},\"image\":{\"@id\":\"https:\\\/\\\/redamlo.com\\\/#\\\/schema\\\/logo\\\/image\\\/\"}},{\"@type\":\"Person\",\"@id\":\"https:\\\/\\\/redamlo.com\\\/#\\\/schema\\\/person\\\/7223a4375eb8f1a782fcae010a7115cf\",\"name\":\"Blanca\",\"image\":{\"@type\":\"ImageObject\",\"inLanguage\":\"es\",\"@id\":\"https:\\\/\\\/secure.gravatar.com\\\/avatar\\\/3f79bc8336367a4e6093eae8757acaaf61d1124834b905616de7829b0273426d?s=96&d=mm&r=g\",\"url\":\"https:\\\/\\\/secure.gravatar.com\\\/avatar\\\/3f79bc8336367a4e6093eae8757acaaf61d1124834b905616de7829b0273426d?s=96&d=mm&r=g\",\"contentUrl\":\"https:\\\/\\\/secure.gravatar.com\\\/avatar\\\/3f79bc8336367a4e6093eae8757acaaf61d1124834b905616de7829b0273426d?s=96&d=mm&r=g\",\"caption\":\"Blanca\"},\"url\":\"https:\\\/\\\/redamlo.com\\\/index.php\\\/author\\\/blanca\\\/\"}]}<\/script>\n<!-- \/ Yoast SEO plugin. -->","yoast_head_json":{"title":"L\u00c1ZARO C\u00c1RDENAS BATEL DEJA COORDINACI\u00d3N DE ASESORES DE PRESIDENCIA PARA INTEGRARSE A LA CELAC, CONFIRMA AMLO - NOTICIAS DE LA 4T","robots":{"index":"noindex","follow":"follow","max-snippet":"max-snippet:-1","max-image-preview":"max-image-preview:large","max-video-preview":"max-video-preview:-1"},"og_locale":"es_MX","og_type":"article","og_title":"L\u00c1ZARO C\u00c1RDENAS BATEL DEJA COORDINACI\u00d3N DE ASESORES DE PRESIDENCIA PARA INTEGRARSE A LA CELAC, CONFIRMA AMLO - NOTICIAS DE LA 4T","og_description":"El presidente Andr\u00e9s Manuel L\u00f3pez Obrador confirm\u00f3 que L\u00e1zaro C\u00e1rdenas Batel dejar\u00e1 el cargo de...","og_url":"https:\/\/redamlo.com\/index.php\/2023\/03\/17\/lazaro-cardenas-batel-deja-coordinacion-de-asesores-de-presidencia-para-integrarse-a-la-celac-confirma-amlo\/","og_site_name":"NOTICIAS DE LA 4T","article_published_time":"2023-03-18T02:10:51+00:00","og_image":[{"width":1500,"height":1000,"url":"https:\/\/redamlo.com\/wp-content\/uploads\/2023\/03\/2023-03-17-Conferencia-de-prensa-matutina-Tabasco-Foto-09.jpg","type":"image\/jpeg"}],"author":"Blanca","twitter_card":"summary_large_image","twitter_misc":{"Escrito por":"Blanca","Tiempo de lectura":"2 minutos"},"schema":{"@context":"https:\/\/schema.org","@graph":[{"@type":"Article","@id":"https:\/\/redamlo.com\/index.php\/2023\/03\/17\/lazaro-cardenas-batel-deja-coordinacion-de-asesores-de-presidencia-para-integrarse-a-la-celac-confirma-amlo\/#article","isPartOf":{"@id":"https:\/\/redamlo.com\/index.php\/2023\/03\/17\/lazaro-cardenas-batel-deja-coordinacion-de-asesores-de-presidencia-para-integrarse-a-la-celac-confirma-amlo\/"},"author":{"name":"Blanca","@id":"https:\/\/redamlo.com\/#\/schema\/person\/7223a4375eb8f1a782fcae010a7115cf"},"headline":"L\u00c1ZARO C\u00c1RDENAS BATEL DEJA COORDINACI\u00d3N DE ASESORES DE PRESIDENCIA PARA INTEGRARSE A LA CELAC, CONFIRMA AMLO","datePublished":"2023-03-18T02:10:51+00:00","mainEntityOfPage":{"@id":"https:\/\/redamlo.com\/index.php\/2023\/03\/17\/lazaro-cardenas-batel-deja-coordinacion-de-asesores-de-presidencia-para-integrarse-a-la-celac-confirma-amlo\/"},"wordCount":283,"commentCount":0,"publisher":{"@id":"https:\/\/redamlo.com\/#organization"},"image":{"@id":"https:\/\/redamlo.com\/index.php\/2023\/03\/17\/lazaro-cardenas-batel-deja-coordinacion-de-asesores-de-presidencia-para-integrarse-a-la-celac-confirma-amlo\/#primaryimage"},"thumbnailUrl":"https:\/\/redamlo.com\/wp-content\/uploads\/2023\/03\/2023-03-17-Conferencia-de-prensa-matutina-Tabasco-Foto-09.jpg","keywords":["AMLO","Lazaro Cardenas Batel"],"articleSection":["Presidencia"],"inLanguage":"es","potentialAction":[{"@type":"CommentAction","name":"Comment","target":["https:\/\/redamlo.com\/index.php\/2023\/03\/17\/lazaro-cardenas-batel-deja-coordinacion-de-asesores-de-presidencia-para-integrarse-a-la-celac-confirma-amlo\/#respond"]}]},{"@type":"WebPage","@id":"https:\/\/redamlo.com\/index.php\/2023\/03\/17\/lazaro-cardenas-batel-deja-coordinacion-de-asesores-de-presidencia-para-integrarse-a-la-celac-confirma-amlo\/","url":"https:\/\/redamlo.com\/index.php\/2023\/03\/17\/lazaro-cardenas-batel-deja-coordinacion-de-asesores-de-presidencia-para-integrarse-a-la-celac-confirma-amlo\/","name":"L\u00c1ZARO C\u00c1RDENAS BATEL DEJA COORDINACI\u00d3N DE ASESORES DE PRESIDENCIA PARA INTEGRARSE A LA CELAC, CONFIRMA AMLO - NOTICIAS DE LA 4T","isPartOf":{"@id":"https:\/\/redamlo.com\/#website"},"primaryImageOfPage":{"@id":"https:\/\/redamlo.com\/index.php\/2023\/03\/17\/lazaro-cardenas-batel-deja-coordinacion-de-asesores-de-presidencia-para-integrarse-a-la-celac-confirma-amlo\/#primaryimage"},"image":{"@id":"https:\/\/redamlo.com\/index.php\/2023\/03\/17\/lazaro-cardenas-batel-deja-coordinacion-de-asesores-de-presidencia-para-integrarse-a-la-celac-confirma-amlo\/#primaryimage"},"thumbnailUrl":"https:\/\/redamlo.com\/wp-content\/uploads\/2023\/03\/2023-03-17-Conferencia-de-prensa-matutina-Tabasco-Foto-09.jpg","datePublished":"2023-03-18T02:10:51+00:00","breadcrumb":{"@id":"https:\/\/redamlo.com\/index.php\/2023\/03\/17\/lazaro-cardenas-batel-deja-coordinacion-de-asesores-de-presidencia-para-integrarse-a-la-celac-confirma-amlo\/#breadcrumb"},"inLanguage":"es","potentialAction":[{"@type":"ReadAction","target":["https:\/\/redamlo.com\/index.php\/2023\/03\/17\/lazaro-cardenas-batel-deja-coordinacion-de-asesores-de-presidencia-para-integrarse-a-la-celac-confirma-amlo\/"]}]},{"@type":"ImageObject","inLanguage":"es","@id":"https:\/\/redamlo.com\/index.php\/2023\/03\/17\/lazaro-cardenas-batel-deja-coordinacion-de-asesores-de-presidencia-para-integrarse-a-la-celac-confirma-amlo\/#primaryimage","url":"https:\/\/redamlo.com\/wp-content\/uploads\/2023\/03\/2023-03-17-Conferencia-de-prensa-matutina-Tabasco-Foto-09.jpg","contentUrl":"https:\/\/redamlo.com\/wp-content\/uploads\/2023\/03\/2023-03-17-Conferencia-de-prensa-matutina-Tabasco-Foto-09.jpg","width":1500,"height":1000},{"@type":"BreadcrumbList","@id":"https:\/\/redamlo.com\/index.php\/2023\/03\/17\/lazaro-cardenas-batel-deja-coordinacion-de-asesores-de-presidencia-para-integrarse-a-la-celac-confirma-amlo\/#breadcrumb","itemListElement":[{"@type":"ListItem","position":1,"name":"Inicio","item":"https:\/\/redamlo.com\/"},{"@type":"ListItem","position":2,"name":"L\u00c1ZARO C\u00c1RDENAS BATEL DEJA COORDINACI\u00d3N DE ASESORES DE PRESIDENCIA PARA INTEGRARSE A LA CELAC, CONFIRMA AMLO"}]},{"@type":"WebSite","@id":"https:\/\/redamlo.com\/#website","url":"https:\/\/redamlo.com\/","name":"NOTICIAS DE LA 4T","description":"","publisher":{"@id":"https:\/\/redamlo.com\/#organization"},"potentialAction":[{"@type":"SearchAction","target":{"@type":"EntryPoint","urlTemplate":"https:\/\/redamlo.com\/?s={search_term_string}"},"query-input":{"@type":"PropertyValueSpecification","valueRequired":true,"valueName":"search_term_string"}}],"inLanguage":"es"},{"@type":"Organization","@id":"https:\/\/redamlo.com\/#organization","name":"NOTICIAS DE LA 4T","url":"https:\/\/redamlo.com\/","logo":{"@type":"ImageObject","inLanguage":"es","@id":"https:\/\/redamlo.com\/#\/schema\/logo\/image\/","url":"https:\/\/redamlo.com\/wp-content\/uploads\/2024\/08\/cropped-RED-AMLO-logo-50.png","contentUrl":"https:\/\/redamlo.com\/wp-content\/uploads\/2024\/08\/cropped-RED-AMLO-logo-50.png","width":256,"height":256,"caption":"NOTICIAS DE LA 4T"},"image":{"@id":"https:\/\/redamlo.com\/#\/schema\/logo\/image\/"}},{"@type":"Person","@id":"https:\/\/redamlo.com\/#\/schema\/person\/7223a4375eb8f1a782fcae010a7115cf","name":"Blanca","image":{"@type":"ImageObject","inLanguage":"es","@id":"https:\/\/secure.gravatar.com\/avatar\/3f79bc8336367a4e6093eae8757acaaf61d1124834b905616de7829b0273426d?s=96&d=mm&r=g","url":"https:\/\/secure.gravatar.com\/avatar\/3f79bc8336367a4e6093eae8757acaaf61d1124834b905616de7829b0273426d?s=96&d=mm&r=g","contentUrl":"https:\/\/secure.gravatar.com\/avatar\/3f79bc8336367a4e6093eae8757acaaf61d1124834b905616de7829b0273426d?s=96&d=mm&r=g","caption":"Blanca"},"url":"https:\/\/redamlo.com\/index.php\/author\/blanca\/"}]}},"_links":{"self":[{"href":"https:\/\/redamlo.com\/index.php\/wp-json\/wp\/v2\/posts\/6745","targetHints":{"allow":["GET"]}}],"collection":[{"href":"https:\/\/redamlo.com\/index.php\/wp-json\/wp\/v2\/posts"}],"about":[{"href":"https:\/\/redamlo.com\/index.php\/wp-json\/wp\/v2\/types\/post"}],"author":[{"embeddable":true,"href":"https:\/\/redamlo.com\/index.php\/wp-json\/wp\/v2\/users\/2"}],"replies":[{"embeddable":true,"href":"https:\/\/redamlo.com\/index.php\/wp-json\/wp\/v2\/comments?post=6745"}],"version-history":[{"count":0,"href":"https:\/\/redamlo.com\/index.php\/wp-json\/wp\/v2\/posts\/6745\/revisions"}],"wp:featuredmedia":[{"embeddable":true,"href":"https:\/\/redamlo.com\/index.php\/wp-json\/wp\/v2\/media\/6746"}],"wp:attachment":[{"href":"https:\/\/redamlo.com\/index.php\/wp-json\/wp\/v2\/media?parent=6745"}],"wp:term":[{"taxonomy":"category","embeddable":true,"href":"https:\/\/redamlo.com\/index.php\/wp-json\/wp\/v2\/categories?post=6745"},{"taxonomy":"post_tag","embeddable":true,"href":"https:\/\/redamlo.com\/index.php\/wp-json\/wp\/v2\/tags?post=6745"}],"curies":[{"name":"wp","href":"https:\/\/api.w.org\/{rel}","templated":true}]}}