{"id":674,"date":"2019-11-05T21:10:52","date_gmt":"2019-11-06T03:10:52","guid":{"rendered":"http:\/\/redamlo.com\/?p=674"},"modified":"2019-11-05T21:10:52","modified_gmt":"2019-11-06T03:10:52","slug":"gael-garcia-bernal-arremete-contra-lopez-obrador-y-lo-tunden-en-twitter","status":"publish","type":"post","link":"https:\/\/redamlo.com\/index.php\/2019\/11\/05\/gael-garcia-bernal-arremete-contra-lopez-obrador-y-lo-tunden-en-twitter\/","title":{"rendered":"Gael Garc\u00eda Bernal arremete contra L\u00f3pez Obrador y lo tunden en Twitter"},"content":{"rendered":"<p><strong>Ciudad de M\u00e9xico a 05 de Noviembre 2019 (Cdmx Press).-\u00a0<\/strong><\/p>\n<p>Tras los violentos sucesos registrados el d\u00eda de ayer en Chihuahua, algunos personajes\u00a0 han alzado la voz a trav\u00e9s de sus redes sociales para exigir paz y pedir un mejor gobierno.<\/p>\n<p>Uno de ellos fue <strong>Gael Garc\u00e1a Bernal<\/strong>, quien en su twitter manifest\u00f3:<\/p>\n<p><strong>\u00ab\u00bfPara qu\u00e9 chingados votamos por ustedes?\u00bb<\/strong><\/p>\n<p>&nbsp;<\/p>\n<p>Ante su postura los seguidores de <strong>Andres Manuel Lopez Obrador<\/strong> no esperaron para darle una paliza en <strong>Redes Sociales.<\/strong><\/p>\n<p>&nbsp;<\/p>\n<blockquote class=\"twitter-tweet\">\n<p dir=\"ltr\" lang=\"es\">Si no cambia el gobierno y <a href=\"https:\/\/twitter.com\/lopezobrador_?ref_src=twsrc%5Etfw\">@lopezobrador_<\/a> de narrativa para asumir sus responsabilidades \u00bfPara qu\u00e9 chingados votamos por ustedes? M\u00e1s vale que asuman por completo su responsabilidad y hagan lo imposible para que esto no suceda m\u00e1s. Que se vuelva su mantra y su objetivo.<\/p>\n<p>\u2014 Gael Garc\u00eda Bernal (@GaelGarciaB) <a href=\"https:\/\/twitter.com\/GaelGarciaB\/status\/1191695756182339584?ref_src=twsrc%5Etfw\">November 5, 2019<\/a><\/p><\/blockquote>\n<p><script async src=\"https:\/\/platform.twitter.com\/widgets.js\" charset=\"utf-8\"><\/script><\/p>\n<p>Entre las respuestas que recibi\u00f3 podemos apreciar lo siguiente:<\/p>\n<p>&nbsp;<\/p>\n<blockquote class=\"twitter-tweet\">\n<p dir=\"ltr\" lang=\"es\">\u00bfSab\u00edas que Chihuahua tiene gobernador del PAN y se llama Javier Corral? \u00bfSab\u00edas que se le destina presupuesto de la Federaci\u00f3n para seguridad a los estados y municipios? \u00bfEntonces porque culpas a AMLO de una responsabilidad q no tiene en el caao LeBar\u00f3n? Bueno, t\u00fa no sabes nada.<\/p>\n<p>\u2014 El T\u00edo Tony (@Eltiotonysoy) <a href=\"https:\/\/twitter.com\/Eltiotonysoy\/status\/1191809544332156929?ref_src=twsrc%5Etfw\">November 5, 2019<\/a><\/p><\/blockquote>\n<p><script async src=\"https:\/\/platform.twitter.com\/widgets.js\" charset=\"utf-8\"><\/script><\/p>\n<blockquote class=\"twitter-tweet\">\n<p dir=\"ltr\" lang=\"es\">Te exhibes como un ignorante y golpeador m\u00e1s. Pero t\u00fa opini\u00f3n vale s\u00f3lo &#8220;uno&#8221;, millones apoyamos a nuestro presidente.<\/p>\n<p>\u2014 R Hermosillo (@HermosilloGR) <a href=\"https:\/\/twitter.com\/HermosilloGR\/status\/1191778874427760641?ref_src=twsrc%5Etfw\">November 5, 2019<\/a><\/p><\/blockquote>\n<p><script async src=\"https:\/\/platform.twitter.com\/widgets.js\" charset=\"utf-8\"><\/script><\/p>\n","protected":false},"excerpt":{"rendered":"<p>Ciudad de M\u00e9xico a 05 de Noviembre 2019 (Cdmx Press).-\u00a0 Tras los violentos sucesos registrados&#8230;<\/p>\n","protected":false},"author":2,"featured_media":676,"comment_status":"open","ping_status":"closed","sticky":false,"template":"","format":"standard","meta":{"footnotes":""},"categories":[25,20],"tags":[],"class_list":["post-674","post","type-post","status-publish","format-standard","has-post-thumbnail","hentry","category-4t","category-nacionales"],"yoast_head":"<!-- This site is optimized with the Yoast SEO plugin v27.5 - https:\/\/yoast.com\/product\/yoast-seo-wordpress\/ -->\n<title>Gael Garc\u00eda Bernal arremete contra L\u00f3pez Obrador y lo tunden en Twitter - NOTICIAS DE LA 4T<\/title>\n<meta name=\"robots\" content=\"noindex, follow, max-snippet:-1, max-image-preview:large, max-video-preview:-1\" \/>\n<meta property=\"og:locale\" content=\"es_MX\" \/>\n<meta property=\"og:type\" content=\"article\" \/>\n<meta property=\"og:title\" content=\"Gael Garc\u00eda Bernal arremete contra L\u00f3pez Obrador y lo tunden en Twitter - NOTICIAS DE LA 4T\" \/>\n<meta property=\"og:description\" content=\"Ciudad de M\u00e9xico a 05 de Noviembre 2019 (Cdmx Press).-\u00a0 Tras los violentos sucesos registrados...\" \/>\n<meta property=\"og:url\" content=\"https:\/\/redamlo.com\/index.php\/2019\/11\/05\/gael-garcia-bernal-arremete-contra-lopez-obrador-y-lo-tunden-en-twitter\/\" \/>\n<meta property=\"og:site_name\" content=\"NOTICIAS DE LA 4T\" \/>\n<meta property=\"article:published_time\" content=\"2019-11-06T03:10:52+00:00\" \/>\n<meta property=\"og:image\" content=\"https:\/\/redamlo.com\/wp-content\/uploads\/2019\/11\/gael-garcia-bernal-on-twitter.jpg\" \/>\n\t<meta property=\"og:image:width\" content=\"1772\" \/>\n\t<meta property=\"og:image:height\" content=\"945\" \/>\n\t<meta property=\"og:image:type\" content=\"image\/jpeg\" \/>\n<meta name=\"author\" content=\"Blanca\" \/>\n<meta name=\"twitter:card\" content=\"summary_large_image\" \/>\n<meta name=\"twitter:label1\" content=\"Escrito por\" \/>\n\t<meta name=\"twitter:data1\" content=\"Blanca\" \/>\n\t<meta name=\"twitter:label2\" content=\"Tiempo de lectura\" \/>\n\t<meta name=\"twitter:data2\" content=\"1 minuto\" \/>\n<script type=\"application\/ld+json\" class=\"yoast-schema-graph\">{\"@context\":\"https:\\\/\\\/schema.org\",\"@graph\":[{\"@type\":\"Article\",\"@id\":\"https:\\\/\\\/redamlo.com\\\/index.php\\\/2019\\\/11\\\/05\\\/gael-garcia-bernal-arremete-contra-lopez-obrador-y-lo-tunden-en-twitter\\\/#article\",\"isPartOf\":{\"@id\":\"https:\\\/\\\/redamlo.com\\\/index.php\\\/2019\\\/11\\\/05\\\/gael-garcia-bernal-arremete-contra-lopez-obrador-y-lo-tunden-en-twitter\\\/\"},\"author\":{\"name\":\"Blanca\",\"@id\":\"https:\\\/\\\/redamlo.com\\\/#\\\/schema\\\/person\\\/7223a4375eb8f1a782fcae010a7115cf\"},\"headline\":\"Gael Garc\u00eda Bernal arremete contra L\u00f3pez Obrador y lo tunden en Twitter\",\"datePublished\":\"2019-11-06T03:10:52+00:00\",\"mainEntityOfPage\":{\"@id\":\"https:\\\/\\\/redamlo.com\\\/index.php\\\/2019\\\/11\\\/05\\\/gael-garcia-bernal-arremete-contra-lopez-obrador-y-lo-tunden-en-twitter\\\/\"},\"wordCount\":244,\"commentCount\":0,\"publisher\":{\"@id\":\"https:\\\/\\\/redamlo.com\\\/#organization\"},\"image\":{\"@id\":\"https:\\\/\\\/redamlo.com\\\/index.php\\\/2019\\\/11\\\/05\\\/gael-garcia-bernal-arremete-contra-lopez-obrador-y-lo-tunden-en-twitter\\\/#primaryimage\"},\"thumbnailUrl\":\"https:\\\/\\\/redamlo.com\\\/wp-content\\\/uploads\\\/2019\\\/11\\\/gael-garcia-bernal-on-twitter.jpg\",\"articleSection\":[\"4T\",\"Nacionales\"],\"inLanguage\":\"es\",\"potentialAction\":[{\"@type\":\"CommentAction\",\"name\":\"Comment\",\"target\":[\"https:\\\/\\\/redamlo.com\\\/index.php\\\/2019\\\/11\\\/05\\\/gael-garcia-bernal-arremete-contra-lopez-obrador-y-lo-tunden-en-twitter\\\/#respond\"]}]},{\"@type\":\"WebPage\",\"@id\":\"https:\\\/\\\/redamlo.com\\\/index.php\\\/2019\\\/11\\\/05\\\/gael-garcia-bernal-arremete-contra-lopez-obrador-y-lo-tunden-en-twitter\\\/\",\"url\":\"https:\\\/\\\/redamlo.com\\\/index.php\\\/2019\\\/11\\\/05\\\/gael-garcia-bernal-arremete-contra-lopez-obrador-y-lo-tunden-en-twitter\\\/\",\"name\":\"Gael Garc\u00eda Bernal arremete contra L\u00f3pez Obrador y lo tunden en Twitter - NOTICIAS DE LA 4T\",\"isPartOf\":{\"@id\":\"https:\\\/\\\/redamlo.com\\\/#website\"},\"primaryImageOfPage\":{\"@id\":\"https:\\\/\\\/redamlo.com\\\/index.php\\\/2019\\\/11\\\/05\\\/gael-garcia-bernal-arremete-contra-lopez-obrador-y-lo-tunden-en-twitter\\\/#primaryimage\"},\"image\":{\"@id\":\"https:\\\/\\\/redamlo.com\\\/index.php\\\/2019\\\/11\\\/05\\\/gael-garcia-bernal-arremete-contra-lopez-obrador-y-lo-tunden-en-twitter\\\/#primaryimage\"},\"thumbnailUrl\":\"https:\\\/\\\/redamlo.com\\\/wp-content\\\/uploads\\\/2019\\\/11\\\/gael-garcia-bernal-on-twitter.jpg\",\"datePublished\":\"2019-11-06T03:10:52+00:00\",\"breadcrumb\":{\"@id\":\"https:\\\/\\\/redamlo.com\\\/index.php\\\/2019\\\/11\\\/05\\\/gael-garcia-bernal-arremete-contra-lopez-obrador-y-lo-tunden-en-twitter\\\/#breadcrumb\"},\"inLanguage\":\"es\",\"potentialAction\":[{\"@type\":\"ReadAction\",\"target\":[\"https:\\\/\\\/redamlo.com\\\/index.php\\\/2019\\\/11\\\/05\\\/gael-garcia-bernal-arremete-contra-lopez-obrador-y-lo-tunden-en-twitter\\\/\"]}]},{\"@type\":\"ImageObject\",\"inLanguage\":\"es\",\"@id\":\"https:\\\/\\\/redamlo.com\\\/index.php\\\/2019\\\/11\\\/05\\\/gael-garcia-bernal-arremete-contra-lopez-obrador-y-lo-tunden-en-twitter\\\/#primaryimage\",\"url\":\"https:\\\/\\\/redamlo.com\\\/wp-content\\\/uploads\\\/2019\\\/11\\\/gael-garcia-bernal-on-twitter.jpg\",\"contentUrl\":\"https:\\\/\\\/redamlo.com\\\/wp-content\\\/uploads\\\/2019\\\/11\\\/gael-garcia-bernal-on-twitter.jpg\",\"width\":1772,\"height\":945},{\"@type\":\"BreadcrumbList\",\"@id\":\"https:\\\/\\\/redamlo.com\\\/index.php\\\/2019\\\/11\\\/05\\\/gael-garcia-bernal-arremete-contra-lopez-obrador-y-lo-tunden-en-twitter\\\/#breadcrumb\",\"itemListElement\":[{\"@type\":\"ListItem\",\"position\":1,\"name\":\"Inicio\",\"item\":\"https:\\\/\\\/redamlo.com\\\/\"},{\"@type\":\"ListItem\",\"position\":2,\"name\":\"Gael Garc\u00eda Bernal arremete contra L\u00f3pez Obrador y lo tunden en Twitter\"}]},{\"@type\":\"WebSite\",\"@id\":\"https:\\\/\\\/redamlo.com\\\/#website\",\"url\":\"https:\\\/\\\/redamlo.com\\\/\",\"name\":\"NOTICIAS DE LA 4T\",\"description\":\"\",\"publisher\":{\"@id\":\"https:\\\/\\\/redamlo.com\\\/#organization\"},\"potentialAction\":[{\"@type\":\"SearchAction\",\"target\":{\"@type\":\"EntryPoint\",\"urlTemplate\":\"https:\\\/\\\/redamlo.com\\\/?s={search_term_string}\"},\"query-input\":{\"@type\":\"PropertyValueSpecification\",\"valueRequired\":true,\"valueName\":\"search_term_string\"}}],\"inLanguage\":\"es\"},{\"@type\":\"Organization\",\"@id\":\"https:\\\/\\\/redamlo.com\\\/#organization\",\"name\":\"NOTICIAS DE LA 4T\",\"url\":\"https:\\\/\\\/redamlo.com\\\/\",\"logo\":{\"@type\":\"ImageObject\",\"inLanguage\":\"es\",\"@id\":\"https:\\\/\\\/redamlo.com\\\/#\\\/schema\\\/logo\\\/image\\\/\",\"url\":\"https:\\\/\\\/redamlo.com\\\/wp-content\\\/uploads\\\/2024\\\/08\\\/cropped-RED-AMLO-logo-50.png\",\"contentUrl\":\"https:\\\/\\\/redamlo.com\\\/wp-content\\\/uploads\\\/2024\\\/08\\\/cropped-RED-AMLO-logo-50.png\",\"width\":256,\"height\":256,\"caption\":\"NOTICIAS DE LA 4T\"},\"image\":{\"@id\":\"https:\\\/\\\/redamlo.com\\\/#\\\/schema\\\/logo\\\/image\\\/\"}},{\"@type\":\"Person\",\"@id\":\"https:\\\/\\\/redamlo.com\\\/#\\\/schema\\\/person\\\/7223a4375eb8f1a782fcae010a7115cf\",\"name\":\"Blanca\",\"image\":{\"@type\":\"ImageObject\",\"inLanguage\":\"es\",\"@id\":\"https:\\\/\\\/secure.gravatar.com\\\/avatar\\\/3f79bc8336367a4e6093eae8757acaaf61d1124834b905616de7829b0273426d?s=96&d=mm&r=g\",\"url\":\"https:\\\/\\\/secure.gravatar.com\\\/avatar\\\/3f79bc8336367a4e6093eae8757acaaf61d1124834b905616de7829b0273426d?s=96&d=mm&r=g\",\"contentUrl\":\"https:\\\/\\\/secure.gravatar.com\\\/avatar\\\/3f79bc8336367a4e6093eae8757acaaf61d1124834b905616de7829b0273426d?s=96&d=mm&r=g\",\"caption\":\"Blanca\"},\"url\":\"https:\\\/\\\/redamlo.com\\\/index.php\\\/author\\\/blanca\\\/\"}]}<\/script>\n<!-- \/ Yoast SEO plugin. -->","yoast_head_json":{"title":"Gael Garc\u00eda Bernal arremete contra L\u00f3pez Obrador y lo tunden en Twitter - NOTICIAS DE LA 4T","robots":{"index":"noindex","follow":"follow","max-snippet":"max-snippet:-1","max-image-preview":"max-image-preview:large","max-video-preview":"max-video-preview:-1"},"og_locale":"es_MX","og_type":"article","og_title":"Gael Garc\u00eda Bernal arremete contra L\u00f3pez Obrador y lo tunden en Twitter - NOTICIAS DE LA 4T","og_description":"Ciudad de M\u00e9xico a 05 de Noviembre 2019 (Cdmx Press).-\u00a0 Tras los violentos sucesos registrados...","og_url":"https:\/\/redamlo.com\/index.php\/2019\/11\/05\/gael-garcia-bernal-arremete-contra-lopez-obrador-y-lo-tunden-en-twitter\/","og_site_name":"NOTICIAS DE LA 4T","article_published_time":"2019-11-06T03:10:52+00:00","og_image":[{"width":1772,"height":945,"url":"https:\/\/redamlo.com\/wp-content\/uploads\/2019\/11\/gael-garcia-bernal-on-twitter.jpg","type":"image\/jpeg"}],"author":"Blanca","twitter_card":"summary_large_image","twitter_misc":{"Escrito por":"Blanca","Tiempo de lectura":"1 minuto"},"schema":{"@context":"https:\/\/schema.org","@graph":[{"@type":"Article","@id":"https:\/\/redamlo.com\/index.php\/2019\/11\/05\/gael-garcia-bernal-arremete-contra-lopez-obrador-y-lo-tunden-en-twitter\/#article","isPartOf":{"@id":"https:\/\/redamlo.com\/index.php\/2019\/11\/05\/gael-garcia-bernal-arremete-contra-lopez-obrador-y-lo-tunden-en-twitter\/"},"author":{"name":"Blanca","@id":"https:\/\/redamlo.com\/#\/schema\/person\/7223a4375eb8f1a782fcae010a7115cf"},"headline":"Gael Garc\u00eda Bernal arremete contra L\u00f3pez Obrador y lo tunden en Twitter","datePublished":"2019-11-06T03:10:52+00:00","mainEntityOfPage":{"@id":"https:\/\/redamlo.com\/index.php\/2019\/11\/05\/gael-garcia-bernal-arremete-contra-lopez-obrador-y-lo-tunden-en-twitter\/"},"wordCount":244,"commentCount":0,"publisher":{"@id":"https:\/\/redamlo.com\/#organization"},"image":{"@id":"https:\/\/redamlo.com\/index.php\/2019\/11\/05\/gael-garcia-bernal-arremete-contra-lopez-obrador-y-lo-tunden-en-twitter\/#primaryimage"},"thumbnailUrl":"https:\/\/redamlo.com\/wp-content\/uploads\/2019\/11\/gael-garcia-bernal-on-twitter.jpg","articleSection":["4T","Nacionales"],"inLanguage":"es","potentialAction":[{"@type":"CommentAction","name":"Comment","target":["https:\/\/redamlo.com\/index.php\/2019\/11\/05\/gael-garcia-bernal-arremete-contra-lopez-obrador-y-lo-tunden-en-twitter\/#respond"]}]},{"@type":"WebPage","@id":"https:\/\/redamlo.com\/index.php\/2019\/11\/05\/gael-garcia-bernal-arremete-contra-lopez-obrador-y-lo-tunden-en-twitter\/","url":"https:\/\/redamlo.com\/index.php\/2019\/11\/05\/gael-garcia-bernal-arremete-contra-lopez-obrador-y-lo-tunden-en-twitter\/","name":"Gael Garc\u00eda Bernal arremete contra L\u00f3pez Obrador y lo tunden en Twitter - NOTICIAS DE LA 4T","isPartOf":{"@id":"https:\/\/redamlo.com\/#website"},"primaryImageOfPage":{"@id":"https:\/\/redamlo.com\/index.php\/2019\/11\/05\/gael-garcia-bernal-arremete-contra-lopez-obrador-y-lo-tunden-en-twitter\/#primaryimage"},"image":{"@id":"https:\/\/redamlo.com\/index.php\/2019\/11\/05\/gael-garcia-bernal-arremete-contra-lopez-obrador-y-lo-tunden-en-twitter\/#primaryimage"},"thumbnailUrl":"https:\/\/redamlo.com\/wp-content\/uploads\/2019\/11\/gael-garcia-bernal-on-twitter.jpg","datePublished":"2019-11-06T03:10:52+00:00","breadcrumb":{"@id":"https:\/\/redamlo.com\/index.php\/2019\/11\/05\/gael-garcia-bernal-arremete-contra-lopez-obrador-y-lo-tunden-en-twitter\/#breadcrumb"},"inLanguage":"es","potentialAction":[{"@type":"ReadAction","target":["https:\/\/redamlo.com\/index.php\/2019\/11\/05\/gael-garcia-bernal-arremete-contra-lopez-obrador-y-lo-tunden-en-twitter\/"]}]},{"@type":"ImageObject","inLanguage":"es","@id":"https:\/\/redamlo.com\/index.php\/2019\/11\/05\/gael-garcia-bernal-arremete-contra-lopez-obrador-y-lo-tunden-en-twitter\/#primaryimage","url":"https:\/\/redamlo.com\/wp-content\/uploads\/2019\/11\/gael-garcia-bernal-on-twitter.jpg","contentUrl":"https:\/\/redamlo.com\/wp-content\/uploads\/2019\/11\/gael-garcia-bernal-on-twitter.jpg","width":1772,"height":945},{"@type":"BreadcrumbList","@id":"https:\/\/redamlo.com\/index.php\/2019\/11\/05\/gael-garcia-bernal-arremete-contra-lopez-obrador-y-lo-tunden-en-twitter\/#breadcrumb","itemListElement":[{"@type":"ListItem","position":1,"name":"Inicio","item":"https:\/\/redamlo.com\/"},{"@type":"ListItem","position":2,"name":"Gael Garc\u00eda Bernal arremete contra L\u00f3pez Obrador y lo tunden en Twitter"}]},{"@type":"WebSite","@id":"https:\/\/redamlo.com\/#website","url":"https:\/\/redamlo.com\/","name":"NOTICIAS DE LA 4T","description":"","publisher":{"@id":"https:\/\/redamlo.com\/#organization"},"potentialAction":[{"@type":"SearchAction","target":{"@type":"EntryPoint","urlTemplate":"https:\/\/redamlo.com\/?s={search_term_string}"},"query-input":{"@type":"PropertyValueSpecification","valueRequired":true,"valueName":"search_term_string"}}],"inLanguage":"es"},{"@type":"Organization","@id":"https:\/\/redamlo.com\/#organization","name":"NOTICIAS DE LA 4T","url":"https:\/\/redamlo.com\/","logo":{"@type":"ImageObject","inLanguage":"es","@id":"https:\/\/redamlo.com\/#\/schema\/logo\/image\/","url":"https:\/\/redamlo.com\/wp-content\/uploads\/2024\/08\/cropped-RED-AMLO-logo-50.png","contentUrl":"https:\/\/redamlo.com\/wp-content\/uploads\/2024\/08\/cropped-RED-AMLO-logo-50.png","width":256,"height":256,"caption":"NOTICIAS DE LA 4T"},"image":{"@id":"https:\/\/redamlo.com\/#\/schema\/logo\/image\/"}},{"@type":"Person","@id":"https:\/\/redamlo.com\/#\/schema\/person\/7223a4375eb8f1a782fcae010a7115cf","name":"Blanca","image":{"@type":"ImageObject","inLanguage":"es","@id":"https:\/\/secure.gravatar.com\/avatar\/3f79bc8336367a4e6093eae8757acaaf61d1124834b905616de7829b0273426d?s=96&d=mm&r=g","url":"https:\/\/secure.gravatar.com\/avatar\/3f79bc8336367a4e6093eae8757acaaf61d1124834b905616de7829b0273426d?s=96&d=mm&r=g","contentUrl":"https:\/\/secure.gravatar.com\/avatar\/3f79bc8336367a4e6093eae8757acaaf61d1124834b905616de7829b0273426d?s=96&d=mm&r=g","caption":"Blanca"},"url":"https:\/\/redamlo.com\/index.php\/author\/blanca\/"}]}},"_links":{"self":[{"href":"https:\/\/redamlo.com\/index.php\/wp-json\/wp\/v2\/posts\/674","targetHints":{"allow":["GET"]}}],"collection":[{"href":"https:\/\/redamlo.com\/index.php\/wp-json\/wp\/v2\/posts"}],"about":[{"href":"https:\/\/redamlo.com\/index.php\/wp-json\/wp\/v2\/types\/post"}],"author":[{"embeddable":true,"href":"https:\/\/redamlo.com\/index.php\/wp-json\/wp\/v2\/users\/2"}],"replies":[{"embeddable":true,"href":"https:\/\/redamlo.com\/index.php\/wp-json\/wp\/v2\/comments?post=674"}],"version-history":[{"count":0,"href":"https:\/\/redamlo.com\/index.php\/wp-json\/wp\/v2\/posts\/674\/revisions"}],"wp:featuredmedia":[{"embeddable":true,"href":"https:\/\/redamlo.com\/index.php\/wp-json\/wp\/v2\/media\/676"}],"wp:attachment":[{"href":"https:\/\/redamlo.com\/index.php\/wp-json\/wp\/v2\/media?parent=674"}],"wp:term":[{"taxonomy":"category","embeddable":true,"href":"https:\/\/redamlo.com\/index.php\/wp-json\/wp\/v2\/categories?post=674"},{"taxonomy":"post_tag","embeddable":true,"href":"https:\/\/redamlo.com\/index.php\/wp-json\/wp\/v2\/tags?post=674"}],"curies":[{"name":"wp","href":"https:\/\/api.w.org\/{rel}","templated":true}]}}