{"id":6736,"date":"2023-03-13T10:48:02","date_gmt":"2023-03-13T16:48:02","guid":{"rendered":"https:\/\/redamlo.com\/?p=6736"},"modified":"2023-03-13T10:48:02","modified_gmt":"2023-03-13T16:48:02","slug":"mexico-continuara-cooperacion-con-estados-unidos-pero-sin-subordinacion-amlo","status":"publish","type":"post","link":"https:\/\/redamlo.com\/index.php\/2023\/03\/13\/mexico-continuara-cooperacion-con-estados-unidos-pero-sin-subordinacion-amlo\/","title":{"rendered":"M\u00c9XICO CONTINUAR\u00c1 COOPERACI\u00d3N CON ESTADOS UNIDOS, PERO SIN SUBORDINACI\u00d3N: AMLO"},"content":{"rendered":"<p>El presidente Andr\u00e9s Manuel L\u00f3pez Obrador ratific\u00f3 el inter\u00e9s de M\u00e9xico en trabajar de manera coordinada con Estados Unidos en beneficio de ambos pueblos en un ambiente de respeto a las soberan\u00edas y a la independencia.<\/p>\n<blockquote><p>\u201cTenemos que mantener nuestra relaci\u00f3n; es muy importante la cooperaci\u00f3n con Estados Unidos, pero sin subordinaci\u00f3n\u201d, enfatiz\u00f3 en conferencia matutina.<\/p><\/blockquote>\n<p>Sobre las recientes expresiones del\u00a0<strong>Partido Republicano en Estados Unidos<\/strong>, puntualiz\u00f3 que su car\u00e1cter intervencionista significa un agravio para M\u00e9xico.<\/p>\n<p><iframe loading=\"lazy\" title=\"M\u00e9xico mantiene cooperaci\u00f3n con Estados Unidos sin subordinaci\u00f3n. Conferencia presidente AMLO\" width=\"640\" height=\"360\" src=\"https:\/\/www.youtube.com\/embed\/n6nS1tx1mao?feature=oembed\" frameborder=\"0\" allow=\"accelerometer; autoplay; clipboard-write; encrypted-media; gyroscope; picture-in-picture; web-share\" referrerpolicy=\"strict-origin-when-cross-origin\" allowfullscreen><\/iframe><\/p>\n<blockquote><p>\u201cSe tienen que ir acostumbrando a respetarnos como nosotros los respetamos y los vamos a seguir respetando. Afortunadamente, ah\u00ed va, poco a poco van cambiando las cosas, pero ahora vuelven a sacar lo autoritario, lo preponte, esto de que: \u2018Si no se alinean a la DEA, los vamos a invadir \u2014no as\u00ed\u2014 pero queremos que intervenga el ej\u00e9rcito estadounidense para combatir a los narcos mexicanos y tratarlos como terroristas y vamos a presentar una iniciativa\u2019, \u00bfQu\u00e9 es eso? Es realmente ofensivo\u201d, enfatiz\u00f3.<\/p><\/blockquote>\n<p>El mandatario aclar\u00f3 que el fentanilo proviene de Asia y M\u00e9xico no lo produce; contin\u00faa el trabajo para evitar su introducci\u00f3n ilegal al pa\u00eds y que llegue a las calles.<\/p>\n<p>Sugiri\u00f3 intensificar la atenci\u00f3n a los j\u00f3venes en Estados Unidos con el objetivo de prevenir el riesgo de adicci\u00f3n a esta sustancia altamente da\u00f1ina.<\/p>\n<blockquote><p>\u201cEn Estados Unidos, que tienen un problema serio del consumo de fentanilo, creo que no solo es evitar que llegue el fentanilo, sino atender las causas. \u00bfPor qu\u00e9 los j\u00f3venes optan por las drogas? \u00bfNo es por desatenci\u00f3n, por soledad, por falta de comprensi\u00f3n, por falta de opciones, de alternativas para ser felices sin las drogas? \u00bfQu\u00e9 est\u00e1 pasando ah\u00ed?\u201d, cuestion\u00f3.<\/p><\/blockquote>\n","protected":false},"excerpt":{"rendered":"<p>El presidente Andr\u00e9s Manuel L\u00f3pez Obrador ratific\u00f3 el inter\u00e9s de M\u00e9xico en trabajar de manera&#8230;<\/p>\n","protected":false},"author":2,"featured_media":6737,"comment_status":"open","ping_status":"closed","sticky":false,"template":"","format":"standard","meta":{"footnotes":""},"categories":[27],"tags":[],"class_list":["post-6736","post","type-post","status-publish","format-standard","has-post-thumbnail","hentry","category-presidencia"],"yoast_head":"<!-- This site is optimized with the Yoast SEO plugin v27.5 - https:\/\/yoast.com\/product\/yoast-seo-wordpress\/ -->\n<title>M\u00c9XICO CONTINUAR\u00c1 COOPERACI\u00d3N CON ESTADOS UNIDOS, PERO SIN SUBORDINACI\u00d3N: AMLO - NOTICIAS DE LA 4T<\/title>\n<meta name=\"robots\" content=\"noindex, follow, max-snippet:-1, max-image-preview:large, max-video-preview:-1\" \/>\n<meta property=\"og:locale\" content=\"es_MX\" \/>\n<meta property=\"og:type\" content=\"article\" \/>\n<meta property=\"og:title\" content=\"M\u00c9XICO CONTINUAR\u00c1 COOPERACI\u00d3N CON ESTADOS UNIDOS, PERO SIN SUBORDINACI\u00d3N: AMLO - NOTICIAS DE LA 4T\" \/>\n<meta property=\"og:description\" content=\"El presidente Andr\u00e9s Manuel L\u00f3pez Obrador ratific\u00f3 el inter\u00e9s de M\u00e9xico en trabajar de manera...\" \/>\n<meta property=\"og:url\" content=\"https:\/\/redamlo.com\/index.php\/2023\/03\/13\/mexico-continuara-cooperacion-con-estados-unidos-pero-sin-subordinacion-amlo\/\" \/>\n<meta property=\"og:site_name\" content=\"NOTICIAS DE LA 4T\" \/>\n<meta property=\"article:published_time\" content=\"2023-03-13T16:48:02+00:00\" \/>\n<meta property=\"og:image\" content=\"https:\/\/redamlo.com\/wp-content\/uploads\/2023\/03\/2023-03-13-Conferencia-de-prensa-matutina-Palacio-Nacional-Foto-04-e1678737328518.jpeg\" \/>\n\t<meta property=\"og:image:width\" content=\"1000\" \/>\n\t<meta property=\"og:image:height\" content=\"705\" \/>\n\t<meta property=\"og:image:type\" content=\"image\/jpeg\" \/>\n<meta name=\"author\" content=\"Blanca\" \/>\n<meta name=\"twitter:card\" content=\"summary_large_image\" \/>\n<meta name=\"twitter:label1\" content=\"Escrito por\" \/>\n\t<meta name=\"twitter:data1\" content=\"Blanca\" \/>\n\t<meta name=\"twitter:label2\" content=\"Tiempo de lectura\" \/>\n\t<meta name=\"twitter:data2\" content=\"2 minutos\" \/>\n<script type=\"application\/ld+json\" class=\"yoast-schema-graph\">{\"@context\":\"https:\\\/\\\/schema.org\",\"@graph\":[{\"@type\":\"Article\",\"@id\":\"https:\\\/\\\/redamlo.com\\\/index.php\\\/2023\\\/03\\\/13\\\/mexico-continuara-cooperacion-con-estados-unidos-pero-sin-subordinacion-amlo\\\/#article\",\"isPartOf\":{\"@id\":\"https:\\\/\\\/redamlo.com\\\/index.php\\\/2023\\\/03\\\/13\\\/mexico-continuara-cooperacion-con-estados-unidos-pero-sin-subordinacion-amlo\\\/\"},\"author\":{\"name\":\"Blanca\",\"@id\":\"https:\\\/\\\/redamlo.com\\\/#\\\/schema\\\/person\\\/7223a4375eb8f1a782fcae010a7115cf\"},\"headline\":\"M\u00c9XICO CONTINUAR\u00c1 COOPERACI\u00d3N CON ESTADOS UNIDOS, PERO SIN SUBORDINACI\u00d3N: AMLO\",\"datePublished\":\"2023-03-13T16:48:02+00:00\",\"mainEntityOfPage\":{\"@id\":\"https:\\\/\\\/redamlo.com\\\/index.php\\\/2023\\\/03\\\/13\\\/mexico-continuara-cooperacion-con-estados-unidos-pero-sin-subordinacion-amlo\\\/\"},\"wordCount\":318,\"commentCount\":0,\"publisher\":{\"@id\":\"https:\\\/\\\/redamlo.com\\\/#organization\"},\"image\":{\"@id\":\"https:\\\/\\\/redamlo.com\\\/index.php\\\/2023\\\/03\\\/13\\\/mexico-continuara-cooperacion-con-estados-unidos-pero-sin-subordinacion-amlo\\\/#primaryimage\"},\"thumbnailUrl\":\"https:\\\/\\\/redamlo.com\\\/wp-content\\\/uploads\\\/2023\\\/03\\\/2023-03-13-Conferencia-de-prensa-matutina-Palacio-Nacional-Foto-04-e1678737328518.jpeg\",\"articleSection\":[\"Presidencia\"],\"inLanguage\":\"es\",\"potentialAction\":[{\"@type\":\"CommentAction\",\"name\":\"Comment\",\"target\":[\"https:\\\/\\\/redamlo.com\\\/index.php\\\/2023\\\/03\\\/13\\\/mexico-continuara-cooperacion-con-estados-unidos-pero-sin-subordinacion-amlo\\\/#respond\"]}]},{\"@type\":\"WebPage\",\"@id\":\"https:\\\/\\\/redamlo.com\\\/index.php\\\/2023\\\/03\\\/13\\\/mexico-continuara-cooperacion-con-estados-unidos-pero-sin-subordinacion-amlo\\\/\",\"url\":\"https:\\\/\\\/redamlo.com\\\/index.php\\\/2023\\\/03\\\/13\\\/mexico-continuara-cooperacion-con-estados-unidos-pero-sin-subordinacion-amlo\\\/\",\"name\":\"M\u00c9XICO CONTINUAR\u00c1 COOPERACI\u00d3N CON ESTADOS UNIDOS, PERO SIN SUBORDINACI\u00d3N: AMLO - NOTICIAS DE LA 4T\",\"isPartOf\":{\"@id\":\"https:\\\/\\\/redamlo.com\\\/#website\"},\"primaryImageOfPage\":{\"@id\":\"https:\\\/\\\/redamlo.com\\\/index.php\\\/2023\\\/03\\\/13\\\/mexico-continuara-cooperacion-con-estados-unidos-pero-sin-subordinacion-amlo\\\/#primaryimage\"},\"image\":{\"@id\":\"https:\\\/\\\/redamlo.com\\\/index.php\\\/2023\\\/03\\\/13\\\/mexico-continuara-cooperacion-con-estados-unidos-pero-sin-subordinacion-amlo\\\/#primaryimage\"},\"thumbnailUrl\":\"https:\\\/\\\/redamlo.com\\\/wp-content\\\/uploads\\\/2023\\\/03\\\/2023-03-13-Conferencia-de-prensa-matutina-Palacio-Nacional-Foto-04-e1678737328518.jpeg\",\"datePublished\":\"2023-03-13T16:48:02+00:00\",\"breadcrumb\":{\"@id\":\"https:\\\/\\\/redamlo.com\\\/index.php\\\/2023\\\/03\\\/13\\\/mexico-continuara-cooperacion-con-estados-unidos-pero-sin-subordinacion-amlo\\\/#breadcrumb\"},\"inLanguage\":\"es\",\"potentialAction\":[{\"@type\":\"ReadAction\",\"target\":[\"https:\\\/\\\/redamlo.com\\\/index.php\\\/2023\\\/03\\\/13\\\/mexico-continuara-cooperacion-con-estados-unidos-pero-sin-subordinacion-amlo\\\/\"]}]},{\"@type\":\"ImageObject\",\"inLanguage\":\"es\",\"@id\":\"https:\\\/\\\/redamlo.com\\\/index.php\\\/2023\\\/03\\\/13\\\/mexico-continuara-cooperacion-con-estados-unidos-pero-sin-subordinacion-amlo\\\/#primaryimage\",\"url\":\"https:\\\/\\\/redamlo.com\\\/wp-content\\\/uploads\\\/2023\\\/03\\\/2023-03-13-Conferencia-de-prensa-matutina-Palacio-Nacional-Foto-04-e1678737328518.jpeg\",\"contentUrl\":\"https:\\\/\\\/redamlo.com\\\/wp-content\\\/uploads\\\/2023\\\/03\\\/2023-03-13-Conferencia-de-prensa-matutina-Palacio-Nacional-Foto-04-e1678737328518.jpeg\",\"width\":1000,\"height\":705},{\"@type\":\"BreadcrumbList\",\"@id\":\"https:\\\/\\\/redamlo.com\\\/index.php\\\/2023\\\/03\\\/13\\\/mexico-continuara-cooperacion-con-estados-unidos-pero-sin-subordinacion-amlo\\\/#breadcrumb\",\"itemListElement\":[{\"@type\":\"ListItem\",\"position\":1,\"name\":\"Inicio\",\"item\":\"https:\\\/\\\/redamlo.com\\\/\"},{\"@type\":\"ListItem\",\"position\":2,\"name\":\"M\u00c9XICO CONTINUAR\u00c1 COOPERACI\u00d3N CON ESTADOS UNIDOS, PERO SIN SUBORDINACI\u00d3N: AMLO\"}]},{\"@type\":\"WebSite\",\"@id\":\"https:\\\/\\\/redamlo.com\\\/#website\",\"url\":\"https:\\\/\\\/redamlo.com\\\/\",\"name\":\"NOTICIAS DE LA 4T\",\"description\":\"\",\"publisher\":{\"@id\":\"https:\\\/\\\/redamlo.com\\\/#organization\"},\"potentialAction\":[{\"@type\":\"SearchAction\",\"target\":{\"@type\":\"EntryPoint\",\"urlTemplate\":\"https:\\\/\\\/redamlo.com\\\/?s={search_term_string}\"},\"query-input\":{\"@type\":\"PropertyValueSpecification\",\"valueRequired\":true,\"valueName\":\"search_term_string\"}}],\"inLanguage\":\"es\"},{\"@type\":\"Organization\",\"@id\":\"https:\\\/\\\/redamlo.com\\\/#organization\",\"name\":\"NOTICIAS DE LA 4T\",\"url\":\"https:\\\/\\\/redamlo.com\\\/\",\"logo\":{\"@type\":\"ImageObject\",\"inLanguage\":\"es\",\"@id\":\"https:\\\/\\\/redamlo.com\\\/#\\\/schema\\\/logo\\\/image\\\/\",\"url\":\"https:\\\/\\\/redamlo.com\\\/wp-content\\\/uploads\\\/2024\\\/08\\\/cropped-RED-AMLO-logo-50.png\",\"contentUrl\":\"https:\\\/\\\/redamlo.com\\\/wp-content\\\/uploads\\\/2024\\\/08\\\/cropped-RED-AMLO-logo-50.png\",\"width\":256,\"height\":256,\"caption\":\"NOTICIAS DE LA 4T\"},\"image\":{\"@id\":\"https:\\\/\\\/redamlo.com\\\/#\\\/schema\\\/logo\\\/image\\\/\"}},{\"@type\":\"Person\",\"@id\":\"https:\\\/\\\/redamlo.com\\\/#\\\/schema\\\/person\\\/7223a4375eb8f1a782fcae010a7115cf\",\"name\":\"Blanca\",\"image\":{\"@type\":\"ImageObject\",\"inLanguage\":\"es\",\"@id\":\"https:\\\/\\\/secure.gravatar.com\\\/avatar\\\/3f79bc8336367a4e6093eae8757acaaf61d1124834b905616de7829b0273426d?s=96&d=mm&r=g\",\"url\":\"https:\\\/\\\/secure.gravatar.com\\\/avatar\\\/3f79bc8336367a4e6093eae8757acaaf61d1124834b905616de7829b0273426d?s=96&d=mm&r=g\",\"contentUrl\":\"https:\\\/\\\/secure.gravatar.com\\\/avatar\\\/3f79bc8336367a4e6093eae8757acaaf61d1124834b905616de7829b0273426d?s=96&d=mm&r=g\",\"caption\":\"Blanca\"},\"url\":\"https:\\\/\\\/redamlo.com\\\/index.php\\\/author\\\/blanca\\\/\"}]}<\/script>\n<!-- \/ Yoast SEO plugin. -->","yoast_head_json":{"title":"M\u00c9XICO CONTINUAR\u00c1 COOPERACI\u00d3N CON ESTADOS UNIDOS, PERO SIN SUBORDINACI\u00d3N: AMLO - NOTICIAS DE LA 4T","robots":{"index":"noindex","follow":"follow","max-snippet":"max-snippet:-1","max-image-preview":"max-image-preview:large","max-video-preview":"max-video-preview:-1"},"og_locale":"es_MX","og_type":"article","og_title":"M\u00c9XICO CONTINUAR\u00c1 COOPERACI\u00d3N CON ESTADOS UNIDOS, PERO SIN SUBORDINACI\u00d3N: AMLO - NOTICIAS DE LA 4T","og_description":"El presidente Andr\u00e9s Manuel L\u00f3pez Obrador ratific\u00f3 el inter\u00e9s de M\u00e9xico en trabajar de manera...","og_url":"https:\/\/redamlo.com\/index.php\/2023\/03\/13\/mexico-continuara-cooperacion-con-estados-unidos-pero-sin-subordinacion-amlo\/","og_site_name":"NOTICIAS DE LA 4T","article_published_time":"2023-03-13T16:48:02+00:00","og_image":[{"width":1000,"height":705,"url":"https:\/\/redamlo.com\/wp-content\/uploads\/2023\/03\/2023-03-13-Conferencia-de-prensa-matutina-Palacio-Nacional-Foto-04-e1678737328518.jpeg","type":"image\/jpeg"}],"author":"Blanca","twitter_card":"summary_large_image","twitter_misc":{"Escrito por":"Blanca","Tiempo de lectura":"2 minutos"},"schema":{"@context":"https:\/\/schema.org","@graph":[{"@type":"Article","@id":"https:\/\/redamlo.com\/index.php\/2023\/03\/13\/mexico-continuara-cooperacion-con-estados-unidos-pero-sin-subordinacion-amlo\/#article","isPartOf":{"@id":"https:\/\/redamlo.com\/index.php\/2023\/03\/13\/mexico-continuara-cooperacion-con-estados-unidos-pero-sin-subordinacion-amlo\/"},"author":{"name":"Blanca","@id":"https:\/\/redamlo.com\/#\/schema\/person\/7223a4375eb8f1a782fcae010a7115cf"},"headline":"M\u00c9XICO CONTINUAR\u00c1 COOPERACI\u00d3N CON ESTADOS UNIDOS, PERO SIN SUBORDINACI\u00d3N: AMLO","datePublished":"2023-03-13T16:48:02+00:00","mainEntityOfPage":{"@id":"https:\/\/redamlo.com\/index.php\/2023\/03\/13\/mexico-continuara-cooperacion-con-estados-unidos-pero-sin-subordinacion-amlo\/"},"wordCount":318,"commentCount":0,"publisher":{"@id":"https:\/\/redamlo.com\/#organization"},"image":{"@id":"https:\/\/redamlo.com\/index.php\/2023\/03\/13\/mexico-continuara-cooperacion-con-estados-unidos-pero-sin-subordinacion-amlo\/#primaryimage"},"thumbnailUrl":"https:\/\/redamlo.com\/wp-content\/uploads\/2023\/03\/2023-03-13-Conferencia-de-prensa-matutina-Palacio-Nacional-Foto-04-e1678737328518.jpeg","articleSection":["Presidencia"],"inLanguage":"es","potentialAction":[{"@type":"CommentAction","name":"Comment","target":["https:\/\/redamlo.com\/index.php\/2023\/03\/13\/mexico-continuara-cooperacion-con-estados-unidos-pero-sin-subordinacion-amlo\/#respond"]}]},{"@type":"WebPage","@id":"https:\/\/redamlo.com\/index.php\/2023\/03\/13\/mexico-continuara-cooperacion-con-estados-unidos-pero-sin-subordinacion-amlo\/","url":"https:\/\/redamlo.com\/index.php\/2023\/03\/13\/mexico-continuara-cooperacion-con-estados-unidos-pero-sin-subordinacion-amlo\/","name":"M\u00c9XICO CONTINUAR\u00c1 COOPERACI\u00d3N CON ESTADOS UNIDOS, PERO SIN SUBORDINACI\u00d3N: AMLO - NOTICIAS DE LA 4T","isPartOf":{"@id":"https:\/\/redamlo.com\/#website"},"primaryImageOfPage":{"@id":"https:\/\/redamlo.com\/index.php\/2023\/03\/13\/mexico-continuara-cooperacion-con-estados-unidos-pero-sin-subordinacion-amlo\/#primaryimage"},"image":{"@id":"https:\/\/redamlo.com\/index.php\/2023\/03\/13\/mexico-continuara-cooperacion-con-estados-unidos-pero-sin-subordinacion-amlo\/#primaryimage"},"thumbnailUrl":"https:\/\/redamlo.com\/wp-content\/uploads\/2023\/03\/2023-03-13-Conferencia-de-prensa-matutina-Palacio-Nacional-Foto-04-e1678737328518.jpeg","datePublished":"2023-03-13T16:48:02+00:00","breadcrumb":{"@id":"https:\/\/redamlo.com\/index.php\/2023\/03\/13\/mexico-continuara-cooperacion-con-estados-unidos-pero-sin-subordinacion-amlo\/#breadcrumb"},"inLanguage":"es","potentialAction":[{"@type":"ReadAction","target":["https:\/\/redamlo.com\/index.php\/2023\/03\/13\/mexico-continuara-cooperacion-con-estados-unidos-pero-sin-subordinacion-amlo\/"]}]},{"@type":"ImageObject","inLanguage":"es","@id":"https:\/\/redamlo.com\/index.php\/2023\/03\/13\/mexico-continuara-cooperacion-con-estados-unidos-pero-sin-subordinacion-amlo\/#primaryimage","url":"https:\/\/redamlo.com\/wp-content\/uploads\/2023\/03\/2023-03-13-Conferencia-de-prensa-matutina-Palacio-Nacional-Foto-04-e1678737328518.jpeg","contentUrl":"https:\/\/redamlo.com\/wp-content\/uploads\/2023\/03\/2023-03-13-Conferencia-de-prensa-matutina-Palacio-Nacional-Foto-04-e1678737328518.jpeg","width":1000,"height":705},{"@type":"BreadcrumbList","@id":"https:\/\/redamlo.com\/index.php\/2023\/03\/13\/mexico-continuara-cooperacion-con-estados-unidos-pero-sin-subordinacion-amlo\/#breadcrumb","itemListElement":[{"@type":"ListItem","position":1,"name":"Inicio","item":"https:\/\/redamlo.com\/"},{"@type":"ListItem","position":2,"name":"M\u00c9XICO CONTINUAR\u00c1 COOPERACI\u00d3N CON ESTADOS UNIDOS, PERO SIN SUBORDINACI\u00d3N: AMLO"}]},{"@type":"WebSite","@id":"https:\/\/redamlo.com\/#website","url":"https:\/\/redamlo.com\/","name":"NOTICIAS DE LA 4T","description":"","publisher":{"@id":"https:\/\/redamlo.com\/#organization"},"potentialAction":[{"@type":"SearchAction","target":{"@type":"EntryPoint","urlTemplate":"https:\/\/redamlo.com\/?s={search_term_string}"},"query-input":{"@type":"PropertyValueSpecification","valueRequired":true,"valueName":"search_term_string"}}],"inLanguage":"es"},{"@type":"Organization","@id":"https:\/\/redamlo.com\/#organization","name":"NOTICIAS DE LA 4T","url":"https:\/\/redamlo.com\/","logo":{"@type":"ImageObject","inLanguage":"es","@id":"https:\/\/redamlo.com\/#\/schema\/logo\/image\/","url":"https:\/\/redamlo.com\/wp-content\/uploads\/2024\/08\/cropped-RED-AMLO-logo-50.png","contentUrl":"https:\/\/redamlo.com\/wp-content\/uploads\/2024\/08\/cropped-RED-AMLO-logo-50.png","width":256,"height":256,"caption":"NOTICIAS DE LA 4T"},"image":{"@id":"https:\/\/redamlo.com\/#\/schema\/logo\/image\/"}},{"@type":"Person","@id":"https:\/\/redamlo.com\/#\/schema\/person\/7223a4375eb8f1a782fcae010a7115cf","name":"Blanca","image":{"@type":"ImageObject","inLanguage":"es","@id":"https:\/\/secure.gravatar.com\/avatar\/3f79bc8336367a4e6093eae8757acaaf61d1124834b905616de7829b0273426d?s=96&d=mm&r=g","url":"https:\/\/secure.gravatar.com\/avatar\/3f79bc8336367a4e6093eae8757acaaf61d1124834b905616de7829b0273426d?s=96&d=mm&r=g","contentUrl":"https:\/\/secure.gravatar.com\/avatar\/3f79bc8336367a4e6093eae8757acaaf61d1124834b905616de7829b0273426d?s=96&d=mm&r=g","caption":"Blanca"},"url":"https:\/\/redamlo.com\/index.php\/author\/blanca\/"}]}},"_links":{"self":[{"href":"https:\/\/redamlo.com\/index.php\/wp-json\/wp\/v2\/posts\/6736","targetHints":{"allow":["GET"]}}],"collection":[{"href":"https:\/\/redamlo.com\/index.php\/wp-json\/wp\/v2\/posts"}],"about":[{"href":"https:\/\/redamlo.com\/index.php\/wp-json\/wp\/v2\/types\/post"}],"author":[{"embeddable":true,"href":"https:\/\/redamlo.com\/index.php\/wp-json\/wp\/v2\/users\/2"}],"replies":[{"embeddable":true,"href":"https:\/\/redamlo.com\/index.php\/wp-json\/wp\/v2\/comments?post=6736"}],"version-history":[{"count":0,"href":"https:\/\/redamlo.com\/index.php\/wp-json\/wp\/v2\/posts\/6736\/revisions"}],"wp:featuredmedia":[{"embeddable":true,"href":"https:\/\/redamlo.com\/index.php\/wp-json\/wp\/v2\/media\/6737"}],"wp:attachment":[{"href":"https:\/\/redamlo.com\/index.php\/wp-json\/wp\/v2\/media?parent=6736"}],"wp:term":[{"taxonomy":"category","embeddable":true,"href":"https:\/\/redamlo.com\/index.php\/wp-json\/wp\/v2\/categories?post=6736"},{"taxonomy":"post_tag","embeddable":true,"href":"https:\/\/redamlo.com\/index.php\/wp-json\/wp\/v2\/tags?post=6736"}],"curies":[{"name":"wp","href":"https:\/\/api.w.org\/{rel}","templated":true}]}}