{"id":6728,"date":"2023-03-12T14:33:50","date_gmt":"2023-03-12T20:33:50","guid":{"rendered":"https:\/\/redamlo.com\/?p=6728"},"modified":"2023-03-12T14:33:50","modified_gmt":"2023-03-12T20:33:50","slug":"en-coordinacion-con-la-participacion-ciudadana-la-diputada-luzma-hernandez-y-el-alcalde-construyen-humedal-en-tequixquiac","status":"publish","type":"post","link":"https:\/\/redamlo.com\/index.php\/2023\/03\/12\/en-coordinacion-con-la-participacion-ciudadana-la-diputada-luzma-hernandez-y-el-alcalde-construyen-humedal-en-tequixquiac\/","title":{"rendered":"En coordinaci\u00f3n con la participaci\u00f3n ciudadana la diputada Luzma Hern\u00e1ndez y el alcalde construyen humedal en Tequixquiac"},"content":{"rendered":"<p>En el municipio de Tequixquiac la diputada Luzma Hern\u00e1ndez, realiz\u00f3 la donaci\u00f3n de plantas especiales para la implementaci\u00f3n de un humedal. El mismo servir\u00e1 para apoyar la actividad econ\u00f3mica para los ejidatarios de Tlapanaloya. En coordinaci\u00f3n con el presidente municipal, Luis Ra\u00fal Meneses, y el decidido apoyo de la iniciativa de participaci\u00f3n ciudadana para el cuidado del medio ambiente se lleva a cabo la construcci\u00f3n de humedal en modalidad de proyecto productivo. Con la colaboraci\u00f3n de La organizaci\u00f3n \u201cRescate por el R\u00edo Salado\u201d y el donador Carlos G\u00f3mez del municipio de Villa Guerrero, se esperan prontos resultados.<\/p>\n<p><img loading=\"lazy\" decoding=\"async\" class=\"wp-image-6729 size-full aligncenter\" src=\"https:\/\/redamlo.com\/wp-content\/uploads\/2023\/03\/tequisquiac.jpg\" alt=\"\" width=\"720\" height=\"383\" srcset=\"https:\/\/redamlo.com\/wp-content\/uploads\/2023\/03\/tequisquiac.jpg 720w, https:\/\/redamlo.com\/wp-content\/uploads\/2023\/03\/tequisquiac-300x160.jpg 300w\" sizes=\"auto, (max-width: 720px) 100vw, 720px\" \/><\/p>\n<p>Cabe recordar que la diputada Hern\u00e1ndez Berm\u00fadez organiz\u00f3 el foro \u201cHumedales artificiales una alternativa para la reutilizaci\u00f3n del agua\u201d, en \u00e9ste se hizo un respetuoso llamado a la autoridad competente y a la ciudadan\u00eda en general para fomentar estrategias que incentiven la investigaci\u00f3n y capacitaci\u00f3n de recursos humanos en materia de agua.<\/p>\n<p>En el foro la legisladora Hern\u00e1ndez, dijo que en nuestro pa\u00eds se reconoce el agua como un tema estrat\u00e9gico y de seguridad nacional. Un elemento central dentro de la pol\u00edtica ambiental y el factor clave de la pol\u00edtica de desarrollo social y econ\u00f3mico, su disponibilidad condiciona el desarrollo de ciertos territorios del pa\u00eds y su calidad es factor que determina tanto la salud de una poblaci\u00f3n como su bienestar.<\/p>\n<p>En el mismo evento realizado en el Congreso mexiquense, en coordinaci\u00f3n con la Universidad Nacional Aut\u00f3noma de\u00a0M\u00e9xico (UNAM), la diputada local comparti\u00f3 el dato de que m\u00e1s de 12 millones de personas en M\u00e9xico no cuentan con agua potable y que 80% de los cuerpos de agua est\u00e1n contaminados con descargas industriales, por lo que llam\u00f3 a buscar soluciones reales ante la escasez de agua.<\/p>\n<p>A un a\u00f1o de llevado a cabo el foro, en el que el Dr. V\u00edctor Manuel Luna Pabello, investigador de la Universidad Nacional Aut\u00f3noma de M\u00e9xico, expuso sobre \u201cHumedales artificiales en zonas urbanas\u201d. Haciendo referencia del rescate del Bosque de San Juan de Arag\u00f3n, en donde se trat\u00f3 el agua de su lago artificial, obteniendo grandes logros en el reciclaje de sus aguas y al mismo tiempo, regenerar un ecosistema en ese espacio, en donde actualmente se pueden observar decenas de pel\u00edcanos.<\/p>\n<p>Esta acci\u00f3n de apoyo y fomento hacia una cultura del cuidado del agua, se inscribe en el marco para cumplir con los objetivos fijados en el foro \u00a0\u201cHumedales artificiales una alternativa para la reutilizaci\u00f3n del agua\u201d. \u00a0Y es parte de una agenda integral en la hoja de ruta del cuidado del agua y del medio ambiente.<\/p>\n<p>&nbsp;<\/p>\n<p>Acompa\u00f1ada del presidente municipal de la localidad, Luis Ra\u00fal Meneses, Luzma Hern\u00e1ndez hizo referencia a la donaci\u00f3n hecha por uno de los participantes en el movimiento de acci\u00f3n ciudadana del Estado de M\u00e9xico. En su intervenci\u00f3n en el evento el alcalde Meneses mencion\u00f3 que con esta donaci\u00f3n\u00a0 se est\u00e1 echando andar un proyecto productivo del municipio.<\/p>\n<p>&nbsp;<\/p>\n<p>&nbsp;<\/p>\n<p>Este humedal est\u00e1 proyectado para rescatar el R\u00edo Salado del pueblo de Tlapanaloya del municipio de Tequixquiac, en el cual se ver\u00e1n directamente involucrados los ejidatarios locales. Tambi\u00e9n hizo referencia de que fue la ciudadan\u00eda quien tuvo la iniciativa y emprendi\u00f3 la gesti\u00f3n para hacer posible este proyecto.<\/p>\n<p>&nbsp;<\/p>\n<p>De parte del municipio que preside, Luis Ra\u00fal Meneses, inform\u00f3 que desde inicio de su administraci\u00f3n se sign\u00f3 un convenio con los habitantes para la generaci\u00f3n de condiciones del humedal. \u00a0La contribuci\u00f3n de las plantas donadas servir\u00e1n para llevar a cabo el proyecto productivo con los ejidatarios, que significar\u00e1 un apoyo econ\u00f3mico para ellos y sus familias. Al mismo tiempo servir\u00e1 para que en el reciclado de aguas residuales se pueda aprovechar tambi\u00e9n en la agricultura de la localidad.<\/p>\n<p>&nbsp;<\/p>\n<p>El r\u00edo contaminado por las aguas residuales podr\u00e1 ser rescatado y las aguas ser\u00e1n reutilizadas, a partir de que los minerales que contiene servir\u00e1n para que las flores y plantas que est\u00e1n sembrando, puedan \u201cdarse\u201d y en ese ciclo de reproducci\u00f3n se puedan comercializar.<\/p>\n<p>&nbsp;<\/p>\n<p>Este humedal es el \u00fanico en funcionamiento en todo el Estado de M\u00e9xico. Concluy\u00f3 el alcalde Luis Ra\u00fal Meneses.<\/p>\n<p>&nbsp;<\/p>\n<p>&nbsp;<\/p>\n","protected":false},"excerpt":{"rendered":"<p>En el municipio de Tequixquiac la diputada Luzma Hern\u00e1ndez, realiz\u00f3 la donaci\u00f3n de plantas especiales&#8230;<\/p>\n","protected":false},"author":2,"featured_media":6730,"comment_status":"open","ping_status":"closed","sticky":false,"template":"","format":"standard","meta":{"footnotes":""},"categories":[6],"tags":[2455,2476],"class_list":["post-6728","post","type-post","status-publish","format-standard","has-post-thumbnail","hentry","category-estados","tag-diputada-luz-maria-hernandez","tag-humedal-en-tequiquiac"],"yoast_head":"<!-- This site is optimized with the Yoast SEO plugin v27.5 - https:\/\/yoast.com\/product\/yoast-seo-wordpress\/ -->\n<title>En coordinaci\u00f3n con la participaci\u00f3n ciudadana la diputada Luzma Hern\u00e1ndez y el alcalde construyen humedal en Tequixquiac - NOTICIAS DE LA 4T<\/title>\n<meta name=\"robots\" content=\"noindex, follow, max-snippet:-1, max-image-preview:large, max-video-preview:-1\" \/>\n<meta property=\"og:locale\" content=\"es_MX\" \/>\n<meta property=\"og:type\" content=\"article\" \/>\n<meta property=\"og:title\" content=\"En coordinaci\u00f3n con la participaci\u00f3n ciudadana la diputada Luzma Hern\u00e1ndez y el alcalde construyen humedal en Tequixquiac - NOTICIAS DE LA 4T\" \/>\n<meta property=\"og:description\" content=\"En el municipio de Tequixquiac la diputada Luzma Hern\u00e1ndez, realiz\u00f3 la donaci\u00f3n de plantas especiales...\" \/>\n<meta property=\"og:url\" content=\"https:\/\/redamlo.com\/index.php\/2023\/03\/12\/en-coordinacion-con-la-participacion-ciudadana-la-diputada-luzma-hernandez-y-el-alcalde-construyen-humedal-en-tequixquiac\/\" \/>\n<meta property=\"og:site_name\" content=\"NOTICIAS DE LA 4T\" \/>\n<meta property=\"article:published_time\" content=\"2023-03-12T20:33:50+00:00\" \/>\n<meta property=\"og:image\" content=\"https:\/\/redamlo.com\/wp-content\/uploads\/2023\/03\/humedal-tequisquiac.jpg\" \/>\n\t<meta property=\"og:image:width\" content=\"720\" \/>\n\t<meta property=\"og:image:height\" content=\"401\" \/>\n\t<meta property=\"og:image:type\" content=\"image\/jpeg\" \/>\n<meta name=\"author\" content=\"Blanca\" \/>\n<meta name=\"twitter:card\" content=\"summary_large_image\" \/>\n<meta name=\"twitter:label1\" content=\"Escrito por\" \/>\n\t<meta name=\"twitter:data1\" content=\"Blanca\" \/>\n\t<meta name=\"twitter:label2\" content=\"Tiempo de lectura\" \/>\n\t<meta name=\"twitter:data2\" content=\"4 minutos\" \/>\n<script type=\"application\/ld+json\" class=\"yoast-schema-graph\">{\"@context\":\"https:\\\/\\\/schema.org\",\"@graph\":[{\"@type\":\"Article\",\"@id\":\"https:\\\/\\\/redamlo.com\\\/index.php\\\/2023\\\/03\\\/12\\\/en-coordinacion-con-la-participacion-ciudadana-la-diputada-luzma-hernandez-y-el-alcalde-construyen-humedal-en-tequixquiac\\\/#article\",\"isPartOf\":{\"@id\":\"https:\\\/\\\/redamlo.com\\\/index.php\\\/2023\\\/03\\\/12\\\/en-coordinacion-con-la-participacion-ciudadana-la-diputada-luzma-hernandez-y-el-alcalde-construyen-humedal-en-tequixquiac\\\/\"},\"author\":{\"name\":\"Blanca\",\"@id\":\"https:\\\/\\\/redamlo.com\\\/#\\\/schema\\\/person\\\/7223a4375eb8f1a782fcae010a7115cf\"},\"headline\":\"En coordinaci\u00f3n con la participaci\u00f3n ciudadana la diputada Luzma Hern\u00e1ndez y el alcalde construyen humedal en Tequixquiac\",\"datePublished\":\"2023-03-12T20:33:50+00:00\",\"mainEntityOfPage\":{\"@id\":\"https:\\\/\\\/redamlo.com\\\/index.php\\\/2023\\\/03\\\/12\\\/en-coordinacion-con-la-participacion-ciudadana-la-diputada-luzma-hernandez-y-el-alcalde-construyen-humedal-en-tequixquiac\\\/\"},\"wordCount\":761,\"commentCount\":0,\"publisher\":{\"@id\":\"https:\\\/\\\/redamlo.com\\\/#organization\"},\"image\":{\"@id\":\"https:\\\/\\\/redamlo.com\\\/index.php\\\/2023\\\/03\\\/12\\\/en-coordinacion-con-la-participacion-ciudadana-la-diputada-luzma-hernandez-y-el-alcalde-construyen-humedal-en-tequixquiac\\\/#primaryimage\"},\"thumbnailUrl\":\"https:\\\/\\\/redamlo.com\\\/wp-content\\\/uploads\\\/2023\\\/03\\\/humedal-tequisquiac.jpg\",\"keywords\":[\"Diputada luz Mar\u00eda Hernandez\",\"humedal en tequiquiac\"],\"articleSection\":[\"Estados\"],\"inLanguage\":\"es\",\"potentialAction\":[{\"@type\":\"CommentAction\",\"name\":\"Comment\",\"target\":[\"https:\\\/\\\/redamlo.com\\\/index.php\\\/2023\\\/03\\\/12\\\/en-coordinacion-con-la-participacion-ciudadana-la-diputada-luzma-hernandez-y-el-alcalde-construyen-humedal-en-tequixquiac\\\/#respond\"]}]},{\"@type\":\"WebPage\",\"@id\":\"https:\\\/\\\/redamlo.com\\\/index.php\\\/2023\\\/03\\\/12\\\/en-coordinacion-con-la-participacion-ciudadana-la-diputada-luzma-hernandez-y-el-alcalde-construyen-humedal-en-tequixquiac\\\/\",\"url\":\"https:\\\/\\\/redamlo.com\\\/index.php\\\/2023\\\/03\\\/12\\\/en-coordinacion-con-la-participacion-ciudadana-la-diputada-luzma-hernandez-y-el-alcalde-construyen-humedal-en-tequixquiac\\\/\",\"name\":\"En coordinaci\u00f3n con la participaci\u00f3n ciudadana la diputada Luzma Hern\u00e1ndez y el alcalde construyen humedal en Tequixquiac - NOTICIAS DE LA 4T\",\"isPartOf\":{\"@id\":\"https:\\\/\\\/redamlo.com\\\/#website\"},\"primaryImageOfPage\":{\"@id\":\"https:\\\/\\\/redamlo.com\\\/index.php\\\/2023\\\/03\\\/12\\\/en-coordinacion-con-la-participacion-ciudadana-la-diputada-luzma-hernandez-y-el-alcalde-construyen-humedal-en-tequixquiac\\\/#primaryimage\"},\"image\":{\"@id\":\"https:\\\/\\\/redamlo.com\\\/index.php\\\/2023\\\/03\\\/12\\\/en-coordinacion-con-la-participacion-ciudadana-la-diputada-luzma-hernandez-y-el-alcalde-construyen-humedal-en-tequixquiac\\\/#primaryimage\"},\"thumbnailUrl\":\"https:\\\/\\\/redamlo.com\\\/wp-content\\\/uploads\\\/2023\\\/03\\\/humedal-tequisquiac.jpg\",\"datePublished\":\"2023-03-12T20:33:50+00:00\",\"breadcrumb\":{\"@id\":\"https:\\\/\\\/redamlo.com\\\/index.php\\\/2023\\\/03\\\/12\\\/en-coordinacion-con-la-participacion-ciudadana-la-diputada-luzma-hernandez-y-el-alcalde-construyen-humedal-en-tequixquiac\\\/#breadcrumb\"},\"inLanguage\":\"es\",\"potentialAction\":[{\"@type\":\"ReadAction\",\"target\":[\"https:\\\/\\\/redamlo.com\\\/index.php\\\/2023\\\/03\\\/12\\\/en-coordinacion-con-la-participacion-ciudadana-la-diputada-luzma-hernandez-y-el-alcalde-construyen-humedal-en-tequixquiac\\\/\"]}]},{\"@type\":\"ImageObject\",\"inLanguage\":\"es\",\"@id\":\"https:\\\/\\\/redamlo.com\\\/index.php\\\/2023\\\/03\\\/12\\\/en-coordinacion-con-la-participacion-ciudadana-la-diputada-luzma-hernandez-y-el-alcalde-construyen-humedal-en-tequixquiac\\\/#primaryimage\",\"url\":\"https:\\\/\\\/redamlo.com\\\/wp-content\\\/uploads\\\/2023\\\/03\\\/humedal-tequisquiac.jpg\",\"contentUrl\":\"https:\\\/\\\/redamlo.com\\\/wp-content\\\/uploads\\\/2023\\\/03\\\/humedal-tequisquiac.jpg\",\"width\":720,\"height\":401},{\"@type\":\"BreadcrumbList\",\"@id\":\"https:\\\/\\\/redamlo.com\\\/index.php\\\/2023\\\/03\\\/12\\\/en-coordinacion-con-la-participacion-ciudadana-la-diputada-luzma-hernandez-y-el-alcalde-construyen-humedal-en-tequixquiac\\\/#breadcrumb\",\"itemListElement\":[{\"@type\":\"ListItem\",\"position\":1,\"name\":\"Inicio\",\"item\":\"https:\\\/\\\/redamlo.com\\\/\"},{\"@type\":\"ListItem\",\"position\":2,\"name\":\"En coordinaci\u00f3n con la participaci\u00f3n ciudadana la diputada Luzma Hern\u00e1ndez y el alcalde construyen humedal en Tequixquiac\"}]},{\"@type\":\"WebSite\",\"@id\":\"https:\\\/\\\/redamlo.com\\\/#website\",\"url\":\"https:\\\/\\\/redamlo.com\\\/\",\"name\":\"NOTICIAS DE LA 4T\",\"description\":\"\",\"publisher\":{\"@id\":\"https:\\\/\\\/redamlo.com\\\/#organization\"},\"potentialAction\":[{\"@type\":\"SearchAction\",\"target\":{\"@type\":\"EntryPoint\",\"urlTemplate\":\"https:\\\/\\\/redamlo.com\\\/?s={search_term_string}\"},\"query-input\":{\"@type\":\"PropertyValueSpecification\",\"valueRequired\":true,\"valueName\":\"search_term_string\"}}],\"inLanguage\":\"es\"},{\"@type\":\"Organization\",\"@id\":\"https:\\\/\\\/redamlo.com\\\/#organization\",\"name\":\"NOTICIAS DE LA 4T\",\"url\":\"https:\\\/\\\/redamlo.com\\\/\",\"logo\":{\"@type\":\"ImageObject\",\"inLanguage\":\"es\",\"@id\":\"https:\\\/\\\/redamlo.com\\\/#\\\/schema\\\/logo\\\/image\\\/\",\"url\":\"https:\\\/\\\/redamlo.com\\\/wp-content\\\/uploads\\\/2024\\\/08\\\/cropped-RED-AMLO-logo-50.png\",\"contentUrl\":\"https:\\\/\\\/redamlo.com\\\/wp-content\\\/uploads\\\/2024\\\/08\\\/cropped-RED-AMLO-logo-50.png\",\"width\":256,\"height\":256,\"caption\":\"NOTICIAS DE LA 4T\"},\"image\":{\"@id\":\"https:\\\/\\\/redamlo.com\\\/#\\\/schema\\\/logo\\\/image\\\/\"}},{\"@type\":\"Person\",\"@id\":\"https:\\\/\\\/redamlo.com\\\/#\\\/schema\\\/person\\\/7223a4375eb8f1a782fcae010a7115cf\",\"name\":\"Blanca\",\"image\":{\"@type\":\"ImageObject\",\"inLanguage\":\"es\",\"@id\":\"https:\\\/\\\/secure.gravatar.com\\\/avatar\\\/3f79bc8336367a4e6093eae8757acaaf61d1124834b905616de7829b0273426d?s=96&d=mm&r=g\",\"url\":\"https:\\\/\\\/secure.gravatar.com\\\/avatar\\\/3f79bc8336367a4e6093eae8757acaaf61d1124834b905616de7829b0273426d?s=96&d=mm&r=g\",\"contentUrl\":\"https:\\\/\\\/secure.gravatar.com\\\/avatar\\\/3f79bc8336367a4e6093eae8757acaaf61d1124834b905616de7829b0273426d?s=96&d=mm&r=g\",\"caption\":\"Blanca\"},\"url\":\"https:\\\/\\\/redamlo.com\\\/index.php\\\/author\\\/blanca\\\/\"}]}<\/script>\n<!-- \/ Yoast SEO plugin. -->","yoast_head_json":{"title":"En coordinaci\u00f3n con la participaci\u00f3n ciudadana la diputada Luzma Hern\u00e1ndez y el alcalde construyen humedal en Tequixquiac - NOTICIAS DE LA 4T","robots":{"index":"noindex","follow":"follow","max-snippet":"max-snippet:-1","max-image-preview":"max-image-preview:large","max-video-preview":"max-video-preview:-1"},"og_locale":"es_MX","og_type":"article","og_title":"En coordinaci\u00f3n con la participaci\u00f3n ciudadana la diputada Luzma Hern\u00e1ndez y el alcalde construyen humedal en Tequixquiac - NOTICIAS DE LA 4T","og_description":"En el municipio de Tequixquiac la diputada Luzma Hern\u00e1ndez, realiz\u00f3 la donaci\u00f3n de plantas especiales...","og_url":"https:\/\/redamlo.com\/index.php\/2023\/03\/12\/en-coordinacion-con-la-participacion-ciudadana-la-diputada-luzma-hernandez-y-el-alcalde-construyen-humedal-en-tequixquiac\/","og_site_name":"NOTICIAS DE LA 4T","article_published_time":"2023-03-12T20:33:50+00:00","og_image":[{"width":720,"height":401,"url":"https:\/\/redamlo.com\/wp-content\/uploads\/2023\/03\/humedal-tequisquiac.jpg","type":"image\/jpeg"}],"author":"Blanca","twitter_card":"summary_large_image","twitter_misc":{"Escrito por":"Blanca","Tiempo de lectura":"4 minutos"},"schema":{"@context":"https:\/\/schema.org","@graph":[{"@type":"Article","@id":"https:\/\/redamlo.com\/index.php\/2023\/03\/12\/en-coordinacion-con-la-participacion-ciudadana-la-diputada-luzma-hernandez-y-el-alcalde-construyen-humedal-en-tequixquiac\/#article","isPartOf":{"@id":"https:\/\/redamlo.com\/index.php\/2023\/03\/12\/en-coordinacion-con-la-participacion-ciudadana-la-diputada-luzma-hernandez-y-el-alcalde-construyen-humedal-en-tequixquiac\/"},"author":{"name":"Blanca","@id":"https:\/\/redamlo.com\/#\/schema\/person\/7223a4375eb8f1a782fcae010a7115cf"},"headline":"En coordinaci\u00f3n con la participaci\u00f3n ciudadana la diputada Luzma Hern\u00e1ndez y el alcalde construyen humedal en Tequixquiac","datePublished":"2023-03-12T20:33:50+00:00","mainEntityOfPage":{"@id":"https:\/\/redamlo.com\/index.php\/2023\/03\/12\/en-coordinacion-con-la-participacion-ciudadana-la-diputada-luzma-hernandez-y-el-alcalde-construyen-humedal-en-tequixquiac\/"},"wordCount":761,"commentCount":0,"publisher":{"@id":"https:\/\/redamlo.com\/#organization"},"image":{"@id":"https:\/\/redamlo.com\/index.php\/2023\/03\/12\/en-coordinacion-con-la-participacion-ciudadana-la-diputada-luzma-hernandez-y-el-alcalde-construyen-humedal-en-tequixquiac\/#primaryimage"},"thumbnailUrl":"https:\/\/redamlo.com\/wp-content\/uploads\/2023\/03\/humedal-tequisquiac.jpg","keywords":["Diputada luz Mar\u00eda Hernandez","humedal en tequiquiac"],"articleSection":["Estados"],"inLanguage":"es","potentialAction":[{"@type":"CommentAction","name":"Comment","target":["https:\/\/redamlo.com\/index.php\/2023\/03\/12\/en-coordinacion-con-la-participacion-ciudadana-la-diputada-luzma-hernandez-y-el-alcalde-construyen-humedal-en-tequixquiac\/#respond"]}]},{"@type":"WebPage","@id":"https:\/\/redamlo.com\/index.php\/2023\/03\/12\/en-coordinacion-con-la-participacion-ciudadana-la-diputada-luzma-hernandez-y-el-alcalde-construyen-humedal-en-tequixquiac\/","url":"https:\/\/redamlo.com\/index.php\/2023\/03\/12\/en-coordinacion-con-la-participacion-ciudadana-la-diputada-luzma-hernandez-y-el-alcalde-construyen-humedal-en-tequixquiac\/","name":"En coordinaci\u00f3n con la participaci\u00f3n ciudadana la diputada Luzma Hern\u00e1ndez y el alcalde construyen humedal en Tequixquiac - NOTICIAS DE LA 4T","isPartOf":{"@id":"https:\/\/redamlo.com\/#website"},"primaryImageOfPage":{"@id":"https:\/\/redamlo.com\/index.php\/2023\/03\/12\/en-coordinacion-con-la-participacion-ciudadana-la-diputada-luzma-hernandez-y-el-alcalde-construyen-humedal-en-tequixquiac\/#primaryimage"},"image":{"@id":"https:\/\/redamlo.com\/index.php\/2023\/03\/12\/en-coordinacion-con-la-participacion-ciudadana-la-diputada-luzma-hernandez-y-el-alcalde-construyen-humedal-en-tequixquiac\/#primaryimage"},"thumbnailUrl":"https:\/\/redamlo.com\/wp-content\/uploads\/2023\/03\/humedal-tequisquiac.jpg","datePublished":"2023-03-12T20:33:50+00:00","breadcrumb":{"@id":"https:\/\/redamlo.com\/index.php\/2023\/03\/12\/en-coordinacion-con-la-participacion-ciudadana-la-diputada-luzma-hernandez-y-el-alcalde-construyen-humedal-en-tequixquiac\/#breadcrumb"},"inLanguage":"es","potentialAction":[{"@type":"ReadAction","target":["https:\/\/redamlo.com\/index.php\/2023\/03\/12\/en-coordinacion-con-la-participacion-ciudadana-la-diputada-luzma-hernandez-y-el-alcalde-construyen-humedal-en-tequixquiac\/"]}]},{"@type":"ImageObject","inLanguage":"es","@id":"https:\/\/redamlo.com\/index.php\/2023\/03\/12\/en-coordinacion-con-la-participacion-ciudadana-la-diputada-luzma-hernandez-y-el-alcalde-construyen-humedal-en-tequixquiac\/#primaryimage","url":"https:\/\/redamlo.com\/wp-content\/uploads\/2023\/03\/humedal-tequisquiac.jpg","contentUrl":"https:\/\/redamlo.com\/wp-content\/uploads\/2023\/03\/humedal-tequisquiac.jpg","width":720,"height":401},{"@type":"BreadcrumbList","@id":"https:\/\/redamlo.com\/index.php\/2023\/03\/12\/en-coordinacion-con-la-participacion-ciudadana-la-diputada-luzma-hernandez-y-el-alcalde-construyen-humedal-en-tequixquiac\/#breadcrumb","itemListElement":[{"@type":"ListItem","position":1,"name":"Inicio","item":"https:\/\/redamlo.com\/"},{"@type":"ListItem","position":2,"name":"En coordinaci\u00f3n con la participaci\u00f3n ciudadana la diputada Luzma Hern\u00e1ndez y el alcalde construyen humedal en Tequixquiac"}]},{"@type":"WebSite","@id":"https:\/\/redamlo.com\/#website","url":"https:\/\/redamlo.com\/","name":"NOTICIAS DE LA 4T","description":"","publisher":{"@id":"https:\/\/redamlo.com\/#organization"},"potentialAction":[{"@type":"SearchAction","target":{"@type":"EntryPoint","urlTemplate":"https:\/\/redamlo.com\/?s={search_term_string}"},"query-input":{"@type":"PropertyValueSpecification","valueRequired":true,"valueName":"search_term_string"}}],"inLanguage":"es"},{"@type":"Organization","@id":"https:\/\/redamlo.com\/#organization","name":"NOTICIAS DE LA 4T","url":"https:\/\/redamlo.com\/","logo":{"@type":"ImageObject","inLanguage":"es","@id":"https:\/\/redamlo.com\/#\/schema\/logo\/image\/","url":"https:\/\/redamlo.com\/wp-content\/uploads\/2024\/08\/cropped-RED-AMLO-logo-50.png","contentUrl":"https:\/\/redamlo.com\/wp-content\/uploads\/2024\/08\/cropped-RED-AMLO-logo-50.png","width":256,"height":256,"caption":"NOTICIAS DE LA 4T"},"image":{"@id":"https:\/\/redamlo.com\/#\/schema\/logo\/image\/"}},{"@type":"Person","@id":"https:\/\/redamlo.com\/#\/schema\/person\/7223a4375eb8f1a782fcae010a7115cf","name":"Blanca","image":{"@type":"ImageObject","inLanguage":"es","@id":"https:\/\/secure.gravatar.com\/avatar\/3f79bc8336367a4e6093eae8757acaaf61d1124834b905616de7829b0273426d?s=96&d=mm&r=g","url":"https:\/\/secure.gravatar.com\/avatar\/3f79bc8336367a4e6093eae8757acaaf61d1124834b905616de7829b0273426d?s=96&d=mm&r=g","contentUrl":"https:\/\/secure.gravatar.com\/avatar\/3f79bc8336367a4e6093eae8757acaaf61d1124834b905616de7829b0273426d?s=96&d=mm&r=g","caption":"Blanca"},"url":"https:\/\/redamlo.com\/index.php\/author\/blanca\/"}]}},"_links":{"self":[{"href":"https:\/\/redamlo.com\/index.php\/wp-json\/wp\/v2\/posts\/6728","targetHints":{"allow":["GET"]}}],"collection":[{"href":"https:\/\/redamlo.com\/index.php\/wp-json\/wp\/v2\/posts"}],"about":[{"href":"https:\/\/redamlo.com\/index.php\/wp-json\/wp\/v2\/types\/post"}],"author":[{"embeddable":true,"href":"https:\/\/redamlo.com\/index.php\/wp-json\/wp\/v2\/users\/2"}],"replies":[{"embeddable":true,"href":"https:\/\/redamlo.com\/index.php\/wp-json\/wp\/v2\/comments?post=6728"}],"version-history":[{"count":0,"href":"https:\/\/redamlo.com\/index.php\/wp-json\/wp\/v2\/posts\/6728\/revisions"}],"wp:featuredmedia":[{"embeddable":true,"href":"https:\/\/redamlo.com\/index.php\/wp-json\/wp\/v2\/media\/6730"}],"wp:attachment":[{"href":"https:\/\/redamlo.com\/index.php\/wp-json\/wp\/v2\/media?parent=6728"}],"wp:term":[{"taxonomy":"category","embeddable":true,"href":"https:\/\/redamlo.com\/index.php\/wp-json\/wp\/v2\/categories?post=6728"},{"taxonomy":"post_tag","embeddable":true,"href":"https:\/\/redamlo.com\/index.php\/wp-json\/wp\/v2\/tags?post=6728"}],"curies":[{"name":"wp","href":"https:\/\/api.w.org\/{rel}","templated":true}]}}