{"id":6722,"date":"2023-03-08T18:43:59","date_gmt":"2023-03-09T00:43:59","guid":{"rendered":"https:\/\/redamlo.com\/?p=6722"},"modified":"2023-03-08T18:43:59","modified_gmt":"2023-03-09T00:43:59","slug":"la-cuarta-transformacion-es-feminista-afirma-amlo-en-dia-internacional-de-las-mujeres","status":"publish","type":"post","link":"https:\/\/redamlo.com\/index.php\/2023\/03\/08\/la-cuarta-transformacion-es-feminista-afirma-amlo-en-dia-internacional-de-las-mujeres\/","title":{"rendered":"LA CUARTA TRANSFORMACI\u00d3N ES FEMINISTA, AFIRMA AMLO EN D\u00cdA INTERNACIONAL DE LAS MUJERES"},"content":{"rendered":"<p>Este 8 de marzo, al conmemorar el D\u00eda Internacional de las Mujeres, el presidente Andr\u00e9s Manuel L\u00f3pez Obrador sostuvo que la Cuarta Transformaci\u00f3n es feminista.<\/p>\n<blockquote><p>\u201cYa se logr\u00f3; fue una lucha de muchos a\u00f1os de mujeres y del movimiento democr\u00e1tico y ahora lo que tenemos que tomar como objetivo es el consolidar la transformaci\u00f3n del pa\u00eds, consumar la transformaci\u00f3n que hemos iniciado y esto tiene que ver con las libertades. Tenemos que hacer valer las libertades en el sentido amplio\u201d, enfatiz\u00f3.<\/p><\/blockquote>\n<p>En el Patio Central del Palacio Nacional, el mandatario escuch\u00f3 a mujeres representantes de instituciones, del Poder Legislativo y de la administraci\u00f3n estatal de Baja California, con quienes refrend\u00f3 el compromiso de respetar el derecho a la libre manifestaci\u00f3n de las ideas y la convicci\u00f3n de consolidar la justicia.<\/p>\n<blockquote><p>\u201cEl que sigamos luchando por la igualdad, el que se combata la monstruosa desigualdad que todav\u00eda existe en nuestro pa\u00eds. Hay muchos que tienen poco y pocos que tienen mucho\u201d, remarc\u00f3.<\/p><\/blockquote>\n<p>Resalt\u00f3 el papel fundamental de las mujeres en la vida p\u00fablica del pa\u00eds e inform\u00f3 que el 70 por ciento de las personas trabajadoras del servicio p\u00fablico son mujeres, al igual que quienes prestan servicio en los\u00a0<a href=\"https:\/\/programasparaelbienestar.gob.mx\/\" target=\"_blank\" rel=\"noopener\">Programas para el Bienestar<\/a>\u00a0en las comunidades.<\/p>\n<p>Reconoci\u00f3 la labor de las\u00a0<strong>Servidoras de la Naci\u00f3n<\/strong>, con las que ha tenido la oportunidad de dialogar en 24 reuniones estatales del Banco del Bienestar.<\/p>\n<blockquote><p>\u201cNos falta nada m\u00e1s Chiapas, Oaxaca, Guerrero, Sinaloa, Sonora, Chihuahua, Baja California Norte y Baja California Sur y ya terminamos. (\u2026) Entonces, las que est\u00e1n trabajando, visitando domicilios en la calle, la mayor\u00eda mujeres, son las que est\u00e1n recogiendo los sentimientos de la gente y son las que est\u00e1n entregando los apoyos que por derecho les corresponde a todos los mexicanos. (\u2026) \u00bfY saben cu\u00e1l es la otra buena noticia?, que la mayor\u00eda son j\u00f3venes, o sea, que ya hay relevo generacional\u201d, refiri\u00f3.<\/p><\/blockquote>\n<p>Una vez consolidado el feminismo en el Gobierno de M\u00e9xico, dijo el presidente, el objetivo de mujeres y hombres es convertir en un h\u00e1bito la democracia participativa y que la soberan\u00eda e independencia se hagan valer.<\/p>\n<blockquote><p>\u201cSomos un pa\u00eds libre, independiente y soberano, que no somos colonia ni somos protectorado de ning\u00fan gobierno extranjero. Hemos avanzado en eso, pero hace falta todav\u00eda m\u00e1s, porque estaban mal acostumbrados y se met\u00edan hasta la cocina sin pedir permiso, muy ventajosos\u201d, acot\u00f3.<\/p><\/blockquote>\n<p>Encabezaron la conmemoraci\u00f3n junto al presidente, la jefa de Gobierno de la Ciudad de M\u00e9xico, Claudia Sheinbaum Pardo; Claudia Sheinbaum Pardo; las gobernadoras de Baja California, Marina del Pilar \u00c1vila Olmeda; de Campeche, Layda Sansores San Rom\u00e1n; de Colima, Indira Vizca\u00edno Silva; de Guerrero, Evelyn Salgado Pineda; de Quintana Roo, Mar\u00eda Elena Lezama Espinosa y de Tlaxcala, Lorena Cu\u00e9llar Cisneros.<\/p>\n<p>Por parte del Gobierno de M\u00e9xico, la secretaria de Seguridad y Protecci\u00f3n Ciudadana, Rosa Icela Rodr\u00edguez Vel\u00e1zquez y la presidenta del Instituto Nacional de<br \/>\nlas Mujeres, Nadine Flora Gasman Zylbermann; as\u00ed como los secretarios de Gobernaci\u00f3n, Ad\u00e1n Augusto L\u00f3pez Hern\u00e1ndez y de Relaciones Exteriores, Marcelo Ebrard Casaubon.<\/p>\n<p>Adem\u00e1s, la senadora Ver\u00f3nica Noem\u00ed Camino Farjat y la diputada Rosangela Amairany Pe\u00f1a Escalante.<\/p>\n","protected":false},"excerpt":{"rendered":"<p>Este 8 de marzo, al conmemorar el D\u00eda Internacional de las Mujeres, el presidente Andr\u00e9s&#8230;<\/p>\n","protected":false},"author":2,"featured_media":6723,"comment_status":"open","ping_status":"closed","sticky":false,"template":"","format":"standard","meta":{"footnotes":""},"categories":[27],"tags":[2474,2475,84,2471],"class_list":["post-6722","post","type-post","status-publish","format-standard","has-post-thumbnail","hentry","category-presidencia","tag-4t-es-feminista","tag-8m","tag-amlo","tag-dia-de-la-mujer"],"yoast_head":"<!-- This site is optimized with the Yoast SEO plugin v27.5 - https:\/\/yoast.com\/product\/yoast-seo-wordpress\/ -->\n<title>LA CUARTA TRANSFORMACI\u00d3N ES FEMINISTA, AFIRMA AMLO EN D\u00cdA INTERNACIONAL DE LAS MUJERES - NOTICIAS DE LA 4T<\/title>\n<meta name=\"robots\" content=\"noindex, follow, max-snippet:-1, max-image-preview:large, max-video-preview:-1\" \/>\n<meta property=\"og:locale\" content=\"es_MX\" \/>\n<meta property=\"og:type\" content=\"article\" \/>\n<meta property=\"og:title\" content=\"LA CUARTA TRANSFORMACI\u00d3N ES FEMINISTA, AFIRMA AMLO EN D\u00cdA INTERNACIONAL DE LAS MUJERES - NOTICIAS DE LA 4T\" \/>\n<meta property=\"og:description\" content=\"Este 8 de marzo, al conmemorar el D\u00eda Internacional de las Mujeres, el presidente Andr\u00e9s...\" \/>\n<meta property=\"og:url\" content=\"https:\/\/redamlo.com\/index.php\/2023\/03\/08\/la-cuarta-transformacion-es-feminista-afirma-amlo-en-dia-internacional-de-las-mujeres\/\" \/>\n<meta property=\"og:site_name\" content=\"NOTICIAS DE LA 4T\" \/>\n<meta property=\"article:published_time\" content=\"2023-03-09T00:43:59+00:00\" \/>\n<meta property=\"og:image\" content=\"https:\/\/redamlo.com\/wp-content\/uploads\/2023\/03\/2023-03-08-Presidente-AMLO-Dia-Internacional-de-las-Mujeres-Palacio-Nacional-Foto-08.jpg\" \/>\n\t<meta property=\"og:image:width\" content=\"1500\" \/>\n\t<meta property=\"og:image:height\" content=\"1000\" \/>\n\t<meta property=\"og:image:type\" content=\"image\/jpeg\" \/>\n<meta name=\"author\" content=\"Blanca\" \/>\n<meta name=\"twitter:card\" content=\"summary_large_image\" \/>\n<meta name=\"twitter:label1\" content=\"Escrito por\" \/>\n\t<meta name=\"twitter:data1\" content=\"Blanca\" \/>\n\t<meta name=\"twitter:label2\" content=\"Tiempo de lectura\" \/>\n\t<meta name=\"twitter:data2\" content=\"3 minutos\" \/>\n<script type=\"application\/ld+json\" class=\"yoast-schema-graph\">{\"@context\":\"https:\\\/\\\/schema.org\",\"@graph\":[{\"@type\":\"Article\",\"@id\":\"https:\\\/\\\/redamlo.com\\\/index.php\\\/2023\\\/03\\\/08\\\/la-cuarta-transformacion-es-feminista-afirma-amlo-en-dia-internacional-de-las-mujeres\\\/#article\",\"isPartOf\":{\"@id\":\"https:\\\/\\\/redamlo.com\\\/index.php\\\/2023\\\/03\\\/08\\\/la-cuarta-transformacion-es-feminista-afirma-amlo-en-dia-internacional-de-las-mujeres\\\/\"},\"author\":{\"name\":\"Blanca\",\"@id\":\"https:\\\/\\\/redamlo.com\\\/#\\\/schema\\\/person\\\/7223a4375eb8f1a782fcae010a7115cf\"},\"headline\":\"LA CUARTA TRANSFORMACI\u00d3N ES FEMINISTA, AFIRMA AMLO EN D\u00cdA INTERNACIONAL DE LAS MUJERES\",\"datePublished\":\"2023-03-09T00:43:59+00:00\",\"mainEntityOfPage\":{\"@id\":\"https:\\\/\\\/redamlo.com\\\/index.php\\\/2023\\\/03\\\/08\\\/la-cuarta-transformacion-es-feminista-afirma-amlo-en-dia-internacional-de-las-mujeres\\\/\"},\"wordCount\":575,\"commentCount\":0,\"publisher\":{\"@id\":\"https:\\\/\\\/redamlo.com\\\/#organization\"},\"image\":{\"@id\":\"https:\\\/\\\/redamlo.com\\\/index.php\\\/2023\\\/03\\\/08\\\/la-cuarta-transformacion-es-feminista-afirma-amlo-en-dia-internacional-de-las-mujeres\\\/#primaryimage\"},\"thumbnailUrl\":\"https:\\\/\\\/redamlo.com\\\/wp-content\\\/uploads\\\/2023\\\/03\\\/2023-03-08-Presidente-AMLO-Dia-Internacional-de-las-Mujeres-Palacio-Nacional-Foto-08.jpg\",\"keywords\":[\"4T es Feminista\",\"8M\",\"AMLO\",\"d\u00eda de la mujer\"],\"articleSection\":[\"Presidencia\"],\"inLanguage\":\"es\",\"potentialAction\":[{\"@type\":\"CommentAction\",\"name\":\"Comment\",\"target\":[\"https:\\\/\\\/redamlo.com\\\/index.php\\\/2023\\\/03\\\/08\\\/la-cuarta-transformacion-es-feminista-afirma-amlo-en-dia-internacional-de-las-mujeres\\\/#respond\"]}]},{\"@type\":\"WebPage\",\"@id\":\"https:\\\/\\\/redamlo.com\\\/index.php\\\/2023\\\/03\\\/08\\\/la-cuarta-transformacion-es-feminista-afirma-amlo-en-dia-internacional-de-las-mujeres\\\/\",\"url\":\"https:\\\/\\\/redamlo.com\\\/index.php\\\/2023\\\/03\\\/08\\\/la-cuarta-transformacion-es-feminista-afirma-amlo-en-dia-internacional-de-las-mujeres\\\/\",\"name\":\"LA CUARTA TRANSFORMACI\u00d3N ES FEMINISTA, AFIRMA AMLO EN D\u00cdA INTERNACIONAL DE LAS MUJERES - NOTICIAS DE LA 4T\",\"isPartOf\":{\"@id\":\"https:\\\/\\\/redamlo.com\\\/#website\"},\"primaryImageOfPage\":{\"@id\":\"https:\\\/\\\/redamlo.com\\\/index.php\\\/2023\\\/03\\\/08\\\/la-cuarta-transformacion-es-feminista-afirma-amlo-en-dia-internacional-de-las-mujeres\\\/#primaryimage\"},\"image\":{\"@id\":\"https:\\\/\\\/redamlo.com\\\/index.php\\\/2023\\\/03\\\/08\\\/la-cuarta-transformacion-es-feminista-afirma-amlo-en-dia-internacional-de-las-mujeres\\\/#primaryimage\"},\"thumbnailUrl\":\"https:\\\/\\\/redamlo.com\\\/wp-content\\\/uploads\\\/2023\\\/03\\\/2023-03-08-Presidente-AMLO-Dia-Internacional-de-las-Mujeres-Palacio-Nacional-Foto-08.jpg\",\"datePublished\":\"2023-03-09T00:43:59+00:00\",\"breadcrumb\":{\"@id\":\"https:\\\/\\\/redamlo.com\\\/index.php\\\/2023\\\/03\\\/08\\\/la-cuarta-transformacion-es-feminista-afirma-amlo-en-dia-internacional-de-las-mujeres\\\/#breadcrumb\"},\"inLanguage\":\"es\",\"potentialAction\":[{\"@type\":\"ReadAction\",\"target\":[\"https:\\\/\\\/redamlo.com\\\/index.php\\\/2023\\\/03\\\/08\\\/la-cuarta-transformacion-es-feminista-afirma-amlo-en-dia-internacional-de-las-mujeres\\\/\"]}]},{\"@type\":\"ImageObject\",\"inLanguage\":\"es\",\"@id\":\"https:\\\/\\\/redamlo.com\\\/index.php\\\/2023\\\/03\\\/08\\\/la-cuarta-transformacion-es-feminista-afirma-amlo-en-dia-internacional-de-las-mujeres\\\/#primaryimage\",\"url\":\"https:\\\/\\\/redamlo.com\\\/wp-content\\\/uploads\\\/2023\\\/03\\\/2023-03-08-Presidente-AMLO-Dia-Internacional-de-las-Mujeres-Palacio-Nacional-Foto-08.jpg\",\"contentUrl\":\"https:\\\/\\\/redamlo.com\\\/wp-content\\\/uploads\\\/2023\\\/03\\\/2023-03-08-Presidente-AMLO-Dia-Internacional-de-las-Mujeres-Palacio-Nacional-Foto-08.jpg\",\"width\":1500,\"height\":1000},{\"@type\":\"BreadcrumbList\",\"@id\":\"https:\\\/\\\/redamlo.com\\\/index.php\\\/2023\\\/03\\\/08\\\/la-cuarta-transformacion-es-feminista-afirma-amlo-en-dia-internacional-de-las-mujeres\\\/#breadcrumb\",\"itemListElement\":[{\"@type\":\"ListItem\",\"position\":1,\"name\":\"Inicio\",\"item\":\"https:\\\/\\\/redamlo.com\\\/\"},{\"@type\":\"ListItem\",\"position\":2,\"name\":\"LA CUARTA TRANSFORMACI\u00d3N ES FEMINISTA, AFIRMA AMLO EN D\u00cdA INTERNACIONAL DE LAS MUJERES\"}]},{\"@type\":\"WebSite\",\"@id\":\"https:\\\/\\\/redamlo.com\\\/#website\",\"url\":\"https:\\\/\\\/redamlo.com\\\/\",\"name\":\"NOTICIAS DE LA 4T\",\"description\":\"\",\"publisher\":{\"@id\":\"https:\\\/\\\/redamlo.com\\\/#organization\"},\"potentialAction\":[{\"@type\":\"SearchAction\",\"target\":{\"@type\":\"EntryPoint\",\"urlTemplate\":\"https:\\\/\\\/redamlo.com\\\/?s={search_term_string}\"},\"query-input\":{\"@type\":\"PropertyValueSpecification\",\"valueRequired\":true,\"valueName\":\"search_term_string\"}}],\"inLanguage\":\"es\"},{\"@type\":\"Organization\",\"@id\":\"https:\\\/\\\/redamlo.com\\\/#organization\",\"name\":\"NOTICIAS DE LA 4T\",\"url\":\"https:\\\/\\\/redamlo.com\\\/\",\"logo\":{\"@type\":\"ImageObject\",\"inLanguage\":\"es\",\"@id\":\"https:\\\/\\\/redamlo.com\\\/#\\\/schema\\\/logo\\\/image\\\/\",\"url\":\"https:\\\/\\\/redamlo.com\\\/wp-content\\\/uploads\\\/2024\\\/08\\\/cropped-RED-AMLO-logo-50.png\",\"contentUrl\":\"https:\\\/\\\/redamlo.com\\\/wp-content\\\/uploads\\\/2024\\\/08\\\/cropped-RED-AMLO-logo-50.png\",\"width\":256,\"height\":256,\"caption\":\"NOTICIAS DE LA 4T\"},\"image\":{\"@id\":\"https:\\\/\\\/redamlo.com\\\/#\\\/schema\\\/logo\\\/image\\\/\"}},{\"@type\":\"Person\",\"@id\":\"https:\\\/\\\/redamlo.com\\\/#\\\/schema\\\/person\\\/7223a4375eb8f1a782fcae010a7115cf\",\"name\":\"Blanca\",\"image\":{\"@type\":\"ImageObject\",\"inLanguage\":\"es\",\"@id\":\"https:\\\/\\\/secure.gravatar.com\\\/avatar\\\/3f79bc8336367a4e6093eae8757acaaf61d1124834b905616de7829b0273426d?s=96&d=mm&r=g\",\"url\":\"https:\\\/\\\/secure.gravatar.com\\\/avatar\\\/3f79bc8336367a4e6093eae8757acaaf61d1124834b905616de7829b0273426d?s=96&d=mm&r=g\",\"contentUrl\":\"https:\\\/\\\/secure.gravatar.com\\\/avatar\\\/3f79bc8336367a4e6093eae8757acaaf61d1124834b905616de7829b0273426d?s=96&d=mm&r=g\",\"caption\":\"Blanca\"},\"url\":\"https:\\\/\\\/redamlo.com\\\/index.php\\\/author\\\/blanca\\\/\"}]}<\/script>\n<!-- \/ Yoast SEO plugin. -->","yoast_head_json":{"title":"LA CUARTA TRANSFORMACI\u00d3N ES FEMINISTA, AFIRMA AMLO EN D\u00cdA INTERNACIONAL DE LAS MUJERES - NOTICIAS DE LA 4T","robots":{"index":"noindex","follow":"follow","max-snippet":"max-snippet:-1","max-image-preview":"max-image-preview:large","max-video-preview":"max-video-preview:-1"},"og_locale":"es_MX","og_type":"article","og_title":"LA CUARTA TRANSFORMACI\u00d3N ES FEMINISTA, AFIRMA AMLO EN D\u00cdA INTERNACIONAL DE LAS MUJERES - NOTICIAS DE LA 4T","og_description":"Este 8 de marzo, al conmemorar el D\u00eda Internacional de las Mujeres, el presidente Andr\u00e9s...","og_url":"https:\/\/redamlo.com\/index.php\/2023\/03\/08\/la-cuarta-transformacion-es-feminista-afirma-amlo-en-dia-internacional-de-las-mujeres\/","og_site_name":"NOTICIAS DE LA 4T","article_published_time":"2023-03-09T00:43:59+00:00","og_image":[{"width":1500,"height":1000,"url":"https:\/\/redamlo.com\/wp-content\/uploads\/2023\/03\/2023-03-08-Presidente-AMLO-Dia-Internacional-de-las-Mujeres-Palacio-Nacional-Foto-08.jpg","type":"image\/jpeg"}],"author":"Blanca","twitter_card":"summary_large_image","twitter_misc":{"Escrito por":"Blanca","Tiempo de lectura":"3 minutos"},"schema":{"@context":"https:\/\/schema.org","@graph":[{"@type":"Article","@id":"https:\/\/redamlo.com\/index.php\/2023\/03\/08\/la-cuarta-transformacion-es-feminista-afirma-amlo-en-dia-internacional-de-las-mujeres\/#article","isPartOf":{"@id":"https:\/\/redamlo.com\/index.php\/2023\/03\/08\/la-cuarta-transformacion-es-feminista-afirma-amlo-en-dia-internacional-de-las-mujeres\/"},"author":{"name":"Blanca","@id":"https:\/\/redamlo.com\/#\/schema\/person\/7223a4375eb8f1a782fcae010a7115cf"},"headline":"LA CUARTA TRANSFORMACI\u00d3N ES FEMINISTA, AFIRMA AMLO EN D\u00cdA INTERNACIONAL DE LAS MUJERES","datePublished":"2023-03-09T00:43:59+00:00","mainEntityOfPage":{"@id":"https:\/\/redamlo.com\/index.php\/2023\/03\/08\/la-cuarta-transformacion-es-feminista-afirma-amlo-en-dia-internacional-de-las-mujeres\/"},"wordCount":575,"commentCount":0,"publisher":{"@id":"https:\/\/redamlo.com\/#organization"},"image":{"@id":"https:\/\/redamlo.com\/index.php\/2023\/03\/08\/la-cuarta-transformacion-es-feminista-afirma-amlo-en-dia-internacional-de-las-mujeres\/#primaryimage"},"thumbnailUrl":"https:\/\/redamlo.com\/wp-content\/uploads\/2023\/03\/2023-03-08-Presidente-AMLO-Dia-Internacional-de-las-Mujeres-Palacio-Nacional-Foto-08.jpg","keywords":["4T es Feminista","8M","AMLO","d\u00eda de la mujer"],"articleSection":["Presidencia"],"inLanguage":"es","potentialAction":[{"@type":"CommentAction","name":"Comment","target":["https:\/\/redamlo.com\/index.php\/2023\/03\/08\/la-cuarta-transformacion-es-feminista-afirma-amlo-en-dia-internacional-de-las-mujeres\/#respond"]}]},{"@type":"WebPage","@id":"https:\/\/redamlo.com\/index.php\/2023\/03\/08\/la-cuarta-transformacion-es-feminista-afirma-amlo-en-dia-internacional-de-las-mujeres\/","url":"https:\/\/redamlo.com\/index.php\/2023\/03\/08\/la-cuarta-transformacion-es-feminista-afirma-amlo-en-dia-internacional-de-las-mujeres\/","name":"LA CUARTA TRANSFORMACI\u00d3N ES FEMINISTA, AFIRMA AMLO EN D\u00cdA INTERNACIONAL DE LAS MUJERES - NOTICIAS DE LA 4T","isPartOf":{"@id":"https:\/\/redamlo.com\/#website"},"primaryImageOfPage":{"@id":"https:\/\/redamlo.com\/index.php\/2023\/03\/08\/la-cuarta-transformacion-es-feminista-afirma-amlo-en-dia-internacional-de-las-mujeres\/#primaryimage"},"image":{"@id":"https:\/\/redamlo.com\/index.php\/2023\/03\/08\/la-cuarta-transformacion-es-feminista-afirma-amlo-en-dia-internacional-de-las-mujeres\/#primaryimage"},"thumbnailUrl":"https:\/\/redamlo.com\/wp-content\/uploads\/2023\/03\/2023-03-08-Presidente-AMLO-Dia-Internacional-de-las-Mujeres-Palacio-Nacional-Foto-08.jpg","datePublished":"2023-03-09T00:43:59+00:00","breadcrumb":{"@id":"https:\/\/redamlo.com\/index.php\/2023\/03\/08\/la-cuarta-transformacion-es-feminista-afirma-amlo-en-dia-internacional-de-las-mujeres\/#breadcrumb"},"inLanguage":"es","potentialAction":[{"@type":"ReadAction","target":["https:\/\/redamlo.com\/index.php\/2023\/03\/08\/la-cuarta-transformacion-es-feminista-afirma-amlo-en-dia-internacional-de-las-mujeres\/"]}]},{"@type":"ImageObject","inLanguage":"es","@id":"https:\/\/redamlo.com\/index.php\/2023\/03\/08\/la-cuarta-transformacion-es-feminista-afirma-amlo-en-dia-internacional-de-las-mujeres\/#primaryimage","url":"https:\/\/redamlo.com\/wp-content\/uploads\/2023\/03\/2023-03-08-Presidente-AMLO-Dia-Internacional-de-las-Mujeres-Palacio-Nacional-Foto-08.jpg","contentUrl":"https:\/\/redamlo.com\/wp-content\/uploads\/2023\/03\/2023-03-08-Presidente-AMLO-Dia-Internacional-de-las-Mujeres-Palacio-Nacional-Foto-08.jpg","width":1500,"height":1000},{"@type":"BreadcrumbList","@id":"https:\/\/redamlo.com\/index.php\/2023\/03\/08\/la-cuarta-transformacion-es-feminista-afirma-amlo-en-dia-internacional-de-las-mujeres\/#breadcrumb","itemListElement":[{"@type":"ListItem","position":1,"name":"Inicio","item":"https:\/\/redamlo.com\/"},{"@type":"ListItem","position":2,"name":"LA CUARTA TRANSFORMACI\u00d3N ES FEMINISTA, AFIRMA AMLO EN D\u00cdA INTERNACIONAL DE LAS MUJERES"}]},{"@type":"WebSite","@id":"https:\/\/redamlo.com\/#website","url":"https:\/\/redamlo.com\/","name":"NOTICIAS DE LA 4T","description":"","publisher":{"@id":"https:\/\/redamlo.com\/#organization"},"potentialAction":[{"@type":"SearchAction","target":{"@type":"EntryPoint","urlTemplate":"https:\/\/redamlo.com\/?s={search_term_string}"},"query-input":{"@type":"PropertyValueSpecification","valueRequired":true,"valueName":"search_term_string"}}],"inLanguage":"es"},{"@type":"Organization","@id":"https:\/\/redamlo.com\/#organization","name":"NOTICIAS DE LA 4T","url":"https:\/\/redamlo.com\/","logo":{"@type":"ImageObject","inLanguage":"es","@id":"https:\/\/redamlo.com\/#\/schema\/logo\/image\/","url":"https:\/\/redamlo.com\/wp-content\/uploads\/2024\/08\/cropped-RED-AMLO-logo-50.png","contentUrl":"https:\/\/redamlo.com\/wp-content\/uploads\/2024\/08\/cropped-RED-AMLO-logo-50.png","width":256,"height":256,"caption":"NOTICIAS DE LA 4T"},"image":{"@id":"https:\/\/redamlo.com\/#\/schema\/logo\/image\/"}},{"@type":"Person","@id":"https:\/\/redamlo.com\/#\/schema\/person\/7223a4375eb8f1a782fcae010a7115cf","name":"Blanca","image":{"@type":"ImageObject","inLanguage":"es","@id":"https:\/\/secure.gravatar.com\/avatar\/3f79bc8336367a4e6093eae8757acaaf61d1124834b905616de7829b0273426d?s=96&d=mm&r=g","url":"https:\/\/secure.gravatar.com\/avatar\/3f79bc8336367a4e6093eae8757acaaf61d1124834b905616de7829b0273426d?s=96&d=mm&r=g","contentUrl":"https:\/\/secure.gravatar.com\/avatar\/3f79bc8336367a4e6093eae8757acaaf61d1124834b905616de7829b0273426d?s=96&d=mm&r=g","caption":"Blanca"},"url":"https:\/\/redamlo.com\/index.php\/author\/blanca\/"}]}},"_links":{"self":[{"href":"https:\/\/redamlo.com\/index.php\/wp-json\/wp\/v2\/posts\/6722","targetHints":{"allow":["GET"]}}],"collection":[{"href":"https:\/\/redamlo.com\/index.php\/wp-json\/wp\/v2\/posts"}],"about":[{"href":"https:\/\/redamlo.com\/index.php\/wp-json\/wp\/v2\/types\/post"}],"author":[{"embeddable":true,"href":"https:\/\/redamlo.com\/index.php\/wp-json\/wp\/v2\/users\/2"}],"replies":[{"embeddable":true,"href":"https:\/\/redamlo.com\/index.php\/wp-json\/wp\/v2\/comments?post=6722"}],"version-history":[{"count":0,"href":"https:\/\/redamlo.com\/index.php\/wp-json\/wp\/v2\/posts\/6722\/revisions"}],"wp:featuredmedia":[{"embeddable":true,"href":"https:\/\/redamlo.com\/index.php\/wp-json\/wp\/v2\/media\/6723"}],"wp:attachment":[{"href":"https:\/\/redamlo.com\/index.php\/wp-json\/wp\/v2\/media?parent=6722"}],"wp:term":[{"taxonomy":"category","embeddable":true,"href":"https:\/\/redamlo.com\/index.php\/wp-json\/wp\/v2\/categories?post=6722"},{"taxonomy":"post_tag","embeddable":true,"href":"https:\/\/redamlo.com\/index.php\/wp-json\/wp\/v2\/tags?post=6722"}],"curies":[{"name":"wp","href":"https:\/\/api.w.org\/{rel}","templated":true}]}}