{"id":6701,"date":"2023-03-06T08:57:01","date_gmt":"2023-03-06T14:57:01","guid":{"rendered":"https:\/\/redamlo.com\/?p=6701"},"modified":"2023-03-06T08:57:01","modified_gmt":"2023-03-06T14:57:01","slug":"sheinbaum-celebra-en-la-cdmx-el-dia-internacional-de-la-mujer","status":"publish","type":"post","link":"https:\/\/redamlo.com\/index.php\/2023\/03\/06\/sheinbaum-celebra-en-la-cdmx-el-dia-internacional-de-la-mujer\/","title":{"rendered":"Sheinbaum Celebra en la CDMX el D\u00eda Internacional de la Mujer"},"content":{"rendered":"<p>La jefa de Gobierno de la Ciudad de M\u00e9xico, Claudia Sheinbaum, conmemor\u00f3 el D\u00eda Internacional de la Mujer acompa\u00f1ada por gobernadoras, secretarias de Estado y legisladoras de Morena, en un acto en el que destac\u00f3 que por primera vez en su historia M\u00e9xico tiene una administraci\u00f3n con paridad de g\u00e9nero.<\/p>\n<blockquote class=\"twitter-tweet\" data-width=\"550\" data-dnt=\"true\">\n<p lang=\"es\" dir=\"ltr\">Aqu\u00ed est\u00e1 la voz de las mujeres guerreras, que abrimos brechas, transformadoras de la vida p\u00fablica de M\u00e9xico.<a href=\"https:\/\/twitter.com\/hashtag\/MujeresHaciendoHistoria?src=hash&amp;ref_src=twsrc%5Etfw\">#MujeresHaciendoHistoria<\/a> <a href=\"https:\/\/t.co\/lxxmYV3ePO\">pic.twitter.com\/lxxmYV3ePO<\/a><\/p>\n<p>&mdash; Claudia Sheinbaum Pardo (@Claudiashein) <a href=\"https:\/\/twitter.com\/Claudiashein\/status\/1632613110988128256?ref_src=twsrc%5Etfw\">March 6, 2023<\/a><\/p><\/blockquote>\n<p><script async src=\"https:\/\/platform.twitter.com\/widgets.js\" charset=\"utf-8\"><\/script><\/p>\n<p>La titular del Ejecutivo local destac\u00f3 que las mujeres son la esencia de la transformaci\u00f3n que vive el pa\u00eds, cuyo principal prop\u00f3sito es garantizar el acceso de toda la poblaci\u00f3n, especialmente de ellas, a los derechos humanos.<\/p>\n<p>El festejo se caracteriz\u00f3 por los gritos de apoyo a Sheinbaum que todo el tiempo lanzaron militantes de Morena que se dieron cita en la Expo Reforma, donde la mandataria capitalina subray\u00f3 que M\u00e9xico \u201cvive un momento estelar\u201d porque se rompi\u00f3 el viejo r\u00e9gimen y se construye uno nuevo, en el que las mujeres son fundamentales.<\/p>\n<p>Precis\u00f3 que \u201cen el caso de las mujeres no se trata de que una rompa el techo de cristal, porque es mujer y sali\u00f3 adelante, es el derecho humano de todas a lograr la igualdad sustantiva, a que puedan cumplir sus sue\u00f1os\u201d.<\/p>\n<p>Agreg\u00f3 que como madre y \u201cen unos meses ser\u00e9 abuela\u201d, las mujeres tienen el deber de abrir brecha para sus hijas y nietas, sin olvidar que \u201cnunca ser\u00e1 el odio, la mentira ni la violencia la que nos lleve a un mundo mejor, sino el amor, la inclusi\u00f3n y la lucha contra toda forma de discriminaci\u00f3n, y en ello el reconocimiento de las hist\u00f3ricamente olvidadas tambi\u00e9n es fundamental\u201d.<\/p>\n<p>Agreg\u00f3 que por eso es el momento para que las mujeres sean parte de la construcci\u00f3n de un mundo m\u00e1s justo, en el que se reivindique el derecho de ni\u00f1as y j\u00f3venes a cumplir sus sue\u00f1os, que nada las detenga para alcanzar metas, as\u00ed como tener un M\u00e9xico sin feminicidios.<\/p>\n<p>\u201c\u00a1Nunca m\u00e1s! Nunca m\u00e1s un \u2018calladita te ves m\u00e1s bonita\u2019. Aqu\u00ed est\u00e1 la voz de las mujeres. Somos transformadoras. Somos guerreras que abrimos brechas a otras mujeres. Somos mujeres de la Cuarta Transformaci\u00f3n\u201d, manifest\u00f3 la jefa de Gobierno, quien cerr\u00f3 su participaci\u00f3n invitando a todas las presentes a la marcha que encabezar\u00e1 el presidente Andr\u00e9s Manuel L\u00f3pez Obrador el 18 de marzo para conmemorar la expropiaci\u00f3n del petr\u00f3leo.<\/p>\n<p>En el acto estuvieron presentes las gobernadoras de Baja California, Marina del Pilar \u00c1vila Olmeda; de Guerrero, Evelyn Salgado; de Colima, Indira Vizca\u00edno Silva; Quintana Roo, Mara Lezama, y de Campeche, Layda Sansores; la senadora Olga S\u00e1nchez Cordero, y la precandidata a gobernar el estado de M\u00e9xico, Delfina G\u00f3mez, entre otras funcionarias.<\/p>\n<p>Fuente: La Jornada.<\/p>\n","protected":false},"excerpt":{"rendered":"<p>La jefa de Gobierno de la Ciudad de M\u00e9xico, Claudia Sheinbaum, conmemor\u00f3 el D\u00eda Internacional&#8230;<\/p>\n","protected":false},"author":2,"featured_media":6702,"comment_status":"open","ping_status":"closed","sticky":false,"template":"","format":"standard","meta":{"footnotes":""},"categories":[17],"tags":[2466,2470],"class_list":["post-6701","post","type-post","status-publish","format-standard","has-post-thumbnail","hentry","category-cdmx","tag-dia-internacional-de-la-mujer","tag-sheinbaum"],"yoast_head":"<!-- This site is optimized with the Yoast SEO plugin v27.5 - https:\/\/yoast.com\/product\/yoast-seo-wordpress\/ -->\n<title>Sheinbaum Celebra en la CDMX el D\u00eda Internacional de la Mujer - NOTICIAS DE LA 4T<\/title>\n<meta name=\"robots\" content=\"noindex, follow, max-snippet:-1, max-image-preview:large, max-video-preview:-1\" \/>\n<meta property=\"og:locale\" content=\"es_MX\" \/>\n<meta property=\"og:type\" content=\"article\" \/>\n<meta property=\"og:title\" content=\"Sheinbaum Celebra en la CDMX el D\u00eda Internacional de la Mujer - NOTICIAS DE LA 4T\" \/>\n<meta property=\"og:description\" content=\"La jefa de Gobierno de la Ciudad de M\u00e9xico, Claudia Sheinbaum, conmemor\u00f3 el D\u00eda Internacional...\" \/>\n<meta property=\"og:url\" content=\"https:\/\/redamlo.com\/index.php\/2023\/03\/06\/sheinbaum-celebra-en-la-cdmx-el-dia-internacional-de-la-mujer\/\" \/>\n<meta property=\"og:site_name\" content=\"NOTICIAS DE LA 4T\" \/>\n<meta property=\"article:published_time\" content=\"2023-03-06T14:57:01+00:00\" \/>\n<meta property=\"og:image\" content=\"https:\/\/redamlo.com\/wp-content\/uploads\/2023\/03\/sheibaum-celebra-8m.jpg\" \/>\n\t<meta property=\"og:image:width\" content=\"842\" \/>\n\t<meta property=\"og:image:height\" content=\"428\" \/>\n\t<meta property=\"og:image:type\" content=\"image\/jpeg\" \/>\n<meta name=\"author\" content=\"Blanca\" \/>\n<meta name=\"twitter:card\" content=\"summary_large_image\" \/>\n<meta name=\"twitter:label1\" content=\"Escrito por\" \/>\n\t<meta name=\"twitter:data1\" content=\"Blanca\" \/>\n\t<meta name=\"twitter:label2\" content=\"Tiempo de lectura\" \/>\n\t<meta name=\"twitter:data2\" content=\"2 minutos\" \/>\n<script type=\"application\/ld+json\" class=\"yoast-schema-graph\">{\"@context\":\"https:\\\/\\\/schema.org\",\"@graph\":[{\"@type\":\"Article\",\"@id\":\"https:\\\/\\\/redamlo.com\\\/index.php\\\/2023\\\/03\\\/06\\\/sheinbaum-celebra-en-la-cdmx-el-dia-internacional-de-la-mujer\\\/#article\",\"isPartOf\":{\"@id\":\"https:\\\/\\\/redamlo.com\\\/index.php\\\/2023\\\/03\\\/06\\\/sheinbaum-celebra-en-la-cdmx-el-dia-internacional-de-la-mujer\\\/\"},\"author\":{\"name\":\"Blanca\",\"@id\":\"https:\\\/\\\/redamlo.com\\\/#\\\/schema\\\/person\\\/7223a4375eb8f1a782fcae010a7115cf\"},\"headline\":\"Sheinbaum Celebra en la CDMX el D\u00eda Internacional de la Mujer\",\"datePublished\":\"2023-03-06T14:57:01+00:00\",\"mainEntityOfPage\":{\"@id\":\"https:\\\/\\\/redamlo.com\\\/index.php\\\/2023\\\/03\\\/06\\\/sheinbaum-celebra-en-la-cdmx-el-dia-internacional-de-la-mujer\\\/\"},\"wordCount\":485,\"commentCount\":0,\"publisher\":{\"@id\":\"https:\\\/\\\/redamlo.com\\\/#organization\"},\"image\":{\"@id\":\"https:\\\/\\\/redamlo.com\\\/index.php\\\/2023\\\/03\\\/06\\\/sheinbaum-celebra-en-la-cdmx-el-dia-internacional-de-la-mujer\\\/#primaryimage\"},\"thumbnailUrl\":\"https:\\\/\\\/redamlo.com\\\/wp-content\\\/uploads\\\/2023\\\/03\\\/sheibaum-celebra-8m.jpg\",\"keywords\":[\"d\u00eda internacional de la mujer\",\"Sheinbaum\"],\"articleSection\":[\"CDMX\"],\"inLanguage\":\"es\",\"potentialAction\":[{\"@type\":\"CommentAction\",\"name\":\"Comment\",\"target\":[\"https:\\\/\\\/redamlo.com\\\/index.php\\\/2023\\\/03\\\/06\\\/sheinbaum-celebra-en-la-cdmx-el-dia-internacional-de-la-mujer\\\/#respond\"]}]},{\"@type\":\"WebPage\",\"@id\":\"https:\\\/\\\/redamlo.com\\\/index.php\\\/2023\\\/03\\\/06\\\/sheinbaum-celebra-en-la-cdmx-el-dia-internacional-de-la-mujer\\\/\",\"url\":\"https:\\\/\\\/redamlo.com\\\/index.php\\\/2023\\\/03\\\/06\\\/sheinbaum-celebra-en-la-cdmx-el-dia-internacional-de-la-mujer\\\/\",\"name\":\"Sheinbaum Celebra en la CDMX el D\u00eda Internacional de la Mujer - NOTICIAS DE LA 4T\",\"isPartOf\":{\"@id\":\"https:\\\/\\\/redamlo.com\\\/#website\"},\"primaryImageOfPage\":{\"@id\":\"https:\\\/\\\/redamlo.com\\\/index.php\\\/2023\\\/03\\\/06\\\/sheinbaum-celebra-en-la-cdmx-el-dia-internacional-de-la-mujer\\\/#primaryimage\"},\"image\":{\"@id\":\"https:\\\/\\\/redamlo.com\\\/index.php\\\/2023\\\/03\\\/06\\\/sheinbaum-celebra-en-la-cdmx-el-dia-internacional-de-la-mujer\\\/#primaryimage\"},\"thumbnailUrl\":\"https:\\\/\\\/redamlo.com\\\/wp-content\\\/uploads\\\/2023\\\/03\\\/sheibaum-celebra-8m.jpg\",\"datePublished\":\"2023-03-06T14:57:01+00:00\",\"breadcrumb\":{\"@id\":\"https:\\\/\\\/redamlo.com\\\/index.php\\\/2023\\\/03\\\/06\\\/sheinbaum-celebra-en-la-cdmx-el-dia-internacional-de-la-mujer\\\/#breadcrumb\"},\"inLanguage\":\"es\",\"potentialAction\":[{\"@type\":\"ReadAction\",\"target\":[\"https:\\\/\\\/redamlo.com\\\/index.php\\\/2023\\\/03\\\/06\\\/sheinbaum-celebra-en-la-cdmx-el-dia-internacional-de-la-mujer\\\/\"]}]},{\"@type\":\"ImageObject\",\"inLanguage\":\"es\",\"@id\":\"https:\\\/\\\/redamlo.com\\\/index.php\\\/2023\\\/03\\\/06\\\/sheinbaum-celebra-en-la-cdmx-el-dia-internacional-de-la-mujer\\\/#primaryimage\",\"url\":\"https:\\\/\\\/redamlo.com\\\/wp-content\\\/uploads\\\/2023\\\/03\\\/sheibaum-celebra-8m.jpg\",\"contentUrl\":\"https:\\\/\\\/redamlo.com\\\/wp-content\\\/uploads\\\/2023\\\/03\\\/sheibaum-celebra-8m.jpg\",\"width\":842,\"height\":428},{\"@type\":\"BreadcrumbList\",\"@id\":\"https:\\\/\\\/redamlo.com\\\/index.php\\\/2023\\\/03\\\/06\\\/sheinbaum-celebra-en-la-cdmx-el-dia-internacional-de-la-mujer\\\/#breadcrumb\",\"itemListElement\":[{\"@type\":\"ListItem\",\"position\":1,\"name\":\"Inicio\",\"item\":\"https:\\\/\\\/redamlo.com\\\/\"},{\"@type\":\"ListItem\",\"position\":2,\"name\":\"Sheinbaum Celebra en la CDMX el D\u00eda Internacional de la Mujer\"}]},{\"@type\":\"WebSite\",\"@id\":\"https:\\\/\\\/redamlo.com\\\/#website\",\"url\":\"https:\\\/\\\/redamlo.com\\\/\",\"name\":\"NOTICIAS DE LA 4T\",\"description\":\"\",\"publisher\":{\"@id\":\"https:\\\/\\\/redamlo.com\\\/#organization\"},\"potentialAction\":[{\"@type\":\"SearchAction\",\"target\":{\"@type\":\"EntryPoint\",\"urlTemplate\":\"https:\\\/\\\/redamlo.com\\\/?s={search_term_string}\"},\"query-input\":{\"@type\":\"PropertyValueSpecification\",\"valueRequired\":true,\"valueName\":\"search_term_string\"}}],\"inLanguage\":\"es\"},{\"@type\":\"Organization\",\"@id\":\"https:\\\/\\\/redamlo.com\\\/#organization\",\"name\":\"NOTICIAS DE LA 4T\",\"url\":\"https:\\\/\\\/redamlo.com\\\/\",\"logo\":{\"@type\":\"ImageObject\",\"inLanguage\":\"es\",\"@id\":\"https:\\\/\\\/redamlo.com\\\/#\\\/schema\\\/logo\\\/image\\\/\",\"url\":\"https:\\\/\\\/redamlo.com\\\/wp-content\\\/uploads\\\/2024\\\/08\\\/cropped-RED-AMLO-logo-50.png\",\"contentUrl\":\"https:\\\/\\\/redamlo.com\\\/wp-content\\\/uploads\\\/2024\\\/08\\\/cropped-RED-AMLO-logo-50.png\",\"width\":256,\"height\":256,\"caption\":\"NOTICIAS DE LA 4T\"},\"image\":{\"@id\":\"https:\\\/\\\/redamlo.com\\\/#\\\/schema\\\/logo\\\/image\\\/\"}},{\"@type\":\"Person\",\"@id\":\"https:\\\/\\\/redamlo.com\\\/#\\\/schema\\\/person\\\/7223a4375eb8f1a782fcae010a7115cf\",\"name\":\"Blanca\",\"image\":{\"@type\":\"ImageObject\",\"inLanguage\":\"es\",\"@id\":\"https:\\\/\\\/secure.gravatar.com\\\/avatar\\\/3f79bc8336367a4e6093eae8757acaaf61d1124834b905616de7829b0273426d?s=96&d=mm&r=g\",\"url\":\"https:\\\/\\\/secure.gravatar.com\\\/avatar\\\/3f79bc8336367a4e6093eae8757acaaf61d1124834b905616de7829b0273426d?s=96&d=mm&r=g\",\"contentUrl\":\"https:\\\/\\\/secure.gravatar.com\\\/avatar\\\/3f79bc8336367a4e6093eae8757acaaf61d1124834b905616de7829b0273426d?s=96&d=mm&r=g\",\"caption\":\"Blanca\"},\"url\":\"https:\\\/\\\/redamlo.com\\\/index.php\\\/author\\\/blanca\\\/\"}]}<\/script>\n<!-- \/ Yoast SEO plugin. -->","yoast_head_json":{"title":"Sheinbaum Celebra en la CDMX el D\u00eda Internacional de la Mujer - NOTICIAS DE LA 4T","robots":{"index":"noindex","follow":"follow","max-snippet":"max-snippet:-1","max-image-preview":"max-image-preview:large","max-video-preview":"max-video-preview:-1"},"og_locale":"es_MX","og_type":"article","og_title":"Sheinbaum Celebra en la CDMX el D\u00eda Internacional de la Mujer - NOTICIAS DE LA 4T","og_description":"La jefa de Gobierno de la Ciudad de M\u00e9xico, Claudia Sheinbaum, conmemor\u00f3 el D\u00eda Internacional...","og_url":"https:\/\/redamlo.com\/index.php\/2023\/03\/06\/sheinbaum-celebra-en-la-cdmx-el-dia-internacional-de-la-mujer\/","og_site_name":"NOTICIAS DE LA 4T","article_published_time":"2023-03-06T14:57:01+00:00","og_image":[{"width":842,"height":428,"url":"https:\/\/redamlo.com\/wp-content\/uploads\/2023\/03\/sheibaum-celebra-8m.jpg","type":"image\/jpeg"}],"author":"Blanca","twitter_card":"summary_large_image","twitter_misc":{"Escrito por":"Blanca","Tiempo de lectura":"2 minutos"},"schema":{"@context":"https:\/\/schema.org","@graph":[{"@type":"Article","@id":"https:\/\/redamlo.com\/index.php\/2023\/03\/06\/sheinbaum-celebra-en-la-cdmx-el-dia-internacional-de-la-mujer\/#article","isPartOf":{"@id":"https:\/\/redamlo.com\/index.php\/2023\/03\/06\/sheinbaum-celebra-en-la-cdmx-el-dia-internacional-de-la-mujer\/"},"author":{"name":"Blanca","@id":"https:\/\/redamlo.com\/#\/schema\/person\/7223a4375eb8f1a782fcae010a7115cf"},"headline":"Sheinbaum Celebra en la CDMX el D\u00eda Internacional de la Mujer","datePublished":"2023-03-06T14:57:01+00:00","mainEntityOfPage":{"@id":"https:\/\/redamlo.com\/index.php\/2023\/03\/06\/sheinbaum-celebra-en-la-cdmx-el-dia-internacional-de-la-mujer\/"},"wordCount":485,"commentCount":0,"publisher":{"@id":"https:\/\/redamlo.com\/#organization"},"image":{"@id":"https:\/\/redamlo.com\/index.php\/2023\/03\/06\/sheinbaum-celebra-en-la-cdmx-el-dia-internacional-de-la-mujer\/#primaryimage"},"thumbnailUrl":"https:\/\/redamlo.com\/wp-content\/uploads\/2023\/03\/sheibaum-celebra-8m.jpg","keywords":["d\u00eda internacional de la mujer","Sheinbaum"],"articleSection":["CDMX"],"inLanguage":"es","potentialAction":[{"@type":"CommentAction","name":"Comment","target":["https:\/\/redamlo.com\/index.php\/2023\/03\/06\/sheinbaum-celebra-en-la-cdmx-el-dia-internacional-de-la-mujer\/#respond"]}]},{"@type":"WebPage","@id":"https:\/\/redamlo.com\/index.php\/2023\/03\/06\/sheinbaum-celebra-en-la-cdmx-el-dia-internacional-de-la-mujer\/","url":"https:\/\/redamlo.com\/index.php\/2023\/03\/06\/sheinbaum-celebra-en-la-cdmx-el-dia-internacional-de-la-mujer\/","name":"Sheinbaum Celebra en la CDMX el D\u00eda Internacional de la Mujer - NOTICIAS DE LA 4T","isPartOf":{"@id":"https:\/\/redamlo.com\/#website"},"primaryImageOfPage":{"@id":"https:\/\/redamlo.com\/index.php\/2023\/03\/06\/sheinbaum-celebra-en-la-cdmx-el-dia-internacional-de-la-mujer\/#primaryimage"},"image":{"@id":"https:\/\/redamlo.com\/index.php\/2023\/03\/06\/sheinbaum-celebra-en-la-cdmx-el-dia-internacional-de-la-mujer\/#primaryimage"},"thumbnailUrl":"https:\/\/redamlo.com\/wp-content\/uploads\/2023\/03\/sheibaum-celebra-8m.jpg","datePublished":"2023-03-06T14:57:01+00:00","breadcrumb":{"@id":"https:\/\/redamlo.com\/index.php\/2023\/03\/06\/sheinbaum-celebra-en-la-cdmx-el-dia-internacional-de-la-mujer\/#breadcrumb"},"inLanguage":"es","potentialAction":[{"@type":"ReadAction","target":["https:\/\/redamlo.com\/index.php\/2023\/03\/06\/sheinbaum-celebra-en-la-cdmx-el-dia-internacional-de-la-mujer\/"]}]},{"@type":"ImageObject","inLanguage":"es","@id":"https:\/\/redamlo.com\/index.php\/2023\/03\/06\/sheinbaum-celebra-en-la-cdmx-el-dia-internacional-de-la-mujer\/#primaryimage","url":"https:\/\/redamlo.com\/wp-content\/uploads\/2023\/03\/sheibaum-celebra-8m.jpg","contentUrl":"https:\/\/redamlo.com\/wp-content\/uploads\/2023\/03\/sheibaum-celebra-8m.jpg","width":842,"height":428},{"@type":"BreadcrumbList","@id":"https:\/\/redamlo.com\/index.php\/2023\/03\/06\/sheinbaum-celebra-en-la-cdmx-el-dia-internacional-de-la-mujer\/#breadcrumb","itemListElement":[{"@type":"ListItem","position":1,"name":"Inicio","item":"https:\/\/redamlo.com\/"},{"@type":"ListItem","position":2,"name":"Sheinbaum Celebra en la CDMX el D\u00eda Internacional de la Mujer"}]},{"@type":"WebSite","@id":"https:\/\/redamlo.com\/#website","url":"https:\/\/redamlo.com\/","name":"NOTICIAS DE LA 4T","description":"","publisher":{"@id":"https:\/\/redamlo.com\/#organization"},"potentialAction":[{"@type":"SearchAction","target":{"@type":"EntryPoint","urlTemplate":"https:\/\/redamlo.com\/?s={search_term_string}"},"query-input":{"@type":"PropertyValueSpecification","valueRequired":true,"valueName":"search_term_string"}}],"inLanguage":"es"},{"@type":"Organization","@id":"https:\/\/redamlo.com\/#organization","name":"NOTICIAS DE LA 4T","url":"https:\/\/redamlo.com\/","logo":{"@type":"ImageObject","inLanguage":"es","@id":"https:\/\/redamlo.com\/#\/schema\/logo\/image\/","url":"https:\/\/redamlo.com\/wp-content\/uploads\/2024\/08\/cropped-RED-AMLO-logo-50.png","contentUrl":"https:\/\/redamlo.com\/wp-content\/uploads\/2024\/08\/cropped-RED-AMLO-logo-50.png","width":256,"height":256,"caption":"NOTICIAS DE LA 4T"},"image":{"@id":"https:\/\/redamlo.com\/#\/schema\/logo\/image\/"}},{"@type":"Person","@id":"https:\/\/redamlo.com\/#\/schema\/person\/7223a4375eb8f1a782fcae010a7115cf","name":"Blanca","image":{"@type":"ImageObject","inLanguage":"es","@id":"https:\/\/secure.gravatar.com\/avatar\/3f79bc8336367a4e6093eae8757acaaf61d1124834b905616de7829b0273426d?s=96&d=mm&r=g","url":"https:\/\/secure.gravatar.com\/avatar\/3f79bc8336367a4e6093eae8757acaaf61d1124834b905616de7829b0273426d?s=96&d=mm&r=g","contentUrl":"https:\/\/secure.gravatar.com\/avatar\/3f79bc8336367a4e6093eae8757acaaf61d1124834b905616de7829b0273426d?s=96&d=mm&r=g","caption":"Blanca"},"url":"https:\/\/redamlo.com\/index.php\/author\/blanca\/"}]}},"_links":{"self":[{"href":"https:\/\/redamlo.com\/index.php\/wp-json\/wp\/v2\/posts\/6701","targetHints":{"allow":["GET"]}}],"collection":[{"href":"https:\/\/redamlo.com\/index.php\/wp-json\/wp\/v2\/posts"}],"about":[{"href":"https:\/\/redamlo.com\/index.php\/wp-json\/wp\/v2\/types\/post"}],"author":[{"embeddable":true,"href":"https:\/\/redamlo.com\/index.php\/wp-json\/wp\/v2\/users\/2"}],"replies":[{"embeddable":true,"href":"https:\/\/redamlo.com\/index.php\/wp-json\/wp\/v2\/comments?post=6701"}],"version-history":[{"count":0,"href":"https:\/\/redamlo.com\/index.php\/wp-json\/wp\/v2\/posts\/6701\/revisions"}],"wp:featuredmedia":[{"embeddable":true,"href":"https:\/\/redamlo.com\/index.php\/wp-json\/wp\/v2\/media\/6702"}],"wp:attachment":[{"href":"https:\/\/redamlo.com\/index.php\/wp-json\/wp\/v2\/media?parent=6701"}],"wp:term":[{"taxonomy":"category","embeddable":true,"href":"https:\/\/redamlo.com\/index.php\/wp-json\/wp\/v2\/categories?post=6701"},{"taxonomy":"post_tag","embeddable":true,"href":"https:\/\/redamlo.com\/index.php\/wp-json\/wp\/v2\/tags?post=6701"}],"curies":[{"name":"wp","href":"https:\/\/api.w.org\/{rel}","templated":true}]}}