{"id":6681,"date":"2023-02-26T20:16:55","date_gmt":"2023-02-27T02:16:55","guid":{"rendered":"https:\/\/redamlo.com\/?p=6681"},"modified":"2023-02-26T20:16:55","modified_gmt":"2023-02-27T02:16:55","slug":"fernando-cuevas-murillo-un-lider-juvenil-de-la-4t-que-encabeza-el-relevo-generacional-con-gran-respaldo-mediatico-del-sentimiento-popular","status":"publish","type":"post","link":"https:\/\/redamlo.com\/index.php\/2023\/02\/26\/fernando-cuevas-murillo-un-lider-juvenil-de-la-4t-que-encabeza-el-relevo-generacional-con-gran-respaldo-mediatico-del-sentimiento-popular\/","title":{"rendered":"Fernando Cuevas Murillo, un l\u00edder juvenil de la 4T que encabeza el relevo generacional con gran respaldo medi\u00e1tico del sentimiento popular"},"content":{"rendered":"<p><span data-contrast=\"auto\">Uno de los temas m\u00e1s importantes para el movimiento social de Morena es el denominado relevo generacional que ha sido abordado por el presidente Andr\u00e9s Manuel L\u00f3pez Obrador derivado de la necesidad de darle continuidad al proyecto de la cuarta transformaci\u00f3n en el largo plazo.<\/span><span data-ccp-props=\"{&quot;201341983&quot;:0,&quot;335551550&quot;:6,&quot;335551620&quot;:6,&quot;335559739&quot;:160,&quot;335559740&quot;:259}\">\u00a0<\/span><\/p>\n<p><span data-contrast=\"auto\">El 2024 est\u00e1 a la vuelta de la esquina y las \u201ccorcholatas\u201d de AMLO son el ejemplo del estado generacional de sus liderazgos, sin embargo, surgen diversos perfiles juveniles que levantan la mano para seguir conduciendo el proyecto pol\u00edtico\u00a0enfocado hacia el bienestar del pueblo de M\u00e9xico.<\/span><span data-ccp-props=\"{&quot;201341983&quot;:0,&quot;335551550&quot;:6,&quot;335551620&quot;:6,&quot;335559739&quot;:160,&quot;335559740&quot;:259}\">\u00a0<\/span><\/p>\n<p><span data-contrast=\"auto\">En ese sentido destacan los diputados Andrea Ch\u00e1vez, Miguel Torruco y Mauricio Cant\u00fa, as\u00ed como la Senadora Citlali Hern\u00e1ndez y el inflado medi\u00e1ticamente Antonio Attolini desde el movimiento 132 donde recibi\u00f3 espacio en Televisa para posicionar su imagen. <\/span><span data-ccp-props=\"{&quot;201341983&quot;:0,&quot;335551550&quot;:6,&quot;335551620&quot;:6,&quot;335559739&quot;:160,&quot;335559740&quot;:259}\">\u00a0<\/span><\/p>\n<p><img loading=\"lazy\" decoding=\"async\" class=\"size-medium wp-image-6683 alignleft\" src=\"https:\/\/redamlo.com\/wp-content\/uploads\/2023\/02\/Minimalist-Nature-Inspiration-Photo-Collage-Your-Story-169x300.png\" alt=\"\" width=\"169\" height=\"300\" srcset=\"https:\/\/redamlo.com\/wp-content\/uploads\/2023\/02\/Minimalist-Nature-Inspiration-Photo-Collage-Your-Story-169x300.png 169w, https:\/\/redamlo.com\/wp-content\/uploads\/2023\/02\/Minimalist-Nature-Inspiration-Photo-Collage-Your-Story-576x1024.png 576w, https:\/\/redamlo.com\/wp-content\/uploads\/2023\/02\/Minimalist-Nature-Inspiration-Photo-Collage-Your-Story-768x1365.png 768w, https:\/\/redamlo.com\/wp-content\/uploads\/2023\/02\/Minimalist-Nature-Inspiration-Photo-Collage-Your-Story-864x1536.png 864w, https:\/\/redamlo.com\/wp-content\/uploads\/2023\/02\/Minimalist-Nature-Inspiration-Photo-Collage-Your-Story.png 1080w\" sizes=\"auto, (max-width: 169px) 100vw, 169px\" \/><\/p>\n<p><span data-contrast=\"auto\">Sin embargo, el liderazgo de Fernando Cuevas es un ejemplo extraordinario que no le debe su popularidad a espacios institucionales o hacia los medios de comunicaci\u00f3n tradicionales al servicio de los intereses del poder econ\u00f3mico. <\/span><span data-ccp-props=\"{&quot;201341983&quot;:0,&quot;335551550&quot;:6,&quot;335551620&quot;:6,&quot;335559739&quot;:160,&quot;335559740&quot;:259}\">\u00a0<\/span><\/p>\n<p><span data-contrast=\"auto\">Fernando Cuevas se volvi\u00f3 viral al responder un video de Ricardo Anaya en el a\u00f1o 2021 cuando el excandidato presidencial panista realizaba videos durante la pandemia para criticar la gesti\u00f3n del Gobierno y para exhibir seg\u00fan su narrativa la marginaci\u00f3n de las familias de M\u00e9xico. Fui ah\u00ed cuando desde su cuenta de Facebook personal grab\u00f3 un video que cimbr\u00f3 a la opini\u00f3n p\u00fablica del pa\u00eds al desbaratar la hipocres\u00eda discursiva de Anaya encumbrada en su clasismo y desconocimiento de la vida cotidiana del pueblo de M\u00e9xico.<\/span><span data-ccp-props=\"{&quot;201341983&quot;:0,&quot;335551550&quot;:6,&quot;335551620&quot;:6,&quot;335559739&quot;:160,&quot;335559740&quot;:259}\">\u00a0<\/span><\/p>\n<p><span data-contrast=\"auto\">En su video grabado de manera artesanal derrumb\u00f3 la falsa ret\u00f3rica del panista y culmin\u00f3 d\u00e1ndole una c\u00e1tedra del sentimiento popular ante la ridiculez de su video que expon\u00eda a los mexicanos de a pie como si fueran \u201cuna tribu de las amazonas\u201d seg\u00fan la met\u00e1fora utilizada por Fernando Cuevas.<\/span><span data-ccp-props=\"{&quot;201341983&quot;:0,&quot;335551550&quot;:6,&quot;335551620&quot;:6,&quot;335559739&quot;:160,&quot;335559740&quot;:259}\">\u00a0<\/span><\/p>\n<p><span data-contrast=\"auto\">A partir de ese fen\u00f3meno viral de su mensaje de r\u00e9plica hacia Anaya se fue abriendo paso como l\u00edder de opini\u00f3n de la 4T a trav\u00e9s de las diversas redes social con alto nivel de respuesta constante. Actualmente tiene 270 mil seguidores en Facebook y 20 mil followers en Twitter, adem\u00e1s de haber producido dos reportajes documentales sobre la marcha encabezada por AMLO el 27 de noviembre de 2022 denominada \u201c<a href=\"https:\/\/www.youtube.com\/watch?v=HXZ_IDrPkKw\" target=\"_blank\" rel=\"noopener\">Los acarreados<\/a>\u201d y enero de 2023 produjo el reportaje \u201c<a href=\"https:\/\/www.youtube.com\/watch?v=zuxIuP8viJM\" target=\"_blank\" rel=\"noopener\">El sur tambi\u00e9n existe<\/a>\u201d sobre el proyecto del tren maya junto al comunicador Erich Werner Schaub Perea con un alto impacto de nacional de un mill\u00f3n de reproducciones y m\u00e1s 35 mil reacciones en Facebook.<\/span><span data-ccp-props=\"{&quot;201341983&quot;:0,&quot;335551550&quot;:6,&quot;335551620&quot;:6,&quot;335559739&quot;:160,&quot;335559740&quot;:259}\">\u00a0<\/span><\/p>\n<p><span data-contrast=\"auto\">Esos son algunos ejemplos destacados que el joven chiapaneco ha logrado encumbrar con producciones realizadas de manera emp\u00edrica, pero con un alto valor de contenido. Fernando Cuevas es un ejemplo de proactividad para los j\u00f3venes de M\u00e9xico que rompi\u00f3 todas las barreras sociales impuestas por el neoliberalismo durante 40 a\u00f1os para convertirse en un l\u00edder de opini\u00f3n que representa el pensamiento colectivo de los mexicanos que apoyan el proyecto de la 4T. <\/span><span data-ccp-props=\"{&quot;201341983&quot;:0,&quot;335551550&quot;:6,&quot;335551620&quot;:6,&quot;335559739&quot;:160,&quot;335559740&quot;:259}\">\u00a0<\/span><\/p>\n<p>&nbsp;<\/p>\n","protected":false},"excerpt":{"rendered":"<p>Uno de los temas m\u00e1s importantes para el movimiento social de Morena es el denominado&#8230;<\/p>\n","protected":false},"author":2,"featured_media":6682,"comment_status":"open","ping_status":"closed","sticky":false,"template":"","format":"standard","meta":{"footnotes":""},"categories":[25,5],"tags":[190,84,2458,2459,2460,2461,2462,9,24,2463,2464,204],"class_list":["post-6681","post","type-post","status-publish","format-standard","has-post-thumbnail","hentry","category-4t","category-politica","tag-4t","tag-amlo","tag-cuarta-transforamcion","tag-erich-werner","tag-fernadno-cuevas","tag-fernando-cuevas-murillo","tag-influencer","tag-mexico","tag-morena","tag-relevo-generacional","tag-respuesta-a-ricardo-anaya","tag-tren-maya"],"yoast_head":"<!-- This site is optimized with the Yoast SEO plugin v27.5 - https:\/\/yoast.com\/product\/yoast-seo-wordpress\/ -->\n<title>Fernando Cuevas Murillo, un l\u00edder juvenil de la 4T que encabeza el relevo generacional con gran respaldo medi\u00e1tico del sentimiento popular - NOTICIAS DE LA 4T<\/title>\n<meta name=\"robots\" content=\"noindex, follow, max-snippet:-1, max-image-preview:large, max-video-preview:-1\" \/>\n<meta property=\"og:locale\" content=\"es_MX\" \/>\n<meta property=\"og:type\" content=\"article\" \/>\n<meta property=\"og:title\" content=\"Fernando Cuevas Murillo, un l\u00edder juvenil de la 4T que encabeza el relevo generacional con gran respaldo medi\u00e1tico del sentimiento popular - NOTICIAS DE LA 4T\" \/>\n<meta property=\"og:description\" content=\"Uno de los temas m\u00e1s importantes para el movimiento social de Morena es el denominado...\" \/>\n<meta property=\"og:url\" content=\"https:\/\/redamlo.com\/index.php\/2023\/02\/26\/fernando-cuevas-murillo-un-lider-juvenil-de-la-4t-que-encabeza-el-relevo-generacional-con-gran-respaldo-mediatico-del-sentimiento-popular\/\" \/>\n<meta property=\"og:site_name\" content=\"NOTICIAS DE LA 4T\" \/>\n<meta property=\"article:published_time\" content=\"2023-02-27T02:16:55+00:00\" \/>\n<meta property=\"og:image\" content=\"https:\/\/redamlo.com\/wp-content\/uploads\/2023\/02\/IMG_6516-scaled-1.jpg\" \/>\n\t<meta property=\"og:image:width\" content=\"2560\" \/>\n\t<meta property=\"og:image:height\" content=\"1920\" \/>\n\t<meta property=\"og:image:type\" content=\"image\/jpeg\" \/>\n<meta name=\"author\" content=\"Blanca\" \/>\n<meta name=\"twitter:card\" content=\"summary_large_image\" \/>\n<meta name=\"twitter:label1\" content=\"Escrito por\" \/>\n\t<meta name=\"twitter:data1\" content=\"Blanca\" \/>\n\t<meta name=\"twitter:label2\" content=\"Tiempo de lectura\" \/>\n\t<meta name=\"twitter:data2\" content=\"3 minutos\" \/>\n<script type=\"application\/ld+json\" class=\"yoast-schema-graph\">{\"@context\":\"https:\\\/\\\/schema.org\",\"@graph\":[{\"@type\":\"Article\",\"@id\":\"https:\\\/\\\/redamlo.com\\\/index.php\\\/2023\\\/02\\\/26\\\/fernando-cuevas-murillo-un-lider-juvenil-de-la-4t-que-encabeza-el-relevo-generacional-con-gran-respaldo-mediatico-del-sentimiento-popular\\\/#article\",\"isPartOf\":{\"@id\":\"https:\\\/\\\/redamlo.com\\\/index.php\\\/2023\\\/02\\\/26\\\/fernando-cuevas-murillo-un-lider-juvenil-de-la-4t-que-encabeza-el-relevo-generacional-con-gran-respaldo-mediatico-del-sentimiento-popular\\\/\"},\"author\":{\"name\":\"Blanca\",\"@id\":\"https:\\\/\\\/redamlo.com\\\/#\\\/schema\\\/person\\\/7223a4375eb8f1a782fcae010a7115cf\"},\"headline\":\"Fernando Cuevas Murillo, un l\u00edder juvenil de la 4T que encabeza el relevo generacional con gran respaldo medi\u00e1tico del sentimiento popular\",\"datePublished\":\"2023-02-27T02:16:55+00:00\",\"mainEntityOfPage\":{\"@id\":\"https:\\\/\\\/redamlo.com\\\/index.php\\\/2023\\\/02\\\/26\\\/fernando-cuevas-murillo-un-lider-juvenil-de-la-4t-que-encabeza-el-relevo-generacional-con-gran-respaldo-mediatico-del-sentimiento-popular\\\/\"},\"wordCount\":543,\"commentCount\":0,\"publisher\":{\"@id\":\"https:\\\/\\\/redamlo.com\\\/#organization\"},\"image\":{\"@id\":\"https:\\\/\\\/redamlo.com\\\/index.php\\\/2023\\\/02\\\/26\\\/fernando-cuevas-murillo-un-lider-juvenil-de-la-4t-que-encabeza-el-relevo-generacional-con-gran-respaldo-mediatico-del-sentimiento-popular\\\/#primaryimage\"},\"thumbnailUrl\":\"https:\\\/\\\/redamlo.com\\\/wp-content\\\/uploads\\\/2023\\\/02\\\/IMG_6516-scaled-1.jpg\",\"keywords\":[\"4T\",\"AMLO\",\"cuarta transforamci\u00f3n\",\"Erich Werner\",\"Fernadno Cuevas\",\"Fernando Cuevas Murillo\",\"influencer\",\"M\u00e9xico\",\"Morena\",\"relevo generacional\",\"respuesta a Ricardo Anaya\",\"Tren Maya\"],\"articleSection\":[\"4T\",\"Pol\u00edtica\"],\"inLanguage\":\"es\",\"potentialAction\":[{\"@type\":\"CommentAction\",\"name\":\"Comment\",\"target\":[\"https:\\\/\\\/redamlo.com\\\/index.php\\\/2023\\\/02\\\/26\\\/fernando-cuevas-murillo-un-lider-juvenil-de-la-4t-que-encabeza-el-relevo-generacional-con-gran-respaldo-mediatico-del-sentimiento-popular\\\/#respond\"]}]},{\"@type\":\"WebPage\",\"@id\":\"https:\\\/\\\/redamlo.com\\\/index.php\\\/2023\\\/02\\\/26\\\/fernando-cuevas-murillo-un-lider-juvenil-de-la-4t-que-encabeza-el-relevo-generacional-con-gran-respaldo-mediatico-del-sentimiento-popular\\\/\",\"url\":\"https:\\\/\\\/redamlo.com\\\/index.php\\\/2023\\\/02\\\/26\\\/fernando-cuevas-murillo-un-lider-juvenil-de-la-4t-que-encabeza-el-relevo-generacional-con-gran-respaldo-mediatico-del-sentimiento-popular\\\/\",\"name\":\"Fernando Cuevas Murillo, un l\u00edder juvenil de la 4T que encabeza el relevo generacional con gran respaldo medi\u00e1tico del sentimiento popular - NOTICIAS DE LA 4T\",\"isPartOf\":{\"@id\":\"https:\\\/\\\/redamlo.com\\\/#website\"},\"primaryImageOfPage\":{\"@id\":\"https:\\\/\\\/redamlo.com\\\/index.php\\\/2023\\\/02\\\/26\\\/fernando-cuevas-murillo-un-lider-juvenil-de-la-4t-que-encabeza-el-relevo-generacional-con-gran-respaldo-mediatico-del-sentimiento-popular\\\/#primaryimage\"},\"image\":{\"@id\":\"https:\\\/\\\/redamlo.com\\\/index.php\\\/2023\\\/02\\\/26\\\/fernando-cuevas-murillo-un-lider-juvenil-de-la-4t-que-encabeza-el-relevo-generacional-con-gran-respaldo-mediatico-del-sentimiento-popular\\\/#primaryimage\"},\"thumbnailUrl\":\"https:\\\/\\\/redamlo.com\\\/wp-content\\\/uploads\\\/2023\\\/02\\\/IMG_6516-scaled-1.jpg\",\"datePublished\":\"2023-02-27T02:16:55+00:00\",\"breadcrumb\":{\"@id\":\"https:\\\/\\\/redamlo.com\\\/index.php\\\/2023\\\/02\\\/26\\\/fernando-cuevas-murillo-un-lider-juvenil-de-la-4t-que-encabeza-el-relevo-generacional-con-gran-respaldo-mediatico-del-sentimiento-popular\\\/#breadcrumb\"},\"inLanguage\":\"es\",\"potentialAction\":[{\"@type\":\"ReadAction\",\"target\":[\"https:\\\/\\\/redamlo.com\\\/index.php\\\/2023\\\/02\\\/26\\\/fernando-cuevas-murillo-un-lider-juvenil-de-la-4t-que-encabeza-el-relevo-generacional-con-gran-respaldo-mediatico-del-sentimiento-popular\\\/\"]}]},{\"@type\":\"ImageObject\",\"inLanguage\":\"es\",\"@id\":\"https:\\\/\\\/redamlo.com\\\/index.php\\\/2023\\\/02\\\/26\\\/fernando-cuevas-murillo-un-lider-juvenil-de-la-4t-que-encabeza-el-relevo-generacional-con-gran-respaldo-mediatico-del-sentimiento-popular\\\/#primaryimage\",\"url\":\"https:\\\/\\\/redamlo.com\\\/wp-content\\\/uploads\\\/2023\\\/02\\\/IMG_6516-scaled-1.jpg\",\"contentUrl\":\"https:\\\/\\\/redamlo.com\\\/wp-content\\\/uploads\\\/2023\\\/02\\\/IMG_6516-scaled-1.jpg\",\"width\":2560,\"height\":1920,\"caption\":\"Fernando Cuevas\"},{\"@type\":\"BreadcrumbList\",\"@id\":\"https:\\\/\\\/redamlo.com\\\/index.php\\\/2023\\\/02\\\/26\\\/fernando-cuevas-murillo-un-lider-juvenil-de-la-4t-que-encabeza-el-relevo-generacional-con-gran-respaldo-mediatico-del-sentimiento-popular\\\/#breadcrumb\",\"itemListElement\":[{\"@type\":\"ListItem\",\"position\":1,\"name\":\"Inicio\",\"item\":\"https:\\\/\\\/redamlo.com\\\/\"},{\"@type\":\"ListItem\",\"position\":2,\"name\":\"Fernando Cuevas Murillo, un l\u00edder juvenil de la 4T que encabeza el relevo generacional con gran respaldo medi\u00e1tico del sentimiento popular\"}]},{\"@type\":\"WebSite\",\"@id\":\"https:\\\/\\\/redamlo.com\\\/#website\",\"url\":\"https:\\\/\\\/redamlo.com\\\/\",\"name\":\"NOTICIAS DE LA 4T\",\"description\":\"\",\"publisher\":{\"@id\":\"https:\\\/\\\/redamlo.com\\\/#organization\"},\"potentialAction\":[{\"@type\":\"SearchAction\",\"target\":{\"@type\":\"EntryPoint\",\"urlTemplate\":\"https:\\\/\\\/redamlo.com\\\/?s={search_term_string}\"},\"query-input\":{\"@type\":\"PropertyValueSpecification\",\"valueRequired\":true,\"valueName\":\"search_term_string\"}}],\"inLanguage\":\"es\"},{\"@type\":\"Organization\",\"@id\":\"https:\\\/\\\/redamlo.com\\\/#organization\",\"name\":\"NOTICIAS DE LA 4T\",\"url\":\"https:\\\/\\\/redamlo.com\\\/\",\"logo\":{\"@type\":\"ImageObject\",\"inLanguage\":\"es\",\"@id\":\"https:\\\/\\\/redamlo.com\\\/#\\\/schema\\\/logo\\\/image\\\/\",\"url\":\"https:\\\/\\\/redamlo.com\\\/wp-content\\\/uploads\\\/2024\\\/08\\\/cropped-RED-AMLO-logo-50.png\",\"contentUrl\":\"https:\\\/\\\/redamlo.com\\\/wp-content\\\/uploads\\\/2024\\\/08\\\/cropped-RED-AMLO-logo-50.png\",\"width\":256,\"height\":256,\"caption\":\"NOTICIAS DE LA 4T\"},\"image\":{\"@id\":\"https:\\\/\\\/redamlo.com\\\/#\\\/schema\\\/logo\\\/image\\\/\"}},{\"@type\":\"Person\",\"@id\":\"https:\\\/\\\/redamlo.com\\\/#\\\/schema\\\/person\\\/7223a4375eb8f1a782fcae010a7115cf\",\"name\":\"Blanca\",\"image\":{\"@type\":\"ImageObject\",\"inLanguage\":\"es\",\"@id\":\"https:\\\/\\\/secure.gravatar.com\\\/avatar\\\/3f79bc8336367a4e6093eae8757acaaf61d1124834b905616de7829b0273426d?s=96&d=mm&r=g\",\"url\":\"https:\\\/\\\/secure.gravatar.com\\\/avatar\\\/3f79bc8336367a4e6093eae8757acaaf61d1124834b905616de7829b0273426d?s=96&d=mm&r=g\",\"contentUrl\":\"https:\\\/\\\/secure.gravatar.com\\\/avatar\\\/3f79bc8336367a4e6093eae8757acaaf61d1124834b905616de7829b0273426d?s=96&d=mm&r=g\",\"caption\":\"Blanca\"},\"url\":\"https:\\\/\\\/redamlo.com\\\/index.php\\\/author\\\/blanca\\\/\"}]}<\/script>\n<!-- \/ Yoast SEO plugin. -->","yoast_head_json":{"title":"Fernando Cuevas Murillo, un l\u00edder juvenil de la 4T que encabeza el relevo generacional con gran respaldo medi\u00e1tico del sentimiento popular - NOTICIAS DE LA 4T","robots":{"index":"noindex","follow":"follow","max-snippet":"max-snippet:-1","max-image-preview":"max-image-preview:large","max-video-preview":"max-video-preview:-1"},"og_locale":"es_MX","og_type":"article","og_title":"Fernando Cuevas Murillo, un l\u00edder juvenil de la 4T que encabeza el relevo generacional con gran respaldo medi\u00e1tico del sentimiento popular - NOTICIAS DE LA 4T","og_description":"Uno de los temas m\u00e1s importantes para el movimiento social de Morena es el denominado...","og_url":"https:\/\/redamlo.com\/index.php\/2023\/02\/26\/fernando-cuevas-murillo-un-lider-juvenil-de-la-4t-que-encabeza-el-relevo-generacional-con-gran-respaldo-mediatico-del-sentimiento-popular\/","og_site_name":"NOTICIAS DE LA 4T","article_published_time":"2023-02-27T02:16:55+00:00","og_image":[{"width":2560,"height":1920,"url":"https:\/\/redamlo.com\/wp-content\/uploads\/2023\/02\/IMG_6516-scaled-1.jpg","type":"image\/jpeg"}],"author":"Blanca","twitter_card":"summary_large_image","twitter_misc":{"Escrito por":"Blanca","Tiempo de lectura":"3 minutos"},"schema":{"@context":"https:\/\/schema.org","@graph":[{"@type":"Article","@id":"https:\/\/redamlo.com\/index.php\/2023\/02\/26\/fernando-cuevas-murillo-un-lider-juvenil-de-la-4t-que-encabeza-el-relevo-generacional-con-gran-respaldo-mediatico-del-sentimiento-popular\/#article","isPartOf":{"@id":"https:\/\/redamlo.com\/index.php\/2023\/02\/26\/fernando-cuevas-murillo-un-lider-juvenil-de-la-4t-que-encabeza-el-relevo-generacional-con-gran-respaldo-mediatico-del-sentimiento-popular\/"},"author":{"name":"Blanca","@id":"https:\/\/redamlo.com\/#\/schema\/person\/7223a4375eb8f1a782fcae010a7115cf"},"headline":"Fernando Cuevas Murillo, un l\u00edder juvenil de la 4T que encabeza el relevo generacional con gran respaldo medi\u00e1tico del sentimiento popular","datePublished":"2023-02-27T02:16:55+00:00","mainEntityOfPage":{"@id":"https:\/\/redamlo.com\/index.php\/2023\/02\/26\/fernando-cuevas-murillo-un-lider-juvenil-de-la-4t-que-encabeza-el-relevo-generacional-con-gran-respaldo-mediatico-del-sentimiento-popular\/"},"wordCount":543,"commentCount":0,"publisher":{"@id":"https:\/\/redamlo.com\/#organization"},"image":{"@id":"https:\/\/redamlo.com\/index.php\/2023\/02\/26\/fernando-cuevas-murillo-un-lider-juvenil-de-la-4t-que-encabeza-el-relevo-generacional-con-gran-respaldo-mediatico-del-sentimiento-popular\/#primaryimage"},"thumbnailUrl":"https:\/\/redamlo.com\/wp-content\/uploads\/2023\/02\/IMG_6516-scaled-1.jpg","keywords":["4T","AMLO","cuarta transforamci\u00f3n","Erich Werner","Fernadno Cuevas","Fernando Cuevas Murillo","influencer","M\u00e9xico","Morena","relevo generacional","respuesta a Ricardo Anaya","Tren Maya"],"articleSection":["4T","Pol\u00edtica"],"inLanguage":"es","potentialAction":[{"@type":"CommentAction","name":"Comment","target":["https:\/\/redamlo.com\/index.php\/2023\/02\/26\/fernando-cuevas-murillo-un-lider-juvenil-de-la-4t-que-encabeza-el-relevo-generacional-con-gran-respaldo-mediatico-del-sentimiento-popular\/#respond"]}]},{"@type":"WebPage","@id":"https:\/\/redamlo.com\/index.php\/2023\/02\/26\/fernando-cuevas-murillo-un-lider-juvenil-de-la-4t-que-encabeza-el-relevo-generacional-con-gran-respaldo-mediatico-del-sentimiento-popular\/","url":"https:\/\/redamlo.com\/index.php\/2023\/02\/26\/fernando-cuevas-murillo-un-lider-juvenil-de-la-4t-que-encabeza-el-relevo-generacional-con-gran-respaldo-mediatico-del-sentimiento-popular\/","name":"Fernando Cuevas Murillo, un l\u00edder juvenil de la 4T que encabeza el relevo generacional con gran respaldo medi\u00e1tico del sentimiento popular - NOTICIAS DE LA 4T","isPartOf":{"@id":"https:\/\/redamlo.com\/#website"},"primaryImageOfPage":{"@id":"https:\/\/redamlo.com\/index.php\/2023\/02\/26\/fernando-cuevas-murillo-un-lider-juvenil-de-la-4t-que-encabeza-el-relevo-generacional-con-gran-respaldo-mediatico-del-sentimiento-popular\/#primaryimage"},"image":{"@id":"https:\/\/redamlo.com\/index.php\/2023\/02\/26\/fernando-cuevas-murillo-un-lider-juvenil-de-la-4t-que-encabeza-el-relevo-generacional-con-gran-respaldo-mediatico-del-sentimiento-popular\/#primaryimage"},"thumbnailUrl":"https:\/\/redamlo.com\/wp-content\/uploads\/2023\/02\/IMG_6516-scaled-1.jpg","datePublished":"2023-02-27T02:16:55+00:00","breadcrumb":{"@id":"https:\/\/redamlo.com\/index.php\/2023\/02\/26\/fernando-cuevas-murillo-un-lider-juvenil-de-la-4t-que-encabeza-el-relevo-generacional-con-gran-respaldo-mediatico-del-sentimiento-popular\/#breadcrumb"},"inLanguage":"es","potentialAction":[{"@type":"ReadAction","target":["https:\/\/redamlo.com\/index.php\/2023\/02\/26\/fernando-cuevas-murillo-un-lider-juvenil-de-la-4t-que-encabeza-el-relevo-generacional-con-gran-respaldo-mediatico-del-sentimiento-popular\/"]}]},{"@type":"ImageObject","inLanguage":"es","@id":"https:\/\/redamlo.com\/index.php\/2023\/02\/26\/fernando-cuevas-murillo-un-lider-juvenil-de-la-4t-que-encabeza-el-relevo-generacional-con-gran-respaldo-mediatico-del-sentimiento-popular\/#primaryimage","url":"https:\/\/redamlo.com\/wp-content\/uploads\/2023\/02\/IMG_6516-scaled-1.jpg","contentUrl":"https:\/\/redamlo.com\/wp-content\/uploads\/2023\/02\/IMG_6516-scaled-1.jpg","width":2560,"height":1920,"caption":"Fernando Cuevas"},{"@type":"BreadcrumbList","@id":"https:\/\/redamlo.com\/index.php\/2023\/02\/26\/fernando-cuevas-murillo-un-lider-juvenil-de-la-4t-que-encabeza-el-relevo-generacional-con-gran-respaldo-mediatico-del-sentimiento-popular\/#breadcrumb","itemListElement":[{"@type":"ListItem","position":1,"name":"Inicio","item":"https:\/\/redamlo.com\/"},{"@type":"ListItem","position":2,"name":"Fernando Cuevas Murillo, un l\u00edder juvenil de la 4T que encabeza el relevo generacional con gran respaldo medi\u00e1tico del sentimiento popular"}]},{"@type":"WebSite","@id":"https:\/\/redamlo.com\/#website","url":"https:\/\/redamlo.com\/","name":"NOTICIAS DE LA 4T","description":"","publisher":{"@id":"https:\/\/redamlo.com\/#organization"},"potentialAction":[{"@type":"SearchAction","target":{"@type":"EntryPoint","urlTemplate":"https:\/\/redamlo.com\/?s={search_term_string}"},"query-input":{"@type":"PropertyValueSpecification","valueRequired":true,"valueName":"search_term_string"}}],"inLanguage":"es"},{"@type":"Organization","@id":"https:\/\/redamlo.com\/#organization","name":"NOTICIAS DE LA 4T","url":"https:\/\/redamlo.com\/","logo":{"@type":"ImageObject","inLanguage":"es","@id":"https:\/\/redamlo.com\/#\/schema\/logo\/image\/","url":"https:\/\/redamlo.com\/wp-content\/uploads\/2024\/08\/cropped-RED-AMLO-logo-50.png","contentUrl":"https:\/\/redamlo.com\/wp-content\/uploads\/2024\/08\/cropped-RED-AMLO-logo-50.png","width":256,"height":256,"caption":"NOTICIAS DE LA 4T"},"image":{"@id":"https:\/\/redamlo.com\/#\/schema\/logo\/image\/"}},{"@type":"Person","@id":"https:\/\/redamlo.com\/#\/schema\/person\/7223a4375eb8f1a782fcae010a7115cf","name":"Blanca","image":{"@type":"ImageObject","inLanguage":"es","@id":"https:\/\/secure.gravatar.com\/avatar\/3f79bc8336367a4e6093eae8757acaaf61d1124834b905616de7829b0273426d?s=96&d=mm&r=g","url":"https:\/\/secure.gravatar.com\/avatar\/3f79bc8336367a4e6093eae8757acaaf61d1124834b905616de7829b0273426d?s=96&d=mm&r=g","contentUrl":"https:\/\/secure.gravatar.com\/avatar\/3f79bc8336367a4e6093eae8757acaaf61d1124834b905616de7829b0273426d?s=96&d=mm&r=g","caption":"Blanca"},"url":"https:\/\/redamlo.com\/index.php\/author\/blanca\/"}]}},"_links":{"self":[{"href":"https:\/\/redamlo.com\/index.php\/wp-json\/wp\/v2\/posts\/6681","targetHints":{"allow":["GET"]}}],"collection":[{"href":"https:\/\/redamlo.com\/index.php\/wp-json\/wp\/v2\/posts"}],"about":[{"href":"https:\/\/redamlo.com\/index.php\/wp-json\/wp\/v2\/types\/post"}],"author":[{"embeddable":true,"href":"https:\/\/redamlo.com\/index.php\/wp-json\/wp\/v2\/users\/2"}],"replies":[{"embeddable":true,"href":"https:\/\/redamlo.com\/index.php\/wp-json\/wp\/v2\/comments?post=6681"}],"version-history":[{"count":0,"href":"https:\/\/redamlo.com\/index.php\/wp-json\/wp\/v2\/posts\/6681\/revisions"}],"wp:featuredmedia":[{"embeddable":true,"href":"https:\/\/redamlo.com\/index.php\/wp-json\/wp\/v2\/media\/6682"}],"wp:attachment":[{"href":"https:\/\/redamlo.com\/index.php\/wp-json\/wp\/v2\/media?parent=6681"}],"wp:term":[{"taxonomy":"category","embeddable":true,"href":"https:\/\/redamlo.com\/index.php\/wp-json\/wp\/v2\/categories?post=6681"},{"taxonomy":"post_tag","embeddable":true,"href":"https:\/\/redamlo.com\/index.php\/wp-json\/wp\/v2\/tags?post=6681"}],"curies":[{"name":"wp","href":"https:\/\/api.w.org\/{rel}","templated":true}]}}