{"id":6662,"date":"2023-02-21T15:21:07","date_gmt":"2023-02-21T21:21:07","guid":{"rendered":"https:\/\/redamlo.com\/?p=6662"},"modified":"2023-02-21T15:21:07","modified_gmt":"2023-02-21T21:21:07","slug":"morena-y-ebrard-tienen-la-clave-para-hacer-de-mexico-una-potencia-mundial-luz-maria-beristain","status":"publish","type":"post","link":"https:\/\/redamlo.com\/index.php\/2023\/02\/21\/morena-y-ebrard-tienen-la-clave-para-hacer-de-mexico-una-potencia-mundial-luz-maria-beristain\/","title":{"rendered":"Morena y Ebrard tienen la clave para hacer de M\u00e9xico una potencia mundial: Luz Mar\u00eda Beristain"},"content":{"rendered":"<p>\u201cM\u00e9xico en la actualidad vive una situaci\u00f3n \u00fanica, con la actual debacle de China, y el canciller Marcelo Ebrard ha sabido enfocar esfuerzos en atraer cadenas de suministros para hacer de nuestro pa\u00eds una potencia mundial\u201d, coment\u00f3 hoy Luz Mar\u00eda Beristain Navarrete, diputada local de Morena, quien se\u00f1al\u00f3 que esta es una de las razones por las que respalda a este presidenciable.<\/p>\n<p>En entrevista, la legisladora aclar\u00f3, no obstante, que ella es un \u201cun soldado de la 4T\u201d y una fiel seguidora del movimiento iniciado por Andr\u00e9s Manuel L\u00f3pez Obrador; en este sentido, ella apoyar\u00e1 incondicionalmente a quien resulte elegido por la ciudadan\u00eda para que lidere este proyecto. \u201cCon Ebrard, tenemos la oportunidad de consolidarnos como una econom\u00eda emergente bajo los principios del humanismo mexicano\u201d.<\/p>\n<p>Es en este marco de debate de ideas y definiciones que Luz Mar\u00eda Beristain destaca la labor del canciller Ebrard Casaub\u00f3n, con quien ella ha trabajado de cerca y con quien comparte su visi\u00f3n internacionalista.<\/p>\n<p>Un tema clave, en este marco, est\u00e1 la actual estrategia de \u201cnearshoring\u201d, en el que empresas replantean sus cadenas de suministro y acercan la fabricaci\u00f3n de componentes. El canciller ha hecho muy importantes gestiones para que componentes que antes se hac\u00edan en China sean manufacturados en M\u00e9xico.<\/p>\n<p>\u201cEl mundo permiti\u00f3 que China se apoderara de la mayor\u00eda de la fabricaci\u00f3n de toda clase de componentes, algo que persiste desde hace unos 25 a\u00f1os\u201d, explic\u00f3 la ex senadora de la Rep\u00fablica. \u201cLa pandemia trajo una crisis en el transporte y un fuerte desabasto, lo que mostr\u00f3 la vulnerabilidad de este modelo y la necesidad de diversificar\u201d.<\/p>\n<p>El gobierno de Andr\u00e9s Manuel L\u00f3pez Obrador, a trav\u00e9s de secretario de Relaciones Exteriores ha liderado la invitaci\u00f3n para conformar un bloque fuerte para equilibrar las fuerzas econ\u00f3micas, situaci\u00f3n que pude hacer de M\u00e9xico en una potencia mundial.<\/p>\n<p>Pero la atracci\u00f3n de estas inversiones y la reubicaci\u00f3n de f\u00e1bricas no es solo cuesti\u00f3n de gestionar, tambi\u00e9n debe garantizarse estabilidad, paz social, lo que solo deriva de la prosperidad com\u00fan que implanta la Cuarta Transformaci\u00f3n en el pa\u00eds desde hace ya casi cuatro a\u00f1os.<\/p>\n<p>\u201cYa estamos dejando atr\u00e1s el tiempo en el que se fomentaba la desigualdad social y las falsas guerras al narcotr\u00e1fico que causaron miles de muertes y que ahora sabemos fueron causadas por asalariados de los propios criminales\u201d, asever\u00f3 la diputada local. \u201cSolo Morena ha demostrado que tiene las claves para el desarrollo sostenible y justo del pa\u00eds, para que as\u00ed M\u00e9xico pueda ser potencia\u201d.<\/p>\n","protected":false},"excerpt":{"rendered":"<p>\u201cM\u00e9xico en la actualidad vive una situaci\u00f3n \u00fanica, con la actual debacle de China, y&#8230;<\/p>\n","protected":false},"author":2,"featured_media":6663,"comment_status":"open","ping_status":"closed","sticky":false,"template":"","format":"standard","meta":{"footnotes":""},"categories":[6,5],"tags":[2364,132],"class_list":["post-6662","post","type-post","status-publish","format-standard","has-post-thumbnail","hentry","category-estados","category-politica","tag-luz-maria-beristain","tag-marcelo-ebrard"],"yoast_head":"<!-- This site is optimized with the Yoast SEO plugin v27.5 - https:\/\/yoast.com\/product\/yoast-seo-wordpress\/ -->\n<title>Morena y Ebrard tienen la clave para hacer de M\u00e9xico una potencia mundial: Luz Mar\u00eda Beristain - NOTICIAS DE LA 4T<\/title>\n<meta name=\"robots\" content=\"noindex, follow, max-snippet:-1, max-image-preview:large, max-video-preview:-1\" \/>\n<meta property=\"og:locale\" content=\"es_MX\" \/>\n<meta property=\"og:type\" content=\"article\" \/>\n<meta property=\"og:title\" content=\"Morena y Ebrard tienen la clave para hacer de M\u00e9xico una potencia mundial: Luz Mar\u00eda Beristain - NOTICIAS DE LA 4T\" \/>\n<meta property=\"og:description\" content=\"\u201cM\u00e9xico en la actualidad vive una situaci\u00f3n \u00fanica, con la actual debacle de China, y...\" \/>\n<meta property=\"og:url\" content=\"https:\/\/redamlo.com\/index.php\/2023\/02\/21\/morena-y-ebrard-tienen-la-clave-para-hacer-de-mexico-una-potencia-mundial-luz-maria-beristain\/\" \/>\n<meta property=\"og:site_name\" content=\"NOTICIAS DE LA 4T\" \/>\n<meta property=\"article:published_time\" content=\"2023-02-21T21:21:07+00:00\" \/>\n<meta property=\"og:image\" content=\"https:\/\/redamlo.com\/wp-content\/uploads\/2023\/02\/Luz-Maria-Beristain-Navarrete.jpeg\" \/>\n\t<meta property=\"og:image:width\" content=\"598\" \/>\n\t<meta property=\"og:image:height\" content=\"513\" \/>\n\t<meta property=\"og:image:type\" content=\"image\/jpeg\" \/>\n<meta name=\"author\" content=\"Blanca\" \/>\n<meta name=\"twitter:card\" content=\"summary_large_image\" \/>\n<meta name=\"twitter:label1\" content=\"Escrito por\" \/>\n\t<meta name=\"twitter:data1\" content=\"Blanca\" \/>\n\t<meta name=\"twitter:label2\" content=\"Tiempo de lectura\" \/>\n\t<meta name=\"twitter:data2\" content=\"2 minutos\" \/>\n<script type=\"application\/ld+json\" class=\"yoast-schema-graph\">{\"@context\":\"https:\\\/\\\/schema.org\",\"@graph\":[{\"@type\":\"Article\",\"@id\":\"https:\\\/\\\/redamlo.com\\\/index.php\\\/2023\\\/02\\\/21\\\/morena-y-ebrard-tienen-la-clave-para-hacer-de-mexico-una-potencia-mundial-luz-maria-beristain\\\/#article\",\"isPartOf\":{\"@id\":\"https:\\\/\\\/redamlo.com\\\/index.php\\\/2023\\\/02\\\/21\\\/morena-y-ebrard-tienen-la-clave-para-hacer-de-mexico-una-potencia-mundial-luz-maria-beristain\\\/\"},\"author\":{\"name\":\"Blanca\",\"@id\":\"https:\\\/\\\/redamlo.com\\\/#\\\/schema\\\/person\\\/7223a4375eb8f1a782fcae010a7115cf\"},\"headline\":\"Morena y Ebrard tienen la clave para hacer de M\u00e9xico una potencia mundial: Luz Mar\u00eda Beristain\",\"datePublished\":\"2023-02-21T21:21:07+00:00\",\"mainEntityOfPage\":{\"@id\":\"https:\\\/\\\/redamlo.com\\\/index.php\\\/2023\\\/02\\\/21\\\/morena-y-ebrard-tienen-la-clave-para-hacer-de-mexico-una-potencia-mundial-luz-maria-beristain\\\/\"},\"wordCount\":468,\"commentCount\":0,\"publisher\":{\"@id\":\"https:\\\/\\\/redamlo.com\\\/#organization\"},\"image\":{\"@id\":\"https:\\\/\\\/redamlo.com\\\/index.php\\\/2023\\\/02\\\/21\\\/morena-y-ebrard-tienen-la-clave-para-hacer-de-mexico-una-potencia-mundial-luz-maria-beristain\\\/#primaryimage\"},\"thumbnailUrl\":\"https:\\\/\\\/redamlo.com\\\/wp-content\\\/uploads\\\/2023\\\/02\\\/Luz-Maria-Beristain-Navarrete.jpeg\",\"keywords\":[\"Luz Mar\u00eda Beristain\",\"Marcelo Ebrard\"],\"articleSection\":[\"Estados\",\"Pol\u00edtica\"],\"inLanguage\":\"es\",\"potentialAction\":[{\"@type\":\"CommentAction\",\"name\":\"Comment\",\"target\":[\"https:\\\/\\\/redamlo.com\\\/index.php\\\/2023\\\/02\\\/21\\\/morena-y-ebrard-tienen-la-clave-para-hacer-de-mexico-una-potencia-mundial-luz-maria-beristain\\\/#respond\"]}]},{\"@type\":\"WebPage\",\"@id\":\"https:\\\/\\\/redamlo.com\\\/index.php\\\/2023\\\/02\\\/21\\\/morena-y-ebrard-tienen-la-clave-para-hacer-de-mexico-una-potencia-mundial-luz-maria-beristain\\\/\",\"url\":\"https:\\\/\\\/redamlo.com\\\/index.php\\\/2023\\\/02\\\/21\\\/morena-y-ebrard-tienen-la-clave-para-hacer-de-mexico-una-potencia-mundial-luz-maria-beristain\\\/\",\"name\":\"Morena y Ebrard tienen la clave para hacer de M\u00e9xico una potencia mundial: Luz Mar\u00eda Beristain - NOTICIAS DE LA 4T\",\"isPartOf\":{\"@id\":\"https:\\\/\\\/redamlo.com\\\/#website\"},\"primaryImageOfPage\":{\"@id\":\"https:\\\/\\\/redamlo.com\\\/index.php\\\/2023\\\/02\\\/21\\\/morena-y-ebrard-tienen-la-clave-para-hacer-de-mexico-una-potencia-mundial-luz-maria-beristain\\\/#primaryimage\"},\"image\":{\"@id\":\"https:\\\/\\\/redamlo.com\\\/index.php\\\/2023\\\/02\\\/21\\\/morena-y-ebrard-tienen-la-clave-para-hacer-de-mexico-una-potencia-mundial-luz-maria-beristain\\\/#primaryimage\"},\"thumbnailUrl\":\"https:\\\/\\\/redamlo.com\\\/wp-content\\\/uploads\\\/2023\\\/02\\\/Luz-Maria-Beristain-Navarrete.jpeg\",\"datePublished\":\"2023-02-21T21:21:07+00:00\",\"breadcrumb\":{\"@id\":\"https:\\\/\\\/redamlo.com\\\/index.php\\\/2023\\\/02\\\/21\\\/morena-y-ebrard-tienen-la-clave-para-hacer-de-mexico-una-potencia-mundial-luz-maria-beristain\\\/#breadcrumb\"},\"inLanguage\":\"es\",\"potentialAction\":[{\"@type\":\"ReadAction\",\"target\":[\"https:\\\/\\\/redamlo.com\\\/index.php\\\/2023\\\/02\\\/21\\\/morena-y-ebrard-tienen-la-clave-para-hacer-de-mexico-una-potencia-mundial-luz-maria-beristain\\\/\"]}]},{\"@type\":\"ImageObject\",\"inLanguage\":\"es\",\"@id\":\"https:\\\/\\\/redamlo.com\\\/index.php\\\/2023\\\/02\\\/21\\\/morena-y-ebrard-tienen-la-clave-para-hacer-de-mexico-una-potencia-mundial-luz-maria-beristain\\\/#primaryimage\",\"url\":\"https:\\\/\\\/redamlo.com\\\/wp-content\\\/uploads\\\/2023\\\/02\\\/Luz-Maria-Beristain-Navarrete.jpeg\",\"contentUrl\":\"https:\\\/\\\/redamlo.com\\\/wp-content\\\/uploads\\\/2023\\\/02\\\/Luz-Maria-Beristain-Navarrete.jpeg\",\"width\":598,\"height\":513},{\"@type\":\"BreadcrumbList\",\"@id\":\"https:\\\/\\\/redamlo.com\\\/index.php\\\/2023\\\/02\\\/21\\\/morena-y-ebrard-tienen-la-clave-para-hacer-de-mexico-una-potencia-mundial-luz-maria-beristain\\\/#breadcrumb\",\"itemListElement\":[{\"@type\":\"ListItem\",\"position\":1,\"name\":\"Inicio\",\"item\":\"https:\\\/\\\/redamlo.com\\\/\"},{\"@type\":\"ListItem\",\"position\":2,\"name\":\"Morena y Ebrard tienen la clave para hacer de M\u00e9xico una potencia mundial: Luz Mar\u00eda Beristain\"}]},{\"@type\":\"WebSite\",\"@id\":\"https:\\\/\\\/redamlo.com\\\/#website\",\"url\":\"https:\\\/\\\/redamlo.com\\\/\",\"name\":\"NOTICIAS DE LA 4T\",\"description\":\"\",\"publisher\":{\"@id\":\"https:\\\/\\\/redamlo.com\\\/#organization\"},\"potentialAction\":[{\"@type\":\"SearchAction\",\"target\":{\"@type\":\"EntryPoint\",\"urlTemplate\":\"https:\\\/\\\/redamlo.com\\\/?s={search_term_string}\"},\"query-input\":{\"@type\":\"PropertyValueSpecification\",\"valueRequired\":true,\"valueName\":\"search_term_string\"}}],\"inLanguage\":\"es\"},{\"@type\":\"Organization\",\"@id\":\"https:\\\/\\\/redamlo.com\\\/#organization\",\"name\":\"NOTICIAS DE LA 4T\",\"url\":\"https:\\\/\\\/redamlo.com\\\/\",\"logo\":{\"@type\":\"ImageObject\",\"inLanguage\":\"es\",\"@id\":\"https:\\\/\\\/redamlo.com\\\/#\\\/schema\\\/logo\\\/image\\\/\",\"url\":\"https:\\\/\\\/redamlo.com\\\/wp-content\\\/uploads\\\/2024\\\/08\\\/cropped-RED-AMLO-logo-50.png\",\"contentUrl\":\"https:\\\/\\\/redamlo.com\\\/wp-content\\\/uploads\\\/2024\\\/08\\\/cropped-RED-AMLO-logo-50.png\",\"width\":256,\"height\":256,\"caption\":\"NOTICIAS DE LA 4T\"},\"image\":{\"@id\":\"https:\\\/\\\/redamlo.com\\\/#\\\/schema\\\/logo\\\/image\\\/\"}},{\"@type\":\"Person\",\"@id\":\"https:\\\/\\\/redamlo.com\\\/#\\\/schema\\\/person\\\/7223a4375eb8f1a782fcae010a7115cf\",\"name\":\"Blanca\",\"image\":{\"@type\":\"ImageObject\",\"inLanguage\":\"es\",\"@id\":\"https:\\\/\\\/secure.gravatar.com\\\/avatar\\\/3f79bc8336367a4e6093eae8757acaaf61d1124834b905616de7829b0273426d?s=96&d=mm&r=g\",\"url\":\"https:\\\/\\\/secure.gravatar.com\\\/avatar\\\/3f79bc8336367a4e6093eae8757acaaf61d1124834b905616de7829b0273426d?s=96&d=mm&r=g\",\"contentUrl\":\"https:\\\/\\\/secure.gravatar.com\\\/avatar\\\/3f79bc8336367a4e6093eae8757acaaf61d1124834b905616de7829b0273426d?s=96&d=mm&r=g\",\"caption\":\"Blanca\"},\"url\":\"https:\\\/\\\/redamlo.com\\\/index.php\\\/author\\\/blanca\\\/\"}]}<\/script>\n<!-- \/ Yoast SEO plugin. -->","yoast_head_json":{"title":"Morena y Ebrard tienen la clave para hacer de M\u00e9xico una potencia mundial: Luz Mar\u00eda Beristain - NOTICIAS DE LA 4T","robots":{"index":"noindex","follow":"follow","max-snippet":"max-snippet:-1","max-image-preview":"max-image-preview:large","max-video-preview":"max-video-preview:-1"},"og_locale":"es_MX","og_type":"article","og_title":"Morena y Ebrard tienen la clave para hacer de M\u00e9xico una potencia mundial: Luz Mar\u00eda Beristain - NOTICIAS DE LA 4T","og_description":"\u201cM\u00e9xico en la actualidad vive una situaci\u00f3n \u00fanica, con la actual debacle de China, y...","og_url":"https:\/\/redamlo.com\/index.php\/2023\/02\/21\/morena-y-ebrard-tienen-la-clave-para-hacer-de-mexico-una-potencia-mundial-luz-maria-beristain\/","og_site_name":"NOTICIAS DE LA 4T","article_published_time":"2023-02-21T21:21:07+00:00","og_image":[{"width":598,"height":513,"url":"https:\/\/redamlo.com\/wp-content\/uploads\/2023\/02\/Luz-Maria-Beristain-Navarrete.jpeg","type":"image\/jpeg"}],"author":"Blanca","twitter_card":"summary_large_image","twitter_misc":{"Escrito por":"Blanca","Tiempo de lectura":"2 minutos"},"schema":{"@context":"https:\/\/schema.org","@graph":[{"@type":"Article","@id":"https:\/\/redamlo.com\/index.php\/2023\/02\/21\/morena-y-ebrard-tienen-la-clave-para-hacer-de-mexico-una-potencia-mundial-luz-maria-beristain\/#article","isPartOf":{"@id":"https:\/\/redamlo.com\/index.php\/2023\/02\/21\/morena-y-ebrard-tienen-la-clave-para-hacer-de-mexico-una-potencia-mundial-luz-maria-beristain\/"},"author":{"name":"Blanca","@id":"https:\/\/redamlo.com\/#\/schema\/person\/7223a4375eb8f1a782fcae010a7115cf"},"headline":"Morena y Ebrard tienen la clave para hacer de M\u00e9xico una potencia mundial: Luz Mar\u00eda Beristain","datePublished":"2023-02-21T21:21:07+00:00","mainEntityOfPage":{"@id":"https:\/\/redamlo.com\/index.php\/2023\/02\/21\/morena-y-ebrard-tienen-la-clave-para-hacer-de-mexico-una-potencia-mundial-luz-maria-beristain\/"},"wordCount":468,"commentCount":0,"publisher":{"@id":"https:\/\/redamlo.com\/#organization"},"image":{"@id":"https:\/\/redamlo.com\/index.php\/2023\/02\/21\/morena-y-ebrard-tienen-la-clave-para-hacer-de-mexico-una-potencia-mundial-luz-maria-beristain\/#primaryimage"},"thumbnailUrl":"https:\/\/redamlo.com\/wp-content\/uploads\/2023\/02\/Luz-Maria-Beristain-Navarrete.jpeg","keywords":["Luz Mar\u00eda Beristain","Marcelo Ebrard"],"articleSection":["Estados","Pol\u00edtica"],"inLanguage":"es","potentialAction":[{"@type":"CommentAction","name":"Comment","target":["https:\/\/redamlo.com\/index.php\/2023\/02\/21\/morena-y-ebrard-tienen-la-clave-para-hacer-de-mexico-una-potencia-mundial-luz-maria-beristain\/#respond"]}]},{"@type":"WebPage","@id":"https:\/\/redamlo.com\/index.php\/2023\/02\/21\/morena-y-ebrard-tienen-la-clave-para-hacer-de-mexico-una-potencia-mundial-luz-maria-beristain\/","url":"https:\/\/redamlo.com\/index.php\/2023\/02\/21\/morena-y-ebrard-tienen-la-clave-para-hacer-de-mexico-una-potencia-mundial-luz-maria-beristain\/","name":"Morena y Ebrard tienen la clave para hacer de M\u00e9xico una potencia mundial: Luz Mar\u00eda Beristain - NOTICIAS DE LA 4T","isPartOf":{"@id":"https:\/\/redamlo.com\/#website"},"primaryImageOfPage":{"@id":"https:\/\/redamlo.com\/index.php\/2023\/02\/21\/morena-y-ebrard-tienen-la-clave-para-hacer-de-mexico-una-potencia-mundial-luz-maria-beristain\/#primaryimage"},"image":{"@id":"https:\/\/redamlo.com\/index.php\/2023\/02\/21\/morena-y-ebrard-tienen-la-clave-para-hacer-de-mexico-una-potencia-mundial-luz-maria-beristain\/#primaryimage"},"thumbnailUrl":"https:\/\/redamlo.com\/wp-content\/uploads\/2023\/02\/Luz-Maria-Beristain-Navarrete.jpeg","datePublished":"2023-02-21T21:21:07+00:00","breadcrumb":{"@id":"https:\/\/redamlo.com\/index.php\/2023\/02\/21\/morena-y-ebrard-tienen-la-clave-para-hacer-de-mexico-una-potencia-mundial-luz-maria-beristain\/#breadcrumb"},"inLanguage":"es","potentialAction":[{"@type":"ReadAction","target":["https:\/\/redamlo.com\/index.php\/2023\/02\/21\/morena-y-ebrard-tienen-la-clave-para-hacer-de-mexico-una-potencia-mundial-luz-maria-beristain\/"]}]},{"@type":"ImageObject","inLanguage":"es","@id":"https:\/\/redamlo.com\/index.php\/2023\/02\/21\/morena-y-ebrard-tienen-la-clave-para-hacer-de-mexico-una-potencia-mundial-luz-maria-beristain\/#primaryimage","url":"https:\/\/redamlo.com\/wp-content\/uploads\/2023\/02\/Luz-Maria-Beristain-Navarrete.jpeg","contentUrl":"https:\/\/redamlo.com\/wp-content\/uploads\/2023\/02\/Luz-Maria-Beristain-Navarrete.jpeg","width":598,"height":513},{"@type":"BreadcrumbList","@id":"https:\/\/redamlo.com\/index.php\/2023\/02\/21\/morena-y-ebrard-tienen-la-clave-para-hacer-de-mexico-una-potencia-mundial-luz-maria-beristain\/#breadcrumb","itemListElement":[{"@type":"ListItem","position":1,"name":"Inicio","item":"https:\/\/redamlo.com\/"},{"@type":"ListItem","position":2,"name":"Morena y Ebrard tienen la clave para hacer de M\u00e9xico una potencia mundial: Luz Mar\u00eda Beristain"}]},{"@type":"WebSite","@id":"https:\/\/redamlo.com\/#website","url":"https:\/\/redamlo.com\/","name":"NOTICIAS DE LA 4T","description":"","publisher":{"@id":"https:\/\/redamlo.com\/#organization"},"potentialAction":[{"@type":"SearchAction","target":{"@type":"EntryPoint","urlTemplate":"https:\/\/redamlo.com\/?s={search_term_string}"},"query-input":{"@type":"PropertyValueSpecification","valueRequired":true,"valueName":"search_term_string"}}],"inLanguage":"es"},{"@type":"Organization","@id":"https:\/\/redamlo.com\/#organization","name":"NOTICIAS DE LA 4T","url":"https:\/\/redamlo.com\/","logo":{"@type":"ImageObject","inLanguage":"es","@id":"https:\/\/redamlo.com\/#\/schema\/logo\/image\/","url":"https:\/\/redamlo.com\/wp-content\/uploads\/2024\/08\/cropped-RED-AMLO-logo-50.png","contentUrl":"https:\/\/redamlo.com\/wp-content\/uploads\/2024\/08\/cropped-RED-AMLO-logo-50.png","width":256,"height":256,"caption":"NOTICIAS DE LA 4T"},"image":{"@id":"https:\/\/redamlo.com\/#\/schema\/logo\/image\/"}},{"@type":"Person","@id":"https:\/\/redamlo.com\/#\/schema\/person\/7223a4375eb8f1a782fcae010a7115cf","name":"Blanca","image":{"@type":"ImageObject","inLanguage":"es","@id":"https:\/\/secure.gravatar.com\/avatar\/3f79bc8336367a4e6093eae8757acaaf61d1124834b905616de7829b0273426d?s=96&d=mm&r=g","url":"https:\/\/secure.gravatar.com\/avatar\/3f79bc8336367a4e6093eae8757acaaf61d1124834b905616de7829b0273426d?s=96&d=mm&r=g","contentUrl":"https:\/\/secure.gravatar.com\/avatar\/3f79bc8336367a4e6093eae8757acaaf61d1124834b905616de7829b0273426d?s=96&d=mm&r=g","caption":"Blanca"},"url":"https:\/\/redamlo.com\/index.php\/author\/blanca\/"}]}},"_links":{"self":[{"href":"https:\/\/redamlo.com\/index.php\/wp-json\/wp\/v2\/posts\/6662","targetHints":{"allow":["GET"]}}],"collection":[{"href":"https:\/\/redamlo.com\/index.php\/wp-json\/wp\/v2\/posts"}],"about":[{"href":"https:\/\/redamlo.com\/index.php\/wp-json\/wp\/v2\/types\/post"}],"author":[{"embeddable":true,"href":"https:\/\/redamlo.com\/index.php\/wp-json\/wp\/v2\/users\/2"}],"replies":[{"embeddable":true,"href":"https:\/\/redamlo.com\/index.php\/wp-json\/wp\/v2\/comments?post=6662"}],"version-history":[{"count":0,"href":"https:\/\/redamlo.com\/index.php\/wp-json\/wp\/v2\/posts\/6662\/revisions"}],"wp:featuredmedia":[{"embeddable":true,"href":"https:\/\/redamlo.com\/index.php\/wp-json\/wp\/v2\/media\/6663"}],"wp:attachment":[{"href":"https:\/\/redamlo.com\/index.php\/wp-json\/wp\/v2\/media?parent=6662"}],"wp:term":[{"taxonomy":"category","embeddable":true,"href":"https:\/\/redamlo.com\/index.php\/wp-json\/wp\/v2\/categories?post=6662"},{"taxonomy":"post_tag","embeddable":true,"href":"https:\/\/redamlo.com\/index.php\/wp-json\/wp\/v2\/tags?post=6662"}],"curies":[{"name":"wp","href":"https:\/\/api.w.org\/{rel}","templated":true}]}}