{"id":6655,"date":"2023-02-16T15:57:42","date_gmt":"2023-02-16T21:57:42","guid":{"rendered":"https:\/\/redamlo.com\/?p=6655"},"modified":"2023-02-16T15:57:42","modified_gmt":"2023-02-16T21:57:42","slug":"amlo-inaugura-camino-tonanitla-al-aifa-sera-libre-de-cuota","status":"publish","type":"post","link":"https:\/\/redamlo.com\/index.php\/2023\/02\/16\/amlo-inaugura-camino-tonanitla-al-aifa-sera-libre-de-cuota\/","title":{"rendered":"AMLO INAUGURA CAMINO TONANITLA AL AIFA; SER\u00c1 LIBRE DE CUOTA"},"content":{"rendered":"<p>El presidente Andr\u00e9s Manuel L\u00f3pez Obrador encabez\u00f3 en Nextlalpan, Estado de M\u00e9xico, la inauguraci\u00f3n del Camino Tonanitla, vialidad principal hacia el\u00a0<strong>Aeropuerto Internacional Felipe \u00c1ngeles (AIFA)<\/strong>, que ser\u00e1 gratuita para las y los usuarios.<\/p>\n<blockquote><p>\u201cEstoy muy contento por esta obra. Agreguen que es inversi\u00f3n p\u00fablica, no es una autopista de cuota. Es una inversi\u00f3n de 7 mil 500 millones de pesos\u201d, apunt\u00f3.<\/p><\/blockquote>\n<p>Acompa\u00f1ado de autoridades estatales e integrantes del Gabinete, el jefe del Ejecutivo agradeci\u00f3 a trabajadores que participaron en la ejecuci\u00f3n de la obra. La construcci\u00f3n del camino gener\u00f3 15 mil empleos directos y 30 mil indirectos.<\/p>\n<p>De acuerdo con la Secretar\u00eda de Infraestructura, Comunicaciones y Transportes, la vialidad principal al AIFA tiene una longitud de 14.1 kil\u00f3metros y tres carriles de circulaci\u00f3n por sentido.<\/p>\n<p>Beneficiar\u00e1 a 2.5 millones de personas habitantes de Ecatepec, Tec\u00e1mac, Tonanitla, Nextlalpan y Zumpango, as\u00ed como a quienes viajen desde Indios Verdes sobre la carretera libre en direcci\u00f3n a Pachuca hacia la V\u00eda Morelos a la altura del Puente de Fierro. El recorrido se realiza en solo nueve minutos.<\/p>\n<p>Desde la Ciudad de M\u00e9xico se podr\u00e1 tomar la ruta de Circuito Interior hacia el norte hasta la V\u00eda Morelos, donde se encontrar\u00e1 la salida a la v\u00eda principal al AIFA.<\/p>\n<p>El presidente se comprometi\u00f3 a difundirla con el apoyo de los gobernadores del Estado de M\u00e9xico, Alfredo Del Mazo; de Hidalgo, Julio Menchaca y la jefa de Gobierno de la Ciudad de M\u00e9xico, Claudia Sheinbaum Pardo, quienes participaron en la inauguraci\u00f3n.<\/p>\n<p>El pr\u00f3ximo lunes, durante la conferencia de prensa matutina, se dar\u00e1n a conocer m\u00e1s ventajas de la nueva vialidad.<\/p>\n<p><iframe loading=\"lazy\" title=\"Inauguraci\u00f3n de vialidad principal al AIFA; camino Tonanitla, desde Nextlalpan, Estado de M\u00e9xico\" width=\"640\" height=\"360\" src=\"https:\/\/www.youtube.com\/embed\/W7c9JZfHFz4?feature=oembed\" frameborder=\"0\" allow=\"accelerometer; autoplay; clipboard-write; encrypted-media; gyroscope; picture-in-picture; web-share\" referrerpolicy=\"strict-origin-when-cross-origin\" allowfullscreen><\/iframe><\/p>\n<p>El mandatario destac\u00f3 que el Camino Tonanitla acortar\u00e1 tiempos de traslado y contribuir\u00e1 a orientar el desarrollo urbano del Valle de M\u00e9xico hacia zonas de mayor viabilidad, con recursos para el aprovechamiento responsable.<\/p>\n<blockquote><p>\u201cEst\u00e1 demostrado que tiene agua para el desarrollo futuro. Es muy importante que se haya tomado la decisi\u00f3n de construir ac\u00e1 el nuevo Aeropuerto Internacional Felipe \u00c1ngeles\u201d, enfatiz\u00f3.<\/p><\/blockquote>\n<p>El presidente reconoci\u00f3 la eficiencia de los ingenieros militares de la Secretar\u00eda de la Defensa Nacional que edificaron el aeropuerto en poco tiempo e hicieron rendir el presupuesto. Resalt\u00f3 el liderazgo del Comandante del Agrupamiento de<br \/>\nIngenieros \u2018Felipe \u00c1ngeles\u2019, Gustavo Ricardo Vallejo Su\u00e1rez, presente en el evento.<\/p>\n<p>En comparaci\u00f3n con los 300 mil millones de pesos que iba a costar el aeropuerto en Texcoco, el AIFA requiri\u00f3 75 mil millones de pesos. Adicionalmente el Gobierno de M\u00e9xico pag\u00f3 a las empresas a las que se cancelaron contratos por el cambio de sede, acot\u00f3.<\/p>\n<p>En cuanto a la extensi\u00f3n territorial, coment\u00f3 que el\u00a0<strong>Aeropuerto Internacional de la Ciudad de M\u00e9xico (AICM)<\/strong>\u00a0tiene 600 hect\u00e1reas y el AIFA 2 mil 600, lo que da la posibilidad de ampliarlo en los pr\u00f3ximos a\u00f1os.<\/p>\n<blockquote><p>\u201cMe siento orgulloso y tranquilo. Ya se pueden imaginar lo que signific\u00f3 tomar esta decisi\u00f3n. (\u2026) Es un complejo important\u00edsimo porque es el aeropuerto civil, el aeropuerto militar, es un desarrollo urban\u00edstico habitacional; tiene comercio, tiene escuelas, hospital, los museos\u201d, expres\u00f3 el mandatario.<\/p><\/blockquote>\n<p>Adem\u00e1s del Camino Tonanitla, se ampli\u00f3 la autopista hacia Pachuca y el Tren Suburbano se ampliar\u00e1. Estas acciones reducir\u00e1n a 30 minutos el camino al AIFA desde la Ciudad de M\u00e9xico.<\/p>\n<p>Acompa\u00f1aron al presidente, los secretarios de Infraestructura Comunicaciones y Transportes, Jorge Nu\u00f1o Lara; de la Defensa Nacional, Luis Cresencio Sandoval Gonz\u00e1lez; de la Funci\u00f3n P\u00fablica, Roberto Salcedo Aquino; el subsecretario de Infraestructura de la<br \/>\nSecretar\u00eda de Infraestructura Comunicaciones y Transportes, Jes\u00fas Felipe Verdugo L\u00f3pez; el subsecretario de Egresos de la<br \/>\nSecretar\u00eda de Hacienda y Cr\u00e9dito P\u00fablico, Juan Pablo de Botton Falc\u00f3n; el director general del Banco Nacional de Obras y Servicios (Banobras), Jorge Mendoza S\u00e1nchez y el director General del Aeropuerto Internacional Felipe \u00c1ngeles S.A. de C.V.<br \/>\nIsidoro Pastor Rom\u00e1n.<\/p>\n","protected":false},"excerpt":{"rendered":"<p>El presidente Andr\u00e9s Manuel L\u00f3pez Obrador encabez\u00f3 en Nextlalpan, Estado de M\u00e9xico, la inauguraci\u00f3n del&#8230;<\/p>\n","protected":false},"author":2,"featured_media":6656,"comment_status":"open","ping_status":"closed","sticky":false,"template":"","format":"standard","meta":{"footnotes":""},"categories":[20],"tags":[],"class_list":["post-6655","post","type-post","status-publish","format-standard","has-post-thumbnail","hentry","category-nacionales"],"yoast_head":"<!-- This site is optimized with the Yoast SEO plugin v27.5 - https:\/\/yoast.com\/product\/yoast-seo-wordpress\/ -->\n<title>AMLO INAUGURA CAMINO TONANITLA AL AIFA; SER\u00c1 LIBRE DE CUOTA - NOTICIAS DE LA 4T<\/title>\n<meta name=\"robots\" content=\"noindex, follow, max-snippet:-1, max-image-preview:large, max-video-preview:-1\" \/>\n<meta property=\"og:locale\" content=\"es_MX\" \/>\n<meta property=\"og:type\" content=\"article\" \/>\n<meta property=\"og:title\" content=\"AMLO INAUGURA CAMINO TONANITLA AL AIFA; SER\u00c1 LIBRE DE CUOTA - NOTICIAS DE LA 4T\" \/>\n<meta property=\"og:description\" content=\"El presidente Andr\u00e9s Manuel L\u00f3pez Obrador encabez\u00f3 en Nextlalpan, Estado de M\u00e9xico, la inauguraci\u00f3n del...\" \/>\n<meta property=\"og:url\" content=\"https:\/\/redamlo.com\/index.php\/2023\/02\/16\/amlo-inaugura-camino-tonanitla-al-aifa-sera-libre-de-cuota\/\" \/>\n<meta property=\"og:site_name\" content=\"NOTICIAS DE LA 4T\" \/>\n<meta property=\"article:published_time\" content=\"2023-02-16T21:57:42+00:00\" \/>\n<meta property=\"og:image\" content=\"https:\/\/redamlo.com\/wp-content\/uploads\/2023\/02\/2023-02-16-Presidente-AMLO-Inauguracion-de-vialidad-principal-al-AIFA-Estado-de-Mexico-Foto-02.jpg\" \/>\n\t<meta property=\"og:image:width\" content=\"1502\" \/>\n\t<meta property=\"og:image:height\" content=\"1000\" \/>\n\t<meta property=\"og:image:type\" content=\"image\/jpeg\" \/>\n<meta name=\"author\" content=\"Blanca\" \/>\n<meta name=\"twitter:card\" content=\"summary_large_image\" \/>\n<meta name=\"twitter:label1\" content=\"Escrito por\" \/>\n\t<meta name=\"twitter:data1\" content=\"Blanca\" \/>\n\t<meta name=\"twitter:label2\" content=\"Tiempo de lectura\" \/>\n\t<meta name=\"twitter:data2\" content=\"3 minutos\" \/>\n<script type=\"application\/ld+json\" class=\"yoast-schema-graph\">{\"@context\":\"https:\\\/\\\/schema.org\",\"@graph\":[{\"@type\":\"Article\",\"@id\":\"https:\\\/\\\/redamlo.com\\\/index.php\\\/2023\\\/02\\\/16\\\/amlo-inaugura-camino-tonanitla-al-aifa-sera-libre-de-cuota\\\/#article\",\"isPartOf\":{\"@id\":\"https:\\\/\\\/redamlo.com\\\/index.php\\\/2023\\\/02\\\/16\\\/amlo-inaugura-camino-tonanitla-al-aifa-sera-libre-de-cuota\\\/\"},\"author\":{\"name\":\"Blanca\",\"@id\":\"https:\\\/\\\/redamlo.com\\\/#\\\/schema\\\/person\\\/7223a4375eb8f1a782fcae010a7115cf\"},\"headline\":\"AMLO INAUGURA CAMINO TONANITLA AL AIFA; SER\u00c1 LIBRE DE CUOTA\",\"datePublished\":\"2023-02-16T21:57:42+00:00\",\"mainEntityOfPage\":{\"@id\":\"https:\\\/\\\/redamlo.com\\\/index.php\\\/2023\\\/02\\\/16\\\/amlo-inaugura-camino-tonanitla-al-aifa-sera-libre-de-cuota\\\/\"},\"wordCount\":685,\"commentCount\":0,\"publisher\":{\"@id\":\"https:\\\/\\\/redamlo.com\\\/#organization\"},\"image\":{\"@id\":\"https:\\\/\\\/redamlo.com\\\/index.php\\\/2023\\\/02\\\/16\\\/amlo-inaugura-camino-tonanitla-al-aifa-sera-libre-de-cuota\\\/#primaryimage\"},\"thumbnailUrl\":\"https:\\\/\\\/redamlo.com\\\/wp-content\\\/uploads\\\/2023\\\/02\\\/2023-02-16-Presidente-AMLO-Inauguracion-de-vialidad-principal-al-AIFA-Estado-de-Mexico-Foto-02.jpg\",\"articleSection\":[\"Nacionales\"],\"inLanguage\":\"es\",\"potentialAction\":[{\"@type\":\"CommentAction\",\"name\":\"Comment\",\"target\":[\"https:\\\/\\\/redamlo.com\\\/index.php\\\/2023\\\/02\\\/16\\\/amlo-inaugura-camino-tonanitla-al-aifa-sera-libre-de-cuota\\\/#respond\"]}]},{\"@type\":\"WebPage\",\"@id\":\"https:\\\/\\\/redamlo.com\\\/index.php\\\/2023\\\/02\\\/16\\\/amlo-inaugura-camino-tonanitla-al-aifa-sera-libre-de-cuota\\\/\",\"url\":\"https:\\\/\\\/redamlo.com\\\/index.php\\\/2023\\\/02\\\/16\\\/amlo-inaugura-camino-tonanitla-al-aifa-sera-libre-de-cuota\\\/\",\"name\":\"AMLO INAUGURA CAMINO TONANITLA AL AIFA; SER\u00c1 LIBRE DE CUOTA - NOTICIAS DE LA 4T\",\"isPartOf\":{\"@id\":\"https:\\\/\\\/redamlo.com\\\/#website\"},\"primaryImageOfPage\":{\"@id\":\"https:\\\/\\\/redamlo.com\\\/index.php\\\/2023\\\/02\\\/16\\\/amlo-inaugura-camino-tonanitla-al-aifa-sera-libre-de-cuota\\\/#primaryimage\"},\"image\":{\"@id\":\"https:\\\/\\\/redamlo.com\\\/index.php\\\/2023\\\/02\\\/16\\\/amlo-inaugura-camino-tonanitla-al-aifa-sera-libre-de-cuota\\\/#primaryimage\"},\"thumbnailUrl\":\"https:\\\/\\\/redamlo.com\\\/wp-content\\\/uploads\\\/2023\\\/02\\\/2023-02-16-Presidente-AMLO-Inauguracion-de-vialidad-principal-al-AIFA-Estado-de-Mexico-Foto-02.jpg\",\"datePublished\":\"2023-02-16T21:57:42+00:00\",\"breadcrumb\":{\"@id\":\"https:\\\/\\\/redamlo.com\\\/index.php\\\/2023\\\/02\\\/16\\\/amlo-inaugura-camino-tonanitla-al-aifa-sera-libre-de-cuota\\\/#breadcrumb\"},\"inLanguage\":\"es\",\"potentialAction\":[{\"@type\":\"ReadAction\",\"target\":[\"https:\\\/\\\/redamlo.com\\\/index.php\\\/2023\\\/02\\\/16\\\/amlo-inaugura-camino-tonanitla-al-aifa-sera-libre-de-cuota\\\/\"]}]},{\"@type\":\"ImageObject\",\"inLanguage\":\"es\",\"@id\":\"https:\\\/\\\/redamlo.com\\\/index.php\\\/2023\\\/02\\\/16\\\/amlo-inaugura-camino-tonanitla-al-aifa-sera-libre-de-cuota\\\/#primaryimage\",\"url\":\"https:\\\/\\\/redamlo.com\\\/wp-content\\\/uploads\\\/2023\\\/02\\\/2023-02-16-Presidente-AMLO-Inauguracion-de-vialidad-principal-al-AIFA-Estado-de-Mexico-Foto-02.jpg\",\"contentUrl\":\"https:\\\/\\\/redamlo.com\\\/wp-content\\\/uploads\\\/2023\\\/02\\\/2023-02-16-Presidente-AMLO-Inauguracion-de-vialidad-principal-al-AIFA-Estado-de-Mexico-Foto-02.jpg\",\"width\":1502,\"height\":1000},{\"@type\":\"BreadcrumbList\",\"@id\":\"https:\\\/\\\/redamlo.com\\\/index.php\\\/2023\\\/02\\\/16\\\/amlo-inaugura-camino-tonanitla-al-aifa-sera-libre-de-cuota\\\/#breadcrumb\",\"itemListElement\":[{\"@type\":\"ListItem\",\"position\":1,\"name\":\"Inicio\",\"item\":\"https:\\\/\\\/redamlo.com\\\/\"},{\"@type\":\"ListItem\",\"position\":2,\"name\":\"AMLO INAUGURA CAMINO TONANITLA AL AIFA; SER\u00c1 LIBRE DE CUOTA\"}]},{\"@type\":\"WebSite\",\"@id\":\"https:\\\/\\\/redamlo.com\\\/#website\",\"url\":\"https:\\\/\\\/redamlo.com\\\/\",\"name\":\"NOTICIAS DE LA 4T\",\"description\":\"\",\"publisher\":{\"@id\":\"https:\\\/\\\/redamlo.com\\\/#organization\"},\"potentialAction\":[{\"@type\":\"SearchAction\",\"target\":{\"@type\":\"EntryPoint\",\"urlTemplate\":\"https:\\\/\\\/redamlo.com\\\/?s={search_term_string}\"},\"query-input\":{\"@type\":\"PropertyValueSpecification\",\"valueRequired\":true,\"valueName\":\"search_term_string\"}}],\"inLanguage\":\"es\"},{\"@type\":\"Organization\",\"@id\":\"https:\\\/\\\/redamlo.com\\\/#organization\",\"name\":\"NOTICIAS DE LA 4T\",\"url\":\"https:\\\/\\\/redamlo.com\\\/\",\"logo\":{\"@type\":\"ImageObject\",\"inLanguage\":\"es\",\"@id\":\"https:\\\/\\\/redamlo.com\\\/#\\\/schema\\\/logo\\\/image\\\/\",\"url\":\"https:\\\/\\\/redamlo.com\\\/wp-content\\\/uploads\\\/2024\\\/08\\\/cropped-RED-AMLO-logo-50.png\",\"contentUrl\":\"https:\\\/\\\/redamlo.com\\\/wp-content\\\/uploads\\\/2024\\\/08\\\/cropped-RED-AMLO-logo-50.png\",\"width\":256,\"height\":256,\"caption\":\"NOTICIAS DE LA 4T\"},\"image\":{\"@id\":\"https:\\\/\\\/redamlo.com\\\/#\\\/schema\\\/logo\\\/image\\\/\"}},{\"@type\":\"Person\",\"@id\":\"https:\\\/\\\/redamlo.com\\\/#\\\/schema\\\/person\\\/7223a4375eb8f1a782fcae010a7115cf\",\"name\":\"Blanca\",\"image\":{\"@type\":\"ImageObject\",\"inLanguage\":\"es\",\"@id\":\"https:\\\/\\\/secure.gravatar.com\\\/avatar\\\/3f79bc8336367a4e6093eae8757acaaf61d1124834b905616de7829b0273426d?s=96&d=mm&r=g\",\"url\":\"https:\\\/\\\/secure.gravatar.com\\\/avatar\\\/3f79bc8336367a4e6093eae8757acaaf61d1124834b905616de7829b0273426d?s=96&d=mm&r=g\",\"contentUrl\":\"https:\\\/\\\/secure.gravatar.com\\\/avatar\\\/3f79bc8336367a4e6093eae8757acaaf61d1124834b905616de7829b0273426d?s=96&d=mm&r=g\",\"caption\":\"Blanca\"},\"url\":\"https:\\\/\\\/redamlo.com\\\/index.php\\\/author\\\/blanca\\\/\"}]}<\/script>\n<!-- \/ Yoast SEO plugin. -->","yoast_head_json":{"title":"AMLO INAUGURA CAMINO TONANITLA AL AIFA; SER\u00c1 LIBRE DE CUOTA - NOTICIAS DE LA 4T","robots":{"index":"noindex","follow":"follow","max-snippet":"max-snippet:-1","max-image-preview":"max-image-preview:large","max-video-preview":"max-video-preview:-1"},"og_locale":"es_MX","og_type":"article","og_title":"AMLO INAUGURA CAMINO TONANITLA AL AIFA; SER\u00c1 LIBRE DE CUOTA - NOTICIAS DE LA 4T","og_description":"El presidente Andr\u00e9s Manuel L\u00f3pez Obrador encabez\u00f3 en Nextlalpan, Estado de M\u00e9xico, la inauguraci\u00f3n del...","og_url":"https:\/\/redamlo.com\/index.php\/2023\/02\/16\/amlo-inaugura-camino-tonanitla-al-aifa-sera-libre-de-cuota\/","og_site_name":"NOTICIAS DE LA 4T","article_published_time":"2023-02-16T21:57:42+00:00","og_image":[{"width":1502,"height":1000,"url":"https:\/\/redamlo.com\/wp-content\/uploads\/2023\/02\/2023-02-16-Presidente-AMLO-Inauguracion-de-vialidad-principal-al-AIFA-Estado-de-Mexico-Foto-02.jpg","type":"image\/jpeg"}],"author":"Blanca","twitter_card":"summary_large_image","twitter_misc":{"Escrito por":"Blanca","Tiempo de lectura":"3 minutos"},"schema":{"@context":"https:\/\/schema.org","@graph":[{"@type":"Article","@id":"https:\/\/redamlo.com\/index.php\/2023\/02\/16\/amlo-inaugura-camino-tonanitla-al-aifa-sera-libre-de-cuota\/#article","isPartOf":{"@id":"https:\/\/redamlo.com\/index.php\/2023\/02\/16\/amlo-inaugura-camino-tonanitla-al-aifa-sera-libre-de-cuota\/"},"author":{"name":"Blanca","@id":"https:\/\/redamlo.com\/#\/schema\/person\/7223a4375eb8f1a782fcae010a7115cf"},"headline":"AMLO INAUGURA CAMINO TONANITLA AL AIFA; SER\u00c1 LIBRE DE CUOTA","datePublished":"2023-02-16T21:57:42+00:00","mainEntityOfPage":{"@id":"https:\/\/redamlo.com\/index.php\/2023\/02\/16\/amlo-inaugura-camino-tonanitla-al-aifa-sera-libre-de-cuota\/"},"wordCount":685,"commentCount":0,"publisher":{"@id":"https:\/\/redamlo.com\/#organization"},"image":{"@id":"https:\/\/redamlo.com\/index.php\/2023\/02\/16\/amlo-inaugura-camino-tonanitla-al-aifa-sera-libre-de-cuota\/#primaryimage"},"thumbnailUrl":"https:\/\/redamlo.com\/wp-content\/uploads\/2023\/02\/2023-02-16-Presidente-AMLO-Inauguracion-de-vialidad-principal-al-AIFA-Estado-de-Mexico-Foto-02.jpg","articleSection":["Nacionales"],"inLanguage":"es","potentialAction":[{"@type":"CommentAction","name":"Comment","target":["https:\/\/redamlo.com\/index.php\/2023\/02\/16\/amlo-inaugura-camino-tonanitla-al-aifa-sera-libre-de-cuota\/#respond"]}]},{"@type":"WebPage","@id":"https:\/\/redamlo.com\/index.php\/2023\/02\/16\/amlo-inaugura-camino-tonanitla-al-aifa-sera-libre-de-cuota\/","url":"https:\/\/redamlo.com\/index.php\/2023\/02\/16\/amlo-inaugura-camino-tonanitla-al-aifa-sera-libre-de-cuota\/","name":"AMLO INAUGURA CAMINO TONANITLA AL AIFA; SER\u00c1 LIBRE DE CUOTA - NOTICIAS DE LA 4T","isPartOf":{"@id":"https:\/\/redamlo.com\/#website"},"primaryImageOfPage":{"@id":"https:\/\/redamlo.com\/index.php\/2023\/02\/16\/amlo-inaugura-camino-tonanitla-al-aifa-sera-libre-de-cuota\/#primaryimage"},"image":{"@id":"https:\/\/redamlo.com\/index.php\/2023\/02\/16\/amlo-inaugura-camino-tonanitla-al-aifa-sera-libre-de-cuota\/#primaryimage"},"thumbnailUrl":"https:\/\/redamlo.com\/wp-content\/uploads\/2023\/02\/2023-02-16-Presidente-AMLO-Inauguracion-de-vialidad-principal-al-AIFA-Estado-de-Mexico-Foto-02.jpg","datePublished":"2023-02-16T21:57:42+00:00","breadcrumb":{"@id":"https:\/\/redamlo.com\/index.php\/2023\/02\/16\/amlo-inaugura-camino-tonanitla-al-aifa-sera-libre-de-cuota\/#breadcrumb"},"inLanguage":"es","potentialAction":[{"@type":"ReadAction","target":["https:\/\/redamlo.com\/index.php\/2023\/02\/16\/amlo-inaugura-camino-tonanitla-al-aifa-sera-libre-de-cuota\/"]}]},{"@type":"ImageObject","inLanguage":"es","@id":"https:\/\/redamlo.com\/index.php\/2023\/02\/16\/amlo-inaugura-camino-tonanitla-al-aifa-sera-libre-de-cuota\/#primaryimage","url":"https:\/\/redamlo.com\/wp-content\/uploads\/2023\/02\/2023-02-16-Presidente-AMLO-Inauguracion-de-vialidad-principal-al-AIFA-Estado-de-Mexico-Foto-02.jpg","contentUrl":"https:\/\/redamlo.com\/wp-content\/uploads\/2023\/02\/2023-02-16-Presidente-AMLO-Inauguracion-de-vialidad-principal-al-AIFA-Estado-de-Mexico-Foto-02.jpg","width":1502,"height":1000},{"@type":"BreadcrumbList","@id":"https:\/\/redamlo.com\/index.php\/2023\/02\/16\/amlo-inaugura-camino-tonanitla-al-aifa-sera-libre-de-cuota\/#breadcrumb","itemListElement":[{"@type":"ListItem","position":1,"name":"Inicio","item":"https:\/\/redamlo.com\/"},{"@type":"ListItem","position":2,"name":"AMLO INAUGURA CAMINO TONANITLA AL AIFA; SER\u00c1 LIBRE DE CUOTA"}]},{"@type":"WebSite","@id":"https:\/\/redamlo.com\/#website","url":"https:\/\/redamlo.com\/","name":"NOTICIAS DE LA 4T","description":"","publisher":{"@id":"https:\/\/redamlo.com\/#organization"},"potentialAction":[{"@type":"SearchAction","target":{"@type":"EntryPoint","urlTemplate":"https:\/\/redamlo.com\/?s={search_term_string}"},"query-input":{"@type":"PropertyValueSpecification","valueRequired":true,"valueName":"search_term_string"}}],"inLanguage":"es"},{"@type":"Organization","@id":"https:\/\/redamlo.com\/#organization","name":"NOTICIAS DE LA 4T","url":"https:\/\/redamlo.com\/","logo":{"@type":"ImageObject","inLanguage":"es","@id":"https:\/\/redamlo.com\/#\/schema\/logo\/image\/","url":"https:\/\/redamlo.com\/wp-content\/uploads\/2024\/08\/cropped-RED-AMLO-logo-50.png","contentUrl":"https:\/\/redamlo.com\/wp-content\/uploads\/2024\/08\/cropped-RED-AMLO-logo-50.png","width":256,"height":256,"caption":"NOTICIAS DE LA 4T"},"image":{"@id":"https:\/\/redamlo.com\/#\/schema\/logo\/image\/"}},{"@type":"Person","@id":"https:\/\/redamlo.com\/#\/schema\/person\/7223a4375eb8f1a782fcae010a7115cf","name":"Blanca","image":{"@type":"ImageObject","inLanguage":"es","@id":"https:\/\/secure.gravatar.com\/avatar\/3f79bc8336367a4e6093eae8757acaaf61d1124834b905616de7829b0273426d?s=96&d=mm&r=g","url":"https:\/\/secure.gravatar.com\/avatar\/3f79bc8336367a4e6093eae8757acaaf61d1124834b905616de7829b0273426d?s=96&d=mm&r=g","contentUrl":"https:\/\/secure.gravatar.com\/avatar\/3f79bc8336367a4e6093eae8757acaaf61d1124834b905616de7829b0273426d?s=96&d=mm&r=g","caption":"Blanca"},"url":"https:\/\/redamlo.com\/index.php\/author\/blanca\/"}]}},"_links":{"self":[{"href":"https:\/\/redamlo.com\/index.php\/wp-json\/wp\/v2\/posts\/6655","targetHints":{"allow":["GET"]}}],"collection":[{"href":"https:\/\/redamlo.com\/index.php\/wp-json\/wp\/v2\/posts"}],"about":[{"href":"https:\/\/redamlo.com\/index.php\/wp-json\/wp\/v2\/types\/post"}],"author":[{"embeddable":true,"href":"https:\/\/redamlo.com\/index.php\/wp-json\/wp\/v2\/users\/2"}],"replies":[{"embeddable":true,"href":"https:\/\/redamlo.com\/index.php\/wp-json\/wp\/v2\/comments?post=6655"}],"version-history":[{"count":0,"href":"https:\/\/redamlo.com\/index.php\/wp-json\/wp\/v2\/posts\/6655\/revisions"}],"wp:featuredmedia":[{"embeddable":true,"href":"https:\/\/redamlo.com\/index.php\/wp-json\/wp\/v2\/media\/6656"}],"wp:attachment":[{"href":"https:\/\/redamlo.com\/index.php\/wp-json\/wp\/v2\/media?parent=6655"}],"wp:term":[{"taxonomy":"category","embeddable":true,"href":"https:\/\/redamlo.com\/index.php\/wp-json\/wp\/v2\/categories?post=6655"},{"taxonomy":"post_tag","embeddable":true,"href":"https:\/\/redamlo.com\/index.php\/wp-json\/wp\/v2\/tags?post=6655"}],"curies":[{"name":"wp","href":"https:\/\/api.w.org\/{rel}","templated":true}]}}