{"id":6648,"date":"2023-02-09T16:45:33","date_gmt":"2023-02-09T22:45:33","guid":{"rendered":"https:\/\/redamlo.com\/?p=6648"},"modified":"2023-02-09T16:45:33","modified_gmt":"2023-02-09T22:45:33","slug":"santa-lucia-sera-centro-de-acopio-para-enviar-viveres-a-turquia-y-siria","status":"publish","type":"post","link":"https:\/\/redamlo.com\/index.php\/2023\/02\/09\/santa-lucia-sera-centro-de-acopio-para-enviar-viveres-a-turquia-y-siria\/","title":{"rendered":"SANTA LUC\u00cdA SER\u00c1 CENTRO DE ACOPIO PARA ENVIAR V\u00cdVERES A TURQU\u00cdA Y SIRIA"},"content":{"rendered":"<p>El secretario de la Defensa Nacional, Luis Cresencio Sandoval Gonz\u00e1lez, anunci\u00f3 que el gobierno federal instalar\u00e1 un centro de acopio en la<strong>\u00a0Base A\u00e9rea Militar No.1 en Santa Luc\u00eda<\/strong>, Estado de M\u00e9xico; los v\u00edveres se enviar\u00e1n a Turqu\u00eda y Siria, pa\u00edses afectados tras el sismo de 7.8 registrado el pasado lunes.<\/p>\n<blockquote><p>\u201cSi hay ciudadanos que quieran participar en proporcionar algunos alimentos, ah\u00ed los estaremos recibiendo. Ser\u00e1 el \u00fanico centro que se establecer\u00e1 para poder recibir esas donaciones\u201d, subray\u00f3.<\/p><\/blockquote>\n<p><iframe loading=\"lazy\" title=\"Acciones de vivienda con visi\u00f3n social para superar rezago. Conferencia presidente AMLO\" width=\"640\" height=\"360\" src=\"https:\/\/www.youtube.com\/embed\/_et4AjkIs8w?feature=oembed\" frameborder=\"0\" allow=\"accelerometer; autoplay; clipboard-write; encrypted-media; gyroscope; picture-in-picture; web-share\" referrerpolicy=\"strict-origin-when-cross-origin\" allowfullscreen><\/iframe><\/p>\n<p>Los productos que se recomienda donar son frijoles, conservas de verduras, arroz, at\u00fan, sardinas, garbanzo y ropa t\u00e9rmica.<\/p>\n<p>En la conferencia de prensa matutina con el presidente Andr\u00e9s Manuel L\u00f3pez Obrador, el titular de la Sedena indic\u00f3 que la empresa\u00a0<strong>Awesome Cargo<\/strong>\u00a0ser\u00e1 la encargada de enviar la ayuda humanitaria a esos pa\u00edses.<\/p>\n<blockquote><p>\u201cTenemos el ofrecimiento de la empresa Awesome Cargo con una aeronave Airbus 330, esta aeronave tiene una capacidad de 50 toneladas y la empresa tiene experiencia en vuelos intercontinentales, eso nos va a permitir llevar a la ejecuci\u00f3n esta segunda fase del Gobierno de M\u00e9xico\u201d, coment\u00f3.<\/p><\/blockquote>\n<p>El Gobierno de M\u00e9xico, dijo, entregar\u00e1 alimentos y provisiones a la poblaci\u00f3n afectada.<\/p>\n<p>\u201cUna vez que se tenga lo que adquiera el gobierno federal y lo que se done por la sociedad civil, se organizar\u00e1 toda la carga, se pedir\u00e1 a la empresa el avi\u00f3n para que en el centro de acopio de la Base A\u00e9rea Militar No. 1, se lleve a cabo el embarque y se organice el personal que representar\u00e1 a M\u00e9xico\u201d, explic\u00f3.<\/p>\n<p>El secretario de Relaciones Exteriores, Marcelo Ebrard Casaubon, detall\u00f3 que en la ciudad de Ad\u0131yaman localizaron tres cuerpos sin vida.\u00a0Participan por parte del equipo mexicano personal de las secretar\u00edas de la Defensa Nacional, de Marina y de Relaciones Exteriores, as\u00ed como integrantes de la Cruz Roja Mexicana.<\/p>\n<p>Entre los heridos y fallecidos no se ha identificado a mexicanos hasta el momento. Solo una persona ha solicitado apoyo para regresar al pa\u00eds.<\/p>\n<blockquote><p>\u201cYa estamos en el lugar, vamos a ver qu\u00e9 encontramos y vamos a hacer un reporte diario por instrucciones del presidente\u201d, refiri\u00f3.<\/p><\/blockquote>\n<p>A trav\u00e9s de un video, el director general para Europa en la Secretar\u00eda de Relaciones Exteriores, Bernardo Aguilar, inform\u00f3 que se est\u00e1 trabajando en diversos puntos de la ciudad.<\/p>\n<blockquote><p>\u201cTodos los equipos est\u00e1n trabajando de manera intensiva; la ciudad est\u00e1 pr\u00e1cticamente colapsada, hay cientos de edificios que lamentablemente han ca\u00eddo y un gran porcentaje de los que est\u00e1n en pie, est\u00e1n da\u00f1ados, entonces la ayuda humanitaria y de rescate que est\u00e1 prestando M\u00e9xico es muy importante\u201d, explic\u00f3.<\/p><\/blockquote>\n<h2>Avanza mitigaci\u00f3n de incendios forestales en Chile<\/h2>\n<p>Los 300 elementos de la Sedena y de la Comisi\u00f3n Nacional Forestal enviados a Chile est\u00e1n divididos en diez brigadas con el prop\u00f3sito de atender las comunas de Yumbel, Florida, Santa Juana, Pur\u00e9n, Lautaro y Butaco en las regiones de B\u00edo B\u00edo y La Araucan\u00eda, puntualiz\u00f3 el general Sandoval Gonz\u00e1lez.<\/p>\n<p>Se logr\u00f3 sofocar 141 hect\u00e1reas, instalar 47 kil\u00f3metros de guardarrayas \u2014cuyo prop\u00f3sito es lograr la protecci\u00f3n de \u00e1reas\u2014, aislar 154 viviendas y se registran 210 kil\u00f3metros de reconocimiento de \u00e1reas.<\/p>\n<p>Por seguridad se identifica la existencia de bosques con material de f\u00e1cil combusti\u00f3n, cambios repentinos de vientos y temperaturas variables, apunt\u00f3.<\/p>\n","protected":false},"excerpt":{"rendered":"<p>El secretario de la Defensa Nacional, Luis Cresencio Sandoval Gonz\u00e1lez, anunci\u00f3 que el gobierno federal&#8230;<\/p>\n","protected":false},"author":2,"featured_media":6649,"comment_status":"open","ping_status":"closed","sticky":false,"template":"","format":"standard","meta":{"footnotes":""},"categories":[27],"tags":[2444,2445,2446],"class_list":["post-6648","post","type-post","status-publish","format-standard","has-post-thumbnail","hentry","category-presidencia","tag-ayuda-a-turqia-y-siria","tag-centro-de-acopio","tag-santa-lucia"],"yoast_head":"<!-- This site is optimized with the Yoast SEO plugin v27.5 - https:\/\/yoast.com\/product\/yoast-seo-wordpress\/ -->\n<title>SANTA LUC\u00cdA SER\u00c1 CENTRO DE ACOPIO PARA ENVIAR V\u00cdVERES A TURQU\u00cdA Y SIRIA - NOTICIAS DE LA 4T<\/title>\n<meta name=\"robots\" content=\"noindex, follow, max-snippet:-1, max-image-preview:large, max-video-preview:-1\" \/>\n<meta property=\"og:locale\" content=\"es_MX\" \/>\n<meta property=\"og:type\" content=\"article\" \/>\n<meta property=\"og:title\" content=\"SANTA LUC\u00cdA SER\u00c1 CENTRO DE ACOPIO PARA ENVIAR V\u00cdVERES A TURQU\u00cdA Y SIRIA - NOTICIAS DE LA 4T\" \/>\n<meta property=\"og:description\" content=\"El secretario de la Defensa Nacional, Luis Cresencio Sandoval Gonz\u00e1lez, anunci\u00f3 que el gobierno federal...\" \/>\n<meta property=\"og:url\" content=\"https:\/\/redamlo.com\/index.php\/2023\/02\/09\/santa-lucia-sera-centro-de-acopio-para-enviar-viveres-a-turquia-y-siria\/\" \/>\n<meta property=\"og:site_name\" content=\"NOTICIAS DE LA 4T\" \/>\n<meta property=\"article:published_time\" content=\"2023-02-09T22:45:33+00:00\" \/>\n<meta property=\"og:image\" content=\"https:\/\/redamlo.com\/wp-content\/uploads\/2023\/02\/2023-02-09-Conferencia-de-prensa-matutina-Palacio-Nacional-Foto-03.jpg\" \/>\n\t<meta property=\"og:image:width\" content=\"1522\" \/>\n\t<meta property=\"og:image:height\" content=\"1000\" \/>\n\t<meta property=\"og:image:type\" content=\"image\/jpeg\" \/>\n<meta name=\"author\" content=\"Blanca\" \/>\n<meta name=\"twitter:card\" content=\"summary_large_image\" \/>\n<meta name=\"twitter:label1\" content=\"Escrito por\" \/>\n\t<meta name=\"twitter:data1\" content=\"Blanca\" \/>\n\t<meta name=\"twitter:label2\" content=\"Tiempo de lectura\" \/>\n\t<meta name=\"twitter:data2\" content=\"3 minutos\" \/>\n<script type=\"application\/ld+json\" class=\"yoast-schema-graph\">{\"@context\":\"https:\\\/\\\/schema.org\",\"@graph\":[{\"@type\":\"Article\",\"@id\":\"https:\\\/\\\/redamlo.com\\\/index.php\\\/2023\\\/02\\\/09\\\/santa-lucia-sera-centro-de-acopio-para-enviar-viveres-a-turquia-y-siria\\\/#article\",\"isPartOf\":{\"@id\":\"https:\\\/\\\/redamlo.com\\\/index.php\\\/2023\\\/02\\\/09\\\/santa-lucia-sera-centro-de-acopio-para-enviar-viveres-a-turquia-y-siria\\\/\"},\"author\":{\"name\":\"Blanca\",\"@id\":\"https:\\\/\\\/redamlo.com\\\/#\\\/schema\\\/person\\\/7223a4375eb8f1a782fcae010a7115cf\"},\"headline\":\"SANTA LUC\u00cdA SER\u00c1 CENTRO DE ACOPIO PARA ENVIAR V\u00cdVERES A TURQU\u00cdA Y SIRIA\",\"datePublished\":\"2023-02-09T22:45:33+00:00\",\"mainEntityOfPage\":{\"@id\":\"https:\\\/\\\/redamlo.com\\\/index.php\\\/2023\\\/02\\\/09\\\/santa-lucia-sera-centro-de-acopio-para-enviar-viveres-a-turquia-y-siria\\\/\"},\"wordCount\":595,\"commentCount\":0,\"publisher\":{\"@id\":\"https:\\\/\\\/redamlo.com\\\/#organization\"},\"image\":{\"@id\":\"https:\\\/\\\/redamlo.com\\\/index.php\\\/2023\\\/02\\\/09\\\/santa-lucia-sera-centro-de-acopio-para-enviar-viveres-a-turquia-y-siria\\\/#primaryimage\"},\"thumbnailUrl\":\"https:\\\/\\\/redamlo.com\\\/wp-content\\\/uploads\\\/2023\\\/02\\\/2023-02-09-Conferencia-de-prensa-matutina-Palacio-Nacional-Foto-03.jpg\",\"keywords\":[\"ayuda a turqia y siria\",\"centro de acopio\",\"santa lucia\"],\"articleSection\":[\"Presidencia\"],\"inLanguage\":\"es\",\"potentialAction\":[{\"@type\":\"CommentAction\",\"name\":\"Comment\",\"target\":[\"https:\\\/\\\/redamlo.com\\\/index.php\\\/2023\\\/02\\\/09\\\/santa-lucia-sera-centro-de-acopio-para-enviar-viveres-a-turquia-y-siria\\\/#respond\"]}]},{\"@type\":\"WebPage\",\"@id\":\"https:\\\/\\\/redamlo.com\\\/index.php\\\/2023\\\/02\\\/09\\\/santa-lucia-sera-centro-de-acopio-para-enviar-viveres-a-turquia-y-siria\\\/\",\"url\":\"https:\\\/\\\/redamlo.com\\\/index.php\\\/2023\\\/02\\\/09\\\/santa-lucia-sera-centro-de-acopio-para-enviar-viveres-a-turquia-y-siria\\\/\",\"name\":\"SANTA LUC\u00cdA SER\u00c1 CENTRO DE ACOPIO PARA ENVIAR V\u00cdVERES A TURQU\u00cdA Y SIRIA - NOTICIAS DE LA 4T\",\"isPartOf\":{\"@id\":\"https:\\\/\\\/redamlo.com\\\/#website\"},\"primaryImageOfPage\":{\"@id\":\"https:\\\/\\\/redamlo.com\\\/index.php\\\/2023\\\/02\\\/09\\\/santa-lucia-sera-centro-de-acopio-para-enviar-viveres-a-turquia-y-siria\\\/#primaryimage\"},\"image\":{\"@id\":\"https:\\\/\\\/redamlo.com\\\/index.php\\\/2023\\\/02\\\/09\\\/santa-lucia-sera-centro-de-acopio-para-enviar-viveres-a-turquia-y-siria\\\/#primaryimage\"},\"thumbnailUrl\":\"https:\\\/\\\/redamlo.com\\\/wp-content\\\/uploads\\\/2023\\\/02\\\/2023-02-09-Conferencia-de-prensa-matutina-Palacio-Nacional-Foto-03.jpg\",\"datePublished\":\"2023-02-09T22:45:33+00:00\",\"breadcrumb\":{\"@id\":\"https:\\\/\\\/redamlo.com\\\/index.php\\\/2023\\\/02\\\/09\\\/santa-lucia-sera-centro-de-acopio-para-enviar-viveres-a-turquia-y-siria\\\/#breadcrumb\"},\"inLanguage\":\"es\",\"potentialAction\":[{\"@type\":\"ReadAction\",\"target\":[\"https:\\\/\\\/redamlo.com\\\/index.php\\\/2023\\\/02\\\/09\\\/santa-lucia-sera-centro-de-acopio-para-enviar-viveres-a-turquia-y-siria\\\/\"]}]},{\"@type\":\"ImageObject\",\"inLanguage\":\"es\",\"@id\":\"https:\\\/\\\/redamlo.com\\\/index.php\\\/2023\\\/02\\\/09\\\/santa-lucia-sera-centro-de-acopio-para-enviar-viveres-a-turquia-y-siria\\\/#primaryimage\",\"url\":\"https:\\\/\\\/redamlo.com\\\/wp-content\\\/uploads\\\/2023\\\/02\\\/2023-02-09-Conferencia-de-prensa-matutina-Palacio-Nacional-Foto-03.jpg\",\"contentUrl\":\"https:\\\/\\\/redamlo.com\\\/wp-content\\\/uploads\\\/2023\\\/02\\\/2023-02-09-Conferencia-de-prensa-matutina-Palacio-Nacional-Foto-03.jpg\",\"width\":1522,\"height\":1000},{\"@type\":\"BreadcrumbList\",\"@id\":\"https:\\\/\\\/redamlo.com\\\/index.php\\\/2023\\\/02\\\/09\\\/santa-lucia-sera-centro-de-acopio-para-enviar-viveres-a-turquia-y-siria\\\/#breadcrumb\",\"itemListElement\":[{\"@type\":\"ListItem\",\"position\":1,\"name\":\"Inicio\",\"item\":\"https:\\\/\\\/redamlo.com\\\/\"},{\"@type\":\"ListItem\",\"position\":2,\"name\":\"SANTA LUC\u00cdA SER\u00c1 CENTRO DE ACOPIO PARA ENVIAR V\u00cdVERES A TURQU\u00cdA Y SIRIA\"}]},{\"@type\":\"WebSite\",\"@id\":\"https:\\\/\\\/redamlo.com\\\/#website\",\"url\":\"https:\\\/\\\/redamlo.com\\\/\",\"name\":\"NOTICIAS DE LA 4T\",\"description\":\"\",\"publisher\":{\"@id\":\"https:\\\/\\\/redamlo.com\\\/#organization\"},\"potentialAction\":[{\"@type\":\"SearchAction\",\"target\":{\"@type\":\"EntryPoint\",\"urlTemplate\":\"https:\\\/\\\/redamlo.com\\\/?s={search_term_string}\"},\"query-input\":{\"@type\":\"PropertyValueSpecification\",\"valueRequired\":true,\"valueName\":\"search_term_string\"}}],\"inLanguage\":\"es\"},{\"@type\":\"Organization\",\"@id\":\"https:\\\/\\\/redamlo.com\\\/#organization\",\"name\":\"NOTICIAS DE LA 4T\",\"url\":\"https:\\\/\\\/redamlo.com\\\/\",\"logo\":{\"@type\":\"ImageObject\",\"inLanguage\":\"es\",\"@id\":\"https:\\\/\\\/redamlo.com\\\/#\\\/schema\\\/logo\\\/image\\\/\",\"url\":\"https:\\\/\\\/redamlo.com\\\/wp-content\\\/uploads\\\/2024\\\/08\\\/cropped-RED-AMLO-logo-50.png\",\"contentUrl\":\"https:\\\/\\\/redamlo.com\\\/wp-content\\\/uploads\\\/2024\\\/08\\\/cropped-RED-AMLO-logo-50.png\",\"width\":256,\"height\":256,\"caption\":\"NOTICIAS DE LA 4T\"},\"image\":{\"@id\":\"https:\\\/\\\/redamlo.com\\\/#\\\/schema\\\/logo\\\/image\\\/\"}},{\"@type\":\"Person\",\"@id\":\"https:\\\/\\\/redamlo.com\\\/#\\\/schema\\\/person\\\/7223a4375eb8f1a782fcae010a7115cf\",\"name\":\"Blanca\",\"image\":{\"@type\":\"ImageObject\",\"inLanguage\":\"es\",\"@id\":\"https:\\\/\\\/secure.gravatar.com\\\/avatar\\\/3f79bc8336367a4e6093eae8757acaaf61d1124834b905616de7829b0273426d?s=96&d=mm&r=g\",\"url\":\"https:\\\/\\\/secure.gravatar.com\\\/avatar\\\/3f79bc8336367a4e6093eae8757acaaf61d1124834b905616de7829b0273426d?s=96&d=mm&r=g\",\"contentUrl\":\"https:\\\/\\\/secure.gravatar.com\\\/avatar\\\/3f79bc8336367a4e6093eae8757acaaf61d1124834b905616de7829b0273426d?s=96&d=mm&r=g\",\"caption\":\"Blanca\"},\"url\":\"https:\\\/\\\/redamlo.com\\\/index.php\\\/author\\\/blanca\\\/\"}]}<\/script>\n<!-- \/ Yoast SEO plugin. -->","yoast_head_json":{"title":"SANTA LUC\u00cdA SER\u00c1 CENTRO DE ACOPIO PARA ENVIAR V\u00cdVERES A TURQU\u00cdA Y SIRIA - NOTICIAS DE LA 4T","robots":{"index":"noindex","follow":"follow","max-snippet":"max-snippet:-1","max-image-preview":"max-image-preview:large","max-video-preview":"max-video-preview:-1"},"og_locale":"es_MX","og_type":"article","og_title":"SANTA LUC\u00cdA SER\u00c1 CENTRO DE ACOPIO PARA ENVIAR V\u00cdVERES A TURQU\u00cdA Y SIRIA - NOTICIAS DE LA 4T","og_description":"El secretario de la Defensa Nacional, Luis Cresencio Sandoval Gonz\u00e1lez, anunci\u00f3 que el gobierno federal...","og_url":"https:\/\/redamlo.com\/index.php\/2023\/02\/09\/santa-lucia-sera-centro-de-acopio-para-enviar-viveres-a-turquia-y-siria\/","og_site_name":"NOTICIAS DE LA 4T","article_published_time":"2023-02-09T22:45:33+00:00","og_image":[{"width":1522,"height":1000,"url":"https:\/\/redamlo.com\/wp-content\/uploads\/2023\/02\/2023-02-09-Conferencia-de-prensa-matutina-Palacio-Nacional-Foto-03.jpg","type":"image\/jpeg"}],"author":"Blanca","twitter_card":"summary_large_image","twitter_misc":{"Escrito por":"Blanca","Tiempo de lectura":"3 minutos"},"schema":{"@context":"https:\/\/schema.org","@graph":[{"@type":"Article","@id":"https:\/\/redamlo.com\/index.php\/2023\/02\/09\/santa-lucia-sera-centro-de-acopio-para-enviar-viveres-a-turquia-y-siria\/#article","isPartOf":{"@id":"https:\/\/redamlo.com\/index.php\/2023\/02\/09\/santa-lucia-sera-centro-de-acopio-para-enviar-viveres-a-turquia-y-siria\/"},"author":{"name":"Blanca","@id":"https:\/\/redamlo.com\/#\/schema\/person\/7223a4375eb8f1a782fcae010a7115cf"},"headline":"SANTA LUC\u00cdA SER\u00c1 CENTRO DE ACOPIO PARA ENVIAR V\u00cdVERES A TURQU\u00cdA Y SIRIA","datePublished":"2023-02-09T22:45:33+00:00","mainEntityOfPage":{"@id":"https:\/\/redamlo.com\/index.php\/2023\/02\/09\/santa-lucia-sera-centro-de-acopio-para-enviar-viveres-a-turquia-y-siria\/"},"wordCount":595,"commentCount":0,"publisher":{"@id":"https:\/\/redamlo.com\/#organization"},"image":{"@id":"https:\/\/redamlo.com\/index.php\/2023\/02\/09\/santa-lucia-sera-centro-de-acopio-para-enviar-viveres-a-turquia-y-siria\/#primaryimage"},"thumbnailUrl":"https:\/\/redamlo.com\/wp-content\/uploads\/2023\/02\/2023-02-09-Conferencia-de-prensa-matutina-Palacio-Nacional-Foto-03.jpg","keywords":["ayuda a turqia y siria","centro de acopio","santa lucia"],"articleSection":["Presidencia"],"inLanguage":"es","potentialAction":[{"@type":"CommentAction","name":"Comment","target":["https:\/\/redamlo.com\/index.php\/2023\/02\/09\/santa-lucia-sera-centro-de-acopio-para-enviar-viveres-a-turquia-y-siria\/#respond"]}]},{"@type":"WebPage","@id":"https:\/\/redamlo.com\/index.php\/2023\/02\/09\/santa-lucia-sera-centro-de-acopio-para-enviar-viveres-a-turquia-y-siria\/","url":"https:\/\/redamlo.com\/index.php\/2023\/02\/09\/santa-lucia-sera-centro-de-acopio-para-enviar-viveres-a-turquia-y-siria\/","name":"SANTA LUC\u00cdA SER\u00c1 CENTRO DE ACOPIO PARA ENVIAR V\u00cdVERES A TURQU\u00cdA Y SIRIA - NOTICIAS DE LA 4T","isPartOf":{"@id":"https:\/\/redamlo.com\/#website"},"primaryImageOfPage":{"@id":"https:\/\/redamlo.com\/index.php\/2023\/02\/09\/santa-lucia-sera-centro-de-acopio-para-enviar-viveres-a-turquia-y-siria\/#primaryimage"},"image":{"@id":"https:\/\/redamlo.com\/index.php\/2023\/02\/09\/santa-lucia-sera-centro-de-acopio-para-enviar-viveres-a-turquia-y-siria\/#primaryimage"},"thumbnailUrl":"https:\/\/redamlo.com\/wp-content\/uploads\/2023\/02\/2023-02-09-Conferencia-de-prensa-matutina-Palacio-Nacional-Foto-03.jpg","datePublished":"2023-02-09T22:45:33+00:00","breadcrumb":{"@id":"https:\/\/redamlo.com\/index.php\/2023\/02\/09\/santa-lucia-sera-centro-de-acopio-para-enviar-viveres-a-turquia-y-siria\/#breadcrumb"},"inLanguage":"es","potentialAction":[{"@type":"ReadAction","target":["https:\/\/redamlo.com\/index.php\/2023\/02\/09\/santa-lucia-sera-centro-de-acopio-para-enviar-viveres-a-turquia-y-siria\/"]}]},{"@type":"ImageObject","inLanguage":"es","@id":"https:\/\/redamlo.com\/index.php\/2023\/02\/09\/santa-lucia-sera-centro-de-acopio-para-enviar-viveres-a-turquia-y-siria\/#primaryimage","url":"https:\/\/redamlo.com\/wp-content\/uploads\/2023\/02\/2023-02-09-Conferencia-de-prensa-matutina-Palacio-Nacional-Foto-03.jpg","contentUrl":"https:\/\/redamlo.com\/wp-content\/uploads\/2023\/02\/2023-02-09-Conferencia-de-prensa-matutina-Palacio-Nacional-Foto-03.jpg","width":1522,"height":1000},{"@type":"BreadcrumbList","@id":"https:\/\/redamlo.com\/index.php\/2023\/02\/09\/santa-lucia-sera-centro-de-acopio-para-enviar-viveres-a-turquia-y-siria\/#breadcrumb","itemListElement":[{"@type":"ListItem","position":1,"name":"Inicio","item":"https:\/\/redamlo.com\/"},{"@type":"ListItem","position":2,"name":"SANTA LUC\u00cdA SER\u00c1 CENTRO DE ACOPIO PARA ENVIAR V\u00cdVERES A TURQU\u00cdA Y SIRIA"}]},{"@type":"WebSite","@id":"https:\/\/redamlo.com\/#website","url":"https:\/\/redamlo.com\/","name":"NOTICIAS DE LA 4T","description":"","publisher":{"@id":"https:\/\/redamlo.com\/#organization"},"potentialAction":[{"@type":"SearchAction","target":{"@type":"EntryPoint","urlTemplate":"https:\/\/redamlo.com\/?s={search_term_string}"},"query-input":{"@type":"PropertyValueSpecification","valueRequired":true,"valueName":"search_term_string"}}],"inLanguage":"es"},{"@type":"Organization","@id":"https:\/\/redamlo.com\/#organization","name":"NOTICIAS DE LA 4T","url":"https:\/\/redamlo.com\/","logo":{"@type":"ImageObject","inLanguage":"es","@id":"https:\/\/redamlo.com\/#\/schema\/logo\/image\/","url":"https:\/\/redamlo.com\/wp-content\/uploads\/2024\/08\/cropped-RED-AMLO-logo-50.png","contentUrl":"https:\/\/redamlo.com\/wp-content\/uploads\/2024\/08\/cropped-RED-AMLO-logo-50.png","width":256,"height":256,"caption":"NOTICIAS DE LA 4T"},"image":{"@id":"https:\/\/redamlo.com\/#\/schema\/logo\/image\/"}},{"@type":"Person","@id":"https:\/\/redamlo.com\/#\/schema\/person\/7223a4375eb8f1a782fcae010a7115cf","name":"Blanca","image":{"@type":"ImageObject","inLanguage":"es","@id":"https:\/\/secure.gravatar.com\/avatar\/3f79bc8336367a4e6093eae8757acaaf61d1124834b905616de7829b0273426d?s=96&d=mm&r=g","url":"https:\/\/secure.gravatar.com\/avatar\/3f79bc8336367a4e6093eae8757acaaf61d1124834b905616de7829b0273426d?s=96&d=mm&r=g","contentUrl":"https:\/\/secure.gravatar.com\/avatar\/3f79bc8336367a4e6093eae8757acaaf61d1124834b905616de7829b0273426d?s=96&d=mm&r=g","caption":"Blanca"},"url":"https:\/\/redamlo.com\/index.php\/author\/blanca\/"}]}},"_links":{"self":[{"href":"https:\/\/redamlo.com\/index.php\/wp-json\/wp\/v2\/posts\/6648","targetHints":{"allow":["GET"]}}],"collection":[{"href":"https:\/\/redamlo.com\/index.php\/wp-json\/wp\/v2\/posts"}],"about":[{"href":"https:\/\/redamlo.com\/index.php\/wp-json\/wp\/v2\/types\/post"}],"author":[{"embeddable":true,"href":"https:\/\/redamlo.com\/index.php\/wp-json\/wp\/v2\/users\/2"}],"replies":[{"embeddable":true,"href":"https:\/\/redamlo.com\/index.php\/wp-json\/wp\/v2\/comments?post=6648"}],"version-history":[{"count":0,"href":"https:\/\/redamlo.com\/index.php\/wp-json\/wp\/v2\/posts\/6648\/revisions"}],"wp:featuredmedia":[{"embeddable":true,"href":"https:\/\/redamlo.com\/index.php\/wp-json\/wp\/v2\/media\/6649"}],"wp:attachment":[{"href":"https:\/\/redamlo.com\/index.php\/wp-json\/wp\/v2\/media?parent=6648"}],"wp:term":[{"taxonomy":"category","embeddable":true,"href":"https:\/\/redamlo.com\/index.php\/wp-json\/wp\/v2\/categories?post=6648"},{"taxonomy":"post_tag","embeddable":true,"href":"https:\/\/redamlo.com\/index.php\/wp-json\/wp\/v2\/tags?post=6648"}],"curies":[{"name":"wp","href":"https:\/\/api.w.org\/{rel}","templated":true}]}}