{"id":6640,"date":"2023-01-13T14:35:36","date_gmt":"2023-01-13T20:35:36","guid":{"rendered":"https:\/\/redamlo.com\/?p=6640"},"modified":"2023-01-13T14:35:36","modified_gmt":"2023-01-13T20:35:36","slug":"mexico-y-canada-refuerzan-relacion-establecen-compromisos-en-economia-energia-y-bienestar-de-pueblos-indigenas","status":"publish","type":"post","link":"https:\/\/redamlo.com\/index.php\/2023\/01\/13\/mexico-y-canada-refuerzan-relacion-establecen-compromisos-en-economia-energia-y-bienestar-de-pueblos-indigenas\/","title":{"rendered":"M\u00c9XICO Y CANAD\u00c1 REFUERZAN RELACI\u00d3N; ESTABLECEN COMPROMISOS EN ECONOM\u00cdA, ENERG\u00cdA Y BIENESTAR DE PUEBLOS IND\u00cdGENAS"},"content":{"rendered":"<p>El presidente Andr\u00e9s Manuel L\u00f3pez Obrador afirm\u00f3 que M\u00e9xico y Canad\u00e1 estrecharon la relaci\u00f3n a trav\u00e9s del di\u00e1logo y el trabajo conjunto en la visita del primer ministro Justin Trudeau.<\/p>\n<blockquote><p>\u201cSomos vecinos, amigos, y estamos trabajando juntos. Y siempre ser\u00e1n ustedes bienvenidas y bienvenidos a M\u00e9xico. Y el primer ministro, lo mismo, es nuestro amigo\u201d, enfatiz\u00f3 en un mensaje a medios de comunicaci\u00f3n en Palacio Nacional.<\/p><\/blockquote>\n<p>Tras la reuni\u00f3n bilateral con el gobierno canadiense dio a conocer que se trataron temas de econom\u00eda y energ\u00eda.<\/p>\n<p>Resalt\u00f3 que est\u00e1 creciendo como nunca la inversi\u00f3n canadiense en M\u00e9xico; por ejemplo, est\u00e1 en construcci\u00f3n un gasoducto en el Golfo de M\u00e9xico.<\/p>\n<p><iframe loading=\"lazy\" title=\"Reuni\u00f3n bilateral M\u00e9xico-Canad\u00e1, desde Palacio Nacional\" width=\"640\" height=\"360\" src=\"https:\/\/www.youtube.com\/embed\/KczwO2_J3fE?feature=oembed\" frameborder=\"0\" allow=\"accelerometer; autoplay; clipboard-write; encrypted-media; gyroscope; picture-in-picture; web-share\" referrerpolicy=\"strict-origin-when-cross-origin\" allowfullscreen><\/iframe><\/p>\n<blockquote><p>\u201cEs una inversi\u00f3n cuantiosa y es muy importante porque va a significar abastecer de gas al sureste\u201d, asegur\u00f3.<\/p><\/blockquote>\n<p>El presidente L\u00f3pez Obrador, el primer ministro Trudeau y sus comitivas tambi\u00e9n abordaron la operaci\u00f3n de mineras de Canad\u00e1 y de empresas en el sector el\u00e9ctrico.<\/p>\n<p>Al respecto, el jefe del Ejecutivo sostuvo que \u201cestamos buscando tambi\u00e9n resolver problemas, diferencias, que l\u00f3gicamente se presentan cuando se trata de estas relaciones econ\u00f3micas, comerciales, y adem\u00e1s en \u00e9pocas de auge\u201d, como la actual.<\/p>\n<p>Reafirm\u00f3 el compromiso con el primer ministro Trudeau de encontrarse con representantes de empresas que tienen asuntos pendientes con el Gobierno de M\u00e9xico y afirm\u00f3 que \u201csiempre estamos abiertos al di\u00e1logo\u201d.<\/p>\n<p>Expuso que la migraci\u00f3n y el reconocimiento a los pueblos originarios fueron temas prioritarios en la agenda.<\/p>\n<p>Por tal motivo, los mandatarios de M\u00e9xico y Canad\u00e1 fungieron como testigos de honor de la firma del memor\u00e1ndum de entendimiento entre el Instituto Nacional de los Pueblos Ind\u00edgenas (INPI) y el Crown-Indigenous Relations and Northern Affairs Canada (CIRNAC). Signaron el documento el secretario de Relaciones Exteriores, Marcelo Ebrard Casaubon y la ministra de Relaciones Exteriores, M\u00e9lanie Joly.<\/p>\n<blockquote><p>\u201cMuch\u00edsimas gracias, se\u00f1or presidente, por su muy c\u00e1lida bienvenida. (\u2026) Somos, ambos pa\u00edses, progresistas, que respetan la oportunidad, la justicia, la igualdad para todos, empleos para la clase media y quienes se esfuerzan por unirse; protecci\u00f3n del medio ambiente y apoyo para los pueblos ind\u00edgenas en el centro de nuestra visi\u00f3n para cada uno de nuestros pa\u00edses, y eso lo coloca en el centro de nuestra visi\u00f3n para una Am\u00e9rica del Norte m\u00e1s pr\u00f3spera tambi\u00e9n\u201d, expres\u00f3 el primer ministro de Canad\u00e1.<\/p><\/blockquote>\n<p>Resalt\u00f3 que en los \u00faltimos a\u00f1os los lazos econ\u00f3micos y empresariales se han consolidado, lo que buscar\u00e1 incrementarse en virtud de la amistad y la alianza que mantienen ambas naciones.<\/p>\n<blockquote><p>\u201cFue un enorme placer poder hablar de todos estos problemas con usted y de poder trabajar mano a mano sobre los temas econ\u00f3micos, ambientales, internacionales, democr\u00e1ticos, a nivel de las mujeres, pueblos ind\u00edgenas. Todav\u00eda queda mucho por hacer, pero cuando lo hacemos entre amigos el trabajo se hace bien y es lo que estamos viviendo ahora\u201d, asever\u00f3.<\/p><\/blockquote>\n<p><iframe loading=\"lazy\" title=\"Resultados de la reuni\u00f3n bilateral M\u00e9xico-Canad\u00e1\" width=\"640\" height=\"360\" src=\"https:\/\/www.youtube.com\/embed\/m7r-mpFTGZY?feature=oembed\" frameborder=\"0\" allow=\"accelerometer; autoplay; clipboard-write; encrypted-media; gyroscope; picture-in-picture; web-share\" referrerpolicy=\"strict-origin-when-cross-origin\" allowfullscreen><\/iframe><\/p>\n<p>Por parte del Gobierno de M\u00e9xico acompa\u00f1aron al presidente L\u00f3pez Obrador, las secretarias de Seguridad y Protecci\u00f3n Ciudadana, Rosa Icela Rodr\u00edguez Vel\u00e1zquez; de Medio Ambiente y Recursos Naturales, Mar\u00eda Luisa Albores Gonz\u00e1lez; de Econom\u00eda, Raquel Buenrostro S\u00e1nchez; los secretarios de Gobernaci\u00f3n, Ad\u00e1n Augusto L\u00f3pez Hern\u00e1ndez; de Relaciones Exteriores, Marcelo Ebrard Casaubon; de la Defensa Nacional, Luis Cresencio Sandoval Gonz\u00e1lez; de Marina, Jos\u00e9 Rafael Ojeda Dur\u00e1n; de Hacienda y Cr\u00e9dito P\u00fablico, Rogelio Ram\u00edrez de la O; el comisionado del Instituto Nacional de Migraci\u00f3n, Francisco Gardu\u00f1o Y\u00e1\u00f1ez; el embajador de M\u00e9xico en Canad\u00e1, Carlos Joaqu\u00edn Gonz\u00e1lez; el jefe de Unidad para Am\u00e9rica del Norte de la Secretar\u00eda de Relaciones Exteriores, Roberto Velasco \u00c1lvarez; la directora ejecutiva de la Agencia Mexicana de Cooperaci\u00f3n Internacional para el Desarrollo (Amexcid), Laura Elena Carrillo Cubillas y el consejero honorario de la Presidencia de la Rep\u00fablica, Alfonso Romo Garza.<\/p>\n<p>La comitiva canadiense est\u00e1 conformada por las ministras de Asuntos Exteriores, M\u00e9lanie Joly; de Peque\u00f1as Empresas, Promoci\u00f3n de Exportaciones y Comercio Internacional, Mary Ng; el ministro de Seguridad P\u00fablica, Marco E. L. Mendicino; el secretario parlamentario de la ministra de Asuntos Exteriores, Maninder Sidhu; el embajador de Canad\u00e1 en M\u00e9xico, Graeme C. Clark; la jefa de Gabinete de Oficina del primer ministro, Katie Telford; la asesora de Seguridad Nacional e Inteligencia del primer ministro, Jody Thomas; el asesor interino de Pol\u00edtica Exterior del primer ministro y viceministro, Jordan Zed; el viceministro de Asuntos Exteriores, David Morrison; el asesor senior del primer ministro, Patrick Travers; la directora de Gesti\u00f3n de Asuntos y Asuntos Parlamentarios de la Oficina del primer ministro, Samantha Khalil y la jefa de Misi\u00f3n Adjunta y ministra consejera de la Embajada de Canad\u00e1 en M\u00e9xico, Shauna Hemingway.<\/p>\n","protected":false},"excerpt":{"rendered":"<p>El presidente Andr\u00e9s Manuel L\u00f3pez Obrador afirm\u00f3 que M\u00e9xico y Canad\u00e1 estrecharon la relaci\u00f3n a&#8230;<\/p>\n","protected":false},"author":2,"featured_media":6637,"comment_status":"open","ping_status":"closed","sticky":false,"template":"","format":"standard","meta":{"footnotes":""},"categories":[20],"tags":[],"class_list":["post-6640","post","type-post","status-publish","format-standard","has-post-thumbnail","hentry","category-nacionales"],"yoast_head":"<!-- This site is optimized with the Yoast SEO plugin v27.5 - https:\/\/yoast.com\/product\/yoast-seo-wordpress\/ -->\n<title>M\u00c9XICO Y CANAD\u00c1 REFUERZAN RELACI\u00d3N; ESTABLECEN COMPROMISOS EN ECONOM\u00cdA, ENERG\u00cdA Y BIENESTAR DE PUEBLOS IND\u00cdGENAS - NOTICIAS DE LA 4T<\/title>\n<meta name=\"robots\" content=\"noindex, follow, max-snippet:-1, max-image-preview:large, max-video-preview:-1\" \/>\n<meta property=\"og:locale\" content=\"es_MX\" \/>\n<meta property=\"og:type\" content=\"article\" \/>\n<meta property=\"og:title\" content=\"M\u00c9XICO Y CANAD\u00c1 REFUERZAN RELACI\u00d3N; ESTABLECEN COMPROMISOS EN ECONOM\u00cdA, ENERG\u00cdA Y BIENESTAR DE PUEBLOS IND\u00cdGENAS - NOTICIAS DE LA 4T\" \/>\n<meta property=\"og:description\" content=\"El presidente Andr\u00e9s Manuel L\u00f3pez Obrador afirm\u00f3 que M\u00e9xico y Canad\u00e1 estrecharon la relaci\u00f3n a...\" \/>\n<meta property=\"og:url\" content=\"https:\/\/redamlo.com\/index.php\/2023\/01\/13\/mexico-y-canada-refuerzan-relacion-establecen-compromisos-en-economia-energia-y-bienestar-de-pueblos-indigenas\/\" \/>\n<meta property=\"og:site_name\" content=\"NOTICIAS DE LA 4T\" \/>\n<meta property=\"article:published_time\" content=\"2023-01-13T20:35:36+00:00\" \/>\n<meta property=\"og:image\" content=\"https:\/\/redamlo.com\/wp-content\/uploads\/2023\/01\/2023-01-11-Presidente-AMLO-firma-memorandum-de-entendimiento-presidente-Trudeau-Foto-02-1.jpg\" \/>\n\t<meta property=\"og:image:width\" content=\"789\" \/>\n\t<meta property=\"og:image:height\" content=\"500\" \/>\n\t<meta property=\"og:image:type\" content=\"image\/jpeg\" \/>\n<meta name=\"author\" content=\"Blanca\" \/>\n<meta name=\"twitter:card\" content=\"summary_large_image\" \/>\n<meta name=\"twitter:label1\" content=\"Escrito por\" \/>\n\t<meta name=\"twitter:data1\" content=\"Blanca\" \/>\n\t<meta name=\"twitter:label2\" content=\"Tiempo de lectura\" \/>\n\t<meta name=\"twitter:data2\" content=\"4 minutos\" \/>\n<script type=\"application\/ld+json\" class=\"yoast-schema-graph\">{\"@context\":\"https:\\\/\\\/schema.org\",\"@graph\":[{\"@type\":\"Article\",\"@id\":\"https:\\\/\\\/redamlo.com\\\/index.php\\\/2023\\\/01\\\/13\\\/mexico-y-canada-refuerzan-relacion-establecen-compromisos-en-economia-energia-y-bienestar-de-pueblos-indigenas\\\/#article\",\"isPartOf\":{\"@id\":\"https:\\\/\\\/redamlo.com\\\/index.php\\\/2023\\\/01\\\/13\\\/mexico-y-canada-refuerzan-relacion-establecen-compromisos-en-economia-energia-y-bienestar-de-pueblos-indigenas\\\/\"},\"author\":{\"name\":\"Blanca\",\"@id\":\"https:\\\/\\\/redamlo.com\\\/#\\\/schema\\\/person\\\/7223a4375eb8f1a782fcae010a7115cf\"},\"headline\":\"M\u00c9XICO Y CANAD\u00c1 REFUERZAN RELACI\u00d3N; ESTABLECEN COMPROMISOS EN ECONOM\u00cdA, ENERG\u00cdA Y BIENESTAR DE PUEBLOS IND\u00cdGENAS\",\"datePublished\":\"2023-01-13T20:35:36+00:00\",\"mainEntityOfPage\":{\"@id\":\"https:\\\/\\\/redamlo.com\\\/index.php\\\/2023\\\/01\\\/13\\\/mexico-y-canada-refuerzan-relacion-establecen-compromisos-en-economia-energia-y-bienestar-de-pueblos-indigenas\\\/\"},\"wordCount\":867,\"commentCount\":0,\"publisher\":{\"@id\":\"https:\\\/\\\/redamlo.com\\\/#organization\"},\"image\":{\"@id\":\"https:\\\/\\\/redamlo.com\\\/index.php\\\/2023\\\/01\\\/13\\\/mexico-y-canada-refuerzan-relacion-establecen-compromisos-en-economia-energia-y-bienestar-de-pueblos-indigenas\\\/#primaryimage\"},\"thumbnailUrl\":\"https:\\\/\\\/redamlo.com\\\/wp-content\\\/uploads\\\/2023\\\/01\\\/2023-01-11-Presidente-AMLO-firma-memorandum-de-entendimiento-presidente-Trudeau-Foto-02-1.jpg\",\"articleSection\":[\"Nacionales\"],\"inLanguage\":\"es\",\"potentialAction\":[{\"@type\":\"CommentAction\",\"name\":\"Comment\",\"target\":[\"https:\\\/\\\/redamlo.com\\\/index.php\\\/2023\\\/01\\\/13\\\/mexico-y-canada-refuerzan-relacion-establecen-compromisos-en-economia-energia-y-bienestar-de-pueblos-indigenas\\\/#respond\"]}]},{\"@type\":\"WebPage\",\"@id\":\"https:\\\/\\\/redamlo.com\\\/index.php\\\/2023\\\/01\\\/13\\\/mexico-y-canada-refuerzan-relacion-establecen-compromisos-en-economia-energia-y-bienestar-de-pueblos-indigenas\\\/\",\"url\":\"https:\\\/\\\/redamlo.com\\\/index.php\\\/2023\\\/01\\\/13\\\/mexico-y-canada-refuerzan-relacion-establecen-compromisos-en-economia-energia-y-bienestar-de-pueblos-indigenas\\\/\",\"name\":\"M\u00c9XICO Y CANAD\u00c1 REFUERZAN RELACI\u00d3N; ESTABLECEN COMPROMISOS EN ECONOM\u00cdA, ENERG\u00cdA Y BIENESTAR DE PUEBLOS IND\u00cdGENAS - NOTICIAS DE LA 4T\",\"isPartOf\":{\"@id\":\"https:\\\/\\\/redamlo.com\\\/#website\"},\"primaryImageOfPage\":{\"@id\":\"https:\\\/\\\/redamlo.com\\\/index.php\\\/2023\\\/01\\\/13\\\/mexico-y-canada-refuerzan-relacion-establecen-compromisos-en-economia-energia-y-bienestar-de-pueblos-indigenas\\\/#primaryimage\"},\"image\":{\"@id\":\"https:\\\/\\\/redamlo.com\\\/index.php\\\/2023\\\/01\\\/13\\\/mexico-y-canada-refuerzan-relacion-establecen-compromisos-en-economia-energia-y-bienestar-de-pueblos-indigenas\\\/#primaryimage\"},\"thumbnailUrl\":\"https:\\\/\\\/redamlo.com\\\/wp-content\\\/uploads\\\/2023\\\/01\\\/2023-01-11-Presidente-AMLO-firma-memorandum-de-entendimiento-presidente-Trudeau-Foto-02-1.jpg\",\"datePublished\":\"2023-01-13T20:35:36+00:00\",\"breadcrumb\":{\"@id\":\"https:\\\/\\\/redamlo.com\\\/index.php\\\/2023\\\/01\\\/13\\\/mexico-y-canada-refuerzan-relacion-establecen-compromisos-en-economia-energia-y-bienestar-de-pueblos-indigenas\\\/#breadcrumb\"},\"inLanguage\":\"es\",\"potentialAction\":[{\"@type\":\"ReadAction\",\"target\":[\"https:\\\/\\\/redamlo.com\\\/index.php\\\/2023\\\/01\\\/13\\\/mexico-y-canada-refuerzan-relacion-establecen-compromisos-en-economia-energia-y-bienestar-de-pueblos-indigenas\\\/\"]}]},{\"@type\":\"ImageObject\",\"inLanguage\":\"es\",\"@id\":\"https:\\\/\\\/redamlo.com\\\/index.php\\\/2023\\\/01\\\/13\\\/mexico-y-canada-refuerzan-relacion-establecen-compromisos-en-economia-energia-y-bienestar-de-pueblos-indigenas\\\/#primaryimage\",\"url\":\"https:\\\/\\\/redamlo.com\\\/wp-content\\\/uploads\\\/2023\\\/01\\\/2023-01-11-Presidente-AMLO-firma-memorandum-de-entendimiento-presidente-Trudeau-Foto-02-1.jpg\",\"contentUrl\":\"https:\\\/\\\/redamlo.com\\\/wp-content\\\/uploads\\\/2023\\\/01\\\/2023-01-11-Presidente-AMLO-firma-memorandum-de-entendimiento-presidente-Trudeau-Foto-02-1.jpg\",\"width\":789,\"height\":500},{\"@type\":\"BreadcrumbList\",\"@id\":\"https:\\\/\\\/redamlo.com\\\/index.php\\\/2023\\\/01\\\/13\\\/mexico-y-canada-refuerzan-relacion-establecen-compromisos-en-economia-energia-y-bienestar-de-pueblos-indigenas\\\/#breadcrumb\",\"itemListElement\":[{\"@type\":\"ListItem\",\"position\":1,\"name\":\"Inicio\",\"item\":\"https:\\\/\\\/redamlo.com\\\/\"},{\"@type\":\"ListItem\",\"position\":2,\"name\":\"M\u00c9XICO Y CANAD\u00c1 REFUERZAN RELACI\u00d3N; ESTABLECEN COMPROMISOS EN ECONOM\u00cdA, ENERG\u00cdA Y BIENESTAR DE PUEBLOS IND\u00cdGENAS\"}]},{\"@type\":\"WebSite\",\"@id\":\"https:\\\/\\\/redamlo.com\\\/#website\",\"url\":\"https:\\\/\\\/redamlo.com\\\/\",\"name\":\"NOTICIAS DE LA 4T\",\"description\":\"\",\"publisher\":{\"@id\":\"https:\\\/\\\/redamlo.com\\\/#organization\"},\"potentialAction\":[{\"@type\":\"SearchAction\",\"target\":{\"@type\":\"EntryPoint\",\"urlTemplate\":\"https:\\\/\\\/redamlo.com\\\/?s={search_term_string}\"},\"query-input\":{\"@type\":\"PropertyValueSpecification\",\"valueRequired\":true,\"valueName\":\"search_term_string\"}}],\"inLanguage\":\"es\"},{\"@type\":\"Organization\",\"@id\":\"https:\\\/\\\/redamlo.com\\\/#organization\",\"name\":\"NOTICIAS DE LA 4T\",\"url\":\"https:\\\/\\\/redamlo.com\\\/\",\"logo\":{\"@type\":\"ImageObject\",\"inLanguage\":\"es\",\"@id\":\"https:\\\/\\\/redamlo.com\\\/#\\\/schema\\\/logo\\\/image\\\/\",\"url\":\"https:\\\/\\\/redamlo.com\\\/wp-content\\\/uploads\\\/2024\\\/08\\\/cropped-RED-AMLO-logo-50.png\",\"contentUrl\":\"https:\\\/\\\/redamlo.com\\\/wp-content\\\/uploads\\\/2024\\\/08\\\/cropped-RED-AMLO-logo-50.png\",\"width\":256,\"height\":256,\"caption\":\"NOTICIAS DE LA 4T\"},\"image\":{\"@id\":\"https:\\\/\\\/redamlo.com\\\/#\\\/schema\\\/logo\\\/image\\\/\"}},{\"@type\":\"Person\",\"@id\":\"https:\\\/\\\/redamlo.com\\\/#\\\/schema\\\/person\\\/7223a4375eb8f1a782fcae010a7115cf\",\"name\":\"Blanca\",\"image\":{\"@type\":\"ImageObject\",\"inLanguage\":\"es\",\"@id\":\"https:\\\/\\\/secure.gravatar.com\\\/avatar\\\/3f79bc8336367a4e6093eae8757acaaf61d1124834b905616de7829b0273426d?s=96&d=mm&r=g\",\"url\":\"https:\\\/\\\/secure.gravatar.com\\\/avatar\\\/3f79bc8336367a4e6093eae8757acaaf61d1124834b905616de7829b0273426d?s=96&d=mm&r=g\",\"contentUrl\":\"https:\\\/\\\/secure.gravatar.com\\\/avatar\\\/3f79bc8336367a4e6093eae8757acaaf61d1124834b905616de7829b0273426d?s=96&d=mm&r=g\",\"caption\":\"Blanca\"},\"url\":\"https:\\\/\\\/redamlo.com\\\/index.php\\\/author\\\/blanca\\\/\"}]}<\/script>\n<!-- \/ Yoast SEO plugin. -->","yoast_head_json":{"title":"M\u00c9XICO Y CANAD\u00c1 REFUERZAN RELACI\u00d3N; ESTABLECEN COMPROMISOS EN ECONOM\u00cdA, ENERG\u00cdA Y BIENESTAR DE PUEBLOS IND\u00cdGENAS - NOTICIAS DE LA 4T","robots":{"index":"noindex","follow":"follow","max-snippet":"max-snippet:-1","max-image-preview":"max-image-preview:large","max-video-preview":"max-video-preview:-1"},"og_locale":"es_MX","og_type":"article","og_title":"M\u00c9XICO Y CANAD\u00c1 REFUERZAN RELACI\u00d3N; ESTABLECEN COMPROMISOS EN ECONOM\u00cdA, ENERG\u00cdA Y BIENESTAR DE PUEBLOS IND\u00cdGENAS - NOTICIAS DE LA 4T","og_description":"El presidente Andr\u00e9s Manuel L\u00f3pez Obrador afirm\u00f3 que M\u00e9xico y Canad\u00e1 estrecharon la relaci\u00f3n a...","og_url":"https:\/\/redamlo.com\/index.php\/2023\/01\/13\/mexico-y-canada-refuerzan-relacion-establecen-compromisos-en-economia-energia-y-bienestar-de-pueblos-indigenas\/","og_site_name":"NOTICIAS DE LA 4T","article_published_time":"2023-01-13T20:35:36+00:00","og_image":[{"width":789,"height":500,"url":"https:\/\/redamlo.com\/wp-content\/uploads\/2023\/01\/2023-01-11-Presidente-AMLO-firma-memorandum-de-entendimiento-presidente-Trudeau-Foto-02-1.jpg","type":"image\/jpeg"}],"author":"Blanca","twitter_card":"summary_large_image","twitter_misc":{"Escrito por":"Blanca","Tiempo de lectura":"4 minutos"},"schema":{"@context":"https:\/\/schema.org","@graph":[{"@type":"Article","@id":"https:\/\/redamlo.com\/index.php\/2023\/01\/13\/mexico-y-canada-refuerzan-relacion-establecen-compromisos-en-economia-energia-y-bienestar-de-pueblos-indigenas\/#article","isPartOf":{"@id":"https:\/\/redamlo.com\/index.php\/2023\/01\/13\/mexico-y-canada-refuerzan-relacion-establecen-compromisos-en-economia-energia-y-bienestar-de-pueblos-indigenas\/"},"author":{"name":"Blanca","@id":"https:\/\/redamlo.com\/#\/schema\/person\/7223a4375eb8f1a782fcae010a7115cf"},"headline":"M\u00c9XICO Y CANAD\u00c1 REFUERZAN RELACI\u00d3N; ESTABLECEN COMPROMISOS EN ECONOM\u00cdA, ENERG\u00cdA Y BIENESTAR DE PUEBLOS IND\u00cdGENAS","datePublished":"2023-01-13T20:35:36+00:00","mainEntityOfPage":{"@id":"https:\/\/redamlo.com\/index.php\/2023\/01\/13\/mexico-y-canada-refuerzan-relacion-establecen-compromisos-en-economia-energia-y-bienestar-de-pueblos-indigenas\/"},"wordCount":867,"commentCount":0,"publisher":{"@id":"https:\/\/redamlo.com\/#organization"},"image":{"@id":"https:\/\/redamlo.com\/index.php\/2023\/01\/13\/mexico-y-canada-refuerzan-relacion-establecen-compromisos-en-economia-energia-y-bienestar-de-pueblos-indigenas\/#primaryimage"},"thumbnailUrl":"https:\/\/redamlo.com\/wp-content\/uploads\/2023\/01\/2023-01-11-Presidente-AMLO-firma-memorandum-de-entendimiento-presidente-Trudeau-Foto-02-1.jpg","articleSection":["Nacionales"],"inLanguage":"es","potentialAction":[{"@type":"CommentAction","name":"Comment","target":["https:\/\/redamlo.com\/index.php\/2023\/01\/13\/mexico-y-canada-refuerzan-relacion-establecen-compromisos-en-economia-energia-y-bienestar-de-pueblos-indigenas\/#respond"]}]},{"@type":"WebPage","@id":"https:\/\/redamlo.com\/index.php\/2023\/01\/13\/mexico-y-canada-refuerzan-relacion-establecen-compromisos-en-economia-energia-y-bienestar-de-pueblos-indigenas\/","url":"https:\/\/redamlo.com\/index.php\/2023\/01\/13\/mexico-y-canada-refuerzan-relacion-establecen-compromisos-en-economia-energia-y-bienestar-de-pueblos-indigenas\/","name":"M\u00c9XICO Y CANAD\u00c1 REFUERZAN RELACI\u00d3N; ESTABLECEN COMPROMISOS EN ECONOM\u00cdA, ENERG\u00cdA Y BIENESTAR DE PUEBLOS IND\u00cdGENAS - NOTICIAS DE LA 4T","isPartOf":{"@id":"https:\/\/redamlo.com\/#website"},"primaryImageOfPage":{"@id":"https:\/\/redamlo.com\/index.php\/2023\/01\/13\/mexico-y-canada-refuerzan-relacion-establecen-compromisos-en-economia-energia-y-bienestar-de-pueblos-indigenas\/#primaryimage"},"image":{"@id":"https:\/\/redamlo.com\/index.php\/2023\/01\/13\/mexico-y-canada-refuerzan-relacion-establecen-compromisos-en-economia-energia-y-bienestar-de-pueblos-indigenas\/#primaryimage"},"thumbnailUrl":"https:\/\/redamlo.com\/wp-content\/uploads\/2023\/01\/2023-01-11-Presidente-AMLO-firma-memorandum-de-entendimiento-presidente-Trudeau-Foto-02-1.jpg","datePublished":"2023-01-13T20:35:36+00:00","breadcrumb":{"@id":"https:\/\/redamlo.com\/index.php\/2023\/01\/13\/mexico-y-canada-refuerzan-relacion-establecen-compromisos-en-economia-energia-y-bienestar-de-pueblos-indigenas\/#breadcrumb"},"inLanguage":"es","potentialAction":[{"@type":"ReadAction","target":["https:\/\/redamlo.com\/index.php\/2023\/01\/13\/mexico-y-canada-refuerzan-relacion-establecen-compromisos-en-economia-energia-y-bienestar-de-pueblos-indigenas\/"]}]},{"@type":"ImageObject","inLanguage":"es","@id":"https:\/\/redamlo.com\/index.php\/2023\/01\/13\/mexico-y-canada-refuerzan-relacion-establecen-compromisos-en-economia-energia-y-bienestar-de-pueblos-indigenas\/#primaryimage","url":"https:\/\/redamlo.com\/wp-content\/uploads\/2023\/01\/2023-01-11-Presidente-AMLO-firma-memorandum-de-entendimiento-presidente-Trudeau-Foto-02-1.jpg","contentUrl":"https:\/\/redamlo.com\/wp-content\/uploads\/2023\/01\/2023-01-11-Presidente-AMLO-firma-memorandum-de-entendimiento-presidente-Trudeau-Foto-02-1.jpg","width":789,"height":500},{"@type":"BreadcrumbList","@id":"https:\/\/redamlo.com\/index.php\/2023\/01\/13\/mexico-y-canada-refuerzan-relacion-establecen-compromisos-en-economia-energia-y-bienestar-de-pueblos-indigenas\/#breadcrumb","itemListElement":[{"@type":"ListItem","position":1,"name":"Inicio","item":"https:\/\/redamlo.com\/"},{"@type":"ListItem","position":2,"name":"M\u00c9XICO Y CANAD\u00c1 REFUERZAN RELACI\u00d3N; ESTABLECEN COMPROMISOS EN ECONOM\u00cdA, ENERG\u00cdA Y BIENESTAR DE PUEBLOS IND\u00cdGENAS"}]},{"@type":"WebSite","@id":"https:\/\/redamlo.com\/#website","url":"https:\/\/redamlo.com\/","name":"NOTICIAS DE LA 4T","description":"","publisher":{"@id":"https:\/\/redamlo.com\/#organization"},"potentialAction":[{"@type":"SearchAction","target":{"@type":"EntryPoint","urlTemplate":"https:\/\/redamlo.com\/?s={search_term_string}"},"query-input":{"@type":"PropertyValueSpecification","valueRequired":true,"valueName":"search_term_string"}}],"inLanguage":"es"},{"@type":"Organization","@id":"https:\/\/redamlo.com\/#organization","name":"NOTICIAS DE LA 4T","url":"https:\/\/redamlo.com\/","logo":{"@type":"ImageObject","inLanguage":"es","@id":"https:\/\/redamlo.com\/#\/schema\/logo\/image\/","url":"https:\/\/redamlo.com\/wp-content\/uploads\/2024\/08\/cropped-RED-AMLO-logo-50.png","contentUrl":"https:\/\/redamlo.com\/wp-content\/uploads\/2024\/08\/cropped-RED-AMLO-logo-50.png","width":256,"height":256,"caption":"NOTICIAS DE LA 4T"},"image":{"@id":"https:\/\/redamlo.com\/#\/schema\/logo\/image\/"}},{"@type":"Person","@id":"https:\/\/redamlo.com\/#\/schema\/person\/7223a4375eb8f1a782fcae010a7115cf","name":"Blanca","image":{"@type":"ImageObject","inLanguage":"es","@id":"https:\/\/secure.gravatar.com\/avatar\/3f79bc8336367a4e6093eae8757acaaf61d1124834b905616de7829b0273426d?s=96&d=mm&r=g","url":"https:\/\/secure.gravatar.com\/avatar\/3f79bc8336367a4e6093eae8757acaaf61d1124834b905616de7829b0273426d?s=96&d=mm&r=g","contentUrl":"https:\/\/secure.gravatar.com\/avatar\/3f79bc8336367a4e6093eae8757acaaf61d1124834b905616de7829b0273426d?s=96&d=mm&r=g","caption":"Blanca"},"url":"https:\/\/redamlo.com\/index.php\/author\/blanca\/"}]}},"_links":{"self":[{"href":"https:\/\/redamlo.com\/index.php\/wp-json\/wp\/v2\/posts\/6640","targetHints":{"allow":["GET"]}}],"collection":[{"href":"https:\/\/redamlo.com\/index.php\/wp-json\/wp\/v2\/posts"}],"about":[{"href":"https:\/\/redamlo.com\/index.php\/wp-json\/wp\/v2\/types\/post"}],"author":[{"embeddable":true,"href":"https:\/\/redamlo.com\/index.php\/wp-json\/wp\/v2\/users\/2"}],"replies":[{"embeddable":true,"href":"https:\/\/redamlo.com\/index.php\/wp-json\/wp\/v2\/comments?post=6640"}],"version-history":[{"count":0,"href":"https:\/\/redamlo.com\/index.php\/wp-json\/wp\/v2\/posts\/6640\/revisions"}],"wp:featuredmedia":[{"embeddable":true,"href":"https:\/\/redamlo.com\/index.php\/wp-json\/wp\/v2\/media\/6637"}],"wp:attachment":[{"href":"https:\/\/redamlo.com\/index.php\/wp-json\/wp\/v2\/media?parent=6640"}],"wp:term":[{"taxonomy":"category","embeddable":true,"href":"https:\/\/redamlo.com\/index.php\/wp-json\/wp\/v2\/categories?post=6640"},{"taxonomy":"post_tag","embeddable":true,"href":"https:\/\/redamlo.com\/index.php\/wp-json\/wp\/v2\/tags?post=6640"}],"curies":[{"name":"wp","href":"https:\/\/api.w.org\/{rel}","templated":true}]}}