{"id":6599,"date":"2022-12-13T10:52:07","date_gmt":"2022-12-13T16:52:07","guid":{"rendered":"https:\/\/redamlo.com\/?p=6599"},"modified":"2022-12-13T10:52:07","modified_gmt":"2022-12-13T16:52:07","slug":"amlo-lamenta-fallecimiento-del-gobernador-de-puebla-miguel-barbosa","status":"publish","type":"post","link":"https:\/\/redamlo.com\/index.php\/2022\/12\/13\/amlo-lamenta-fallecimiento-del-gobernador-de-puebla-miguel-barbosa\/","title":{"rendered":"AMLO LAMENTA FALLECIMIENTO DEL GOBERNADOR DE PUEBLA, MIGUEL BARBOSA"},"content":{"rendered":"<p>El presidente Andr\u00e9s Manuel L\u00f3pez Obrador expres\u00f3 sus condolencias a familiares, amigos y habitantes de Puebla por el fallecimiento de Miguel Barbosa Huerta.<\/p>\n<p>Tras establecer conversaci\u00f3n con la esposa del gobernador, Mar\u00eda del Rosario Orozco Caballero, el jefe del Ejecutivo lament\u00f3 su partida y dio su p\u00e9same a trav\u00e9s de un mensaje en sus redes sociales.<\/p>\n<p>https:\/\/www.facebook.com\/lopezobrador.org.mx\/posts\/724278002398797<\/p>\n","protected":false},"excerpt":{"rendered":"<p>El presidente Andr\u00e9s Manuel L\u00f3pez Obrador expres\u00f3 sus condolencias a familiares, amigos y habitantes de&#8230;<\/p>\n","protected":false},"author":2,"featured_media":6602,"comment_status":"closed","ping_status":"closed","sticky":false,"template":"","format":"standard","meta":{"footnotes":""},"categories":[27],"tags":[84,2436,2437],"class_list":["post-6599","post","type-post","status-publish","format-standard","has-post-thumbnail","hentry","category-presidencia","tag-amlo","tag-fallece-miguel-barbosa","tag-gobernador-de-puebla"],"yoast_head":"<!-- This site is optimized with the Yoast SEO plugin v27.5 - https:\/\/yoast.com\/product\/yoast-seo-wordpress\/ -->\n<title>AMLO LAMENTA FALLECIMIENTO DEL GOBERNADOR DE PUEBLA, MIGUEL BARBOSA - NOTICIAS DE LA 4T<\/title>\n<meta name=\"robots\" content=\"noindex, follow, max-snippet:-1, max-image-preview:large, max-video-preview:-1\" \/>\n<meta property=\"og:locale\" content=\"es_MX\" \/>\n<meta property=\"og:type\" content=\"article\" \/>\n<meta property=\"og:title\" content=\"AMLO LAMENTA FALLECIMIENTO DEL GOBERNADOR DE PUEBLA, MIGUEL BARBOSA - NOTICIAS DE LA 4T\" \/>\n<meta property=\"og:description\" content=\"El presidente Andr\u00e9s Manuel L\u00f3pez Obrador expres\u00f3 sus condolencias a familiares, amigos y habitantes de...\" \/>\n<meta property=\"og:url\" content=\"https:\/\/redamlo.com\/index.php\/2022\/12\/13\/amlo-lamenta-fallecimiento-del-gobernador-de-puebla-miguel-barbosa\/\" \/>\n<meta property=\"og:site_name\" content=\"NOTICIAS DE LA 4T\" \/>\n<meta property=\"article:published_time\" content=\"2022-12-13T16:52:07+00:00\" \/>\n<meta property=\"og:image\" content=\"https:\/\/redamlo.com\/wp-content\/uploads\/2022\/12\/PRESIDENTE-AMLO-FALLECIMIENTO-MIGUEL-BARBOSA-13-DIC-2022.jpeg\" \/>\n\t<meta property=\"og:image:width\" content=\"1280\" \/>\n\t<meta property=\"og:image:height\" content=\"853\" \/>\n\t<meta property=\"og:image:type\" content=\"image\/jpeg\" \/>\n<meta name=\"author\" content=\"Blanca\" \/>\n<meta name=\"twitter:card\" content=\"summary_large_image\" \/>\n<meta name=\"twitter:label1\" content=\"Escrito por\" \/>\n\t<meta name=\"twitter:data1\" content=\"Blanca\" \/>\n<script type=\"application\/ld+json\" class=\"yoast-schema-graph\">{\"@context\":\"https:\\\/\\\/schema.org\",\"@graph\":[{\"@type\":\"Article\",\"@id\":\"https:\\\/\\\/redamlo.com\\\/index.php\\\/2022\\\/12\\\/13\\\/amlo-lamenta-fallecimiento-del-gobernador-de-puebla-miguel-barbosa\\\/#article\",\"isPartOf\":{\"@id\":\"https:\\\/\\\/redamlo.com\\\/index.php\\\/2022\\\/12\\\/13\\\/amlo-lamenta-fallecimiento-del-gobernador-de-puebla-miguel-barbosa\\\/\"},\"author\":{\"name\":\"Blanca\",\"@id\":\"https:\\\/\\\/redamlo.com\\\/#\\\/schema\\\/person\\\/7223a4375eb8f1a782fcae010a7115cf\"},\"headline\":\"AMLO LAMENTA FALLECIMIENTO DEL GOBERNADOR DE PUEBLA, MIGUEL BARBOSA\",\"datePublished\":\"2022-12-13T16:52:07+00:00\",\"mainEntityOfPage\":{\"@id\":\"https:\\\/\\\/redamlo.com\\\/index.php\\\/2022\\\/12\\\/13\\\/amlo-lamenta-fallecimiento-del-gobernador-de-puebla-miguel-barbosa\\\/\"},\"wordCount\":79,\"publisher\":{\"@id\":\"https:\\\/\\\/redamlo.com\\\/#organization\"},\"image\":{\"@id\":\"https:\\\/\\\/redamlo.com\\\/index.php\\\/2022\\\/12\\\/13\\\/amlo-lamenta-fallecimiento-del-gobernador-de-puebla-miguel-barbosa\\\/#primaryimage\"},\"thumbnailUrl\":\"https:\\\/\\\/redamlo.com\\\/wp-content\\\/uploads\\\/2022\\\/12\\\/PRESIDENTE-AMLO-FALLECIMIENTO-MIGUEL-BARBOSA-13-DIC-2022.jpeg\",\"keywords\":[\"AMLO\",\"fallece miguel Barbosa\",\"gobernador de puebla\"],\"articleSection\":[\"Presidencia\"],\"inLanguage\":\"es\"},{\"@type\":\"WebPage\",\"@id\":\"https:\\\/\\\/redamlo.com\\\/index.php\\\/2022\\\/12\\\/13\\\/amlo-lamenta-fallecimiento-del-gobernador-de-puebla-miguel-barbosa\\\/\",\"url\":\"https:\\\/\\\/redamlo.com\\\/index.php\\\/2022\\\/12\\\/13\\\/amlo-lamenta-fallecimiento-del-gobernador-de-puebla-miguel-barbosa\\\/\",\"name\":\"AMLO LAMENTA FALLECIMIENTO DEL GOBERNADOR DE PUEBLA, MIGUEL BARBOSA - NOTICIAS DE LA 4T\",\"isPartOf\":{\"@id\":\"https:\\\/\\\/redamlo.com\\\/#website\"},\"primaryImageOfPage\":{\"@id\":\"https:\\\/\\\/redamlo.com\\\/index.php\\\/2022\\\/12\\\/13\\\/amlo-lamenta-fallecimiento-del-gobernador-de-puebla-miguel-barbosa\\\/#primaryimage\"},\"image\":{\"@id\":\"https:\\\/\\\/redamlo.com\\\/index.php\\\/2022\\\/12\\\/13\\\/amlo-lamenta-fallecimiento-del-gobernador-de-puebla-miguel-barbosa\\\/#primaryimage\"},\"thumbnailUrl\":\"https:\\\/\\\/redamlo.com\\\/wp-content\\\/uploads\\\/2022\\\/12\\\/PRESIDENTE-AMLO-FALLECIMIENTO-MIGUEL-BARBOSA-13-DIC-2022.jpeg\",\"datePublished\":\"2022-12-13T16:52:07+00:00\",\"breadcrumb\":{\"@id\":\"https:\\\/\\\/redamlo.com\\\/index.php\\\/2022\\\/12\\\/13\\\/amlo-lamenta-fallecimiento-del-gobernador-de-puebla-miguel-barbosa\\\/#breadcrumb\"},\"inLanguage\":\"es\",\"potentialAction\":[{\"@type\":\"ReadAction\",\"target\":[\"https:\\\/\\\/redamlo.com\\\/index.php\\\/2022\\\/12\\\/13\\\/amlo-lamenta-fallecimiento-del-gobernador-de-puebla-miguel-barbosa\\\/\"]}]},{\"@type\":\"ImageObject\",\"inLanguage\":\"es\",\"@id\":\"https:\\\/\\\/redamlo.com\\\/index.php\\\/2022\\\/12\\\/13\\\/amlo-lamenta-fallecimiento-del-gobernador-de-puebla-miguel-barbosa\\\/#primaryimage\",\"url\":\"https:\\\/\\\/redamlo.com\\\/wp-content\\\/uploads\\\/2022\\\/12\\\/PRESIDENTE-AMLO-FALLECIMIENTO-MIGUEL-BARBOSA-13-DIC-2022.jpeg\",\"contentUrl\":\"https:\\\/\\\/redamlo.com\\\/wp-content\\\/uploads\\\/2022\\\/12\\\/PRESIDENTE-AMLO-FALLECIMIENTO-MIGUEL-BARBOSA-13-DIC-2022.jpeg\",\"width\":1280,\"height\":853},{\"@type\":\"BreadcrumbList\",\"@id\":\"https:\\\/\\\/redamlo.com\\\/index.php\\\/2022\\\/12\\\/13\\\/amlo-lamenta-fallecimiento-del-gobernador-de-puebla-miguel-barbosa\\\/#breadcrumb\",\"itemListElement\":[{\"@type\":\"ListItem\",\"position\":1,\"name\":\"Inicio\",\"item\":\"https:\\\/\\\/redamlo.com\\\/\"},{\"@type\":\"ListItem\",\"position\":2,\"name\":\"AMLO LAMENTA FALLECIMIENTO DEL GOBERNADOR DE PUEBLA, MIGUEL BARBOSA\"}]},{\"@type\":\"WebSite\",\"@id\":\"https:\\\/\\\/redamlo.com\\\/#website\",\"url\":\"https:\\\/\\\/redamlo.com\\\/\",\"name\":\"NOTICIAS DE LA 4T\",\"description\":\"\",\"publisher\":{\"@id\":\"https:\\\/\\\/redamlo.com\\\/#organization\"},\"potentialAction\":[{\"@type\":\"SearchAction\",\"target\":{\"@type\":\"EntryPoint\",\"urlTemplate\":\"https:\\\/\\\/redamlo.com\\\/?s={search_term_string}\"},\"query-input\":{\"@type\":\"PropertyValueSpecification\",\"valueRequired\":true,\"valueName\":\"search_term_string\"}}],\"inLanguage\":\"es\"},{\"@type\":\"Organization\",\"@id\":\"https:\\\/\\\/redamlo.com\\\/#organization\",\"name\":\"NOTICIAS DE LA 4T\",\"url\":\"https:\\\/\\\/redamlo.com\\\/\",\"logo\":{\"@type\":\"ImageObject\",\"inLanguage\":\"es\",\"@id\":\"https:\\\/\\\/redamlo.com\\\/#\\\/schema\\\/logo\\\/image\\\/\",\"url\":\"https:\\\/\\\/redamlo.com\\\/wp-content\\\/uploads\\\/2024\\\/08\\\/cropped-RED-AMLO-logo-50.png\",\"contentUrl\":\"https:\\\/\\\/redamlo.com\\\/wp-content\\\/uploads\\\/2024\\\/08\\\/cropped-RED-AMLO-logo-50.png\",\"width\":256,\"height\":256,\"caption\":\"NOTICIAS DE LA 4T\"},\"image\":{\"@id\":\"https:\\\/\\\/redamlo.com\\\/#\\\/schema\\\/logo\\\/image\\\/\"}},{\"@type\":\"Person\",\"@id\":\"https:\\\/\\\/redamlo.com\\\/#\\\/schema\\\/person\\\/7223a4375eb8f1a782fcae010a7115cf\",\"name\":\"Blanca\",\"image\":{\"@type\":\"ImageObject\",\"inLanguage\":\"es\",\"@id\":\"https:\\\/\\\/secure.gravatar.com\\\/avatar\\\/3f79bc8336367a4e6093eae8757acaaf61d1124834b905616de7829b0273426d?s=96&d=mm&r=g\",\"url\":\"https:\\\/\\\/secure.gravatar.com\\\/avatar\\\/3f79bc8336367a4e6093eae8757acaaf61d1124834b905616de7829b0273426d?s=96&d=mm&r=g\",\"contentUrl\":\"https:\\\/\\\/secure.gravatar.com\\\/avatar\\\/3f79bc8336367a4e6093eae8757acaaf61d1124834b905616de7829b0273426d?s=96&d=mm&r=g\",\"caption\":\"Blanca\"},\"url\":\"https:\\\/\\\/redamlo.com\\\/index.php\\\/author\\\/blanca\\\/\"}]}<\/script>\n<!-- \/ Yoast SEO plugin. -->","yoast_head_json":{"title":"AMLO LAMENTA FALLECIMIENTO DEL GOBERNADOR DE PUEBLA, MIGUEL BARBOSA - NOTICIAS DE LA 4T","robots":{"index":"noindex","follow":"follow","max-snippet":"max-snippet:-1","max-image-preview":"max-image-preview:large","max-video-preview":"max-video-preview:-1"},"og_locale":"es_MX","og_type":"article","og_title":"AMLO LAMENTA FALLECIMIENTO DEL GOBERNADOR DE PUEBLA, MIGUEL BARBOSA - NOTICIAS DE LA 4T","og_description":"El presidente Andr\u00e9s Manuel L\u00f3pez Obrador expres\u00f3 sus condolencias a familiares, amigos y habitantes de...","og_url":"https:\/\/redamlo.com\/index.php\/2022\/12\/13\/amlo-lamenta-fallecimiento-del-gobernador-de-puebla-miguel-barbosa\/","og_site_name":"NOTICIAS DE LA 4T","article_published_time":"2022-12-13T16:52:07+00:00","og_image":[{"width":1280,"height":853,"url":"https:\/\/redamlo.com\/wp-content\/uploads\/2022\/12\/PRESIDENTE-AMLO-FALLECIMIENTO-MIGUEL-BARBOSA-13-DIC-2022.jpeg","type":"image\/jpeg"}],"author":"Blanca","twitter_card":"summary_large_image","twitter_misc":{"Escrito por":"Blanca"},"schema":{"@context":"https:\/\/schema.org","@graph":[{"@type":"Article","@id":"https:\/\/redamlo.com\/index.php\/2022\/12\/13\/amlo-lamenta-fallecimiento-del-gobernador-de-puebla-miguel-barbosa\/#article","isPartOf":{"@id":"https:\/\/redamlo.com\/index.php\/2022\/12\/13\/amlo-lamenta-fallecimiento-del-gobernador-de-puebla-miguel-barbosa\/"},"author":{"name":"Blanca","@id":"https:\/\/redamlo.com\/#\/schema\/person\/7223a4375eb8f1a782fcae010a7115cf"},"headline":"AMLO LAMENTA FALLECIMIENTO DEL GOBERNADOR DE PUEBLA, MIGUEL BARBOSA","datePublished":"2022-12-13T16:52:07+00:00","mainEntityOfPage":{"@id":"https:\/\/redamlo.com\/index.php\/2022\/12\/13\/amlo-lamenta-fallecimiento-del-gobernador-de-puebla-miguel-barbosa\/"},"wordCount":79,"publisher":{"@id":"https:\/\/redamlo.com\/#organization"},"image":{"@id":"https:\/\/redamlo.com\/index.php\/2022\/12\/13\/amlo-lamenta-fallecimiento-del-gobernador-de-puebla-miguel-barbosa\/#primaryimage"},"thumbnailUrl":"https:\/\/redamlo.com\/wp-content\/uploads\/2022\/12\/PRESIDENTE-AMLO-FALLECIMIENTO-MIGUEL-BARBOSA-13-DIC-2022.jpeg","keywords":["AMLO","fallece miguel Barbosa","gobernador de puebla"],"articleSection":["Presidencia"],"inLanguage":"es"},{"@type":"WebPage","@id":"https:\/\/redamlo.com\/index.php\/2022\/12\/13\/amlo-lamenta-fallecimiento-del-gobernador-de-puebla-miguel-barbosa\/","url":"https:\/\/redamlo.com\/index.php\/2022\/12\/13\/amlo-lamenta-fallecimiento-del-gobernador-de-puebla-miguel-barbosa\/","name":"AMLO LAMENTA FALLECIMIENTO DEL GOBERNADOR DE PUEBLA, MIGUEL BARBOSA - NOTICIAS DE LA 4T","isPartOf":{"@id":"https:\/\/redamlo.com\/#website"},"primaryImageOfPage":{"@id":"https:\/\/redamlo.com\/index.php\/2022\/12\/13\/amlo-lamenta-fallecimiento-del-gobernador-de-puebla-miguel-barbosa\/#primaryimage"},"image":{"@id":"https:\/\/redamlo.com\/index.php\/2022\/12\/13\/amlo-lamenta-fallecimiento-del-gobernador-de-puebla-miguel-barbosa\/#primaryimage"},"thumbnailUrl":"https:\/\/redamlo.com\/wp-content\/uploads\/2022\/12\/PRESIDENTE-AMLO-FALLECIMIENTO-MIGUEL-BARBOSA-13-DIC-2022.jpeg","datePublished":"2022-12-13T16:52:07+00:00","breadcrumb":{"@id":"https:\/\/redamlo.com\/index.php\/2022\/12\/13\/amlo-lamenta-fallecimiento-del-gobernador-de-puebla-miguel-barbosa\/#breadcrumb"},"inLanguage":"es","potentialAction":[{"@type":"ReadAction","target":["https:\/\/redamlo.com\/index.php\/2022\/12\/13\/amlo-lamenta-fallecimiento-del-gobernador-de-puebla-miguel-barbosa\/"]}]},{"@type":"ImageObject","inLanguage":"es","@id":"https:\/\/redamlo.com\/index.php\/2022\/12\/13\/amlo-lamenta-fallecimiento-del-gobernador-de-puebla-miguel-barbosa\/#primaryimage","url":"https:\/\/redamlo.com\/wp-content\/uploads\/2022\/12\/PRESIDENTE-AMLO-FALLECIMIENTO-MIGUEL-BARBOSA-13-DIC-2022.jpeg","contentUrl":"https:\/\/redamlo.com\/wp-content\/uploads\/2022\/12\/PRESIDENTE-AMLO-FALLECIMIENTO-MIGUEL-BARBOSA-13-DIC-2022.jpeg","width":1280,"height":853},{"@type":"BreadcrumbList","@id":"https:\/\/redamlo.com\/index.php\/2022\/12\/13\/amlo-lamenta-fallecimiento-del-gobernador-de-puebla-miguel-barbosa\/#breadcrumb","itemListElement":[{"@type":"ListItem","position":1,"name":"Inicio","item":"https:\/\/redamlo.com\/"},{"@type":"ListItem","position":2,"name":"AMLO LAMENTA FALLECIMIENTO DEL GOBERNADOR DE PUEBLA, MIGUEL BARBOSA"}]},{"@type":"WebSite","@id":"https:\/\/redamlo.com\/#website","url":"https:\/\/redamlo.com\/","name":"NOTICIAS DE LA 4T","description":"","publisher":{"@id":"https:\/\/redamlo.com\/#organization"},"potentialAction":[{"@type":"SearchAction","target":{"@type":"EntryPoint","urlTemplate":"https:\/\/redamlo.com\/?s={search_term_string}"},"query-input":{"@type":"PropertyValueSpecification","valueRequired":true,"valueName":"search_term_string"}}],"inLanguage":"es"},{"@type":"Organization","@id":"https:\/\/redamlo.com\/#organization","name":"NOTICIAS DE LA 4T","url":"https:\/\/redamlo.com\/","logo":{"@type":"ImageObject","inLanguage":"es","@id":"https:\/\/redamlo.com\/#\/schema\/logo\/image\/","url":"https:\/\/redamlo.com\/wp-content\/uploads\/2024\/08\/cropped-RED-AMLO-logo-50.png","contentUrl":"https:\/\/redamlo.com\/wp-content\/uploads\/2024\/08\/cropped-RED-AMLO-logo-50.png","width":256,"height":256,"caption":"NOTICIAS DE LA 4T"},"image":{"@id":"https:\/\/redamlo.com\/#\/schema\/logo\/image\/"}},{"@type":"Person","@id":"https:\/\/redamlo.com\/#\/schema\/person\/7223a4375eb8f1a782fcae010a7115cf","name":"Blanca","image":{"@type":"ImageObject","inLanguage":"es","@id":"https:\/\/secure.gravatar.com\/avatar\/3f79bc8336367a4e6093eae8757acaaf61d1124834b905616de7829b0273426d?s=96&d=mm&r=g","url":"https:\/\/secure.gravatar.com\/avatar\/3f79bc8336367a4e6093eae8757acaaf61d1124834b905616de7829b0273426d?s=96&d=mm&r=g","contentUrl":"https:\/\/secure.gravatar.com\/avatar\/3f79bc8336367a4e6093eae8757acaaf61d1124834b905616de7829b0273426d?s=96&d=mm&r=g","caption":"Blanca"},"url":"https:\/\/redamlo.com\/index.php\/author\/blanca\/"}]}},"_links":{"self":[{"href":"https:\/\/redamlo.com\/index.php\/wp-json\/wp\/v2\/posts\/6599","targetHints":{"allow":["GET"]}}],"collection":[{"href":"https:\/\/redamlo.com\/index.php\/wp-json\/wp\/v2\/posts"}],"about":[{"href":"https:\/\/redamlo.com\/index.php\/wp-json\/wp\/v2\/types\/post"}],"author":[{"embeddable":true,"href":"https:\/\/redamlo.com\/index.php\/wp-json\/wp\/v2\/users\/2"}],"replies":[{"embeddable":true,"href":"https:\/\/redamlo.com\/index.php\/wp-json\/wp\/v2\/comments?post=6599"}],"version-history":[{"count":0,"href":"https:\/\/redamlo.com\/index.php\/wp-json\/wp\/v2\/posts\/6599\/revisions"}],"wp:featuredmedia":[{"embeddable":true,"href":"https:\/\/redamlo.com\/index.php\/wp-json\/wp\/v2\/media\/6602"}],"wp:attachment":[{"href":"https:\/\/redamlo.com\/index.php\/wp-json\/wp\/v2\/media?parent=6599"}],"wp:term":[{"taxonomy":"category","embeddable":true,"href":"https:\/\/redamlo.com\/index.php\/wp-json\/wp\/v2\/categories?post=6599"},{"taxonomy":"post_tag","embeddable":true,"href":"https:\/\/redamlo.com\/index.php\/wp-json\/wp\/v2\/tags?post=6599"}],"curies":[{"name":"wp","href":"https:\/\/api.w.org\/{rel}","templated":true}]}}