{"id":6590,"date":"2022-12-07T23:28:13","date_gmt":"2022-12-08T05:28:13","guid":{"rendered":"https:\/\/redamlo.com\/?p=6590"},"modified":"2022-12-07T23:28:13","modified_gmt":"2022-12-08T05:28:13","slug":"amlo-se-pronuncia-sobre-hechos-en-peru-reafirma-politica-de-no-intervencion-y-autodeterminacion-de-los-pueblos","status":"publish","type":"post","link":"https:\/\/redamlo.com\/index.php\/2022\/12\/07\/amlo-se-pronuncia-sobre-hechos-en-peru-reafirma-politica-de-no-intervencion-y-autodeterminacion-de-los-pueblos\/","title":{"rendered":"AMLO SE PRONUNCIA SOBRE HECHOS EN PER\u00da; REAFIRMA POL\u00cdTICA DE NO INTERVENCI\u00d3N Y AUTODETERMINACI\u00d3N DE LOS PUEBLOS"},"content":{"rendered":"<p>El presidente Andr\u00e9s Manuel L\u00f3pez Obrador fij\u00f3 la postura del Gobierno de M\u00e9xico respecto a los recientes acontecimientos en Per\u00fa y el arresto de\u00a0<strong>Pedro Castillo.<\/strong><\/p>\n<p>En un mensaje en sus redes sociales, el mandatario refrend\u00f3 los principios de no intervenci\u00f3n y autodeterminaci\u00f3n que fundamentan la pol\u00edtica exterior.<\/p>\n<blockquote class=\"twitter-tweet\" data-width=\"550\" data-dnt=\"true\">\n<p lang=\"es\" dir=\"ltr\">Es un principio fundamental de nuestra pol\u00edtica exterior la no intervenci\u00f3n y la autodeterminaci\u00f3n de los pueblos. A eso nos ce\u00f1imos en el caso de lo sucedido en Per\u00fa. Sin embargo, consideramos lamentable que por intereses de las \u00e9lites econ\u00f3micas y pol\u00edticas, 1\/3<\/p>\n<p>&mdash; Andr\u00e9s Manuel (@lopezobrador_) <a href=\"https:\/\/twitter.com\/lopezobrador_\/status\/1600599512363327489?ref_src=twsrc%5Etfw\">December 7, 2022<\/a><\/p><\/blockquote>\n<p><script async src=\"https:\/\/platform.twitter.com\/widgets.js\" charset=\"utf-8\"><\/script><\/p>\n<p>Consider\u00f3 que por intereses de las \u00e9lites econ\u00f3micas y pol\u00edticas, desde el comienzo de la presidencia de Pedro Castillo, se ha mantenido un ambiente de confrontaci\u00f3n y hostilidad en su contra.<\/p>\n<p>Estas condiciones, dijo, lo llevaron a tomar decisiones que sirvieron a sus adversarios para consumar su destituci\u00f3n argumentando \u2018incapacidad moral\u2019.<\/p>\n<p>En la publicaci\u00f3n, el jefe del Ejecutivo dese\u00f3 que se respeten los derechos humanos de Pedro Castillo y exista estabilidad democr\u00e1tica en Per\u00fa en beneficio de su pueblo.<\/p>\n","protected":false},"excerpt":{"rendered":"<p>El presidente Andr\u00e9s Manuel L\u00f3pez Obrador fij\u00f3 la postura del Gobierno de M\u00e9xico respecto a&#8230;<\/p>\n","protected":false},"author":2,"featured_media":6593,"comment_status":"closed","ping_status":"closed","sticky":false,"template":"","format":"standard","meta":{"footnotes":""},"categories":[27],"tags":[84,9,2431,2432,2433],"class_list":["post-6590","post","type-post","status-publish","format-standard","has-post-thumbnail","hentry","category-presidencia","tag-amlo","tag-mexico","tag-peru","tag-politica-de-no-intervencion","tag-presidente-de-peru"],"yoast_head":"<!-- This site is optimized with the Yoast SEO plugin v27.5 - https:\/\/yoast.com\/product\/yoast-seo-wordpress\/ -->\n<title>AMLO SE PRONUNCIA SOBRE HECHOS EN PER\u00da; REAFIRMA POL\u00cdTICA DE NO INTERVENCI\u00d3N Y AUTODETERMINACI\u00d3N DE LOS PUEBLOS - NOTICIAS DE LA 4T<\/title>\n<meta name=\"robots\" content=\"noindex, follow, max-snippet:-1, max-image-preview:large, max-video-preview:-1\" \/>\n<meta property=\"og:locale\" content=\"es_MX\" \/>\n<meta property=\"og:type\" content=\"article\" \/>\n<meta property=\"og:title\" content=\"AMLO SE PRONUNCIA SOBRE HECHOS EN PER\u00da; REAFIRMA POL\u00cdTICA DE NO INTERVENCI\u00d3N Y AUTODETERMINACI\u00d3N DE LOS PUEBLOS - NOTICIAS DE LA 4T\" \/>\n<meta property=\"og:description\" content=\"El presidente Andr\u00e9s Manuel L\u00f3pez Obrador fij\u00f3 la postura del Gobierno de M\u00e9xico respecto a...\" \/>\n<meta property=\"og:url\" content=\"https:\/\/redamlo.com\/index.php\/2022\/12\/07\/amlo-se-pronuncia-sobre-hechos-en-peru-reafirma-politica-de-no-intervencion-y-autodeterminacion-de-los-pueblos\/\" \/>\n<meta property=\"og:site_name\" content=\"NOTICIAS DE LA 4T\" \/>\n<meta property=\"article:published_time\" content=\"2022-12-08T05:28:13+00:00\" \/>\n<meta property=\"og:image\" content=\"https:\/\/redamlo.com\/wp-content\/uploads\/2022\/12\/07DIC22-Presidente-AMLO.jpg\" \/>\n\t<meta property=\"og:image:width\" content=\"1500\" \/>\n\t<meta property=\"og:image:height\" content=\"1000\" \/>\n\t<meta property=\"og:image:type\" content=\"image\/jpeg\" \/>\n<meta name=\"author\" content=\"Blanca\" \/>\n<meta name=\"twitter:card\" content=\"summary_large_image\" \/>\n<meta name=\"twitter:label1\" content=\"Escrito por\" \/>\n\t<meta name=\"twitter:data1\" content=\"Blanca\" \/>\n\t<meta name=\"twitter:label2\" content=\"Tiempo de lectura\" \/>\n\t<meta name=\"twitter:data2\" content=\"1 minuto\" \/>\n<script type=\"application\/ld+json\" class=\"yoast-schema-graph\">{\"@context\":\"https:\\\/\\\/schema.org\",\"@graph\":[{\"@type\":\"Article\",\"@id\":\"https:\\\/\\\/redamlo.com\\\/index.php\\\/2022\\\/12\\\/07\\\/amlo-se-pronuncia-sobre-hechos-en-peru-reafirma-politica-de-no-intervencion-y-autodeterminacion-de-los-pueblos\\\/#article\",\"isPartOf\":{\"@id\":\"https:\\\/\\\/redamlo.com\\\/index.php\\\/2022\\\/12\\\/07\\\/amlo-se-pronuncia-sobre-hechos-en-peru-reafirma-politica-de-no-intervencion-y-autodeterminacion-de-los-pueblos\\\/\"},\"author\":{\"name\":\"Blanca\",\"@id\":\"https:\\\/\\\/redamlo.com\\\/#\\\/schema\\\/person\\\/7223a4375eb8f1a782fcae010a7115cf\"},\"headline\":\"AMLO SE PRONUNCIA SOBRE HECHOS EN PER\u00da; REAFIRMA POL\u00cdTICA DE NO INTERVENCI\u00d3N Y AUTODETERMINACI\u00d3N DE LOS PUEBLOS\",\"datePublished\":\"2022-12-08T05:28:13+00:00\",\"mainEntityOfPage\":{\"@id\":\"https:\\\/\\\/redamlo.com\\\/index.php\\\/2022\\\/12\\\/07\\\/amlo-se-pronuncia-sobre-hechos-en-peru-reafirma-politica-de-no-intervencion-y-autodeterminacion-de-los-pueblos\\\/\"},\"wordCount\":197,\"publisher\":{\"@id\":\"https:\\\/\\\/redamlo.com\\\/#organization\"},\"image\":{\"@id\":\"https:\\\/\\\/redamlo.com\\\/index.php\\\/2022\\\/12\\\/07\\\/amlo-se-pronuncia-sobre-hechos-en-peru-reafirma-politica-de-no-intervencion-y-autodeterminacion-de-los-pueblos\\\/#primaryimage\"},\"thumbnailUrl\":\"https:\\\/\\\/redamlo.com\\\/wp-content\\\/uploads\\\/2022\\\/12\\\/07DIC22-Presidente-AMLO.jpg\",\"keywords\":[\"AMLO\",\"M\u00e9xico\",\"Per\u00fa\",\"pol\u00edtica de no intervenci\u00f3n\",\"Presidente de Per\u00fa\"],\"articleSection\":[\"Presidencia\"],\"inLanguage\":\"es\"},{\"@type\":\"WebPage\",\"@id\":\"https:\\\/\\\/redamlo.com\\\/index.php\\\/2022\\\/12\\\/07\\\/amlo-se-pronuncia-sobre-hechos-en-peru-reafirma-politica-de-no-intervencion-y-autodeterminacion-de-los-pueblos\\\/\",\"url\":\"https:\\\/\\\/redamlo.com\\\/index.php\\\/2022\\\/12\\\/07\\\/amlo-se-pronuncia-sobre-hechos-en-peru-reafirma-politica-de-no-intervencion-y-autodeterminacion-de-los-pueblos\\\/\",\"name\":\"AMLO SE PRONUNCIA SOBRE HECHOS EN PER\u00da; REAFIRMA POL\u00cdTICA DE NO INTERVENCI\u00d3N Y AUTODETERMINACI\u00d3N DE LOS PUEBLOS - NOTICIAS DE LA 4T\",\"isPartOf\":{\"@id\":\"https:\\\/\\\/redamlo.com\\\/#website\"},\"primaryImageOfPage\":{\"@id\":\"https:\\\/\\\/redamlo.com\\\/index.php\\\/2022\\\/12\\\/07\\\/amlo-se-pronuncia-sobre-hechos-en-peru-reafirma-politica-de-no-intervencion-y-autodeterminacion-de-los-pueblos\\\/#primaryimage\"},\"image\":{\"@id\":\"https:\\\/\\\/redamlo.com\\\/index.php\\\/2022\\\/12\\\/07\\\/amlo-se-pronuncia-sobre-hechos-en-peru-reafirma-politica-de-no-intervencion-y-autodeterminacion-de-los-pueblos\\\/#primaryimage\"},\"thumbnailUrl\":\"https:\\\/\\\/redamlo.com\\\/wp-content\\\/uploads\\\/2022\\\/12\\\/07DIC22-Presidente-AMLO.jpg\",\"datePublished\":\"2022-12-08T05:28:13+00:00\",\"breadcrumb\":{\"@id\":\"https:\\\/\\\/redamlo.com\\\/index.php\\\/2022\\\/12\\\/07\\\/amlo-se-pronuncia-sobre-hechos-en-peru-reafirma-politica-de-no-intervencion-y-autodeterminacion-de-los-pueblos\\\/#breadcrumb\"},\"inLanguage\":\"es\",\"potentialAction\":[{\"@type\":\"ReadAction\",\"target\":[\"https:\\\/\\\/redamlo.com\\\/index.php\\\/2022\\\/12\\\/07\\\/amlo-se-pronuncia-sobre-hechos-en-peru-reafirma-politica-de-no-intervencion-y-autodeterminacion-de-los-pueblos\\\/\"]}]},{\"@type\":\"ImageObject\",\"inLanguage\":\"es\",\"@id\":\"https:\\\/\\\/redamlo.com\\\/index.php\\\/2022\\\/12\\\/07\\\/amlo-se-pronuncia-sobre-hechos-en-peru-reafirma-politica-de-no-intervencion-y-autodeterminacion-de-los-pueblos\\\/#primaryimage\",\"url\":\"https:\\\/\\\/redamlo.com\\\/wp-content\\\/uploads\\\/2022\\\/12\\\/07DIC22-Presidente-AMLO.jpg\",\"contentUrl\":\"https:\\\/\\\/redamlo.com\\\/wp-content\\\/uploads\\\/2022\\\/12\\\/07DIC22-Presidente-AMLO.jpg\",\"width\":1500,\"height\":1000},{\"@type\":\"BreadcrumbList\",\"@id\":\"https:\\\/\\\/redamlo.com\\\/index.php\\\/2022\\\/12\\\/07\\\/amlo-se-pronuncia-sobre-hechos-en-peru-reafirma-politica-de-no-intervencion-y-autodeterminacion-de-los-pueblos\\\/#breadcrumb\",\"itemListElement\":[{\"@type\":\"ListItem\",\"position\":1,\"name\":\"Inicio\",\"item\":\"https:\\\/\\\/redamlo.com\\\/\"},{\"@type\":\"ListItem\",\"position\":2,\"name\":\"AMLO SE PRONUNCIA SOBRE HECHOS EN PER\u00da; REAFIRMA POL\u00cdTICA DE NO INTERVENCI\u00d3N Y AUTODETERMINACI\u00d3N DE LOS PUEBLOS\"}]},{\"@type\":\"WebSite\",\"@id\":\"https:\\\/\\\/redamlo.com\\\/#website\",\"url\":\"https:\\\/\\\/redamlo.com\\\/\",\"name\":\"NOTICIAS DE LA 4T\",\"description\":\"\",\"publisher\":{\"@id\":\"https:\\\/\\\/redamlo.com\\\/#organization\"},\"potentialAction\":[{\"@type\":\"SearchAction\",\"target\":{\"@type\":\"EntryPoint\",\"urlTemplate\":\"https:\\\/\\\/redamlo.com\\\/?s={search_term_string}\"},\"query-input\":{\"@type\":\"PropertyValueSpecification\",\"valueRequired\":true,\"valueName\":\"search_term_string\"}}],\"inLanguage\":\"es\"},{\"@type\":\"Organization\",\"@id\":\"https:\\\/\\\/redamlo.com\\\/#organization\",\"name\":\"NOTICIAS DE LA 4T\",\"url\":\"https:\\\/\\\/redamlo.com\\\/\",\"logo\":{\"@type\":\"ImageObject\",\"inLanguage\":\"es\",\"@id\":\"https:\\\/\\\/redamlo.com\\\/#\\\/schema\\\/logo\\\/image\\\/\",\"url\":\"https:\\\/\\\/redamlo.com\\\/wp-content\\\/uploads\\\/2024\\\/08\\\/cropped-RED-AMLO-logo-50.png\",\"contentUrl\":\"https:\\\/\\\/redamlo.com\\\/wp-content\\\/uploads\\\/2024\\\/08\\\/cropped-RED-AMLO-logo-50.png\",\"width\":256,\"height\":256,\"caption\":\"NOTICIAS DE LA 4T\"},\"image\":{\"@id\":\"https:\\\/\\\/redamlo.com\\\/#\\\/schema\\\/logo\\\/image\\\/\"}},{\"@type\":\"Person\",\"@id\":\"https:\\\/\\\/redamlo.com\\\/#\\\/schema\\\/person\\\/7223a4375eb8f1a782fcae010a7115cf\",\"name\":\"Blanca\",\"image\":{\"@type\":\"ImageObject\",\"inLanguage\":\"es\",\"@id\":\"https:\\\/\\\/secure.gravatar.com\\\/avatar\\\/3f79bc8336367a4e6093eae8757acaaf61d1124834b905616de7829b0273426d?s=96&d=mm&r=g\",\"url\":\"https:\\\/\\\/secure.gravatar.com\\\/avatar\\\/3f79bc8336367a4e6093eae8757acaaf61d1124834b905616de7829b0273426d?s=96&d=mm&r=g\",\"contentUrl\":\"https:\\\/\\\/secure.gravatar.com\\\/avatar\\\/3f79bc8336367a4e6093eae8757acaaf61d1124834b905616de7829b0273426d?s=96&d=mm&r=g\",\"caption\":\"Blanca\"},\"url\":\"https:\\\/\\\/redamlo.com\\\/index.php\\\/author\\\/blanca\\\/\"}]}<\/script>\n<!-- \/ Yoast SEO plugin. -->","yoast_head_json":{"title":"AMLO SE PRONUNCIA SOBRE HECHOS EN PER\u00da; REAFIRMA POL\u00cdTICA DE NO INTERVENCI\u00d3N Y AUTODETERMINACI\u00d3N DE LOS PUEBLOS - NOTICIAS DE LA 4T","robots":{"index":"noindex","follow":"follow","max-snippet":"max-snippet:-1","max-image-preview":"max-image-preview:large","max-video-preview":"max-video-preview:-1"},"og_locale":"es_MX","og_type":"article","og_title":"AMLO SE PRONUNCIA SOBRE HECHOS EN PER\u00da; REAFIRMA POL\u00cdTICA DE NO INTERVENCI\u00d3N Y AUTODETERMINACI\u00d3N DE LOS PUEBLOS - NOTICIAS DE LA 4T","og_description":"El presidente Andr\u00e9s Manuel L\u00f3pez Obrador fij\u00f3 la postura del Gobierno de M\u00e9xico respecto a...","og_url":"https:\/\/redamlo.com\/index.php\/2022\/12\/07\/amlo-se-pronuncia-sobre-hechos-en-peru-reafirma-politica-de-no-intervencion-y-autodeterminacion-de-los-pueblos\/","og_site_name":"NOTICIAS DE LA 4T","article_published_time":"2022-12-08T05:28:13+00:00","og_image":[{"width":1500,"height":1000,"url":"https:\/\/redamlo.com\/wp-content\/uploads\/2022\/12\/07DIC22-Presidente-AMLO.jpg","type":"image\/jpeg"}],"author":"Blanca","twitter_card":"summary_large_image","twitter_misc":{"Escrito por":"Blanca","Tiempo de lectura":"1 minuto"},"schema":{"@context":"https:\/\/schema.org","@graph":[{"@type":"Article","@id":"https:\/\/redamlo.com\/index.php\/2022\/12\/07\/amlo-se-pronuncia-sobre-hechos-en-peru-reafirma-politica-de-no-intervencion-y-autodeterminacion-de-los-pueblos\/#article","isPartOf":{"@id":"https:\/\/redamlo.com\/index.php\/2022\/12\/07\/amlo-se-pronuncia-sobre-hechos-en-peru-reafirma-politica-de-no-intervencion-y-autodeterminacion-de-los-pueblos\/"},"author":{"name":"Blanca","@id":"https:\/\/redamlo.com\/#\/schema\/person\/7223a4375eb8f1a782fcae010a7115cf"},"headline":"AMLO SE PRONUNCIA SOBRE HECHOS EN PER\u00da; REAFIRMA POL\u00cdTICA DE NO INTERVENCI\u00d3N Y AUTODETERMINACI\u00d3N DE LOS PUEBLOS","datePublished":"2022-12-08T05:28:13+00:00","mainEntityOfPage":{"@id":"https:\/\/redamlo.com\/index.php\/2022\/12\/07\/amlo-se-pronuncia-sobre-hechos-en-peru-reafirma-politica-de-no-intervencion-y-autodeterminacion-de-los-pueblos\/"},"wordCount":197,"publisher":{"@id":"https:\/\/redamlo.com\/#organization"},"image":{"@id":"https:\/\/redamlo.com\/index.php\/2022\/12\/07\/amlo-se-pronuncia-sobre-hechos-en-peru-reafirma-politica-de-no-intervencion-y-autodeterminacion-de-los-pueblos\/#primaryimage"},"thumbnailUrl":"https:\/\/redamlo.com\/wp-content\/uploads\/2022\/12\/07DIC22-Presidente-AMLO.jpg","keywords":["AMLO","M\u00e9xico","Per\u00fa","pol\u00edtica de no intervenci\u00f3n","Presidente de Per\u00fa"],"articleSection":["Presidencia"],"inLanguage":"es"},{"@type":"WebPage","@id":"https:\/\/redamlo.com\/index.php\/2022\/12\/07\/amlo-se-pronuncia-sobre-hechos-en-peru-reafirma-politica-de-no-intervencion-y-autodeterminacion-de-los-pueblos\/","url":"https:\/\/redamlo.com\/index.php\/2022\/12\/07\/amlo-se-pronuncia-sobre-hechos-en-peru-reafirma-politica-de-no-intervencion-y-autodeterminacion-de-los-pueblos\/","name":"AMLO SE PRONUNCIA SOBRE HECHOS EN PER\u00da; REAFIRMA POL\u00cdTICA DE NO INTERVENCI\u00d3N Y AUTODETERMINACI\u00d3N DE LOS PUEBLOS - NOTICIAS DE LA 4T","isPartOf":{"@id":"https:\/\/redamlo.com\/#website"},"primaryImageOfPage":{"@id":"https:\/\/redamlo.com\/index.php\/2022\/12\/07\/amlo-se-pronuncia-sobre-hechos-en-peru-reafirma-politica-de-no-intervencion-y-autodeterminacion-de-los-pueblos\/#primaryimage"},"image":{"@id":"https:\/\/redamlo.com\/index.php\/2022\/12\/07\/amlo-se-pronuncia-sobre-hechos-en-peru-reafirma-politica-de-no-intervencion-y-autodeterminacion-de-los-pueblos\/#primaryimage"},"thumbnailUrl":"https:\/\/redamlo.com\/wp-content\/uploads\/2022\/12\/07DIC22-Presidente-AMLO.jpg","datePublished":"2022-12-08T05:28:13+00:00","breadcrumb":{"@id":"https:\/\/redamlo.com\/index.php\/2022\/12\/07\/amlo-se-pronuncia-sobre-hechos-en-peru-reafirma-politica-de-no-intervencion-y-autodeterminacion-de-los-pueblos\/#breadcrumb"},"inLanguage":"es","potentialAction":[{"@type":"ReadAction","target":["https:\/\/redamlo.com\/index.php\/2022\/12\/07\/amlo-se-pronuncia-sobre-hechos-en-peru-reafirma-politica-de-no-intervencion-y-autodeterminacion-de-los-pueblos\/"]}]},{"@type":"ImageObject","inLanguage":"es","@id":"https:\/\/redamlo.com\/index.php\/2022\/12\/07\/amlo-se-pronuncia-sobre-hechos-en-peru-reafirma-politica-de-no-intervencion-y-autodeterminacion-de-los-pueblos\/#primaryimage","url":"https:\/\/redamlo.com\/wp-content\/uploads\/2022\/12\/07DIC22-Presidente-AMLO.jpg","contentUrl":"https:\/\/redamlo.com\/wp-content\/uploads\/2022\/12\/07DIC22-Presidente-AMLO.jpg","width":1500,"height":1000},{"@type":"BreadcrumbList","@id":"https:\/\/redamlo.com\/index.php\/2022\/12\/07\/amlo-se-pronuncia-sobre-hechos-en-peru-reafirma-politica-de-no-intervencion-y-autodeterminacion-de-los-pueblos\/#breadcrumb","itemListElement":[{"@type":"ListItem","position":1,"name":"Inicio","item":"https:\/\/redamlo.com\/"},{"@type":"ListItem","position":2,"name":"AMLO SE PRONUNCIA SOBRE HECHOS EN PER\u00da; REAFIRMA POL\u00cdTICA DE NO INTERVENCI\u00d3N Y AUTODETERMINACI\u00d3N DE LOS PUEBLOS"}]},{"@type":"WebSite","@id":"https:\/\/redamlo.com\/#website","url":"https:\/\/redamlo.com\/","name":"NOTICIAS DE LA 4T","description":"","publisher":{"@id":"https:\/\/redamlo.com\/#organization"},"potentialAction":[{"@type":"SearchAction","target":{"@type":"EntryPoint","urlTemplate":"https:\/\/redamlo.com\/?s={search_term_string}"},"query-input":{"@type":"PropertyValueSpecification","valueRequired":true,"valueName":"search_term_string"}}],"inLanguage":"es"},{"@type":"Organization","@id":"https:\/\/redamlo.com\/#organization","name":"NOTICIAS DE LA 4T","url":"https:\/\/redamlo.com\/","logo":{"@type":"ImageObject","inLanguage":"es","@id":"https:\/\/redamlo.com\/#\/schema\/logo\/image\/","url":"https:\/\/redamlo.com\/wp-content\/uploads\/2024\/08\/cropped-RED-AMLO-logo-50.png","contentUrl":"https:\/\/redamlo.com\/wp-content\/uploads\/2024\/08\/cropped-RED-AMLO-logo-50.png","width":256,"height":256,"caption":"NOTICIAS DE LA 4T"},"image":{"@id":"https:\/\/redamlo.com\/#\/schema\/logo\/image\/"}},{"@type":"Person","@id":"https:\/\/redamlo.com\/#\/schema\/person\/7223a4375eb8f1a782fcae010a7115cf","name":"Blanca","image":{"@type":"ImageObject","inLanguage":"es","@id":"https:\/\/secure.gravatar.com\/avatar\/3f79bc8336367a4e6093eae8757acaaf61d1124834b905616de7829b0273426d?s=96&d=mm&r=g","url":"https:\/\/secure.gravatar.com\/avatar\/3f79bc8336367a4e6093eae8757acaaf61d1124834b905616de7829b0273426d?s=96&d=mm&r=g","contentUrl":"https:\/\/secure.gravatar.com\/avatar\/3f79bc8336367a4e6093eae8757acaaf61d1124834b905616de7829b0273426d?s=96&d=mm&r=g","caption":"Blanca"},"url":"https:\/\/redamlo.com\/index.php\/author\/blanca\/"}]}},"_links":{"self":[{"href":"https:\/\/redamlo.com\/index.php\/wp-json\/wp\/v2\/posts\/6590","targetHints":{"allow":["GET"]}}],"collection":[{"href":"https:\/\/redamlo.com\/index.php\/wp-json\/wp\/v2\/posts"}],"about":[{"href":"https:\/\/redamlo.com\/index.php\/wp-json\/wp\/v2\/types\/post"}],"author":[{"embeddable":true,"href":"https:\/\/redamlo.com\/index.php\/wp-json\/wp\/v2\/users\/2"}],"replies":[{"embeddable":true,"href":"https:\/\/redamlo.com\/index.php\/wp-json\/wp\/v2\/comments?post=6590"}],"version-history":[{"count":0,"href":"https:\/\/redamlo.com\/index.php\/wp-json\/wp\/v2\/posts\/6590\/revisions"}],"wp:featuredmedia":[{"embeddable":true,"href":"https:\/\/redamlo.com\/index.php\/wp-json\/wp\/v2\/media\/6593"}],"wp:attachment":[{"href":"https:\/\/redamlo.com\/index.php\/wp-json\/wp\/v2\/media?parent=6590"}],"wp:term":[{"taxonomy":"category","embeddable":true,"href":"https:\/\/redamlo.com\/index.php\/wp-json\/wp\/v2\/categories?post=6590"},{"taxonomy":"post_tag","embeddable":true,"href":"https:\/\/redamlo.com\/index.php\/wp-json\/wp\/v2\/tags?post=6590"}],"curies":[{"name":"wp","href":"https:\/\/api.w.org\/{rel}","templated":true}]}}