{"id":6583,"date":"2022-12-07T22:37:57","date_gmt":"2022-12-08T04:37:57","guid":{"rendered":"https:\/\/redamlo.com\/?p=6583"},"modified":"2022-12-07T22:37:57","modified_gmt":"2022-12-08T04:37:57","slug":"diputados-aprueban-el-plan-b-de-la-reforma-electoral-propuesta-por-amlo","status":"publish","type":"post","link":"https:\/\/redamlo.com\/index.php\/2022\/12\/07\/diputados-aprueban-el-plan-b-de-la-reforma-electoral-propuesta-por-amlo\/","title":{"rendered":"Diputados aprueban el Plan B de la reforma Electoral propuesta por AMLO"},"content":{"rendered":"<p>La reforma electoral constitucional propuesta por AMLO, la cual buscaba reformar 17 art\u00edculos de la Carta Magna en materia electoral, no alcanz\u00f3 la mayor\u00eda calificada y fue desechada, de ah\u00ed que diputados de Morena implementaron el Plan B de la reforma electoral.<\/p>\n<div class=\"Enhancement\">\n<div class=\"Enhancement-item\">\n<h2>\u00bfQu\u00e9 contiene el Plan B de la reforma electoral?<\/h2>\n<\/div>\n<\/div>\n<p>Propone reformas a seis leyes secundarias, las cuales no tocan el presupuesto general del INE, ni desaparecen los OPLES, es decir, los organismos locales, pero s\u00ed su relaci\u00f3n con el INE, as\u00ed como los partidos pol\u00edticos.<\/p>\n<div class=\"Enhancement\">\n<div class=\"Enhancement-item\">\n<h2>Se blinda a los partidos pol\u00edticos<\/h2>\n<\/div>\n<\/div>\n<p>Se blind\u00f3 el Registro de Partidos Nacional, para que estos no lo pierdan en caso de que en las elecciones no alcancen la votaci\u00f3n del 3% requerida para mantenerlos.<\/p>\n<p>Los partidos podr\u00e1n usar los remanentes de los recursos p\u00fablicos y privados para financiar elecciones subsecuentes.<\/p>\n<div class=\"Enhancement\">\n<div class=\"Enhancement-item\">\n<h2>Transferencia de votos<\/h2>\n<\/div>\n<\/div>\n<p>Aunado a ello, tambi\u00e9n se concedi\u00f3 la transferencia de votos en candidaturas comunes, esto con el fin de no perder el registro.<\/p>\n<p>&nbsp;<\/p>\n<div class=\"Enhancement\">\n<div class=\"Enhancement-item\">\n<h2>Proceso de organizaci\u00f3n<\/h2>\n<\/div>\n<\/div>\n<p>Se aprob\u00f3 reducir los tiempos de organizaci\u00f3n y los costos, adem\u00e1s del voto electr\u00f3nico para el voto extranjero, lo cual generar\u00eda un ahorro de alrededor de 3, 605 millones de pesos.<\/p>\n<p>Se cambia tambi\u00e9n el inicio del proceso electoral, el cual empezar\u00eda la tercera semana de noviembre del 2023, es decir, se recorre un mes.<\/p>\n<div class=\"Enhancement\">\n<div class=\"Enhancement-item\">\n<h2>\u00bfCu\u00e1ndo deben aplicarse los cambios de la reforma electoral?<\/h2>\n<\/div>\n<\/div>\n<p>Aunque el llamado Plan B a\u00fan debe ser ratificado por el Senado de la Rep\u00fablica y esperar a que no sea impugnado. El INE deber\u00e1 concretar la reestructuraci\u00f3n de estructuras a m\u00e1s tardar el 1 de agosto del 2023<\/p>\n<p>Fuente: ADN 40.<\/p>\n","protected":false},"excerpt":{"rendered":"<p>La reforma electoral constitucional propuesta por AMLO, la cual buscaba reformar 17 art\u00edculos de la&#8230;<\/p>\n","protected":false},"author":2,"featured_media":6585,"comment_status":"closed","ping_status":"closed","sticky":false,"template":"","format":"standard","meta":{"footnotes":""},"categories":[1],"tags":[84,417,429,24,2429],"class_list":["post-6583","post","type-post","status-publish","format-standard","has-post-thumbnail","hentry","category-uncategorized","tag-amlo","tag-camara-de-diputados","tag-ine","tag-morena","tag-plan-b-de-reforma-electoral"],"yoast_head":"<!-- This site is optimized with the Yoast SEO plugin v27.5 - https:\/\/yoast.com\/product\/yoast-seo-wordpress\/ -->\n<title>Diputados aprueban el Plan B de la reforma Electoral propuesta por AMLO - NOTICIAS DE LA 4T<\/title>\n<meta name=\"robots\" content=\"noindex, follow, max-snippet:-1, max-image-preview:large, max-video-preview:-1\" \/>\n<meta property=\"og:locale\" content=\"es_MX\" \/>\n<meta property=\"og:type\" content=\"article\" \/>\n<meta property=\"og:title\" content=\"Diputados aprueban el Plan B de la reforma Electoral propuesta por AMLO - NOTICIAS DE LA 4T\" \/>\n<meta property=\"og:description\" content=\"La reforma electoral constitucional propuesta por AMLO, la cual buscaba reformar 17 art\u00edculos de la...\" \/>\n<meta property=\"og:url\" content=\"https:\/\/redamlo.com\/index.php\/2022\/12\/07\/diputados-aprueban-el-plan-b-de-la-reforma-electoral-propuesta-por-amlo\/\" \/>\n<meta property=\"og:site_name\" content=\"NOTICIAS DE LA 4T\" \/>\n<meta property=\"article:published_time\" content=\"2022-12-08T04:37:57+00:00\" \/>\n<meta property=\"og:image\" content=\"https:\/\/redamlo.com\/wp-content\/uploads\/2022\/12\/CAMARA_DE_DIP_PLENO.jpg\" \/>\n\t<meta property=\"og:image:width\" content=\"800\" \/>\n\t<meta property=\"og:image:height\" content=\"533\" \/>\n\t<meta property=\"og:image:type\" content=\"image\/jpeg\" \/>\n<meta name=\"author\" content=\"Blanca\" \/>\n<meta name=\"twitter:card\" content=\"summary_large_image\" \/>\n<meta name=\"twitter:label1\" content=\"Escrito por\" \/>\n\t<meta name=\"twitter:data1\" content=\"Blanca\" \/>\n\t<meta name=\"twitter:label2\" content=\"Tiempo de lectura\" \/>\n\t<meta name=\"twitter:data2\" content=\"1 minuto\" \/>\n<script type=\"application\/ld+json\" class=\"yoast-schema-graph\">{\"@context\":\"https:\\\/\\\/schema.org\",\"@graph\":[{\"@type\":\"Article\",\"@id\":\"https:\\\/\\\/redamlo.com\\\/index.php\\\/2022\\\/12\\\/07\\\/diputados-aprueban-el-plan-b-de-la-reforma-electoral-propuesta-por-amlo\\\/#article\",\"isPartOf\":{\"@id\":\"https:\\\/\\\/redamlo.com\\\/index.php\\\/2022\\\/12\\\/07\\\/diputados-aprueban-el-plan-b-de-la-reforma-electoral-propuesta-por-amlo\\\/\"},\"author\":{\"name\":\"Blanca\",\"@id\":\"https:\\\/\\\/redamlo.com\\\/#\\\/schema\\\/person\\\/7223a4375eb8f1a782fcae010a7115cf\"},\"headline\":\"Diputados aprueban el Plan B de la reforma Electoral propuesta por AMLO\",\"datePublished\":\"2022-12-08T04:37:57+00:00\",\"mainEntityOfPage\":{\"@id\":\"https:\\\/\\\/redamlo.com\\\/index.php\\\/2022\\\/12\\\/07\\\/diputados-aprueban-el-plan-b-de-la-reforma-electoral-propuesta-por-amlo\\\/\"},\"wordCount\":298,\"publisher\":{\"@id\":\"https:\\\/\\\/redamlo.com\\\/#organization\"},\"image\":{\"@id\":\"https:\\\/\\\/redamlo.com\\\/index.php\\\/2022\\\/12\\\/07\\\/diputados-aprueban-el-plan-b-de-la-reforma-electoral-propuesta-por-amlo\\\/#primaryimage\"},\"thumbnailUrl\":\"https:\\\/\\\/redamlo.com\\\/wp-content\\\/uploads\\\/2022\\\/12\\\/CAMARA_DE_DIP_PLENO.jpg\",\"keywords\":[\"AMLO\",\"C\u00e1mara de Diputados\",\"INE\",\"Morena\",\"Plan B de Reforma Electoral\"],\"articleSection\":[\"Uncategorized\"],\"inLanguage\":\"es\"},{\"@type\":\"WebPage\",\"@id\":\"https:\\\/\\\/redamlo.com\\\/index.php\\\/2022\\\/12\\\/07\\\/diputados-aprueban-el-plan-b-de-la-reforma-electoral-propuesta-por-amlo\\\/\",\"url\":\"https:\\\/\\\/redamlo.com\\\/index.php\\\/2022\\\/12\\\/07\\\/diputados-aprueban-el-plan-b-de-la-reforma-electoral-propuesta-por-amlo\\\/\",\"name\":\"Diputados aprueban el Plan B de la reforma Electoral propuesta por AMLO - NOTICIAS DE LA 4T\",\"isPartOf\":{\"@id\":\"https:\\\/\\\/redamlo.com\\\/#website\"},\"primaryImageOfPage\":{\"@id\":\"https:\\\/\\\/redamlo.com\\\/index.php\\\/2022\\\/12\\\/07\\\/diputados-aprueban-el-plan-b-de-la-reforma-electoral-propuesta-por-amlo\\\/#primaryimage\"},\"image\":{\"@id\":\"https:\\\/\\\/redamlo.com\\\/index.php\\\/2022\\\/12\\\/07\\\/diputados-aprueban-el-plan-b-de-la-reforma-electoral-propuesta-por-amlo\\\/#primaryimage\"},\"thumbnailUrl\":\"https:\\\/\\\/redamlo.com\\\/wp-content\\\/uploads\\\/2022\\\/12\\\/CAMARA_DE_DIP_PLENO.jpg\",\"datePublished\":\"2022-12-08T04:37:57+00:00\",\"breadcrumb\":{\"@id\":\"https:\\\/\\\/redamlo.com\\\/index.php\\\/2022\\\/12\\\/07\\\/diputados-aprueban-el-plan-b-de-la-reforma-electoral-propuesta-por-amlo\\\/#breadcrumb\"},\"inLanguage\":\"es\",\"potentialAction\":[{\"@type\":\"ReadAction\",\"target\":[\"https:\\\/\\\/redamlo.com\\\/index.php\\\/2022\\\/12\\\/07\\\/diputados-aprueban-el-plan-b-de-la-reforma-electoral-propuesta-por-amlo\\\/\"]}]},{\"@type\":\"ImageObject\",\"inLanguage\":\"es\",\"@id\":\"https:\\\/\\\/redamlo.com\\\/index.php\\\/2022\\\/12\\\/07\\\/diputados-aprueban-el-plan-b-de-la-reforma-electoral-propuesta-por-amlo\\\/#primaryimage\",\"url\":\"https:\\\/\\\/redamlo.com\\\/wp-content\\\/uploads\\\/2022\\\/12\\\/CAMARA_DE_DIP_PLENO.jpg\",\"contentUrl\":\"https:\\\/\\\/redamlo.com\\\/wp-content\\\/uploads\\\/2022\\\/12\\\/CAMARA_DE_DIP_PLENO.jpg\",\"width\":800,\"height\":533},{\"@type\":\"BreadcrumbList\",\"@id\":\"https:\\\/\\\/redamlo.com\\\/index.php\\\/2022\\\/12\\\/07\\\/diputados-aprueban-el-plan-b-de-la-reforma-electoral-propuesta-por-amlo\\\/#breadcrumb\",\"itemListElement\":[{\"@type\":\"ListItem\",\"position\":1,\"name\":\"Inicio\",\"item\":\"https:\\\/\\\/redamlo.com\\\/\"},{\"@type\":\"ListItem\",\"position\":2,\"name\":\"Diputados aprueban el Plan B de la reforma Electoral propuesta por AMLO\"}]},{\"@type\":\"WebSite\",\"@id\":\"https:\\\/\\\/redamlo.com\\\/#website\",\"url\":\"https:\\\/\\\/redamlo.com\\\/\",\"name\":\"NOTICIAS DE LA 4T\",\"description\":\"\",\"publisher\":{\"@id\":\"https:\\\/\\\/redamlo.com\\\/#organization\"},\"potentialAction\":[{\"@type\":\"SearchAction\",\"target\":{\"@type\":\"EntryPoint\",\"urlTemplate\":\"https:\\\/\\\/redamlo.com\\\/?s={search_term_string}\"},\"query-input\":{\"@type\":\"PropertyValueSpecification\",\"valueRequired\":true,\"valueName\":\"search_term_string\"}}],\"inLanguage\":\"es\"},{\"@type\":\"Organization\",\"@id\":\"https:\\\/\\\/redamlo.com\\\/#organization\",\"name\":\"NOTICIAS DE LA 4T\",\"url\":\"https:\\\/\\\/redamlo.com\\\/\",\"logo\":{\"@type\":\"ImageObject\",\"inLanguage\":\"es\",\"@id\":\"https:\\\/\\\/redamlo.com\\\/#\\\/schema\\\/logo\\\/image\\\/\",\"url\":\"https:\\\/\\\/redamlo.com\\\/wp-content\\\/uploads\\\/2024\\\/08\\\/cropped-RED-AMLO-logo-50.png\",\"contentUrl\":\"https:\\\/\\\/redamlo.com\\\/wp-content\\\/uploads\\\/2024\\\/08\\\/cropped-RED-AMLO-logo-50.png\",\"width\":256,\"height\":256,\"caption\":\"NOTICIAS DE LA 4T\"},\"image\":{\"@id\":\"https:\\\/\\\/redamlo.com\\\/#\\\/schema\\\/logo\\\/image\\\/\"}},{\"@type\":\"Person\",\"@id\":\"https:\\\/\\\/redamlo.com\\\/#\\\/schema\\\/person\\\/7223a4375eb8f1a782fcae010a7115cf\",\"name\":\"Blanca\",\"image\":{\"@type\":\"ImageObject\",\"inLanguage\":\"es\",\"@id\":\"https:\\\/\\\/secure.gravatar.com\\\/avatar\\\/3f79bc8336367a4e6093eae8757acaaf61d1124834b905616de7829b0273426d?s=96&d=mm&r=g\",\"url\":\"https:\\\/\\\/secure.gravatar.com\\\/avatar\\\/3f79bc8336367a4e6093eae8757acaaf61d1124834b905616de7829b0273426d?s=96&d=mm&r=g\",\"contentUrl\":\"https:\\\/\\\/secure.gravatar.com\\\/avatar\\\/3f79bc8336367a4e6093eae8757acaaf61d1124834b905616de7829b0273426d?s=96&d=mm&r=g\",\"caption\":\"Blanca\"},\"url\":\"https:\\\/\\\/redamlo.com\\\/index.php\\\/author\\\/blanca\\\/\"}]}<\/script>\n<!-- \/ Yoast SEO plugin. -->","yoast_head_json":{"title":"Diputados aprueban el Plan B de la reforma Electoral propuesta por AMLO - NOTICIAS DE LA 4T","robots":{"index":"noindex","follow":"follow","max-snippet":"max-snippet:-1","max-image-preview":"max-image-preview:large","max-video-preview":"max-video-preview:-1"},"og_locale":"es_MX","og_type":"article","og_title":"Diputados aprueban el Plan B de la reforma Electoral propuesta por AMLO - NOTICIAS DE LA 4T","og_description":"La reforma electoral constitucional propuesta por AMLO, la cual buscaba reformar 17 art\u00edculos de la...","og_url":"https:\/\/redamlo.com\/index.php\/2022\/12\/07\/diputados-aprueban-el-plan-b-de-la-reforma-electoral-propuesta-por-amlo\/","og_site_name":"NOTICIAS DE LA 4T","article_published_time":"2022-12-08T04:37:57+00:00","og_image":[{"width":800,"height":533,"url":"https:\/\/redamlo.com\/wp-content\/uploads\/2022\/12\/CAMARA_DE_DIP_PLENO.jpg","type":"image\/jpeg"}],"author":"Blanca","twitter_card":"summary_large_image","twitter_misc":{"Escrito por":"Blanca","Tiempo de lectura":"1 minuto"},"schema":{"@context":"https:\/\/schema.org","@graph":[{"@type":"Article","@id":"https:\/\/redamlo.com\/index.php\/2022\/12\/07\/diputados-aprueban-el-plan-b-de-la-reforma-electoral-propuesta-por-amlo\/#article","isPartOf":{"@id":"https:\/\/redamlo.com\/index.php\/2022\/12\/07\/diputados-aprueban-el-plan-b-de-la-reforma-electoral-propuesta-por-amlo\/"},"author":{"name":"Blanca","@id":"https:\/\/redamlo.com\/#\/schema\/person\/7223a4375eb8f1a782fcae010a7115cf"},"headline":"Diputados aprueban el Plan B de la reforma Electoral propuesta por AMLO","datePublished":"2022-12-08T04:37:57+00:00","mainEntityOfPage":{"@id":"https:\/\/redamlo.com\/index.php\/2022\/12\/07\/diputados-aprueban-el-plan-b-de-la-reforma-electoral-propuesta-por-amlo\/"},"wordCount":298,"publisher":{"@id":"https:\/\/redamlo.com\/#organization"},"image":{"@id":"https:\/\/redamlo.com\/index.php\/2022\/12\/07\/diputados-aprueban-el-plan-b-de-la-reforma-electoral-propuesta-por-amlo\/#primaryimage"},"thumbnailUrl":"https:\/\/redamlo.com\/wp-content\/uploads\/2022\/12\/CAMARA_DE_DIP_PLENO.jpg","keywords":["AMLO","C\u00e1mara de Diputados","INE","Morena","Plan B de Reforma Electoral"],"articleSection":["Uncategorized"],"inLanguage":"es"},{"@type":"WebPage","@id":"https:\/\/redamlo.com\/index.php\/2022\/12\/07\/diputados-aprueban-el-plan-b-de-la-reforma-electoral-propuesta-por-amlo\/","url":"https:\/\/redamlo.com\/index.php\/2022\/12\/07\/diputados-aprueban-el-plan-b-de-la-reforma-electoral-propuesta-por-amlo\/","name":"Diputados aprueban el Plan B de la reforma Electoral propuesta por AMLO - NOTICIAS DE LA 4T","isPartOf":{"@id":"https:\/\/redamlo.com\/#website"},"primaryImageOfPage":{"@id":"https:\/\/redamlo.com\/index.php\/2022\/12\/07\/diputados-aprueban-el-plan-b-de-la-reforma-electoral-propuesta-por-amlo\/#primaryimage"},"image":{"@id":"https:\/\/redamlo.com\/index.php\/2022\/12\/07\/diputados-aprueban-el-plan-b-de-la-reforma-electoral-propuesta-por-amlo\/#primaryimage"},"thumbnailUrl":"https:\/\/redamlo.com\/wp-content\/uploads\/2022\/12\/CAMARA_DE_DIP_PLENO.jpg","datePublished":"2022-12-08T04:37:57+00:00","breadcrumb":{"@id":"https:\/\/redamlo.com\/index.php\/2022\/12\/07\/diputados-aprueban-el-plan-b-de-la-reforma-electoral-propuesta-por-amlo\/#breadcrumb"},"inLanguage":"es","potentialAction":[{"@type":"ReadAction","target":["https:\/\/redamlo.com\/index.php\/2022\/12\/07\/diputados-aprueban-el-plan-b-de-la-reforma-electoral-propuesta-por-amlo\/"]}]},{"@type":"ImageObject","inLanguage":"es","@id":"https:\/\/redamlo.com\/index.php\/2022\/12\/07\/diputados-aprueban-el-plan-b-de-la-reforma-electoral-propuesta-por-amlo\/#primaryimage","url":"https:\/\/redamlo.com\/wp-content\/uploads\/2022\/12\/CAMARA_DE_DIP_PLENO.jpg","contentUrl":"https:\/\/redamlo.com\/wp-content\/uploads\/2022\/12\/CAMARA_DE_DIP_PLENO.jpg","width":800,"height":533},{"@type":"BreadcrumbList","@id":"https:\/\/redamlo.com\/index.php\/2022\/12\/07\/diputados-aprueban-el-plan-b-de-la-reforma-electoral-propuesta-por-amlo\/#breadcrumb","itemListElement":[{"@type":"ListItem","position":1,"name":"Inicio","item":"https:\/\/redamlo.com\/"},{"@type":"ListItem","position":2,"name":"Diputados aprueban el Plan B de la reforma Electoral propuesta por AMLO"}]},{"@type":"WebSite","@id":"https:\/\/redamlo.com\/#website","url":"https:\/\/redamlo.com\/","name":"NOTICIAS DE LA 4T","description":"","publisher":{"@id":"https:\/\/redamlo.com\/#organization"},"potentialAction":[{"@type":"SearchAction","target":{"@type":"EntryPoint","urlTemplate":"https:\/\/redamlo.com\/?s={search_term_string}"},"query-input":{"@type":"PropertyValueSpecification","valueRequired":true,"valueName":"search_term_string"}}],"inLanguage":"es"},{"@type":"Organization","@id":"https:\/\/redamlo.com\/#organization","name":"NOTICIAS DE LA 4T","url":"https:\/\/redamlo.com\/","logo":{"@type":"ImageObject","inLanguage":"es","@id":"https:\/\/redamlo.com\/#\/schema\/logo\/image\/","url":"https:\/\/redamlo.com\/wp-content\/uploads\/2024\/08\/cropped-RED-AMLO-logo-50.png","contentUrl":"https:\/\/redamlo.com\/wp-content\/uploads\/2024\/08\/cropped-RED-AMLO-logo-50.png","width":256,"height":256,"caption":"NOTICIAS DE LA 4T"},"image":{"@id":"https:\/\/redamlo.com\/#\/schema\/logo\/image\/"}},{"@type":"Person","@id":"https:\/\/redamlo.com\/#\/schema\/person\/7223a4375eb8f1a782fcae010a7115cf","name":"Blanca","image":{"@type":"ImageObject","inLanguage":"es","@id":"https:\/\/secure.gravatar.com\/avatar\/3f79bc8336367a4e6093eae8757acaaf61d1124834b905616de7829b0273426d?s=96&d=mm&r=g","url":"https:\/\/secure.gravatar.com\/avatar\/3f79bc8336367a4e6093eae8757acaaf61d1124834b905616de7829b0273426d?s=96&d=mm&r=g","contentUrl":"https:\/\/secure.gravatar.com\/avatar\/3f79bc8336367a4e6093eae8757acaaf61d1124834b905616de7829b0273426d?s=96&d=mm&r=g","caption":"Blanca"},"url":"https:\/\/redamlo.com\/index.php\/author\/blanca\/"}]}},"_links":{"self":[{"href":"https:\/\/redamlo.com\/index.php\/wp-json\/wp\/v2\/posts\/6583","targetHints":{"allow":["GET"]}}],"collection":[{"href":"https:\/\/redamlo.com\/index.php\/wp-json\/wp\/v2\/posts"}],"about":[{"href":"https:\/\/redamlo.com\/index.php\/wp-json\/wp\/v2\/types\/post"}],"author":[{"embeddable":true,"href":"https:\/\/redamlo.com\/index.php\/wp-json\/wp\/v2\/users\/2"}],"replies":[{"embeddable":true,"href":"https:\/\/redamlo.com\/index.php\/wp-json\/wp\/v2\/comments?post=6583"}],"version-history":[{"count":0,"href":"https:\/\/redamlo.com\/index.php\/wp-json\/wp\/v2\/posts\/6583\/revisions"}],"wp:featuredmedia":[{"embeddable":true,"href":"https:\/\/redamlo.com\/index.php\/wp-json\/wp\/v2\/media\/6585"}],"wp:attachment":[{"href":"https:\/\/redamlo.com\/index.php\/wp-json\/wp\/v2\/media?parent=6583"}],"wp:term":[{"taxonomy":"category","embeddable":true,"href":"https:\/\/redamlo.com\/index.php\/wp-json\/wp\/v2\/categories?post=6583"},{"taxonomy":"post_tag","embeddable":true,"href":"https:\/\/redamlo.com\/index.php\/wp-json\/wp\/v2\/tags?post=6583"}],"curies":[{"name":"wp","href":"https:\/\/api.w.org\/{rel}","templated":true}]}}