{"id":6569,"date":"2022-11-27T21:44:25","date_gmt":"2022-11-28T03:44:25","guid":{"rendered":"https:\/\/redamlo.com\/?p=6569"},"modified":"2022-11-27T21:44:25","modified_gmt":"2022-11-28T03:44:25","slug":"en-mexico-hay-crecimiento-economico-y-programas-para-el-bienestar-benefician-al-85-por-ciento-del-pueblo-afirma-presidente","status":"publish","type":"post","link":"https:\/\/redamlo.com\/index.php\/2022\/11\/27\/en-mexico-hay-crecimiento-economico-y-programas-para-el-bienestar-benefician-al-85-por-ciento-del-pueblo-afirma-presidente\/","title":{"rendered":"EN M\u00c9XICO HAY CRECIMIENTO ECON\u00d3MICO Y PROGRAMAS PARA EL BIENESTAR BENEFICIAN AL 85 POR CIENTO DEL PUEBLO, AFIRMA PRESIDENTE"},"content":{"rendered":"<p>Durante el mensaje por\u00a0<strong>cuatro a\u00f1os de Transformaci\u00f3n<\/strong>, el presidente Andr\u00e9s Manuel L\u00f3pez Obrador destac\u00f3 que la econom\u00eda nacional ha crecido y que los\u00a0<a href=\"https:\/\/programasparaelbienestar.gob.mx\/\" target=\"_blank\" rel=\"noopener\">Programas para el Bienestar<\/a>\u00a0benefician a la mayor parte de la poblaci\u00f3n en M\u00e9xico.<\/p>\n<p>En el Z\u00f3calo de la Ciudad de M\u00e9xico, luego de encabezar la marcha a prop\u00f3sito del cuarto aniversario del inicio del gobierno, detall\u00f3 que el crecimiento econ\u00f3mico de M\u00e9xico rondar\u00e1 el 3.5 por ciento y espera se replique en 2023 y 2024.<\/p>\n<p>El jefe del Ejecutivo indic\u00f3 que la naci\u00f3n recuper\u00f3 su prestigio en el mundo y se considera una de las que tienen m\u00e1s potencial para recibir inversi\u00f3n extranjera directa, rubro en el que se han alcanzado niveles hist\u00f3ricos.<\/p>\n<blockquote><p>\u201cEn los primeros nueve meses de este a\u00f1o la inversi\u00f3n for\u00e1nea fue de 32 mil 147 millones de d\u00f3lares, creci\u00f3 en 29 por ciento en comparaci\u00f3n con el mismo periodo del a\u00f1o pasado\u201d, acot\u00f3.<\/p>\n<p>https:\/\/www.youtube.com\/watch?v=UMyhThWuWdw<\/p><\/blockquote>\n<p>Al pronunciar su discurso ante miles de personas reunidas en la m\u00e1xima plaza del pa\u00eds, el mandatario resalt\u00f3 que el subsidio a los combustibles ha sido fundamental para proteger la econom\u00eda popular. Refrend\u00f3 que no aumentar\u00e1n los impuestos ni los precios de las gasolinas, di\u00e9sel, gas y las tarifas de la energ\u00eda el\u00e9ctrica.<\/p>\n<blockquote><p>\u201cSi no tomamos la decisi\u00f3n de subsidiar la gasolina, no tendr\u00edamos una inflaci\u00f3n de 8.1, sino de 13 por ciento y la inflaci\u00f3n es un impuesto oneroso que afecta m\u00e1s a los pobres, a las mayor\u00edas. Tuvimos la suerte, porque la pol\u00edtica es virtud y es suerte, de que aument\u00f3 el precio del petr\u00f3leo crudo de exportaci\u00f3n, lo ten\u00edamos estimado en 60 d\u00f3lares al barril y lleg\u00f3 un tiempo a estar en 100 d\u00f3lares, ahora ya baj\u00f3 pero el promedio es de 80 d\u00f3lares y ah\u00ed tenemos un excedente, (&#8230;) y dijimos: si no se otorga un subsidio a la gasolina se va para arriba el precio de la gasolina y ustedes saben que cuando sube el precio de la gasolina aumenta todo. (&#8230;), vamos a controlar la inflaci\u00f3n con estos 338 mil millones (de pesos)\u201d, expuso.<\/p><\/blockquote>\n<p>Gracias a la recaudaci\u00f3n de impuestos a grandes empresas y bancos, mencion\u00f3, se fortalece la Hacienda P\u00fablica con un bill\u00f3n 890 mil millones de pesos adicionales en cuatro a\u00f1os y a pesar de la inflaci\u00f3n, dijo, los ingresos del gobierno federal se han incrementado en 460 mil millones de pesos, 3.7 por ciento en t\u00e9rminos reales, en relaci\u00f3n con el mismo periodo del a\u00f1o pasado.<\/p>\n<blockquote><p>\u201cFuncion\u00f3 nuestra estrategia\u201d, enfatiz\u00f3.<\/p><\/blockquote>\n<p>El Gobierno de la Cuarta Transformaci\u00f3n no ha contratado deuda nueva o adicional para el desarrollo nacional.<\/p>\n<p>Adem\u00e1s, la inversi\u00f3n p\u00fablica en obras de infraestructura y desarrollo ha crecido en 78 por ciento, hecho in\u00e9dito en d\u00e9cadas.<\/p>\n<h2>Programas para el Bienestar benefician a 30 millones de familias<\/h2>\n<p>De 35 millones de familias del pa\u00eds, 30 millones reciben de manera directa cuando menos una porci\u00f3n del presupuesto p\u00fablico a trav\u00e9s de los\u00a0<a href=\"https:\/\/programasparaelbienestar.gob.mx\/\" target=\"_blank\" rel=\"noopener\">Programas para el Bienestar<\/a>\u00a0como un acto de justicia, refiri\u00f3 el presidente L\u00f3pez Obrador en la Plaza de la Constituci\u00f3n acompa\u00f1ado del Gabinete Legal y Ampliado.<\/p>\n<p>Estos apoyan federales benefician a:<\/p>\n<ul>\n<li>Diez millones 500 mil adultos mayores con una pensi\u00f3n de 3 mil 850 pesos bimestrales. Para enero de 2023 este apoyo aumentar\u00e1 en 25 por ciento y otro tanto para 2024, esto se traducir\u00e1 en cinco veces m\u00e1s de lo que se otorgaba cuando inici\u00f3 el Gobierno de la Cuarta Transformaci\u00f3n.<\/li>\n<li>Un mill\u00f3n 300 mil personas con discapacidad reciben una pensi\u00f3n de 2 mil 800 pesos bimestrales y con la aportaci\u00f3n complementaria de gobiernos de 15 estados este apoyo es universal al incluir a la poblaci\u00f3n de 30 a 64 a\u00f1os.<\/li>\n<li>En los estados con mayor pobreza, como Chiapas, Guerrero y Oaxaca, casi todos los hogares reciben el beneficio de al menos un programa para el bienestar.<\/li>\n<li>Tres millones 732 mil familias con ni\u00f1as y ni\u00f1os de preescolar, primaria y secundaria reciben becas de mil 680 pesos bimestrales.<\/li>\n<li>En 113 mil 971 escuelas de educaci\u00f3n b\u00e1sica, las sociedades de madres y padres de familia reciben su presupuesto para el mantenimiento y rehabilitaci\u00f3n de los planteles educativos.<\/li>\n<li>Cuatro millones 155 mil estudiantes de bachillerato o escuelas p\u00fablicas de nivel medio superior reciben becas de mil 680 pesos bimestrales.<\/li>\n<li>Dos millones 339 mil personas de 18 a 29 a\u00f1os se han capacitado para el trabajo como aprendices con seguro social y un apoyo mensual de 5 mil 258 pesos a trav\u00e9s del programa\u00a0<a href=\"https:\/\/programasparaelbienestar.gob.mx\/jovenes-construyendo-el-futuro\/\" target=\"_blank\" rel=\"noopener\">J\u00f3venes Construyendo el Futuro<\/a>.<\/li>\n<li>410 mil estudiantes universitarios se les apoya con 2 mil 450 pesos mensuales.<\/li>\n<li>Se ayuda a 283 mil 535 madres trabajadoras con 800 pesos mensuales para que tengan a sus hijos en estancias infantiles.<\/li>\n<li>180 mil pescadores son beneficiados con 7 mil 200 pesos de forma anual.<\/li>\n<\/ul>\n<p>El presidente L\u00f3pez Obrador adelant\u00f3 que en breve se anunciar\u00e1 el aumento al salario m\u00ednimo. Confi\u00f3 que el resultado sea acordado por unanimidad entre el sector obrero, empresarial y el gobierno, y ronde en el 20 por ciento, \u201cporque as\u00ed llegar\u00edamos al final de nuestro gobierno con un incremento del 100 por ciento en t\u00e9rminos reales en todo el territorio nacional\u201d.<\/p>\n<p>En cuanto a creaci\u00f3n de empleo indic\u00f3 que hay 21 millones 722 mil 857 trabajadores inscritos en el Instituto Mexicano del Seguro Social con un salario promedio hist\u00f3rico de 14 mil 712 pesos mensuales.<\/p>\n","protected":false},"excerpt":{"rendered":"<p>Durante el mensaje por\u00a0cuatro a\u00f1os de Transformaci\u00f3n, el presidente Andr\u00e9s Manuel L\u00f3pez Obrador destac\u00f3 que&#8230;<\/p>\n","protected":false},"author":2,"featured_media":6571,"comment_status":"closed","ping_status":"closed","sticky":false,"template":"","format":"standard","meta":{"footnotes":""},"categories":[20,27],"tags":[2424,84,556,2420],"class_list":["post-6569","post","type-post","status-publish","format-standard","has-post-thumbnail","hentry","category-nacionales","category-presidencia","tag-4to-informe-de-gobierno","tag-amlo","tag-gobierno-de-mexico","tag-marcha-de-amlo"],"yoast_head":"<!-- This site is optimized with the Yoast SEO plugin v27.5 - https:\/\/yoast.com\/product\/yoast-seo-wordpress\/ -->\n<title>EN M\u00c9XICO HAY CRECIMIENTO ECON\u00d3MICO Y PROGRAMAS PARA EL BIENESTAR BENEFICIAN AL 85 POR CIENTO DEL PUEBLO, AFIRMA PRESIDENTE - NOTICIAS DE LA 4T<\/title>\n<meta name=\"robots\" content=\"noindex, follow, max-snippet:-1, max-image-preview:large, max-video-preview:-1\" \/>\n<meta property=\"og:locale\" content=\"es_MX\" \/>\n<meta property=\"og:type\" content=\"article\" \/>\n<meta property=\"og:title\" content=\"EN M\u00c9XICO HAY CRECIMIENTO ECON\u00d3MICO Y PROGRAMAS PARA EL BIENESTAR BENEFICIAN AL 85 POR CIENTO DEL PUEBLO, AFIRMA PRESIDENTE - NOTICIAS DE LA 4T\" \/>\n<meta property=\"og:description\" content=\"Durante el mensaje por\u00a0cuatro a\u00f1os de Transformaci\u00f3n, el presidente Andr\u00e9s Manuel L\u00f3pez Obrador destac\u00f3 que...\" \/>\n<meta property=\"og:url\" content=\"https:\/\/redamlo.com\/index.php\/2022\/11\/27\/en-mexico-hay-crecimiento-economico-y-programas-para-el-bienestar-benefician-al-85-por-ciento-del-pueblo-afirma-presidente\/\" \/>\n<meta property=\"og:site_name\" content=\"NOTICIAS DE LA 4T\" \/>\n<meta property=\"article:published_time\" content=\"2022-11-28T03:44:25+00:00\" \/>\n<meta property=\"og:image\" content=\"https:\/\/redamlo.com\/wp-content\/uploads\/2022\/11\/27-11-2022-Presidente-AMLO-Celebracion-por-4-A-de-Transformacion-09.jpg\" \/>\n\t<meta property=\"og:image:width\" content=\"1500\" \/>\n\t<meta property=\"og:image:height\" content=\"1000\" \/>\n\t<meta property=\"og:image:type\" content=\"image\/jpeg\" \/>\n<meta name=\"author\" content=\"Blanca\" \/>\n<meta name=\"twitter:card\" content=\"summary_large_image\" \/>\n<meta name=\"twitter:label1\" content=\"Escrito por\" \/>\n\t<meta name=\"twitter:data1\" content=\"Blanca\" \/>\n\t<meta name=\"twitter:label2\" content=\"Tiempo de lectura\" \/>\n\t<meta name=\"twitter:data2\" content=\"5 minutos\" \/>\n<script type=\"application\/ld+json\" class=\"yoast-schema-graph\">{\"@context\":\"https:\\\/\\\/schema.org\",\"@graph\":[{\"@type\":\"Article\",\"@id\":\"https:\\\/\\\/redamlo.com\\\/index.php\\\/2022\\\/11\\\/27\\\/en-mexico-hay-crecimiento-economico-y-programas-para-el-bienestar-benefician-al-85-por-ciento-del-pueblo-afirma-presidente\\\/#article\",\"isPartOf\":{\"@id\":\"https:\\\/\\\/redamlo.com\\\/index.php\\\/2022\\\/11\\\/27\\\/en-mexico-hay-crecimiento-economico-y-programas-para-el-bienestar-benefician-al-85-por-ciento-del-pueblo-afirma-presidente\\\/\"},\"author\":{\"name\":\"Blanca\",\"@id\":\"https:\\\/\\\/redamlo.com\\\/#\\\/schema\\\/person\\\/7223a4375eb8f1a782fcae010a7115cf\"},\"headline\":\"EN M\u00c9XICO HAY CRECIMIENTO ECON\u00d3MICO Y PROGRAMAS PARA EL BIENESTAR BENEFICIAN AL 85 POR CIENTO DEL PUEBLO, AFIRMA PRESIDENTE\",\"datePublished\":\"2022-11-28T03:44:25+00:00\",\"mainEntityOfPage\":{\"@id\":\"https:\\\/\\\/redamlo.com\\\/index.php\\\/2022\\\/11\\\/27\\\/en-mexico-hay-crecimiento-economico-y-programas-para-el-bienestar-benefician-al-85-por-ciento-del-pueblo-afirma-presidente\\\/\"},\"wordCount\":934,\"publisher\":{\"@id\":\"https:\\\/\\\/redamlo.com\\\/#organization\"},\"image\":{\"@id\":\"https:\\\/\\\/redamlo.com\\\/index.php\\\/2022\\\/11\\\/27\\\/en-mexico-hay-crecimiento-economico-y-programas-para-el-bienestar-benefician-al-85-por-ciento-del-pueblo-afirma-presidente\\\/#primaryimage\"},\"thumbnailUrl\":\"https:\\\/\\\/redamlo.com\\\/wp-content\\\/uploads\\\/2022\\\/11\\\/27-11-2022-Presidente-AMLO-Celebracion-por-4-A-de-Transformacion-09.jpg\",\"keywords\":[\"4to informe de gobierno\",\"AMLO\",\"Gobierno de M\u00e9xico\",\"Marcha de AMLO\"],\"articleSection\":[\"Nacionales\",\"Presidencia\"],\"inLanguage\":\"es\"},{\"@type\":\"WebPage\",\"@id\":\"https:\\\/\\\/redamlo.com\\\/index.php\\\/2022\\\/11\\\/27\\\/en-mexico-hay-crecimiento-economico-y-programas-para-el-bienestar-benefician-al-85-por-ciento-del-pueblo-afirma-presidente\\\/\",\"url\":\"https:\\\/\\\/redamlo.com\\\/index.php\\\/2022\\\/11\\\/27\\\/en-mexico-hay-crecimiento-economico-y-programas-para-el-bienestar-benefician-al-85-por-ciento-del-pueblo-afirma-presidente\\\/\",\"name\":\"EN M\u00c9XICO HAY CRECIMIENTO ECON\u00d3MICO Y PROGRAMAS PARA EL BIENESTAR BENEFICIAN AL 85 POR CIENTO DEL PUEBLO, AFIRMA PRESIDENTE - NOTICIAS DE LA 4T\",\"isPartOf\":{\"@id\":\"https:\\\/\\\/redamlo.com\\\/#website\"},\"primaryImageOfPage\":{\"@id\":\"https:\\\/\\\/redamlo.com\\\/index.php\\\/2022\\\/11\\\/27\\\/en-mexico-hay-crecimiento-economico-y-programas-para-el-bienestar-benefician-al-85-por-ciento-del-pueblo-afirma-presidente\\\/#primaryimage\"},\"image\":{\"@id\":\"https:\\\/\\\/redamlo.com\\\/index.php\\\/2022\\\/11\\\/27\\\/en-mexico-hay-crecimiento-economico-y-programas-para-el-bienestar-benefician-al-85-por-ciento-del-pueblo-afirma-presidente\\\/#primaryimage\"},\"thumbnailUrl\":\"https:\\\/\\\/redamlo.com\\\/wp-content\\\/uploads\\\/2022\\\/11\\\/27-11-2022-Presidente-AMLO-Celebracion-por-4-A-de-Transformacion-09.jpg\",\"datePublished\":\"2022-11-28T03:44:25+00:00\",\"breadcrumb\":{\"@id\":\"https:\\\/\\\/redamlo.com\\\/index.php\\\/2022\\\/11\\\/27\\\/en-mexico-hay-crecimiento-economico-y-programas-para-el-bienestar-benefician-al-85-por-ciento-del-pueblo-afirma-presidente\\\/#breadcrumb\"},\"inLanguage\":\"es\",\"potentialAction\":[{\"@type\":\"ReadAction\",\"target\":[\"https:\\\/\\\/redamlo.com\\\/index.php\\\/2022\\\/11\\\/27\\\/en-mexico-hay-crecimiento-economico-y-programas-para-el-bienestar-benefician-al-85-por-ciento-del-pueblo-afirma-presidente\\\/\"]}]},{\"@type\":\"ImageObject\",\"inLanguage\":\"es\",\"@id\":\"https:\\\/\\\/redamlo.com\\\/index.php\\\/2022\\\/11\\\/27\\\/en-mexico-hay-crecimiento-economico-y-programas-para-el-bienestar-benefician-al-85-por-ciento-del-pueblo-afirma-presidente\\\/#primaryimage\",\"url\":\"https:\\\/\\\/redamlo.com\\\/wp-content\\\/uploads\\\/2022\\\/11\\\/27-11-2022-Presidente-AMLO-Celebracion-por-4-A-de-Transformacion-09.jpg\",\"contentUrl\":\"https:\\\/\\\/redamlo.com\\\/wp-content\\\/uploads\\\/2022\\\/11\\\/27-11-2022-Presidente-AMLO-Celebracion-por-4-A-de-Transformacion-09.jpg\",\"width\":1500,\"height\":1000},{\"@type\":\"BreadcrumbList\",\"@id\":\"https:\\\/\\\/redamlo.com\\\/index.php\\\/2022\\\/11\\\/27\\\/en-mexico-hay-crecimiento-economico-y-programas-para-el-bienestar-benefician-al-85-por-ciento-del-pueblo-afirma-presidente\\\/#breadcrumb\",\"itemListElement\":[{\"@type\":\"ListItem\",\"position\":1,\"name\":\"Inicio\",\"item\":\"https:\\\/\\\/redamlo.com\\\/\"},{\"@type\":\"ListItem\",\"position\":2,\"name\":\"EN M\u00c9XICO HAY CRECIMIENTO ECON\u00d3MICO Y PROGRAMAS PARA EL BIENESTAR BENEFICIAN AL 85 POR CIENTO DEL PUEBLO, AFIRMA PRESIDENTE\"}]},{\"@type\":\"WebSite\",\"@id\":\"https:\\\/\\\/redamlo.com\\\/#website\",\"url\":\"https:\\\/\\\/redamlo.com\\\/\",\"name\":\"NOTICIAS DE LA 4T\",\"description\":\"\",\"publisher\":{\"@id\":\"https:\\\/\\\/redamlo.com\\\/#organization\"},\"potentialAction\":[{\"@type\":\"SearchAction\",\"target\":{\"@type\":\"EntryPoint\",\"urlTemplate\":\"https:\\\/\\\/redamlo.com\\\/?s={search_term_string}\"},\"query-input\":{\"@type\":\"PropertyValueSpecification\",\"valueRequired\":true,\"valueName\":\"search_term_string\"}}],\"inLanguage\":\"es\"},{\"@type\":\"Organization\",\"@id\":\"https:\\\/\\\/redamlo.com\\\/#organization\",\"name\":\"NOTICIAS DE LA 4T\",\"url\":\"https:\\\/\\\/redamlo.com\\\/\",\"logo\":{\"@type\":\"ImageObject\",\"inLanguage\":\"es\",\"@id\":\"https:\\\/\\\/redamlo.com\\\/#\\\/schema\\\/logo\\\/image\\\/\",\"url\":\"https:\\\/\\\/redamlo.com\\\/wp-content\\\/uploads\\\/2024\\\/08\\\/cropped-RED-AMLO-logo-50.png\",\"contentUrl\":\"https:\\\/\\\/redamlo.com\\\/wp-content\\\/uploads\\\/2024\\\/08\\\/cropped-RED-AMLO-logo-50.png\",\"width\":256,\"height\":256,\"caption\":\"NOTICIAS DE LA 4T\"},\"image\":{\"@id\":\"https:\\\/\\\/redamlo.com\\\/#\\\/schema\\\/logo\\\/image\\\/\"}},{\"@type\":\"Person\",\"@id\":\"https:\\\/\\\/redamlo.com\\\/#\\\/schema\\\/person\\\/7223a4375eb8f1a782fcae010a7115cf\",\"name\":\"Blanca\",\"image\":{\"@type\":\"ImageObject\",\"inLanguage\":\"es\",\"@id\":\"https:\\\/\\\/secure.gravatar.com\\\/avatar\\\/3f79bc8336367a4e6093eae8757acaaf61d1124834b905616de7829b0273426d?s=96&d=mm&r=g\",\"url\":\"https:\\\/\\\/secure.gravatar.com\\\/avatar\\\/3f79bc8336367a4e6093eae8757acaaf61d1124834b905616de7829b0273426d?s=96&d=mm&r=g\",\"contentUrl\":\"https:\\\/\\\/secure.gravatar.com\\\/avatar\\\/3f79bc8336367a4e6093eae8757acaaf61d1124834b905616de7829b0273426d?s=96&d=mm&r=g\",\"caption\":\"Blanca\"},\"url\":\"https:\\\/\\\/redamlo.com\\\/index.php\\\/author\\\/blanca\\\/\"}]}<\/script>\n<!-- \/ Yoast SEO plugin. -->","yoast_head_json":{"title":"EN M\u00c9XICO HAY CRECIMIENTO ECON\u00d3MICO Y PROGRAMAS PARA EL BIENESTAR BENEFICIAN AL 85 POR CIENTO DEL PUEBLO, AFIRMA PRESIDENTE - NOTICIAS DE LA 4T","robots":{"index":"noindex","follow":"follow","max-snippet":"max-snippet:-1","max-image-preview":"max-image-preview:large","max-video-preview":"max-video-preview:-1"},"og_locale":"es_MX","og_type":"article","og_title":"EN M\u00c9XICO HAY CRECIMIENTO ECON\u00d3MICO Y PROGRAMAS PARA EL BIENESTAR BENEFICIAN AL 85 POR CIENTO DEL PUEBLO, AFIRMA PRESIDENTE - NOTICIAS DE LA 4T","og_description":"Durante el mensaje por\u00a0cuatro a\u00f1os de Transformaci\u00f3n, el presidente Andr\u00e9s Manuel L\u00f3pez Obrador destac\u00f3 que...","og_url":"https:\/\/redamlo.com\/index.php\/2022\/11\/27\/en-mexico-hay-crecimiento-economico-y-programas-para-el-bienestar-benefician-al-85-por-ciento-del-pueblo-afirma-presidente\/","og_site_name":"NOTICIAS DE LA 4T","article_published_time":"2022-11-28T03:44:25+00:00","og_image":[{"width":1500,"height":1000,"url":"https:\/\/redamlo.com\/wp-content\/uploads\/2022\/11\/27-11-2022-Presidente-AMLO-Celebracion-por-4-A-de-Transformacion-09.jpg","type":"image\/jpeg"}],"author":"Blanca","twitter_card":"summary_large_image","twitter_misc":{"Escrito por":"Blanca","Tiempo de lectura":"5 minutos"},"schema":{"@context":"https:\/\/schema.org","@graph":[{"@type":"Article","@id":"https:\/\/redamlo.com\/index.php\/2022\/11\/27\/en-mexico-hay-crecimiento-economico-y-programas-para-el-bienestar-benefician-al-85-por-ciento-del-pueblo-afirma-presidente\/#article","isPartOf":{"@id":"https:\/\/redamlo.com\/index.php\/2022\/11\/27\/en-mexico-hay-crecimiento-economico-y-programas-para-el-bienestar-benefician-al-85-por-ciento-del-pueblo-afirma-presidente\/"},"author":{"name":"Blanca","@id":"https:\/\/redamlo.com\/#\/schema\/person\/7223a4375eb8f1a782fcae010a7115cf"},"headline":"EN M\u00c9XICO HAY CRECIMIENTO ECON\u00d3MICO Y PROGRAMAS PARA EL BIENESTAR BENEFICIAN AL 85 POR CIENTO DEL PUEBLO, AFIRMA PRESIDENTE","datePublished":"2022-11-28T03:44:25+00:00","mainEntityOfPage":{"@id":"https:\/\/redamlo.com\/index.php\/2022\/11\/27\/en-mexico-hay-crecimiento-economico-y-programas-para-el-bienestar-benefician-al-85-por-ciento-del-pueblo-afirma-presidente\/"},"wordCount":934,"publisher":{"@id":"https:\/\/redamlo.com\/#organization"},"image":{"@id":"https:\/\/redamlo.com\/index.php\/2022\/11\/27\/en-mexico-hay-crecimiento-economico-y-programas-para-el-bienestar-benefician-al-85-por-ciento-del-pueblo-afirma-presidente\/#primaryimage"},"thumbnailUrl":"https:\/\/redamlo.com\/wp-content\/uploads\/2022\/11\/27-11-2022-Presidente-AMLO-Celebracion-por-4-A-de-Transformacion-09.jpg","keywords":["4to informe de gobierno","AMLO","Gobierno de M\u00e9xico","Marcha de AMLO"],"articleSection":["Nacionales","Presidencia"],"inLanguage":"es"},{"@type":"WebPage","@id":"https:\/\/redamlo.com\/index.php\/2022\/11\/27\/en-mexico-hay-crecimiento-economico-y-programas-para-el-bienestar-benefician-al-85-por-ciento-del-pueblo-afirma-presidente\/","url":"https:\/\/redamlo.com\/index.php\/2022\/11\/27\/en-mexico-hay-crecimiento-economico-y-programas-para-el-bienestar-benefician-al-85-por-ciento-del-pueblo-afirma-presidente\/","name":"EN M\u00c9XICO HAY CRECIMIENTO ECON\u00d3MICO Y PROGRAMAS PARA EL BIENESTAR BENEFICIAN AL 85 POR CIENTO DEL PUEBLO, AFIRMA PRESIDENTE - NOTICIAS DE LA 4T","isPartOf":{"@id":"https:\/\/redamlo.com\/#website"},"primaryImageOfPage":{"@id":"https:\/\/redamlo.com\/index.php\/2022\/11\/27\/en-mexico-hay-crecimiento-economico-y-programas-para-el-bienestar-benefician-al-85-por-ciento-del-pueblo-afirma-presidente\/#primaryimage"},"image":{"@id":"https:\/\/redamlo.com\/index.php\/2022\/11\/27\/en-mexico-hay-crecimiento-economico-y-programas-para-el-bienestar-benefician-al-85-por-ciento-del-pueblo-afirma-presidente\/#primaryimage"},"thumbnailUrl":"https:\/\/redamlo.com\/wp-content\/uploads\/2022\/11\/27-11-2022-Presidente-AMLO-Celebracion-por-4-A-de-Transformacion-09.jpg","datePublished":"2022-11-28T03:44:25+00:00","breadcrumb":{"@id":"https:\/\/redamlo.com\/index.php\/2022\/11\/27\/en-mexico-hay-crecimiento-economico-y-programas-para-el-bienestar-benefician-al-85-por-ciento-del-pueblo-afirma-presidente\/#breadcrumb"},"inLanguage":"es","potentialAction":[{"@type":"ReadAction","target":["https:\/\/redamlo.com\/index.php\/2022\/11\/27\/en-mexico-hay-crecimiento-economico-y-programas-para-el-bienestar-benefician-al-85-por-ciento-del-pueblo-afirma-presidente\/"]}]},{"@type":"ImageObject","inLanguage":"es","@id":"https:\/\/redamlo.com\/index.php\/2022\/11\/27\/en-mexico-hay-crecimiento-economico-y-programas-para-el-bienestar-benefician-al-85-por-ciento-del-pueblo-afirma-presidente\/#primaryimage","url":"https:\/\/redamlo.com\/wp-content\/uploads\/2022\/11\/27-11-2022-Presidente-AMLO-Celebracion-por-4-A-de-Transformacion-09.jpg","contentUrl":"https:\/\/redamlo.com\/wp-content\/uploads\/2022\/11\/27-11-2022-Presidente-AMLO-Celebracion-por-4-A-de-Transformacion-09.jpg","width":1500,"height":1000},{"@type":"BreadcrumbList","@id":"https:\/\/redamlo.com\/index.php\/2022\/11\/27\/en-mexico-hay-crecimiento-economico-y-programas-para-el-bienestar-benefician-al-85-por-ciento-del-pueblo-afirma-presidente\/#breadcrumb","itemListElement":[{"@type":"ListItem","position":1,"name":"Inicio","item":"https:\/\/redamlo.com\/"},{"@type":"ListItem","position":2,"name":"EN M\u00c9XICO HAY CRECIMIENTO ECON\u00d3MICO Y PROGRAMAS PARA EL BIENESTAR BENEFICIAN AL 85 POR CIENTO DEL PUEBLO, AFIRMA PRESIDENTE"}]},{"@type":"WebSite","@id":"https:\/\/redamlo.com\/#website","url":"https:\/\/redamlo.com\/","name":"NOTICIAS DE LA 4T","description":"","publisher":{"@id":"https:\/\/redamlo.com\/#organization"},"potentialAction":[{"@type":"SearchAction","target":{"@type":"EntryPoint","urlTemplate":"https:\/\/redamlo.com\/?s={search_term_string}"},"query-input":{"@type":"PropertyValueSpecification","valueRequired":true,"valueName":"search_term_string"}}],"inLanguage":"es"},{"@type":"Organization","@id":"https:\/\/redamlo.com\/#organization","name":"NOTICIAS DE LA 4T","url":"https:\/\/redamlo.com\/","logo":{"@type":"ImageObject","inLanguage":"es","@id":"https:\/\/redamlo.com\/#\/schema\/logo\/image\/","url":"https:\/\/redamlo.com\/wp-content\/uploads\/2024\/08\/cropped-RED-AMLO-logo-50.png","contentUrl":"https:\/\/redamlo.com\/wp-content\/uploads\/2024\/08\/cropped-RED-AMLO-logo-50.png","width":256,"height":256,"caption":"NOTICIAS DE LA 4T"},"image":{"@id":"https:\/\/redamlo.com\/#\/schema\/logo\/image\/"}},{"@type":"Person","@id":"https:\/\/redamlo.com\/#\/schema\/person\/7223a4375eb8f1a782fcae010a7115cf","name":"Blanca","image":{"@type":"ImageObject","inLanguage":"es","@id":"https:\/\/secure.gravatar.com\/avatar\/3f79bc8336367a4e6093eae8757acaaf61d1124834b905616de7829b0273426d?s=96&d=mm&r=g","url":"https:\/\/secure.gravatar.com\/avatar\/3f79bc8336367a4e6093eae8757acaaf61d1124834b905616de7829b0273426d?s=96&d=mm&r=g","contentUrl":"https:\/\/secure.gravatar.com\/avatar\/3f79bc8336367a4e6093eae8757acaaf61d1124834b905616de7829b0273426d?s=96&d=mm&r=g","caption":"Blanca"},"url":"https:\/\/redamlo.com\/index.php\/author\/blanca\/"}]}},"_links":{"self":[{"href":"https:\/\/redamlo.com\/index.php\/wp-json\/wp\/v2\/posts\/6569","targetHints":{"allow":["GET"]}}],"collection":[{"href":"https:\/\/redamlo.com\/index.php\/wp-json\/wp\/v2\/posts"}],"about":[{"href":"https:\/\/redamlo.com\/index.php\/wp-json\/wp\/v2\/types\/post"}],"author":[{"embeddable":true,"href":"https:\/\/redamlo.com\/index.php\/wp-json\/wp\/v2\/users\/2"}],"replies":[{"embeddable":true,"href":"https:\/\/redamlo.com\/index.php\/wp-json\/wp\/v2\/comments?post=6569"}],"version-history":[{"count":0,"href":"https:\/\/redamlo.com\/index.php\/wp-json\/wp\/v2\/posts\/6569\/revisions"}],"wp:featuredmedia":[{"embeddable":true,"href":"https:\/\/redamlo.com\/index.php\/wp-json\/wp\/v2\/media\/6571"}],"wp:attachment":[{"href":"https:\/\/redamlo.com\/index.php\/wp-json\/wp\/v2\/media?parent=6569"}],"wp:term":[{"taxonomy":"category","embeddable":true,"href":"https:\/\/redamlo.com\/index.php\/wp-json\/wp\/v2\/categories?post=6569"},{"taxonomy":"post_tag","embeddable":true,"href":"https:\/\/redamlo.com\/index.php\/wp-json\/wp\/v2\/tags?post=6569"}],"curies":[{"name":"wp","href":"https:\/\/api.w.org\/{rel}","templated":true}]}}