{"id":6565,"date":"2022-11-27T21:39:47","date_gmt":"2022-11-28T03:39:47","guid":{"rendered":"https:\/\/redamlo.com\/?p=6565"},"modified":"2022-11-27T21:39:47","modified_gmt":"2022-11-28T03:39:47","slug":"humanismo-mexicano-es-el-modelo-de-gobierno-de-la-cuarta-transformacion-afirma-presidente-en-aniversario-4-del-inicio-de-su-administracion","status":"publish","type":"post","link":"https:\/\/redamlo.com\/index.php\/2022\/11\/27\/humanismo-mexicano-es-el-modelo-de-gobierno-de-la-cuarta-transformacion-afirma-presidente-en-aniversario-4-del-inicio-de-su-administracion\/","title":{"rendered":"&#8216;HUMANISMO MEXICANO&#8217; ES EL MODELO DE GOBIERNO DE LA CUARTA TRANSFORMACI\u00d3N, AFIRMA PRESIDENTE EN ANIVERSARIO 4 DEL INICIO DE SU ADMINISTRACI\u00d3N\u200b\u200b\u200b\u200b\u200b\u200b\u200b"},"content":{"rendered":"<blockquote><p>\u201cSigamos haciendo historia. Continuemos impulsando la revoluci\u00f3n de las conciencias. Hagamos realidad y gloria el Humanismo Mexicano\u201d, exclam\u00f3 el presidente Andr\u00e9s Manuel L\u00f3pez Obrador ante miles de personas que lo acompa\u00f1aron en la celebraci\u00f3n por cuatro a\u00f1os de la Cuarta Transformaci\u00f3n.<\/p><\/blockquote>\n<p>En el Z\u00f3calo de la Ciudad de M\u00e9xico, el jefe del Ejecutivo present\u00f3 110 acciones y logros de la administraci\u00f3n que encabeza, guiada por principios pol\u00edticos, econ\u00f3micos y sociales a los que denomin\u00f3 &#8216;Humanismo Mexicano&#8217;.<\/p>\n<p>\u201cAun cuando lo fundamental son los hechos, no deja de importar c\u00f3mo definir, en el terreno te\u00f3rico, el modelo de gobierno que estamos aplicando. Mi propuesta ser\u00eda llamarle: &#8216;Humanismo Mexicano&#8217; no solo por la frase atribuida al literato romano Publio Terencio, de que: \u2018nada humano nos es ajeno\u2019, sino porque, nutri\u00e9ndose de ideas universales, lo esencial de nuestro proyecto proviene de nuestra grandeza cultural milenaria y de nuestra excepcional y fecunda historia pol\u00edtica\u201d, explic\u00f3.<\/p>\n<p><iframe loading=\"lazy\" title=\"Celebraci\u00f3n por 4 A\u00f1os de Transformaci\u00f3n\" width=\"640\" height=\"360\" src=\"https:\/\/www.youtube.com\/embed\/UMyhThWuWdw?feature=oembed\" frameborder=\"0\" allow=\"accelerometer; autoplay; clipboard-write; encrypted-media; gyroscope; picture-in-picture; web-share\" referrerpolicy=\"strict-origin-when-cross-origin\" allowfullscreen><\/iframe><\/p>\n<p>Tras encabezar la marcha, que inici\u00f3 a las 9:00 horas en el \u00c1ngel de la Independencia, afirm\u00f3 que la nueva pol\u00edtica econ\u00f3mica, moral y social consiste en fomentar el progreso con justicia, es decir, la distribuci\u00f3n equitativa del ingreso y la riqueza.<\/p>\n<blockquote><p>\u201cEl fin \u00faltimo de un Estado es crear las condiciones para que la gente pueda vivir feliz y libre de miserias y temores. (&#8230;) El aumento al salario, el reparto de utilidades y los Programas para el Bienestar se han convertido en nuevos y eficaces medios para la distribuci\u00f3n m\u00e1s justa de la riqueza\u201d, asever\u00f3.<\/p><\/blockquote>\n<p>M\u00e1s all\u00e1 del crecimiento econ\u00f3mico \u2013el cual aumentar\u00e1 3.5 por ciento este a\u00f1o y para 2023 y 2024 se prev\u00e9 que ser\u00e1 del mismo porcentaje\u2013, es fundamental desterrar la corrupci\u00f3n y los privilegios para destinar lo obtenido y ahorrado en beneficio de la mayor\u00eda del pueblo, particularmente a los m\u00e1s pobres y marginados, dijo el mandatario.<\/p>\n<blockquote><p>\u201c\u2018Por el bien de todos, primero los pobres\u2019. Esta frase debiera ser la esencia de la actividad pol\u00edtica porque es sin\u00f3nimo de humanismo y una forma distinta de entender la importancia del poder, cuyo ejercicio, como he dicho muchas veces, solo es puro y virtuoso cuando se pone al servicio de los dem\u00e1s\u201d, enfatiz\u00f3.<\/p><\/blockquote>\n<p>Durante su mensaje a la poblaci\u00f3n al arribar a la Plaza de la Constituci\u00f3n alrededor de las 15:00 horas, el presidente destac\u00f3 que el Plan de Austeridad Republicana, por ejemplo, ha permitido ahorrar 574 mil millones de pesos y la reducci\u00f3n del gasto en publicidad del gobierno gener\u00f3 42 mil millones de pesos extra.<\/p>\n<p>Esos recursos, acot\u00f3, se destinan a la poblaci\u00f3n a trav\u00e9s de obras de infraestructura y Programas para el Bienestar, que actualmente llegan a 30 millones de familias del pa\u00eds, es decir, al 85 por ciento de los hogares.<\/p>\n<blockquote><p>\u201cAtender a los m\u00e1s pobres es tambi\u00e9n ir a la segura para contar con el apoyo de muchos cuando se busca transformar una realidad de opresi\u00f3n y alcanzar el ideal de vivir en una sociedad mejor, m\u00e1s justa, igualitaria y fraterna\u201d, asever\u00f3.<\/p><\/blockquote>\n<p>Retomando los ideales de personajes hist\u00f3ricos como Miguel Hidalgo y Costilla y Francisco I. Madero, el mandatario refrend\u00f3 que la Cuarta Transformaci\u00f3n no acepta el derrotismo y apuesta por las libertades; adem\u00e1s, defiende la democracia y tiene un profundo amor al pueblo.<\/p>\n<blockquote><p>\u201c\u00bfQui\u00e9n defiende realmente a un gobierno democr\u00e1tico? El pueblo. (&#8230;) \u00bfQui\u00e9n respalda la Cuarta Transformaci\u00f3n? El pueblo. Por eso nunca jam\u00e1s vamos a traicionar al pueblo. (&#8230;) Algo b\u00e1sico y esencial: nada se logra sin amor al pueblo\u201d, remarc\u00f3.<\/p><\/blockquote>\n<p>Antes de concluir su mensaje envi\u00f3 una reflexi\u00f3n a toda persona que desee aspirar a cargos de elecci\u00f3n popular y afirm\u00f3 que ya pasaron las \u00e9pocas en las que los pol\u00edticos pod\u00edan simular para ganar la simpat\u00eda de los votantes.<\/p>\n<blockquote><p>Asegur\u00f3 que ahora \u201clo principal es tenerle amor al pueblo. (&#8230;) Sin ese sincero sentimiento, nada bueno se puede hacer en la vida y menos en la pol\u00edtica. (&#8230;) La aut\u00e9ntica pol\u00edtica es profundamente humana en su fundamento, esencia y, sobre todo, cuando se practica en bien de todos y de los pobres en especial\u201d, subray\u00f3.<\/p><\/blockquote>\n<p>El presidente L\u00f3pez Obrador agradeci\u00f3 a las y los servidores p\u00fablicos que lo acompa\u00f1an en el gobierno federal, especialmente a integrantes del Gabinete Legal y Ampliado, quienes marcharon junto a \u00e9l este d\u00eda para conmemorar el cuarto aniversario de la transformaci\u00f3n del pa\u00eds.<\/p>\n","protected":false},"excerpt":{"rendered":"<p>\u201cSigamos haciendo historia. Continuemos impulsando la revoluci\u00f3n de las conciencias. Hagamos realidad y gloria el&#8230;<\/p>\n","protected":false},"author":2,"featured_media":6568,"comment_status":"closed","ping_status":"closed","sticky":false,"template":"","format":"standard","meta":{"footnotes":""},"categories":[20,27],"tags":[2424,84,556,2420],"class_list":["post-6565","post","type-post","status-publish","format-standard","has-post-thumbnail","hentry","category-nacionales","category-presidencia","tag-4to-informe-de-gobierno","tag-amlo","tag-gobierno-de-mexico","tag-marcha-de-amlo"],"yoast_head":"<!-- This site is optimized with the Yoast SEO plugin v27.5 - https:\/\/yoast.com\/product\/yoast-seo-wordpress\/ -->\n<title>&#039;HUMANISMO MEXICANO&#039; ES EL MODELO DE GOBIERNO DE LA CUARTA TRANSFORMACI\u00d3N, AFIRMA PRESIDENTE EN ANIVERSARIO 4 DEL INICIO DE SU ADMINISTRACI\u00d3N\u200b\u200b\u200b\u200b\u200b\u200b\u200b - NOTICIAS DE LA 4T<\/title>\n<meta name=\"robots\" content=\"noindex, follow, max-snippet:-1, max-image-preview:large, max-video-preview:-1\" \/>\n<meta property=\"og:locale\" content=\"es_MX\" \/>\n<meta property=\"og:type\" content=\"article\" \/>\n<meta property=\"og:title\" content=\"&#039;HUMANISMO MEXICANO&#039; ES EL MODELO DE GOBIERNO DE LA CUARTA TRANSFORMACI\u00d3N, AFIRMA PRESIDENTE EN ANIVERSARIO 4 DEL INICIO DE SU ADMINISTRACI\u00d3N\u200b\u200b\u200b\u200b\u200b\u200b\u200b - NOTICIAS DE LA 4T\" \/>\n<meta property=\"og:description\" content=\"\u201cSigamos haciendo historia. Continuemos impulsando la revoluci\u00f3n de las conciencias. Hagamos realidad y gloria el...\" \/>\n<meta property=\"og:url\" content=\"https:\/\/redamlo.com\/index.php\/2022\/11\/27\/humanismo-mexicano-es-el-modelo-de-gobierno-de-la-cuarta-transformacion-afirma-presidente-en-aniversario-4-del-inicio-de-su-administracion\/\" \/>\n<meta property=\"og:site_name\" content=\"NOTICIAS DE LA 4T\" \/>\n<meta property=\"article:published_time\" content=\"2022-11-28T03:39:47+00:00\" \/>\n<meta property=\"og:image\" content=\"https:\/\/redamlo.com\/wp-content\/uploads\/2022\/11\/27-11-2022-4-ANOS-DE-TRANSFORMACION-FOTO-01.jpg\" \/>\n\t<meta property=\"og:image:width\" content=\"1500\" \/>\n\t<meta property=\"og:image:height\" content=\"1000\" \/>\n\t<meta property=\"og:image:type\" content=\"image\/jpeg\" \/>\n<meta name=\"author\" content=\"Blanca\" \/>\n<meta name=\"twitter:card\" content=\"summary_large_image\" \/>\n<meta name=\"twitter:label1\" content=\"Escrito por\" \/>\n\t<meta name=\"twitter:data1\" content=\"Blanca\" \/>\n\t<meta name=\"twitter:label2\" content=\"Tiempo de lectura\" \/>\n\t<meta name=\"twitter:data2\" content=\"4 minutos\" \/>\n<script type=\"application\/ld+json\" class=\"yoast-schema-graph\">{\"@context\":\"https:\\\/\\\/schema.org\",\"@graph\":[{\"@type\":\"Article\",\"@id\":\"https:\\\/\\\/redamlo.com\\\/index.php\\\/2022\\\/11\\\/27\\\/humanismo-mexicano-es-el-modelo-de-gobierno-de-la-cuarta-transformacion-afirma-presidente-en-aniversario-4-del-inicio-de-su-administracion\\\/#article\",\"isPartOf\":{\"@id\":\"https:\\\/\\\/redamlo.com\\\/index.php\\\/2022\\\/11\\\/27\\\/humanismo-mexicano-es-el-modelo-de-gobierno-de-la-cuarta-transformacion-afirma-presidente-en-aniversario-4-del-inicio-de-su-administracion\\\/\"},\"author\":{\"name\":\"Blanca\",\"@id\":\"https:\\\/\\\/redamlo.com\\\/#\\\/schema\\\/person\\\/7223a4375eb8f1a782fcae010a7115cf\"},\"headline\":\"&#8216;HUMANISMO MEXICANO&#8217; ES EL MODELO DE GOBIERNO DE LA CUARTA TRANSFORMACI\u00d3N, AFIRMA PRESIDENTE EN ANIVERSARIO 4 DEL INICIO DE SU ADMINISTRACI\u00d3N\u200b\u200b\u200b\u200b\u200b\u200b\u200b\",\"datePublished\":\"2022-11-28T03:39:47+00:00\",\"mainEntityOfPage\":{\"@id\":\"https:\\\/\\\/redamlo.com\\\/index.php\\\/2022\\\/11\\\/27\\\/humanismo-mexicano-es-el-modelo-de-gobierno-de-la-cuarta-transformacion-afirma-presidente-en-aniversario-4-del-inicio-de-su-administracion\\\/\"},\"wordCount\":789,\"publisher\":{\"@id\":\"https:\\\/\\\/redamlo.com\\\/#organization\"},\"image\":{\"@id\":\"https:\\\/\\\/redamlo.com\\\/index.php\\\/2022\\\/11\\\/27\\\/humanismo-mexicano-es-el-modelo-de-gobierno-de-la-cuarta-transformacion-afirma-presidente-en-aniversario-4-del-inicio-de-su-administracion\\\/#primaryimage\"},\"thumbnailUrl\":\"https:\\\/\\\/redamlo.com\\\/wp-content\\\/uploads\\\/2022\\\/11\\\/27-11-2022-4-ANOS-DE-TRANSFORMACION-FOTO-01.jpg\",\"keywords\":[\"4to informe de gobierno\",\"AMLO\",\"Gobierno de M\u00e9xico\",\"Marcha de AMLO\"],\"articleSection\":[\"Nacionales\",\"Presidencia\"],\"inLanguage\":\"es\"},{\"@type\":\"WebPage\",\"@id\":\"https:\\\/\\\/redamlo.com\\\/index.php\\\/2022\\\/11\\\/27\\\/humanismo-mexicano-es-el-modelo-de-gobierno-de-la-cuarta-transformacion-afirma-presidente-en-aniversario-4-del-inicio-de-su-administracion\\\/\",\"url\":\"https:\\\/\\\/redamlo.com\\\/index.php\\\/2022\\\/11\\\/27\\\/humanismo-mexicano-es-el-modelo-de-gobierno-de-la-cuarta-transformacion-afirma-presidente-en-aniversario-4-del-inicio-de-su-administracion\\\/\",\"name\":\"'HUMANISMO MEXICANO' ES EL MODELO DE GOBIERNO DE LA CUARTA TRANSFORMACI\u00d3N, AFIRMA PRESIDENTE EN ANIVERSARIO 4 DEL INICIO DE SU ADMINISTRACI\u00d3N\u200b\u200b\u200b\u200b\u200b\u200b\u200b - NOTICIAS DE LA 4T\",\"isPartOf\":{\"@id\":\"https:\\\/\\\/redamlo.com\\\/#website\"},\"primaryImageOfPage\":{\"@id\":\"https:\\\/\\\/redamlo.com\\\/index.php\\\/2022\\\/11\\\/27\\\/humanismo-mexicano-es-el-modelo-de-gobierno-de-la-cuarta-transformacion-afirma-presidente-en-aniversario-4-del-inicio-de-su-administracion\\\/#primaryimage\"},\"image\":{\"@id\":\"https:\\\/\\\/redamlo.com\\\/index.php\\\/2022\\\/11\\\/27\\\/humanismo-mexicano-es-el-modelo-de-gobierno-de-la-cuarta-transformacion-afirma-presidente-en-aniversario-4-del-inicio-de-su-administracion\\\/#primaryimage\"},\"thumbnailUrl\":\"https:\\\/\\\/redamlo.com\\\/wp-content\\\/uploads\\\/2022\\\/11\\\/27-11-2022-4-ANOS-DE-TRANSFORMACION-FOTO-01.jpg\",\"datePublished\":\"2022-11-28T03:39:47+00:00\",\"breadcrumb\":{\"@id\":\"https:\\\/\\\/redamlo.com\\\/index.php\\\/2022\\\/11\\\/27\\\/humanismo-mexicano-es-el-modelo-de-gobierno-de-la-cuarta-transformacion-afirma-presidente-en-aniversario-4-del-inicio-de-su-administracion\\\/#breadcrumb\"},\"inLanguage\":\"es\",\"potentialAction\":[{\"@type\":\"ReadAction\",\"target\":[\"https:\\\/\\\/redamlo.com\\\/index.php\\\/2022\\\/11\\\/27\\\/humanismo-mexicano-es-el-modelo-de-gobierno-de-la-cuarta-transformacion-afirma-presidente-en-aniversario-4-del-inicio-de-su-administracion\\\/\"]}]},{\"@type\":\"ImageObject\",\"inLanguage\":\"es\",\"@id\":\"https:\\\/\\\/redamlo.com\\\/index.php\\\/2022\\\/11\\\/27\\\/humanismo-mexicano-es-el-modelo-de-gobierno-de-la-cuarta-transformacion-afirma-presidente-en-aniversario-4-del-inicio-de-su-administracion\\\/#primaryimage\",\"url\":\"https:\\\/\\\/redamlo.com\\\/wp-content\\\/uploads\\\/2022\\\/11\\\/27-11-2022-4-ANOS-DE-TRANSFORMACION-FOTO-01.jpg\",\"contentUrl\":\"https:\\\/\\\/redamlo.com\\\/wp-content\\\/uploads\\\/2022\\\/11\\\/27-11-2022-4-ANOS-DE-TRANSFORMACION-FOTO-01.jpg\",\"width\":1500,\"height\":1000},{\"@type\":\"BreadcrumbList\",\"@id\":\"https:\\\/\\\/redamlo.com\\\/index.php\\\/2022\\\/11\\\/27\\\/humanismo-mexicano-es-el-modelo-de-gobierno-de-la-cuarta-transformacion-afirma-presidente-en-aniversario-4-del-inicio-de-su-administracion\\\/#breadcrumb\",\"itemListElement\":[{\"@type\":\"ListItem\",\"position\":1,\"name\":\"Inicio\",\"item\":\"https:\\\/\\\/redamlo.com\\\/\"},{\"@type\":\"ListItem\",\"position\":2,\"name\":\"&#8216;HUMANISMO MEXICANO&#8217; ES EL MODELO DE GOBIERNO DE LA CUARTA TRANSFORMACI\u00d3N, AFIRMA PRESIDENTE EN ANIVERSARIO 4 DEL INICIO DE SU ADMINISTRACI\u00d3N\u200b\u200b\u200b\u200b\u200b\u200b\u200b\"}]},{\"@type\":\"WebSite\",\"@id\":\"https:\\\/\\\/redamlo.com\\\/#website\",\"url\":\"https:\\\/\\\/redamlo.com\\\/\",\"name\":\"NOTICIAS DE LA 4T\",\"description\":\"\",\"publisher\":{\"@id\":\"https:\\\/\\\/redamlo.com\\\/#organization\"},\"potentialAction\":[{\"@type\":\"SearchAction\",\"target\":{\"@type\":\"EntryPoint\",\"urlTemplate\":\"https:\\\/\\\/redamlo.com\\\/?s={search_term_string}\"},\"query-input\":{\"@type\":\"PropertyValueSpecification\",\"valueRequired\":true,\"valueName\":\"search_term_string\"}}],\"inLanguage\":\"es\"},{\"@type\":\"Organization\",\"@id\":\"https:\\\/\\\/redamlo.com\\\/#organization\",\"name\":\"NOTICIAS DE LA 4T\",\"url\":\"https:\\\/\\\/redamlo.com\\\/\",\"logo\":{\"@type\":\"ImageObject\",\"inLanguage\":\"es\",\"@id\":\"https:\\\/\\\/redamlo.com\\\/#\\\/schema\\\/logo\\\/image\\\/\",\"url\":\"https:\\\/\\\/redamlo.com\\\/wp-content\\\/uploads\\\/2024\\\/08\\\/cropped-RED-AMLO-logo-50.png\",\"contentUrl\":\"https:\\\/\\\/redamlo.com\\\/wp-content\\\/uploads\\\/2024\\\/08\\\/cropped-RED-AMLO-logo-50.png\",\"width\":256,\"height\":256,\"caption\":\"NOTICIAS DE LA 4T\"},\"image\":{\"@id\":\"https:\\\/\\\/redamlo.com\\\/#\\\/schema\\\/logo\\\/image\\\/\"}},{\"@type\":\"Person\",\"@id\":\"https:\\\/\\\/redamlo.com\\\/#\\\/schema\\\/person\\\/7223a4375eb8f1a782fcae010a7115cf\",\"name\":\"Blanca\",\"image\":{\"@type\":\"ImageObject\",\"inLanguage\":\"es\",\"@id\":\"https:\\\/\\\/secure.gravatar.com\\\/avatar\\\/3f79bc8336367a4e6093eae8757acaaf61d1124834b905616de7829b0273426d?s=96&d=mm&r=g\",\"url\":\"https:\\\/\\\/secure.gravatar.com\\\/avatar\\\/3f79bc8336367a4e6093eae8757acaaf61d1124834b905616de7829b0273426d?s=96&d=mm&r=g\",\"contentUrl\":\"https:\\\/\\\/secure.gravatar.com\\\/avatar\\\/3f79bc8336367a4e6093eae8757acaaf61d1124834b905616de7829b0273426d?s=96&d=mm&r=g\",\"caption\":\"Blanca\"},\"url\":\"https:\\\/\\\/redamlo.com\\\/index.php\\\/author\\\/blanca\\\/\"}]}<\/script>\n<!-- \/ Yoast SEO plugin. -->","yoast_head_json":{"title":"'HUMANISMO MEXICANO' ES EL MODELO DE GOBIERNO DE LA CUARTA TRANSFORMACI\u00d3N, AFIRMA PRESIDENTE EN ANIVERSARIO 4 DEL INICIO DE SU ADMINISTRACI\u00d3N\u200b\u200b\u200b\u200b\u200b\u200b\u200b - NOTICIAS DE LA 4T","robots":{"index":"noindex","follow":"follow","max-snippet":"max-snippet:-1","max-image-preview":"max-image-preview:large","max-video-preview":"max-video-preview:-1"},"og_locale":"es_MX","og_type":"article","og_title":"'HUMANISMO MEXICANO' ES EL MODELO DE GOBIERNO DE LA CUARTA TRANSFORMACI\u00d3N, AFIRMA PRESIDENTE EN ANIVERSARIO 4 DEL INICIO DE SU ADMINISTRACI\u00d3N\u200b\u200b\u200b\u200b\u200b\u200b\u200b - NOTICIAS DE LA 4T","og_description":"\u201cSigamos haciendo historia. Continuemos impulsando la revoluci\u00f3n de las conciencias. Hagamos realidad y gloria el...","og_url":"https:\/\/redamlo.com\/index.php\/2022\/11\/27\/humanismo-mexicano-es-el-modelo-de-gobierno-de-la-cuarta-transformacion-afirma-presidente-en-aniversario-4-del-inicio-de-su-administracion\/","og_site_name":"NOTICIAS DE LA 4T","article_published_time":"2022-11-28T03:39:47+00:00","og_image":[{"width":1500,"height":1000,"url":"https:\/\/redamlo.com\/wp-content\/uploads\/2022\/11\/27-11-2022-4-ANOS-DE-TRANSFORMACION-FOTO-01.jpg","type":"image\/jpeg"}],"author":"Blanca","twitter_card":"summary_large_image","twitter_misc":{"Escrito por":"Blanca","Tiempo de lectura":"4 minutos"},"schema":{"@context":"https:\/\/schema.org","@graph":[{"@type":"Article","@id":"https:\/\/redamlo.com\/index.php\/2022\/11\/27\/humanismo-mexicano-es-el-modelo-de-gobierno-de-la-cuarta-transformacion-afirma-presidente-en-aniversario-4-del-inicio-de-su-administracion\/#article","isPartOf":{"@id":"https:\/\/redamlo.com\/index.php\/2022\/11\/27\/humanismo-mexicano-es-el-modelo-de-gobierno-de-la-cuarta-transformacion-afirma-presidente-en-aniversario-4-del-inicio-de-su-administracion\/"},"author":{"name":"Blanca","@id":"https:\/\/redamlo.com\/#\/schema\/person\/7223a4375eb8f1a782fcae010a7115cf"},"headline":"&#8216;HUMANISMO MEXICANO&#8217; ES EL MODELO DE GOBIERNO DE LA CUARTA TRANSFORMACI\u00d3N, AFIRMA PRESIDENTE EN ANIVERSARIO 4 DEL INICIO DE SU ADMINISTRACI\u00d3N\u200b\u200b\u200b\u200b\u200b\u200b\u200b","datePublished":"2022-11-28T03:39:47+00:00","mainEntityOfPage":{"@id":"https:\/\/redamlo.com\/index.php\/2022\/11\/27\/humanismo-mexicano-es-el-modelo-de-gobierno-de-la-cuarta-transformacion-afirma-presidente-en-aniversario-4-del-inicio-de-su-administracion\/"},"wordCount":789,"publisher":{"@id":"https:\/\/redamlo.com\/#organization"},"image":{"@id":"https:\/\/redamlo.com\/index.php\/2022\/11\/27\/humanismo-mexicano-es-el-modelo-de-gobierno-de-la-cuarta-transformacion-afirma-presidente-en-aniversario-4-del-inicio-de-su-administracion\/#primaryimage"},"thumbnailUrl":"https:\/\/redamlo.com\/wp-content\/uploads\/2022\/11\/27-11-2022-4-ANOS-DE-TRANSFORMACION-FOTO-01.jpg","keywords":["4to informe de gobierno","AMLO","Gobierno de M\u00e9xico","Marcha de AMLO"],"articleSection":["Nacionales","Presidencia"],"inLanguage":"es"},{"@type":"WebPage","@id":"https:\/\/redamlo.com\/index.php\/2022\/11\/27\/humanismo-mexicano-es-el-modelo-de-gobierno-de-la-cuarta-transformacion-afirma-presidente-en-aniversario-4-del-inicio-de-su-administracion\/","url":"https:\/\/redamlo.com\/index.php\/2022\/11\/27\/humanismo-mexicano-es-el-modelo-de-gobierno-de-la-cuarta-transformacion-afirma-presidente-en-aniversario-4-del-inicio-de-su-administracion\/","name":"'HUMANISMO MEXICANO' ES EL MODELO DE GOBIERNO DE LA CUARTA TRANSFORMACI\u00d3N, AFIRMA PRESIDENTE EN ANIVERSARIO 4 DEL INICIO DE SU ADMINISTRACI\u00d3N\u200b\u200b\u200b\u200b\u200b\u200b\u200b - NOTICIAS DE LA 4T","isPartOf":{"@id":"https:\/\/redamlo.com\/#website"},"primaryImageOfPage":{"@id":"https:\/\/redamlo.com\/index.php\/2022\/11\/27\/humanismo-mexicano-es-el-modelo-de-gobierno-de-la-cuarta-transformacion-afirma-presidente-en-aniversario-4-del-inicio-de-su-administracion\/#primaryimage"},"image":{"@id":"https:\/\/redamlo.com\/index.php\/2022\/11\/27\/humanismo-mexicano-es-el-modelo-de-gobierno-de-la-cuarta-transformacion-afirma-presidente-en-aniversario-4-del-inicio-de-su-administracion\/#primaryimage"},"thumbnailUrl":"https:\/\/redamlo.com\/wp-content\/uploads\/2022\/11\/27-11-2022-4-ANOS-DE-TRANSFORMACION-FOTO-01.jpg","datePublished":"2022-11-28T03:39:47+00:00","breadcrumb":{"@id":"https:\/\/redamlo.com\/index.php\/2022\/11\/27\/humanismo-mexicano-es-el-modelo-de-gobierno-de-la-cuarta-transformacion-afirma-presidente-en-aniversario-4-del-inicio-de-su-administracion\/#breadcrumb"},"inLanguage":"es","potentialAction":[{"@type":"ReadAction","target":["https:\/\/redamlo.com\/index.php\/2022\/11\/27\/humanismo-mexicano-es-el-modelo-de-gobierno-de-la-cuarta-transformacion-afirma-presidente-en-aniversario-4-del-inicio-de-su-administracion\/"]}]},{"@type":"ImageObject","inLanguage":"es","@id":"https:\/\/redamlo.com\/index.php\/2022\/11\/27\/humanismo-mexicano-es-el-modelo-de-gobierno-de-la-cuarta-transformacion-afirma-presidente-en-aniversario-4-del-inicio-de-su-administracion\/#primaryimage","url":"https:\/\/redamlo.com\/wp-content\/uploads\/2022\/11\/27-11-2022-4-ANOS-DE-TRANSFORMACION-FOTO-01.jpg","contentUrl":"https:\/\/redamlo.com\/wp-content\/uploads\/2022\/11\/27-11-2022-4-ANOS-DE-TRANSFORMACION-FOTO-01.jpg","width":1500,"height":1000},{"@type":"BreadcrumbList","@id":"https:\/\/redamlo.com\/index.php\/2022\/11\/27\/humanismo-mexicano-es-el-modelo-de-gobierno-de-la-cuarta-transformacion-afirma-presidente-en-aniversario-4-del-inicio-de-su-administracion\/#breadcrumb","itemListElement":[{"@type":"ListItem","position":1,"name":"Inicio","item":"https:\/\/redamlo.com\/"},{"@type":"ListItem","position":2,"name":"&#8216;HUMANISMO MEXICANO&#8217; ES EL MODELO DE GOBIERNO DE LA CUARTA TRANSFORMACI\u00d3N, AFIRMA PRESIDENTE EN ANIVERSARIO 4 DEL INICIO DE SU ADMINISTRACI\u00d3N\u200b\u200b\u200b\u200b\u200b\u200b\u200b"}]},{"@type":"WebSite","@id":"https:\/\/redamlo.com\/#website","url":"https:\/\/redamlo.com\/","name":"NOTICIAS DE LA 4T","description":"","publisher":{"@id":"https:\/\/redamlo.com\/#organization"},"potentialAction":[{"@type":"SearchAction","target":{"@type":"EntryPoint","urlTemplate":"https:\/\/redamlo.com\/?s={search_term_string}"},"query-input":{"@type":"PropertyValueSpecification","valueRequired":true,"valueName":"search_term_string"}}],"inLanguage":"es"},{"@type":"Organization","@id":"https:\/\/redamlo.com\/#organization","name":"NOTICIAS DE LA 4T","url":"https:\/\/redamlo.com\/","logo":{"@type":"ImageObject","inLanguage":"es","@id":"https:\/\/redamlo.com\/#\/schema\/logo\/image\/","url":"https:\/\/redamlo.com\/wp-content\/uploads\/2024\/08\/cropped-RED-AMLO-logo-50.png","contentUrl":"https:\/\/redamlo.com\/wp-content\/uploads\/2024\/08\/cropped-RED-AMLO-logo-50.png","width":256,"height":256,"caption":"NOTICIAS DE LA 4T"},"image":{"@id":"https:\/\/redamlo.com\/#\/schema\/logo\/image\/"}},{"@type":"Person","@id":"https:\/\/redamlo.com\/#\/schema\/person\/7223a4375eb8f1a782fcae010a7115cf","name":"Blanca","image":{"@type":"ImageObject","inLanguage":"es","@id":"https:\/\/secure.gravatar.com\/avatar\/3f79bc8336367a4e6093eae8757acaaf61d1124834b905616de7829b0273426d?s=96&d=mm&r=g","url":"https:\/\/secure.gravatar.com\/avatar\/3f79bc8336367a4e6093eae8757acaaf61d1124834b905616de7829b0273426d?s=96&d=mm&r=g","contentUrl":"https:\/\/secure.gravatar.com\/avatar\/3f79bc8336367a4e6093eae8757acaaf61d1124834b905616de7829b0273426d?s=96&d=mm&r=g","caption":"Blanca"},"url":"https:\/\/redamlo.com\/index.php\/author\/blanca\/"}]}},"_links":{"self":[{"href":"https:\/\/redamlo.com\/index.php\/wp-json\/wp\/v2\/posts\/6565","targetHints":{"allow":["GET"]}}],"collection":[{"href":"https:\/\/redamlo.com\/index.php\/wp-json\/wp\/v2\/posts"}],"about":[{"href":"https:\/\/redamlo.com\/index.php\/wp-json\/wp\/v2\/types\/post"}],"author":[{"embeddable":true,"href":"https:\/\/redamlo.com\/index.php\/wp-json\/wp\/v2\/users\/2"}],"replies":[{"embeddable":true,"href":"https:\/\/redamlo.com\/index.php\/wp-json\/wp\/v2\/comments?post=6565"}],"version-history":[{"count":0,"href":"https:\/\/redamlo.com\/index.php\/wp-json\/wp\/v2\/posts\/6565\/revisions"}],"wp:featuredmedia":[{"embeddable":true,"href":"https:\/\/redamlo.com\/index.php\/wp-json\/wp\/v2\/media\/6568"}],"wp:attachment":[{"href":"https:\/\/redamlo.com\/index.php\/wp-json\/wp\/v2\/media?parent=6565"}],"wp:term":[{"taxonomy":"category","embeddable":true,"href":"https:\/\/redamlo.com\/index.php\/wp-json\/wp\/v2\/categories?post=6565"},{"taxonomy":"post_tag","embeddable":true,"href":"https:\/\/redamlo.com\/index.php\/wp-json\/wp\/v2\/tags?post=6565"}],"curies":[{"name":"wp","href":"https:\/\/api.w.org\/{rel}","templated":true}]}}