{"id":6561,"date":"2022-11-27T21:34:28","date_gmt":"2022-11-28T03:34:28","guid":{"rendered":"https:\/\/redamlo.com\/?p=6561"},"modified":"2022-11-27T21:34:28","modified_gmt":"2022-11-28T03:34:28","slug":"discurso-del-presidente-andres-manuel-lopez-obrador-en-la-celebracion-por-4-anos-de-transformacion","status":"publish","type":"post","link":"https:\/\/redamlo.com\/index.php\/2022\/11\/27\/discurso-del-presidente-andres-manuel-lopez-obrador-en-la-celebracion-por-4-anos-de-transformacion\/","title":{"rendered":"DISCURSO DEL PRESIDENTE ANDR\u00c9S MANUEL L\u00d3PEZ OBRADOR EN LA CELEBRACI\u00d3N POR 4 A\u00d1OS DE TRANSFORMACI\u00d3N"},"content":{"rendered":"<p><b>Son las tres en punto.<\/b><\/p>\n<p><strong>Bueno, me da mucho gusto estar con ustedes, ya saben lo que dec\u00eda Mart\u00ed: \u201cAmor con amor se paga\u201d. Y hay algo que quiero compartir con ustedes, dos reflexiones cortas, breves.<\/strong><\/p>\n<p>Una que me llam\u00f3 mucho la atenci\u00f3n y que me hizo muy feliz, es que la mayor\u00eda de los que participaron en la marcha, son j\u00f3venes. Hay relevo generacional.<\/p>\n<p>Y tambi\u00e9n, no podr\u00eda yo iniciar mi texto sin antes recordar y ofrecer este acto a los que fueron precursores y se nos adelantaron. Y van a seguir estando con nosotros siempre, porque son como esas personas, mujeres y hombres que cierran los ojos pero se quedan velando y deben estar muy felices. Y les dedicamos a ellos este acto porque comenzamos a luchar muy temprano, es decir, desde hace muchos a\u00f1os y gente que inici\u00f3 ya no nos ha podido acompa\u00f1ar pero, repito, siempre van a estar con nosotros.<\/p>\n<p>Deseo a todas y todos los mexicanos con hechos deseo explicarles lo que se ha realizado hasta ahora y lo que se est\u00e1 haciendo y deber\u00e1 terminarse al final de mi encargo presidencial. Para sintetizar, aunque de todas maneras les pido paciencia, porque va a llevar algunos minutos. No, no a la reelecci\u00f3n, nosotros somos maderistas, \u00a1sufragio efectivo, democracia efectiva: no reelecci\u00f3n!<\/p>\n<p><iframe loading=\"lazy\" title=\"Discurso del presidente Andre\u0301s Manuel Lo\u0301pez Obrador en Celebracio\u0301n por 4 An\u0303os de Transformacio\u0301n\" width=\"640\" height=\"360\" src=\"https:\/\/www.youtube.com\/embed\/dP0W_isqpfc?feature=oembed\" frameborder=\"0\" allow=\"accelerometer; autoplay; clipboard-write; encrypted-media; gyroscope; picture-in-picture; web-share\" referrerpolicy=\"strict-origin-when-cross-origin\" allowfullscreen><\/iframe><\/p>\n<p>Para sintetizar, dec\u00eda, enumerar\u00e9 110 acciones y logros de este gobierno, que somos todos. Todo lo realizado se ha hecho desde abajo y con la gente.<\/p>\n<ol>\n<li aria-level=\"1\">Se ha dado\u00a0<strong>atenci\u00f3n especial a los pueblos ind\u00edgenas<\/strong>\u00a0de M\u00e9xico.<\/li>\n<li aria-level=\"1\"><strong>No se excluye a nadie<\/strong>\u00a0y se garantizan los derechos individuales y colectivos, pero se aplica el principio de que, por el bien de todos, primero los pobres.<\/li>\n<li aria-level=\"1\">En los estados con mayor pobreza, como Chiapas, Guerrero y Oaxaca, casi todos los hogares reciben el beneficio de al menos un\u00a0<strong><a href=\"https:\/\/programasparaelbienestar.gob.mx\/\" target=\"_blank\" rel=\"noopener\">Programa para el Bienestar.<\/a><\/strong><\/li>\n<li aria-level=\"1\">De los 35 millones de familias del pa\u00eds, 30 millones, es decir, el 85 por ciento,<strong>\u00a0reciben de manera directa cuando menos una peque\u00f1a porci\u00f3n del presupuesto p\u00fablico<\/strong>\u00a0y el 15 por ciento restante tambi\u00e9n se benefician con condiciones de desarrollo, pagando menos impuestos, tarifas m\u00e1s bajas de electricidad y combustibles, sin padecer de corrupci\u00f3n e influyentismo y con opciones de negocios, trabajo, justicia y paz.<\/li>\n<li aria-level=\"1\">El\u00a0<strong>salario m\u00ednimo<\/strong>\u00a0pas\u00f3 de 88 pesos, cuando llegamos al gobierno, a\u00a0<strong>172 pesos<\/strong>; un incremento de 62 por ciento en t\u00e9rminos reales y en la frontera el incremento ha sido de m\u00e1s del doble; algo nunca visto en los \u00faltimos 40 a\u00f1os.<\/li>\n<li aria-level=\"1\">En unos d\u00edas m\u00e1s se anunciar\u00e1 el\u00a0<strong>aumento al salario m\u00ednimo para el a\u00f1o pr\u00f3ximo<\/strong>, deseo que sea acordado por unanimidad entre el sector obrero, empresarial y el gobierno, y tambi\u00e9n deseo que ronde en el 20 por ciento, porque as\u00ed llegar\u00edamos al final de nuestro gobierno con un incremento del 100 por ciento en t\u00e9rminos reales en todo el territorio nacional.<\/li>\n<li aria-level=\"1\">Se aprob\u00f3 y aplica la\u00a0<strong>nueva reforma laboral<\/strong>; por primera vez, se respeta el voto libre y secreto en las elecciones sindicales; se redujeron las comisiones que cobran las Afores a los trabajadores; se elimin\u00f3 la subcontrataci\u00f3n, el llamado\u00a0<i>outsourcing<\/i>\u00a0y con la reforma a la Constituci\u00f3n, el<strong>\u00a0reparto de utilidades<\/strong>\u00a0pas\u00f3 de 100 mil a 200 mil millones de pesos, de 2020 a 2021.<\/li>\n<li aria-level=\"1\">Est\u00e1n\u00a0<strong>inscritos al Seguro Social<\/strong>\u00a021 millones 722 mil 857 trabajadores; una cifra nunca alcanzada, con un salario promedio, tambi\u00e9n hist\u00f3rico, de 14 mil 712 pesos mensuales.<\/li>\n<li aria-level=\"1\">A pesar de la pandemia, en cuatro a\u00f1os se han creado\u00a0<strong>un mill\u00f3n 264 mil 931 nuevos empleos.<\/strong><\/li>\n<li aria-level=\"1\">Ya est\u00e1\u00a0<strong>creciendo de nuevo la econom\u00eda<\/strong>; este a\u00f1o aumentar\u00e1 el 3.5 por ciento y ese mismo porcentaje estimo cuando menos para 2023 y 2024.<\/li>\n<li aria-level=\"1\">Las reservas del\u00a0<strong>Banco de M\u00e9xico<\/strong>\u00a0han aumentado en 14 por ciento.<\/li>\n<li aria-level=\"1\">El\u00a0<strong>\u00edndice de la Bolsa de Valores<\/strong>\u00a0ha crecido durante nuestro gobierno en 24 por ciento.<\/li>\n<li aria-level=\"1\">Se ayuda a 283 mil 335\u00a0<strong>madres solteras<\/strong>\u00a0con 800 pesos mensuales para que tengan a sus hijos en estancias infantiles mientras ellas trabajan fuera del hogar.<\/li>\n<li aria-level=\"1\">Tres millones 732 mil familias con ni\u00f1as y ni\u00f1os de preescolar, primaria y secundaria reciben becas de mil 680 pesos bimestrales.<\/li>\n<li aria-level=\"1\">Todos los e<strong>studiantes de bachillerat<\/strong>o o escuelas p\u00fablicas de nivel medio superior, 4 millones 155 mil alumnos, tambi\u00e9n\u00a0<strong>reciben becas<\/strong>\u00a0de mil 680 pesos bimestrales.<\/li>\n<li aria-level=\"1\">A 410 mil\u00a0<strong>estudiantes universitarios,<\/strong>\u00a0de familiar pobres, se les apoya con 2 mil 450 pesos mensuales.<\/li>\n<li aria-level=\"1\">El\u00a0<strong>Conacyt o<\/strong>torga 128 mil 950 becas a estudiantes de posgrado y a investigadores.<\/li>\n<li aria-level=\"1\">Hemos<strong>\u00a0creado 145 universidades del sistema Benito Ju\u00e1rez<\/strong>, donde laboran mil 168 docentes y estudian 45 mil 581 alumnos. Antes de terminar nuestro gobierno ser\u00e1n 200 planteles y 60 mil alumnos, con \u00e9nfasis en escuelas de medicina y enfermer\u00eda.<\/li>\n<li aria-level=\"1\">En 113 mil 791 escuelas de preescolar, primaria y secundaria, las sociedades de madres y padres de familia han recibido su presupuesto para el mantenimiento y la rehabilitaci\u00f3n de los planteles educativos.<\/li>\n<li aria-level=\"1\">Se han terminado y est\u00e1n en proceso\u00a0<strong>nuevos contenidos para 25 libros de texto<\/strong>\u00a0de preescolar, primaria y secundaria, con fundamento en el principio de la educaci\u00f3n p\u00fablica gratuita, laica, cient\u00edfica y humanista.<\/li>\n<li aria-level=\"1\">Hemos\u00a0<strong>aumentado el sueldo<\/strong>\u00a0de maestras y maestros en 21 por ciento en cuatro a\u00f1os.<\/li>\n<li aria-level=\"1\">Se ha otorgado base a 650 mil\u00a0<strong>trabajadores de la educaci\u00f3n.<\/strong><\/li>\n<li aria-level=\"1\">La\u00a0<strong>relaci\u00f3n con el magisterio<\/strong>\u00a0es de respeto y gratitud por su responsabilidad y vocaci\u00f3n por la ense\u00f1anza.<\/li>\n<li aria-level=\"1\">No ha habido paros o suspensiones de labores en escuelas p\u00fablicas.<\/li>\n<li aria-level=\"1\"><strong>Enfrentamos la pandemia<\/strong>\u00a0con dolor, pero con eficiencia y con mucha solidaridad de nuestro pueblo.<\/li>\n<li aria-level=\"1\">De inicio, en cinco meses\u00a0<strong>vacunamos con una dosis<\/strong>\u00a0a casi todos los adultos mayores del pa\u00eds.<\/li>\n<li aria-level=\"1\">Se han aplicado\u00a0<strong>228 millones de vacunas.<\/strong>\u00a0Aprovecho para expresar nuestro eterno agradecimiento a m\u00e9dicos, enfermeras y trabajadores de la salud que pusieron en riesgo su vida para salvar a enfermos de COVID.<\/li>\n<li aria-level=\"1\">Hemos echado a andar el<strong>\u00a0IMSS-Bienestar,<\/strong>\u00a0el nuevo sistema de salud de calidad, gratuito y universal.<\/li>\n<li aria-level=\"1\">En centros de salud y hospitales de nueve estados, hasta ahora: Nayarit, Colima, Tlaxcala, Baja California Sur, Sonora, Sinaloa, Campeche, Veracruz y Guerrero, ya contamos con el 62 por ciento de m\u00e9dicos generales y 78 por ciento de m\u00e9dicos especialistas y 71 por ciento de enfermeras y enfermeros que atienden a pacientes los siete d\u00edas de la semana y en dos turnos; asimismo, el abasto de medicamentos en estos primeros nueve estados es del 94 por ciento en promedio y subrayo, ya no hay cajas registradoras porque no se cobra la atenci\u00f3n m\u00e9dica ni los medicamentos.<\/li>\n<li aria-level=\"1\">Asumo el compromiso de\u00a0<strong>extender a todo el pa\u00eds el sistema IMSS-Bienestar<\/strong>\u00a0para hacer realidad el derecho del pueblo a la salud.<\/li>\n<li aria-level=\"1\">El sistema ordinario del IMSS ha atendido en estos 11 meses del a\u00f1o a 52 millones 319 mil 721 derechohabientes.<\/li>\n<li aria-level=\"1\">Estamos<strong>\u00a0reformando a fondo el ISSSTE,<\/strong>\u00a0limpi\u00e1ndolo de corrupci\u00f3n y rescat\u00e1ndolo del esquema privatizador. Antes de terminar este gobierno, la atenci\u00f3n m\u00e9dica a los trabajadores al servicio del Estado ser\u00e1 sustancialmente mejor, ese es mi compromiso y lo voy a cumplir.<\/li>\n<li aria-level=\"1\">Un mill\u00f3n 300 mil personas, sobre todo\u00a0<strong>ni\u00f1as y ni\u00f1os con discapacidad reciben una pensi\u00f3n<\/strong>\u00a0de 2 mil 800 pesos bimestrales; y con la aportaci\u00f3n complementaria, hasta ahora, de los gobiernos estatales, de 15 gobiernos estatales, este apoyo ya es universal; es decir, para todas las personas con discapacidad.<\/li>\n<li aria-level=\"1\">Diez millones 500 mil<strong>\u00a0adultos mayores se benefician con una pensi\u00f3n<\/strong>\u00a0de 3 mil 850 pesos bimestrales; y para enero, este apoyo, aumentar\u00e1 en 25 por ciento y otro tanto para enero de 2024, de modo que cuando terminemos ser\u00e1 de cinco veces m\u00e1s que cuando comenzamos el gobierno.<\/li>\n<li aria-level=\"1\">Dos millones 339 mil j\u00f3venes se han capacitado para el trabajo como aprendices en el programa<strong>\u00a0<a href=\"https:\/\/programasparaelbienestar.gob.mx\/jovenes-construyendo-el-futuro\/\" target=\"_blank\" rel=\"noopener\">J\u00f3venes Construyendo el Futuro<\/a>,<\/strong>\u00a0cuentan con seguro social y se les paga un salario m\u00ednimo de 5 mil 258 pesos, para que no queden desamparados, si no tienen la posibilidad del estudio ni del trabajo, se les d\u00e9 esta oportunidad, que trabajen un a\u00f1o de aprendices en empresas, comercios, en el campo para que no sirvan de semillero a los grupos de la delincuencia, que no se los llevan, que no los enganchen. Y me da mucho gusto porque de estos dos millones 339 mil j\u00f3venes, ya la mitad se han quedado a trabajar en las empresas, en los comercios, en los talleres en donde se forman y les dan la capacitaci\u00f3n.<\/li>\n<li aria-level=\"1\"><strong>No hemos contratado deuda nueva o adicional<\/strong>, \u00bfse acuerdan c\u00f3mo era la receta? Y todav\u00eda la siguen aplican lamentablemente, nada m\u00e1s que m\u00e1s lejos. Cada vez que hab\u00eda una crisis: deuda, contratar deuda parra rescatar a los de arriba, porque dec\u00edan que si llov\u00eda fuerte arriba, goteaba abajo, como si la riqueza fuera permeable o contagiosa, dec\u00edan: \u201cmira si se llena el vaso, si se llena la copa se derrama\u201d, no ese es una mentira, un sofisma, se va llenando la copa y ponen otra y nunca se derrama nada, eso tambi\u00e9n dec\u00edan justificar a los pol\u00edticos corruptos: \u201cse ba\u00f1a, pero salpica\u201d. \u00a1Al carajo con todo eso\u201d. Todo el apoyo es de abajo hacia arriba.<\/li>\n<li aria-level=\"1\">Hemos demostrado que en materia de\u00a0<strong>pol\u00edtica econ\u00f3mica funciona<\/strong>\u00a0la f\u00f3rmula de<strong>\u00a0desterrar la corrupci\u00f3n<\/strong>\u00a0y de acabar con los lujos y el derroche en el gobierno.<\/li>\n<li aria-level=\"1\">Cobrando impuestos, sin aumentarlos, solo cobrando impuestos a las grandes empresas y bancos, que nunca pagaban, hemos fortalecido la Hacienda p\u00fablica con un bill\u00f3n 890 mil millones de pesos adicionales en cuatro a\u00f1os.<\/li>\n<li aria-level=\"1\">Por\u00a0<strong>combatir el huachicol<\/strong>\u00a0se han recuperado 236 mil 134 millones pesos.<\/li>\n<li aria-level=\"1\">El\u00a0<strong>Plan de Austeridad Republicana<\/strong>\u00a0o el criterio de que no debe de haber gobierno rico con pueblo pobre, as\u00ed como no permitir la corrupci\u00f3n en contratos de obras y servicios, nos ha permitido ahorrar 574 mil millones de pesos.<\/li>\n<li aria-level=\"1\">Siempre he sostenido que el poder es humildad y que la austeridad no es un asunto administrativo sino de principios; por eso, en nuestro gobierno no hay lujos ni derroche. Por ejemplo, cuando llegamos al gobierno la Presidencia manejaba un presupuesto de 3 mil 600 millones de pesos; este a\u00f1o vamos a ejercer menos de 600 millones; y as\u00ed en todos los institutos, empresas, en las secretar\u00edas del gobierno federal y ya tambi\u00e9n se empieza a notar en los gobiernos estatales; para dar un dato: en cuatro a\u00f1os no hemos comprado un solo auto nuevo para ning\u00fan funcionario del\u00a0<strong>Poder Ejecutivo federal.<\/strong><\/li>\n<li aria-level=\"1\">Ya lo saben, pero hay que recordarlo,\u00a0<strong>desapareci\u00f3 el Estado Mayor Presidencial<\/strong>\u00a0y los ocho mil elementos de esa corporaci\u00f3n pasaron a la\u00a0<strong>Secretar\u00eda de la Defensa<\/strong>; tampoco hay pensiones millonarias para los expresidentes ni otros excesos; no se permite el influyentismo, el nepotismo, el amiguismo ni mucho menos la corrupci\u00f3n o la impunidad.<\/li>\n<li aria-level=\"1\">Se ha r<strong>educido el gasto en publicidad del gobierno<\/strong>\u00a0y se han ahorrado 42 mil millones de pesos, por eso no es mal negocio aguantar los cuestionamientos, los insultos, hasta la calumnia. \u00bfO regresamos, les pregunto, al tiempo de la prensa vendida o alquilada?<\/li>\n<li aria-level=\"1\">Se c<strong>ancelaron fideicomisos innecesarios<\/strong>\u00a0y opacos y con ello se recuperaron 132 mil millones de pesos.<\/li>\n<li aria-level=\"1\">Hemos cumplido el compromiso, que se oiga bien y que se oiga lejos, de\u00a0<strong>no aumentar los impuestos<\/strong>, las gasolinas, el di\u00e9sel, el gas y la energ\u00eda el\u00e9ctrica.<\/li>\n<li aria-level=\"1\">Este a\u00f1o, a pesar de la inflaci\u00f3n (8.1 por ciento) y del subsidio a las gasolinas y el di\u00e9sel (de 338 mil millones de pesos), los ingresos del gobierno federal, por no permitir los privilegios fiscales, por ya no condonar los impuestos, los\u00a0<strong>ingresos del gobierno federal se han incrementado<\/strong>\u00a0en 460 mil millones de pesos, o sea, 3.7 por ciento en t\u00e9rminos reales, en relaci\u00f3n con el mismo periodo del a\u00f1o pasado. Quisiera explicarlo un poco, si no tomamos la decisi\u00f3n de subsidiar la gasolina, no tendr\u00edamos una inflaci\u00f3n de 8.1, sino de 13 por ciento y la inflaci\u00f3n es un impuesto oneroso que afecta m\u00e1s a los pobres, a las mayor\u00edas. Tuvimos la suerte, porque la pol\u00edtica es virtud y es suerte, de que aument\u00f3 el precio del petr\u00f3leo crudo de exportaci\u00f3n, lo ten\u00edamos estimado en 60 d\u00f3lares al barril y lleg\u00f3 un tiempo a estar en 100 d\u00f3lares, ahora ya baj\u00f3 pero el promedio es de 80 d\u00f3lares y ah\u00ed tenemos un excedente, y dijimos: \u00bfqu\u00e9 hacemos?, se hizo una cuenta, a los tecn\u00f3cratas y neoliberales les da mucho miedo lo del subsidio, porque su concepci\u00f3n es otra, satanizaron los subsidios, nosotros no porque nosotros estamos pensando en la econom\u00eda de pueblos que es lo que m\u00e1s nos importa y dijimos: si no se otorga un subsidio a la gasolina se va para arriba el precio de la gasolina y ustedes saben que cuando sube el precio de la gasolina aumenta todo, adem\u00e1s hasta se aprovechan algunos y esgrimen, usan de pretexto: \u201ces que primo-hermano est\u00e1 aumentando la gasolina y por eso ya cuesta m\u00e1s el pollo y el huevo y el frijol y el arroz y las tortillas, y desde luego que hay inflaci\u00f3n pero ellos le meten un poquito m\u00e1s, entonces por eso dijimos: \u201cno, vamos a controlar la inflaci\u00f3n con estos 338 mil millones, pero repito, a\u00fan con ese subsidio la\u00a0<strong>Hacienda p\u00fablica<\/strong>\u00a0capt\u00f3, recuper\u00f3 460 mil millones de pesos y funcion\u00f3 nuestra estrategia.<\/li>\n<li aria-level=\"1\">El\u00a0<strong>presupuesto p\u00fablico ha aumentado<\/strong>\u00a0de 2018 a 2023, porque ya se aprob\u00f3, muchas gracias a los legisladores, sobre todos a los diputados porque es facultad exclusiva de C\u00e1mara de Diputados, pero tambi\u00e9n muchas gracias a los senadores porque aprobaron la\u00a0<strong>Ley de Ingresos<\/strong>\u00a0y eso s\u00ed les corresponde a las dos C\u00e1maras. \u00bfSaben cu\u00e1nto ha aumentado el presupuesto p\u00fablico de 2018 a 2023?, 57 por ciento\u00a0 en t\u00e9rminos nominales.<\/li>\n<li aria-level=\"1\">Las\u00a0<strong>participaciones federales a los estados y municipios se han entregado con puntualidad<\/strong>, de manera rigurosa, a veces hasta por adelantado y esas participaciones federales a estados y municipios han crecido, en el tiempo que llevamos en el gobierno 50 por ciento. Para que no digan: \u201ces que no nos entrega presupuesto la federaci\u00f3n\u201d, No, a todos. Y tambi\u00e9n quiero subrayar no hay ninguna distinci\u00f3n, pertenezcan los gobiernos al partido que sea porque el presupuesto no es de los partidos, el presupuesto es del pueblo.<\/li>\n<li aria-level=\"1\">Durante nuestro gobierno, la\u00a0<strong>inversi\u00f3n p\u00fablica en obras de infraestructura<\/strong>\u00a0y desarrollo ha crecido en 78 por ciento, algo que no se ve\u00eda en d\u00e9cadas.<\/li>\n<li aria-level=\"1\">Se han destinado a la\u00a0<strong>rehabilitaci\u00f3n de seis refiner\u00edas<\/strong>\u00a040 mil 158 millones de pesos.<\/li>\n<li aria-level=\"1\">Se compraron las acciones de la empresa\u00a0<strong>Shell de la Refiner\u00eda de Deer Park en Texas<\/strong>\u00a0en 600 millones de d\u00f3lares y con las utilidades de solo un a\u00f1o se pag\u00f3 la inversi\u00f3n y esta planta, que produce 210 mil barriles diarios de combustibles, ya es de M\u00e9xico.<\/li>\n<li aria-level=\"1\">Con una inversi\u00f3n de 11 mil millones de d\u00f3lares se construy\u00f3 la\u00a0<strong>Refiner\u00eda Olmeca, en Para\u00edso, Tabasco<\/strong>, para procesar 340 mil barriles diarios de petr\u00f3leo crudo. Esta planta ya est\u00e1 en periodo de integraci\u00f3n. Y que no coman ansias nuestros adversarios conservadores, ya va empezar a producir gasolinas y di\u00e9sel. Se acuerdan lo que dec\u00edan del aeropuerto, que no iba a ser utilizado y ya empez\u00f3 el aeropuerto a tener cada vez m\u00e1s pasajeros, un promedio de 8 mil pasajeros diarios y cada vez van a ser m\u00e1s y es, aunque no lo quieran aceptar, uno de los\u00a0<strong>mejores aeropuertos del mundo<\/strong>.<\/li>\n<li aria-level=\"1\">Est\u00e1n en\u00a0<strong>construcci\u00f3n dos plantas coquizadoras<\/strong>\u00a0para producir 145 mil barriles de gasolinas diarios en vez de combust\u00f3leo, con una inversi\u00f3n de 160 mil millones de pesos, esto en Tula y en Salina Cruz.<\/li>\n<li aria-level=\"1\">La\u00a0<strong>producci\u00f3n de petr\u00f3leo<\/strong>\u00a0que ven\u00eda en ca\u00edda, 14 a\u00f1os consecutivos cayendo la producci\u00f3n petrolera, ahora ya se detuvo la ca\u00edda y se est\u00e1 incrementando a un mill\u00f3n 791 mil barriles diarios y el gas extra\u00eddo ha aumentado a 4 mil 795 millones de pies c\u00fabicos diarios.<\/li>\n<li aria-level=\"1\">Las\u00a0<strong>reservas petroleras<\/strong>\u00a0se han incrementado en 6 por ciento.<\/li>\n<li aria-level=\"1\">A finales del a\u00f1o pr\u00f3ximo seremos\u00a0<strong>autosuficientes<\/strong>\u00a0y dejaremos de comprar gasolinas y di\u00e9sel en el extranjero.<\/li>\n<li aria-level=\"1\">La<strong>\u00a0industria el\u00e9ctrica<\/strong>\u00a0tambi\u00e9n se ha rescatado del proceso privatizador y de la corrupci\u00f3n, porque no en todos los casos, pero lamentablemente en nuestro pa\u00eds,\u00a0<strong>privatizaci\u00f3n era sin\u00f3nimo de corrupci\u00f3n<\/strong>. Al t\u00e9rmino de este sexenio, la Comisi\u00f3n Federal de Electricidad, con una inversi\u00f3n de 9 mil 300 millones de d\u00f3lares, incrementar\u00e1 su capacidad instalada en cerca de 10 mil megawatts, con la construcci\u00f3n y modernizaci\u00f3n, obras que ya est\u00e1n en proceso, de 38 proyectos, impulsando, b\u00e1sicamente, la generaci\u00f3n de energ\u00edas limpias con la renovaci\u00f3n de equipos, turbinas en 16 hidroel\u00e9ctricas y con la construcci\u00f3n del parque de energ\u00eda solar m\u00e1s grande de Latinoam\u00e9rica, ubicado en Puerto Pe\u00f1asco, Sonora.<\/li>\n<li aria-level=\"1\">Con el apoyo de los trabajadores de la\u00a0<strong>Comisi\u00f3n Federal de Electricidad<\/strong>, el a\u00f1o pr\u00f3ximo terminaremos de alumbrar l\u00edneas de fibra \u00f3ptica y se est\u00e1n instalando 3 mil 800 antenas, con lo cual llegaremos a 10 mil 979 para cumplir el compromiso de garantizar el servicio de internet gratuito en escuelas, hospitales y espacios p\u00fablicos en todo el territorio nacional.<\/li>\n<li aria-level=\"1\">Llevamos el 70 por ciento en la construcci\u00f3n de la\u00a0<strong>presa de Santa Mar\u00eda<\/strong>\u00a0en El Rosario, Sinaloa y desde luego la vamos a concluir antes de que termine este gobierno.<\/li>\n<li aria-level=\"1\">Al t\u00e9rmino de este gobierno vamos a dejar en Sonora, Sinaloa y Nayarit, embalses, canales e infraestructura para regar 100 mil hect\u00e1reas.<\/li>\n<li aria-level=\"1\">Estamos avanzando en el\u00a0<strong>plan de justicia a los pueblos yaquis;<\/strong>\u00a0ya empezamos a cumplir el compromiso de abastecerlos de agua para uso dom\u00e9stico y agr\u00edcola; ya se les restituyeron 30 mil hect\u00e1reas de terrenos y se aplica un programa integral para el desarrollo social.<\/li>\n<li aria-level=\"1\">Estamos invirtiendo 16 mil 181 millones de pesos en la construcci\u00f3n de presas y acueductos en Jalisco, La Laguna de Durango y Coahuila, Campeche, Colima, Sinaloa, Tabasco y Sonora.<\/li>\n<li aria-level=\"1\">En 2018 la producci\u00f3n de ma\u00edz, frijol, arroz y trigo fue de 31.2 millones de toneladas; el a\u00f1o pasado lleg\u00f3 a 32.3 millones de toneladas, 3.5 por ciento m\u00e1s; y este a\u00f1o, la\u00a0<strong>producci\u00f3n de alimentos ser\u00e1 considerablemente superior<\/strong>; esto se ha logrado, entre otras cosas, por el establecimiento de precios de garant\u00eda y por la entrega gratuita de 300 mil toneladas de fertilizantes anuales. Anuncio, aqu\u00ed desde el Z\u00f3calo, que el a\u00f1o pr\u00f3ximo se entregar\u00e1n fertilizantes gratuitos a 2 millones de peque\u00f1os productores de todo el pa\u00eds.<\/li>\n<li aria-level=\"1\">Estamos llevando a cabo el\u00a0<strong>programa de reforestaci\u00f3n m\u00e1s importante del mundo<\/strong>, no hay nada igual ni en Estados Unidos, ni en Canad\u00e1, ni en China, ni en Rusia; es el programa de reforestaci\u00f3n m\u00e1s importante del mundo con una inversi\u00f3n de 30 mil millones de pesos anuales, en el cual trabajan 450 mil campesinos que reciben permanentemente un jornal para sembrar sus tierras con \u00e1rboles frutales y maderables.<\/li>\n<li aria-level=\"1\">Dos millones de peque\u00f1os productores reciben de manera directa un apoyo promedio anual de 6 mil pesos, era el llamado Procampo que ahora ya reformado se conoce como\u00a0<a href=\"https:\/\/programasparaelbienestar.gob.mx\/produccion-para-el-bienestar\/\" target=\"_blank\" rel=\"noopener\">Producci\u00f3n para el Bienestar<\/a>.<\/li>\n<li aria-level=\"1\">De igual manera se entregan 7 mil 200 pesos a 180 mil pescadores, todo de\u00a0<strong>manera directa, ya no hay intermediarios<\/strong>, nada de que soy del movimiento Francisco Villa o Tierra Libertad, o L\u00e1zaro C\u00e1rdenas, o Pescadores Libres e Independientes de Guaymas, no, ya no es con intermediarios porque as\u00ed no llega o llega con moche, con piquete de ojo. Ahora todo es directo con la tarjeta del Bienestar, porque voy a hablar de eso, todos van a tener, los beneficiaros, su tarjera para que ya no haya intermediaci\u00f3n y no se entregue dinero en efectivo, que no haya tentaci\u00f3n de que se roben lo que es de la gente.<\/li>\n<li aria-level=\"1\">A pesar de la pandemia el\u00a0<strong>sector agropecuario creci\u00f3<\/strong>\u00a0el a\u00f1o pasado en 2 por ciento, a pesar de la pandemia fue el \u00fanico sector, porque el sector secundario que tiene que ver con las empresas, las industrias y el terciario, que tiene que ver con el comercio y el turismo, fueron muy afectados con la pandemia, pero el sector agropecuario aun con la pandemia creci\u00f3 2 por ciento; y en estos nueve meses de este a\u00f1o ha crecido en 3.2 por ciento con relaci\u00f3n al mismo periodo del a\u00f1o anterior.<\/li>\n<li aria-level=\"1\">Con la participaci\u00f3n de los ingenieros militares, el 21 de marzo de este a\u00f1o, se termin\u00f3 e inaugur\u00f3 el\u00a0<strong>Aeropuerto Internacional Felipe \u00c1ngeles;<\/strong>\u00a0se est\u00e1 remodelando el Aeropuerto de la Ciudad de M\u00e9xico; se modernizaron el de Tuxtla Guti\u00e9rrez y el de Chetumal, Quintana Roo; se est\u00e1 ampliando el de Tepic, Nayarit, lo mismo se va a hacer con el de Puerto Escondido, en Oaxaca y est\u00e1 en proceso de construcci\u00f3n el nuevo aeropuerto internacional de Tulum, Quintana Roo.<\/li>\n<li aria-level=\"1\">En cuatro a\u00f1os se han invertido 71 mil 500 millones de pesos en el mantenimiento de 40 mil 516 kil\u00f3metros de carreteras, sobre todo libres.<\/li>\n<li aria-level=\"1\">Se han terminado 522 kil\u00f3metros de carreteras nuevas y libramientos en casi todos los estados del pa\u00eds.<\/li>\n<li aria-level=\"1\">El a\u00f1o pr\u00f3ximo se inaugurar\u00e1n las\u00a0<strong>nuevas carreteras de Oaxaca a Puerto Escondido<\/strong>\u00a0y de Oaxaca al Istmo de Tehuantepec; la ampliaci\u00f3n de la carretera de la Costa Chica de Guerrero a los l\u00edmites con Oaxaca; la de Ciudad Valle a Tamazunchale, San Luis Potos\u00ed, que es ampliar, hacer una autopista esa carretera y tambi\u00e9n la ampliaci\u00f3n desde Ozuluama, Veracruz, a Tampico, Tamaulipas. As\u00ed como la de Coatzacoalcos-Acayucan-La Ventosa y la de Pachuca-Huejutla, tramos Real del Monte-Huasca y Cerro Colorado- Zacualtip\u00e1n, la tierra de mi General.<\/li>\n<li aria-level=\"1\">Se terminaron o est\u00e1n en proceso de construcci\u00f3n los puentes de Ruiz, en Nayarit; Isla Aguada, en Campeche; la Concordia, en Chiapas; Quintin Arauz, en Tabasco; el de l\u00edmites de Jalisco y Colima, que fue m\u00e1s que la ampliaci\u00f3n de los puentes, fue tambi\u00e9n ampliar la autopista, y el de 8 kil\u00f3metros para atravesar la laguna Nichupt\u00e9, en Canc\u00fan, Quintana Roo, 8 kil\u00f3metros, porque ah\u00ed hay un problema de circulaci\u00f3n, de congestionamiento en la punta donde est\u00e1 la zona tur\u00edstica y hasta por cuestiones de\u00a0<strong>Protecci\u00f3n Civil<\/strong>\u00a0hace falta una salida r\u00e1pida, por eso, entre otras cosas este puente que vamos a procurar que adem\u00e1s de bien hecho en lo que tiene que ver con la ingenier\u00eda civil, sea tambi\u00e9n agradable, bello con una buena arquitectura, estoy seguro de que le va a gusta mucho a la gente este puente.<\/li>\n<li aria-level=\"1\">Se han construido o est\u00e1n por inaugurarse caminos rurales en Chihuahua, Sonora, Sinaloa, Durango, Nayarit, Baja California Sur, Michoac\u00e1n, Veracruz, Guerrero, Oaxaca, Tabasco, Hidalgo y Guanajuato.<\/li>\n<li aria-level=\"1\">Se han construido, con la participaci\u00f3n de hombres y mujeres de las comunidades ind\u00edgenas de Oaxaca y Guerrero, esto es algo excepcional, m\u00e1gico, se han construido 2 mil 441 kil\u00f3metros de caminos artesanales de concreto en beneficio de 442 municipios, con la participaci\u00f3n de hombres y mujeres de las comunidades ind\u00edgenas de Oaxaca y recientemente se est\u00e1 aplicando lo mismo en Guerrero, en Tlaxcala y en otros estados.<\/li>\n<li aria-level=\"1\">Vamos a terminar los mil 554 kil\u00f3metros de v\u00edas del\u00a0<strong>Tren Maya<\/strong>\u00a0y a partir del mes de julio del pr\u00f3ximo a\u00f1o comenzar\u00e1n a llegar los 42 trenes con 219 vagones que ya se fabrican por manos mexicanas en Ciudad Sahag\u00fan, Hidalgo, y que dar\u00e1n servicio a turistas en la pen\u00ednsula de Yucat\u00e1n, en el sureste, y a pasajeros locales. Vamos a presumir, pedimos disculpas por anticipado, es la obra ferroviaria m\u00e1s grande que se construye actualmente en el mundo. Son mil 554 kil\u00f3metros, el segundo lugar que no voy a decir qu\u00e9 pa\u00eds es, est\u00e1 haciendo un tren de 750 kil\u00f3metros, la mitad. Al mismo tiempo, y esto es muy importante, se est\u00e1n descubriendo y rehabilitando piezas en sitios arqueol\u00f3gicos mayas, espl\u00e9ndidos, tambi\u00e9n \u00fanicos en el mundo por su valor art\u00edstico y cultural.<\/li>\n<li aria-level=\"1\">Est\u00e1 en marcha el plan para\u00a0<strong>rehabilitar trenes de carga y pasajeros<\/strong>\u00a0de Salina Cruz a Coatzacoalcos; de este puerto a Palenque, Chiapas, y de Ixtepec, Oaxaca, a Ciudad Hidalgo, Chiapas, en la frontera de M\u00e9xico con Guatemala.<\/li>\n<li aria-level=\"1\">En el\u00a0<strong>Corredor del Istmo de Tehuantepec<\/strong>\u00a0se est\u00e1n modernizando los puertos de Salina Cruz y Coatzacoalcos y ya se cuenta con 3 mil hect\u00e1reas de terrenos para la instalaci\u00f3n de 10 parques industriales.<\/li>\n<li aria-level=\"1\">Se termin\u00f3 el<strong>\u00a0tren suburbano de Guadalajara<\/strong>\u00a0y estamos por iniciar el de Tlajomulco, en Jalisco; el a\u00f1o pr\u00f3ximo se inaugurar\u00e1 el tramo del tren Lecher\u00eda al\u00a0<strong>aeropuerto Felipe \u00c1ngeles<\/strong>\u00a0para llegar en 45 minutos de Buenavista, en el centro de esta capital, a esa terminal a\u00e9rea; de igual forma, en diciembre del a\u00f1o pr\u00f3ximo, empezar\u00e1 a operar el tren a Toluca; en fin, al t\u00e9rmino de mi mandato dejaremos funcionando un sistema de trenes de pasajeros, que ya no hab\u00eda porque acabaron con los trenes de pasajeros, con toda la historia de los ferrocarriles de M\u00e9xico, vamos a dejar al t\u00e9rmino de este gobierno dos mil kil\u00f3metros, algo no alcanzado en varias d\u00e9cadas, dos mil kil\u00f3metros de v\u00edas f\u00e9rreas para trenes de pasajeros.<\/li>\n<li aria-level=\"1\">Estamos\u00a0<strong>modernizando las aduanas del pa\u00eds<\/strong>; se incluye a 19 de la frontera norte, dos en la frontera sur y 16 portuarias, con una inversi\u00f3n de 80 mil millones de pesos. Desde que las aduanas y los puertos est\u00e1n a cargo de las secretar\u00edas de la Defensa y de Marina, se ha registrado un aumento en el ingreso de las aduanas del 10 por ciento; ya estamos recaudando en las aduanas m\u00e1s de un bill\u00f3n de pesos anuales. No hay fugas de dinero, nada de \u201cay\u00fadame, si ya llegaste y somos amigos, si estuvimos en la lucha juntos, dame una aduana cuando menos\u201d, eso se acab\u00f3, se termin\u00f3 por completo. No hay fugas de dinero y se evita el contrabando; el tr\u00e1fico de drogas sobre todo las qu\u00edmicas, metanfetaminas que est\u00e1n entrando por los puertos del Pac\u00edfico, y est\u00e1\u00a0 haciendo una muy buena labor la\u00a0<strong>Secretaria de Marina<\/strong>\u00a0y tambi\u00e9n en todas las aduanas estamos cuidando la introducci\u00f3n, el contrabando de armas.<\/li>\n<li aria-level=\"1\">Se han invertido 38 mil millones de pesos en\u00a0<strong>mejoramiento urbano en 135 municipios del pa\u00eds,<\/strong>\u00a0donde se han construido 151 unidades deportivas, lo voy a repetir, porque esto no se sabe, no se difunde mucho: 151 unidades deportivas; 293 parques, malecones, espacios art\u00edsticos y culturales; 44 mercados; 162 escuelas; 22 centros de salud; 216 calles y redes de agua potable, y se han reconstruido 6 mil 721 edificios p\u00fablicos y mil 953 templos hist\u00f3ricos e inmuebles culturales afectados por los sismos de 2017. Antes de que termine vamos a concluir con este plan de rehabilitaci\u00f3n y mejoramiento de espacios p\u00fablicos, tanto c\u00edvicos como religiosos.<\/li>\n<li aria-level=\"1\">Ya estoy terminando. Desde que llegamos al gobierno se han o<strong>torgado cr\u00e9ditos de Fovissste e Infonavit<\/strong>\u00a0en beneficio de 2 millones de trabajadores y el programa de ampliaci\u00f3n, reconstrucci\u00f3n y construcci\u00f3n de vivienda ha llegado a 317 mil familias pobres.<\/li>\n<li aria-level=\"1\">Se han declarado tres \u00e1reas naturales para la protecci\u00f3n de 127 mil 409 hect\u00e1reas de flora y fauna; as\u00ed como 139 mil 749 hect\u00e1reas destinadas a ese mismo prop\u00f3sito con la anuencia de ejidos y comunidades.<\/li>\n<li aria-level=\"1\">Continuamos con la construcci\u00f3n del parque ecol\u00f3gico del<strong>\u00a0Lago de Texcoco<\/strong>\u00a0y tambi\u00e9n con la construcci\u00f3n y les va a gustar mucho cuando est\u00e9 terminado el\u00a0<strong>Parque del Jaguar,<\/strong>\u00a0en Tulum, as\u00ed como con la ampliaci\u00f3n y el mejoramiento del\u00a0<strong>Bosque de Chapultepec,<\/strong>\u00a0desde Los Pinos hasta la Ermita, ubicada en el antiguo pueblo de Santa Fe, fundado por Tata Vasco.<\/li>\n<li aria-level=\"1\">Todos los apoyos se entregan de manera directa, ya lo expres\u00e9, a los beneficiarios y se ha evitado la corrupci\u00f3n o la pr\u00e1ctica de los llamados moches, manejados por una deshonesta red de intermediarios que fing\u00edan ser organizaciones sociales independientes, supuestamente no gubernamentales o de la autoproclamada sociedad civil.<\/li>\n<li aria-level=\"1\">Hemos terminado mil 779 sucursales del\u00a0<strong>Banco de Bienestar<\/strong>\u00a0y est\u00e1n operando 787; a mediados del a\u00f1o pr\u00f3ximo se tendr\u00e1n funcionando 2 mil 744 sucursales del Banco del Bienestar; ser\u00e1 el banco m\u00e1s grande del pa\u00eds, por el cual se dispersar\u00e1n, hasta las zonas m\u00e1s apartadas, 600 mil millones de pesos destinados a 25 millones de beneficiarios.<\/li>\n<li aria-level=\"1\">Estoy absolutamente convencido que la paz es fruto de la justicia y que la clave est\u00e1 en la atenci\u00f3n a los j\u00f3venes, a la poblaci\u00f3n m\u00e1s vulnerable y a los marginados; con esa estrategia b\u00e1sica estamos\u00a0<strong>reduciendo la violencia<\/strong>. Ello se complementa con el trabajo en equipo en el\u00a0<strong>Gabinete de Seguridad,<\/strong>\u00a0la perseverancia, el profesionalismo, el no permitir la corrupci\u00f3n ni la impunidad, todo lo cual nos est\u00e1 dando buenos resultados: desde que llegamos al gobierno hasta el d\u00eda de hoy, los delitos del fuero federal han bajado en 27.3 por ciento; de igual forma, en coordinaci\u00f3n con los gobiernos estatales y municipales, se ha logrado disminuir el robo de veh\u00edculos en 40.1 por ciento; los homicidios, en 10 por ciento, y el secuestro, en\u00a0 68.1 por ciento.<\/li>\n<li aria-level=\"1\">Todos los d\u00edas, algo que nunca se llevaba a la pr\u00e1ctica, todos los d\u00edas, de lunes a viernes a las seis de la ma\u00f1ana, llevamos a cabo una reuni\u00f3n del<strong>\u00a0Gabinete de Seguridad,<\/strong>\u00a0en la cual recibimos el reporte de lo sucedido en el pa\u00eds y tomamos decisiones para garantizar la paz y la tranquilidad de los habitantes de la Rep\u00fablica y esto mismo, y es importante reconocerlo, lo hacen las gobernadoras y los gobernadores en los estados.\u00a0<strong>La seguridad, la tranquilidad, la paz, no se puede delegar<\/strong>, no se le puede dejar como responsabilidad a cualquier funcionario, se tiene uno que apersonar, el que gobierna tiene que dedicarse de manera cotidiana a enfrentar este flagelo de la violencia que preocupa y que afecta mucho a la gente.<\/li>\n<li aria-level=\"1\">Hemos aplicado una buena estrategia en materia de protecci\u00f3n civil para auxiliar a la poblaci\u00f3n en casos de inundaciones, incendios, temblores y otros desastres; en ello han sido de gran ayuda los planes DN-III de la\u00a0<strong>Secretar\u00eda de la Defensa<\/strong>\u00a0y el plan de la\u00a0<strong>Secretar\u00eda de Marina,<\/strong>\u00a0son los primeros en llegar: marinos y soldados.<\/li>\n<li aria-level=\"1\">Se cre\u00f3 la\u00a0<strong>Guardia Nacional,<\/strong>\u00a0para lo cual se han construido 247 cuarteles de casi 500 que van a estar operando a finales del gobierno, y se han reclutado y formado profesionalmente a 123 mil elementos.\u00a0 En 19 entidades federales de la Rep\u00fablica ya hay m\u00e1s personal de la\u00a0<strong>Guardia Nacional<\/strong>\u00a0que polic\u00edas estatales.<\/li>\n<li aria-level=\"1\">Se aprob\u00f3 hace unos d\u00edas, tambi\u00e9n mi agradecimiento a los legisladores, en el\u00a0<strong>Congreso<\/strong>\u00a0y en la mayor\u00eda, no en todas, de las legislaturas estatales una iniciativa de reforma constitucional integral con el prop\u00f3sito de que la Guardia Nacional pase a formar parte de la Secretar\u00eda de la Defensa; se trata de que la Guardia Nacional se consolide, mantenga su disciplina y profesionalismo y, sobre todo, que no se corrompa, como sucedi\u00f3 con la antigua Polic\u00eda Federal.<\/li>\n<li aria-level=\"1\">Que quede claro, que nadie se confunda o se haga el que no sabe; en nuestro gobierno no hay funcionarios, lo tengo que decir aunque no es mi gusto, lo tengo que decir porque nuestros adversarios son muy hip\u00f3critas, muy falsarios, la verdadera doctrina del conservadurismo es la hipocres\u00eda, pero es muy importante que se sepa, en nuestro gobierno<strong>\u00a0no hay funcionarios como Garc\u00eda Luna<\/strong>; no se permite la violaci\u00f3n de derechos humanos; la autoridad no es c\u00f3mplice, encubridora y ejecutora de torturas y masacres; no se admiten relaciones de complicidad con nadie, no es \u201cme entiendo con una banda para proteger a esa banda y hacer la faramalla persiguiendo a otra banda\u201d, no, aqu\u00ed no hay acuerdos de ese tipo, ni se venden plazas, ni se hace ning\u00fan acuerdo con ning\u00fan grupo de la delincuencia organizada, el que comete un delito, tiene que ser castigado.\u00a0 La ley se aplica por parejo, no es la ley del embudo del Porfiriato, que quede claro. Una prueba de ello es el avance en la investigaci\u00f3n y el castigo a los involucrados y c\u00f3mplices en la desaparici\u00f3n de los j\u00f3venes de la Normal de Ayotzinapa. Hicimos el compromiso de esclarecer estos hechos y lo vamos a cumplir, ya estamos avanzando.<\/li>\n<li aria-level=\"1\">Los\u00a0<a href=\"https:\/\/programasparaelbienestar.gob.mx\/\" target=\"_blank\" rel=\"noopener\">Programas para el Bienestar<\/a>, la recuperaci\u00f3n del poder adquisitivo de los salarios y el\u00a0<strong>aumento en las remesas<\/strong>\u00a0enviadas desde el exterior por nuestros queridos paisanos a sus familiares, un aplauso a los migrantes, a nuestros paisanos, casi 40 mil, perd\u00f3n 40 millones de\u00a0<strong>mexicanos viven, trabajan honradamente en Estados Unidos<\/strong>, 40 millones. Nada m\u00e1s para que tengamos una idea, porque a veces como que no le dan la importancia y no respetan a los mexicanos en Estados Unidos, nada m\u00e1s para que tengamos una idea, en Estado Unidos hay 40 millones de mexicanos ya sea los que nacieron aqu\u00ed y se fueron all\u00e1s o los hijos de mexicanos, 40 millones; la segunda comunidad hispana importante es Puerto Rico, 50 millones, nuestros hermanos puertorrique\u00f1os, de 40 a cinco; y nuestros hermanos cubanos, 4 millones. Entonces no pedimos un trato especial para los mexicanos all\u00e1, solo que los respeten. No nos vamos a pelear con ning\u00fan gobierno, no nos vamos a pelear con el gobierno de Estados Unidos, que quede claro, ni con diputados ni senadores, solamente que echen a andar una pol\u00edtica que ofenda la dignidad de lo<strong>s mexicanos que est\u00e1n en Estados Unidos trabajando honradamente<\/strong>. Nada de que: \u201cyo quiero el voto en Texas, quiero el voto en California, pero hablo mal de los mexicanos\u201d. Les vamos a decir lo que contestaron los de Champot\u00f3n a los invasores: \u201cToma tu Champot\u00f3n\u201d. Y se va a recordar que el que no quiere a su patria \u2013como lo dice la canci\u00f3n de Rub\u00e9n Blades\u2013 no quiere a su madre. Sesenta mil millones de d\u00f3lares estimamos que van a enviar nuestros paisanos este a\u00f1o a sus familiares, es la principal fuente de ingresos que tiene nuestro pa\u00eds, otro aplauso. Con ese apoyo que llega abajo a 10 millones de familias de los pueblos de M\u00e9xico y con los\u00a0<a href=\"https:\/\/programasparaelbienestar.gob.mx\/\" target=\"_blank\" rel=\"noopener\">Programas de Bienestar<\/a>, cuando menos, hasta en los momentos m\u00e1s dif\u00edciles de la pandemia hemos garantizado que a la gente no le falte lo b\u00e1sico, no ha habido hambre y\u00a0 por eso se ha mantenido la paz y ha permanecido encendida la llama de la esperanza.<\/li>\n<li aria-level=\"1\"><strong>M\u00e9xico<\/strong>\u00a0est\u00e1 considerado en el mundo como uno de los pa\u00edses con m\u00e1s\u00a0<strong>potencial para invertir y hacer negocios<\/strong>. Fue un logro firmar con el ex presidente Trump y con el primer ministro Trudeau el tratado comercial con\u00a0<strong>Estados Unidos y Canad\u00e1.<\/strong><\/li>\n<li aria-level=\"1\">Sigue llegando inversi\u00f3n extranjera y durante nuestro gobierno se han alcanzado niveles hist\u00f3ricos. En los primeros nueve meses de este a\u00f1o la inversi\u00f3n for\u00e1nea fue de 32 mil 147 millones de d\u00f3lares, creci\u00f3 en 29 por ciento en comparaci\u00f3n con el mismo periodo del a\u00f1o pasado.<\/li>\n<li aria-level=\"1\">Somos el\u00a0<strong>principal socio comercial de Estados Unidos<\/strong>\u00a0en el mundo.<\/li>\n<li aria-level=\"1\">Es evidente que con el gobierno de\u00a0<strong>Estados Unidos<\/strong>\u00a0estamos trabajando juntos, respetando nuestras soberan\u00edas y manteniendo una pol\u00edtica al mismo tiempo de cooperaci\u00f3n y de buena vecindad.\u00a0<strong>Reconozco como estadista al presidente Biden.<\/strong><\/li>\n<li aria-level=\"1\">Con los pueblos y pa\u00edses de<strong>\u00a0nuestra Am\u00e9rica la relaci\u00f3n es de hermandad<\/strong>; m\u00e1s ahora, cuando est\u00e1n en funciones o han triunfado legal y leg\u00edtimamente gobernantes afines a nuestras convicciones de igualdad, justicia y soberan\u00eda. Un saludo desde el Z\u00f3calo a Lula Da Silva.<\/li>\n<li aria-level=\"1\"><strong>Somos respetuosos con todos los pueblos y gobiernos del mundo<\/strong>; aplicamos nuestra pol\u00edtica exterior de no intervenci\u00f3n, autodeterminaci\u00f3n, cooperaci\u00f3n para el desarrollo, soluci\u00f3n pac\u00edfica de las controversias y nos conducimos con el ideal de la fraternidad universal.<\/li>\n<li aria-level=\"1\"><strong>Hemos protegido el medio ambiente<\/strong>; adem\u00e1s de aplicar el programa, como ya lo dije, de reforestaci\u00f3n m\u00e1s importante del mundo, estamos cuidando el agua; no hemos concedido ninguna concesi\u00f3n, no se otorgado ninguna concesi\u00f3n para la extracci\u00f3n minera, no se ha autorizado la explotaci\u00f3n de energ\u00e9ticos\u00a0 mediante el\u00a0<i>fracking<\/i>\u00a0ni se ha permitido la introducci\u00f3n de ma\u00edz transg\u00e9nico.<\/li>\n<li aria-level=\"1\">Cumplimos con el compromiso de<strong>\u00a0reformar la Constituci\u00f3n<\/strong>\u00a0y se aplic\u00f3 por primera vez el principio democr\u00e1tico de\u00a0<strong>Revocaci\u00f3n del Mandato.<\/strong><\/li>\n<li aria-level=\"1\">Se elimin\u00f3 el fuero del presidente que ahora puede ser juzgado por cualquier delito como a cualquier otro ciudadano.<\/li>\n<li aria-level=\"1\">En 2021, recordamos los<strong>\u00a0500 a\u00f1os de la batalla por Tenochtitlan<\/strong>\u00a0y los 200 a\u00f1os de nuestra Independencia con actos hist\u00f3ricos y culturales para no olvidar nuestro pasado de pueblo originario invadido y colonizado y nuestro presente de naci\u00f3n libre y soberana.<\/li>\n<li aria-level=\"1\">La\u00a0<strong>memoria hist\u00f3rica<\/strong>\u00a0es parte de nuestro quehacer pol\u00edtico. El 2019 lo dedicamos a Emiliano Zapata; el 2020, a Leona Vicario; el 2021, a Quetzalc\u00f3atl o Kukulk\u00e1n, n\u00e1huatl o maya; este a\u00f1o, a Ricardo Flores Mag\u00f3n, y el 2023, se recordar\u00e1 a Francisco Villa.<\/li>\n<li aria-level=\"1\">Agradezco a Beatriz, mi compa\u00f1era, esposa, por ayudarnos a\u00a0<strong>promover la lectura y otras tareas educativas<\/strong>, art\u00edsticas y culturales, y as\u00ed como les dije de que somos maderistas y que no hay reelecci\u00f3n, Beatriz ni siquiera acept\u00f3 ser Primera Dama, de modo que ella no va a participar en ning\u00fan proceso electoral. Ofrezco disculpas por decirlo pero esto es un asunto de inter\u00e9s p\u00fablicos, y debe quedar muy claro por encima de los intereses o por leg\u00edtimos que sea, est\u00e1 inter\u00e9s general, el inter\u00e9s del pueblo, el inter\u00e9s de nuestra transformaci\u00f3n .<\/li>\n<li aria-level=\"1\">Hemos impreso, solo en el\u00a0<strong>Fondo de Cultura Econ\u00f3mica<\/strong>, 2 millones 46 mil 968 libros de memorables t\u00edtulos y grandes autores, que se han entregado de manera gratuita o se venden a precios m\u00f3dicos.<\/li>\n<li aria-level=\"1\">No hemos dejado de apoyar el deporte; tanto en su vertiente para prevenir enfermedades y mantener buena salud y bienestar, como en su pr\u00e1ctica profesional. A\u00f1o con a\u00f1o y aqu\u00ed estoy viendo a una persona, Bremer, un empresario que ayuda al deporte, \u00bfte paras?\u00a0<strong>A\u00f1o con a\u00f1o hemos entregado becas a competidores mexicanos<\/strong>\u00a0de alto rendimiento que participan en competencias internacionales y lo seguiremos haciendo.<\/li>\n<li aria-level=\"1\">En cuatro a\u00f1os he\u00a0<strong>visitado todas las regiones y estados de la Rep\u00fablica.<\/strong><\/li>\n<li aria-level=\"1\">Nunca en la historia de M\u00e9xico se hab\u00eda llevado a cabo un di\u00e1logo cotidiano y circular con comunicadores y con el pueblo como sucede en las\u00a0<strong>conferencias matutinas,<\/strong>\u00a0llamadas \u201cma\u00f1aneras\u201d. Ya termino.<\/li>\n<li aria-level=\"1\"><strong>Se liber\u00f3 al Conacyt<\/strong>, al Conacyt que estaba al servicio de las grandes corporaciones econ\u00f3micas y financieras; era indignante que el dinero del pueblo se destinara b\u00e1sicamente a pagar investigaciones en beneficio de empresas, nacionales y extranjeras. Ahora el Conacyt orienta sus recursos a otorgar becas y a investigar lo que el pa\u00eds necesita en materia de salud y de bienestar.<\/li>\n<\/ol>\n<p>&nbsp;<\/p>\n<p><strong>En suma:<\/strong><\/p>\n<ul>\n<li>En\u00a0<strong>M\u00e9xico ya no domina la oligarqu\u00eda<\/strong>, sino que existe un gobierno democr\u00e1tico cuya prioridad son los pobres.<\/li>\n<li>La\u00a0<strong>corrupci\u00f3n no se tolera<\/strong>\u00a0ni hay impunidad para nadie.<\/li>\n<li><strong>Se acabaron los privilegios fiscales.<\/strong><\/li>\n<li>No\u00a0<strong>hay lujos en el gobierno federal<\/strong>\u00a0y los servidores p\u00fablicos y aprovecho para agradecerles mucho a nuestros colaboradores, a todo este quipo que me ayuda porque ya saben que la pol\u00edtica no es asunto de los pol\u00edticos o no es asunto solo de los pol\u00edticos es asunto de todos, y las transformaciones se hacen con el pueblo y con un buen equipo de trabajo, no es asunto de un solo hombre. No hay lujos en el gobierno y los servidores p\u00fablicos act\u00faan con eficiencia, responsabilidad y honradez, percibiendo ingresos que les permiten vivir en la justa median\u00eda, como lo recomendaba el presidente Ju\u00e1rez.<\/li>\n<li><strong>M\u00e9xico est\u00e1 recuperando su prestigio en el mundo.<\/strong><\/li>\n<li>El gobierno dej\u00f3 de ser el principal violador de los derechos humanos.<\/li>\n<li>El<strong>\u00a0aumento al salario<\/strong>, el reparto de utilidades y los\u00a0<i>Programas para el Bienestar<\/i>\u00a0se han convertido en nuevos y eficaces medios para la distribuci\u00f3n m\u00e1s justa de la riqueza.<\/li>\n<li>Se elev\u00f3 a rango constitucional la\u00a0<strong>pensi\u00f3n para adultos mayores<\/strong>, el apoyo universal a personas con discapacidad y el otorgamiento de becas a estudiantes de familias pobres.<\/li>\n<li>Est\u00e1 por convertirse en realidad el principio de que la\u00a0<strong>educaci\u00f3n y la salud no son privilegios, sino derechos del pueblo.<\/strong><\/li>\n<li>Estamos, y me siento muy orgulloso y as\u00ed debemos sentirnos todos y creo que esto se est\u00e1 internalizando cada vez m\u00e1s: estamos\u00a0<strong>ganando la batalla contra el racismo, el clasismo<\/strong>\u00a0y la discriminaci\u00f3n en todas sus expresiones.<\/li>\n<li>Hemos reducido la incidencia delictiva.<\/li>\n<li>Las\u00a0<strong>manifestaciones de protesta son pocas<\/strong>, no proliferan las huelgas ni existe ingobernabilidad.<\/li>\n<li>Se\u00a0<strong>garantiza como nunca la libertad de expresi\u00f3n<\/strong>\u00a0y el derecho a disentir.<\/li>\n<li>M\u00e9xico, hoy es\u00a0<strong>santuario de las libertades<\/strong>, por ejemplo, aqu\u00ed en la Ciudad de M\u00e9xico hace unos d\u00edas, sin ning\u00fan obst\u00e1culo, hicieron su cumbre los m\u00e1s famosos personajes de la ultra derecha en el mundo. Nunca m\u00e1s deseamos aplicar el art\u00edculo 33\u00ba de la Constituci\u00f3n y no queremos a nadie llamarle \u2018extranjero pernicioso\u2019, este es un pa\u00eds de libertades y tenemos vocaci\u00f3n de justicia y vocaci\u00f3n democr\u00e1tica.<\/li>\n<li>El gobierno\u00a0<strong>no participa en fraudes electorales.<\/strong><\/li>\n<li>La Fiscal\u00eda General de la Rep\u00fablica, y los poderes Legislativo y Judicial act\u00faan con\u00a0<strong>absoluta independencia.<\/strong><\/li>\n<li>Existe\u00a0<strong>libertad religiosa, al mismo tiempo existe Estado laico.<\/strong><\/li>\n<li>Se est\u00e1 demostrando que la<strong>\u00a0mayor riqueza de M\u00e9xico es la honestidad<\/strong>\u00a0de su pueblo.<\/li>\n<\/ul>\n<p><b>\u00a0<\/b><\/p>\n<p><b>Amigas y amigos:<\/b><\/p>\n<p>La pol\u00edtica es, entre otras cosas, pensamiento y acci\u00f3n; y aun cuando lo fundamental son los hechos, no deja de importar c\u00f3mo definir, en el terreno te\u00f3rico, el modelo de gobierno que estamos aplicando. Mi propuesta ser\u00eda llamarle\u00a0<b>humanismo mexicano<\/b>, porque s\u00ed tenemos que buscar un distintivo,\u00a0<b>humanismo mexicano<\/b>,\u00a0no solo por la frase atribuida al literato romano Publio Terencio, de que nada humano nos es ajeno, sino porque, nutri\u00e9ndose de ideas universales, lo esencial de nuestro proyecto proviene de nuestra grandeza cultural milenaria y de nuestra excepcional y fecunda historia pol\u00edtica.<\/p>\n<p><b>Ahora bien: \u00bfcu\u00e1les son los principios pol\u00edticos, econ\u00f3micos y sociales del humanismo mexicano que postulamos y que inspira a la Cuarta Transformaci\u00f3n?<\/b><\/p>\n<p>Tratar\u00e9 de explicarlo de manera breve:<\/p>\n<p>En lo pol\u00edtico no aceptamos el derrotismo, estamos a favor de lo que expres\u00f3 el Padre de nuestra Patria, Miguel Hidalgo y Costilla: \u201cel pueblo que quiere ser libre, lo ser\u00e1\u201d, y de igual manera, en el terreno de la democracia, consideramos b\u00e1sico actuar como el insigne presidente Francisco I. Madero, que en el Plan de San Luis llam\u00f3 al pueblo de M\u00e9xico, el 20 de noviembre de 1910, a tomar las armas contra dictadura porfirista, porque seg\u00fan sus convicciones, y lo cito textualmente \u201cM\u00e9xico estaba gobernado por una tiran\u00eda que ha pretendido [sosten\u00eda] justificarse a s\u00ed misma con el beneficio de la paz y de la prosperidad material; pero esa paz no descansa en el derecho, sino en la fuerza, y esa prosperidad solo beneficia a una minor\u00eda, no al pueblo ni a la naci\u00f3n\u201d.<\/p>\n<p>De este criterio se desprende tambi\u00e9n nuestro fundamento de pol\u00edtica econ\u00f3mica, pues sostenemos que el progreso sin justicia es retroceso. Nuestra tesis es que no basta el crecimiento econ\u00f3mico, sino que es indispensable la justicia. En la nueva pol\u00edtica econ\u00f3mica, moral y social que hemos aplicado desde el principio de nuestro gobierno, se ha desechado la obsesi\u00f3n tecnocr\u00e1tica de medirlo todo en funci\u00f3n de indicadores de crecimiento que no necesariamente reflejan las realidades sociales.<\/p>\n<p>Nosotros\u00a0<strong>consideramos que lo fundamental no es cuantitativo sino cualitativo;<\/strong>\u00a0es decir, la distribuci\u00f3n equitativa del ingreso y de la riqueza. El fin \u00faltimo de un Estado es crear las condiciones para que la gente pueda vivir feliz y libre de miserias y temores.<\/p>\n<p>Por otra parte, m\u00e1s all\u00e1 del simple crecimiento econ\u00f3mico, es fundamental desterrar la corrupci\u00f3n y los privilegios para destinar todo lo obtenido y ahorrado en beneficio de la mayor\u00eda del pueblo y de manera espec\u00edfica, en beneficio de los m\u00e1s pobres y marginados.<\/p>\n<ul>\n<li>\u25cf \u25cf<\/li>\n<\/ul>\n<p>La estrategia central del gobierno en el terreno de la pol\u00edtica social descansa en respetar, atender y escuchar a todas y a todos, pero otorgando preferencia a los pobres y humillados.\u00a0 Siempre dijimos \u2013ese fue mi lema de campa\u00f1a por la Jefatura de Gobierno de la Ciudad de M\u00e9xico en el a\u00f1o 2000 que\u00a0<strong>\u201cpor el bien de todos, primero los pobres\u201d<\/strong>. Esta frase debiera ser la esencia de la actividad pol\u00edtica porque es sin\u00f3nimo de humanismo y una forma distinta de entender la importancia del poder, cuyo ejercicio, como lo he dicho muchas veces, solo es puro y virtuoso cuando se pone al servicio de los dem\u00e1s.<\/p>\n<p>Pero atender a los m\u00e1s pobres es tambi\u00e9n, por si fuese poco, ir a la segura para contar con el apoyo de muchos cuando se busca transformar una realidad de opresi\u00f3n y alcanzar el ideal de vivir en una sociedad mejor, m\u00e1s justa, igualitaria y fraterna. \u00bfQui\u00e9n defiende realmente a un gobierno democr\u00e1tico? El pueblo, b\u00e1sicamente el pueblo. Saben que Ricardo Flores\u00a0 Mag\u00f3n dej\u00f3 muchas ense\u00f1anzas y\u00a0 ten\u00eda una frase que me gusta mucho, y la repet\u00ed y la repet\u00ed y la sigo repitiendo, dec\u00eda: \u201cSolo el pueblo puede salvar al pueblo\u201d y otro oaxaque\u00f1o, el presidente m\u00e1s grande que ya tenido M\u00e9xico, el mejor presidente en toda la historia Benito Ju\u00e1rez, un ind\u00edgena zapoteco, dec\u00eda: \u201cCon el pueblo, todo; sin el pueblo, nada\u201d. Por eso,\u00a0<strong>\u00bfqui\u00e9n respalda la Cuarta Transformaci\u00f3n?: el pueblo.<\/strong>\u00a0Por eso nunca, jam\u00e1s vamos a traicionar al pueblo.<\/p>\n<p>Y algo b\u00e1sico y esencial y esto para los j\u00f3venes sobre todo, algo b\u00e1sico y esencial: nada se logra sin amor al pueblo, quiz\u00e1 en otros tiempos se pod\u00eda fingir, simular, ir en campa\u00f1a a pedir votos, abrazar a la gente y luego llegar al cargo y olvidarse del pueblo, a lo mejor en otros tiempos, ahora ya no, el consejo a los j\u00f3venes es que si quieren dedicarse al noble oficio de la pol\u00edtica, no olviden que lo principal es tenerle amor al pueblo, querer al pueblo, profundo amor al pueblo, nada se logra sin amor al pueblo; el presidente L\u00e1zaro C\u00e1rdenas dec\u00eda, f\u00edjense esto en 1937, estaba de presidente de la Rep\u00fablica no de candidato despu\u00e9s de que fue presidente, dec\u00eda que le mortificaba \u201cconocer el verdadero fondo moral de muchos servidores p\u00fablicos al observar en sus semblantes el disgusto que les causaba la demanda de auxilio o de justicia de la gente pobre. Entonces pienso m\u00e1s [expresaba], en la tragedia interminable de nuestro propio pueblo\u201d.<\/p>\n<p>Pues bien, sin ese sincero sentimiento, nada bueno se puede hacer en la vida y menos en la pol\u00edtica que, contrario a lo que se suele pensar, es uno de los oficios m\u00e1s nobles y de la m\u00e1s alta jerarqu\u00eda espiritual.<\/p>\n<p>Que se escuche bien y lejos:<\/p>\n<p>La\u00a0<strong>aut\u00e9ntica pol\u00edtica es profundamente humana<\/strong>\u00a0en su fundamento, en su esencia y, sobre todo, cuando se practica en bien de los dem\u00e1s y en especial de los pobres.<\/p>\n<p><b>\u00a0<\/b><\/p>\n<p><b>Amigas, amigos entra\u00f1ables:<\/b><\/p>\n<p>Sigamos haciendo historia. Continuemos impulsando el cambio de mentalidad, la revoluci\u00f3n de las conciencias. Hagamos realidad y gloria el\u00a0<b>humanismo mexicano.<\/b><\/p>\n<p>\u00a1Que viva M\u00e9xico!<\/p>\n<p>\u00a1Viva M\u00e9xico!<\/p>\n<p>\u00a1Viva M\u00e9xico!<\/p>\n","protected":false},"excerpt":{"rendered":"<p>Son las tres en punto. Bueno, me da mucho gusto estar con ustedes, ya saben&#8230;<\/p>\n","protected":false},"author":2,"featured_media":6564,"comment_status":"closed","ping_status":"closed","sticky":false,"template":"","format":"standard","meta":{"footnotes":""},"categories":[20,27],"tags":[2424,84,556,2420],"class_list":["post-6561","post","type-post","status-publish","format-standard","has-post-thumbnail","hentry","category-nacionales","category-presidencia","tag-4to-informe-de-gobierno","tag-amlo","tag-gobierno-de-mexico","tag-marcha-de-amlo"],"yoast_head":"<!-- This site is optimized with the Yoast SEO plugin v27.5 - https:\/\/yoast.com\/product\/yoast-seo-wordpress\/ -->\n<title>DISCURSO DEL PRESIDENTE ANDR\u00c9S MANUEL L\u00d3PEZ OBRADOR EN LA CELEBRACI\u00d3N POR 4 A\u00d1OS DE TRANSFORMACI\u00d3N - NOTICIAS DE LA 4T<\/title>\n<meta name=\"robots\" content=\"noindex, follow, max-snippet:-1, max-image-preview:large, max-video-preview:-1\" \/>\n<meta property=\"og:locale\" content=\"es_MX\" \/>\n<meta property=\"og:type\" content=\"article\" \/>\n<meta property=\"og:title\" content=\"DISCURSO DEL PRESIDENTE ANDR\u00c9S MANUEL L\u00d3PEZ OBRADOR EN LA CELEBRACI\u00d3N POR 4 A\u00d1OS DE TRANSFORMACI\u00d3N - NOTICIAS DE LA 4T\" \/>\n<meta property=\"og:description\" content=\"Son las tres en punto. Bueno, me da mucho gusto estar con ustedes, ya saben...\" \/>\n<meta property=\"og:url\" content=\"https:\/\/redamlo.com\/index.php\/2022\/11\/27\/discurso-del-presidente-andres-manuel-lopez-obrador-en-la-celebracion-por-4-anos-de-transformacion\/\" \/>\n<meta property=\"og:site_name\" content=\"NOTICIAS DE LA 4T\" \/>\n<meta property=\"article:published_time\" content=\"2022-11-28T03:34:28+00:00\" \/>\n<meta property=\"og:image\" content=\"https:\/\/redamlo.com\/wp-content\/uploads\/2022\/11\/27-11-2022-4-ANOS-DE-TRANSFORMACION-FOTO-02.jpg\" \/>\n\t<meta property=\"og:image:width\" content=\"1500\" \/>\n\t<meta property=\"og:image:height\" content=\"1000\" \/>\n\t<meta property=\"og:image:type\" content=\"image\/jpeg\" \/>\n<meta name=\"author\" content=\"Blanca\" \/>\n<meta name=\"twitter:card\" content=\"summary_large_image\" \/>\n<meta name=\"twitter:label1\" content=\"Escrito por\" \/>\n\t<meta name=\"twitter:data1\" content=\"Blanca\" \/>\n\t<meta name=\"twitter:label2\" content=\"Tiempo de lectura\" \/>\n\t<meta name=\"twitter:data2\" content=\"41 minutos\" \/>\n<script type=\"application\/ld+json\" class=\"yoast-schema-graph\">{\"@context\":\"https:\\\/\\\/schema.org\",\"@graph\":[{\"@type\":\"Article\",\"@id\":\"https:\\\/\\\/redamlo.com\\\/index.php\\\/2022\\\/11\\\/27\\\/discurso-del-presidente-andres-manuel-lopez-obrador-en-la-celebracion-por-4-anos-de-transformacion\\\/#article\",\"isPartOf\":{\"@id\":\"https:\\\/\\\/redamlo.com\\\/index.php\\\/2022\\\/11\\\/27\\\/discurso-del-presidente-andres-manuel-lopez-obrador-en-la-celebracion-por-4-anos-de-transformacion\\\/\"},\"author\":{\"name\":\"Blanca\",\"@id\":\"https:\\\/\\\/redamlo.com\\\/#\\\/schema\\\/person\\\/7223a4375eb8f1a782fcae010a7115cf\"},\"headline\":\"DISCURSO DEL PRESIDENTE ANDR\u00c9S MANUEL L\u00d3PEZ OBRADOR EN LA CELEBRACI\u00d3N POR 4 A\u00d1OS DE TRANSFORMACI\u00d3N\",\"datePublished\":\"2022-11-28T03:34:28+00:00\",\"mainEntityOfPage\":{\"@id\":\"https:\\\/\\\/redamlo.com\\\/index.php\\\/2022\\\/11\\\/27\\\/discurso-del-presidente-andres-manuel-lopez-obrador-en-la-celebracion-por-4-anos-de-transformacion\\\/\"},\"wordCount\":8130,\"publisher\":{\"@id\":\"https:\\\/\\\/redamlo.com\\\/#organization\"},\"image\":{\"@id\":\"https:\\\/\\\/redamlo.com\\\/index.php\\\/2022\\\/11\\\/27\\\/discurso-del-presidente-andres-manuel-lopez-obrador-en-la-celebracion-por-4-anos-de-transformacion\\\/#primaryimage\"},\"thumbnailUrl\":\"https:\\\/\\\/redamlo.com\\\/wp-content\\\/uploads\\\/2022\\\/11\\\/27-11-2022-4-ANOS-DE-TRANSFORMACION-FOTO-02.jpg\",\"keywords\":[\"4to informe de gobierno\",\"AMLO\",\"Gobierno de M\u00e9xico\",\"Marcha de AMLO\"],\"articleSection\":[\"Nacionales\",\"Presidencia\"],\"inLanguage\":\"es\"},{\"@type\":\"WebPage\",\"@id\":\"https:\\\/\\\/redamlo.com\\\/index.php\\\/2022\\\/11\\\/27\\\/discurso-del-presidente-andres-manuel-lopez-obrador-en-la-celebracion-por-4-anos-de-transformacion\\\/\",\"url\":\"https:\\\/\\\/redamlo.com\\\/index.php\\\/2022\\\/11\\\/27\\\/discurso-del-presidente-andres-manuel-lopez-obrador-en-la-celebracion-por-4-anos-de-transformacion\\\/\",\"name\":\"DISCURSO DEL PRESIDENTE ANDR\u00c9S MANUEL L\u00d3PEZ OBRADOR EN LA CELEBRACI\u00d3N POR 4 A\u00d1OS DE TRANSFORMACI\u00d3N - NOTICIAS DE LA 4T\",\"isPartOf\":{\"@id\":\"https:\\\/\\\/redamlo.com\\\/#website\"},\"primaryImageOfPage\":{\"@id\":\"https:\\\/\\\/redamlo.com\\\/index.php\\\/2022\\\/11\\\/27\\\/discurso-del-presidente-andres-manuel-lopez-obrador-en-la-celebracion-por-4-anos-de-transformacion\\\/#primaryimage\"},\"image\":{\"@id\":\"https:\\\/\\\/redamlo.com\\\/index.php\\\/2022\\\/11\\\/27\\\/discurso-del-presidente-andres-manuel-lopez-obrador-en-la-celebracion-por-4-anos-de-transformacion\\\/#primaryimage\"},\"thumbnailUrl\":\"https:\\\/\\\/redamlo.com\\\/wp-content\\\/uploads\\\/2022\\\/11\\\/27-11-2022-4-ANOS-DE-TRANSFORMACION-FOTO-02.jpg\",\"datePublished\":\"2022-11-28T03:34:28+00:00\",\"breadcrumb\":{\"@id\":\"https:\\\/\\\/redamlo.com\\\/index.php\\\/2022\\\/11\\\/27\\\/discurso-del-presidente-andres-manuel-lopez-obrador-en-la-celebracion-por-4-anos-de-transformacion\\\/#breadcrumb\"},\"inLanguage\":\"es\",\"potentialAction\":[{\"@type\":\"ReadAction\",\"target\":[\"https:\\\/\\\/redamlo.com\\\/index.php\\\/2022\\\/11\\\/27\\\/discurso-del-presidente-andres-manuel-lopez-obrador-en-la-celebracion-por-4-anos-de-transformacion\\\/\"]}]},{\"@type\":\"ImageObject\",\"inLanguage\":\"es\",\"@id\":\"https:\\\/\\\/redamlo.com\\\/index.php\\\/2022\\\/11\\\/27\\\/discurso-del-presidente-andres-manuel-lopez-obrador-en-la-celebracion-por-4-anos-de-transformacion\\\/#primaryimage\",\"url\":\"https:\\\/\\\/redamlo.com\\\/wp-content\\\/uploads\\\/2022\\\/11\\\/27-11-2022-4-ANOS-DE-TRANSFORMACION-FOTO-02.jpg\",\"contentUrl\":\"https:\\\/\\\/redamlo.com\\\/wp-content\\\/uploads\\\/2022\\\/11\\\/27-11-2022-4-ANOS-DE-TRANSFORMACION-FOTO-02.jpg\",\"width\":1500,\"height\":1000},{\"@type\":\"BreadcrumbList\",\"@id\":\"https:\\\/\\\/redamlo.com\\\/index.php\\\/2022\\\/11\\\/27\\\/discurso-del-presidente-andres-manuel-lopez-obrador-en-la-celebracion-por-4-anos-de-transformacion\\\/#breadcrumb\",\"itemListElement\":[{\"@type\":\"ListItem\",\"position\":1,\"name\":\"Inicio\",\"item\":\"https:\\\/\\\/redamlo.com\\\/\"},{\"@type\":\"ListItem\",\"position\":2,\"name\":\"DISCURSO DEL PRESIDENTE ANDR\u00c9S MANUEL L\u00d3PEZ OBRADOR EN LA CELEBRACI\u00d3N POR 4 A\u00d1OS DE TRANSFORMACI\u00d3N\"}]},{\"@type\":\"WebSite\",\"@id\":\"https:\\\/\\\/redamlo.com\\\/#website\",\"url\":\"https:\\\/\\\/redamlo.com\\\/\",\"name\":\"NOTICIAS DE LA 4T\",\"description\":\"\",\"publisher\":{\"@id\":\"https:\\\/\\\/redamlo.com\\\/#organization\"},\"potentialAction\":[{\"@type\":\"SearchAction\",\"target\":{\"@type\":\"EntryPoint\",\"urlTemplate\":\"https:\\\/\\\/redamlo.com\\\/?s={search_term_string}\"},\"query-input\":{\"@type\":\"PropertyValueSpecification\",\"valueRequired\":true,\"valueName\":\"search_term_string\"}}],\"inLanguage\":\"es\"},{\"@type\":\"Organization\",\"@id\":\"https:\\\/\\\/redamlo.com\\\/#organization\",\"name\":\"NOTICIAS DE LA 4T\",\"url\":\"https:\\\/\\\/redamlo.com\\\/\",\"logo\":{\"@type\":\"ImageObject\",\"inLanguage\":\"es\",\"@id\":\"https:\\\/\\\/redamlo.com\\\/#\\\/schema\\\/logo\\\/image\\\/\",\"url\":\"https:\\\/\\\/redamlo.com\\\/wp-content\\\/uploads\\\/2024\\\/08\\\/cropped-RED-AMLO-logo-50.png\",\"contentUrl\":\"https:\\\/\\\/redamlo.com\\\/wp-content\\\/uploads\\\/2024\\\/08\\\/cropped-RED-AMLO-logo-50.png\",\"width\":256,\"height\":256,\"caption\":\"NOTICIAS DE LA 4T\"},\"image\":{\"@id\":\"https:\\\/\\\/redamlo.com\\\/#\\\/schema\\\/logo\\\/image\\\/\"}},{\"@type\":\"Person\",\"@id\":\"https:\\\/\\\/redamlo.com\\\/#\\\/schema\\\/person\\\/7223a4375eb8f1a782fcae010a7115cf\",\"name\":\"Blanca\",\"image\":{\"@type\":\"ImageObject\",\"inLanguage\":\"es\",\"@id\":\"https:\\\/\\\/secure.gravatar.com\\\/avatar\\\/3f79bc8336367a4e6093eae8757acaaf61d1124834b905616de7829b0273426d?s=96&d=mm&r=g\",\"url\":\"https:\\\/\\\/secure.gravatar.com\\\/avatar\\\/3f79bc8336367a4e6093eae8757acaaf61d1124834b905616de7829b0273426d?s=96&d=mm&r=g\",\"contentUrl\":\"https:\\\/\\\/secure.gravatar.com\\\/avatar\\\/3f79bc8336367a4e6093eae8757acaaf61d1124834b905616de7829b0273426d?s=96&d=mm&r=g\",\"caption\":\"Blanca\"},\"url\":\"https:\\\/\\\/redamlo.com\\\/index.php\\\/author\\\/blanca\\\/\"}]}<\/script>\n<!-- \/ Yoast SEO plugin. -->","yoast_head_json":{"title":"DISCURSO DEL PRESIDENTE ANDR\u00c9S MANUEL L\u00d3PEZ OBRADOR EN LA CELEBRACI\u00d3N POR 4 A\u00d1OS DE TRANSFORMACI\u00d3N - NOTICIAS DE LA 4T","robots":{"index":"noindex","follow":"follow","max-snippet":"max-snippet:-1","max-image-preview":"max-image-preview:large","max-video-preview":"max-video-preview:-1"},"og_locale":"es_MX","og_type":"article","og_title":"DISCURSO DEL PRESIDENTE ANDR\u00c9S MANUEL L\u00d3PEZ OBRADOR EN LA CELEBRACI\u00d3N POR 4 A\u00d1OS DE TRANSFORMACI\u00d3N - NOTICIAS DE LA 4T","og_description":"Son las tres en punto. Bueno, me da mucho gusto estar con ustedes, ya saben...","og_url":"https:\/\/redamlo.com\/index.php\/2022\/11\/27\/discurso-del-presidente-andres-manuel-lopez-obrador-en-la-celebracion-por-4-anos-de-transformacion\/","og_site_name":"NOTICIAS DE LA 4T","article_published_time":"2022-11-28T03:34:28+00:00","og_image":[{"width":1500,"height":1000,"url":"https:\/\/redamlo.com\/wp-content\/uploads\/2022\/11\/27-11-2022-4-ANOS-DE-TRANSFORMACION-FOTO-02.jpg","type":"image\/jpeg"}],"author":"Blanca","twitter_card":"summary_large_image","twitter_misc":{"Escrito por":"Blanca","Tiempo de lectura":"41 minutos"},"schema":{"@context":"https:\/\/schema.org","@graph":[{"@type":"Article","@id":"https:\/\/redamlo.com\/index.php\/2022\/11\/27\/discurso-del-presidente-andres-manuel-lopez-obrador-en-la-celebracion-por-4-anos-de-transformacion\/#article","isPartOf":{"@id":"https:\/\/redamlo.com\/index.php\/2022\/11\/27\/discurso-del-presidente-andres-manuel-lopez-obrador-en-la-celebracion-por-4-anos-de-transformacion\/"},"author":{"name":"Blanca","@id":"https:\/\/redamlo.com\/#\/schema\/person\/7223a4375eb8f1a782fcae010a7115cf"},"headline":"DISCURSO DEL PRESIDENTE ANDR\u00c9S MANUEL L\u00d3PEZ OBRADOR EN LA CELEBRACI\u00d3N POR 4 A\u00d1OS DE TRANSFORMACI\u00d3N","datePublished":"2022-11-28T03:34:28+00:00","mainEntityOfPage":{"@id":"https:\/\/redamlo.com\/index.php\/2022\/11\/27\/discurso-del-presidente-andres-manuel-lopez-obrador-en-la-celebracion-por-4-anos-de-transformacion\/"},"wordCount":8130,"publisher":{"@id":"https:\/\/redamlo.com\/#organization"},"image":{"@id":"https:\/\/redamlo.com\/index.php\/2022\/11\/27\/discurso-del-presidente-andres-manuel-lopez-obrador-en-la-celebracion-por-4-anos-de-transformacion\/#primaryimage"},"thumbnailUrl":"https:\/\/redamlo.com\/wp-content\/uploads\/2022\/11\/27-11-2022-4-ANOS-DE-TRANSFORMACION-FOTO-02.jpg","keywords":["4to informe de gobierno","AMLO","Gobierno de M\u00e9xico","Marcha de AMLO"],"articleSection":["Nacionales","Presidencia"],"inLanguage":"es"},{"@type":"WebPage","@id":"https:\/\/redamlo.com\/index.php\/2022\/11\/27\/discurso-del-presidente-andres-manuel-lopez-obrador-en-la-celebracion-por-4-anos-de-transformacion\/","url":"https:\/\/redamlo.com\/index.php\/2022\/11\/27\/discurso-del-presidente-andres-manuel-lopez-obrador-en-la-celebracion-por-4-anos-de-transformacion\/","name":"DISCURSO DEL PRESIDENTE ANDR\u00c9S MANUEL L\u00d3PEZ OBRADOR EN LA CELEBRACI\u00d3N POR 4 A\u00d1OS DE TRANSFORMACI\u00d3N - NOTICIAS DE LA 4T","isPartOf":{"@id":"https:\/\/redamlo.com\/#website"},"primaryImageOfPage":{"@id":"https:\/\/redamlo.com\/index.php\/2022\/11\/27\/discurso-del-presidente-andres-manuel-lopez-obrador-en-la-celebracion-por-4-anos-de-transformacion\/#primaryimage"},"image":{"@id":"https:\/\/redamlo.com\/index.php\/2022\/11\/27\/discurso-del-presidente-andres-manuel-lopez-obrador-en-la-celebracion-por-4-anos-de-transformacion\/#primaryimage"},"thumbnailUrl":"https:\/\/redamlo.com\/wp-content\/uploads\/2022\/11\/27-11-2022-4-ANOS-DE-TRANSFORMACION-FOTO-02.jpg","datePublished":"2022-11-28T03:34:28+00:00","breadcrumb":{"@id":"https:\/\/redamlo.com\/index.php\/2022\/11\/27\/discurso-del-presidente-andres-manuel-lopez-obrador-en-la-celebracion-por-4-anos-de-transformacion\/#breadcrumb"},"inLanguage":"es","potentialAction":[{"@type":"ReadAction","target":["https:\/\/redamlo.com\/index.php\/2022\/11\/27\/discurso-del-presidente-andres-manuel-lopez-obrador-en-la-celebracion-por-4-anos-de-transformacion\/"]}]},{"@type":"ImageObject","inLanguage":"es","@id":"https:\/\/redamlo.com\/index.php\/2022\/11\/27\/discurso-del-presidente-andres-manuel-lopez-obrador-en-la-celebracion-por-4-anos-de-transformacion\/#primaryimage","url":"https:\/\/redamlo.com\/wp-content\/uploads\/2022\/11\/27-11-2022-4-ANOS-DE-TRANSFORMACION-FOTO-02.jpg","contentUrl":"https:\/\/redamlo.com\/wp-content\/uploads\/2022\/11\/27-11-2022-4-ANOS-DE-TRANSFORMACION-FOTO-02.jpg","width":1500,"height":1000},{"@type":"BreadcrumbList","@id":"https:\/\/redamlo.com\/index.php\/2022\/11\/27\/discurso-del-presidente-andres-manuel-lopez-obrador-en-la-celebracion-por-4-anos-de-transformacion\/#breadcrumb","itemListElement":[{"@type":"ListItem","position":1,"name":"Inicio","item":"https:\/\/redamlo.com\/"},{"@type":"ListItem","position":2,"name":"DISCURSO DEL PRESIDENTE ANDR\u00c9S MANUEL L\u00d3PEZ OBRADOR EN LA CELEBRACI\u00d3N POR 4 A\u00d1OS DE TRANSFORMACI\u00d3N"}]},{"@type":"WebSite","@id":"https:\/\/redamlo.com\/#website","url":"https:\/\/redamlo.com\/","name":"NOTICIAS DE LA 4T","description":"","publisher":{"@id":"https:\/\/redamlo.com\/#organization"},"potentialAction":[{"@type":"SearchAction","target":{"@type":"EntryPoint","urlTemplate":"https:\/\/redamlo.com\/?s={search_term_string}"},"query-input":{"@type":"PropertyValueSpecification","valueRequired":true,"valueName":"search_term_string"}}],"inLanguage":"es"},{"@type":"Organization","@id":"https:\/\/redamlo.com\/#organization","name":"NOTICIAS DE LA 4T","url":"https:\/\/redamlo.com\/","logo":{"@type":"ImageObject","inLanguage":"es","@id":"https:\/\/redamlo.com\/#\/schema\/logo\/image\/","url":"https:\/\/redamlo.com\/wp-content\/uploads\/2024\/08\/cropped-RED-AMLO-logo-50.png","contentUrl":"https:\/\/redamlo.com\/wp-content\/uploads\/2024\/08\/cropped-RED-AMLO-logo-50.png","width":256,"height":256,"caption":"NOTICIAS DE LA 4T"},"image":{"@id":"https:\/\/redamlo.com\/#\/schema\/logo\/image\/"}},{"@type":"Person","@id":"https:\/\/redamlo.com\/#\/schema\/person\/7223a4375eb8f1a782fcae010a7115cf","name":"Blanca","image":{"@type":"ImageObject","inLanguage":"es","@id":"https:\/\/secure.gravatar.com\/avatar\/3f79bc8336367a4e6093eae8757acaaf61d1124834b905616de7829b0273426d?s=96&d=mm&r=g","url":"https:\/\/secure.gravatar.com\/avatar\/3f79bc8336367a4e6093eae8757acaaf61d1124834b905616de7829b0273426d?s=96&d=mm&r=g","contentUrl":"https:\/\/secure.gravatar.com\/avatar\/3f79bc8336367a4e6093eae8757acaaf61d1124834b905616de7829b0273426d?s=96&d=mm&r=g","caption":"Blanca"},"url":"https:\/\/redamlo.com\/index.php\/author\/blanca\/"}]}},"_links":{"self":[{"href":"https:\/\/redamlo.com\/index.php\/wp-json\/wp\/v2\/posts\/6561","targetHints":{"allow":["GET"]}}],"collection":[{"href":"https:\/\/redamlo.com\/index.php\/wp-json\/wp\/v2\/posts"}],"about":[{"href":"https:\/\/redamlo.com\/index.php\/wp-json\/wp\/v2\/types\/post"}],"author":[{"embeddable":true,"href":"https:\/\/redamlo.com\/index.php\/wp-json\/wp\/v2\/users\/2"}],"replies":[{"embeddable":true,"href":"https:\/\/redamlo.com\/index.php\/wp-json\/wp\/v2\/comments?post=6561"}],"version-history":[{"count":0,"href":"https:\/\/redamlo.com\/index.php\/wp-json\/wp\/v2\/posts\/6561\/revisions"}],"wp:featuredmedia":[{"embeddable":true,"href":"https:\/\/redamlo.com\/index.php\/wp-json\/wp\/v2\/media\/6564"}],"wp:attachment":[{"href":"https:\/\/redamlo.com\/index.php\/wp-json\/wp\/v2\/media?parent=6561"}],"wp:term":[{"taxonomy":"category","embeddable":true,"href":"https:\/\/redamlo.com\/index.php\/wp-json\/wp\/v2\/categories?post=6561"},{"taxonomy":"post_tag","embeddable":true,"href":"https:\/\/redamlo.com\/index.php\/wp-json\/wp\/v2\/tags?post=6561"}],"curies":[{"name":"wp","href":"https:\/\/api.w.org\/{rel}","templated":true}]}}