{"id":6548,"date":"2022-11-25T14:00:50","date_gmt":"2022-11-25T20:00:50","guid":{"rendered":"https:\/\/redamlo.com\/?p=6548"},"modified":"2022-11-25T14:00:50","modified_gmt":"2022-11-25T20:00:50","slug":"presidente-recibe-visita-oficial-de-gustavo-petro-presidente-de-colombia","status":"publish","type":"post","link":"https:\/\/redamlo.com\/index.php\/2022\/11\/25\/presidente-recibe-visita-oficial-de-gustavo-petro-presidente-de-colombia\/","title":{"rendered":"Presidente recibe visita oficial de Gustavo Petro, presidente de Colombia"},"content":{"rendered":"<p>El presidente Andr\u00e9s Manuel L\u00f3pez Obrador dio la bienvenida en Palacio Nacional a su hom\u00f3logo de Colombia, Gustavo Petro Urrego, quien realiza su primera visita oficial a M\u00e9xico.<\/p>\n<p><iframe loading=\"lazy\" title=\"Ceremonia de bienvenida al presidente de la Rep\u00fablica de Colombia, Gustavo Petro Urrego\" width=\"640\" height=\"360\" src=\"https:\/\/www.youtube.com\/embed\/zEPHv5Z9ig4?feature=oembed\" frameborder=\"0\" allow=\"accelerometer; autoplay; clipboard-write; encrypted-media; gyroscope; picture-in-picture; web-share\" referrerpolicy=\"strict-origin-when-cross-origin\" allowfullscreen><\/iframe><\/p>\n<p>El mandatario ofreci\u00f3 un desayuno de honor a la delegaci\u00f3n colombiana acompa\u00f1ado de la secretaria de Econom\u00eda, Raquel Buenrostro S\u00e1nchez y el secretario de Relaciones Exteriores, Marcelo Ebrard Casaubon.<\/p>\n<p>La comitiva del presidente de Colombia est\u00e1 integrada por los ministros de Relaciones Exteriores, \u00c1lvaro Leyva Dur\u00e1n y de Comercio, Germ\u00e1n Uma\u00f1a Mendoza, adem\u00e1s de la jefa del Gabinete Presidencial, Laura Sarabia Torres.<\/p>\n<p>El presidente Andr\u00e9s Manuel L\u00f3pez Obrador afirm\u00f3 que la hermandad define su relaci\u00f3n con el primer mandatario de Colombia, Gustavo Petro Urrego, y con el pueblo de ese pa\u00eds.<\/p>\n<p>As\u00ed lo expres\u00f3 en un mensaje en sus redes sociales luego de la reuni\u00f3n que ambos mandatarios sostuvieron en Palacio Nacional.<\/p>\n<blockquote class=\"twitter-tweet\" data-width=\"550\" data-dnt=\"true\">\n<p lang=\"es\" dir=\"ltr\">Si tuviese que resumir en una palabra c\u00f3mo es la relaci\u00f3n entre nuestros pueblos y con el gobierno del presidente de Colombia, Gustavo Petro, dir\u00eda: hermandad. <a href=\"https:\/\/t.co\/F7ed08j33I\">pic.twitter.com\/F7ed08j33I<\/a><\/p>\n<p>&mdash; Andr\u00e9s Manuel (@lopezobrador_) <a href=\"https:\/\/twitter.com\/lopezobrador_\/status\/1596235204636516352?ref_src=twsrc%5Etfw\">November 25, 2022<\/a><\/p><\/blockquote>\n<p><script async src=\"https:\/\/platform.twitter.com\/widgets.js\" charset=\"utf-8\"><\/script><\/p>\n","protected":false},"excerpt":{"rendered":"<p>El presidente Andr\u00e9s Manuel L\u00f3pez Obrador dio la bienvenida en Palacio Nacional a su hom\u00f3logo&#8230;<\/p>\n","protected":false},"author":2,"featured_media":6552,"comment_status":"closed","ping_status":"closed","sticky":false,"template":"","format":"standard","meta":{"footnotes":""},"categories":[27],"tags":[45,2417,9,2418],"class_list":["post-6548","post","type-post","status-publish","format-standard","has-post-thumbnail","hentry","category-presidencia","tag-colombia","tag-gustavo-petro","tag-mexico","tag-visita-oficial-presidente-de-colombia"],"yoast_head":"<!-- This site is optimized with the Yoast SEO plugin v27.5 - https:\/\/yoast.com\/product\/yoast-seo-wordpress\/ -->\n<title>Presidente recibe visita oficial de Gustavo Petro, presidente de Colombia - NOTICIAS DE LA 4T<\/title>\n<meta name=\"robots\" content=\"noindex, follow, max-snippet:-1, max-image-preview:large, max-video-preview:-1\" \/>\n<meta property=\"og:locale\" content=\"es_MX\" \/>\n<meta property=\"og:type\" content=\"article\" \/>\n<meta property=\"og:title\" content=\"Presidente recibe visita oficial de Gustavo Petro, presidente de Colombia - NOTICIAS DE LA 4T\" \/>\n<meta property=\"og:description\" content=\"El presidente Andr\u00e9s Manuel L\u00f3pez Obrador dio la bienvenida en Palacio Nacional a su hom\u00f3logo...\" \/>\n<meta property=\"og:url\" content=\"https:\/\/redamlo.com\/index.php\/2022\/11\/25\/presidente-recibe-visita-oficial-de-gustavo-petro-presidente-de-colombia\/\" \/>\n<meta property=\"og:site_name\" content=\"NOTICIAS DE LA 4T\" \/>\n<meta property=\"article:published_time\" content=\"2022-11-25T20:00:50+00:00\" \/>\n<meta property=\"og:image\" content=\"https:\/\/redamlo.com\/wp-content\/uploads\/2022\/11\/25-11-2022-PRESIDENTE-ANDRES-MANUEL-LOPEZ-OBRADOR-RECIBE-AL-PRESIDENTE-GUSTAVO-PETRO-PALACIO-NACIONAL-FOTO-05-745x450-1.jpg\" \/>\n\t<meta property=\"og:image:width\" content=\"745\" \/>\n\t<meta property=\"og:image:height\" content=\"450\" \/>\n\t<meta property=\"og:image:type\" content=\"image\/jpeg\" \/>\n<meta name=\"author\" content=\"Blanca\" \/>\n<meta name=\"twitter:card\" content=\"summary_large_image\" \/>\n<meta name=\"twitter:label1\" content=\"Escrito por\" \/>\n\t<meta name=\"twitter:data1\" content=\"Blanca\" \/>\n\t<meta name=\"twitter:label2\" content=\"Tiempo de lectura\" \/>\n\t<meta name=\"twitter:data2\" content=\"1 minuto\" \/>\n<script type=\"application\/ld+json\" class=\"yoast-schema-graph\">{\"@context\":\"https:\\\/\\\/schema.org\",\"@graph\":[{\"@type\":\"Article\",\"@id\":\"https:\\\/\\\/redamlo.com\\\/index.php\\\/2022\\\/11\\\/25\\\/presidente-recibe-visita-oficial-de-gustavo-petro-presidente-de-colombia\\\/#article\",\"isPartOf\":{\"@id\":\"https:\\\/\\\/redamlo.com\\\/index.php\\\/2022\\\/11\\\/25\\\/presidente-recibe-visita-oficial-de-gustavo-petro-presidente-de-colombia\\\/\"},\"author\":{\"name\":\"Blanca\",\"@id\":\"https:\\\/\\\/redamlo.com\\\/#\\\/schema\\\/person\\\/7223a4375eb8f1a782fcae010a7115cf\"},\"headline\":\"Presidente recibe visita oficial de Gustavo Petro, presidente de Colombia\",\"datePublished\":\"2022-11-25T20:00:50+00:00\",\"mainEntityOfPage\":{\"@id\":\"https:\\\/\\\/redamlo.com\\\/index.php\\\/2022\\\/11\\\/25\\\/presidente-recibe-visita-oficial-de-gustavo-petro-presidente-de-colombia\\\/\"},\"wordCount\":212,\"publisher\":{\"@id\":\"https:\\\/\\\/redamlo.com\\\/#organization\"},\"image\":{\"@id\":\"https:\\\/\\\/redamlo.com\\\/index.php\\\/2022\\\/11\\\/25\\\/presidente-recibe-visita-oficial-de-gustavo-petro-presidente-de-colombia\\\/#primaryimage\"},\"thumbnailUrl\":\"https:\\\/\\\/redamlo.com\\\/wp-content\\\/uploads\\\/2022\\\/11\\\/25-11-2022-PRESIDENTE-ANDRES-MANUEL-LOPEZ-OBRADOR-RECIBE-AL-PRESIDENTE-GUSTAVO-PETRO-PALACIO-NACIONAL-FOTO-05-745x450-1.jpg\",\"keywords\":[\"colombia\",\"Gustavo Petro\",\"M\u00e9xico\",\"visita oficial presidente de Colombia\"],\"articleSection\":[\"Presidencia\"],\"inLanguage\":\"es\"},{\"@type\":\"WebPage\",\"@id\":\"https:\\\/\\\/redamlo.com\\\/index.php\\\/2022\\\/11\\\/25\\\/presidente-recibe-visita-oficial-de-gustavo-petro-presidente-de-colombia\\\/\",\"url\":\"https:\\\/\\\/redamlo.com\\\/index.php\\\/2022\\\/11\\\/25\\\/presidente-recibe-visita-oficial-de-gustavo-petro-presidente-de-colombia\\\/\",\"name\":\"Presidente recibe visita oficial de Gustavo Petro, presidente de Colombia - NOTICIAS DE LA 4T\",\"isPartOf\":{\"@id\":\"https:\\\/\\\/redamlo.com\\\/#website\"},\"primaryImageOfPage\":{\"@id\":\"https:\\\/\\\/redamlo.com\\\/index.php\\\/2022\\\/11\\\/25\\\/presidente-recibe-visita-oficial-de-gustavo-petro-presidente-de-colombia\\\/#primaryimage\"},\"image\":{\"@id\":\"https:\\\/\\\/redamlo.com\\\/index.php\\\/2022\\\/11\\\/25\\\/presidente-recibe-visita-oficial-de-gustavo-petro-presidente-de-colombia\\\/#primaryimage\"},\"thumbnailUrl\":\"https:\\\/\\\/redamlo.com\\\/wp-content\\\/uploads\\\/2022\\\/11\\\/25-11-2022-PRESIDENTE-ANDRES-MANUEL-LOPEZ-OBRADOR-RECIBE-AL-PRESIDENTE-GUSTAVO-PETRO-PALACIO-NACIONAL-FOTO-05-745x450-1.jpg\",\"datePublished\":\"2022-11-25T20:00:50+00:00\",\"breadcrumb\":{\"@id\":\"https:\\\/\\\/redamlo.com\\\/index.php\\\/2022\\\/11\\\/25\\\/presidente-recibe-visita-oficial-de-gustavo-petro-presidente-de-colombia\\\/#breadcrumb\"},\"inLanguage\":\"es\",\"potentialAction\":[{\"@type\":\"ReadAction\",\"target\":[\"https:\\\/\\\/redamlo.com\\\/index.php\\\/2022\\\/11\\\/25\\\/presidente-recibe-visita-oficial-de-gustavo-petro-presidente-de-colombia\\\/\"]}]},{\"@type\":\"ImageObject\",\"inLanguage\":\"es\",\"@id\":\"https:\\\/\\\/redamlo.com\\\/index.php\\\/2022\\\/11\\\/25\\\/presidente-recibe-visita-oficial-de-gustavo-petro-presidente-de-colombia\\\/#primaryimage\",\"url\":\"https:\\\/\\\/redamlo.com\\\/wp-content\\\/uploads\\\/2022\\\/11\\\/25-11-2022-PRESIDENTE-ANDRES-MANUEL-LOPEZ-OBRADOR-RECIBE-AL-PRESIDENTE-GUSTAVO-PETRO-PALACIO-NACIONAL-FOTO-05-745x450-1.jpg\",\"contentUrl\":\"https:\\\/\\\/redamlo.com\\\/wp-content\\\/uploads\\\/2022\\\/11\\\/25-11-2022-PRESIDENTE-ANDRES-MANUEL-LOPEZ-OBRADOR-RECIBE-AL-PRESIDENTE-GUSTAVO-PETRO-PALACIO-NACIONAL-FOTO-05-745x450-1.jpg\",\"width\":745,\"height\":450},{\"@type\":\"BreadcrumbList\",\"@id\":\"https:\\\/\\\/redamlo.com\\\/index.php\\\/2022\\\/11\\\/25\\\/presidente-recibe-visita-oficial-de-gustavo-petro-presidente-de-colombia\\\/#breadcrumb\",\"itemListElement\":[{\"@type\":\"ListItem\",\"position\":1,\"name\":\"Inicio\",\"item\":\"https:\\\/\\\/redamlo.com\\\/\"},{\"@type\":\"ListItem\",\"position\":2,\"name\":\"Presidente recibe visita oficial de Gustavo Petro, presidente de Colombia\"}]},{\"@type\":\"WebSite\",\"@id\":\"https:\\\/\\\/redamlo.com\\\/#website\",\"url\":\"https:\\\/\\\/redamlo.com\\\/\",\"name\":\"NOTICIAS DE LA 4T\",\"description\":\"\",\"publisher\":{\"@id\":\"https:\\\/\\\/redamlo.com\\\/#organization\"},\"potentialAction\":[{\"@type\":\"SearchAction\",\"target\":{\"@type\":\"EntryPoint\",\"urlTemplate\":\"https:\\\/\\\/redamlo.com\\\/?s={search_term_string}\"},\"query-input\":{\"@type\":\"PropertyValueSpecification\",\"valueRequired\":true,\"valueName\":\"search_term_string\"}}],\"inLanguage\":\"es\"},{\"@type\":\"Organization\",\"@id\":\"https:\\\/\\\/redamlo.com\\\/#organization\",\"name\":\"NOTICIAS DE LA 4T\",\"url\":\"https:\\\/\\\/redamlo.com\\\/\",\"logo\":{\"@type\":\"ImageObject\",\"inLanguage\":\"es\",\"@id\":\"https:\\\/\\\/redamlo.com\\\/#\\\/schema\\\/logo\\\/image\\\/\",\"url\":\"https:\\\/\\\/redamlo.com\\\/wp-content\\\/uploads\\\/2024\\\/08\\\/cropped-RED-AMLO-logo-50.png\",\"contentUrl\":\"https:\\\/\\\/redamlo.com\\\/wp-content\\\/uploads\\\/2024\\\/08\\\/cropped-RED-AMLO-logo-50.png\",\"width\":256,\"height\":256,\"caption\":\"NOTICIAS DE LA 4T\"},\"image\":{\"@id\":\"https:\\\/\\\/redamlo.com\\\/#\\\/schema\\\/logo\\\/image\\\/\"}},{\"@type\":\"Person\",\"@id\":\"https:\\\/\\\/redamlo.com\\\/#\\\/schema\\\/person\\\/7223a4375eb8f1a782fcae010a7115cf\",\"name\":\"Blanca\",\"image\":{\"@type\":\"ImageObject\",\"inLanguage\":\"es\",\"@id\":\"https:\\\/\\\/secure.gravatar.com\\\/avatar\\\/3f79bc8336367a4e6093eae8757acaaf61d1124834b905616de7829b0273426d?s=96&d=mm&r=g\",\"url\":\"https:\\\/\\\/secure.gravatar.com\\\/avatar\\\/3f79bc8336367a4e6093eae8757acaaf61d1124834b905616de7829b0273426d?s=96&d=mm&r=g\",\"contentUrl\":\"https:\\\/\\\/secure.gravatar.com\\\/avatar\\\/3f79bc8336367a4e6093eae8757acaaf61d1124834b905616de7829b0273426d?s=96&d=mm&r=g\",\"caption\":\"Blanca\"},\"url\":\"https:\\\/\\\/redamlo.com\\\/index.php\\\/author\\\/blanca\\\/\"}]}<\/script>\n<!-- \/ Yoast SEO plugin. -->","yoast_head_json":{"title":"Presidente recibe visita oficial de Gustavo Petro, presidente de Colombia - NOTICIAS DE LA 4T","robots":{"index":"noindex","follow":"follow","max-snippet":"max-snippet:-1","max-image-preview":"max-image-preview:large","max-video-preview":"max-video-preview:-1"},"og_locale":"es_MX","og_type":"article","og_title":"Presidente recibe visita oficial de Gustavo Petro, presidente de Colombia - NOTICIAS DE LA 4T","og_description":"El presidente Andr\u00e9s Manuel L\u00f3pez Obrador dio la bienvenida en Palacio Nacional a su hom\u00f3logo...","og_url":"https:\/\/redamlo.com\/index.php\/2022\/11\/25\/presidente-recibe-visita-oficial-de-gustavo-petro-presidente-de-colombia\/","og_site_name":"NOTICIAS DE LA 4T","article_published_time":"2022-11-25T20:00:50+00:00","og_image":[{"width":745,"height":450,"url":"https:\/\/redamlo.com\/wp-content\/uploads\/2022\/11\/25-11-2022-PRESIDENTE-ANDRES-MANUEL-LOPEZ-OBRADOR-RECIBE-AL-PRESIDENTE-GUSTAVO-PETRO-PALACIO-NACIONAL-FOTO-05-745x450-1.jpg","type":"image\/jpeg"}],"author":"Blanca","twitter_card":"summary_large_image","twitter_misc":{"Escrito por":"Blanca","Tiempo de lectura":"1 minuto"},"schema":{"@context":"https:\/\/schema.org","@graph":[{"@type":"Article","@id":"https:\/\/redamlo.com\/index.php\/2022\/11\/25\/presidente-recibe-visita-oficial-de-gustavo-petro-presidente-de-colombia\/#article","isPartOf":{"@id":"https:\/\/redamlo.com\/index.php\/2022\/11\/25\/presidente-recibe-visita-oficial-de-gustavo-petro-presidente-de-colombia\/"},"author":{"name":"Blanca","@id":"https:\/\/redamlo.com\/#\/schema\/person\/7223a4375eb8f1a782fcae010a7115cf"},"headline":"Presidente recibe visita oficial de Gustavo Petro, presidente de Colombia","datePublished":"2022-11-25T20:00:50+00:00","mainEntityOfPage":{"@id":"https:\/\/redamlo.com\/index.php\/2022\/11\/25\/presidente-recibe-visita-oficial-de-gustavo-petro-presidente-de-colombia\/"},"wordCount":212,"publisher":{"@id":"https:\/\/redamlo.com\/#organization"},"image":{"@id":"https:\/\/redamlo.com\/index.php\/2022\/11\/25\/presidente-recibe-visita-oficial-de-gustavo-petro-presidente-de-colombia\/#primaryimage"},"thumbnailUrl":"https:\/\/redamlo.com\/wp-content\/uploads\/2022\/11\/25-11-2022-PRESIDENTE-ANDRES-MANUEL-LOPEZ-OBRADOR-RECIBE-AL-PRESIDENTE-GUSTAVO-PETRO-PALACIO-NACIONAL-FOTO-05-745x450-1.jpg","keywords":["colombia","Gustavo Petro","M\u00e9xico","visita oficial presidente de Colombia"],"articleSection":["Presidencia"],"inLanguage":"es"},{"@type":"WebPage","@id":"https:\/\/redamlo.com\/index.php\/2022\/11\/25\/presidente-recibe-visita-oficial-de-gustavo-petro-presidente-de-colombia\/","url":"https:\/\/redamlo.com\/index.php\/2022\/11\/25\/presidente-recibe-visita-oficial-de-gustavo-petro-presidente-de-colombia\/","name":"Presidente recibe visita oficial de Gustavo Petro, presidente de Colombia - NOTICIAS DE LA 4T","isPartOf":{"@id":"https:\/\/redamlo.com\/#website"},"primaryImageOfPage":{"@id":"https:\/\/redamlo.com\/index.php\/2022\/11\/25\/presidente-recibe-visita-oficial-de-gustavo-petro-presidente-de-colombia\/#primaryimage"},"image":{"@id":"https:\/\/redamlo.com\/index.php\/2022\/11\/25\/presidente-recibe-visita-oficial-de-gustavo-petro-presidente-de-colombia\/#primaryimage"},"thumbnailUrl":"https:\/\/redamlo.com\/wp-content\/uploads\/2022\/11\/25-11-2022-PRESIDENTE-ANDRES-MANUEL-LOPEZ-OBRADOR-RECIBE-AL-PRESIDENTE-GUSTAVO-PETRO-PALACIO-NACIONAL-FOTO-05-745x450-1.jpg","datePublished":"2022-11-25T20:00:50+00:00","breadcrumb":{"@id":"https:\/\/redamlo.com\/index.php\/2022\/11\/25\/presidente-recibe-visita-oficial-de-gustavo-petro-presidente-de-colombia\/#breadcrumb"},"inLanguage":"es","potentialAction":[{"@type":"ReadAction","target":["https:\/\/redamlo.com\/index.php\/2022\/11\/25\/presidente-recibe-visita-oficial-de-gustavo-petro-presidente-de-colombia\/"]}]},{"@type":"ImageObject","inLanguage":"es","@id":"https:\/\/redamlo.com\/index.php\/2022\/11\/25\/presidente-recibe-visita-oficial-de-gustavo-petro-presidente-de-colombia\/#primaryimage","url":"https:\/\/redamlo.com\/wp-content\/uploads\/2022\/11\/25-11-2022-PRESIDENTE-ANDRES-MANUEL-LOPEZ-OBRADOR-RECIBE-AL-PRESIDENTE-GUSTAVO-PETRO-PALACIO-NACIONAL-FOTO-05-745x450-1.jpg","contentUrl":"https:\/\/redamlo.com\/wp-content\/uploads\/2022\/11\/25-11-2022-PRESIDENTE-ANDRES-MANUEL-LOPEZ-OBRADOR-RECIBE-AL-PRESIDENTE-GUSTAVO-PETRO-PALACIO-NACIONAL-FOTO-05-745x450-1.jpg","width":745,"height":450},{"@type":"BreadcrumbList","@id":"https:\/\/redamlo.com\/index.php\/2022\/11\/25\/presidente-recibe-visita-oficial-de-gustavo-petro-presidente-de-colombia\/#breadcrumb","itemListElement":[{"@type":"ListItem","position":1,"name":"Inicio","item":"https:\/\/redamlo.com\/"},{"@type":"ListItem","position":2,"name":"Presidente recibe visita oficial de Gustavo Petro, presidente de Colombia"}]},{"@type":"WebSite","@id":"https:\/\/redamlo.com\/#website","url":"https:\/\/redamlo.com\/","name":"NOTICIAS DE LA 4T","description":"","publisher":{"@id":"https:\/\/redamlo.com\/#organization"},"potentialAction":[{"@type":"SearchAction","target":{"@type":"EntryPoint","urlTemplate":"https:\/\/redamlo.com\/?s={search_term_string}"},"query-input":{"@type":"PropertyValueSpecification","valueRequired":true,"valueName":"search_term_string"}}],"inLanguage":"es"},{"@type":"Organization","@id":"https:\/\/redamlo.com\/#organization","name":"NOTICIAS DE LA 4T","url":"https:\/\/redamlo.com\/","logo":{"@type":"ImageObject","inLanguage":"es","@id":"https:\/\/redamlo.com\/#\/schema\/logo\/image\/","url":"https:\/\/redamlo.com\/wp-content\/uploads\/2024\/08\/cropped-RED-AMLO-logo-50.png","contentUrl":"https:\/\/redamlo.com\/wp-content\/uploads\/2024\/08\/cropped-RED-AMLO-logo-50.png","width":256,"height":256,"caption":"NOTICIAS DE LA 4T"},"image":{"@id":"https:\/\/redamlo.com\/#\/schema\/logo\/image\/"}},{"@type":"Person","@id":"https:\/\/redamlo.com\/#\/schema\/person\/7223a4375eb8f1a782fcae010a7115cf","name":"Blanca","image":{"@type":"ImageObject","inLanguage":"es","@id":"https:\/\/secure.gravatar.com\/avatar\/3f79bc8336367a4e6093eae8757acaaf61d1124834b905616de7829b0273426d?s=96&d=mm&r=g","url":"https:\/\/secure.gravatar.com\/avatar\/3f79bc8336367a4e6093eae8757acaaf61d1124834b905616de7829b0273426d?s=96&d=mm&r=g","contentUrl":"https:\/\/secure.gravatar.com\/avatar\/3f79bc8336367a4e6093eae8757acaaf61d1124834b905616de7829b0273426d?s=96&d=mm&r=g","caption":"Blanca"},"url":"https:\/\/redamlo.com\/index.php\/author\/blanca\/"}]}},"_links":{"self":[{"href":"https:\/\/redamlo.com\/index.php\/wp-json\/wp\/v2\/posts\/6548","targetHints":{"allow":["GET"]}}],"collection":[{"href":"https:\/\/redamlo.com\/index.php\/wp-json\/wp\/v2\/posts"}],"about":[{"href":"https:\/\/redamlo.com\/index.php\/wp-json\/wp\/v2\/types\/post"}],"author":[{"embeddable":true,"href":"https:\/\/redamlo.com\/index.php\/wp-json\/wp\/v2\/users\/2"}],"replies":[{"embeddable":true,"href":"https:\/\/redamlo.com\/index.php\/wp-json\/wp\/v2\/comments?post=6548"}],"version-history":[{"count":0,"href":"https:\/\/redamlo.com\/index.php\/wp-json\/wp\/v2\/posts\/6548\/revisions"}],"wp:featuredmedia":[{"embeddable":true,"href":"https:\/\/redamlo.com\/index.php\/wp-json\/wp\/v2\/media\/6552"}],"wp:attachment":[{"href":"https:\/\/redamlo.com\/index.php\/wp-json\/wp\/v2\/media?parent=6548"}],"wp:term":[{"taxonomy":"category","embeddable":true,"href":"https:\/\/redamlo.com\/index.php\/wp-json\/wp\/v2\/categories?post=6548"},{"taxonomy":"post_tag","embeddable":true,"href":"https:\/\/redamlo.com\/index.php\/wp-json\/wp\/v2\/tags?post=6548"}],"curies":[{"name":"wp","href":"https:\/\/api.w.org\/{rel}","templated":true}]}}