{"id":6540,"date":"2022-11-24T20:42:56","date_gmt":"2022-11-25T02:42:56","guid":{"rendered":"https:\/\/redamlo.com\/?p=6540"},"modified":"2022-11-24T20:42:56","modified_gmt":"2022-11-25T02:42:56","slug":"presidente-destaca-acercamiento-con-ecuador-para-lograr-acuerdo-comercial-en-beneficio-de-ambas-naciones","status":"publish","type":"post","link":"https:\/\/redamlo.com\/index.php\/2022\/11\/24\/presidente-destaca-acercamiento-con-ecuador-para-lograr-acuerdo-comercial-en-beneficio-de-ambas-naciones\/","title":{"rendered":"PRESIDENTE DESTACA ACERCAMIENTO CON ECUADOR PARA LOGRAR ACUERDO COMERCIAL EN BENEFICIO DE AMBAS NACIONES"},"content":{"rendered":"<p>El presidente Andr\u00e9s Manuel L\u00f3pez Obrador destac\u00f3 este jueves los resultados de la reuni\u00f3n que tuvo con su hom\u00f3logo ecuatoriano, Guillermo Alberto Santiago Lasso Mendoza, durante la visita oficial a M\u00e9xico.<\/p>\n<blockquote><p>\u201cEstamos definiendo un acuerdo comercial en beneficio de nuestros pueblos; adem\u00e1s existe mutua simpat\u00eda\u201d, detall\u00f3 el mandatario en sus redes sociales.<\/p>\n<p>https:\/\/twitter.com\/lopezobrador_\/status\/1595917266155343872?ref_src=twsrc%5Etfw%7Ctwcamp%5Etweetembed%7Ctwterm%5E1595917266155343872%7Ctwgr%5Ecd1e405f926ff0f6ce90b02348d5349505c65f87%7Ctwcon%5Es1_&amp;ref_url=https%3A%2F%2Fpresidente.gob.mx%2Fpresidente-destaca-acercamiento-con-ecuador-para-lograr-acuerdo-comercial-en-beneficio-de-ambas-naciones%2F<\/p><\/blockquote>\n<p>Al mismo tiempo, el titular del Ejecutivo calific\u00f3 como grato el encuentro con el jefe de Estado del Ecuador y su esposa, Mar\u00eda de Lourdes Alc\u00edvar Crespo, quien recorri\u00f3 algunos espacios de Palacio Nacional junto a la doctora Beatriz Guti\u00e9rrez M\u00fcller.<\/p>\n","protected":false},"excerpt":{"rendered":"<p>El presidente Andr\u00e9s Manuel L\u00f3pez Obrador destac\u00f3 este jueves los resultados de la reuni\u00f3n que&#8230;<\/p>\n","protected":false},"author":2,"featured_media":6542,"comment_status":"closed","ping_status":"closed","sticky":false,"template":"","format":"standard","meta":{"footnotes":""},"categories":[20,27],"tags":[84,892,2414,2415,2416,9,823],"class_list":["post-6540","post","type-post","status-publish","format-standard","has-post-thumbnail","hentry","category-nacionales","category-presidencia","tag-amlo","tag-beatriz-gutierrez-muller","tag-ecuador","tag-guillermo-lasso","tag-maria-de-lourdes-alcivar-crespo","tag-mexico","tag-visita-oficial"],"yoast_head":"<!-- This site is optimized with the Yoast SEO plugin v27.5 - https:\/\/yoast.com\/product\/yoast-seo-wordpress\/ -->\n<title>PRESIDENTE DESTACA ACERCAMIENTO CON ECUADOR PARA LOGRAR ACUERDO COMERCIAL EN BENEFICIO DE AMBAS NACIONES - NOTICIAS DE LA 4T<\/title>\n<meta name=\"robots\" content=\"noindex, follow, max-snippet:-1, max-image-preview:large, max-video-preview:-1\" \/>\n<meta property=\"og:locale\" content=\"es_MX\" \/>\n<meta property=\"og:type\" content=\"article\" \/>\n<meta property=\"og:title\" content=\"PRESIDENTE DESTACA ACERCAMIENTO CON ECUADOR PARA LOGRAR ACUERDO COMERCIAL EN BENEFICIO DE AMBAS NACIONES - NOTICIAS DE LA 4T\" \/>\n<meta property=\"og:description\" content=\"El presidente Andr\u00e9s Manuel L\u00f3pez Obrador destac\u00f3 este jueves los resultados de la reuni\u00f3n que...\" \/>\n<meta property=\"og:url\" content=\"https:\/\/redamlo.com\/index.php\/2022\/11\/24\/presidente-destaca-acercamiento-con-ecuador-para-lograr-acuerdo-comercial-en-beneficio-de-ambas-naciones\/\" \/>\n<meta property=\"og:site_name\" content=\"NOTICIAS DE LA 4T\" \/>\n<meta property=\"article:published_time\" content=\"2022-11-25T02:42:56+00:00\" \/>\n<meta property=\"og:image\" content=\"https:\/\/redamlo.com\/wp-content\/uploads\/2022\/11\/24-11-2022-Presidente-AMLO-visita-presidente-Ecuador-02.jpg\" \/>\n\t<meta property=\"og:image:width\" content=\"1500\" \/>\n\t<meta property=\"og:image:height\" content=\"1000\" \/>\n\t<meta property=\"og:image:type\" content=\"image\/jpeg\" \/>\n<meta name=\"author\" content=\"Blanca\" \/>\n<meta name=\"twitter:card\" content=\"summary_large_image\" \/>\n<meta name=\"twitter:label1\" content=\"Escrito por\" \/>\n\t<meta name=\"twitter:data1\" content=\"Blanca\" \/>\n\t<meta name=\"twitter:label2\" content=\"Tiempo de lectura\" \/>\n\t<meta name=\"twitter:data2\" content=\"1 minuto\" \/>\n<script type=\"application\/ld+json\" class=\"yoast-schema-graph\">{\"@context\":\"https:\\\/\\\/schema.org\",\"@graph\":[{\"@type\":\"Article\",\"@id\":\"https:\\\/\\\/redamlo.com\\\/index.php\\\/2022\\\/11\\\/24\\\/presidente-destaca-acercamiento-con-ecuador-para-lograr-acuerdo-comercial-en-beneficio-de-ambas-naciones\\\/#article\",\"isPartOf\":{\"@id\":\"https:\\\/\\\/redamlo.com\\\/index.php\\\/2022\\\/11\\\/24\\\/presidente-destaca-acercamiento-con-ecuador-para-lograr-acuerdo-comercial-en-beneficio-de-ambas-naciones\\\/\"},\"author\":{\"name\":\"Blanca\",\"@id\":\"https:\\\/\\\/redamlo.com\\\/#\\\/schema\\\/person\\\/7223a4375eb8f1a782fcae010a7115cf\"},\"headline\":\"PRESIDENTE DESTACA ACERCAMIENTO CON ECUADOR PARA LOGRAR ACUERDO COMERCIAL EN BENEFICIO DE AMBAS NACIONES\",\"datePublished\":\"2022-11-25T02:42:56+00:00\",\"mainEntityOfPage\":{\"@id\":\"https:\\\/\\\/redamlo.com\\\/index.php\\\/2022\\\/11\\\/24\\\/presidente-destaca-acercamiento-con-ecuador-para-lograr-acuerdo-comercial-en-beneficio-de-ambas-naciones\\\/\"},\"wordCount\":155,\"publisher\":{\"@id\":\"https:\\\/\\\/redamlo.com\\\/#organization\"},\"image\":{\"@id\":\"https:\\\/\\\/redamlo.com\\\/index.php\\\/2022\\\/11\\\/24\\\/presidente-destaca-acercamiento-con-ecuador-para-lograr-acuerdo-comercial-en-beneficio-de-ambas-naciones\\\/#primaryimage\"},\"thumbnailUrl\":\"https:\\\/\\\/redamlo.com\\\/wp-content\\\/uploads\\\/2022\\\/11\\\/24-11-2022-Presidente-AMLO-visita-presidente-Ecuador-02.jpg\",\"keywords\":[\"AMLO\",\"Beatriz Guti\u00e9rrez M\u00fcller\",\"Ecuador\",\"Guillermo Lasso\",\"Mar\u00eda de Lourdes Alc\u00edvar Crespo\",\"M\u00e9xico\",\"visita oficial\"],\"articleSection\":[\"Nacionales\",\"Presidencia\"],\"inLanguage\":\"es\"},{\"@type\":\"WebPage\",\"@id\":\"https:\\\/\\\/redamlo.com\\\/index.php\\\/2022\\\/11\\\/24\\\/presidente-destaca-acercamiento-con-ecuador-para-lograr-acuerdo-comercial-en-beneficio-de-ambas-naciones\\\/\",\"url\":\"https:\\\/\\\/redamlo.com\\\/index.php\\\/2022\\\/11\\\/24\\\/presidente-destaca-acercamiento-con-ecuador-para-lograr-acuerdo-comercial-en-beneficio-de-ambas-naciones\\\/\",\"name\":\"PRESIDENTE DESTACA ACERCAMIENTO CON ECUADOR PARA LOGRAR ACUERDO COMERCIAL EN BENEFICIO DE AMBAS NACIONES - NOTICIAS DE LA 4T\",\"isPartOf\":{\"@id\":\"https:\\\/\\\/redamlo.com\\\/#website\"},\"primaryImageOfPage\":{\"@id\":\"https:\\\/\\\/redamlo.com\\\/index.php\\\/2022\\\/11\\\/24\\\/presidente-destaca-acercamiento-con-ecuador-para-lograr-acuerdo-comercial-en-beneficio-de-ambas-naciones\\\/#primaryimage\"},\"image\":{\"@id\":\"https:\\\/\\\/redamlo.com\\\/index.php\\\/2022\\\/11\\\/24\\\/presidente-destaca-acercamiento-con-ecuador-para-lograr-acuerdo-comercial-en-beneficio-de-ambas-naciones\\\/#primaryimage\"},\"thumbnailUrl\":\"https:\\\/\\\/redamlo.com\\\/wp-content\\\/uploads\\\/2022\\\/11\\\/24-11-2022-Presidente-AMLO-visita-presidente-Ecuador-02.jpg\",\"datePublished\":\"2022-11-25T02:42:56+00:00\",\"breadcrumb\":{\"@id\":\"https:\\\/\\\/redamlo.com\\\/index.php\\\/2022\\\/11\\\/24\\\/presidente-destaca-acercamiento-con-ecuador-para-lograr-acuerdo-comercial-en-beneficio-de-ambas-naciones\\\/#breadcrumb\"},\"inLanguage\":\"es\",\"potentialAction\":[{\"@type\":\"ReadAction\",\"target\":[\"https:\\\/\\\/redamlo.com\\\/index.php\\\/2022\\\/11\\\/24\\\/presidente-destaca-acercamiento-con-ecuador-para-lograr-acuerdo-comercial-en-beneficio-de-ambas-naciones\\\/\"]}]},{\"@type\":\"ImageObject\",\"inLanguage\":\"es\",\"@id\":\"https:\\\/\\\/redamlo.com\\\/index.php\\\/2022\\\/11\\\/24\\\/presidente-destaca-acercamiento-con-ecuador-para-lograr-acuerdo-comercial-en-beneficio-de-ambas-naciones\\\/#primaryimage\",\"url\":\"https:\\\/\\\/redamlo.com\\\/wp-content\\\/uploads\\\/2022\\\/11\\\/24-11-2022-Presidente-AMLO-visita-presidente-Ecuador-02.jpg\",\"contentUrl\":\"https:\\\/\\\/redamlo.com\\\/wp-content\\\/uploads\\\/2022\\\/11\\\/24-11-2022-Presidente-AMLO-visita-presidente-Ecuador-02.jpg\",\"width\":1500,\"height\":1000},{\"@type\":\"BreadcrumbList\",\"@id\":\"https:\\\/\\\/redamlo.com\\\/index.php\\\/2022\\\/11\\\/24\\\/presidente-destaca-acercamiento-con-ecuador-para-lograr-acuerdo-comercial-en-beneficio-de-ambas-naciones\\\/#breadcrumb\",\"itemListElement\":[{\"@type\":\"ListItem\",\"position\":1,\"name\":\"Inicio\",\"item\":\"https:\\\/\\\/redamlo.com\\\/\"},{\"@type\":\"ListItem\",\"position\":2,\"name\":\"PRESIDENTE DESTACA ACERCAMIENTO CON ECUADOR PARA LOGRAR ACUERDO COMERCIAL EN BENEFICIO DE AMBAS NACIONES\"}]},{\"@type\":\"WebSite\",\"@id\":\"https:\\\/\\\/redamlo.com\\\/#website\",\"url\":\"https:\\\/\\\/redamlo.com\\\/\",\"name\":\"NOTICIAS DE LA 4T\",\"description\":\"\",\"publisher\":{\"@id\":\"https:\\\/\\\/redamlo.com\\\/#organization\"},\"potentialAction\":[{\"@type\":\"SearchAction\",\"target\":{\"@type\":\"EntryPoint\",\"urlTemplate\":\"https:\\\/\\\/redamlo.com\\\/?s={search_term_string}\"},\"query-input\":{\"@type\":\"PropertyValueSpecification\",\"valueRequired\":true,\"valueName\":\"search_term_string\"}}],\"inLanguage\":\"es\"},{\"@type\":\"Organization\",\"@id\":\"https:\\\/\\\/redamlo.com\\\/#organization\",\"name\":\"NOTICIAS DE LA 4T\",\"url\":\"https:\\\/\\\/redamlo.com\\\/\",\"logo\":{\"@type\":\"ImageObject\",\"inLanguage\":\"es\",\"@id\":\"https:\\\/\\\/redamlo.com\\\/#\\\/schema\\\/logo\\\/image\\\/\",\"url\":\"https:\\\/\\\/redamlo.com\\\/wp-content\\\/uploads\\\/2024\\\/08\\\/cropped-RED-AMLO-logo-50.png\",\"contentUrl\":\"https:\\\/\\\/redamlo.com\\\/wp-content\\\/uploads\\\/2024\\\/08\\\/cropped-RED-AMLO-logo-50.png\",\"width\":256,\"height\":256,\"caption\":\"NOTICIAS DE LA 4T\"},\"image\":{\"@id\":\"https:\\\/\\\/redamlo.com\\\/#\\\/schema\\\/logo\\\/image\\\/\"}},{\"@type\":\"Person\",\"@id\":\"https:\\\/\\\/redamlo.com\\\/#\\\/schema\\\/person\\\/7223a4375eb8f1a782fcae010a7115cf\",\"name\":\"Blanca\",\"image\":{\"@type\":\"ImageObject\",\"inLanguage\":\"es\",\"@id\":\"https:\\\/\\\/secure.gravatar.com\\\/avatar\\\/3f79bc8336367a4e6093eae8757acaaf61d1124834b905616de7829b0273426d?s=96&d=mm&r=g\",\"url\":\"https:\\\/\\\/secure.gravatar.com\\\/avatar\\\/3f79bc8336367a4e6093eae8757acaaf61d1124834b905616de7829b0273426d?s=96&d=mm&r=g\",\"contentUrl\":\"https:\\\/\\\/secure.gravatar.com\\\/avatar\\\/3f79bc8336367a4e6093eae8757acaaf61d1124834b905616de7829b0273426d?s=96&d=mm&r=g\",\"caption\":\"Blanca\"},\"url\":\"https:\\\/\\\/redamlo.com\\\/index.php\\\/author\\\/blanca\\\/\"}]}<\/script>\n<!-- \/ Yoast SEO plugin. -->","yoast_head_json":{"title":"PRESIDENTE DESTACA ACERCAMIENTO CON ECUADOR PARA LOGRAR ACUERDO COMERCIAL EN BENEFICIO DE AMBAS NACIONES - NOTICIAS DE LA 4T","robots":{"index":"noindex","follow":"follow","max-snippet":"max-snippet:-1","max-image-preview":"max-image-preview:large","max-video-preview":"max-video-preview:-1"},"og_locale":"es_MX","og_type":"article","og_title":"PRESIDENTE DESTACA ACERCAMIENTO CON ECUADOR PARA LOGRAR ACUERDO COMERCIAL EN BENEFICIO DE AMBAS NACIONES - NOTICIAS DE LA 4T","og_description":"El presidente Andr\u00e9s Manuel L\u00f3pez Obrador destac\u00f3 este jueves los resultados de la reuni\u00f3n que...","og_url":"https:\/\/redamlo.com\/index.php\/2022\/11\/24\/presidente-destaca-acercamiento-con-ecuador-para-lograr-acuerdo-comercial-en-beneficio-de-ambas-naciones\/","og_site_name":"NOTICIAS DE LA 4T","article_published_time":"2022-11-25T02:42:56+00:00","og_image":[{"width":1500,"height":1000,"url":"https:\/\/redamlo.com\/wp-content\/uploads\/2022\/11\/24-11-2022-Presidente-AMLO-visita-presidente-Ecuador-02.jpg","type":"image\/jpeg"}],"author":"Blanca","twitter_card":"summary_large_image","twitter_misc":{"Escrito por":"Blanca","Tiempo de lectura":"1 minuto"},"schema":{"@context":"https:\/\/schema.org","@graph":[{"@type":"Article","@id":"https:\/\/redamlo.com\/index.php\/2022\/11\/24\/presidente-destaca-acercamiento-con-ecuador-para-lograr-acuerdo-comercial-en-beneficio-de-ambas-naciones\/#article","isPartOf":{"@id":"https:\/\/redamlo.com\/index.php\/2022\/11\/24\/presidente-destaca-acercamiento-con-ecuador-para-lograr-acuerdo-comercial-en-beneficio-de-ambas-naciones\/"},"author":{"name":"Blanca","@id":"https:\/\/redamlo.com\/#\/schema\/person\/7223a4375eb8f1a782fcae010a7115cf"},"headline":"PRESIDENTE DESTACA ACERCAMIENTO CON ECUADOR PARA LOGRAR ACUERDO COMERCIAL EN BENEFICIO DE AMBAS NACIONES","datePublished":"2022-11-25T02:42:56+00:00","mainEntityOfPage":{"@id":"https:\/\/redamlo.com\/index.php\/2022\/11\/24\/presidente-destaca-acercamiento-con-ecuador-para-lograr-acuerdo-comercial-en-beneficio-de-ambas-naciones\/"},"wordCount":155,"publisher":{"@id":"https:\/\/redamlo.com\/#organization"},"image":{"@id":"https:\/\/redamlo.com\/index.php\/2022\/11\/24\/presidente-destaca-acercamiento-con-ecuador-para-lograr-acuerdo-comercial-en-beneficio-de-ambas-naciones\/#primaryimage"},"thumbnailUrl":"https:\/\/redamlo.com\/wp-content\/uploads\/2022\/11\/24-11-2022-Presidente-AMLO-visita-presidente-Ecuador-02.jpg","keywords":["AMLO","Beatriz Guti\u00e9rrez M\u00fcller","Ecuador","Guillermo Lasso","Mar\u00eda de Lourdes Alc\u00edvar Crespo","M\u00e9xico","visita oficial"],"articleSection":["Nacionales","Presidencia"],"inLanguage":"es"},{"@type":"WebPage","@id":"https:\/\/redamlo.com\/index.php\/2022\/11\/24\/presidente-destaca-acercamiento-con-ecuador-para-lograr-acuerdo-comercial-en-beneficio-de-ambas-naciones\/","url":"https:\/\/redamlo.com\/index.php\/2022\/11\/24\/presidente-destaca-acercamiento-con-ecuador-para-lograr-acuerdo-comercial-en-beneficio-de-ambas-naciones\/","name":"PRESIDENTE DESTACA ACERCAMIENTO CON ECUADOR PARA LOGRAR ACUERDO COMERCIAL EN BENEFICIO DE AMBAS NACIONES - NOTICIAS DE LA 4T","isPartOf":{"@id":"https:\/\/redamlo.com\/#website"},"primaryImageOfPage":{"@id":"https:\/\/redamlo.com\/index.php\/2022\/11\/24\/presidente-destaca-acercamiento-con-ecuador-para-lograr-acuerdo-comercial-en-beneficio-de-ambas-naciones\/#primaryimage"},"image":{"@id":"https:\/\/redamlo.com\/index.php\/2022\/11\/24\/presidente-destaca-acercamiento-con-ecuador-para-lograr-acuerdo-comercial-en-beneficio-de-ambas-naciones\/#primaryimage"},"thumbnailUrl":"https:\/\/redamlo.com\/wp-content\/uploads\/2022\/11\/24-11-2022-Presidente-AMLO-visita-presidente-Ecuador-02.jpg","datePublished":"2022-11-25T02:42:56+00:00","breadcrumb":{"@id":"https:\/\/redamlo.com\/index.php\/2022\/11\/24\/presidente-destaca-acercamiento-con-ecuador-para-lograr-acuerdo-comercial-en-beneficio-de-ambas-naciones\/#breadcrumb"},"inLanguage":"es","potentialAction":[{"@type":"ReadAction","target":["https:\/\/redamlo.com\/index.php\/2022\/11\/24\/presidente-destaca-acercamiento-con-ecuador-para-lograr-acuerdo-comercial-en-beneficio-de-ambas-naciones\/"]}]},{"@type":"ImageObject","inLanguage":"es","@id":"https:\/\/redamlo.com\/index.php\/2022\/11\/24\/presidente-destaca-acercamiento-con-ecuador-para-lograr-acuerdo-comercial-en-beneficio-de-ambas-naciones\/#primaryimage","url":"https:\/\/redamlo.com\/wp-content\/uploads\/2022\/11\/24-11-2022-Presidente-AMLO-visita-presidente-Ecuador-02.jpg","contentUrl":"https:\/\/redamlo.com\/wp-content\/uploads\/2022\/11\/24-11-2022-Presidente-AMLO-visita-presidente-Ecuador-02.jpg","width":1500,"height":1000},{"@type":"BreadcrumbList","@id":"https:\/\/redamlo.com\/index.php\/2022\/11\/24\/presidente-destaca-acercamiento-con-ecuador-para-lograr-acuerdo-comercial-en-beneficio-de-ambas-naciones\/#breadcrumb","itemListElement":[{"@type":"ListItem","position":1,"name":"Inicio","item":"https:\/\/redamlo.com\/"},{"@type":"ListItem","position":2,"name":"PRESIDENTE DESTACA ACERCAMIENTO CON ECUADOR PARA LOGRAR ACUERDO COMERCIAL EN BENEFICIO DE AMBAS NACIONES"}]},{"@type":"WebSite","@id":"https:\/\/redamlo.com\/#website","url":"https:\/\/redamlo.com\/","name":"NOTICIAS DE LA 4T","description":"","publisher":{"@id":"https:\/\/redamlo.com\/#organization"},"potentialAction":[{"@type":"SearchAction","target":{"@type":"EntryPoint","urlTemplate":"https:\/\/redamlo.com\/?s={search_term_string}"},"query-input":{"@type":"PropertyValueSpecification","valueRequired":true,"valueName":"search_term_string"}}],"inLanguage":"es"},{"@type":"Organization","@id":"https:\/\/redamlo.com\/#organization","name":"NOTICIAS DE LA 4T","url":"https:\/\/redamlo.com\/","logo":{"@type":"ImageObject","inLanguage":"es","@id":"https:\/\/redamlo.com\/#\/schema\/logo\/image\/","url":"https:\/\/redamlo.com\/wp-content\/uploads\/2024\/08\/cropped-RED-AMLO-logo-50.png","contentUrl":"https:\/\/redamlo.com\/wp-content\/uploads\/2024\/08\/cropped-RED-AMLO-logo-50.png","width":256,"height":256,"caption":"NOTICIAS DE LA 4T"},"image":{"@id":"https:\/\/redamlo.com\/#\/schema\/logo\/image\/"}},{"@type":"Person","@id":"https:\/\/redamlo.com\/#\/schema\/person\/7223a4375eb8f1a782fcae010a7115cf","name":"Blanca","image":{"@type":"ImageObject","inLanguage":"es","@id":"https:\/\/secure.gravatar.com\/avatar\/3f79bc8336367a4e6093eae8757acaaf61d1124834b905616de7829b0273426d?s=96&d=mm&r=g","url":"https:\/\/secure.gravatar.com\/avatar\/3f79bc8336367a4e6093eae8757acaaf61d1124834b905616de7829b0273426d?s=96&d=mm&r=g","contentUrl":"https:\/\/secure.gravatar.com\/avatar\/3f79bc8336367a4e6093eae8757acaaf61d1124834b905616de7829b0273426d?s=96&d=mm&r=g","caption":"Blanca"},"url":"https:\/\/redamlo.com\/index.php\/author\/blanca\/"}]}},"_links":{"self":[{"href":"https:\/\/redamlo.com\/index.php\/wp-json\/wp\/v2\/posts\/6540","targetHints":{"allow":["GET"]}}],"collection":[{"href":"https:\/\/redamlo.com\/index.php\/wp-json\/wp\/v2\/posts"}],"about":[{"href":"https:\/\/redamlo.com\/index.php\/wp-json\/wp\/v2\/types\/post"}],"author":[{"embeddable":true,"href":"https:\/\/redamlo.com\/index.php\/wp-json\/wp\/v2\/users\/2"}],"replies":[{"embeddable":true,"href":"https:\/\/redamlo.com\/index.php\/wp-json\/wp\/v2\/comments?post=6540"}],"version-history":[{"count":0,"href":"https:\/\/redamlo.com\/index.php\/wp-json\/wp\/v2\/posts\/6540\/revisions"}],"wp:featuredmedia":[{"embeddable":true,"href":"https:\/\/redamlo.com\/index.php\/wp-json\/wp\/v2\/media\/6542"}],"wp:attachment":[{"href":"https:\/\/redamlo.com\/index.php\/wp-json\/wp\/v2\/media?parent=6540"}],"wp:term":[{"taxonomy":"category","embeddable":true,"href":"https:\/\/redamlo.com\/index.php\/wp-json\/wp\/v2\/categories?post=6540"},{"taxonomy":"post_tag","embeddable":true,"href":"https:\/\/redamlo.com\/index.php\/wp-json\/wp\/v2\/tags?post=6540"}],"curies":[{"name":"wp","href":"https:\/\/api.w.org\/{rel}","templated":true}]}}