{"id":6492,"date":"2022-10-26T13:52:50","date_gmt":"2022-10-26T18:52:50","guid":{"rendered":"https:\/\/redamlo.com\/?p=6492"},"modified":"2022-10-26T13:52:50","modified_gmt":"2022-10-26T18:52:50","slug":"economia-de-mexico-es-estable-por-condiciones-favorables-amlo","status":"publish","type":"post","link":"https:\/\/redamlo.com\/index.php\/2022\/10\/26\/economia-de-mexico-es-estable-por-condiciones-favorables-amlo\/","title":{"rendered":"ECONOM\u00cdA DE M\u00c9XICO ES ESTABLE POR CONDICIONES FAVORABLES: AMLO"},"content":{"rendered":"<p>El presidente Andr\u00e9s Manuel L\u00f3pez Obrador afirm\u00f3 que el Gobierno de la Cuarta Transformaci\u00f3n ha actuado con responsabilidad al administrar los recursos p\u00fablicos.<\/p>\n<blockquote><p>\u201cSi el peso no se ha devaluado, si est\u00e1 llegando inversi\u00f3n extranjera como nunca \u2013porque es r\u00e9cord\u2013, si se est\u00e1n creando empleos, si est\u00e1 creciendo la econom\u00eda, es porque ha habido disciplina en el manejo de las finanzas\u201d, explic\u00f3.<\/p><\/blockquote>\n<p>En conferencia de prensa matutina, el mandatario sostuvo que las medidas de control inflacionario y la fortaleza del peso mexicano alientan la confianza de los inversionistas. Adem\u00e1s, tras la\u00a0<strong>pandemia de COVID-19<\/strong>, el pa\u00eds registr\u00f3 la recuperaci\u00f3n de puestos de trabajo inscritos en el Instituto Mexicano del Seguro Social.<\/p>\n<p><iframe loading=\"lazy\" title=\"M\u00e9xico tiene condiciones favorables y una econom\u00eda estable. Conferencia presidente AMLO\" width=\"640\" height=\"360\" src=\"https:\/\/www.youtube.com\/embed\/bFMML2xBHjk?start=1&#038;feature=oembed\" frameborder=\"0\" allow=\"accelerometer; autoplay; clipboard-write; encrypted-media; gyroscope; picture-in-picture; web-share\" referrerpolicy=\"strict-origin-when-cross-origin\" allowfullscreen><\/iframe><\/p>\n<blockquote><p>\u201cVa a seguir llegando inversi\u00f3n extranjera y econ\u00f3micamente no vamos a tener problema; en lo social tampoco. (&#8230;) Vamos muy bien, no hay ning\u00fan problema de falta de presupuesto, vamos a terminar el a\u00f1o muy bien\u201d, enfatiz\u00f3.<\/p><\/blockquote>\n<p>El jefe del Ejecutivo reiter\u00f3 que las obras estrat\u00e9gicas que impulsa el Gobierno de M\u00e9xico se financian con recursos generados por no permitir la corrupci\u00f3n y a partir de la austeridad; debido a esto, no son resultado de una deuda adicional.<\/p>\n<p>\u201cEl\u00a0<strong>Tren Maya<\/strong>\u00a0no se est\u00e1 financiando con deuda, ni el Aeropuerto se financi\u00f3 con deuda, ni el\u00a0<strong>(Corredor) Interoce\u00e1nico<\/strong>; todo el desarrollo del Istmo de Tehuantepec no se est\u00e1 financiando con deuda\u201d, explic\u00f3.<\/p>\n<p>La estabilidad econ\u00f3mica, dijo, es producto de la recaudaci\u00f3n y la rectitud de la federaci\u00f3n.<\/p>\n<blockquote><p>\u201cSi no se permite la corrupci\u00f3n, si hay austeridad, no hace falta aumentar impuestos. Llevamos cuatro a\u00f1os sin aumentar impuestos, los precios de las gasolinas y del diesel, la luz, sin contratar deuda y as\u00ed hemos salido\u201d, argument\u00f3.<\/p><\/blockquote>\n<p>En el Sal\u00f3n de la Tesorer\u00eda de Palacio Nacional, mencion\u00f3 que la implementaci\u00f3n de los\u00a0Programas para el Bienestar\u00a0posibilita la distribuci\u00f3n justa y equitativa del ingreso.<\/p>\n<blockquote><p>\u201cEl presupuesto lo vamos administrando para que le llegue a todos. Estoy muy contento por eso porque, de 35 millones de familias que hay en el pa\u00eds, de manera directa 30 millones de familias reciben cuando menos una peque\u00f1a cantidad del presupuesto p\u00fablico. Eso nunca se hab\u00eda visto\u201d, abund\u00f3.<\/p><\/blockquote>\n<p>El efecto multiplicador de los apoyos sociales significa bienestar en la sociedad porque la circulaci\u00f3n de los recursos fomenta capacidad de compra, lo que beneficia de manera indirecta a los cinco millones de familias no derechohabientes, se\u00f1al\u00f3 el mandatario.<\/p>\n<p>Agradeci\u00f3 a las y los legisladores de la\u00a0<strong>C\u00e1mara de Diputados<\/strong>\u00a0y de\u00a0<strong>Senadore<\/strong>s por la aprobaci\u00f3n de la L<strong>ey de Ingresos de la Federaci\u00f3n para el Ejercicio Fiscal 2023.<\/strong><\/p>\n","protected":false},"excerpt":{"rendered":"<p>El presidente Andr\u00e9s Manuel L\u00f3pez Obrador afirm\u00f3 que el Gobierno de la Cuarta Transformaci\u00f3n ha&#8230;<\/p>\n","protected":false},"author":2,"featured_media":6495,"comment_status":"closed","ping_status":"closed","sticky":false,"template":"","format":"standard","meta":{"footnotes":""},"categories":[27],"tags":[84,2391,556,2392],"class_list":["post-6492","post","type-post","status-publish","format-standard","has-post-thumbnail","hentry","category-presidencia","tag-amlo","tag-conferencia-de-prensa-26-octubre-2022","tag-gobierno-de-mexico","tag-presidencia-de-la-republica"],"yoast_head":"<!-- This site is optimized with the Yoast SEO plugin v27.5 - https:\/\/yoast.com\/product\/yoast-seo-wordpress\/ -->\n<title>ECONOM\u00cdA DE M\u00c9XICO ES ESTABLE POR CONDICIONES FAVORABLES: AMLO - NOTICIAS DE LA 4T<\/title>\n<meta name=\"robots\" content=\"noindex, follow, max-snippet:-1, max-image-preview:large, max-video-preview:-1\" \/>\n<meta property=\"og:locale\" content=\"es_MX\" \/>\n<meta property=\"og:type\" content=\"article\" \/>\n<meta property=\"og:title\" content=\"ECONOM\u00cdA DE M\u00c9XICO ES ESTABLE POR CONDICIONES FAVORABLES: AMLO - NOTICIAS DE LA 4T\" \/>\n<meta property=\"og:description\" content=\"El presidente Andr\u00e9s Manuel L\u00f3pez Obrador afirm\u00f3 que el Gobierno de la Cuarta Transformaci\u00f3n ha...\" \/>\n<meta property=\"og:url\" content=\"https:\/\/redamlo.com\/index.php\/2022\/10\/26\/economia-de-mexico-es-estable-por-condiciones-favorables-amlo\/\" \/>\n<meta property=\"og:site_name\" content=\"NOTICIAS DE LA 4T\" \/>\n<meta property=\"article:published_time\" content=\"2022-10-26T18:52:50+00:00\" \/>\n<meta property=\"og:image\" content=\"https:\/\/redamlo.com\/wp-content\/uploads\/2022\/10\/26-10-2022-Conferencia-de-prensa-matutina-Palacio-Nacional-Foto-05.jpg\" \/>\n\t<meta property=\"og:image:width\" content=\"1502\" \/>\n\t<meta property=\"og:image:height\" content=\"1000\" \/>\n\t<meta property=\"og:image:type\" content=\"image\/jpeg\" \/>\n<meta name=\"author\" content=\"Blanca\" \/>\n<meta name=\"twitter:card\" content=\"summary_large_image\" \/>\n<meta name=\"twitter:label1\" content=\"Escrito por\" \/>\n\t<meta name=\"twitter:data1\" content=\"Blanca\" \/>\n\t<meta name=\"twitter:label2\" content=\"Tiempo de lectura\" \/>\n\t<meta name=\"twitter:data2\" content=\"2 minutos\" \/>\n<script type=\"application\/ld+json\" class=\"yoast-schema-graph\">{\"@context\":\"https:\\\/\\\/schema.org\",\"@graph\":[{\"@type\":\"Article\",\"@id\":\"https:\\\/\\\/redamlo.com\\\/index.php\\\/2022\\\/10\\\/26\\\/economia-de-mexico-es-estable-por-condiciones-favorables-amlo\\\/#article\",\"isPartOf\":{\"@id\":\"https:\\\/\\\/redamlo.com\\\/index.php\\\/2022\\\/10\\\/26\\\/economia-de-mexico-es-estable-por-condiciones-favorables-amlo\\\/\"},\"author\":{\"name\":\"Blanca\",\"@id\":\"https:\\\/\\\/redamlo.com\\\/#\\\/schema\\\/person\\\/7223a4375eb8f1a782fcae010a7115cf\"},\"headline\":\"ECONOM\u00cdA DE M\u00c9XICO ES ESTABLE POR CONDICIONES FAVORABLES: AMLO\",\"datePublished\":\"2022-10-26T18:52:50+00:00\",\"mainEntityOfPage\":{\"@id\":\"https:\\\/\\\/redamlo.com\\\/index.php\\\/2022\\\/10\\\/26\\\/economia-de-mexico-es-estable-por-condiciones-favorables-amlo\\\/\"},\"wordCount\":476,\"publisher\":{\"@id\":\"https:\\\/\\\/redamlo.com\\\/#organization\"},\"image\":{\"@id\":\"https:\\\/\\\/redamlo.com\\\/index.php\\\/2022\\\/10\\\/26\\\/economia-de-mexico-es-estable-por-condiciones-favorables-amlo\\\/#primaryimage\"},\"thumbnailUrl\":\"https:\\\/\\\/redamlo.com\\\/wp-content\\\/uploads\\\/2022\\\/10\\\/26-10-2022-Conferencia-de-prensa-matutina-Palacio-Nacional-Foto-05.jpg\",\"keywords\":[\"AMLO\",\"conferencia de prensa 26 octubre 2022\",\"Gobierno de M\u00e9xico\",\"Presidencia de la Rep\u00fablica\"],\"articleSection\":[\"Presidencia\"],\"inLanguage\":\"es\"},{\"@type\":\"WebPage\",\"@id\":\"https:\\\/\\\/redamlo.com\\\/index.php\\\/2022\\\/10\\\/26\\\/economia-de-mexico-es-estable-por-condiciones-favorables-amlo\\\/\",\"url\":\"https:\\\/\\\/redamlo.com\\\/index.php\\\/2022\\\/10\\\/26\\\/economia-de-mexico-es-estable-por-condiciones-favorables-amlo\\\/\",\"name\":\"ECONOM\u00cdA DE M\u00c9XICO ES ESTABLE POR CONDICIONES FAVORABLES: AMLO - NOTICIAS DE LA 4T\",\"isPartOf\":{\"@id\":\"https:\\\/\\\/redamlo.com\\\/#website\"},\"primaryImageOfPage\":{\"@id\":\"https:\\\/\\\/redamlo.com\\\/index.php\\\/2022\\\/10\\\/26\\\/economia-de-mexico-es-estable-por-condiciones-favorables-amlo\\\/#primaryimage\"},\"image\":{\"@id\":\"https:\\\/\\\/redamlo.com\\\/index.php\\\/2022\\\/10\\\/26\\\/economia-de-mexico-es-estable-por-condiciones-favorables-amlo\\\/#primaryimage\"},\"thumbnailUrl\":\"https:\\\/\\\/redamlo.com\\\/wp-content\\\/uploads\\\/2022\\\/10\\\/26-10-2022-Conferencia-de-prensa-matutina-Palacio-Nacional-Foto-05.jpg\",\"datePublished\":\"2022-10-26T18:52:50+00:00\",\"breadcrumb\":{\"@id\":\"https:\\\/\\\/redamlo.com\\\/index.php\\\/2022\\\/10\\\/26\\\/economia-de-mexico-es-estable-por-condiciones-favorables-amlo\\\/#breadcrumb\"},\"inLanguage\":\"es\",\"potentialAction\":[{\"@type\":\"ReadAction\",\"target\":[\"https:\\\/\\\/redamlo.com\\\/index.php\\\/2022\\\/10\\\/26\\\/economia-de-mexico-es-estable-por-condiciones-favorables-amlo\\\/\"]}]},{\"@type\":\"ImageObject\",\"inLanguage\":\"es\",\"@id\":\"https:\\\/\\\/redamlo.com\\\/index.php\\\/2022\\\/10\\\/26\\\/economia-de-mexico-es-estable-por-condiciones-favorables-amlo\\\/#primaryimage\",\"url\":\"https:\\\/\\\/redamlo.com\\\/wp-content\\\/uploads\\\/2022\\\/10\\\/26-10-2022-Conferencia-de-prensa-matutina-Palacio-Nacional-Foto-05.jpg\",\"contentUrl\":\"https:\\\/\\\/redamlo.com\\\/wp-content\\\/uploads\\\/2022\\\/10\\\/26-10-2022-Conferencia-de-prensa-matutina-Palacio-Nacional-Foto-05.jpg\",\"width\":1502,\"height\":1000},{\"@type\":\"BreadcrumbList\",\"@id\":\"https:\\\/\\\/redamlo.com\\\/index.php\\\/2022\\\/10\\\/26\\\/economia-de-mexico-es-estable-por-condiciones-favorables-amlo\\\/#breadcrumb\",\"itemListElement\":[{\"@type\":\"ListItem\",\"position\":1,\"name\":\"Inicio\",\"item\":\"https:\\\/\\\/redamlo.com\\\/\"},{\"@type\":\"ListItem\",\"position\":2,\"name\":\"ECONOM\u00cdA DE M\u00c9XICO ES ESTABLE POR CONDICIONES FAVORABLES: AMLO\"}]},{\"@type\":\"WebSite\",\"@id\":\"https:\\\/\\\/redamlo.com\\\/#website\",\"url\":\"https:\\\/\\\/redamlo.com\\\/\",\"name\":\"NOTICIAS DE LA 4T\",\"description\":\"\",\"publisher\":{\"@id\":\"https:\\\/\\\/redamlo.com\\\/#organization\"},\"potentialAction\":[{\"@type\":\"SearchAction\",\"target\":{\"@type\":\"EntryPoint\",\"urlTemplate\":\"https:\\\/\\\/redamlo.com\\\/?s={search_term_string}\"},\"query-input\":{\"@type\":\"PropertyValueSpecification\",\"valueRequired\":true,\"valueName\":\"search_term_string\"}}],\"inLanguage\":\"es\"},{\"@type\":\"Organization\",\"@id\":\"https:\\\/\\\/redamlo.com\\\/#organization\",\"name\":\"NOTICIAS DE LA 4T\",\"url\":\"https:\\\/\\\/redamlo.com\\\/\",\"logo\":{\"@type\":\"ImageObject\",\"inLanguage\":\"es\",\"@id\":\"https:\\\/\\\/redamlo.com\\\/#\\\/schema\\\/logo\\\/image\\\/\",\"url\":\"https:\\\/\\\/redamlo.com\\\/wp-content\\\/uploads\\\/2024\\\/08\\\/cropped-RED-AMLO-logo-50.png\",\"contentUrl\":\"https:\\\/\\\/redamlo.com\\\/wp-content\\\/uploads\\\/2024\\\/08\\\/cropped-RED-AMLO-logo-50.png\",\"width\":256,\"height\":256,\"caption\":\"NOTICIAS DE LA 4T\"},\"image\":{\"@id\":\"https:\\\/\\\/redamlo.com\\\/#\\\/schema\\\/logo\\\/image\\\/\"}},{\"@type\":\"Person\",\"@id\":\"https:\\\/\\\/redamlo.com\\\/#\\\/schema\\\/person\\\/7223a4375eb8f1a782fcae010a7115cf\",\"name\":\"Blanca\",\"image\":{\"@type\":\"ImageObject\",\"inLanguage\":\"es\",\"@id\":\"https:\\\/\\\/secure.gravatar.com\\\/avatar\\\/3f79bc8336367a4e6093eae8757acaaf61d1124834b905616de7829b0273426d?s=96&d=mm&r=g\",\"url\":\"https:\\\/\\\/secure.gravatar.com\\\/avatar\\\/3f79bc8336367a4e6093eae8757acaaf61d1124834b905616de7829b0273426d?s=96&d=mm&r=g\",\"contentUrl\":\"https:\\\/\\\/secure.gravatar.com\\\/avatar\\\/3f79bc8336367a4e6093eae8757acaaf61d1124834b905616de7829b0273426d?s=96&d=mm&r=g\",\"caption\":\"Blanca\"},\"url\":\"https:\\\/\\\/redamlo.com\\\/index.php\\\/author\\\/blanca\\\/\"}]}<\/script>\n<!-- \/ Yoast SEO plugin. -->","yoast_head_json":{"title":"ECONOM\u00cdA DE M\u00c9XICO ES ESTABLE POR CONDICIONES FAVORABLES: AMLO - NOTICIAS DE LA 4T","robots":{"index":"noindex","follow":"follow","max-snippet":"max-snippet:-1","max-image-preview":"max-image-preview:large","max-video-preview":"max-video-preview:-1"},"og_locale":"es_MX","og_type":"article","og_title":"ECONOM\u00cdA DE M\u00c9XICO ES ESTABLE POR CONDICIONES FAVORABLES: AMLO - NOTICIAS DE LA 4T","og_description":"El presidente Andr\u00e9s Manuel L\u00f3pez Obrador afirm\u00f3 que el Gobierno de la Cuarta Transformaci\u00f3n ha...","og_url":"https:\/\/redamlo.com\/index.php\/2022\/10\/26\/economia-de-mexico-es-estable-por-condiciones-favorables-amlo\/","og_site_name":"NOTICIAS DE LA 4T","article_published_time":"2022-10-26T18:52:50+00:00","og_image":[{"width":1502,"height":1000,"url":"https:\/\/redamlo.com\/wp-content\/uploads\/2022\/10\/26-10-2022-Conferencia-de-prensa-matutina-Palacio-Nacional-Foto-05.jpg","type":"image\/jpeg"}],"author":"Blanca","twitter_card":"summary_large_image","twitter_misc":{"Escrito por":"Blanca","Tiempo de lectura":"2 minutos"},"schema":{"@context":"https:\/\/schema.org","@graph":[{"@type":"Article","@id":"https:\/\/redamlo.com\/index.php\/2022\/10\/26\/economia-de-mexico-es-estable-por-condiciones-favorables-amlo\/#article","isPartOf":{"@id":"https:\/\/redamlo.com\/index.php\/2022\/10\/26\/economia-de-mexico-es-estable-por-condiciones-favorables-amlo\/"},"author":{"name":"Blanca","@id":"https:\/\/redamlo.com\/#\/schema\/person\/7223a4375eb8f1a782fcae010a7115cf"},"headline":"ECONOM\u00cdA DE M\u00c9XICO ES ESTABLE POR CONDICIONES FAVORABLES: AMLO","datePublished":"2022-10-26T18:52:50+00:00","mainEntityOfPage":{"@id":"https:\/\/redamlo.com\/index.php\/2022\/10\/26\/economia-de-mexico-es-estable-por-condiciones-favorables-amlo\/"},"wordCount":476,"publisher":{"@id":"https:\/\/redamlo.com\/#organization"},"image":{"@id":"https:\/\/redamlo.com\/index.php\/2022\/10\/26\/economia-de-mexico-es-estable-por-condiciones-favorables-amlo\/#primaryimage"},"thumbnailUrl":"https:\/\/redamlo.com\/wp-content\/uploads\/2022\/10\/26-10-2022-Conferencia-de-prensa-matutina-Palacio-Nacional-Foto-05.jpg","keywords":["AMLO","conferencia de prensa 26 octubre 2022","Gobierno de M\u00e9xico","Presidencia de la Rep\u00fablica"],"articleSection":["Presidencia"],"inLanguage":"es"},{"@type":"WebPage","@id":"https:\/\/redamlo.com\/index.php\/2022\/10\/26\/economia-de-mexico-es-estable-por-condiciones-favorables-amlo\/","url":"https:\/\/redamlo.com\/index.php\/2022\/10\/26\/economia-de-mexico-es-estable-por-condiciones-favorables-amlo\/","name":"ECONOM\u00cdA DE M\u00c9XICO ES ESTABLE POR CONDICIONES FAVORABLES: AMLO - NOTICIAS DE LA 4T","isPartOf":{"@id":"https:\/\/redamlo.com\/#website"},"primaryImageOfPage":{"@id":"https:\/\/redamlo.com\/index.php\/2022\/10\/26\/economia-de-mexico-es-estable-por-condiciones-favorables-amlo\/#primaryimage"},"image":{"@id":"https:\/\/redamlo.com\/index.php\/2022\/10\/26\/economia-de-mexico-es-estable-por-condiciones-favorables-amlo\/#primaryimage"},"thumbnailUrl":"https:\/\/redamlo.com\/wp-content\/uploads\/2022\/10\/26-10-2022-Conferencia-de-prensa-matutina-Palacio-Nacional-Foto-05.jpg","datePublished":"2022-10-26T18:52:50+00:00","breadcrumb":{"@id":"https:\/\/redamlo.com\/index.php\/2022\/10\/26\/economia-de-mexico-es-estable-por-condiciones-favorables-amlo\/#breadcrumb"},"inLanguage":"es","potentialAction":[{"@type":"ReadAction","target":["https:\/\/redamlo.com\/index.php\/2022\/10\/26\/economia-de-mexico-es-estable-por-condiciones-favorables-amlo\/"]}]},{"@type":"ImageObject","inLanguage":"es","@id":"https:\/\/redamlo.com\/index.php\/2022\/10\/26\/economia-de-mexico-es-estable-por-condiciones-favorables-amlo\/#primaryimage","url":"https:\/\/redamlo.com\/wp-content\/uploads\/2022\/10\/26-10-2022-Conferencia-de-prensa-matutina-Palacio-Nacional-Foto-05.jpg","contentUrl":"https:\/\/redamlo.com\/wp-content\/uploads\/2022\/10\/26-10-2022-Conferencia-de-prensa-matutina-Palacio-Nacional-Foto-05.jpg","width":1502,"height":1000},{"@type":"BreadcrumbList","@id":"https:\/\/redamlo.com\/index.php\/2022\/10\/26\/economia-de-mexico-es-estable-por-condiciones-favorables-amlo\/#breadcrumb","itemListElement":[{"@type":"ListItem","position":1,"name":"Inicio","item":"https:\/\/redamlo.com\/"},{"@type":"ListItem","position":2,"name":"ECONOM\u00cdA DE M\u00c9XICO ES ESTABLE POR CONDICIONES FAVORABLES: AMLO"}]},{"@type":"WebSite","@id":"https:\/\/redamlo.com\/#website","url":"https:\/\/redamlo.com\/","name":"NOTICIAS DE LA 4T","description":"","publisher":{"@id":"https:\/\/redamlo.com\/#organization"},"potentialAction":[{"@type":"SearchAction","target":{"@type":"EntryPoint","urlTemplate":"https:\/\/redamlo.com\/?s={search_term_string}"},"query-input":{"@type":"PropertyValueSpecification","valueRequired":true,"valueName":"search_term_string"}}],"inLanguage":"es"},{"@type":"Organization","@id":"https:\/\/redamlo.com\/#organization","name":"NOTICIAS DE LA 4T","url":"https:\/\/redamlo.com\/","logo":{"@type":"ImageObject","inLanguage":"es","@id":"https:\/\/redamlo.com\/#\/schema\/logo\/image\/","url":"https:\/\/redamlo.com\/wp-content\/uploads\/2024\/08\/cropped-RED-AMLO-logo-50.png","contentUrl":"https:\/\/redamlo.com\/wp-content\/uploads\/2024\/08\/cropped-RED-AMLO-logo-50.png","width":256,"height":256,"caption":"NOTICIAS DE LA 4T"},"image":{"@id":"https:\/\/redamlo.com\/#\/schema\/logo\/image\/"}},{"@type":"Person","@id":"https:\/\/redamlo.com\/#\/schema\/person\/7223a4375eb8f1a782fcae010a7115cf","name":"Blanca","image":{"@type":"ImageObject","inLanguage":"es","@id":"https:\/\/secure.gravatar.com\/avatar\/3f79bc8336367a4e6093eae8757acaaf61d1124834b905616de7829b0273426d?s=96&d=mm&r=g","url":"https:\/\/secure.gravatar.com\/avatar\/3f79bc8336367a4e6093eae8757acaaf61d1124834b905616de7829b0273426d?s=96&d=mm&r=g","contentUrl":"https:\/\/secure.gravatar.com\/avatar\/3f79bc8336367a4e6093eae8757acaaf61d1124834b905616de7829b0273426d?s=96&d=mm&r=g","caption":"Blanca"},"url":"https:\/\/redamlo.com\/index.php\/author\/blanca\/"}]}},"_links":{"self":[{"href":"https:\/\/redamlo.com\/index.php\/wp-json\/wp\/v2\/posts\/6492","targetHints":{"allow":["GET"]}}],"collection":[{"href":"https:\/\/redamlo.com\/index.php\/wp-json\/wp\/v2\/posts"}],"about":[{"href":"https:\/\/redamlo.com\/index.php\/wp-json\/wp\/v2\/types\/post"}],"author":[{"embeddable":true,"href":"https:\/\/redamlo.com\/index.php\/wp-json\/wp\/v2\/users\/2"}],"replies":[{"embeddable":true,"href":"https:\/\/redamlo.com\/index.php\/wp-json\/wp\/v2\/comments?post=6492"}],"version-history":[{"count":0,"href":"https:\/\/redamlo.com\/index.php\/wp-json\/wp\/v2\/posts\/6492\/revisions"}],"wp:featuredmedia":[{"embeddable":true,"href":"https:\/\/redamlo.com\/index.php\/wp-json\/wp\/v2\/media\/6495"}],"wp:attachment":[{"href":"https:\/\/redamlo.com\/index.php\/wp-json\/wp\/v2\/media?parent=6492"}],"wp:term":[{"taxonomy":"category","embeddable":true,"href":"https:\/\/redamlo.com\/index.php\/wp-json\/wp\/v2\/categories?post=6492"},{"taxonomy":"post_tag","embeddable":true,"href":"https:\/\/redamlo.com\/index.php\/wp-json\/wp\/v2\/tags?post=6492"}],"curies":[{"name":"wp","href":"https:\/\/api.w.org\/{rel}","templated":true}]}}