{"id":6431,"date":"2022-10-08T23:03:48","date_gmt":"2022-10-09T04:03:48","guid":{"rendered":"https:\/\/redamlo.com\/?p=6431"},"modified":"2022-10-08T23:03:48","modified_gmt":"2022-10-09T04:03:48","slug":"muere-senador-faustino-lopez-vargas-y-su-esposa-en-accidente-de-auto","status":"publish","type":"post","link":"https:\/\/redamlo.com\/index.php\/2022\/10\/08\/muere-senador-faustino-lopez-vargas-y-su-esposa-en-accidente-de-auto\/","title":{"rendered":"Muere Senador Faustino L\u00f3pez Vargas y su esposa en accidente de auto"},"content":{"rendered":"<p>El senador\u00a0<b>Faustino L\u00f3pez<\/b>\u00a0Vargas y su esposa perdieron la vida en un\u00a0<b>accidente\u00a0<\/b>automovil\u00edstico este s\u00e1bado 8 de octubre cuando viajaba camino a Zacatecas.<\/p>\n<p>El senador por Morena era suplente del gobernador de Tamaulipas, Am\u00e9rico Villarreal.<\/p>\n<div class=\"Enhancement\">\n<div class=\"Enhancement-item\">\n<h2>Ricardo Monreal inform\u00f3 la muerte del senador Faustino L\u00f3pez<\/h2>\n<\/div>\n<\/div>\n<p>El Presidente de la Junta de Coordinaci\u00f3n Pol\u00edtica (Jucopo) en el Senado,\u00a0<b>Ricardo Monreal<\/b>\u00a0fue qui\u00e9n dio a conocer la noticia de que el senador de Morena Faustino L\u00f3pez Vargas y su esposa\u00a0<b>Pilar Hern\u00e1ndez Morales hab\u00edan perdido la vida\u00a0<\/b>en un accidente automovil\u00edstico esta tarde del s\u00e1bado 8 de octubre.<\/p>\n<p>\u201cCon gran pesar, informo que tristemente el senador Faustino L\u00f3pez y la Sra. Pilar Hern\u00e1ndez, su esposa, fallecieron en un accidente de autom\u00f3vil; p\u00e9rdida irreparable que nos enluta en el Senado. Mi cari\u00f1o y solidaridad con su familia, hijos y seres queridos. Que en paz descansen\u201d, escribi\u00f3 Ricardo Monreal en su cuenta de Twitter.<\/p>\n<blockquote class=\"twitter-tweet\" data-width=\"550\" data-dnt=\"true\">\n<p lang=\"es\" dir=\"ltr\">Con gran pesar, informo que tristemente el senador Faustino L\u00f3pez y la Sra. Pilar Hern\u00e1ndez, su esposa, fallecieron en un accidente de autom\u00f3vil; p\u00e9rdida irreparable que nos enluta en el Senado. Mi cari\u00f1o y solidaridad con su familia, hijos y seres queridos. Que en paz descansen. <a href=\"https:\/\/t.co\/woxt44ZFnv\">pic.twitter.com\/woxt44ZFnv<\/a><\/p>\n<p>&mdash; Ricardo Monreal A. (@RicardoMonrealA) <a href=\"https:\/\/twitter.com\/RicardoMonrealA\/status\/1578891245601972224?ref_src=twsrc%5Etfw\">October 8, 2022<\/a><\/p><\/blockquote>\n<p><script async src=\"https:\/\/platform.twitter.com\/widgets.js\" charset=\"utf-8\"><\/script><\/p>\n<p>Se habla de que en el accidente tambi\u00e9n fallecieron m\u00e1s personas.<\/p>\n<p>El senador Faustino L\u00f3pez y su esposa, P\u00edlar Hern\u00e1ndez se dirig\u00edan a la ciudad de Zacatecas para asistir al Cuarto Informe de Actividades Legislativas de la senadora Soledad Lu\u00e9vano, la funcionaroa cancel\u00f3 el evento que se llevar\u00eda a cabo en el Teatro Fernando Calder\u00f3n.<\/p>\n<p>Senado de la Rep\u00fablica lamenta muerte de Faustino L\u00f3pez<\/p>\n<p>A trav\u00e9s de la cuenta oficial de Twitter el Senado de la Rep\u00fablica lament\u00f3 el fallecimiento del senador por Morena, Faustino L\u00f3pez Vargas y su esposa, la se\u00f1ora P\u00edlar Hern\u00e1ndez:<\/p>\n<p>\u201cEl Senado de la Rep\u00fablica lamenta profundamente el fallecimiento del senador Faustino L\u00f3pez Vargas y de su esposa, la se\u00f1ora Pilar Hern\u00e1ndez Morales. Nuestro p\u00e9same a su familia y seres queridos.\u201d dicta la publicaci\u00f3n en Twitter.<\/p>\n<blockquote class=\"twitter-tweet\" data-width=\"550\" data-dnt=\"true\">\n<p lang=\"es\" dir=\"ltr\">El Senado de la Rep\u00fablica lamenta profundamente el fallecimiento del senador Faustino L\u00f3pez Vargas y de su esposa, la se\u00f1ora Pilar Hern\u00e1ndez Morales. <br \/>Nuestro p\u00e9same a su familia y seres queridos. <a href=\"https:\/\/t.co\/kiNWraCoV7\">pic.twitter.com\/kiNWraCoV7<\/a><\/p>\n<p>&mdash; Senado de M\u00e9xico (@senadomexicano) <a href=\"https:\/\/twitter.com\/senadomexicano\/status\/1578899361907736576?ref_src=twsrc%5Etfw\">October 9, 2022<\/a><\/p><\/blockquote>\n<p><script async src=\"https:\/\/platform.twitter.com\/widgets.js\" charset=\"utf-8\"><\/script><\/p>\n<p>Fuente: ADN 40<\/p>\n","protected":false},"excerpt":{"rendered":"<p>El senador\u00a0Faustino L\u00f3pez\u00a0Vargas y su esposa perdieron la vida en un\u00a0accidente\u00a0automovil\u00edstico este s\u00e1bado 8 de&#8230;<\/p>\n","protected":false},"author":2,"featured_media":6435,"comment_status":"closed","ping_status":"closed","sticky":false,"template":"","format":"standard","meta":{"footnotes":""},"categories":[5,137],"tags":[24,2374,1331,2375],"class_list":["post-6431","post","type-post","status-publish","format-standard","has-post-thumbnail","hentry","category-politica","category-senado","tag-morena","tag-muere-senador-de-morena","tag-senado-de-la-republica","tag-senador-faustino-lopez"],"yoast_head":"<!-- This site is optimized with the Yoast SEO plugin v27.5 - https:\/\/yoast.com\/product\/yoast-seo-wordpress\/ -->\n<title>Muere Senador Faustino L\u00f3pez Vargas y su esposa en accidente de auto - NOTICIAS DE LA 4T<\/title>\n<meta name=\"robots\" content=\"noindex, follow, max-snippet:-1, max-image-preview:large, max-video-preview:-1\" \/>\n<meta property=\"og:locale\" content=\"es_MX\" \/>\n<meta property=\"og:type\" content=\"article\" \/>\n<meta property=\"og:title\" content=\"Muere Senador Faustino L\u00f3pez Vargas y su esposa en accidente de auto - NOTICIAS DE LA 4T\" \/>\n<meta property=\"og:description\" content=\"El senador\u00a0Faustino L\u00f3pez\u00a0Vargas y su esposa perdieron la vida en un\u00a0accidente\u00a0automovil\u00edstico este s\u00e1bado 8 de...\" \/>\n<meta property=\"og:url\" content=\"https:\/\/redamlo.com\/index.php\/2022\/10\/08\/muere-senador-faustino-lopez-vargas-y-su-esposa-en-accidente-de-auto\/\" \/>\n<meta property=\"og:site_name\" content=\"NOTICIAS DE LA 4T\" \/>\n<meta property=\"article:published_time\" content=\"2022-10-09T04:03:48+00:00\" \/>\n<meta property=\"og:image\" content=\"https:\/\/redamlo.com\/wp-content\/uploads\/2022\/10\/senador-faustino-Lopez.jpg\" \/>\n\t<meta property=\"og:image:width\" content=\"573\" \/>\n\t<meta property=\"og:image:height\" content=\"380\" \/>\n\t<meta property=\"og:image:type\" content=\"image\/jpeg\" \/>\n<meta name=\"author\" content=\"Blanca\" \/>\n<meta name=\"twitter:card\" content=\"summary_large_image\" \/>\n<meta name=\"twitter:label1\" content=\"Escrito por\" \/>\n\t<meta name=\"twitter:data1\" content=\"Blanca\" \/>\n\t<meta name=\"twitter:label2\" content=\"Tiempo de lectura\" \/>\n\t<meta name=\"twitter:data2\" content=\"2 minutos\" \/>\n<script type=\"application\/ld+json\" class=\"yoast-schema-graph\">{\"@context\":\"https:\\\/\\\/schema.org\",\"@graph\":[{\"@type\":\"Article\",\"@id\":\"https:\\\/\\\/redamlo.com\\\/index.php\\\/2022\\\/10\\\/08\\\/muere-senador-faustino-lopez-vargas-y-su-esposa-en-accidente-de-auto\\\/#article\",\"isPartOf\":{\"@id\":\"https:\\\/\\\/redamlo.com\\\/index.php\\\/2022\\\/10\\\/08\\\/muere-senador-faustino-lopez-vargas-y-su-esposa-en-accidente-de-auto\\\/\"},\"author\":{\"name\":\"Blanca\",\"@id\":\"https:\\\/\\\/redamlo.com\\\/#\\\/schema\\\/person\\\/7223a4375eb8f1a782fcae010a7115cf\"},\"headline\":\"Muere Senador Faustino L\u00f3pez Vargas y su esposa en accidente de auto\",\"datePublished\":\"2022-10-09T04:03:48+00:00\",\"mainEntityOfPage\":{\"@id\":\"https:\\\/\\\/redamlo.com\\\/index.php\\\/2022\\\/10\\\/08\\\/muere-senador-faustino-lopez-vargas-y-su-esposa-en-accidente-de-auto\\\/\"},\"wordCount\":411,\"publisher\":{\"@id\":\"https:\\\/\\\/redamlo.com\\\/#organization\"},\"image\":{\"@id\":\"https:\\\/\\\/redamlo.com\\\/index.php\\\/2022\\\/10\\\/08\\\/muere-senador-faustino-lopez-vargas-y-su-esposa-en-accidente-de-auto\\\/#primaryimage\"},\"thumbnailUrl\":\"https:\\\/\\\/redamlo.com\\\/wp-content\\\/uploads\\\/2022\\\/10\\\/senador-faustino-Lopez.jpg\",\"keywords\":[\"Morena\",\"Muere Senador de Morena\",\"Senado de la Rep\u00fablica\",\"Senador Faustino L\u00f3pez\"],\"articleSection\":[\"Pol\u00edtica\",\"Senado\"],\"inLanguage\":\"es\"},{\"@type\":\"WebPage\",\"@id\":\"https:\\\/\\\/redamlo.com\\\/index.php\\\/2022\\\/10\\\/08\\\/muere-senador-faustino-lopez-vargas-y-su-esposa-en-accidente-de-auto\\\/\",\"url\":\"https:\\\/\\\/redamlo.com\\\/index.php\\\/2022\\\/10\\\/08\\\/muere-senador-faustino-lopez-vargas-y-su-esposa-en-accidente-de-auto\\\/\",\"name\":\"Muere Senador Faustino L\u00f3pez Vargas y su esposa en accidente de auto - NOTICIAS DE LA 4T\",\"isPartOf\":{\"@id\":\"https:\\\/\\\/redamlo.com\\\/#website\"},\"primaryImageOfPage\":{\"@id\":\"https:\\\/\\\/redamlo.com\\\/index.php\\\/2022\\\/10\\\/08\\\/muere-senador-faustino-lopez-vargas-y-su-esposa-en-accidente-de-auto\\\/#primaryimage\"},\"image\":{\"@id\":\"https:\\\/\\\/redamlo.com\\\/index.php\\\/2022\\\/10\\\/08\\\/muere-senador-faustino-lopez-vargas-y-su-esposa-en-accidente-de-auto\\\/#primaryimage\"},\"thumbnailUrl\":\"https:\\\/\\\/redamlo.com\\\/wp-content\\\/uploads\\\/2022\\\/10\\\/senador-faustino-Lopez.jpg\",\"datePublished\":\"2022-10-09T04:03:48+00:00\",\"breadcrumb\":{\"@id\":\"https:\\\/\\\/redamlo.com\\\/index.php\\\/2022\\\/10\\\/08\\\/muere-senador-faustino-lopez-vargas-y-su-esposa-en-accidente-de-auto\\\/#breadcrumb\"},\"inLanguage\":\"es\",\"potentialAction\":[{\"@type\":\"ReadAction\",\"target\":[\"https:\\\/\\\/redamlo.com\\\/index.php\\\/2022\\\/10\\\/08\\\/muere-senador-faustino-lopez-vargas-y-su-esposa-en-accidente-de-auto\\\/\"]}]},{\"@type\":\"ImageObject\",\"inLanguage\":\"es\",\"@id\":\"https:\\\/\\\/redamlo.com\\\/index.php\\\/2022\\\/10\\\/08\\\/muere-senador-faustino-lopez-vargas-y-su-esposa-en-accidente-de-auto\\\/#primaryimage\",\"url\":\"https:\\\/\\\/redamlo.com\\\/wp-content\\\/uploads\\\/2022\\\/10\\\/senador-faustino-Lopez.jpg\",\"contentUrl\":\"https:\\\/\\\/redamlo.com\\\/wp-content\\\/uploads\\\/2022\\\/10\\\/senador-faustino-Lopez.jpg\",\"width\":573,\"height\":380},{\"@type\":\"BreadcrumbList\",\"@id\":\"https:\\\/\\\/redamlo.com\\\/index.php\\\/2022\\\/10\\\/08\\\/muere-senador-faustino-lopez-vargas-y-su-esposa-en-accidente-de-auto\\\/#breadcrumb\",\"itemListElement\":[{\"@type\":\"ListItem\",\"position\":1,\"name\":\"Inicio\",\"item\":\"https:\\\/\\\/redamlo.com\\\/\"},{\"@type\":\"ListItem\",\"position\":2,\"name\":\"Muere Senador Faustino L\u00f3pez Vargas y su esposa en accidente de auto\"}]},{\"@type\":\"WebSite\",\"@id\":\"https:\\\/\\\/redamlo.com\\\/#website\",\"url\":\"https:\\\/\\\/redamlo.com\\\/\",\"name\":\"NOTICIAS DE LA 4T\",\"description\":\"\",\"publisher\":{\"@id\":\"https:\\\/\\\/redamlo.com\\\/#organization\"},\"potentialAction\":[{\"@type\":\"SearchAction\",\"target\":{\"@type\":\"EntryPoint\",\"urlTemplate\":\"https:\\\/\\\/redamlo.com\\\/?s={search_term_string}\"},\"query-input\":{\"@type\":\"PropertyValueSpecification\",\"valueRequired\":true,\"valueName\":\"search_term_string\"}}],\"inLanguage\":\"es\"},{\"@type\":\"Organization\",\"@id\":\"https:\\\/\\\/redamlo.com\\\/#organization\",\"name\":\"NOTICIAS DE LA 4T\",\"url\":\"https:\\\/\\\/redamlo.com\\\/\",\"logo\":{\"@type\":\"ImageObject\",\"inLanguage\":\"es\",\"@id\":\"https:\\\/\\\/redamlo.com\\\/#\\\/schema\\\/logo\\\/image\\\/\",\"url\":\"https:\\\/\\\/redamlo.com\\\/wp-content\\\/uploads\\\/2024\\\/08\\\/cropped-RED-AMLO-logo-50.png\",\"contentUrl\":\"https:\\\/\\\/redamlo.com\\\/wp-content\\\/uploads\\\/2024\\\/08\\\/cropped-RED-AMLO-logo-50.png\",\"width\":256,\"height\":256,\"caption\":\"NOTICIAS DE LA 4T\"},\"image\":{\"@id\":\"https:\\\/\\\/redamlo.com\\\/#\\\/schema\\\/logo\\\/image\\\/\"}},{\"@type\":\"Person\",\"@id\":\"https:\\\/\\\/redamlo.com\\\/#\\\/schema\\\/person\\\/7223a4375eb8f1a782fcae010a7115cf\",\"name\":\"Blanca\",\"image\":{\"@type\":\"ImageObject\",\"inLanguage\":\"es\",\"@id\":\"https:\\\/\\\/secure.gravatar.com\\\/avatar\\\/3f79bc8336367a4e6093eae8757acaaf61d1124834b905616de7829b0273426d?s=96&d=mm&r=g\",\"url\":\"https:\\\/\\\/secure.gravatar.com\\\/avatar\\\/3f79bc8336367a4e6093eae8757acaaf61d1124834b905616de7829b0273426d?s=96&d=mm&r=g\",\"contentUrl\":\"https:\\\/\\\/secure.gravatar.com\\\/avatar\\\/3f79bc8336367a4e6093eae8757acaaf61d1124834b905616de7829b0273426d?s=96&d=mm&r=g\",\"caption\":\"Blanca\"},\"url\":\"https:\\\/\\\/redamlo.com\\\/index.php\\\/author\\\/blanca\\\/\"}]}<\/script>\n<!-- \/ Yoast SEO plugin. -->","yoast_head_json":{"title":"Muere Senador Faustino L\u00f3pez Vargas y su esposa en accidente de auto - NOTICIAS DE LA 4T","robots":{"index":"noindex","follow":"follow","max-snippet":"max-snippet:-1","max-image-preview":"max-image-preview:large","max-video-preview":"max-video-preview:-1"},"og_locale":"es_MX","og_type":"article","og_title":"Muere Senador Faustino L\u00f3pez Vargas y su esposa en accidente de auto - NOTICIAS DE LA 4T","og_description":"El senador\u00a0Faustino L\u00f3pez\u00a0Vargas y su esposa perdieron la vida en un\u00a0accidente\u00a0automovil\u00edstico este s\u00e1bado 8 de...","og_url":"https:\/\/redamlo.com\/index.php\/2022\/10\/08\/muere-senador-faustino-lopez-vargas-y-su-esposa-en-accidente-de-auto\/","og_site_name":"NOTICIAS DE LA 4T","article_published_time":"2022-10-09T04:03:48+00:00","og_image":[{"width":573,"height":380,"url":"https:\/\/redamlo.com\/wp-content\/uploads\/2022\/10\/senador-faustino-Lopez.jpg","type":"image\/jpeg"}],"author":"Blanca","twitter_card":"summary_large_image","twitter_misc":{"Escrito por":"Blanca","Tiempo de lectura":"2 minutos"},"schema":{"@context":"https:\/\/schema.org","@graph":[{"@type":"Article","@id":"https:\/\/redamlo.com\/index.php\/2022\/10\/08\/muere-senador-faustino-lopez-vargas-y-su-esposa-en-accidente-de-auto\/#article","isPartOf":{"@id":"https:\/\/redamlo.com\/index.php\/2022\/10\/08\/muere-senador-faustino-lopez-vargas-y-su-esposa-en-accidente-de-auto\/"},"author":{"name":"Blanca","@id":"https:\/\/redamlo.com\/#\/schema\/person\/7223a4375eb8f1a782fcae010a7115cf"},"headline":"Muere Senador Faustino L\u00f3pez Vargas y su esposa en accidente de auto","datePublished":"2022-10-09T04:03:48+00:00","mainEntityOfPage":{"@id":"https:\/\/redamlo.com\/index.php\/2022\/10\/08\/muere-senador-faustino-lopez-vargas-y-su-esposa-en-accidente-de-auto\/"},"wordCount":411,"publisher":{"@id":"https:\/\/redamlo.com\/#organization"},"image":{"@id":"https:\/\/redamlo.com\/index.php\/2022\/10\/08\/muere-senador-faustino-lopez-vargas-y-su-esposa-en-accidente-de-auto\/#primaryimage"},"thumbnailUrl":"https:\/\/redamlo.com\/wp-content\/uploads\/2022\/10\/senador-faustino-Lopez.jpg","keywords":["Morena","Muere Senador de Morena","Senado de la Rep\u00fablica","Senador Faustino L\u00f3pez"],"articleSection":["Pol\u00edtica","Senado"],"inLanguage":"es"},{"@type":"WebPage","@id":"https:\/\/redamlo.com\/index.php\/2022\/10\/08\/muere-senador-faustino-lopez-vargas-y-su-esposa-en-accidente-de-auto\/","url":"https:\/\/redamlo.com\/index.php\/2022\/10\/08\/muere-senador-faustino-lopez-vargas-y-su-esposa-en-accidente-de-auto\/","name":"Muere Senador Faustino L\u00f3pez Vargas y su esposa en accidente de auto - NOTICIAS DE LA 4T","isPartOf":{"@id":"https:\/\/redamlo.com\/#website"},"primaryImageOfPage":{"@id":"https:\/\/redamlo.com\/index.php\/2022\/10\/08\/muere-senador-faustino-lopez-vargas-y-su-esposa-en-accidente-de-auto\/#primaryimage"},"image":{"@id":"https:\/\/redamlo.com\/index.php\/2022\/10\/08\/muere-senador-faustino-lopez-vargas-y-su-esposa-en-accidente-de-auto\/#primaryimage"},"thumbnailUrl":"https:\/\/redamlo.com\/wp-content\/uploads\/2022\/10\/senador-faustino-Lopez.jpg","datePublished":"2022-10-09T04:03:48+00:00","breadcrumb":{"@id":"https:\/\/redamlo.com\/index.php\/2022\/10\/08\/muere-senador-faustino-lopez-vargas-y-su-esposa-en-accidente-de-auto\/#breadcrumb"},"inLanguage":"es","potentialAction":[{"@type":"ReadAction","target":["https:\/\/redamlo.com\/index.php\/2022\/10\/08\/muere-senador-faustino-lopez-vargas-y-su-esposa-en-accidente-de-auto\/"]}]},{"@type":"ImageObject","inLanguage":"es","@id":"https:\/\/redamlo.com\/index.php\/2022\/10\/08\/muere-senador-faustino-lopez-vargas-y-su-esposa-en-accidente-de-auto\/#primaryimage","url":"https:\/\/redamlo.com\/wp-content\/uploads\/2022\/10\/senador-faustino-Lopez.jpg","contentUrl":"https:\/\/redamlo.com\/wp-content\/uploads\/2022\/10\/senador-faustino-Lopez.jpg","width":573,"height":380},{"@type":"BreadcrumbList","@id":"https:\/\/redamlo.com\/index.php\/2022\/10\/08\/muere-senador-faustino-lopez-vargas-y-su-esposa-en-accidente-de-auto\/#breadcrumb","itemListElement":[{"@type":"ListItem","position":1,"name":"Inicio","item":"https:\/\/redamlo.com\/"},{"@type":"ListItem","position":2,"name":"Muere Senador Faustino L\u00f3pez Vargas y su esposa en accidente de auto"}]},{"@type":"WebSite","@id":"https:\/\/redamlo.com\/#website","url":"https:\/\/redamlo.com\/","name":"NOTICIAS DE LA 4T","description":"","publisher":{"@id":"https:\/\/redamlo.com\/#organization"},"potentialAction":[{"@type":"SearchAction","target":{"@type":"EntryPoint","urlTemplate":"https:\/\/redamlo.com\/?s={search_term_string}"},"query-input":{"@type":"PropertyValueSpecification","valueRequired":true,"valueName":"search_term_string"}}],"inLanguage":"es"},{"@type":"Organization","@id":"https:\/\/redamlo.com\/#organization","name":"NOTICIAS DE LA 4T","url":"https:\/\/redamlo.com\/","logo":{"@type":"ImageObject","inLanguage":"es","@id":"https:\/\/redamlo.com\/#\/schema\/logo\/image\/","url":"https:\/\/redamlo.com\/wp-content\/uploads\/2024\/08\/cropped-RED-AMLO-logo-50.png","contentUrl":"https:\/\/redamlo.com\/wp-content\/uploads\/2024\/08\/cropped-RED-AMLO-logo-50.png","width":256,"height":256,"caption":"NOTICIAS DE LA 4T"},"image":{"@id":"https:\/\/redamlo.com\/#\/schema\/logo\/image\/"}},{"@type":"Person","@id":"https:\/\/redamlo.com\/#\/schema\/person\/7223a4375eb8f1a782fcae010a7115cf","name":"Blanca","image":{"@type":"ImageObject","inLanguage":"es","@id":"https:\/\/secure.gravatar.com\/avatar\/3f79bc8336367a4e6093eae8757acaaf61d1124834b905616de7829b0273426d?s=96&d=mm&r=g","url":"https:\/\/secure.gravatar.com\/avatar\/3f79bc8336367a4e6093eae8757acaaf61d1124834b905616de7829b0273426d?s=96&d=mm&r=g","contentUrl":"https:\/\/secure.gravatar.com\/avatar\/3f79bc8336367a4e6093eae8757acaaf61d1124834b905616de7829b0273426d?s=96&d=mm&r=g","caption":"Blanca"},"url":"https:\/\/redamlo.com\/index.php\/author\/blanca\/"}]}},"_links":{"self":[{"href":"https:\/\/redamlo.com\/index.php\/wp-json\/wp\/v2\/posts\/6431","targetHints":{"allow":["GET"]}}],"collection":[{"href":"https:\/\/redamlo.com\/index.php\/wp-json\/wp\/v2\/posts"}],"about":[{"href":"https:\/\/redamlo.com\/index.php\/wp-json\/wp\/v2\/types\/post"}],"author":[{"embeddable":true,"href":"https:\/\/redamlo.com\/index.php\/wp-json\/wp\/v2\/users\/2"}],"replies":[{"embeddable":true,"href":"https:\/\/redamlo.com\/index.php\/wp-json\/wp\/v2\/comments?post=6431"}],"version-history":[{"count":0,"href":"https:\/\/redamlo.com\/index.php\/wp-json\/wp\/v2\/posts\/6431\/revisions"}],"wp:featuredmedia":[{"embeddable":true,"href":"https:\/\/redamlo.com\/index.php\/wp-json\/wp\/v2\/media\/6435"}],"wp:attachment":[{"href":"https:\/\/redamlo.com\/index.php\/wp-json\/wp\/v2\/media?parent=6431"}],"wp:term":[{"taxonomy":"category","embeddable":true,"href":"https:\/\/redamlo.com\/index.php\/wp-json\/wp\/v2\/categories?post=6431"},{"taxonomy":"post_tag","embeddable":true,"href":"https:\/\/redamlo.com\/index.php\/wp-json\/wp\/v2\/tags?post=6431"}],"curies":[{"name":"wp","href":"https:\/\/api.w.org\/{rel}","templated":true}]}}