{"id":6408,"date":"2022-09-29T22:35:45","date_gmt":"2022-09-30T03:35:45","guid":{"rendered":"https:\/\/redamlo.com\/?p=6408"},"modified":"2022-09-29T22:35:45","modified_gmt":"2022-09-30T03:35:45","slug":"tepjf-sanciona-a-morena-por-utilizar-caricatura-de-amlo","status":"publish","type":"post","link":"https:\/\/redamlo.com\/index.php\/2022\/09\/29\/tepjf-sanciona-a-morena-por-utilizar-caricatura-de-amlo\/","title":{"rendered":"TEPJF sanciona a Morena por utilizar caricatura de AMLO"},"content":{"rendered":"<p>Por utilizar una popular caricatura del Presidente Andr\u00e9s Manuel L\u00f3pez Obrador (el \u2018Amlito\u2019 utilizado desde la campa\u00f1a de 2006), la Sala Especializada del Tribunal Electoral del Poder Judicial de la Federaci\u00f3n (TEPJF) sancion\u00f3 a Morena por vulnerar las normas de propaganda, as\u00ed como el principio de equidad durante las pasadas elecciones en seis entidades del pa\u00eds.<\/p>\n<p>El partido utiliz\u00f3 la imagen en un tuit, acompa\u00f1ado del siguiente mensaje: \u201cSonr\u00ede, este 5 de junio ganaremos 6 de 6 para Morena\u201d como parte de la campa\u00f1a para Aguascalientes, Durango, Hidalgo, Oaxaca, Tamaulipas y Quintana Roo. Por tal motivo se le impuso una multa de 9 mil 622 pesos.<\/p>\n<p>La magistrada ponente, Gabriela Villafuerte, dijo al respecto: \u201cNo es cualquier caricatura, es el Presidente de M\u00e9xico a trav\u00e9s de una caricatura; es claro y se usa en ese sentido\u201d.<\/p>\n<p>En otro asunto, la Sala determin\u00f3 que no se vulneraron las reglas de la consulta popular, por la difusi\u00f3n y contrataci\u00f3n de diversos espectaculares, pinta de bardas, lonas, volantes, peri\u00f3dicos y publicaciones en redes sociales, en los que se retom\u00f3 ese ejercicio de democracia participativa realizada el 1 de agosto del a\u00f1o pasado, relacionada con la posibilidad de iniciar juicio contra expresidentes de la naci\u00f3n.<\/p>\n<p>Lo anterior porque no se comprob\u00f3 la participaci\u00f3n en la contrataci\u00f3n o colocaci\u00f3n de la publicidad denunciada por parte Morena, la jefa del gobierno capitalino, as\u00ed como de los directores del Sistema de Transporte Colectivo Metro, Metrob\u00fas y de Transportes El\u00e9ctricos, todos de la Ciudad de M\u00e9xico.<\/p>\n<p>Respecto de diversas empresas de publicidad, personas ciudadanas y servidoras p\u00fablicas que difundieron publicaciones en redes sociales sobre el proceso de consulta popular, se decidi\u00f3 que no existe infracci\u00f3n porque no est\u00e1 prohibido que las personas emitan su opini\u00f3n al respecto.<\/p>\n<p>Finalmente, la Sala declar\u00f3 la existencia de la infracci\u00f3n atribuida a la concesionaria Grupo Coral de Tampico, S. A. de C. V., a trav\u00e9s de su emisora XHLE-FM, frecuencia 105.9 MHz, por el incumplimiento de transmitir la pauta ordenada por el INE, por lo que se le impuso una multa de 192 mil pesos.<\/p>\n<p>Fuente: La Jornada.<\/p>\n","protected":false},"excerpt":{"rendered":"<p>Por utilizar una popular caricatura del Presidente Andr\u00e9s Manuel L\u00f3pez Obrador (el \u2018Amlito\u2019 utilizado desde&#8230;<\/p>\n","protected":false},"author":2,"featured_media":6410,"comment_status":"closed","ping_status":"closed","sticky":false,"template":"","format":"standard","meta":{"footnotes":""},"categories":[5],"tags":[2366,447,24,2367,2368],"class_list":["post-6408","post","type-post","status-publish","format-standard","has-post-thumbnail","hentry","category-politica","tag-caricatura-de-amlo","tag-elecciones","tag-morena","tag-sanciones","tag-tepjf"],"yoast_head":"<!-- This site is optimized with the Yoast SEO plugin v27.5 - https:\/\/yoast.com\/product\/yoast-seo-wordpress\/ -->\n<title>TEPJF sanciona a Morena por utilizar caricatura de AMLO - NOTICIAS DE LA 4T<\/title>\n<meta name=\"robots\" content=\"noindex, follow, max-snippet:-1, max-image-preview:large, max-video-preview:-1\" \/>\n<meta property=\"og:locale\" content=\"es_MX\" \/>\n<meta property=\"og:type\" content=\"article\" \/>\n<meta property=\"og:title\" content=\"TEPJF sanciona a Morena por utilizar caricatura de AMLO - NOTICIAS DE LA 4T\" \/>\n<meta property=\"og:description\" content=\"Por utilizar una popular caricatura del Presidente Andr\u00e9s Manuel L\u00f3pez Obrador (el \u2018Amlito\u2019 utilizado desde...\" \/>\n<meta property=\"og:url\" content=\"https:\/\/redamlo.com\/index.php\/2022\/09\/29\/tepjf-sanciona-a-morena-por-utilizar-caricatura-de-amlo\/\" \/>\n<meta property=\"og:site_name\" content=\"NOTICIAS DE LA 4T\" \/>\n<meta property=\"article:published_time\" content=\"2022-09-30T03:35:45+00:00\" \/>\n<meta property=\"og:image\" content=\"https:\/\/redamlo.com\/wp-content\/uploads\/2022\/09\/amlo-caricatura.jpg\" \/>\n\t<meta property=\"og:image:width\" content=\"600\" \/>\n\t<meta property=\"og:image:height\" content=\"600\" \/>\n\t<meta property=\"og:image:type\" content=\"image\/jpeg\" \/>\n<meta name=\"author\" content=\"Blanca\" \/>\n<meta name=\"twitter:card\" content=\"summary_large_image\" \/>\n<meta name=\"twitter:label1\" content=\"Escrito por\" \/>\n\t<meta name=\"twitter:data1\" content=\"Blanca\" \/>\n\t<meta name=\"twitter:label2\" content=\"Tiempo de lectura\" \/>\n\t<meta name=\"twitter:data2\" content=\"2 minutos\" \/>\n<script type=\"application\/ld+json\" class=\"yoast-schema-graph\">{\"@context\":\"https:\\\/\\\/schema.org\",\"@graph\":[{\"@type\":\"Article\",\"@id\":\"https:\\\/\\\/redamlo.com\\\/index.php\\\/2022\\\/09\\\/29\\\/tepjf-sanciona-a-morena-por-utilizar-caricatura-de-amlo\\\/#article\",\"isPartOf\":{\"@id\":\"https:\\\/\\\/redamlo.com\\\/index.php\\\/2022\\\/09\\\/29\\\/tepjf-sanciona-a-morena-por-utilizar-caricatura-de-amlo\\\/\"},\"author\":{\"name\":\"Blanca\",\"@id\":\"https:\\\/\\\/redamlo.com\\\/#\\\/schema\\\/person\\\/7223a4375eb8f1a782fcae010a7115cf\"},\"headline\":\"TEPJF sanciona a Morena por utilizar caricatura de AMLO\",\"datePublished\":\"2022-09-30T03:35:45+00:00\",\"mainEntityOfPage\":{\"@id\":\"https:\\\/\\\/redamlo.com\\\/index.php\\\/2022\\\/09\\\/29\\\/tepjf-sanciona-a-morena-por-utilizar-caricatura-de-amlo\\\/\"},\"wordCount\":372,\"publisher\":{\"@id\":\"https:\\\/\\\/redamlo.com\\\/#organization\"},\"image\":{\"@id\":\"https:\\\/\\\/redamlo.com\\\/index.php\\\/2022\\\/09\\\/29\\\/tepjf-sanciona-a-morena-por-utilizar-caricatura-de-amlo\\\/#primaryimage\"},\"thumbnailUrl\":\"https:\\\/\\\/redamlo.com\\\/wp-content\\\/uploads\\\/2022\\\/09\\\/amlo-caricatura.jpg\",\"keywords\":[\"caricatura de AMLO\",\"Elecciones\",\"Morena\",\"Sanciones\",\"TEPJF\"],\"articleSection\":[\"Pol\u00edtica\"],\"inLanguage\":\"es\"},{\"@type\":\"WebPage\",\"@id\":\"https:\\\/\\\/redamlo.com\\\/index.php\\\/2022\\\/09\\\/29\\\/tepjf-sanciona-a-morena-por-utilizar-caricatura-de-amlo\\\/\",\"url\":\"https:\\\/\\\/redamlo.com\\\/index.php\\\/2022\\\/09\\\/29\\\/tepjf-sanciona-a-morena-por-utilizar-caricatura-de-amlo\\\/\",\"name\":\"TEPJF sanciona a Morena por utilizar caricatura de AMLO - NOTICIAS DE LA 4T\",\"isPartOf\":{\"@id\":\"https:\\\/\\\/redamlo.com\\\/#website\"},\"primaryImageOfPage\":{\"@id\":\"https:\\\/\\\/redamlo.com\\\/index.php\\\/2022\\\/09\\\/29\\\/tepjf-sanciona-a-morena-por-utilizar-caricatura-de-amlo\\\/#primaryimage\"},\"image\":{\"@id\":\"https:\\\/\\\/redamlo.com\\\/index.php\\\/2022\\\/09\\\/29\\\/tepjf-sanciona-a-morena-por-utilizar-caricatura-de-amlo\\\/#primaryimage\"},\"thumbnailUrl\":\"https:\\\/\\\/redamlo.com\\\/wp-content\\\/uploads\\\/2022\\\/09\\\/amlo-caricatura.jpg\",\"datePublished\":\"2022-09-30T03:35:45+00:00\",\"breadcrumb\":{\"@id\":\"https:\\\/\\\/redamlo.com\\\/index.php\\\/2022\\\/09\\\/29\\\/tepjf-sanciona-a-morena-por-utilizar-caricatura-de-amlo\\\/#breadcrumb\"},\"inLanguage\":\"es\",\"potentialAction\":[{\"@type\":\"ReadAction\",\"target\":[\"https:\\\/\\\/redamlo.com\\\/index.php\\\/2022\\\/09\\\/29\\\/tepjf-sanciona-a-morena-por-utilizar-caricatura-de-amlo\\\/\"]}]},{\"@type\":\"ImageObject\",\"inLanguage\":\"es\",\"@id\":\"https:\\\/\\\/redamlo.com\\\/index.php\\\/2022\\\/09\\\/29\\\/tepjf-sanciona-a-morena-por-utilizar-caricatura-de-amlo\\\/#primaryimage\",\"url\":\"https:\\\/\\\/redamlo.com\\\/wp-content\\\/uploads\\\/2022\\\/09\\\/amlo-caricatura.jpg\",\"contentUrl\":\"https:\\\/\\\/redamlo.com\\\/wp-content\\\/uploads\\\/2022\\\/09\\\/amlo-caricatura.jpg\",\"width\":600,\"height\":600},{\"@type\":\"BreadcrumbList\",\"@id\":\"https:\\\/\\\/redamlo.com\\\/index.php\\\/2022\\\/09\\\/29\\\/tepjf-sanciona-a-morena-por-utilizar-caricatura-de-amlo\\\/#breadcrumb\",\"itemListElement\":[{\"@type\":\"ListItem\",\"position\":1,\"name\":\"Inicio\",\"item\":\"https:\\\/\\\/redamlo.com\\\/\"},{\"@type\":\"ListItem\",\"position\":2,\"name\":\"TEPJF sanciona a Morena por utilizar caricatura de AMLO\"}]},{\"@type\":\"WebSite\",\"@id\":\"https:\\\/\\\/redamlo.com\\\/#website\",\"url\":\"https:\\\/\\\/redamlo.com\\\/\",\"name\":\"NOTICIAS DE LA 4T\",\"description\":\"\",\"publisher\":{\"@id\":\"https:\\\/\\\/redamlo.com\\\/#organization\"},\"potentialAction\":[{\"@type\":\"SearchAction\",\"target\":{\"@type\":\"EntryPoint\",\"urlTemplate\":\"https:\\\/\\\/redamlo.com\\\/?s={search_term_string}\"},\"query-input\":{\"@type\":\"PropertyValueSpecification\",\"valueRequired\":true,\"valueName\":\"search_term_string\"}}],\"inLanguage\":\"es\"},{\"@type\":\"Organization\",\"@id\":\"https:\\\/\\\/redamlo.com\\\/#organization\",\"name\":\"NOTICIAS DE LA 4T\",\"url\":\"https:\\\/\\\/redamlo.com\\\/\",\"logo\":{\"@type\":\"ImageObject\",\"inLanguage\":\"es\",\"@id\":\"https:\\\/\\\/redamlo.com\\\/#\\\/schema\\\/logo\\\/image\\\/\",\"url\":\"https:\\\/\\\/redamlo.com\\\/wp-content\\\/uploads\\\/2024\\\/08\\\/cropped-RED-AMLO-logo-50.png\",\"contentUrl\":\"https:\\\/\\\/redamlo.com\\\/wp-content\\\/uploads\\\/2024\\\/08\\\/cropped-RED-AMLO-logo-50.png\",\"width\":256,\"height\":256,\"caption\":\"NOTICIAS DE LA 4T\"},\"image\":{\"@id\":\"https:\\\/\\\/redamlo.com\\\/#\\\/schema\\\/logo\\\/image\\\/\"}},{\"@type\":\"Person\",\"@id\":\"https:\\\/\\\/redamlo.com\\\/#\\\/schema\\\/person\\\/7223a4375eb8f1a782fcae010a7115cf\",\"name\":\"Blanca\",\"image\":{\"@type\":\"ImageObject\",\"inLanguage\":\"es\",\"@id\":\"https:\\\/\\\/secure.gravatar.com\\\/avatar\\\/3f79bc8336367a4e6093eae8757acaaf61d1124834b905616de7829b0273426d?s=96&d=mm&r=g\",\"url\":\"https:\\\/\\\/secure.gravatar.com\\\/avatar\\\/3f79bc8336367a4e6093eae8757acaaf61d1124834b905616de7829b0273426d?s=96&d=mm&r=g\",\"contentUrl\":\"https:\\\/\\\/secure.gravatar.com\\\/avatar\\\/3f79bc8336367a4e6093eae8757acaaf61d1124834b905616de7829b0273426d?s=96&d=mm&r=g\",\"caption\":\"Blanca\"},\"url\":\"https:\\\/\\\/redamlo.com\\\/index.php\\\/author\\\/blanca\\\/\"}]}<\/script>\n<!-- \/ Yoast SEO plugin. -->","yoast_head_json":{"title":"TEPJF sanciona a Morena por utilizar caricatura de AMLO - NOTICIAS DE LA 4T","robots":{"index":"noindex","follow":"follow","max-snippet":"max-snippet:-1","max-image-preview":"max-image-preview:large","max-video-preview":"max-video-preview:-1"},"og_locale":"es_MX","og_type":"article","og_title":"TEPJF sanciona a Morena por utilizar caricatura de AMLO - NOTICIAS DE LA 4T","og_description":"Por utilizar una popular caricatura del Presidente Andr\u00e9s Manuel L\u00f3pez Obrador (el \u2018Amlito\u2019 utilizado desde...","og_url":"https:\/\/redamlo.com\/index.php\/2022\/09\/29\/tepjf-sanciona-a-morena-por-utilizar-caricatura-de-amlo\/","og_site_name":"NOTICIAS DE LA 4T","article_published_time":"2022-09-30T03:35:45+00:00","og_image":[{"width":600,"height":600,"url":"https:\/\/redamlo.com\/wp-content\/uploads\/2022\/09\/amlo-caricatura.jpg","type":"image\/jpeg"}],"author":"Blanca","twitter_card":"summary_large_image","twitter_misc":{"Escrito por":"Blanca","Tiempo de lectura":"2 minutos"},"schema":{"@context":"https:\/\/schema.org","@graph":[{"@type":"Article","@id":"https:\/\/redamlo.com\/index.php\/2022\/09\/29\/tepjf-sanciona-a-morena-por-utilizar-caricatura-de-amlo\/#article","isPartOf":{"@id":"https:\/\/redamlo.com\/index.php\/2022\/09\/29\/tepjf-sanciona-a-morena-por-utilizar-caricatura-de-amlo\/"},"author":{"name":"Blanca","@id":"https:\/\/redamlo.com\/#\/schema\/person\/7223a4375eb8f1a782fcae010a7115cf"},"headline":"TEPJF sanciona a Morena por utilizar caricatura de AMLO","datePublished":"2022-09-30T03:35:45+00:00","mainEntityOfPage":{"@id":"https:\/\/redamlo.com\/index.php\/2022\/09\/29\/tepjf-sanciona-a-morena-por-utilizar-caricatura-de-amlo\/"},"wordCount":372,"publisher":{"@id":"https:\/\/redamlo.com\/#organization"},"image":{"@id":"https:\/\/redamlo.com\/index.php\/2022\/09\/29\/tepjf-sanciona-a-morena-por-utilizar-caricatura-de-amlo\/#primaryimage"},"thumbnailUrl":"https:\/\/redamlo.com\/wp-content\/uploads\/2022\/09\/amlo-caricatura.jpg","keywords":["caricatura de AMLO","Elecciones","Morena","Sanciones","TEPJF"],"articleSection":["Pol\u00edtica"],"inLanguage":"es"},{"@type":"WebPage","@id":"https:\/\/redamlo.com\/index.php\/2022\/09\/29\/tepjf-sanciona-a-morena-por-utilizar-caricatura-de-amlo\/","url":"https:\/\/redamlo.com\/index.php\/2022\/09\/29\/tepjf-sanciona-a-morena-por-utilizar-caricatura-de-amlo\/","name":"TEPJF sanciona a Morena por utilizar caricatura de AMLO - NOTICIAS DE LA 4T","isPartOf":{"@id":"https:\/\/redamlo.com\/#website"},"primaryImageOfPage":{"@id":"https:\/\/redamlo.com\/index.php\/2022\/09\/29\/tepjf-sanciona-a-morena-por-utilizar-caricatura-de-amlo\/#primaryimage"},"image":{"@id":"https:\/\/redamlo.com\/index.php\/2022\/09\/29\/tepjf-sanciona-a-morena-por-utilizar-caricatura-de-amlo\/#primaryimage"},"thumbnailUrl":"https:\/\/redamlo.com\/wp-content\/uploads\/2022\/09\/amlo-caricatura.jpg","datePublished":"2022-09-30T03:35:45+00:00","breadcrumb":{"@id":"https:\/\/redamlo.com\/index.php\/2022\/09\/29\/tepjf-sanciona-a-morena-por-utilizar-caricatura-de-amlo\/#breadcrumb"},"inLanguage":"es","potentialAction":[{"@type":"ReadAction","target":["https:\/\/redamlo.com\/index.php\/2022\/09\/29\/tepjf-sanciona-a-morena-por-utilizar-caricatura-de-amlo\/"]}]},{"@type":"ImageObject","inLanguage":"es","@id":"https:\/\/redamlo.com\/index.php\/2022\/09\/29\/tepjf-sanciona-a-morena-por-utilizar-caricatura-de-amlo\/#primaryimage","url":"https:\/\/redamlo.com\/wp-content\/uploads\/2022\/09\/amlo-caricatura.jpg","contentUrl":"https:\/\/redamlo.com\/wp-content\/uploads\/2022\/09\/amlo-caricatura.jpg","width":600,"height":600},{"@type":"BreadcrumbList","@id":"https:\/\/redamlo.com\/index.php\/2022\/09\/29\/tepjf-sanciona-a-morena-por-utilizar-caricatura-de-amlo\/#breadcrumb","itemListElement":[{"@type":"ListItem","position":1,"name":"Inicio","item":"https:\/\/redamlo.com\/"},{"@type":"ListItem","position":2,"name":"TEPJF sanciona a Morena por utilizar caricatura de AMLO"}]},{"@type":"WebSite","@id":"https:\/\/redamlo.com\/#website","url":"https:\/\/redamlo.com\/","name":"NOTICIAS DE LA 4T","description":"","publisher":{"@id":"https:\/\/redamlo.com\/#organization"},"potentialAction":[{"@type":"SearchAction","target":{"@type":"EntryPoint","urlTemplate":"https:\/\/redamlo.com\/?s={search_term_string}"},"query-input":{"@type":"PropertyValueSpecification","valueRequired":true,"valueName":"search_term_string"}}],"inLanguage":"es"},{"@type":"Organization","@id":"https:\/\/redamlo.com\/#organization","name":"NOTICIAS DE LA 4T","url":"https:\/\/redamlo.com\/","logo":{"@type":"ImageObject","inLanguage":"es","@id":"https:\/\/redamlo.com\/#\/schema\/logo\/image\/","url":"https:\/\/redamlo.com\/wp-content\/uploads\/2024\/08\/cropped-RED-AMLO-logo-50.png","contentUrl":"https:\/\/redamlo.com\/wp-content\/uploads\/2024\/08\/cropped-RED-AMLO-logo-50.png","width":256,"height":256,"caption":"NOTICIAS DE LA 4T"},"image":{"@id":"https:\/\/redamlo.com\/#\/schema\/logo\/image\/"}},{"@type":"Person","@id":"https:\/\/redamlo.com\/#\/schema\/person\/7223a4375eb8f1a782fcae010a7115cf","name":"Blanca","image":{"@type":"ImageObject","inLanguage":"es","@id":"https:\/\/secure.gravatar.com\/avatar\/3f79bc8336367a4e6093eae8757acaaf61d1124834b905616de7829b0273426d?s=96&d=mm&r=g","url":"https:\/\/secure.gravatar.com\/avatar\/3f79bc8336367a4e6093eae8757acaaf61d1124834b905616de7829b0273426d?s=96&d=mm&r=g","contentUrl":"https:\/\/secure.gravatar.com\/avatar\/3f79bc8336367a4e6093eae8757acaaf61d1124834b905616de7829b0273426d?s=96&d=mm&r=g","caption":"Blanca"},"url":"https:\/\/redamlo.com\/index.php\/author\/blanca\/"}]}},"_links":{"self":[{"href":"https:\/\/redamlo.com\/index.php\/wp-json\/wp\/v2\/posts\/6408","targetHints":{"allow":["GET"]}}],"collection":[{"href":"https:\/\/redamlo.com\/index.php\/wp-json\/wp\/v2\/posts"}],"about":[{"href":"https:\/\/redamlo.com\/index.php\/wp-json\/wp\/v2\/types\/post"}],"author":[{"embeddable":true,"href":"https:\/\/redamlo.com\/index.php\/wp-json\/wp\/v2\/users\/2"}],"replies":[{"embeddable":true,"href":"https:\/\/redamlo.com\/index.php\/wp-json\/wp\/v2\/comments?post=6408"}],"version-history":[{"count":0,"href":"https:\/\/redamlo.com\/index.php\/wp-json\/wp\/v2\/posts\/6408\/revisions"}],"wp:featuredmedia":[{"embeddable":true,"href":"https:\/\/redamlo.com\/index.php\/wp-json\/wp\/v2\/media\/6410"}],"wp:attachment":[{"href":"https:\/\/redamlo.com\/index.php\/wp-json\/wp\/v2\/media?parent=6408"}],"wp:term":[{"taxonomy":"category","embeddable":true,"href":"https:\/\/redamlo.com\/index.php\/wp-json\/wp\/v2\/categories?post=6408"},{"taxonomy":"post_tag","embeddable":true,"href":"https:\/\/redamlo.com\/index.php\/wp-json\/wp\/v2\/tags?post=6408"}],"curies":[{"name":"wp","href":"https:\/\/api.w.org\/{rel}","templated":true}]}}