{"id":6399,"date":"2022-09-21T19:30:14","date_gmt":"2022-09-22T00:30:14","guid":{"rendered":"https:\/\/redamlo.com\/?p=6399"},"modified":"2022-09-21T19:30:14","modified_gmt":"2022-09-22T00:30:14","slug":"luz-maria-beristain-solicita-comparecencia-en-el-congreso-de-quintana-roo-del-titular-de-capa-para-que-informe-sobre-la-concesion-privada-del-agua","status":"publish","type":"post","link":"https:\/\/redamlo.com\/index.php\/2022\/09\/21\/luz-maria-beristain-solicita-comparecencia-en-el-congreso-de-quintana-roo-del-titular-de-capa-para-que-informe-sobre-la-concesion-privada-del-agua\/","title":{"rendered":"Luz Mar\u00eda Beristain Solicita Comparecencia En El Congreso De Quintana Roo Del Titular De CAPA Para Que Informe Sobre La Concesi\u00f3n Privada Del Agua"},"content":{"rendered":"<p>La diputada\u00a0<strong>Luz Mar\u00eda Beristain Navarrete<\/strong>\u00a0someti\u00f3 a consideraci\u00f3n un punto de acuerdo en el Congreso del Estado de Quintana Roo para\u00a0<strong>solicitar la comparecencia del titular de CAPA\u00a0<\/strong>para que informe sobre\u00a0<strong>situaci\u00f3n que guarda la concesi\u00f3n otorgada a la empresa Desarrollos Hidr\u00e1ulicos de Canc\u00fan SA de CV (Aguakan).<\/strong><\/p>\n<p><a href=\"https:\/\/redamlo.com\/wp-content\/uploads\/2022\/09\/comparecencia-aguakan.webp\"><img loading=\"lazy\" decoding=\"async\" class=\"alignnone wp-image-6400 size-full\" src=\"https:\/\/redamlo.com\/wp-content\/uploads\/2022\/09\/comparecencia-aguakan.webp\" alt=\"\" width=\"787\" height=\"1023\" srcset=\"https:\/\/redamlo.com\/wp-content\/uploads\/2022\/09\/comparecencia-aguakan.webp 787w, https:\/\/redamlo.com\/wp-content\/uploads\/2022\/09\/comparecencia-aguakan-231x300.webp 231w, https:\/\/redamlo.com\/wp-content\/uploads\/2022\/09\/comparecencia-aguakan-768x998.webp 768w\" sizes=\"auto, (max-width: 787px) 100vw, 787px\" \/><\/a><\/p>\n<p><strong>Sin licitaci\u00f3n<\/strong>\u00a0de por medio y por solo mil 055 millones de pesos, la empresa\u00a0<strong>Desarrollos Hidr\u00e1ulicos de Canc\u00fan<\/strong>\u00a0(<strong>Aguakan)<\/strong>, subsidiaria de la constructora\u00a0<strong>Grupo Mexicano de Desarrollo (GMD)<\/strong>, tiene un\u00a0<strong>t\u00edtulo de concesi\u00f3n integral<\/strong>\u00a0hasta el 2053 para otorgar los\u00a0<strong>servicios de agua potable, drenaje y saneamiento<\/strong>\u00a0en los municipios de\u00a0<strong>Benito Ju\u00e1rez (Canc\u00fan), Isla Mujeres y Puerto Morelos\u00a0<\/strong>desde 1993 y de\u00a0<strong>Solidaridad (Playa del Carmen)\u00a0<\/strong>desde 2014.<\/p>\n<p>El proyecto legislativo solicita la comparecencia de diversos titulares de las dependencias y entidades de la administraci\u00f3n p\u00fablica del estado de Quintana Roo en el marco del \u00faltimo informe de gobierno pero poniendo \u00e9nfasis en la Comisi\u00f3n de Agua Potable y Alcantarillado (CAPA).<\/p>\n<p>La legisladora morenista puntualiza en su exposici\u00f3n de motivos que es urgente conocer la informaci\u00f3n relacionada con el compromiso adquirido por parte de Aguakan en su concesi\u00f3n otorgada hasta el a\u00f1o 2053 para satisfacer la cobertura de agua potable hasta en un 100% en un t\u00e9rmino de 6 a\u00f1os, con fecha establecida en el a\u00f1o 2019.<\/p>\n<p>De igual forma la concesi\u00f3n de Aguakan se\u00f1ala el a\u00f1o 2020 como fecha establecida para satisfacer el drenaje sanitario, sin embargo, informaci\u00f3n oficial del CONEVAL se\u00f1ala que el 47.5% de la poblaci\u00f3n afronta condiciones de pobreza por carecer de servicios b\u00e1sicos.<\/p>\n<p><strong>En Quintana Roo existe un d\u00e9ficit en los servicios de drenaje y alcantarillado<\/strong>\u00a0que afecta a un promedio de\u00a0<strong>200 mil personas<\/strong>\u00a0en la entidad seg\u00fan informaci\u00f3n del medio\u00a0estamosaqu\u00ed.mx.<\/p>\n<p>La\u00a0<strong>cifras demuestran el rezago en infraestructura hidr\u00e1ulica que presenta el estado de Quintana Roo y el incumplimiento tangible de la empresa Aguakan\u00a0<\/strong>que adem\u00e1s ha obtenido utilidades exorbitantes en comparaci\u00f3n con el pago realizado para obtener su concesi\u00f3n.<\/p>\n<p>La empresa Aguakan report\u00f3 ingresos por 682 MDP durante el primer trimestre de 2022 ante la Bolsa Mexicana de Valores (BMV) seg\u00fan informaci\u00f3n del peri\u00f3dico\u00a0PorEsto.<\/p>\n<p>Fuente: Realidades Quintana Roo.<\/p>\n","protected":false},"excerpt":{"rendered":"<p>La diputada\u00a0Luz Mar\u00eda Beristain Navarrete\u00a0someti\u00f3 a consideraci\u00f3n un punto de acuerdo en el Congreso del&#8230;<\/p>\n","protected":false},"author":2,"featured_media":6401,"comment_status":"open","ping_status":"closed","sticky":false,"template":"","format":"standard","meta":{"footnotes":""},"categories":[6,5],"tags":[2361,2362,2363,2364],"class_list":["post-6399","post","type-post","status-publish","format-standard","has-post-thumbnail","hentry","category-estados","category-politica","tag-aguakan","tag-congreso-del-estado-de-quintana-roo","tag-conparecencia","tag-luz-maria-beristain"],"yoast_head":"<!-- This site is optimized with the Yoast SEO plugin v27.5 - https:\/\/yoast.com\/product\/yoast-seo-wordpress\/ -->\n<title>Luz Mar\u00eda Beristain Solicita Comparecencia En El Congreso De Quintana Roo Del Titular De CAPA Para Que Informe Sobre La Concesi\u00f3n Privada Del Agua - NOTICIAS DE LA 4T<\/title>\n<meta name=\"robots\" content=\"noindex, follow, max-snippet:-1, max-image-preview:large, max-video-preview:-1\" \/>\n<meta property=\"og:locale\" content=\"es_MX\" \/>\n<meta property=\"og:type\" content=\"article\" \/>\n<meta property=\"og:title\" content=\"Luz Mar\u00eda Beristain Solicita Comparecencia En El Congreso De Quintana Roo Del Titular De CAPA Para Que Informe Sobre La Concesi\u00f3n Privada Del Agua - NOTICIAS DE LA 4T\" \/>\n<meta property=\"og:description\" content=\"La diputada\u00a0Luz Mar\u00eda Beristain Navarrete\u00a0someti\u00f3 a consideraci\u00f3n un punto de acuerdo en el Congreso del...\" \/>\n<meta property=\"og:url\" content=\"https:\/\/redamlo.com\/index.php\/2022\/09\/21\/luz-maria-beristain-solicita-comparecencia-en-el-congreso-de-quintana-roo-del-titular-de-capa-para-que-informe-sobre-la-concesion-privada-del-agua\/\" \/>\n<meta property=\"og:site_name\" content=\"NOTICIAS DE LA 4T\" \/>\n<meta property=\"article:published_time\" content=\"2022-09-22T00:30:14+00:00\" \/>\n<meta property=\"og:image\" content=\"https:\/\/redamlo.com\/wp-content\/uploads\/2022\/09\/luz-maria-beristain-22.jpg\" \/>\n\t<meta property=\"og:image:width\" content=\"900\" \/>\n\t<meta property=\"og:image:height\" content=\"576\" \/>\n\t<meta property=\"og:image:type\" content=\"image\/jpeg\" \/>\n<meta name=\"author\" content=\"Blanca\" \/>\n<meta name=\"twitter:card\" content=\"summary_large_image\" \/>\n<meta name=\"twitter:label1\" content=\"Escrito por\" \/>\n\t<meta name=\"twitter:data1\" content=\"Blanca\" \/>\n\t<meta name=\"twitter:label2\" content=\"Tiempo de lectura\" \/>\n\t<meta name=\"twitter:data2\" content=\"2 minutos\" \/>\n<script type=\"application\/ld+json\" class=\"yoast-schema-graph\">{\"@context\":\"https:\\\/\\\/schema.org\",\"@graph\":[{\"@type\":\"Article\",\"@id\":\"https:\\\/\\\/redamlo.com\\\/index.php\\\/2022\\\/09\\\/21\\\/luz-maria-beristain-solicita-comparecencia-en-el-congreso-de-quintana-roo-del-titular-de-capa-para-que-informe-sobre-la-concesion-privada-del-agua\\\/#article\",\"isPartOf\":{\"@id\":\"https:\\\/\\\/redamlo.com\\\/index.php\\\/2022\\\/09\\\/21\\\/luz-maria-beristain-solicita-comparecencia-en-el-congreso-de-quintana-roo-del-titular-de-capa-para-que-informe-sobre-la-concesion-privada-del-agua\\\/\"},\"author\":{\"name\":\"Blanca\",\"@id\":\"https:\\\/\\\/redamlo.com\\\/#\\\/schema\\\/person\\\/7223a4375eb8f1a782fcae010a7115cf\"},\"headline\":\"Luz Mar\u00eda Beristain Solicita Comparecencia En El Congreso De Quintana Roo Del Titular De CAPA Para Que Informe Sobre La Concesi\u00f3n Privada Del Agua\",\"datePublished\":\"2022-09-22T00:30:14+00:00\",\"mainEntityOfPage\":{\"@id\":\"https:\\\/\\\/redamlo.com\\\/index.php\\\/2022\\\/09\\\/21\\\/luz-maria-beristain-solicita-comparecencia-en-el-congreso-de-quintana-roo-del-titular-de-capa-para-que-informe-sobre-la-concesion-privada-del-agua\\\/\"},\"wordCount\":413,\"commentCount\":0,\"publisher\":{\"@id\":\"https:\\\/\\\/redamlo.com\\\/#organization\"},\"image\":{\"@id\":\"https:\\\/\\\/redamlo.com\\\/index.php\\\/2022\\\/09\\\/21\\\/luz-maria-beristain-solicita-comparecencia-en-el-congreso-de-quintana-roo-del-titular-de-capa-para-que-informe-sobre-la-concesion-privada-del-agua\\\/#primaryimage\"},\"thumbnailUrl\":\"https:\\\/\\\/redamlo.com\\\/wp-content\\\/uploads\\\/2022\\\/09\\\/luz-maria-beristain-22.jpg\",\"keywords\":[\"Aguakan\",\"Congreso del Estado de Quintana Roo\",\"conparecencia\",\"Luz Mar\u00eda Beristain\"],\"articleSection\":[\"Estados\",\"Pol\u00edtica\"],\"inLanguage\":\"es\",\"potentialAction\":[{\"@type\":\"CommentAction\",\"name\":\"Comment\",\"target\":[\"https:\\\/\\\/redamlo.com\\\/index.php\\\/2022\\\/09\\\/21\\\/luz-maria-beristain-solicita-comparecencia-en-el-congreso-de-quintana-roo-del-titular-de-capa-para-que-informe-sobre-la-concesion-privada-del-agua\\\/#respond\"]}]},{\"@type\":\"WebPage\",\"@id\":\"https:\\\/\\\/redamlo.com\\\/index.php\\\/2022\\\/09\\\/21\\\/luz-maria-beristain-solicita-comparecencia-en-el-congreso-de-quintana-roo-del-titular-de-capa-para-que-informe-sobre-la-concesion-privada-del-agua\\\/\",\"url\":\"https:\\\/\\\/redamlo.com\\\/index.php\\\/2022\\\/09\\\/21\\\/luz-maria-beristain-solicita-comparecencia-en-el-congreso-de-quintana-roo-del-titular-de-capa-para-que-informe-sobre-la-concesion-privada-del-agua\\\/\",\"name\":\"Luz Mar\u00eda Beristain Solicita Comparecencia En El Congreso De Quintana Roo Del Titular De CAPA Para Que Informe Sobre La Concesi\u00f3n Privada Del Agua - NOTICIAS DE LA 4T\",\"isPartOf\":{\"@id\":\"https:\\\/\\\/redamlo.com\\\/#website\"},\"primaryImageOfPage\":{\"@id\":\"https:\\\/\\\/redamlo.com\\\/index.php\\\/2022\\\/09\\\/21\\\/luz-maria-beristain-solicita-comparecencia-en-el-congreso-de-quintana-roo-del-titular-de-capa-para-que-informe-sobre-la-concesion-privada-del-agua\\\/#primaryimage\"},\"image\":{\"@id\":\"https:\\\/\\\/redamlo.com\\\/index.php\\\/2022\\\/09\\\/21\\\/luz-maria-beristain-solicita-comparecencia-en-el-congreso-de-quintana-roo-del-titular-de-capa-para-que-informe-sobre-la-concesion-privada-del-agua\\\/#primaryimage\"},\"thumbnailUrl\":\"https:\\\/\\\/redamlo.com\\\/wp-content\\\/uploads\\\/2022\\\/09\\\/luz-maria-beristain-22.jpg\",\"datePublished\":\"2022-09-22T00:30:14+00:00\",\"breadcrumb\":{\"@id\":\"https:\\\/\\\/redamlo.com\\\/index.php\\\/2022\\\/09\\\/21\\\/luz-maria-beristain-solicita-comparecencia-en-el-congreso-de-quintana-roo-del-titular-de-capa-para-que-informe-sobre-la-concesion-privada-del-agua\\\/#breadcrumb\"},\"inLanguage\":\"es\",\"potentialAction\":[{\"@type\":\"ReadAction\",\"target\":[\"https:\\\/\\\/redamlo.com\\\/index.php\\\/2022\\\/09\\\/21\\\/luz-maria-beristain-solicita-comparecencia-en-el-congreso-de-quintana-roo-del-titular-de-capa-para-que-informe-sobre-la-concesion-privada-del-agua\\\/\"]}]},{\"@type\":\"ImageObject\",\"inLanguage\":\"es\",\"@id\":\"https:\\\/\\\/redamlo.com\\\/index.php\\\/2022\\\/09\\\/21\\\/luz-maria-beristain-solicita-comparecencia-en-el-congreso-de-quintana-roo-del-titular-de-capa-para-que-informe-sobre-la-concesion-privada-del-agua\\\/#primaryimage\",\"url\":\"https:\\\/\\\/redamlo.com\\\/wp-content\\\/uploads\\\/2022\\\/09\\\/luz-maria-beristain-22.jpg\",\"contentUrl\":\"https:\\\/\\\/redamlo.com\\\/wp-content\\\/uploads\\\/2022\\\/09\\\/luz-maria-beristain-22.jpg\",\"width\":900,\"height\":576},{\"@type\":\"BreadcrumbList\",\"@id\":\"https:\\\/\\\/redamlo.com\\\/index.php\\\/2022\\\/09\\\/21\\\/luz-maria-beristain-solicita-comparecencia-en-el-congreso-de-quintana-roo-del-titular-de-capa-para-que-informe-sobre-la-concesion-privada-del-agua\\\/#breadcrumb\",\"itemListElement\":[{\"@type\":\"ListItem\",\"position\":1,\"name\":\"Inicio\",\"item\":\"https:\\\/\\\/redamlo.com\\\/\"},{\"@type\":\"ListItem\",\"position\":2,\"name\":\"Luz Mar\u00eda Beristain Solicita Comparecencia En El Congreso De Quintana Roo Del Titular De CAPA Para Que Informe Sobre La Concesi\u00f3n Privada Del Agua\"}]},{\"@type\":\"WebSite\",\"@id\":\"https:\\\/\\\/redamlo.com\\\/#website\",\"url\":\"https:\\\/\\\/redamlo.com\\\/\",\"name\":\"NOTICIAS DE LA 4T\",\"description\":\"\",\"publisher\":{\"@id\":\"https:\\\/\\\/redamlo.com\\\/#organization\"},\"potentialAction\":[{\"@type\":\"SearchAction\",\"target\":{\"@type\":\"EntryPoint\",\"urlTemplate\":\"https:\\\/\\\/redamlo.com\\\/?s={search_term_string}\"},\"query-input\":{\"@type\":\"PropertyValueSpecification\",\"valueRequired\":true,\"valueName\":\"search_term_string\"}}],\"inLanguage\":\"es\"},{\"@type\":\"Organization\",\"@id\":\"https:\\\/\\\/redamlo.com\\\/#organization\",\"name\":\"NOTICIAS DE LA 4T\",\"url\":\"https:\\\/\\\/redamlo.com\\\/\",\"logo\":{\"@type\":\"ImageObject\",\"inLanguage\":\"es\",\"@id\":\"https:\\\/\\\/redamlo.com\\\/#\\\/schema\\\/logo\\\/image\\\/\",\"url\":\"https:\\\/\\\/redamlo.com\\\/wp-content\\\/uploads\\\/2024\\\/08\\\/cropped-RED-AMLO-logo-50.png\",\"contentUrl\":\"https:\\\/\\\/redamlo.com\\\/wp-content\\\/uploads\\\/2024\\\/08\\\/cropped-RED-AMLO-logo-50.png\",\"width\":256,\"height\":256,\"caption\":\"NOTICIAS DE LA 4T\"},\"image\":{\"@id\":\"https:\\\/\\\/redamlo.com\\\/#\\\/schema\\\/logo\\\/image\\\/\"}},{\"@type\":\"Person\",\"@id\":\"https:\\\/\\\/redamlo.com\\\/#\\\/schema\\\/person\\\/7223a4375eb8f1a782fcae010a7115cf\",\"name\":\"Blanca\",\"image\":{\"@type\":\"ImageObject\",\"inLanguage\":\"es\",\"@id\":\"https:\\\/\\\/secure.gravatar.com\\\/avatar\\\/3f79bc8336367a4e6093eae8757acaaf61d1124834b905616de7829b0273426d?s=96&d=mm&r=g\",\"url\":\"https:\\\/\\\/secure.gravatar.com\\\/avatar\\\/3f79bc8336367a4e6093eae8757acaaf61d1124834b905616de7829b0273426d?s=96&d=mm&r=g\",\"contentUrl\":\"https:\\\/\\\/secure.gravatar.com\\\/avatar\\\/3f79bc8336367a4e6093eae8757acaaf61d1124834b905616de7829b0273426d?s=96&d=mm&r=g\",\"caption\":\"Blanca\"},\"url\":\"https:\\\/\\\/redamlo.com\\\/index.php\\\/author\\\/blanca\\\/\"}]}<\/script>\n<!-- \/ Yoast SEO plugin. -->","yoast_head_json":{"title":"Luz Mar\u00eda Beristain Solicita Comparecencia En El Congreso De Quintana Roo Del Titular De CAPA Para Que Informe Sobre La Concesi\u00f3n Privada Del Agua - NOTICIAS DE LA 4T","robots":{"index":"noindex","follow":"follow","max-snippet":"max-snippet:-1","max-image-preview":"max-image-preview:large","max-video-preview":"max-video-preview:-1"},"og_locale":"es_MX","og_type":"article","og_title":"Luz Mar\u00eda Beristain Solicita Comparecencia En El Congreso De Quintana Roo Del Titular De CAPA Para Que Informe Sobre La Concesi\u00f3n Privada Del Agua - NOTICIAS DE LA 4T","og_description":"La diputada\u00a0Luz Mar\u00eda Beristain Navarrete\u00a0someti\u00f3 a consideraci\u00f3n un punto de acuerdo en el Congreso del...","og_url":"https:\/\/redamlo.com\/index.php\/2022\/09\/21\/luz-maria-beristain-solicita-comparecencia-en-el-congreso-de-quintana-roo-del-titular-de-capa-para-que-informe-sobre-la-concesion-privada-del-agua\/","og_site_name":"NOTICIAS DE LA 4T","article_published_time":"2022-09-22T00:30:14+00:00","og_image":[{"width":900,"height":576,"url":"https:\/\/redamlo.com\/wp-content\/uploads\/2022\/09\/luz-maria-beristain-22.jpg","type":"image\/jpeg"}],"author":"Blanca","twitter_card":"summary_large_image","twitter_misc":{"Escrito por":"Blanca","Tiempo de lectura":"2 minutos"},"schema":{"@context":"https:\/\/schema.org","@graph":[{"@type":"Article","@id":"https:\/\/redamlo.com\/index.php\/2022\/09\/21\/luz-maria-beristain-solicita-comparecencia-en-el-congreso-de-quintana-roo-del-titular-de-capa-para-que-informe-sobre-la-concesion-privada-del-agua\/#article","isPartOf":{"@id":"https:\/\/redamlo.com\/index.php\/2022\/09\/21\/luz-maria-beristain-solicita-comparecencia-en-el-congreso-de-quintana-roo-del-titular-de-capa-para-que-informe-sobre-la-concesion-privada-del-agua\/"},"author":{"name":"Blanca","@id":"https:\/\/redamlo.com\/#\/schema\/person\/7223a4375eb8f1a782fcae010a7115cf"},"headline":"Luz Mar\u00eda Beristain Solicita Comparecencia En El Congreso De Quintana Roo Del Titular De CAPA Para Que Informe Sobre La Concesi\u00f3n Privada Del Agua","datePublished":"2022-09-22T00:30:14+00:00","mainEntityOfPage":{"@id":"https:\/\/redamlo.com\/index.php\/2022\/09\/21\/luz-maria-beristain-solicita-comparecencia-en-el-congreso-de-quintana-roo-del-titular-de-capa-para-que-informe-sobre-la-concesion-privada-del-agua\/"},"wordCount":413,"commentCount":0,"publisher":{"@id":"https:\/\/redamlo.com\/#organization"},"image":{"@id":"https:\/\/redamlo.com\/index.php\/2022\/09\/21\/luz-maria-beristain-solicita-comparecencia-en-el-congreso-de-quintana-roo-del-titular-de-capa-para-que-informe-sobre-la-concesion-privada-del-agua\/#primaryimage"},"thumbnailUrl":"https:\/\/redamlo.com\/wp-content\/uploads\/2022\/09\/luz-maria-beristain-22.jpg","keywords":["Aguakan","Congreso del Estado de Quintana Roo","conparecencia","Luz Mar\u00eda Beristain"],"articleSection":["Estados","Pol\u00edtica"],"inLanguage":"es","potentialAction":[{"@type":"CommentAction","name":"Comment","target":["https:\/\/redamlo.com\/index.php\/2022\/09\/21\/luz-maria-beristain-solicita-comparecencia-en-el-congreso-de-quintana-roo-del-titular-de-capa-para-que-informe-sobre-la-concesion-privada-del-agua\/#respond"]}]},{"@type":"WebPage","@id":"https:\/\/redamlo.com\/index.php\/2022\/09\/21\/luz-maria-beristain-solicita-comparecencia-en-el-congreso-de-quintana-roo-del-titular-de-capa-para-que-informe-sobre-la-concesion-privada-del-agua\/","url":"https:\/\/redamlo.com\/index.php\/2022\/09\/21\/luz-maria-beristain-solicita-comparecencia-en-el-congreso-de-quintana-roo-del-titular-de-capa-para-que-informe-sobre-la-concesion-privada-del-agua\/","name":"Luz Mar\u00eda Beristain Solicita Comparecencia En El Congreso De Quintana Roo Del Titular De CAPA Para Que Informe Sobre La Concesi\u00f3n Privada Del Agua - NOTICIAS DE LA 4T","isPartOf":{"@id":"https:\/\/redamlo.com\/#website"},"primaryImageOfPage":{"@id":"https:\/\/redamlo.com\/index.php\/2022\/09\/21\/luz-maria-beristain-solicita-comparecencia-en-el-congreso-de-quintana-roo-del-titular-de-capa-para-que-informe-sobre-la-concesion-privada-del-agua\/#primaryimage"},"image":{"@id":"https:\/\/redamlo.com\/index.php\/2022\/09\/21\/luz-maria-beristain-solicita-comparecencia-en-el-congreso-de-quintana-roo-del-titular-de-capa-para-que-informe-sobre-la-concesion-privada-del-agua\/#primaryimage"},"thumbnailUrl":"https:\/\/redamlo.com\/wp-content\/uploads\/2022\/09\/luz-maria-beristain-22.jpg","datePublished":"2022-09-22T00:30:14+00:00","breadcrumb":{"@id":"https:\/\/redamlo.com\/index.php\/2022\/09\/21\/luz-maria-beristain-solicita-comparecencia-en-el-congreso-de-quintana-roo-del-titular-de-capa-para-que-informe-sobre-la-concesion-privada-del-agua\/#breadcrumb"},"inLanguage":"es","potentialAction":[{"@type":"ReadAction","target":["https:\/\/redamlo.com\/index.php\/2022\/09\/21\/luz-maria-beristain-solicita-comparecencia-en-el-congreso-de-quintana-roo-del-titular-de-capa-para-que-informe-sobre-la-concesion-privada-del-agua\/"]}]},{"@type":"ImageObject","inLanguage":"es","@id":"https:\/\/redamlo.com\/index.php\/2022\/09\/21\/luz-maria-beristain-solicita-comparecencia-en-el-congreso-de-quintana-roo-del-titular-de-capa-para-que-informe-sobre-la-concesion-privada-del-agua\/#primaryimage","url":"https:\/\/redamlo.com\/wp-content\/uploads\/2022\/09\/luz-maria-beristain-22.jpg","contentUrl":"https:\/\/redamlo.com\/wp-content\/uploads\/2022\/09\/luz-maria-beristain-22.jpg","width":900,"height":576},{"@type":"BreadcrumbList","@id":"https:\/\/redamlo.com\/index.php\/2022\/09\/21\/luz-maria-beristain-solicita-comparecencia-en-el-congreso-de-quintana-roo-del-titular-de-capa-para-que-informe-sobre-la-concesion-privada-del-agua\/#breadcrumb","itemListElement":[{"@type":"ListItem","position":1,"name":"Inicio","item":"https:\/\/redamlo.com\/"},{"@type":"ListItem","position":2,"name":"Luz Mar\u00eda Beristain Solicita Comparecencia En El Congreso De Quintana Roo Del Titular De CAPA Para Que Informe Sobre La Concesi\u00f3n Privada Del Agua"}]},{"@type":"WebSite","@id":"https:\/\/redamlo.com\/#website","url":"https:\/\/redamlo.com\/","name":"NOTICIAS DE LA 4T","description":"","publisher":{"@id":"https:\/\/redamlo.com\/#organization"},"potentialAction":[{"@type":"SearchAction","target":{"@type":"EntryPoint","urlTemplate":"https:\/\/redamlo.com\/?s={search_term_string}"},"query-input":{"@type":"PropertyValueSpecification","valueRequired":true,"valueName":"search_term_string"}}],"inLanguage":"es"},{"@type":"Organization","@id":"https:\/\/redamlo.com\/#organization","name":"NOTICIAS DE LA 4T","url":"https:\/\/redamlo.com\/","logo":{"@type":"ImageObject","inLanguage":"es","@id":"https:\/\/redamlo.com\/#\/schema\/logo\/image\/","url":"https:\/\/redamlo.com\/wp-content\/uploads\/2024\/08\/cropped-RED-AMLO-logo-50.png","contentUrl":"https:\/\/redamlo.com\/wp-content\/uploads\/2024\/08\/cropped-RED-AMLO-logo-50.png","width":256,"height":256,"caption":"NOTICIAS DE LA 4T"},"image":{"@id":"https:\/\/redamlo.com\/#\/schema\/logo\/image\/"}},{"@type":"Person","@id":"https:\/\/redamlo.com\/#\/schema\/person\/7223a4375eb8f1a782fcae010a7115cf","name":"Blanca","image":{"@type":"ImageObject","inLanguage":"es","@id":"https:\/\/secure.gravatar.com\/avatar\/3f79bc8336367a4e6093eae8757acaaf61d1124834b905616de7829b0273426d?s=96&d=mm&r=g","url":"https:\/\/secure.gravatar.com\/avatar\/3f79bc8336367a4e6093eae8757acaaf61d1124834b905616de7829b0273426d?s=96&d=mm&r=g","contentUrl":"https:\/\/secure.gravatar.com\/avatar\/3f79bc8336367a4e6093eae8757acaaf61d1124834b905616de7829b0273426d?s=96&d=mm&r=g","caption":"Blanca"},"url":"https:\/\/redamlo.com\/index.php\/author\/blanca\/"}]}},"_links":{"self":[{"href":"https:\/\/redamlo.com\/index.php\/wp-json\/wp\/v2\/posts\/6399","targetHints":{"allow":["GET"]}}],"collection":[{"href":"https:\/\/redamlo.com\/index.php\/wp-json\/wp\/v2\/posts"}],"about":[{"href":"https:\/\/redamlo.com\/index.php\/wp-json\/wp\/v2\/types\/post"}],"author":[{"embeddable":true,"href":"https:\/\/redamlo.com\/index.php\/wp-json\/wp\/v2\/users\/2"}],"replies":[{"embeddable":true,"href":"https:\/\/redamlo.com\/index.php\/wp-json\/wp\/v2\/comments?post=6399"}],"version-history":[{"count":0,"href":"https:\/\/redamlo.com\/index.php\/wp-json\/wp\/v2\/posts\/6399\/revisions"}],"wp:featuredmedia":[{"embeddable":true,"href":"https:\/\/redamlo.com\/index.php\/wp-json\/wp\/v2\/media\/6401"}],"wp:attachment":[{"href":"https:\/\/redamlo.com\/index.php\/wp-json\/wp\/v2\/media?parent=6399"}],"wp:term":[{"taxonomy":"category","embeddable":true,"href":"https:\/\/redamlo.com\/index.php\/wp-json\/wp\/v2\/categories?post=6399"},{"taxonomy":"post_tag","embeddable":true,"href":"https:\/\/redamlo.com\/index.php\/wp-json\/wp\/v2\/tags?post=6399"}],"curies":[{"name":"wp","href":"https:\/\/api.w.org\/{rel}","templated":true}]}}