{"id":6384,"date":"2022-08-24T00:49:53","date_gmt":"2022-08-24T05:49:53","guid":{"rendered":"https:\/\/redamlo.com\/?p=6384"},"modified":"2022-08-24T00:49:53","modified_gmt":"2022-08-24T05:49:53","slug":"exigen-invalidar-eleccion-de-tomas-medina-como-consejero-de-morena-en-chetumal-por-militar-en-el-partido-verde-y-por-haber-comprado-votos","status":"publish","type":"post","link":"https:\/\/redamlo.com\/index.php\/2022\/08\/24\/exigen-invalidar-eleccion-de-tomas-medina-como-consejero-de-morena-en-chetumal-por-militar-en-el-partido-verde-y-por-haber-comprado-votos\/","title":{"rendered":"Exigen invalidar elecci\u00f3n de Tom\u00e1s Medina como Consejero de Morena en Chetumal por militar en el Partido Verde y por haber comprado votos"},"content":{"rendered":"<p>El CEN de Morena tard\u00f3 m\u00e1s de 2 semanas en publicar los resultados oficiales de la elecci\u00f3n interna celebrada el 30 y 31 de julio en las 32 entidades federativas del pa\u00eds para designar a los consejeros estatales y posteriormente elegir a sus comit\u00e9s estatales. Dicho proceso estuvo plagado de irregularidades que legalmente son elementos para anular el proceso de elecci\u00f3n interna v\u00eda tribunales.<\/p>\n<p>El proceso se convirti\u00f3 en un acto corporativista y de estructuras partidistas acostumbradas a movilizarse y coaccionar su voto. Las reglas establecidas que abrieron la puerta a cualquier persona con credencial de elector detonaron una intromisi\u00f3n exacerbada de operadores pol\u00edticos en todos los estados del pa\u00eds.<\/p>\n<p>En el caso del estado de Quintana Roo se instalaron una o dos casillas por distrito electoral. Los funcionarios de casilla fueron elegidos de forma discrecional por decir lo menos. <strong>Las boletas no estaban foliadas y el conteo se realiz\u00f3 sin protocolos m\u00ednimos de transparencia.\u00a0<\/strong><\/p>\n<p><strong>Los votos nulos tambi\u00e9n fueron parte crucial del resultado<\/strong> y hubo diversas denuncias por la anulaci\u00f3n de votos v\u00e1lidos pero no existieron criterios para la resoluci\u00f3n de controversias y l<strong>as decisiones de anulaci\u00f3n fueron centralizadas por las mismas personas elegidas como funcionarios de casilla de forma discrecional.<\/strong><\/p>\n<figure id=\"attachment_6388\" aria-describedby=\"caption-attachment-6388\" style=\"width: 297px\" class=\"wp-caption aligncenter\"><img loading=\"lazy\" decoding=\"async\" class=\"wp-image-6388 size-medium\" src=\"https:\/\/redamlo.com\/wp-content\/uploads\/2022\/08\/thomas_medina_verde-e1661319571161-297x300.jpg\" alt=\"\" width=\"297\" height=\"300\" srcset=\"https:\/\/redamlo.com\/wp-content\/uploads\/2022\/08\/thomas_medina_verde-e1661319571161-297x300.jpg 297w, https:\/\/redamlo.com\/wp-content\/uploads\/2022\/08\/thomas_medina_verde-e1661319571161.jpg 540w\" sizes=\"auto, (max-width: 297px) 100vw, 297px\" \/><figcaption id=\"caption-attachment-6388\" class=\"wp-caption-text\">Imagen: Tom\u00e1s Medina (facebook)<\/figcaption><\/figure>\n<p>La transgresi\u00f3n lleg\u00f3 a tal grado que <strong>el Partido Verde aprovech\u00f3 la coyuntura de la elecci\u00f3n corporativista al interior de morena para imponer a Tom\u00e1s Medina como consejero de Morena en Chetumal.<\/strong><\/p>\n<p><img loading=\"lazy\" decoding=\"async\" class=\"wp-image-6385 size-medium aligncenter\" src=\"https:\/\/redamlo.com\/wp-content\/uploads\/2022\/08\/tomas_medina_verde-e1661319617682-201x300.jpg\" alt=\"\" width=\"201\" height=\"300\" srcset=\"https:\/\/redamlo.com\/wp-content\/uploads\/2022\/08\/tomas_medina_verde-e1661319617682-201x300.jpg 201w, https:\/\/redamlo.com\/wp-content\/uploads\/2022\/08\/tomas_medina_verde-e1661319617682.jpg 540w\" sizes=\"auto, (max-width: 201px) 100vw, 201px\" \/><strong>Tom\u00e1s Medina es miembro del viejo r\u00e9gimen donde milit\u00f3 en el frente juvenil revolucionario y posteriormente se desempe\u00f1\u00f3 como dirigente municipal del Partido Verde en Oth\u00f3n P. Blanco<\/strong> (PorEsto) y ahora es flamante consejero estatal de Morena. Adem\u00e1s ha sido se\u00f1alado por haber logrado dicha posici\u00f3n a trav\u00e9s de la compra del voto.<\/p>\n<figure id=\"attachment_6387\" aria-describedby=\"caption-attachment-6387\" style=\"width: 300px\" class=\"wp-caption aligncenter\"><img loading=\"lazy\" decoding=\"async\" class=\"wp-image-6387 size-medium\" src=\"https:\/\/redamlo.com\/wp-content\/uploads\/2022\/08\/WhatsApp-Image-2022-08-20-at-9.25.16-AM-300x225.jpeg\" alt=\"\" width=\"300\" height=\"225\" srcset=\"https:\/\/redamlo.com\/wp-content\/uploads\/2022\/08\/WhatsApp-Image-2022-08-20-at-9.25.16-AM-300x225.jpeg 300w, https:\/\/redamlo.com\/wp-content\/uploads\/2022\/08\/WhatsApp-Image-2022-08-20-at-9.25.16-AM-768x576.jpeg 768w, https:\/\/redamlo.com\/wp-content\/uploads\/2022\/08\/WhatsApp-Image-2022-08-20-at-9.25.16-AM.jpeg 1024w\" sizes=\"auto, (max-width: 300px) 100vw, 300px\" \/><figcaption id=\"caption-attachment-6387\" class=\"wp-caption-text\">Tom\u00e1s Medina y Chanito Toledo en campa\u00f1a por el PRI<\/figcaption><\/figure>\n<p><strong>Johana Acosta Conrado<\/strong>, fue electa presidenta del Comit\u00e9 Estatal de Morena Quintana Roo y <strong>Eduardo Basurto<\/strong>, secretario general. Ambos llegan en medio de &#8220;grilla&#8221; monumental por presuntos actos de nepotismo. Sin embargo son parte de los equipos pol\u00edticos que lograron los hist\u00f3ricos triunfos en<strong> Cozumel y Felipe Carrillo Puerto en 2021 a diferencia de Tom\u00e1s Medina que es un operador oportunista e infiltrado derivado de las lagunas jur\u00eddicas y log\u00edsticas de la elecci\u00f3n interna en Morena.\u00a0<\/strong><\/p>\n<p>&nbsp;<\/p>\n","protected":false},"excerpt":{"rendered":"<p>El CEN de Morena tard\u00f3 m\u00e1s de 2 semanas en publicar los resultados oficiales de&#8230;<\/p>\n","protected":false},"author":2,"featured_media":6395,"comment_status":"open","ping_status":"closed","sticky":false,"template":"","format":"standard","meta":{"footnotes":""},"categories":[25,6],"tags":[808,2353,2356,24,750,2357],"class_list":["post-6384","post","type-post","status-publish","format-standard","has-post-thumbnail","hentry","category-4t","category-estados","tag-chetumal","tag-eleccion-interna","tag-infiltrados","tag-morena","tag-partido-verde","tag-tomas-medina"],"yoast_head":"<!-- This site is optimized with the Yoast SEO plugin v27.5 - https:\/\/yoast.com\/product\/yoast-seo-wordpress\/ -->\n<title>Exigen invalidar elecci\u00f3n de Tom\u00e1s Medina como Consejero de Morena en Chetumal por militar en el Partido Verde y por haber comprado votos - NOTICIAS DE LA 4T<\/title>\n<meta name=\"robots\" content=\"noindex, follow, max-snippet:-1, max-image-preview:large, max-video-preview:-1\" \/>\n<meta property=\"og:locale\" content=\"es_MX\" \/>\n<meta property=\"og:type\" content=\"article\" \/>\n<meta property=\"og:title\" content=\"Exigen invalidar elecci\u00f3n de Tom\u00e1s Medina como Consejero de Morena en Chetumal por militar en el Partido Verde y por haber comprado votos - NOTICIAS DE LA 4T\" \/>\n<meta property=\"og:description\" content=\"El CEN de Morena tard\u00f3 m\u00e1s de 2 semanas en publicar los resultados oficiales de...\" \/>\n<meta property=\"og:url\" content=\"https:\/\/redamlo.com\/index.php\/2022\/08\/24\/exigen-invalidar-eleccion-de-tomas-medina-como-consejero-de-morena-en-chetumal-por-militar-en-el-partido-verde-y-por-haber-comprado-votos\/\" \/>\n<meta property=\"og:site_name\" content=\"NOTICIAS DE LA 4T\" \/>\n<meta property=\"article:published_time\" content=\"2022-08-24T05:49:53+00:00\" \/>\n<meta property=\"og:image\" content=\"https:\/\/redamlo.com\/wp-content\/uploads\/2022\/08\/thomas_medina_verde_2.jpg\" \/>\n\t<meta property=\"og:image:width\" content=\"540\" \/>\n\t<meta property=\"og:image:height\" content=\"553\" \/>\n\t<meta property=\"og:image:type\" content=\"image\/jpeg\" \/>\n<meta name=\"author\" content=\"Blanca\" \/>\n<meta name=\"twitter:card\" content=\"summary_large_image\" \/>\n<meta name=\"twitter:label1\" content=\"Escrito por\" \/>\n\t<meta name=\"twitter:data1\" content=\"Blanca\" \/>\n\t<meta name=\"twitter:label2\" content=\"Tiempo de lectura\" \/>\n\t<meta name=\"twitter:data2\" content=\"3 minutos\" \/>\n<script type=\"application\/ld+json\" class=\"yoast-schema-graph\">{\"@context\":\"https:\\\/\\\/schema.org\",\"@graph\":[{\"@type\":\"Article\",\"@id\":\"https:\\\/\\\/redamlo.com\\\/index.php\\\/2022\\\/08\\\/24\\\/exigen-invalidar-eleccion-de-tomas-medina-como-consejero-de-morena-en-chetumal-por-militar-en-el-partido-verde-y-por-haber-comprado-votos\\\/#article\",\"isPartOf\":{\"@id\":\"https:\\\/\\\/redamlo.com\\\/index.php\\\/2022\\\/08\\\/24\\\/exigen-invalidar-eleccion-de-tomas-medina-como-consejero-de-morena-en-chetumal-por-militar-en-el-partido-verde-y-por-haber-comprado-votos\\\/\"},\"author\":{\"name\":\"Blanca\",\"@id\":\"https:\\\/\\\/redamlo.com\\\/#\\\/schema\\\/person\\\/7223a4375eb8f1a782fcae010a7115cf\"},\"headline\":\"Exigen invalidar elecci\u00f3n de Tom\u00e1s Medina como Consejero de Morena en Chetumal por militar en el Partido Verde y por haber comprado votos\",\"datePublished\":\"2022-08-24T05:49:53+00:00\",\"mainEntityOfPage\":{\"@id\":\"https:\\\/\\\/redamlo.com\\\/index.php\\\/2022\\\/08\\\/24\\\/exigen-invalidar-eleccion-de-tomas-medina-como-consejero-de-morena-en-chetumal-por-militar-en-el-partido-verde-y-por-haber-comprado-votos\\\/\"},\"wordCount\":446,\"commentCount\":0,\"publisher\":{\"@id\":\"https:\\\/\\\/redamlo.com\\\/#organization\"},\"image\":{\"@id\":\"https:\\\/\\\/redamlo.com\\\/index.php\\\/2022\\\/08\\\/24\\\/exigen-invalidar-eleccion-de-tomas-medina-como-consejero-de-morena-en-chetumal-por-militar-en-el-partido-verde-y-por-haber-comprado-votos\\\/#primaryimage\"},\"thumbnailUrl\":\"https:\\\/\\\/redamlo.com\\\/wp-content\\\/uploads\\\/2022\\\/08\\\/thomas_medina_verde_2.jpg\",\"keywords\":[\"Chetumal\",\"Elecci\u00f3n interna\",\"infiltrados\",\"Morena\",\"Partido Verde\",\"Tom\u00e1s Medina\"],\"articleSection\":[\"4T\",\"Estados\"],\"inLanguage\":\"es\",\"potentialAction\":[{\"@type\":\"CommentAction\",\"name\":\"Comment\",\"target\":[\"https:\\\/\\\/redamlo.com\\\/index.php\\\/2022\\\/08\\\/24\\\/exigen-invalidar-eleccion-de-tomas-medina-como-consejero-de-morena-en-chetumal-por-militar-en-el-partido-verde-y-por-haber-comprado-votos\\\/#respond\"]}]},{\"@type\":\"WebPage\",\"@id\":\"https:\\\/\\\/redamlo.com\\\/index.php\\\/2022\\\/08\\\/24\\\/exigen-invalidar-eleccion-de-tomas-medina-como-consejero-de-morena-en-chetumal-por-militar-en-el-partido-verde-y-por-haber-comprado-votos\\\/\",\"url\":\"https:\\\/\\\/redamlo.com\\\/index.php\\\/2022\\\/08\\\/24\\\/exigen-invalidar-eleccion-de-tomas-medina-como-consejero-de-morena-en-chetumal-por-militar-en-el-partido-verde-y-por-haber-comprado-votos\\\/\",\"name\":\"Exigen invalidar elecci\u00f3n de Tom\u00e1s Medina como Consejero de Morena en Chetumal por militar en el Partido Verde y por haber comprado votos - NOTICIAS DE LA 4T\",\"isPartOf\":{\"@id\":\"https:\\\/\\\/redamlo.com\\\/#website\"},\"primaryImageOfPage\":{\"@id\":\"https:\\\/\\\/redamlo.com\\\/index.php\\\/2022\\\/08\\\/24\\\/exigen-invalidar-eleccion-de-tomas-medina-como-consejero-de-morena-en-chetumal-por-militar-en-el-partido-verde-y-por-haber-comprado-votos\\\/#primaryimage\"},\"image\":{\"@id\":\"https:\\\/\\\/redamlo.com\\\/index.php\\\/2022\\\/08\\\/24\\\/exigen-invalidar-eleccion-de-tomas-medina-como-consejero-de-morena-en-chetumal-por-militar-en-el-partido-verde-y-por-haber-comprado-votos\\\/#primaryimage\"},\"thumbnailUrl\":\"https:\\\/\\\/redamlo.com\\\/wp-content\\\/uploads\\\/2022\\\/08\\\/thomas_medina_verde_2.jpg\",\"datePublished\":\"2022-08-24T05:49:53+00:00\",\"breadcrumb\":{\"@id\":\"https:\\\/\\\/redamlo.com\\\/index.php\\\/2022\\\/08\\\/24\\\/exigen-invalidar-eleccion-de-tomas-medina-como-consejero-de-morena-en-chetumal-por-militar-en-el-partido-verde-y-por-haber-comprado-votos\\\/#breadcrumb\"},\"inLanguage\":\"es\",\"potentialAction\":[{\"@type\":\"ReadAction\",\"target\":[\"https:\\\/\\\/redamlo.com\\\/index.php\\\/2022\\\/08\\\/24\\\/exigen-invalidar-eleccion-de-tomas-medina-como-consejero-de-morena-en-chetumal-por-militar-en-el-partido-verde-y-por-haber-comprado-votos\\\/\"]}]},{\"@type\":\"ImageObject\",\"inLanguage\":\"es\",\"@id\":\"https:\\\/\\\/redamlo.com\\\/index.php\\\/2022\\\/08\\\/24\\\/exigen-invalidar-eleccion-de-tomas-medina-como-consejero-de-morena-en-chetumal-por-militar-en-el-partido-verde-y-por-haber-comprado-votos\\\/#primaryimage\",\"url\":\"https:\\\/\\\/redamlo.com\\\/wp-content\\\/uploads\\\/2022\\\/08\\\/thomas_medina_verde_2.jpg\",\"contentUrl\":\"https:\\\/\\\/redamlo.com\\\/wp-content\\\/uploads\\\/2022\\\/08\\\/thomas_medina_verde_2.jpg\",\"width\":540,\"height\":553},{\"@type\":\"BreadcrumbList\",\"@id\":\"https:\\\/\\\/redamlo.com\\\/index.php\\\/2022\\\/08\\\/24\\\/exigen-invalidar-eleccion-de-tomas-medina-como-consejero-de-morena-en-chetumal-por-militar-en-el-partido-verde-y-por-haber-comprado-votos\\\/#breadcrumb\",\"itemListElement\":[{\"@type\":\"ListItem\",\"position\":1,\"name\":\"Inicio\",\"item\":\"https:\\\/\\\/redamlo.com\\\/\"},{\"@type\":\"ListItem\",\"position\":2,\"name\":\"Exigen invalidar elecci\u00f3n de Tom\u00e1s Medina como Consejero de Morena en Chetumal por militar en el Partido Verde y por haber comprado votos\"}]},{\"@type\":\"WebSite\",\"@id\":\"https:\\\/\\\/redamlo.com\\\/#website\",\"url\":\"https:\\\/\\\/redamlo.com\\\/\",\"name\":\"NOTICIAS DE LA 4T\",\"description\":\"\",\"publisher\":{\"@id\":\"https:\\\/\\\/redamlo.com\\\/#organization\"},\"potentialAction\":[{\"@type\":\"SearchAction\",\"target\":{\"@type\":\"EntryPoint\",\"urlTemplate\":\"https:\\\/\\\/redamlo.com\\\/?s={search_term_string}\"},\"query-input\":{\"@type\":\"PropertyValueSpecification\",\"valueRequired\":true,\"valueName\":\"search_term_string\"}}],\"inLanguage\":\"es\"},{\"@type\":\"Organization\",\"@id\":\"https:\\\/\\\/redamlo.com\\\/#organization\",\"name\":\"NOTICIAS DE LA 4T\",\"url\":\"https:\\\/\\\/redamlo.com\\\/\",\"logo\":{\"@type\":\"ImageObject\",\"inLanguage\":\"es\",\"@id\":\"https:\\\/\\\/redamlo.com\\\/#\\\/schema\\\/logo\\\/image\\\/\",\"url\":\"https:\\\/\\\/redamlo.com\\\/wp-content\\\/uploads\\\/2024\\\/08\\\/cropped-RED-AMLO-logo-50.png\",\"contentUrl\":\"https:\\\/\\\/redamlo.com\\\/wp-content\\\/uploads\\\/2024\\\/08\\\/cropped-RED-AMLO-logo-50.png\",\"width\":256,\"height\":256,\"caption\":\"NOTICIAS DE LA 4T\"},\"image\":{\"@id\":\"https:\\\/\\\/redamlo.com\\\/#\\\/schema\\\/logo\\\/image\\\/\"}},{\"@type\":\"Person\",\"@id\":\"https:\\\/\\\/redamlo.com\\\/#\\\/schema\\\/person\\\/7223a4375eb8f1a782fcae010a7115cf\",\"name\":\"Blanca\",\"image\":{\"@type\":\"ImageObject\",\"inLanguage\":\"es\",\"@id\":\"https:\\\/\\\/secure.gravatar.com\\\/avatar\\\/3f79bc8336367a4e6093eae8757acaaf61d1124834b905616de7829b0273426d?s=96&d=mm&r=g\",\"url\":\"https:\\\/\\\/secure.gravatar.com\\\/avatar\\\/3f79bc8336367a4e6093eae8757acaaf61d1124834b905616de7829b0273426d?s=96&d=mm&r=g\",\"contentUrl\":\"https:\\\/\\\/secure.gravatar.com\\\/avatar\\\/3f79bc8336367a4e6093eae8757acaaf61d1124834b905616de7829b0273426d?s=96&d=mm&r=g\",\"caption\":\"Blanca\"},\"url\":\"https:\\\/\\\/redamlo.com\\\/index.php\\\/author\\\/blanca\\\/\"}]}<\/script>\n<!-- \/ Yoast SEO plugin. -->","yoast_head_json":{"title":"Exigen invalidar elecci\u00f3n de Tom\u00e1s Medina como Consejero de Morena en Chetumal por militar en el Partido Verde y por haber comprado votos - NOTICIAS DE LA 4T","robots":{"index":"noindex","follow":"follow","max-snippet":"max-snippet:-1","max-image-preview":"max-image-preview:large","max-video-preview":"max-video-preview:-1"},"og_locale":"es_MX","og_type":"article","og_title":"Exigen invalidar elecci\u00f3n de Tom\u00e1s Medina como Consejero de Morena en Chetumal por militar en el Partido Verde y por haber comprado votos - NOTICIAS DE LA 4T","og_description":"El CEN de Morena tard\u00f3 m\u00e1s de 2 semanas en publicar los resultados oficiales de...","og_url":"https:\/\/redamlo.com\/index.php\/2022\/08\/24\/exigen-invalidar-eleccion-de-tomas-medina-como-consejero-de-morena-en-chetumal-por-militar-en-el-partido-verde-y-por-haber-comprado-votos\/","og_site_name":"NOTICIAS DE LA 4T","article_published_time":"2022-08-24T05:49:53+00:00","og_image":[{"width":540,"height":553,"url":"https:\/\/redamlo.com\/wp-content\/uploads\/2022\/08\/thomas_medina_verde_2.jpg","type":"image\/jpeg"}],"author":"Blanca","twitter_card":"summary_large_image","twitter_misc":{"Escrito por":"Blanca","Tiempo de lectura":"3 minutos"},"schema":{"@context":"https:\/\/schema.org","@graph":[{"@type":"Article","@id":"https:\/\/redamlo.com\/index.php\/2022\/08\/24\/exigen-invalidar-eleccion-de-tomas-medina-como-consejero-de-morena-en-chetumal-por-militar-en-el-partido-verde-y-por-haber-comprado-votos\/#article","isPartOf":{"@id":"https:\/\/redamlo.com\/index.php\/2022\/08\/24\/exigen-invalidar-eleccion-de-tomas-medina-como-consejero-de-morena-en-chetumal-por-militar-en-el-partido-verde-y-por-haber-comprado-votos\/"},"author":{"name":"Blanca","@id":"https:\/\/redamlo.com\/#\/schema\/person\/7223a4375eb8f1a782fcae010a7115cf"},"headline":"Exigen invalidar elecci\u00f3n de Tom\u00e1s Medina como Consejero de Morena en Chetumal por militar en el Partido Verde y por haber comprado votos","datePublished":"2022-08-24T05:49:53+00:00","mainEntityOfPage":{"@id":"https:\/\/redamlo.com\/index.php\/2022\/08\/24\/exigen-invalidar-eleccion-de-tomas-medina-como-consejero-de-morena-en-chetumal-por-militar-en-el-partido-verde-y-por-haber-comprado-votos\/"},"wordCount":446,"commentCount":0,"publisher":{"@id":"https:\/\/redamlo.com\/#organization"},"image":{"@id":"https:\/\/redamlo.com\/index.php\/2022\/08\/24\/exigen-invalidar-eleccion-de-tomas-medina-como-consejero-de-morena-en-chetumal-por-militar-en-el-partido-verde-y-por-haber-comprado-votos\/#primaryimage"},"thumbnailUrl":"https:\/\/redamlo.com\/wp-content\/uploads\/2022\/08\/thomas_medina_verde_2.jpg","keywords":["Chetumal","Elecci\u00f3n interna","infiltrados","Morena","Partido Verde","Tom\u00e1s Medina"],"articleSection":["4T","Estados"],"inLanguage":"es","potentialAction":[{"@type":"CommentAction","name":"Comment","target":["https:\/\/redamlo.com\/index.php\/2022\/08\/24\/exigen-invalidar-eleccion-de-tomas-medina-como-consejero-de-morena-en-chetumal-por-militar-en-el-partido-verde-y-por-haber-comprado-votos\/#respond"]}]},{"@type":"WebPage","@id":"https:\/\/redamlo.com\/index.php\/2022\/08\/24\/exigen-invalidar-eleccion-de-tomas-medina-como-consejero-de-morena-en-chetumal-por-militar-en-el-partido-verde-y-por-haber-comprado-votos\/","url":"https:\/\/redamlo.com\/index.php\/2022\/08\/24\/exigen-invalidar-eleccion-de-tomas-medina-como-consejero-de-morena-en-chetumal-por-militar-en-el-partido-verde-y-por-haber-comprado-votos\/","name":"Exigen invalidar elecci\u00f3n de Tom\u00e1s Medina como Consejero de Morena en Chetumal por militar en el Partido Verde y por haber comprado votos - NOTICIAS DE LA 4T","isPartOf":{"@id":"https:\/\/redamlo.com\/#website"},"primaryImageOfPage":{"@id":"https:\/\/redamlo.com\/index.php\/2022\/08\/24\/exigen-invalidar-eleccion-de-tomas-medina-como-consejero-de-morena-en-chetumal-por-militar-en-el-partido-verde-y-por-haber-comprado-votos\/#primaryimage"},"image":{"@id":"https:\/\/redamlo.com\/index.php\/2022\/08\/24\/exigen-invalidar-eleccion-de-tomas-medina-como-consejero-de-morena-en-chetumal-por-militar-en-el-partido-verde-y-por-haber-comprado-votos\/#primaryimage"},"thumbnailUrl":"https:\/\/redamlo.com\/wp-content\/uploads\/2022\/08\/thomas_medina_verde_2.jpg","datePublished":"2022-08-24T05:49:53+00:00","breadcrumb":{"@id":"https:\/\/redamlo.com\/index.php\/2022\/08\/24\/exigen-invalidar-eleccion-de-tomas-medina-como-consejero-de-morena-en-chetumal-por-militar-en-el-partido-verde-y-por-haber-comprado-votos\/#breadcrumb"},"inLanguage":"es","potentialAction":[{"@type":"ReadAction","target":["https:\/\/redamlo.com\/index.php\/2022\/08\/24\/exigen-invalidar-eleccion-de-tomas-medina-como-consejero-de-morena-en-chetumal-por-militar-en-el-partido-verde-y-por-haber-comprado-votos\/"]}]},{"@type":"ImageObject","inLanguage":"es","@id":"https:\/\/redamlo.com\/index.php\/2022\/08\/24\/exigen-invalidar-eleccion-de-tomas-medina-como-consejero-de-morena-en-chetumal-por-militar-en-el-partido-verde-y-por-haber-comprado-votos\/#primaryimage","url":"https:\/\/redamlo.com\/wp-content\/uploads\/2022\/08\/thomas_medina_verde_2.jpg","contentUrl":"https:\/\/redamlo.com\/wp-content\/uploads\/2022\/08\/thomas_medina_verde_2.jpg","width":540,"height":553},{"@type":"BreadcrumbList","@id":"https:\/\/redamlo.com\/index.php\/2022\/08\/24\/exigen-invalidar-eleccion-de-tomas-medina-como-consejero-de-morena-en-chetumal-por-militar-en-el-partido-verde-y-por-haber-comprado-votos\/#breadcrumb","itemListElement":[{"@type":"ListItem","position":1,"name":"Inicio","item":"https:\/\/redamlo.com\/"},{"@type":"ListItem","position":2,"name":"Exigen invalidar elecci\u00f3n de Tom\u00e1s Medina como Consejero de Morena en Chetumal por militar en el Partido Verde y por haber comprado votos"}]},{"@type":"WebSite","@id":"https:\/\/redamlo.com\/#website","url":"https:\/\/redamlo.com\/","name":"NOTICIAS DE LA 4T","description":"","publisher":{"@id":"https:\/\/redamlo.com\/#organization"},"potentialAction":[{"@type":"SearchAction","target":{"@type":"EntryPoint","urlTemplate":"https:\/\/redamlo.com\/?s={search_term_string}"},"query-input":{"@type":"PropertyValueSpecification","valueRequired":true,"valueName":"search_term_string"}}],"inLanguage":"es"},{"@type":"Organization","@id":"https:\/\/redamlo.com\/#organization","name":"NOTICIAS DE LA 4T","url":"https:\/\/redamlo.com\/","logo":{"@type":"ImageObject","inLanguage":"es","@id":"https:\/\/redamlo.com\/#\/schema\/logo\/image\/","url":"https:\/\/redamlo.com\/wp-content\/uploads\/2024\/08\/cropped-RED-AMLO-logo-50.png","contentUrl":"https:\/\/redamlo.com\/wp-content\/uploads\/2024\/08\/cropped-RED-AMLO-logo-50.png","width":256,"height":256,"caption":"NOTICIAS DE LA 4T"},"image":{"@id":"https:\/\/redamlo.com\/#\/schema\/logo\/image\/"}},{"@type":"Person","@id":"https:\/\/redamlo.com\/#\/schema\/person\/7223a4375eb8f1a782fcae010a7115cf","name":"Blanca","image":{"@type":"ImageObject","inLanguage":"es","@id":"https:\/\/secure.gravatar.com\/avatar\/3f79bc8336367a4e6093eae8757acaaf61d1124834b905616de7829b0273426d?s=96&d=mm&r=g","url":"https:\/\/secure.gravatar.com\/avatar\/3f79bc8336367a4e6093eae8757acaaf61d1124834b905616de7829b0273426d?s=96&d=mm&r=g","contentUrl":"https:\/\/secure.gravatar.com\/avatar\/3f79bc8336367a4e6093eae8757acaaf61d1124834b905616de7829b0273426d?s=96&d=mm&r=g","caption":"Blanca"},"url":"https:\/\/redamlo.com\/index.php\/author\/blanca\/"}]}},"_links":{"self":[{"href":"https:\/\/redamlo.com\/index.php\/wp-json\/wp\/v2\/posts\/6384","targetHints":{"allow":["GET"]}}],"collection":[{"href":"https:\/\/redamlo.com\/index.php\/wp-json\/wp\/v2\/posts"}],"about":[{"href":"https:\/\/redamlo.com\/index.php\/wp-json\/wp\/v2\/types\/post"}],"author":[{"embeddable":true,"href":"https:\/\/redamlo.com\/index.php\/wp-json\/wp\/v2\/users\/2"}],"replies":[{"embeddable":true,"href":"https:\/\/redamlo.com\/index.php\/wp-json\/wp\/v2\/comments?post=6384"}],"version-history":[{"count":0,"href":"https:\/\/redamlo.com\/index.php\/wp-json\/wp\/v2\/posts\/6384\/revisions"}],"wp:featuredmedia":[{"embeddable":true,"href":"https:\/\/redamlo.com\/index.php\/wp-json\/wp\/v2\/media\/6395"}],"wp:attachment":[{"href":"https:\/\/redamlo.com\/index.php\/wp-json\/wp\/v2\/media?parent=6384"}],"wp:term":[{"taxonomy":"category","embeddable":true,"href":"https:\/\/redamlo.com\/index.php\/wp-json\/wp\/v2\/categories?post=6384"},{"taxonomy":"post_tag","embeddable":true,"href":"https:\/\/redamlo.com\/index.php\/wp-json\/wp\/v2\/tags?post=6384"}],"curies":[{"name":"wp","href":"https:\/\/api.w.org\/{rel}","templated":true}]}}