{"id":6372,"date":"2022-07-28T14:29:19","date_gmt":"2022-07-28T19:29:19","guid":{"rendered":"https:\/\/redamlo.com\/?p=6372"},"modified":"2022-07-28T14:29:19","modified_gmt":"2022-07-28T19:29:19","slug":"gobierno-de-eu-detras-de-opositores-al-tren-maya-asegura-lopez-obrador","status":"publish","type":"post","link":"https:\/\/redamlo.com\/index.php\/2022\/07\/28\/gobierno-de-eu-detras-de-opositores-al-tren-maya-asegura-lopez-obrador\/","title":{"rendered":"Gobierno de EU, detr\u00e1s de opositores al Tren Maya, asegura L\u00f3pez Obrador"},"content":{"rendered":"\n\n<strong>Realidades.- Financia a\u00a0<q>seudoambientalistas<\/q>\u00a0que promueven los amparos, indicaPor eso la declar\u00f3 obra de Seguridad Nacional.<\/strong>\n\n \n\nEl gobierno de Estados Unidos est\u00e1 detr\u00e1s de los\u00a0<q>seudoambientalistas<\/q>\u00a0opositores al tramo 5 del Tren Maya y por esta y otras razones el gobierno declar\u00f3 el proyecto como un asunto de\u00a0<q>seguridad nacional<\/q>, dijo ayer el presidente Andr\u00e9s Manuel L\u00f3pez Obrador.\n\n \n\nDos semanas despu\u00e9s de su visita oficial a la Casa Blanca, el jefe del Ejecutivo federal deline\u00f3 en la ma\u00f1anera del lunes los or\u00edgenes de la decisi\u00f3n:\n\n \n\n<q>Se recurre a ese procedimiento que establece la ley, que es declarar esta obra de seguridad nacional, porque est\u00e1 interviniendo un gobierno extranjero; porque se est\u00e1 perdiendo dinero de la hacienda p\u00fablica, dinero del pueblo; porque es una obra prioritaria; porque se est\u00e1n aplicando t\u00e1cticas dilatorias y porque no hay justicia expedita.<\/q>\n\n \n<figure class=\"wp-block-image size-large is-resized\"><img loading=\"lazy\" decoding=\"async\" class=\"wp-image-45734\" src=\"https:\/\/realidadesqroo.files.wordpress.com\/2022\/07\/image-105.png?w=500\" alt=\"\" width=\"724\" height=\"471\" \/><\/figure>\n \n\nCuando se le pregunt\u00f3 a qu\u00e9 gobierno del exterior se refer\u00eda, contest\u00f3 sin dudar:\u00a0<q>Estados Unidos<\/q>.\n\n \n\nSubray\u00f3 que aun cuando los campesinos y propietarios de las tierras ya dieron su anuencia para la construcci\u00f3n, desde la Ciudad de M\u00e9xico y otros puntos del pa\u00eds\u00a0<q>seudoambientalistas financiados por el gobierno estadunidense nos promueven estos amparos<\/q>, que han detenido el tramo 5, que corre de Canc\u00fan a Tulum.\n\n \n<figure class=\"wp-block-image size-large is-resized\"><img loading=\"lazy\" decoding=\"async\" class=\"wp-image-45739\" src=\"https:\/\/realidadesqroo.files.wordpress.com\/2022\/07\/image-107.png?w=608\" alt=\"\" width=\"722\" height=\"406\" \/><\/figure>\n \n\nEl litigio\n\n \n\nUbic\u00f3 como responsables detr\u00e1s de esos grupos al empresario Claudio X. Gonz\u00e1lez, al ex ministro de la Corte Jos\u00e9 Ram\u00f3n Coss\u00edo y a Amparo Casar, ex asesora de Santiago Creel en la Secretar\u00eda de Gobernaci\u00f3n, a quienes identific\u00f3 como parte de los sectores\u00a0<q>conservadores<\/q>.\n\n \n\nEl Presidente indic\u00f3 que el gobierno federal ya entreg\u00f3 informaci\u00f3n a los jueces que han otorgado las suspensiones provisionales, pero hasta ahora no han resuelto el caso.\n\n \n\nLa obra estuvo detenida por tres meses, causando p\u00e9rdidas econ\u00f3micas en el erario, se\u00f1al\u00f3.\n\n \n\nL\u00f3pez Obrador insisti\u00f3 que al reactivar las construcciones el gobierno no incurrir\u00e1 en desacato judicial e incluso ret\u00f3 a sus opositores a presentar las denuncias correspondientes y que sea el Poder Judicial el que determine la legalidad de los trabajos.\n\n \n\nRemarc\u00f3, en cambio, que muchos de esos ambientalistas u organizaciones de la sociedad civil\u00a0<q>tienen amnesia<\/q>\u00a0y se olvidan que en el sexenio pasado se entregaron territorios en esa regi\u00f3n a empresas privadas para explotar petr\u00f3leo en los acu\u00edferos. \u201c\u00bfQui\u00e9n se acuerda de eso? Casi nadie (\u2026) S\u00ed, son muy hip\u00f3critas\u201d.\n\n \n\nLas consultas por la energ\u00eda\n\n \n\nEn otro orden de ideas, el mandatario se refiri\u00f3 por sexto d\u00eda consecutivo al llamado a consultas de Estados Unidos y Canad\u00e1 por la pol\u00edtica energ\u00e9tica de M\u00e9xico como parte del tratado comercial de Am\u00e9rica del Norte (T-MEC).\n\n \n<figure class=\"wp-block-image size-large is-resized\"><img loading=\"lazy\" decoding=\"async\" class=\"wp-image-45737\" src=\"https:\/\/realidadesqroo.files.wordpress.com\/2022\/07\/image-106.png?w=590\" alt=\"\" width=\"720\" height=\"771\" \/><\/figure>\n \n\nSe\u00f1al\u00f3 que no dar\u00e1 marcha atr\u00e1s y dijo que el proyecto de la ministra Loretta Ortiz \u2013a quien recibi\u00f3 la semana pasada\u2013, con el que el pleno de la Suprema Corte de Justicia de la Naci\u00f3n ratific\u00f3 la constitucionalidad de la ley de la industria el\u00e9ctrica, ser\u00e1 parte de los argumentos de su gobierno en ese proceso de consultas.\n\n \n\nApunt\u00f3 que\u00a0<q>los entreguistas vendepatria quer\u00edan desaparecer a la CFE (Comisi\u00f3n Federal de Electricidad) y a Pemex (Petr\u00f3leos Mexicanos), y quer\u00edan dejarle el mercado el\u00e9ctrico y petrolero a las empresas extranjeras; darle marcha atr\u00e1s a lo que hicieron el general (L\u00e1zaro) C\u00e1rdenas y el presidente (Adolfo) L\u00f3pez Mateos<\/q>.\n\n \n<figure class=\"wp-block-image size-large\"><img decoding=\"async\" class=\"wp-image-45733\" src=\"https:\/\/realidadesqroo.files.wordpress.com\/2022\/07\/image-104.png?w=730\" alt=\"\" \/><\/figure>\n \n\nEl reconocimiento del car\u00e1cter constitucional de la ley el\u00e9ctrica\u00a0<q>molest\u00f3 a los conservadores de aqu\u00ed y de all\u00e1, y a sus achichincles y voceros, y por eso ahora est\u00e1n pidiendo una consulta en el marco del tratado<\/q>, a\u00f1adi\u00f3.\n\n \n\nL\u00f3pez Obrador coment\u00f3 que su gobierno se enter\u00f3 por Twitter y no por los canales diplom\u00e1ticos conducentes de la intenci\u00f3n de los estadunidenses de llevar a consultas a M\u00e9xico por el manejo de la pol\u00edtica energ\u00e9tica. Descart\u00f3 que sea el presidente Joe Biden quien promueva ese requerimiento y consider\u00f3 que viene del Departamento de Estado.\n\n \n\nFuente: <a href=\"https:\/\/www.jornada.com.mx\/2022\/07\/26\/politica\/003n1pol?fbclid=IwAR3LdrUtpR6xYJFSVbYAXdSX0lSCOVFYVMpyF3rn3m53UqYL-FubIU2EmFo\">lajornada.com.mx<\/a>\n\n","protected":false},"excerpt":{"rendered":"<p>Realidades.- Financia a\u00a0seudoambientalistas\u00a0que promueven los amparos, indicaPor eso la declar\u00f3 obra de Seguridad Nacional. El&#8230;<\/p>\n","protected":false},"author":2,"featured_media":6373,"comment_status":"open","ping_status":"closed","sticky":false,"template":"","format":"standard","meta":{"footnotes":""},"categories":[25,20],"tags":[2349,2350,207,2341,1812,2351,2352],"class_list":["post-6372","post","type-post","status-publish","format-standard","has-post-thumbnail","hentry","category-4t","category-nacionales","tag-amparos","tag-cancun-a-tulum","tag-estados-unidos","tag-financia","tag-seguridad-nacional","tag-seudo-ambientalistas","tag-tramo-5"],"yoast_head":"<!-- This site is optimized with the Yoast SEO plugin v27.5 - https:\/\/yoast.com\/product\/yoast-seo-wordpress\/ -->\n<title>Gobierno de EU, detr\u00e1s de opositores al Tren Maya, asegura L\u00f3pez Obrador - NOTICIAS DE LA 4T<\/title>\n<meta name=\"robots\" content=\"noindex, follow, max-snippet:-1, max-image-preview:large, max-video-preview:-1\" \/>\n<meta property=\"og:locale\" content=\"es_MX\" \/>\n<meta property=\"og:type\" content=\"article\" \/>\n<meta property=\"og:title\" content=\"Gobierno de EU, detr\u00e1s de opositores al Tren Maya, asegura L\u00f3pez Obrador - NOTICIAS DE LA 4T\" \/>\n<meta property=\"og:description\" content=\"Realidades.- Financia a\u00a0seudoambientalistas\u00a0que promueven los amparos, indicaPor eso la declar\u00f3 obra de Seguridad Nacional. El...\" \/>\n<meta property=\"og:url\" content=\"https:\/\/redamlo.com\/index.php\/2022\/07\/28\/gobierno-de-eu-detras-de-opositores-al-tren-maya-asegura-lopez-obrador\/\" \/>\n<meta property=\"og:site_name\" content=\"NOTICIAS DE LA 4T\" \/>\n<meta property=\"article:published_time\" content=\"2022-07-28T19:29:19+00:00\" \/>\n<meta property=\"og:image\" content=\"https:\/\/redamlo.com\/wp-content\/uploads\/2022\/07\/454-7.png\" \/>\n\t<meta property=\"og:image:width\" content=\"800\" \/>\n\t<meta property=\"og:image:height\" content=\"600\" \/>\n\t<meta property=\"og:image:type\" content=\"image\/png\" \/>\n<meta name=\"author\" content=\"Blanca\" \/>\n<meta name=\"twitter:card\" content=\"summary_large_image\" \/>\n<meta name=\"twitter:label1\" content=\"Escrito por\" \/>\n\t<meta name=\"twitter:data1\" content=\"Blanca\" \/>\n\t<meta name=\"twitter:label2\" content=\"Tiempo de lectura\" \/>\n\t<meta name=\"twitter:data2\" content=\"4 minutos\" \/>\n<script type=\"application\/ld+json\" class=\"yoast-schema-graph\">{\"@context\":\"https:\\\/\\\/schema.org\",\"@graph\":[{\"@type\":\"Article\",\"@id\":\"https:\\\/\\\/redamlo.com\\\/index.php\\\/2022\\\/07\\\/28\\\/gobierno-de-eu-detras-de-opositores-al-tren-maya-asegura-lopez-obrador\\\/#article\",\"isPartOf\":{\"@id\":\"https:\\\/\\\/redamlo.com\\\/index.php\\\/2022\\\/07\\\/28\\\/gobierno-de-eu-detras-de-opositores-al-tren-maya-asegura-lopez-obrador\\\/\"},\"author\":{\"name\":\"Blanca\",\"@id\":\"https:\\\/\\\/redamlo.com\\\/#\\\/schema\\\/person\\\/7223a4375eb8f1a782fcae010a7115cf\"},\"headline\":\"Gobierno de EU, detr\u00e1s de opositores al Tren Maya, asegura L\u00f3pez Obrador\",\"datePublished\":\"2022-07-28T19:29:19+00:00\",\"mainEntityOfPage\":{\"@id\":\"https:\\\/\\\/redamlo.com\\\/index.php\\\/2022\\\/07\\\/28\\\/gobierno-de-eu-detras-de-opositores-al-tren-maya-asegura-lopez-obrador\\\/\"},\"wordCount\":700,\"commentCount\":0,\"publisher\":{\"@id\":\"https:\\\/\\\/redamlo.com\\\/#organization\"},\"image\":{\"@id\":\"https:\\\/\\\/redamlo.com\\\/index.php\\\/2022\\\/07\\\/28\\\/gobierno-de-eu-detras-de-opositores-al-tren-maya-asegura-lopez-obrador\\\/#primaryimage\"},\"thumbnailUrl\":\"https:\\\/\\\/redamlo.com\\\/wp-content\\\/uploads\\\/2022\\\/07\\\/454-7.png\",\"keywords\":[\"Amparos\",\"Canc\u00fan a Tulum\",\"Estados Unidos\",\"Financia\",\"Seguridad Nacional\",\"Seudo Ambientalistas\",\"Tramo 5\"],\"articleSection\":[\"4T\",\"Nacionales\"],\"inLanguage\":\"es\",\"potentialAction\":[{\"@type\":\"CommentAction\",\"name\":\"Comment\",\"target\":[\"https:\\\/\\\/redamlo.com\\\/index.php\\\/2022\\\/07\\\/28\\\/gobierno-de-eu-detras-de-opositores-al-tren-maya-asegura-lopez-obrador\\\/#respond\"]}]},{\"@type\":\"WebPage\",\"@id\":\"https:\\\/\\\/redamlo.com\\\/index.php\\\/2022\\\/07\\\/28\\\/gobierno-de-eu-detras-de-opositores-al-tren-maya-asegura-lopez-obrador\\\/\",\"url\":\"https:\\\/\\\/redamlo.com\\\/index.php\\\/2022\\\/07\\\/28\\\/gobierno-de-eu-detras-de-opositores-al-tren-maya-asegura-lopez-obrador\\\/\",\"name\":\"Gobierno de EU, detr\u00e1s de opositores al Tren Maya, asegura L\u00f3pez Obrador - NOTICIAS DE LA 4T\",\"isPartOf\":{\"@id\":\"https:\\\/\\\/redamlo.com\\\/#website\"},\"primaryImageOfPage\":{\"@id\":\"https:\\\/\\\/redamlo.com\\\/index.php\\\/2022\\\/07\\\/28\\\/gobierno-de-eu-detras-de-opositores-al-tren-maya-asegura-lopez-obrador\\\/#primaryimage\"},\"image\":{\"@id\":\"https:\\\/\\\/redamlo.com\\\/index.php\\\/2022\\\/07\\\/28\\\/gobierno-de-eu-detras-de-opositores-al-tren-maya-asegura-lopez-obrador\\\/#primaryimage\"},\"thumbnailUrl\":\"https:\\\/\\\/redamlo.com\\\/wp-content\\\/uploads\\\/2022\\\/07\\\/454-7.png\",\"datePublished\":\"2022-07-28T19:29:19+00:00\",\"breadcrumb\":{\"@id\":\"https:\\\/\\\/redamlo.com\\\/index.php\\\/2022\\\/07\\\/28\\\/gobierno-de-eu-detras-de-opositores-al-tren-maya-asegura-lopez-obrador\\\/#breadcrumb\"},\"inLanguage\":\"es\",\"potentialAction\":[{\"@type\":\"ReadAction\",\"target\":[\"https:\\\/\\\/redamlo.com\\\/index.php\\\/2022\\\/07\\\/28\\\/gobierno-de-eu-detras-de-opositores-al-tren-maya-asegura-lopez-obrador\\\/\"]}]},{\"@type\":\"ImageObject\",\"inLanguage\":\"es\",\"@id\":\"https:\\\/\\\/redamlo.com\\\/index.php\\\/2022\\\/07\\\/28\\\/gobierno-de-eu-detras-de-opositores-al-tren-maya-asegura-lopez-obrador\\\/#primaryimage\",\"url\":\"https:\\\/\\\/redamlo.com\\\/wp-content\\\/uploads\\\/2022\\\/07\\\/454-7.png\",\"contentUrl\":\"https:\\\/\\\/redamlo.com\\\/wp-content\\\/uploads\\\/2022\\\/07\\\/454-7.png\",\"width\":800,\"height\":600},{\"@type\":\"BreadcrumbList\",\"@id\":\"https:\\\/\\\/redamlo.com\\\/index.php\\\/2022\\\/07\\\/28\\\/gobierno-de-eu-detras-de-opositores-al-tren-maya-asegura-lopez-obrador\\\/#breadcrumb\",\"itemListElement\":[{\"@type\":\"ListItem\",\"position\":1,\"name\":\"Inicio\",\"item\":\"https:\\\/\\\/redamlo.com\\\/\"},{\"@type\":\"ListItem\",\"position\":2,\"name\":\"Gobierno de EU, detr\u00e1s de opositores al Tren Maya, asegura L\u00f3pez Obrador\"}]},{\"@type\":\"WebSite\",\"@id\":\"https:\\\/\\\/redamlo.com\\\/#website\",\"url\":\"https:\\\/\\\/redamlo.com\\\/\",\"name\":\"NOTICIAS DE LA 4T\",\"description\":\"\",\"publisher\":{\"@id\":\"https:\\\/\\\/redamlo.com\\\/#organization\"},\"potentialAction\":[{\"@type\":\"SearchAction\",\"target\":{\"@type\":\"EntryPoint\",\"urlTemplate\":\"https:\\\/\\\/redamlo.com\\\/?s={search_term_string}\"},\"query-input\":{\"@type\":\"PropertyValueSpecification\",\"valueRequired\":true,\"valueName\":\"search_term_string\"}}],\"inLanguage\":\"es\"},{\"@type\":\"Organization\",\"@id\":\"https:\\\/\\\/redamlo.com\\\/#organization\",\"name\":\"NOTICIAS DE LA 4T\",\"url\":\"https:\\\/\\\/redamlo.com\\\/\",\"logo\":{\"@type\":\"ImageObject\",\"inLanguage\":\"es\",\"@id\":\"https:\\\/\\\/redamlo.com\\\/#\\\/schema\\\/logo\\\/image\\\/\",\"url\":\"https:\\\/\\\/redamlo.com\\\/wp-content\\\/uploads\\\/2024\\\/08\\\/cropped-RED-AMLO-logo-50.png\",\"contentUrl\":\"https:\\\/\\\/redamlo.com\\\/wp-content\\\/uploads\\\/2024\\\/08\\\/cropped-RED-AMLO-logo-50.png\",\"width\":256,\"height\":256,\"caption\":\"NOTICIAS DE LA 4T\"},\"image\":{\"@id\":\"https:\\\/\\\/redamlo.com\\\/#\\\/schema\\\/logo\\\/image\\\/\"}},{\"@type\":\"Person\",\"@id\":\"https:\\\/\\\/redamlo.com\\\/#\\\/schema\\\/person\\\/7223a4375eb8f1a782fcae010a7115cf\",\"name\":\"Blanca\",\"image\":{\"@type\":\"ImageObject\",\"inLanguage\":\"es\",\"@id\":\"https:\\\/\\\/secure.gravatar.com\\\/avatar\\\/3f79bc8336367a4e6093eae8757acaaf61d1124834b905616de7829b0273426d?s=96&d=mm&r=g\",\"url\":\"https:\\\/\\\/secure.gravatar.com\\\/avatar\\\/3f79bc8336367a4e6093eae8757acaaf61d1124834b905616de7829b0273426d?s=96&d=mm&r=g\",\"contentUrl\":\"https:\\\/\\\/secure.gravatar.com\\\/avatar\\\/3f79bc8336367a4e6093eae8757acaaf61d1124834b905616de7829b0273426d?s=96&d=mm&r=g\",\"caption\":\"Blanca\"},\"url\":\"https:\\\/\\\/redamlo.com\\\/index.php\\\/author\\\/blanca\\\/\"}]}<\/script>\n<!-- \/ Yoast SEO plugin. -->","yoast_head_json":{"title":"Gobierno de EU, detr\u00e1s de opositores al Tren Maya, asegura L\u00f3pez Obrador - NOTICIAS DE LA 4T","robots":{"index":"noindex","follow":"follow","max-snippet":"max-snippet:-1","max-image-preview":"max-image-preview:large","max-video-preview":"max-video-preview:-1"},"og_locale":"es_MX","og_type":"article","og_title":"Gobierno de EU, detr\u00e1s de opositores al Tren Maya, asegura L\u00f3pez Obrador - NOTICIAS DE LA 4T","og_description":"Realidades.- Financia a\u00a0seudoambientalistas\u00a0que promueven los amparos, indicaPor eso la declar\u00f3 obra de Seguridad Nacional. El...","og_url":"https:\/\/redamlo.com\/index.php\/2022\/07\/28\/gobierno-de-eu-detras-de-opositores-al-tren-maya-asegura-lopez-obrador\/","og_site_name":"NOTICIAS DE LA 4T","article_published_time":"2022-07-28T19:29:19+00:00","og_image":[{"width":800,"height":600,"url":"https:\/\/redamlo.com\/wp-content\/uploads\/2022\/07\/454-7.png","type":"image\/png"}],"author":"Blanca","twitter_card":"summary_large_image","twitter_misc":{"Escrito por":"Blanca","Tiempo de lectura":"4 minutos"},"schema":{"@context":"https:\/\/schema.org","@graph":[{"@type":"Article","@id":"https:\/\/redamlo.com\/index.php\/2022\/07\/28\/gobierno-de-eu-detras-de-opositores-al-tren-maya-asegura-lopez-obrador\/#article","isPartOf":{"@id":"https:\/\/redamlo.com\/index.php\/2022\/07\/28\/gobierno-de-eu-detras-de-opositores-al-tren-maya-asegura-lopez-obrador\/"},"author":{"name":"Blanca","@id":"https:\/\/redamlo.com\/#\/schema\/person\/7223a4375eb8f1a782fcae010a7115cf"},"headline":"Gobierno de EU, detr\u00e1s de opositores al Tren Maya, asegura L\u00f3pez Obrador","datePublished":"2022-07-28T19:29:19+00:00","mainEntityOfPage":{"@id":"https:\/\/redamlo.com\/index.php\/2022\/07\/28\/gobierno-de-eu-detras-de-opositores-al-tren-maya-asegura-lopez-obrador\/"},"wordCount":700,"commentCount":0,"publisher":{"@id":"https:\/\/redamlo.com\/#organization"},"image":{"@id":"https:\/\/redamlo.com\/index.php\/2022\/07\/28\/gobierno-de-eu-detras-de-opositores-al-tren-maya-asegura-lopez-obrador\/#primaryimage"},"thumbnailUrl":"https:\/\/redamlo.com\/wp-content\/uploads\/2022\/07\/454-7.png","keywords":["Amparos","Canc\u00fan a Tulum","Estados Unidos","Financia","Seguridad Nacional","Seudo Ambientalistas","Tramo 5"],"articleSection":["4T","Nacionales"],"inLanguage":"es","potentialAction":[{"@type":"CommentAction","name":"Comment","target":["https:\/\/redamlo.com\/index.php\/2022\/07\/28\/gobierno-de-eu-detras-de-opositores-al-tren-maya-asegura-lopez-obrador\/#respond"]}]},{"@type":"WebPage","@id":"https:\/\/redamlo.com\/index.php\/2022\/07\/28\/gobierno-de-eu-detras-de-opositores-al-tren-maya-asegura-lopez-obrador\/","url":"https:\/\/redamlo.com\/index.php\/2022\/07\/28\/gobierno-de-eu-detras-de-opositores-al-tren-maya-asegura-lopez-obrador\/","name":"Gobierno de EU, detr\u00e1s de opositores al Tren Maya, asegura L\u00f3pez Obrador - NOTICIAS DE LA 4T","isPartOf":{"@id":"https:\/\/redamlo.com\/#website"},"primaryImageOfPage":{"@id":"https:\/\/redamlo.com\/index.php\/2022\/07\/28\/gobierno-de-eu-detras-de-opositores-al-tren-maya-asegura-lopez-obrador\/#primaryimage"},"image":{"@id":"https:\/\/redamlo.com\/index.php\/2022\/07\/28\/gobierno-de-eu-detras-de-opositores-al-tren-maya-asegura-lopez-obrador\/#primaryimage"},"thumbnailUrl":"https:\/\/redamlo.com\/wp-content\/uploads\/2022\/07\/454-7.png","datePublished":"2022-07-28T19:29:19+00:00","breadcrumb":{"@id":"https:\/\/redamlo.com\/index.php\/2022\/07\/28\/gobierno-de-eu-detras-de-opositores-al-tren-maya-asegura-lopez-obrador\/#breadcrumb"},"inLanguage":"es","potentialAction":[{"@type":"ReadAction","target":["https:\/\/redamlo.com\/index.php\/2022\/07\/28\/gobierno-de-eu-detras-de-opositores-al-tren-maya-asegura-lopez-obrador\/"]}]},{"@type":"ImageObject","inLanguage":"es","@id":"https:\/\/redamlo.com\/index.php\/2022\/07\/28\/gobierno-de-eu-detras-de-opositores-al-tren-maya-asegura-lopez-obrador\/#primaryimage","url":"https:\/\/redamlo.com\/wp-content\/uploads\/2022\/07\/454-7.png","contentUrl":"https:\/\/redamlo.com\/wp-content\/uploads\/2022\/07\/454-7.png","width":800,"height":600},{"@type":"BreadcrumbList","@id":"https:\/\/redamlo.com\/index.php\/2022\/07\/28\/gobierno-de-eu-detras-de-opositores-al-tren-maya-asegura-lopez-obrador\/#breadcrumb","itemListElement":[{"@type":"ListItem","position":1,"name":"Inicio","item":"https:\/\/redamlo.com\/"},{"@type":"ListItem","position":2,"name":"Gobierno de EU, detr\u00e1s de opositores al Tren Maya, asegura L\u00f3pez Obrador"}]},{"@type":"WebSite","@id":"https:\/\/redamlo.com\/#website","url":"https:\/\/redamlo.com\/","name":"NOTICIAS DE LA 4T","description":"","publisher":{"@id":"https:\/\/redamlo.com\/#organization"},"potentialAction":[{"@type":"SearchAction","target":{"@type":"EntryPoint","urlTemplate":"https:\/\/redamlo.com\/?s={search_term_string}"},"query-input":{"@type":"PropertyValueSpecification","valueRequired":true,"valueName":"search_term_string"}}],"inLanguage":"es"},{"@type":"Organization","@id":"https:\/\/redamlo.com\/#organization","name":"NOTICIAS DE LA 4T","url":"https:\/\/redamlo.com\/","logo":{"@type":"ImageObject","inLanguage":"es","@id":"https:\/\/redamlo.com\/#\/schema\/logo\/image\/","url":"https:\/\/redamlo.com\/wp-content\/uploads\/2024\/08\/cropped-RED-AMLO-logo-50.png","contentUrl":"https:\/\/redamlo.com\/wp-content\/uploads\/2024\/08\/cropped-RED-AMLO-logo-50.png","width":256,"height":256,"caption":"NOTICIAS DE LA 4T"},"image":{"@id":"https:\/\/redamlo.com\/#\/schema\/logo\/image\/"}},{"@type":"Person","@id":"https:\/\/redamlo.com\/#\/schema\/person\/7223a4375eb8f1a782fcae010a7115cf","name":"Blanca","image":{"@type":"ImageObject","inLanguage":"es","@id":"https:\/\/secure.gravatar.com\/avatar\/3f79bc8336367a4e6093eae8757acaaf61d1124834b905616de7829b0273426d?s=96&d=mm&r=g","url":"https:\/\/secure.gravatar.com\/avatar\/3f79bc8336367a4e6093eae8757acaaf61d1124834b905616de7829b0273426d?s=96&d=mm&r=g","contentUrl":"https:\/\/secure.gravatar.com\/avatar\/3f79bc8336367a4e6093eae8757acaaf61d1124834b905616de7829b0273426d?s=96&d=mm&r=g","caption":"Blanca"},"url":"https:\/\/redamlo.com\/index.php\/author\/blanca\/"}]}},"_links":{"self":[{"href":"https:\/\/redamlo.com\/index.php\/wp-json\/wp\/v2\/posts\/6372","targetHints":{"allow":["GET"]}}],"collection":[{"href":"https:\/\/redamlo.com\/index.php\/wp-json\/wp\/v2\/posts"}],"about":[{"href":"https:\/\/redamlo.com\/index.php\/wp-json\/wp\/v2\/types\/post"}],"author":[{"embeddable":true,"href":"https:\/\/redamlo.com\/index.php\/wp-json\/wp\/v2\/users\/2"}],"replies":[{"embeddable":true,"href":"https:\/\/redamlo.com\/index.php\/wp-json\/wp\/v2\/comments?post=6372"}],"version-history":[{"count":0,"href":"https:\/\/redamlo.com\/index.php\/wp-json\/wp\/v2\/posts\/6372\/revisions"}],"wp:featuredmedia":[{"embeddable":true,"href":"https:\/\/redamlo.com\/index.php\/wp-json\/wp\/v2\/media\/6373"}],"wp:attachment":[{"href":"https:\/\/redamlo.com\/index.php\/wp-json\/wp\/v2\/media?parent=6372"}],"wp:term":[{"taxonomy":"category","embeddable":true,"href":"https:\/\/redamlo.com\/index.php\/wp-json\/wp\/v2\/categories?post=6372"},{"taxonomy":"post_tag","embeddable":true,"href":"https:\/\/redamlo.com\/index.php\/wp-json\/wp\/v2\/tags?post=6372"}],"curies":[{"name":"wp","href":"https:\/\/api.w.org\/{rel}","templated":true}]}}