{"id":6366,"date":"2022-07-28T13:13:21","date_gmt":"2022-07-28T18:13:21","guid":{"rendered":"https:\/\/redamlo.com\/?p=6366"},"modified":"2022-07-28T13:13:21","modified_gmt":"2022-07-28T18:13:21","slug":"amlo-le-mete-un-cerco-a-poncho-romo-y-lo-acusa-de-tener-negocios-detras-de-los-amparos-al-tren-maya","status":"publish","type":"post","link":"https:\/\/redamlo.com\/index.php\/2022\/07\/28\/amlo-le-mete-un-cerco-a-poncho-romo-y-lo-acusa-de-tener-negocios-detras-de-los-amparos-al-tren-maya\/","title":{"rendered":"AMLO le mete un cerco a Poncho Romo y lo acusa de tener negocios detr\u00e1s de los amparos al Tren Maya"},"content":{"rendered":"<p><strong>Realidades.- Malestar ante los amparos y rumores de negocios en la Pen\u00ednsula. Un reemplazo oportuno. Tatiana en crisis.<\/strong><\/p>\n<p>Alfonso Romo ha perdido terreno en el entorno directo de Andr\u00e9s Manuel L\u00f3pez Obrador. M\u00e1s all\u00e1 de alg\u00fan encuentro concreto con empresarios o ciertos contactos directos, el due\u00f1o de la Casa de Bolsa Vector est\u00e1 apuntado por el presidente que dice, en privado, estar convencido de que Romo es uno de los articuladores detr\u00e1s de los litigios contra el Tren Maya.<\/p>\n<figure class=\"wp-block-image size-large\"><img decoding=\"async\" class=\"wp-image-45719\" src=\"https:\/\/realidadesqroo.files.wordpress.com\/2022\/07\/image-102.png?w=1024\" sizes=\"(max-width: 1024px) 100vw, 1024px\" srcset=\"https:\/\/realidadesqroo.files.wordpress.com\/2022\/07\/image-102.png?w=1024 1024w, https:\/\/realidadesqroo.files.wordpress.com\/2022\/07\/image-102.png?w=150 150w, https:\/\/realidadesqroo.files.wordpress.com\/2022\/07\/image-102.png?w=300 300w, https:\/\/realidadesqroo.files.wordpress.com\/2022\/07\/image-102.png?w=768 768w, https:\/\/realidadesqroo.files.wordpress.com\/2022\/07\/image-102.png 1280w\" alt=\"\" data-attachment-id=\"45719\" data-permalink=\"https:\/\/realidadesquintanaroo.org\/2022\/07\/28\/amlo-le-mete-un-cerco-a-poncho-romo-y-lo-acusa-de-tener-negocios-detras-de-los-amparos-al-tren-maya\/image-102-7\/\" data-orig-file=\"https:\/\/realidadesqroo.files.wordpress.com\/2022\/07\/image-102.png\" data-orig-size=\"1280,720\" data-comments-opened=\"1\" data-image-meta=\"{&quot;aperture&quot;:&quot;0&quot;,&quot;credit&quot;:&quot;&quot;,&quot;camera&quot;:&quot;&quot;,&quot;caption&quot;:&quot;&quot;,&quot;created_timestamp&quot;:&quot;0&quot;,&quot;copyright&quot;:&quot;&quot;,&quot;focal_length&quot;:&quot;0&quot;,&quot;iso&quot;:&quot;0&quot;,&quot;shutter_speed&quot;:&quot;0&quot;,&quot;title&quot;:&quot;&quot;,&quot;orientation&quot;:&quot;0&quot;}\" data-image-title=\"image-102\" data-image-description=\"\" data-image-caption=\"\" data-medium-file=\"https:\/\/realidadesqroo.files.wordpress.com\/2022\/07\/image-102.png?w=300\" data-large-file=\"https:\/\/realidadesqroo.files.wordpress.com\/2022\/07\/image-102.png?w=720\" \/><\/figure>\n<p>En el entendimiento presidencial, Romo est\u00e1 involucrado en negocios concretos en zonas de influencia de la obra y por eso alienta el freno a la misma. Una tesis que se complementa con la noci\u00f3n de que como jefe de la Oficina de la Presidencia el magnate utiliz\u00f3 informaci\u00f3n privilegiada para sus negocios particulares.<\/p>\n<p>Respecto a la pol\u00e9mica del Tren Maya, en medios noticiosos cercanos a la 4T trascendi\u00f3 que Romo financiaba las campa\u00f1as de los artistas y famosos contra el avance del Tren Maya. Romo tendr\u00eda negocios acuiferos en la zona que se ven afectados por tramo 4 del Tren.<\/p>\n<figure class=\"wp-block-image size-large\"><img decoding=\"async\" class=\"wp-image-45722\" src=\"https:\/\/realidadesqroo.files.wordpress.com\/2022\/07\/image-103.png?w=1024\" sizes=\"(max-width: 1024px) 100vw, 1024px\" srcset=\"https:\/\/realidadesqroo.files.wordpress.com\/2022\/07\/image-103.png?w=1024 1024w, https:\/\/realidadesqroo.files.wordpress.com\/2022\/07\/image-103.png?w=150 150w, https:\/\/realidadesqroo.files.wordpress.com\/2022\/07\/image-103.png?w=300 300w, https:\/\/realidadesqroo.files.wordpress.com\/2022\/07\/image-103.png?w=768 768w, https:\/\/realidadesqroo.files.wordpress.com\/2022\/07\/image-103.png 1280w\" alt=\"\" data-attachment-id=\"45722\" data-permalink=\"https:\/\/realidadesquintanaroo.org\/2022\/07\/28\/amlo-le-mete-un-cerco-a-poncho-romo-y-lo-acusa-de-tener-negocios-detras-de-los-amparos-al-tren-maya\/image-103-7\/\" data-orig-file=\"https:\/\/realidadesqroo.files.wordpress.com\/2022\/07\/image-103.png\" data-orig-size=\"1280,720\" data-comments-opened=\"1\" data-image-meta=\"{&quot;aperture&quot;:&quot;0&quot;,&quot;credit&quot;:&quot;&quot;,&quot;camera&quot;:&quot;&quot;,&quot;caption&quot;:&quot;&quot;,&quot;created_timestamp&quot;:&quot;0&quot;,&quot;copyright&quot;:&quot;&quot;,&quot;focal_length&quot;:&quot;0&quot;,&quot;iso&quot;:&quot;0&quot;,&quot;shutter_speed&quot;:&quot;0&quot;,&quot;title&quot;:&quot;&quot;,&quot;orientation&quot;:&quot;0&quot;}\" data-image-title=\"image-103\" data-image-description=\"\" data-image-caption=\"\" data-medium-file=\"https:\/\/realidadesqroo.files.wordpress.com\/2022\/07\/image-103.png?w=300\" data-large-file=\"https:\/\/realidadesqroo.files.wordpress.com\/2022\/07\/image-103.png?w=720\" \/><\/figure>\n<p>Esto se ve reflejado en hechos concretos del d\u00eda a d\u00eda del Gobierno. Romo no acompa\u00f1\u00f3 a L\u00f3pez Obrador a Washington DC y el presidente comienza a requerirle gestiones concretas en el mundo empresarial tanto a Francisco Cervantes (mandam\u00e1s del CCE) como al secretario de Gobernaci\u00f3n Ad\u00e1n Augusto L\u00f3pez Hern\u00e1ndez.<\/p>\n<p>La onda expansiva del enojo va m\u00e1s all\u00e1 de Romo. La secretaria de Econom\u00eda Tatiana Clouthier, siempre cercana a Romo, est\u00e1 apuntada por el presidente por la pol\u00e9mica de los paneles del T-MEC y porque el tabasque\u00f1o entiende que Clouthier jug\u00f3 a favor de Vulcan Materials en la pol\u00e9mica de esta compa\u00f1\u00eda de EU con la 4T.<\/p>\n<figure class=\"wp-block-image size-large\"><img decoding=\"async\" class=\"wp-image-45717\" src=\"https:\/\/realidadesqroo.files.wordpress.com\/2022\/07\/image-101.png?w=1024\" sizes=\"(max-width: 1024px) 100vw, 1024px\" srcset=\"https:\/\/realidadesqroo.files.wordpress.com\/2022\/07\/image-101.png?w=1024 1024w, https:\/\/realidadesqroo.files.wordpress.com\/2022\/07\/image-101.png?w=150 150w, https:\/\/realidadesqroo.files.wordpress.com\/2022\/07\/image-101.png?w=300 300w, https:\/\/realidadesqroo.files.wordpress.com\/2022\/07\/image-101.png?w=768 768w, https:\/\/realidadesqroo.files.wordpress.com\/2022\/07\/image-101.png 1200w\" alt=\"\" data-attachment-id=\"45717\" data-permalink=\"https:\/\/realidadesquintanaroo.org\/2022\/07\/28\/amlo-le-mete-un-cerco-a-poncho-romo-y-lo-acusa-de-tener-negocios-detras-de-los-amparos-al-tren-maya\/image-101-7\/\" data-orig-file=\"https:\/\/realidadesqroo.files.wordpress.com\/2022\/07\/image-101.png\" data-orig-size=\"1200,834\" data-comments-opened=\"1\" data-image-meta=\"{&quot;aperture&quot;:&quot;0&quot;,&quot;credit&quot;:&quot;&quot;,&quot;camera&quot;:&quot;&quot;,&quot;caption&quot;:&quot;&quot;,&quot;created_timestamp&quot;:&quot;0&quot;,&quot;copyright&quot;:&quot;&quot;,&quot;focal_length&quot;:&quot;0&quot;,&quot;iso&quot;:&quot;0&quot;,&quot;shutter_speed&quot;:&quot;0&quot;,&quot;title&quot;:&quot;&quot;,&quot;orientation&quot;:&quot;0&quot;}\" data-image-title=\"image-101\" data-image-description=\"\" data-image-caption=\"\" data-medium-file=\"https:\/\/realidadesqroo.files.wordpress.com\/2022\/07\/image-101.png?w=300\" data-large-file=\"https:\/\/realidadesqroo.files.wordpress.com\/2022\/07\/image-101.png?w=720\" \/><\/figure>\n<p>En febrero de este a\u00f1o, cuando el Gobierno atravesaba la crisis de la\u00a0<em>Casa Gris\u00a0<\/em>de Houston Romo intent\u00f3 ofrecer consejo al presidente pero esto fue rechazado.<\/p>\n<p>Fuente:\u00a0<a href=\"https:\/\/www.lapoliticaonline.com\/mexico\/politica-mx\/lopez-obrador-ahora-apunta-a-poncho-romo-por-los-amparos-que-complican-al-tren-maya\/?fbclid=IwAR3cmvep-6Zcg_Ac5n03dPtYeuxb5XTceO5zSmNs3gN0wJ3IJr8f4pRslj8\">lapoliticaonline.com<\/a><\/p>\n","protected":false},"excerpt":{"rendered":"<p>Realidades.- Malestar ante los amparos y rumores de negocios en la Pen\u00ednsula. Un reemplazo oportuno&#8230;.<\/p>\n","protected":false},"author":2,"featured_media":6367,"comment_status":"open","ping_status":"closed","sticky":false,"template":"","format":"standard","meta":{"footnotes":""},"categories":[25,20],"tags":[2340,84,2341,2342,2343,2344,2345,2346,2347,2348],"class_list":["post-6366","post","type-post","status-publish","format-standard","has-post-thumbnail","hentry","category-4t","category-nacionales","tag-alfonso-omo","tag-amlo","tag-financia","tag-informacion-privilegiada","tag-negocios-acuferos","tag-negocios-particulares","tag-oficina-de-la-presidencia","tag-seudo-ecologistas","tag-tranzas","tag-tren-rivera-maya"],"yoast_head":"<!-- This site is optimized with the Yoast SEO plugin v27.5 - https:\/\/yoast.com\/product\/yoast-seo-wordpress\/ -->\n<title>AMLO le mete un cerco a Poncho Romo y lo acusa de tener negocios detr\u00e1s de los amparos al Tren Maya - NOTICIAS DE LA 4T<\/title>\n<meta name=\"robots\" content=\"noindex, follow, max-snippet:-1, max-image-preview:large, max-video-preview:-1\" \/>\n<meta property=\"og:locale\" content=\"es_MX\" \/>\n<meta property=\"og:type\" content=\"article\" \/>\n<meta property=\"og:title\" content=\"AMLO le mete un cerco a Poncho Romo y lo acusa de tener negocios detr\u00e1s de los amparos al Tren Maya - NOTICIAS DE LA 4T\" \/>\n<meta property=\"og:description\" content=\"Realidades.- Malestar ante los amparos y rumores de negocios en la Pen\u00ednsula. Un reemplazo oportuno....\" \/>\n<meta property=\"og:url\" content=\"https:\/\/redamlo.com\/index.php\/2022\/07\/28\/amlo-le-mete-un-cerco-a-poncho-romo-y-lo-acusa-de-tener-negocios-detras-de-los-amparos-al-tren-maya\/\" \/>\n<meta property=\"og:site_name\" content=\"NOTICIAS DE LA 4T\" \/>\n<meta property=\"article:published_time\" content=\"2022-07-28T18:13:21+00:00\" \/>\n<meta property=\"og:image\" content=\"https:\/\/redamlo.com\/wp-content\/uploads\/2022\/07\/454-6.png\" \/>\n\t<meta property=\"og:image:width\" content=\"600\" \/>\n\t<meta property=\"og:image:height\" content=\"300\" \/>\n\t<meta property=\"og:image:type\" content=\"image\/png\" \/>\n<meta name=\"author\" content=\"Blanca\" \/>\n<meta name=\"twitter:card\" content=\"summary_large_image\" \/>\n<meta name=\"twitter:label1\" content=\"Escrito por\" \/>\n\t<meta name=\"twitter:data1\" content=\"Blanca\" \/>\n\t<meta name=\"twitter:label2\" content=\"Tiempo de lectura\" \/>\n\t<meta name=\"twitter:data2\" content=\"2 minutos\" \/>\n<script type=\"application\/ld+json\" class=\"yoast-schema-graph\">{\"@context\":\"https:\\\/\\\/schema.org\",\"@graph\":[{\"@type\":\"Article\",\"@id\":\"https:\\\/\\\/redamlo.com\\\/index.php\\\/2022\\\/07\\\/28\\\/amlo-le-mete-un-cerco-a-poncho-romo-y-lo-acusa-de-tener-negocios-detras-de-los-amparos-al-tren-maya\\\/#article\",\"isPartOf\":{\"@id\":\"https:\\\/\\\/redamlo.com\\\/index.php\\\/2022\\\/07\\\/28\\\/amlo-le-mete-un-cerco-a-poncho-romo-y-lo-acusa-de-tener-negocios-detras-de-los-amparos-al-tren-maya\\\/\"},\"author\":{\"name\":\"Blanca\",\"@id\":\"https:\\\/\\\/redamlo.com\\\/#\\\/schema\\\/person\\\/7223a4375eb8f1a782fcae010a7115cf\"},\"headline\":\"AMLO le mete un cerco a Poncho Romo y lo acusa de tener negocios detr\u00e1s de los amparos al Tren Maya\",\"datePublished\":\"2022-07-28T18:13:21+00:00\",\"mainEntityOfPage\":{\"@id\":\"https:\\\/\\\/redamlo.com\\\/index.php\\\/2022\\\/07\\\/28\\\/amlo-le-mete-un-cerco-a-poncho-romo-y-lo-acusa-de-tener-negocios-detras-de-los-amparos-al-tren-maya\\\/\"},\"wordCount\":365,\"commentCount\":0,\"publisher\":{\"@id\":\"https:\\\/\\\/redamlo.com\\\/#organization\"},\"image\":{\"@id\":\"https:\\\/\\\/redamlo.com\\\/index.php\\\/2022\\\/07\\\/28\\\/amlo-le-mete-un-cerco-a-poncho-romo-y-lo-acusa-de-tener-negocios-detras-de-los-amparos-al-tren-maya\\\/#primaryimage\"},\"thumbnailUrl\":\"https:\\\/\\\/redamlo.com\\\/wp-content\\\/uploads\\\/2022\\\/07\\\/454-6.png\",\"keywords\":[\"Alfonso omo\",\"AMLO\",\"Financia\",\"Informaci\u00f3n Privilegiada\",\"Negocios Acuferos\",\"Negocios Particulares\",\"Oficina de la presidencia\",\"Seudo Ecologistas\",\"Tranzas\",\"Tren Rivera Maya\"],\"articleSection\":[\"4T\",\"Nacionales\"],\"inLanguage\":\"es\",\"potentialAction\":[{\"@type\":\"CommentAction\",\"name\":\"Comment\",\"target\":[\"https:\\\/\\\/redamlo.com\\\/index.php\\\/2022\\\/07\\\/28\\\/amlo-le-mete-un-cerco-a-poncho-romo-y-lo-acusa-de-tener-negocios-detras-de-los-amparos-al-tren-maya\\\/#respond\"]}]},{\"@type\":\"WebPage\",\"@id\":\"https:\\\/\\\/redamlo.com\\\/index.php\\\/2022\\\/07\\\/28\\\/amlo-le-mete-un-cerco-a-poncho-romo-y-lo-acusa-de-tener-negocios-detras-de-los-amparos-al-tren-maya\\\/\",\"url\":\"https:\\\/\\\/redamlo.com\\\/index.php\\\/2022\\\/07\\\/28\\\/amlo-le-mete-un-cerco-a-poncho-romo-y-lo-acusa-de-tener-negocios-detras-de-los-amparos-al-tren-maya\\\/\",\"name\":\"AMLO le mete un cerco a Poncho Romo y lo acusa de tener negocios detr\u00e1s de los amparos al Tren Maya - NOTICIAS DE LA 4T\",\"isPartOf\":{\"@id\":\"https:\\\/\\\/redamlo.com\\\/#website\"},\"primaryImageOfPage\":{\"@id\":\"https:\\\/\\\/redamlo.com\\\/index.php\\\/2022\\\/07\\\/28\\\/amlo-le-mete-un-cerco-a-poncho-romo-y-lo-acusa-de-tener-negocios-detras-de-los-amparos-al-tren-maya\\\/#primaryimage\"},\"image\":{\"@id\":\"https:\\\/\\\/redamlo.com\\\/index.php\\\/2022\\\/07\\\/28\\\/amlo-le-mete-un-cerco-a-poncho-romo-y-lo-acusa-de-tener-negocios-detras-de-los-amparos-al-tren-maya\\\/#primaryimage\"},\"thumbnailUrl\":\"https:\\\/\\\/redamlo.com\\\/wp-content\\\/uploads\\\/2022\\\/07\\\/454-6.png\",\"datePublished\":\"2022-07-28T18:13:21+00:00\",\"breadcrumb\":{\"@id\":\"https:\\\/\\\/redamlo.com\\\/index.php\\\/2022\\\/07\\\/28\\\/amlo-le-mete-un-cerco-a-poncho-romo-y-lo-acusa-de-tener-negocios-detras-de-los-amparos-al-tren-maya\\\/#breadcrumb\"},\"inLanguage\":\"es\",\"potentialAction\":[{\"@type\":\"ReadAction\",\"target\":[\"https:\\\/\\\/redamlo.com\\\/index.php\\\/2022\\\/07\\\/28\\\/amlo-le-mete-un-cerco-a-poncho-romo-y-lo-acusa-de-tener-negocios-detras-de-los-amparos-al-tren-maya\\\/\"]}]},{\"@type\":\"ImageObject\",\"inLanguage\":\"es\",\"@id\":\"https:\\\/\\\/redamlo.com\\\/index.php\\\/2022\\\/07\\\/28\\\/amlo-le-mete-un-cerco-a-poncho-romo-y-lo-acusa-de-tener-negocios-detras-de-los-amparos-al-tren-maya\\\/#primaryimage\",\"url\":\"https:\\\/\\\/redamlo.com\\\/wp-content\\\/uploads\\\/2022\\\/07\\\/454-6.png\",\"contentUrl\":\"https:\\\/\\\/redamlo.com\\\/wp-content\\\/uploads\\\/2022\\\/07\\\/454-6.png\",\"width\":600,\"height\":300},{\"@type\":\"BreadcrumbList\",\"@id\":\"https:\\\/\\\/redamlo.com\\\/index.php\\\/2022\\\/07\\\/28\\\/amlo-le-mete-un-cerco-a-poncho-romo-y-lo-acusa-de-tener-negocios-detras-de-los-amparos-al-tren-maya\\\/#breadcrumb\",\"itemListElement\":[{\"@type\":\"ListItem\",\"position\":1,\"name\":\"Inicio\",\"item\":\"https:\\\/\\\/redamlo.com\\\/\"},{\"@type\":\"ListItem\",\"position\":2,\"name\":\"AMLO le mete un cerco a Poncho Romo y lo acusa de tener negocios detr\u00e1s de los amparos al Tren Maya\"}]},{\"@type\":\"WebSite\",\"@id\":\"https:\\\/\\\/redamlo.com\\\/#website\",\"url\":\"https:\\\/\\\/redamlo.com\\\/\",\"name\":\"NOTICIAS DE LA 4T\",\"description\":\"\",\"publisher\":{\"@id\":\"https:\\\/\\\/redamlo.com\\\/#organization\"},\"potentialAction\":[{\"@type\":\"SearchAction\",\"target\":{\"@type\":\"EntryPoint\",\"urlTemplate\":\"https:\\\/\\\/redamlo.com\\\/?s={search_term_string}\"},\"query-input\":{\"@type\":\"PropertyValueSpecification\",\"valueRequired\":true,\"valueName\":\"search_term_string\"}}],\"inLanguage\":\"es\"},{\"@type\":\"Organization\",\"@id\":\"https:\\\/\\\/redamlo.com\\\/#organization\",\"name\":\"NOTICIAS DE LA 4T\",\"url\":\"https:\\\/\\\/redamlo.com\\\/\",\"logo\":{\"@type\":\"ImageObject\",\"inLanguage\":\"es\",\"@id\":\"https:\\\/\\\/redamlo.com\\\/#\\\/schema\\\/logo\\\/image\\\/\",\"url\":\"https:\\\/\\\/redamlo.com\\\/wp-content\\\/uploads\\\/2024\\\/08\\\/cropped-RED-AMLO-logo-50.png\",\"contentUrl\":\"https:\\\/\\\/redamlo.com\\\/wp-content\\\/uploads\\\/2024\\\/08\\\/cropped-RED-AMLO-logo-50.png\",\"width\":256,\"height\":256,\"caption\":\"NOTICIAS DE LA 4T\"},\"image\":{\"@id\":\"https:\\\/\\\/redamlo.com\\\/#\\\/schema\\\/logo\\\/image\\\/\"}},{\"@type\":\"Person\",\"@id\":\"https:\\\/\\\/redamlo.com\\\/#\\\/schema\\\/person\\\/7223a4375eb8f1a782fcae010a7115cf\",\"name\":\"Blanca\",\"image\":{\"@type\":\"ImageObject\",\"inLanguage\":\"es\",\"@id\":\"https:\\\/\\\/secure.gravatar.com\\\/avatar\\\/3f79bc8336367a4e6093eae8757acaaf61d1124834b905616de7829b0273426d?s=96&d=mm&r=g\",\"url\":\"https:\\\/\\\/secure.gravatar.com\\\/avatar\\\/3f79bc8336367a4e6093eae8757acaaf61d1124834b905616de7829b0273426d?s=96&d=mm&r=g\",\"contentUrl\":\"https:\\\/\\\/secure.gravatar.com\\\/avatar\\\/3f79bc8336367a4e6093eae8757acaaf61d1124834b905616de7829b0273426d?s=96&d=mm&r=g\",\"caption\":\"Blanca\"},\"url\":\"https:\\\/\\\/redamlo.com\\\/index.php\\\/author\\\/blanca\\\/\"}]}<\/script>\n<!-- \/ Yoast SEO plugin. -->","yoast_head_json":{"title":"AMLO le mete un cerco a Poncho Romo y lo acusa de tener negocios detr\u00e1s de los amparos al Tren Maya - NOTICIAS DE LA 4T","robots":{"index":"noindex","follow":"follow","max-snippet":"max-snippet:-1","max-image-preview":"max-image-preview:large","max-video-preview":"max-video-preview:-1"},"og_locale":"es_MX","og_type":"article","og_title":"AMLO le mete un cerco a Poncho Romo y lo acusa de tener negocios detr\u00e1s de los amparos al Tren Maya - NOTICIAS DE LA 4T","og_description":"Realidades.- Malestar ante los amparos y rumores de negocios en la Pen\u00ednsula. Un reemplazo oportuno....","og_url":"https:\/\/redamlo.com\/index.php\/2022\/07\/28\/amlo-le-mete-un-cerco-a-poncho-romo-y-lo-acusa-de-tener-negocios-detras-de-los-amparos-al-tren-maya\/","og_site_name":"NOTICIAS DE LA 4T","article_published_time":"2022-07-28T18:13:21+00:00","og_image":[{"width":600,"height":300,"url":"https:\/\/redamlo.com\/wp-content\/uploads\/2022\/07\/454-6.png","type":"image\/png"}],"author":"Blanca","twitter_card":"summary_large_image","twitter_misc":{"Escrito por":"Blanca","Tiempo de lectura":"2 minutos"},"schema":{"@context":"https:\/\/schema.org","@graph":[{"@type":"Article","@id":"https:\/\/redamlo.com\/index.php\/2022\/07\/28\/amlo-le-mete-un-cerco-a-poncho-romo-y-lo-acusa-de-tener-negocios-detras-de-los-amparos-al-tren-maya\/#article","isPartOf":{"@id":"https:\/\/redamlo.com\/index.php\/2022\/07\/28\/amlo-le-mete-un-cerco-a-poncho-romo-y-lo-acusa-de-tener-negocios-detras-de-los-amparos-al-tren-maya\/"},"author":{"name":"Blanca","@id":"https:\/\/redamlo.com\/#\/schema\/person\/7223a4375eb8f1a782fcae010a7115cf"},"headline":"AMLO le mete un cerco a Poncho Romo y lo acusa de tener negocios detr\u00e1s de los amparos al Tren Maya","datePublished":"2022-07-28T18:13:21+00:00","mainEntityOfPage":{"@id":"https:\/\/redamlo.com\/index.php\/2022\/07\/28\/amlo-le-mete-un-cerco-a-poncho-romo-y-lo-acusa-de-tener-negocios-detras-de-los-amparos-al-tren-maya\/"},"wordCount":365,"commentCount":0,"publisher":{"@id":"https:\/\/redamlo.com\/#organization"},"image":{"@id":"https:\/\/redamlo.com\/index.php\/2022\/07\/28\/amlo-le-mete-un-cerco-a-poncho-romo-y-lo-acusa-de-tener-negocios-detras-de-los-amparos-al-tren-maya\/#primaryimage"},"thumbnailUrl":"https:\/\/redamlo.com\/wp-content\/uploads\/2022\/07\/454-6.png","keywords":["Alfonso omo","AMLO","Financia","Informaci\u00f3n Privilegiada","Negocios Acuferos","Negocios Particulares","Oficina de la presidencia","Seudo Ecologistas","Tranzas","Tren Rivera Maya"],"articleSection":["4T","Nacionales"],"inLanguage":"es","potentialAction":[{"@type":"CommentAction","name":"Comment","target":["https:\/\/redamlo.com\/index.php\/2022\/07\/28\/amlo-le-mete-un-cerco-a-poncho-romo-y-lo-acusa-de-tener-negocios-detras-de-los-amparos-al-tren-maya\/#respond"]}]},{"@type":"WebPage","@id":"https:\/\/redamlo.com\/index.php\/2022\/07\/28\/amlo-le-mete-un-cerco-a-poncho-romo-y-lo-acusa-de-tener-negocios-detras-de-los-amparos-al-tren-maya\/","url":"https:\/\/redamlo.com\/index.php\/2022\/07\/28\/amlo-le-mete-un-cerco-a-poncho-romo-y-lo-acusa-de-tener-negocios-detras-de-los-amparos-al-tren-maya\/","name":"AMLO le mete un cerco a Poncho Romo y lo acusa de tener negocios detr\u00e1s de los amparos al Tren Maya - NOTICIAS DE LA 4T","isPartOf":{"@id":"https:\/\/redamlo.com\/#website"},"primaryImageOfPage":{"@id":"https:\/\/redamlo.com\/index.php\/2022\/07\/28\/amlo-le-mete-un-cerco-a-poncho-romo-y-lo-acusa-de-tener-negocios-detras-de-los-amparos-al-tren-maya\/#primaryimage"},"image":{"@id":"https:\/\/redamlo.com\/index.php\/2022\/07\/28\/amlo-le-mete-un-cerco-a-poncho-romo-y-lo-acusa-de-tener-negocios-detras-de-los-amparos-al-tren-maya\/#primaryimage"},"thumbnailUrl":"https:\/\/redamlo.com\/wp-content\/uploads\/2022\/07\/454-6.png","datePublished":"2022-07-28T18:13:21+00:00","breadcrumb":{"@id":"https:\/\/redamlo.com\/index.php\/2022\/07\/28\/amlo-le-mete-un-cerco-a-poncho-romo-y-lo-acusa-de-tener-negocios-detras-de-los-amparos-al-tren-maya\/#breadcrumb"},"inLanguage":"es","potentialAction":[{"@type":"ReadAction","target":["https:\/\/redamlo.com\/index.php\/2022\/07\/28\/amlo-le-mete-un-cerco-a-poncho-romo-y-lo-acusa-de-tener-negocios-detras-de-los-amparos-al-tren-maya\/"]}]},{"@type":"ImageObject","inLanguage":"es","@id":"https:\/\/redamlo.com\/index.php\/2022\/07\/28\/amlo-le-mete-un-cerco-a-poncho-romo-y-lo-acusa-de-tener-negocios-detras-de-los-amparos-al-tren-maya\/#primaryimage","url":"https:\/\/redamlo.com\/wp-content\/uploads\/2022\/07\/454-6.png","contentUrl":"https:\/\/redamlo.com\/wp-content\/uploads\/2022\/07\/454-6.png","width":600,"height":300},{"@type":"BreadcrumbList","@id":"https:\/\/redamlo.com\/index.php\/2022\/07\/28\/amlo-le-mete-un-cerco-a-poncho-romo-y-lo-acusa-de-tener-negocios-detras-de-los-amparos-al-tren-maya\/#breadcrumb","itemListElement":[{"@type":"ListItem","position":1,"name":"Inicio","item":"https:\/\/redamlo.com\/"},{"@type":"ListItem","position":2,"name":"AMLO le mete un cerco a Poncho Romo y lo acusa de tener negocios detr\u00e1s de los amparos al Tren Maya"}]},{"@type":"WebSite","@id":"https:\/\/redamlo.com\/#website","url":"https:\/\/redamlo.com\/","name":"NOTICIAS DE LA 4T","description":"","publisher":{"@id":"https:\/\/redamlo.com\/#organization"},"potentialAction":[{"@type":"SearchAction","target":{"@type":"EntryPoint","urlTemplate":"https:\/\/redamlo.com\/?s={search_term_string}"},"query-input":{"@type":"PropertyValueSpecification","valueRequired":true,"valueName":"search_term_string"}}],"inLanguage":"es"},{"@type":"Organization","@id":"https:\/\/redamlo.com\/#organization","name":"NOTICIAS DE LA 4T","url":"https:\/\/redamlo.com\/","logo":{"@type":"ImageObject","inLanguage":"es","@id":"https:\/\/redamlo.com\/#\/schema\/logo\/image\/","url":"https:\/\/redamlo.com\/wp-content\/uploads\/2024\/08\/cropped-RED-AMLO-logo-50.png","contentUrl":"https:\/\/redamlo.com\/wp-content\/uploads\/2024\/08\/cropped-RED-AMLO-logo-50.png","width":256,"height":256,"caption":"NOTICIAS DE LA 4T"},"image":{"@id":"https:\/\/redamlo.com\/#\/schema\/logo\/image\/"}},{"@type":"Person","@id":"https:\/\/redamlo.com\/#\/schema\/person\/7223a4375eb8f1a782fcae010a7115cf","name":"Blanca","image":{"@type":"ImageObject","inLanguage":"es","@id":"https:\/\/secure.gravatar.com\/avatar\/3f79bc8336367a4e6093eae8757acaaf61d1124834b905616de7829b0273426d?s=96&d=mm&r=g","url":"https:\/\/secure.gravatar.com\/avatar\/3f79bc8336367a4e6093eae8757acaaf61d1124834b905616de7829b0273426d?s=96&d=mm&r=g","contentUrl":"https:\/\/secure.gravatar.com\/avatar\/3f79bc8336367a4e6093eae8757acaaf61d1124834b905616de7829b0273426d?s=96&d=mm&r=g","caption":"Blanca"},"url":"https:\/\/redamlo.com\/index.php\/author\/blanca\/"}]}},"_links":{"self":[{"href":"https:\/\/redamlo.com\/index.php\/wp-json\/wp\/v2\/posts\/6366","targetHints":{"allow":["GET"]}}],"collection":[{"href":"https:\/\/redamlo.com\/index.php\/wp-json\/wp\/v2\/posts"}],"about":[{"href":"https:\/\/redamlo.com\/index.php\/wp-json\/wp\/v2\/types\/post"}],"author":[{"embeddable":true,"href":"https:\/\/redamlo.com\/index.php\/wp-json\/wp\/v2\/users\/2"}],"replies":[{"embeddable":true,"href":"https:\/\/redamlo.com\/index.php\/wp-json\/wp\/v2\/comments?post=6366"}],"version-history":[{"count":0,"href":"https:\/\/redamlo.com\/index.php\/wp-json\/wp\/v2\/posts\/6366\/revisions"}],"wp:featuredmedia":[{"embeddable":true,"href":"https:\/\/redamlo.com\/index.php\/wp-json\/wp\/v2\/media\/6367"}],"wp:attachment":[{"href":"https:\/\/redamlo.com\/index.php\/wp-json\/wp\/v2\/media?parent=6366"}],"wp:term":[{"taxonomy":"category","embeddable":true,"href":"https:\/\/redamlo.com\/index.php\/wp-json\/wp\/v2\/categories?post=6366"},{"taxonomy":"post_tag","embeddable":true,"href":"https:\/\/redamlo.com\/index.php\/wp-json\/wp\/v2\/tags?post=6366"}],"curies":[{"name":"wp","href":"https:\/\/api.w.org\/{rel}","templated":true}]}}