{"id":6361,"date":"2022-07-27T19:45:31","date_gmt":"2022-07-28T00:45:31","guid":{"rendered":"https:\/\/redamlo.com\/?p=6361"},"modified":"2022-07-27T19:45:31","modified_gmt":"2022-07-28T00:45:31","slug":"morena-instalara-10-centros-de-votacion-este-sabado-para-eleccion-de-consejeros-y-piden-denunciar-compra-de-votos","status":"publish","type":"post","link":"https:\/\/redamlo.com\/index.php\/2022\/07\/27\/morena-instalara-10-centros-de-votacion-este-sabado-para-eleccion-de-consejeros-y-piden-denunciar-compra-de-votos\/","title":{"rendered":"MORENA instalar\u00e1 10 centros de votaci\u00f3n este s\u00e1bado para elecci\u00f3n de consejeros, y piden denunciar compra de votos"},"content":{"rendered":"\n\n<strong>Realidades.- Es para la elecci\u00f3n de los 40 consejeros y congresistas estatales y nacionales, que luego elegir\u00e1n al Comit\u00e9 Directivo Estatal.<\/strong>\n\n \n<h4 class=\"wp-block-heading\">Se realizar\u00e1 el s\u00e1bado 30 de julio.<\/h4>\n \n<h4 class=\"wp-block-heading\">Se repartir\u00e1n 229 mil boletas.<\/h4>\n \n<h5 class=\"wp-block-heading\">En conferencia de prensa, el delegado con funciones de presidente estatal de Morena, Humberto Aldana Navarro, inform\u00f3 que el pr\u00f3ximo s\u00e1bado 30 de julio se instalaran 10 puntos de votaci\u00f3n en Quintana Roo, para la elecci\u00f3n de consejeros y congresistas nacionales y estatales del partido, que es el primer paso para la renovaci\u00f3n de la dirigencia.<\/h5>\n \n<h5 class=\"wp-block-heading\">En el distrito 1 se tendr\u00e1n tres ubicaciones, una en Solidaridad, otra en Cozumel y una m\u00e1s en Isla Mujeres; en el distrito 2 en Oth\u00f3n P. Blanco (Chetumal), uno en Jos\u00e9 Mar\u00eda Morelos y uno en Felipe Carrillo Puerto.<\/h5>\n \n<h5 class=\"wp-block-heading\">En el distrito 3 dos ubicaciones en Benito Ju\u00e1rez (Canc\u00fan), y en el distrito 4 dos ubicaciones\u00a0\u00a0en Benito Ju\u00e1rez (Canc\u00fan).<\/h5>\n \n\n.\n\n \n<h5 class=\"wp-block-heading\"><em><strong>\u201cLos votantes recibir\u00e1n dos boletas, una para votar por una mujer y otra para votar por un hombre de la lista de 400 aspirantes, Quintana Roo tendr\u00e1 229 mil boletas\u201d, dijo Aldana.\u00a0<\/strong><\/em><\/h5>\n \n<h5 class=\"wp-block-heading\"><em><strong>\u201cSe estar\u00e1 atento de las mesas receptoras, de los votos y que las listas de los aspirantes est\u00e9n visibles en cada uno de los distritos federales donde se votar\u00e1 por 5 mujeres y 5 hombres. En lo que respecta en Quintana Roo, se elegir\u00e1n 40 consejeros, 10 por cada uno de los 4 distritos federales del estado\u201d, agreg\u00f3.\u00a0<\/strong><\/em><\/h5>\n \n\n.\n\n \n<h5 class=\"wp-block-heading\">Y pidi\u00f3 que se cuide la elecci\u00f3n.<\/h5>\n \n\n.\n\n \n<h5 class=\"wp-block-heading\"><em><strong>\u201cEste ejercicio hist\u00f3rico se debe llevar a cabo de una manera ejemplar, con lealtad y respeto al proceso, que no traten de intervenir en la elecci\u00f3n y dejen que el pueblo decida, mientras m\u00e1s participaci\u00f3n m\u00e1s fortaleceremos nuestro movimiento\u201d, dijo.<\/strong><\/em><\/h5>\n \n<h5 class=\"wp-block-heading\"><em><strong>\u201cSi ven alguna pr\u00e1ctica que va en contra de los estatutos de Morena denuncien y si alg\u00fan candidato les quiere comprar su voto, bajo protesta de decir verdad tambi\u00e9n deben denunciar\u201d, dijo.\u00a0 \u00a0<\/strong><\/em><\/h5>\n \n<figure class=\"wp-block-image size-large\"><img decoding=\"async\" class=\"wp-image-45676\" src=\"https:\/\/realidadesqroo.files.wordpress.com\/2022\/07\/image-94.png?w=1024\" alt=\"\" \/><\/figure>\n \n<h5 class=\"wp-block-heading\">La Comisi\u00f3n Nacional de Elecciones tendr\u00e1 presencia permanente en cada sede del pa\u00eds, ademas se contar\u00e1 con un notario p\u00fablico para dar fe de lo que se lleve a cabo en cada casilla o mesa receptora, si alg\u00fan militante o simpatizante ve alguna irregularidad es importante tomar fotos o grabar para poder denunciar acerca de las malas pr\u00e1cticas durante la elecci\u00f3n, explic\u00f3 el dirigente.<\/h5>\n \n<h5 class=\"wp-block-heading\">Destac\u00f3 que los resultados de los aspirantes se pueden consultar en la p\u00e1gina oficial morena.si\u00a0\u00a0y son el resultado de la evaluaci\u00f3n de parte de la Comisi\u00f3n Nacional de Honestidad y Justicia y del Comit\u00e9 Nacional de Elecciones, el requisito mas relevante es que los candidatos y candidatas comprueben su trabajo dentro de Morena y la cuarta transformaci\u00f3n.<\/h5>\n \n<h5 class=\"wp-block-heading\">Humberto Aldana record\u00f3 que el pr\u00f3ximo\u00a0\u00a06 de agosto se elegir\u00e1 al presidente del consejo estatal como a los miembros del comit\u00e9 ejecutivo.<\/h5>\n \n<h5 class=\"wp-block-heading\">Asimismo se\u00f1al\u00f3 que la entrega a recepci\u00f3n de las dirigencias saliente y entrante ser\u00e1 el 15 de agosto. Posteriormente se llevar\u00e1 a cabo el congreso nacional 17 y 18 de septiembre, para la elecci\u00f3n del Consejo y Comit\u00e9 Ejecutivo Nacional.<\/h5>\n \n\nFuente: <a href=\"https:\/\/laopinionqr.com\/morena-instalara-10-centros-de-votacion-este-sabado-para-eleccion-de-consejeros-y-piden-denunciar-compra-de-votos\/?fbclid=IwAR0V6Rd5pppbbjl-ox5QorxzMSOBqtzKROw8YrADtA8Jv9xeY4w9jdUEc8Q\">laopinionqr.com<\/a>\n\n","protected":false},"excerpt":{"rendered":"<p>Realidades.- Es para la elecci\u00f3n de los 40 consejeros y congresistas estatales y nacionales, que&#8230;<\/p>\n","protected":false},"author":2,"featured_media":6362,"comment_status":"open","ping_status":"closed","sticky":false,"template":"","format":"standard","meta":{"footnotes":""},"categories":[25],"tags":[2333,2334,2335,2336,2337,2338,2339],"class_list":["post-6361","post","type-post","status-publish","format-standard","has-post-thumbnail","hentry","category-4t","tag-40-consejeros","tag-centros","tag-compra-de-voto","tag-compra-de-votos","tag-denunciar","tag-moren","tag-votacion"],"yoast_head":"<!-- This site is optimized with the Yoast SEO plugin v27.5 - https:\/\/yoast.com\/product\/yoast-seo-wordpress\/ -->\n<title>MORENA instalar\u00e1 10 centros de votaci\u00f3n este s\u00e1bado para elecci\u00f3n de consejeros, y piden denunciar compra de votos - NOTICIAS DE LA 4T<\/title>\n<meta name=\"robots\" content=\"noindex, follow, max-snippet:-1, max-image-preview:large, max-video-preview:-1\" \/>\n<meta property=\"og:locale\" content=\"es_MX\" \/>\n<meta property=\"og:type\" content=\"article\" \/>\n<meta property=\"og:title\" content=\"MORENA instalar\u00e1 10 centros de votaci\u00f3n este s\u00e1bado para elecci\u00f3n de consejeros, y piden denunciar compra de votos - NOTICIAS DE LA 4T\" \/>\n<meta property=\"og:description\" content=\"Realidades.- Es para la elecci\u00f3n de los 40 consejeros y congresistas estatales y nacionales, que...\" \/>\n<meta property=\"og:url\" content=\"https:\/\/redamlo.com\/index.php\/2022\/07\/27\/morena-instalara-10-centros-de-votacion-este-sabado-para-eleccion-de-consejeros-y-piden-denunciar-compra-de-votos\/\" \/>\n<meta property=\"og:site_name\" content=\"NOTICIAS DE LA 4T\" \/>\n<meta property=\"article:published_time\" content=\"2022-07-28T00:45:31+00:00\" \/>\n<meta property=\"og:image\" content=\"https:\/\/redamlo.com\/wp-content\/uploads\/2022\/07\/454-5.png\" \/>\n\t<meta property=\"og:image:width\" content=\"780\" \/>\n\t<meta property=\"og:image:height\" content=\"470\" \/>\n\t<meta property=\"og:image:type\" content=\"image\/png\" \/>\n<meta name=\"author\" content=\"Blanca\" \/>\n<meta name=\"twitter:card\" content=\"summary_large_image\" \/>\n<meta name=\"twitter:label1\" content=\"Escrito por\" \/>\n\t<meta name=\"twitter:data1\" content=\"Blanca\" \/>\n\t<meta name=\"twitter:label2\" content=\"Tiempo de lectura\" \/>\n\t<meta name=\"twitter:data2\" content=\"3 minutos\" \/>\n<script type=\"application\/ld+json\" class=\"yoast-schema-graph\">{\"@context\":\"https:\\\/\\\/schema.org\",\"@graph\":[{\"@type\":\"Article\",\"@id\":\"https:\\\/\\\/redamlo.com\\\/index.php\\\/2022\\\/07\\\/27\\\/morena-instalara-10-centros-de-votacion-este-sabado-para-eleccion-de-consejeros-y-piden-denunciar-compra-de-votos\\\/#article\",\"isPartOf\":{\"@id\":\"https:\\\/\\\/redamlo.com\\\/index.php\\\/2022\\\/07\\\/27\\\/morena-instalara-10-centros-de-votacion-este-sabado-para-eleccion-de-consejeros-y-piden-denunciar-compra-de-votos\\\/\"},\"author\":{\"name\":\"Blanca\",\"@id\":\"https:\\\/\\\/redamlo.com\\\/#\\\/schema\\\/person\\\/7223a4375eb8f1a782fcae010a7115cf\"},\"headline\":\"MORENA instalar\u00e1 10 centros de votaci\u00f3n este s\u00e1bado para elecci\u00f3n de consejeros, y piden denunciar compra de votos\",\"datePublished\":\"2022-07-28T00:45:31+00:00\",\"mainEntityOfPage\":{\"@id\":\"https:\\\/\\\/redamlo.com\\\/index.php\\\/2022\\\/07\\\/27\\\/morena-instalara-10-centros-de-votacion-este-sabado-para-eleccion-de-consejeros-y-piden-denunciar-compra-de-votos\\\/\"},\"wordCount\":552,\"commentCount\":0,\"publisher\":{\"@id\":\"https:\\\/\\\/redamlo.com\\\/#organization\"},\"image\":{\"@id\":\"https:\\\/\\\/redamlo.com\\\/index.php\\\/2022\\\/07\\\/27\\\/morena-instalara-10-centros-de-votacion-este-sabado-para-eleccion-de-consejeros-y-piden-denunciar-compra-de-votos\\\/#primaryimage\"},\"thumbnailUrl\":\"https:\\\/\\\/redamlo.com\\\/wp-content\\\/uploads\\\/2022\\\/07\\\/454-5.png\",\"keywords\":[\"40 consejeros\",\"Centros\",\"Compra de voto\",\"compra de votos\",\"Denunciar\",\"Moren\",\"Votaci\u00f3n\"],\"articleSection\":[\"4T\"],\"inLanguage\":\"es\",\"potentialAction\":[{\"@type\":\"CommentAction\",\"name\":\"Comment\",\"target\":[\"https:\\\/\\\/redamlo.com\\\/index.php\\\/2022\\\/07\\\/27\\\/morena-instalara-10-centros-de-votacion-este-sabado-para-eleccion-de-consejeros-y-piden-denunciar-compra-de-votos\\\/#respond\"]}]},{\"@type\":\"WebPage\",\"@id\":\"https:\\\/\\\/redamlo.com\\\/index.php\\\/2022\\\/07\\\/27\\\/morena-instalara-10-centros-de-votacion-este-sabado-para-eleccion-de-consejeros-y-piden-denunciar-compra-de-votos\\\/\",\"url\":\"https:\\\/\\\/redamlo.com\\\/index.php\\\/2022\\\/07\\\/27\\\/morena-instalara-10-centros-de-votacion-este-sabado-para-eleccion-de-consejeros-y-piden-denunciar-compra-de-votos\\\/\",\"name\":\"MORENA instalar\u00e1 10 centros de votaci\u00f3n este s\u00e1bado para elecci\u00f3n de consejeros, y piden denunciar compra de votos - NOTICIAS DE LA 4T\",\"isPartOf\":{\"@id\":\"https:\\\/\\\/redamlo.com\\\/#website\"},\"primaryImageOfPage\":{\"@id\":\"https:\\\/\\\/redamlo.com\\\/index.php\\\/2022\\\/07\\\/27\\\/morena-instalara-10-centros-de-votacion-este-sabado-para-eleccion-de-consejeros-y-piden-denunciar-compra-de-votos\\\/#primaryimage\"},\"image\":{\"@id\":\"https:\\\/\\\/redamlo.com\\\/index.php\\\/2022\\\/07\\\/27\\\/morena-instalara-10-centros-de-votacion-este-sabado-para-eleccion-de-consejeros-y-piden-denunciar-compra-de-votos\\\/#primaryimage\"},\"thumbnailUrl\":\"https:\\\/\\\/redamlo.com\\\/wp-content\\\/uploads\\\/2022\\\/07\\\/454-5.png\",\"datePublished\":\"2022-07-28T00:45:31+00:00\",\"breadcrumb\":{\"@id\":\"https:\\\/\\\/redamlo.com\\\/index.php\\\/2022\\\/07\\\/27\\\/morena-instalara-10-centros-de-votacion-este-sabado-para-eleccion-de-consejeros-y-piden-denunciar-compra-de-votos\\\/#breadcrumb\"},\"inLanguage\":\"es\",\"potentialAction\":[{\"@type\":\"ReadAction\",\"target\":[\"https:\\\/\\\/redamlo.com\\\/index.php\\\/2022\\\/07\\\/27\\\/morena-instalara-10-centros-de-votacion-este-sabado-para-eleccion-de-consejeros-y-piden-denunciar-compra-de-votos\\\/\"]}]},{\"@type\":\"ImageObject\",\"inLanguage\":\"es\",\"@id\":\"https:\\\/\\\/redamlo.com\\\/index.php\\\/2022\\\/07\\\/27\\\/morena-instalara-10-centros-de-votacion-este-sabado-para-eleccion-de-consejeros-y-piden-denunciar-compra-de-votos\\\/#primaryimage\",\"url\":\"https:\\\/\\\/redamlo.com\\\/wp-content\\\/uploads\\\/2022\\\/07\\\/454-5.png\",\"contentUrl\":\"https:\\\/\\\/redamlo.com\\\/wp-content\\\/uploads\\\/2022\\\/07\\\/454-5.png\",\"width\":780,\"height\":470},{\"@type\":\"BreadcrumbList\",\"@id\":\"https:\\\/\\\/redamlo.com\\\/index.php\\\/2022\\\/07\\\/27\\\/morena-instalara-10-centros-de-votacion-este-sabado-para-eleccion-de-consejeros-y-piden-denunciar-compra-de-votos\\\/#breadcrumb\",\"itemListElement\":[{\"@type\":\"ListItem\",\"position\":1,\"name\":\"Inicio\",\"item\":\"https:\\\/\\\/redamlo.com\\\/\"},{\"@type\":\"ListItem\",\"position\":2,\"name\":\"MORENA instalar\u00e1 10 centros de votaci\u00f3n este s\u00e1bado para elecci\u00f3n de consejeros, y piden denunciar compra de votos\"}]},{\"@type\":\"WebSite\",\"@id\":\"https:\\\/\\\/redamlo.com\\\/#website\",\"url\":\"https:\\\/\\\/redamlo.com\\\/\",\"name\":\"NOTICIAS DE LA 4T\",\"description\":\"\",\"publisher\":{\"@id\":\"https:\\\/\\\/redamlo.com\\\/#organization\"},\"potentialAction\":[{\"@type\":\"SearchAction\",\"target\":{\"@type\":\"EntryPoint\",\"urlTemplate\":\"https:\\\/\\\/redamlo.com\\\/?s={search_term_string}\"},\"query-input\":{\"@type\":\"PropertyValueSpecification\",\"valueRequired\":true,\"valueName\":\"search_term_string\"}}],\"inLanguage\":\"es\"},{\"@type\":\"Organization\",\"@id\":\"https:\\\/\\\/redamlo.com\\\/#organization\",\"name\":\"NOTICIAS DE LA 4T\",\"url\":\"https:\\\/\\\/redamlo.com\\\/\",\"logo\":{\"@type\":\"ImageObject\",\"inLanguage\":\"es\",\"@id\":\"https:\\\/\\\/redamlo.com\\\/#\\\/schema\\\/logo\\\/image\\\/\",\"url\":\"https:\\\/\\\/redamlo.com\\\/wp-content\\\/uploads\\\/2024\\\/08\\\/cropped-RED-AMLO-logo-50.png\",\"contentUrl\":\"https:\\\/\\\/redamlo.com\\\/wp-content\\\/uploads\\\/2024\\\/08\\\/cropped-RED-AMLO-logo-50.png\",\"width\":256,\"height\":256,\"caption\":\"NOTICIAS DE LA 4T\"},\"image\":{\"@id\":\"https:\\\/\\\/redamlo.com\\\/#\\\/schema\\\/logo\\\/image\\\/\"}},{\"@type\":\"Person\",\"@id\":\"https:\\\/\\\/redamlo.com\\\/#\\\/schema\\\/person\\\/7223a4375eb8f1a782fcae010a7115cf\",\"name\":\"Blanca\",\"image\":{\"@type\":\"ImageObject\",\"inLanguage\":\"es\",\"@id\":\"https:\\\/\\\/secure.gravatar.com\\\/avatar\\\/3f79bc8336367a4e6093eae8757acaaf61d1124834b905616de7829b0273426d?s=96&d=mm&r=g\",\"url\":\"https:\\\/\\\/secure.gravatar.com\\\/avatar\\\/3f79bc8336367a4e6093eae8757acaaf61d1124834b905616de7829b0273426d?s=96&d=mm&r=g\",\"contentUrl\":\"https:\\\/\\\/secure.gravatar.com\\\/avatar\\\/3f79bc8336367a4e6093eae8757acaaf61d1124834b905616de7829b0273426d?s=96&d=mm&r=g\",\"caption\":\"Blanca\"},\"url\":\"https:\\\/\\\/redamlo.com\\\/index.php\\\/author\\\/blanca\\\/\"}]}<\/script>\n<!-- \/ Yoast SEO plugin. -->","yoast_head_json":{"title":"MORENA instalar\u00e1 10 centros de votaci\u00f3n este s\u00e1bado para elecci\u00f3n de consejeros, y piden denunciar compra de votos - NOTICIAS DE LA 4T","robots":{"index":"noindex","follow":"follow","max-snippet":"max-snippet:-1","max-image-preview":"max-image-preview:large","max-video-preview":"max-video-preview:-1"},"og_locale":"es_MX","og_type":"article","og_title":"MORENA instalar\u00e1 10 centros de votaci\u00f3n este s\u00e1bado para elecci\u00f3n de consejeros, y piden denunciar compra de votos - NOTICIAS DE LA 4T","og_description":"Realidades.- Es para la elecci\u00f3n de los 40 consejeros y congresistas estatales y nacionales, que...","og_url":"https:\/\/redamlo.com\/index.php\/2022\/07\/27\/morena-instalara-10-centros-de-votacion-este-sabado-para-eleccion-de-consejeros-y-piden-denunciar-compra-de-votos\/","og_site_name":"NOTICIAS DE LA 4T","article_published_time":"2022-07-28T00:45:31+00:00","og_image":[{"width":780,"height":470,"url":"https:\/\/redamlo.com\/wp-content\/uploads\/2022\/07\/454-5.png","type":"image\/png"}],"author":"Blanca","twitter_card":"summary_large_image","twitter_misc":{"Escrito por":"Blanca","Tiempo de lectura":"3 minutos"},"schema":{"@context":"https:\/\/schema.org","@graph":[{"@type":"Article","@id":"https:\/\/redamlo.com\/index.php\/2022\/07\/27\/morena-instalara-10-centros-de-votacion-este-sabado-para-eleccion-de-consejeros-y-piden-denunciar-compra-de-votos\/#article","isPartOf":{"@id":"https:\/\/redamlo.com\/index.php\/2022\/07\/27\/morena-instalara-10-centros-de-votacion-este-sabado-para-eleccion-de-consejeros-y-piden-denunciar-compra-de-votos\/"},"author":{"name":"Blanca","@id":"https:\/\/redamlo.com\/#\/schema\/person\/7223a4375eb8f1a782fcae010a7115cf"},"headline":"MORENA instalar\u00e1 10 centros de votaci\u00f3n este s\u00e1bado para elecci\u00f3n de consejeros, y piden denunciar compra de votos","datePublished":"2022-07-28T00:45:31+00:00","mainEntityOfPage":{"@id":"https:\/\/redamlo.com\/index.php\/2022\/07\/27\/morena-instalara-10-centros-de-votacion-este-sabado-para-eleccion-de-consejeros-y-piden-denunciar-compra-de-votos\/"},"wordCount":552,"commentCount":0,"publisher":{"@id":"https:\/\/redamlo.com\/#organization"},"image":{"@id":"https:\/\/redamlo.com\/index.php\/2022\/07\/27\/morena-instalara-10-centros-de-votacion-este-sabado-para-eleccion-de-consejeros-y-piden-denunciar-compra-de-votos\/#primaryimage"},"thumbnailUrl":"https:\/\/redamlo.com\/wp-content\/uploads\/2022\/07\/454-5.png","keywords":["40 consejeros","Centros","Compra de voto","compra de votos","Denunciar","Moren","Votaci\u00f3n"],"articleSection":["4T"],"inLanguage":"es","potentialAction":[{"@type":"CommentAction","name":"Comment","target":["https:\/\/redamlo.com\/index.php\/2022\/07\/27\/morena-instalara-10-centros-de-votacion-este-sabado-para-eleccion-de-consejeros-y-piden-denunciar-compra-de-votos\/#respond"]}]},{"@type":"WebPage","@id":"https:\/\/redamlo.com\/index.php\/2022\/07\/27\/morena-instalara-10-centros-de-votacion-este-sabado-para-eleccion-de-consejeros-y-piden-denunciar-compra-de-votos\/","url":"https:\/\/redamlo.com\/index.php\/2022\/07\/27\/morena-instalara-10-centros-de-votacion-este-sabado-para-eleccion-de-consejeros-y-piden-denunciar-compra-de-votos\/","name":"MORENA instalar\u00e1 10 centros de votaci\u00f3n este s\u00e1bado para elecci\u00f3n de consejeros, y piden denunciar compra de votos - NOTICIAS DE LA 4T","isPartOf":{"@id":"https:\/\/redamlo.com\/#website"},"primaryImageOfPage":{"@id":"https:\/\/redamlo.com\/index.php\/2022\/07\/27\/morena-instalara-10-centros-de-votacion-este-sabado-para-eleccion-de-consejeros-y-piden-denunciar-compra-de-votos\/#primaryimage"},"image":{"@id":"https:\/\/redamlo.com\/index.php\/2022\/07\/27\/morena-instalara-10-centros-de-votacion-este-sabado-para-eleccion-de-consejeros-y-piden-denunciar-compra-de-votos\/#primaryimage"},"thumbnailUrl":"https:\/\/redamlo.com\/wp-content\/uploads\/2022\/07\/454-5.png","datePublished":"2022-07-28T00:45:31+00:00","breadcrumb":{"@id":"https:\/\/redamlo.com\/index.php\/2022\/07\/27\/morena-instalara-10-centros-de-votacion-este-sabado-para-eleccion-de-consejeros-y-piden-denunciar-compra-de-votos\/#breadcrumb"},"inLanguage":"es","potentialAction":[{"@type":"ReadAction","target":["https:\/\/redamlo.com\/index.php\/2022\/07\/27\/morena-instalara-10-centros-de-votacion-este-sabado-para-eleccion-de-consejeros-y-piden-denunciar-compra-de-votos\/"]}]},{"@type":"ImageObject","inLanguage":"es","@id":"https:\/\/redamlo.com\/index.php\/2022\/07\/27\/morena-instalara-10-centros-de-votacion-este-sabado-para-eleccion-de-consejeros-y-piden-denunciar-compra-de-votos\/#primaryimage","url":"https:\/\/redamlo.com\/wp-content\/uploads\/2022\/07\/454-5.png","contentUrl":"https:\/\/redamlo.com\/wp-content\/uploads\/2022\/07\/454-5.png","width":780,"height":470},{"@type":"BreadcrumbList","@id":"https:\/\/redamlo.com\/index.php\/2022\/07\/27\/morena-instalara-10-centros-de-votacion-este-sabado-para-eleccion-de-consejeros-y-piden-denunciar-compra-de-votos\/#breadcrumb","itemListElement":[{"@type":"ListItem","position":1,"name":"Inicio","item":"https:\/\/redamlo.com\/"},{"@type":"ListItem","position":2,"name":"MORENA instalar\u00e1 10 centros de votaci\u00f3n este s\u00e1bado para elecci\u00f3n de consejeros, y piden denunciar compra de votos"}]},{"@type":"WebSite","@id":"https:\/\/redamlo.com\/#website","url":"https:\/\/redamlo.com\/","name":"NOTICIAS DE LA 4T","description":"","publisher":{"@id":"https:\/\/redamlo.com\/#organization"},"potentialAction":[{"@type":"SearchAction","target":{"@type":"EntryPoint","urlTemplate":"https:\/\/redamlo.com\/?s={search_term_string}"},"query-input":{"@type":"PropertyValueSpecification","valueRequired":true,"valueName":"search_term_string"}}],"inLanguage":"es"},{"@type":"Organization","@id":"https:\/\/redamlo.com\/#organization","name":"NOTICIAS DE LA 4T","url":"https:\/\/redamlo.com\/","logo":{"@type":"ImageObject","inLanguage":"es","@id":"https:\/\/redamlo.com\/#\/schema\/logo\/image\/","url":"https:\/\/redamlo.com\/wp-content\/uploads\/2024\/08\/cropped-RED-AMLO-logo-50.png","contentUrl":"https:\/\/redamlo.com\/wp-content\/uploads\/2024\/08\/cropped-RED-AMLO-logo-50.png","width":256,"height":256,"caption":"NOTICIAS DE LA 4T"},"image":{"@id":"https:\/\/redamlo.com\/#\/schema\/logo\/image\/"}},{"@type":"Person","@id":"https:\/\/redamlo.com\/#\/schema\/person\/7223a4375eb8f1a782fcae010a7115cf","name":"Blanca","image":{"@type":"ImageObject","inLanguage":"es","@id":"https:\/\/secure.gravatar.com\/avatar\/3f79bc8336367a4e6093eae8757acaaf61d1124834b905616de7829b0273426d?s=96&d=mm&r=g","url":"https:\/\/secure.gravatar.com\/avatar\/3f79bc8336367a4e6093eae8757acaaf61d1124834b905616de7829b0273426d?s=96&d=mm&r=g","contentUrl":"https:\/\/secure.gravatar.com\/avatar\/3f79bc8336367a4e6093eae8757acaaf61d1124834b905616de7829b0273426d?s=96&d=mm&r=g","caption":"Blanca"},"url":"https:\/\/redamlo.com\/index.php\/author\/blanca\/"}]}},"_links":{"self":[{"href":"https:\/\/redamlo.com\/index.php\/wp-json\/wp\/v2\/posts\/6361","targetHints":{"allow":["GET"]}}],"collection":[{"href":"https:\/\/redamlo.com\/index.php\/wp-json\/wp\/v2\/posts"}],"about":[{"href":"https:\/\/redamlo.com\/index.php\/wp-json\/wp\/v2\/types\/post"}],"author":[{"embeddable":true,"href":"https:\/\/redamlo.com\/index.php\/wp-json\/wp\/v2\/users\/2"}],"replies":[{"embeddable":true,"href":"https:\/\/redamlo.com\/index.php\/wp-json\/wp\/v2\/comments?post=6361"}],"version-history":[{"count":0,"href":"https:\/\/redamlo.com\/index.php\/wp-json\/wp\/v2\/posts\/6361\/revisions"}],"wp:featuredmedia":[{"embeddable":true,"href":"https:\/\/redamlo.com\/index.php\/wp-json\/wp\/v2\/media\/6362"}],"wp:attachment":[{"href":"https:\/\/redamlo.com\/index.php\/wp-json\/wp\/v2\/media?parent=6361"}],"wp:term":[{"taxonomy":"category","embeddable":true,"href":"https:\/\/redamlo.com\/index.php\/wp-json\/wp\/v2\/categories?post=6361"},{"taxonomy":"post_tag","embeddable":true,"href":"https:\/\/redamlo.com\/index.php\/wp-json\/wp\/v2\/tags?post=6361"}],"curies":[{"name":"wp","href":"https:\/\/api.w.org\/{rel}","templated":true}]}}