{"id":6355,"date":"2022-07-25T20:30:57","date_gmt":"2022-07-26T01:30:57","guid":{"rendered":"https:\/\/redamlo.com\/?p=6355"},"modified":"2022-07-25T20:30:57","modified_gmt":"2022-07-26T01:30:57","slug":"esposa-de-assange-agradece-a-amlo-defensa-ante-biden","status":"publish","type":"post","link":"https:\/\/redamlo.com\/index.php\/2022\/07\/25\/esposa-de-assange-agradece-a-amlo-defensa-ante-biden\/","title":{"rendered":"Esposa de Assange agradece a AMLO defensa ante Biden"},"content":{"rendered":"\n\n<strong>Red AMLO.- Stella, esposa de Assange record\u00f3 que presi\u00f3n internacional logr\u00f3 liberaci\u00f3n de Mandela. \u00abEs tiempo de presionar a Biden para poner fin a esta locura\u00bb, dice<\/strong>\n\n \n\nPor medio de mensajes tanto en espa\u00f1ol como en ingl\u00e9s, Stelle, la esposa de Julian Assange agradeci\u00f3 al presidente AMLO l<strong>a defensa de la libertad del periodista ante el gobierno de Estados Unidos.<\/strong>\n\n \n<h2 class=\"wp-block-heading\">Assange<\/h2>\n \n\n-\u00abEstoy profundamente agradecida al Presidente\u00a0<strong>L\u00f3pez Obrador por abogar por Julian\u00bb, ante el presidente de Estados Unidos.<\/strong>\n\n \n\nLo anterior escribi\u00f3 Stella en Twitter.\n\n \n\nAsimismo record\u00f3 que la liberaci\u00f3n de los presos\u00a0<strong>pol\u00edticos y perseguidos es obra de la movilizaci\u00f3n internacional.<\/strong>\n\n \n\n<strong>En este sentido urgi\u00f3 que otros l\u00edderes del mundo refuercen lo expresado por AMLO.<\/strong>\n\n \n\n-\u00bb Es urgente que otros l\u00edderes se unan al llamado\u00bb.\n\n \n\nPor otra parte relat\u00f3 que \u00abla presi\u00f3n internacional logr\u00f3 la liberaci\u00f3n de Mandela.\u00a0<strong>El tiempo es ahora para presionar para que Biden ponga fin a esta locura\u201d.<\/strong>\n\n \n<figure class=\"wp-block-image size-large is-resized\"><img loading=\"lazy\" decoding=\"async\" class=\"wp-image-45660\" src=\"https:\/\/realidadesqroo.files.wordpress.com\/2022\/07\/image-93.png?w=600\" alt=\"\" width=\"739\" height=\"493\" \/><\/figure>\n \n<h2 class=\"wp-block-heading\">Libertad<\/h2>\n \n\nComo se indic\u00f3 previamente Stelle tuite\u00f3 en ingl\u00e9s su agradecimiento a AMLO\u00a0<strong>por la defensa de Assange.<\/strong>\n\n \n\nCabe destacar que se trata de la madre de los dos hijos menores del periodista, que est\u00e1 en prisi\u00f3n preventiva en Londres.\n\n \n\n<strong>Esto, mientras se resuelve un proceso de extradici\u00f3n a EU.<\/strong>\n\n \n\nPor otra parte la agencia EFE difundi\u00f3 que el pasado lunes,\u00a0<strong>el presidente mexicano revel\u00f3 que hab\u00eda dejado una carta a Biden, durante una reuni\u00f3n entre ambos la semana anterior.<\/strong>\n\n \n\nLo anterior, para pedir la exoneraci\u00f3n de Assange,<strong>\u00a0a quien las autoridades estadounidenses quieren juzgar por 18 cargos de espionaje y delitos inform\u00e1ticos.<\/strong>\n\n \n\nAsimismo el portal puntualiza que AMLO explic\u00f3 que Assange\u00a0<strong>\u201cno cometi\u00f3 ning\u00fan delito grave\u201d ni \u201ccaus\u00f3 la muerte a nadie\u201d.<\/strong>\n\n \n\nEsto, pues solo ejerci\u00f3 su libertad de expresi\u00f3n,\u00a0<strong>y record\u00f3 que M\u00e9xico le ha ofrecido protecci\u00f3n y asilo.<\/strong>\n\n \n\nFinalmente el portal expresa que AMLO\u00a0<strong>ha reiterado en varias ocasiones su apoyo a Assange.<\/strong>\n\n \n\nEn este sentido AMLO apunt\u00f3\u00a0<strong>\u00abque hasta ahora no ha recibido respuesta a la carta y se\u00f1al\u00f3 que debe esperar respetuosamente<\/strong>\u00ab, indic\u00f3 el<a href=\"https:\/\/regeneracion.mx\/hombre-asesino-a-balazos-a-su-esposa-y-sus-hijos-en-morelia\/\">\u00a0porta<\/a>l.\n\n \n\nFuente: <a href=\"https:\/\/regeneracion.mx\/esposa-de-assange-agradece-a-amlo-defensa-ante-biden\/?fbclid=IwAR15CMFLTUxPTtMFMvBA6HlypOMv7JZfcNAS-rj1h2rDq2Z3L4kNPp5fSmY\">regeneracion.mx<\/a>\n\n","protected":false},"excerpt":{"rendered":"<p>Red AMLO.- Stella, esposa de Assange record\u00f3 que presi\u00f3n internacional logr\u00f3 liberaci\u00f3n de Mandela. \u00abEs&#8230;<\/p>\n","protected":false},"author":2,"featured_media":6356,"comment_status":"open","ping_status":"closed","sticky":false,"template":"","format":"standard","meta":{"footnotes":""},"categories":[25,13,27],"tags":[2323,84,2015,362,2324,2325,2326,2327,2328],"class_list":["post-6355","post","type-post","status-publish","format-standard","has-post-thumbnail","hentry","category-4t","category-internacionales","category-presidencia","tag-agradece","tag-amlo","tag-assange","tag-biden","tag-esposa","tag-liberacion","tag-locura","tag-presionar","tag-stella"],"yoast_head":"<!-- This site is optimized with the Yoast SEO plugin v27.5 - https:\/\/yoast.com\/product\/yoast-seo-wordpress\/ -->\n<title>Esposa de Assange agradece a AMLO defensa ante Biden - NOTICIAS DE LA 4T<\/title>\n<meta name=\"robots\" content=\"noindex, follow, max-snippet:-1, max-image-preview:large, max-video-preview:-1\" \/>\n<meta property=\"og:locale\" content=\"es_MX\" \/>\n<meta property=\"og:type\" content=\"article\" \/>\n<meta property=\"og:title\" content=\"Esposa de Assange agradece a AMLO defensa ante Biden - NOTICIAS DE LA 4T\" \/>\n<meta property=\"og:description\" content=\"Red AMLO.- Stella, esposa de Assange record\u00f3 que presi\u00f3n internacional logr\u00f3 liberaci\u00f3n de Mandela. \u00abEs...\" \/>\n<meta property=\"og:url\" content=\"https:\/\/redamlo.com\/index.php\/2022\/07\/25\/esposa-de-assange-agradece-a-amlo-defensa-ante-biden\/\" \/>\n<meta property=\"og:site_name\" content=\"NOTICIAS DE LA 4T\" \/>\n<meta property=\"article:published_time\" content=\"2022-07-26T01:30:57+00:00\" \/>\n<meta property=\"og:image\" content=\"https:\/\/redamlo.com\/wp-content\/uploads\/2022\/07\/454-3.png\" \/>\n\t<meta property=\"og:image:width\" content=\"1280\" \/>\n\t<meta property=\"og:image:height\" content=\"720\" \/>\n\t<meta property=\"og:image:type\" content=\"image\/png\" \/>\n<meta name=\"author\" content=\"Blanca\" \/>\n<meta name=\"twitter:card\" content=\"summary_large_image\" \/>\n<meta name=\"twitter:label1\" content=\"Escrito por\" \/>\n\t<meta name=\"twitter:data1\" content=\"Blanca\" \/>\n\t<meta name=\"twitter:label2\" content=\"Tiempo de lectura\" \/>\n\t<meta name=\"twitter:data2\" content=\"2 minutos\" \/>\n<script type=\"application\/ld+json\" class=\"yoast-schema-graph\">{\"@context\":\"https:\\\/\\\/schema.org\",\"@graph\":[{\"@type\":\"Article\",\"@id\":\"https:\\\/\\\/redamlo.com\\\/index.php\\\/2022\\\/07\\\/25\\\/esposa-de-assange-agradece-a-amlo-defensa-ante-biden\\\/#article\",\"isPartOf\":{\"@id\":\"https:\\\/\\\/redamlo.com\\\/index.php\\\/2022\\\/07\\\/25\\\/esposa-de-assange-agradece-a-amlo-defensa-ante-biden\\\/\"},\"author\":{\"name\":\"Blanca\",\"@id\":\"https:\\\/\\\/redamlo.com\\\/#\\\/schema\\\/person\\\/7223a4375eb8f1a782fcae010a7115cf\"},\"headline\":\"Esposa de Assange agradece a AMLO defensa ante Biden\",\"datePublished\":\"2022-07-26T01:30:57+00:00\",\"mainEntityOfPage\":{\"@id\":\"https:\\\/\\\/redamlo.com\\\/index.php\\\/2022\\\/07\\\/25\\\/esposa-de-assange-agradece-a-amlo-defensa-ante-biden\\\/\"},\"wordCount\":369,\"commentCount\":0,\"publisher\":{\"@id\":\"https:\\\/\\\/redamlo.com\\\/#organization\"},\"image\":{\"@id\":\"https:\\\/\\\/redamlo.com\\\/index.php\\\/2022\\\/07\\\/25\\\/esposa-de-assange-agradece-a-amlo-defensa-ante-biden\\\/#primaryimage\"},\"thumbnailUrl\":\"https:\\\/\\\/redamlo.com\\\/wp-content\\\/uploads\\\/2022\\\/07\\\/454-3.png\",\"keywords\":[\"Agradece\",\"AMLO\",\"Assange\",\"Biden\",\"Esposa\",\"Liberaci\u00f3n\",\"Locura\",\"Presionar\",\"Stella\"],\"articleSection\":[\"4T\",\"Internacionales\",\"Presidencia\"],\"inLanguage\":\"es\",\"potentialAction\":[{\"@type\":\"CommentAction\",\"name\":\"Comment\",\"target\":[\"https:\\\/\\\/redamlo.com\\\/index.php\\\/2022\\\/07\\\/25\\\/esposa-de-assange-agradece-a-amlo-defensa-ante-biden\\\/#respond\"]}]},{\"@type\":\"WebPage\",\"@id\":\"https:\\\/\\\/redamlo.com\\\/index.php\\\/2022\\\/07\\\/25\\\/esposa-de-assange-agradece-a-amlo-defensa-ante-biden\\\/\",\"url\":\"https:\\\/\\\/redamlo.com\\\/index.php\\\/2022\\\/07\\\/25\\\/esposa-de-assange-agradece-a-amlo-defensa-ante-biden\\\/\",\"name\":\"Esposa de Assange agradece a AMLO defensa ante Biden - NOTICIAS DE LA 4T\",\"isPartOf\":{\"@id\":\"https:\\\/\\\/redamlo.com\\\/#website\"},\"primaryImageOfPage\":{\"@id\":\"https:\\\/\\\/redamlo.com\\\/index.php\\\/2022\\\/07\\\/25\\\/esposa-de-assange-agradece-a-amlo-defensa-ante-biden\\\/#primaryimage\"},\"image\":{\"@id\":\"https:\\\/\\\/redamlo.com\\\/index.php\\\/2022\\\/07\\\/25\\\/esposa-de-assange-agradece-a-amlo-defensa-ante-biden\\\/#primaryimage\"},\"thumbnailUrl\":\"https:\\\/\\\/redamlo.com\\\/wp-content\\\/uploads\\\/2022\\\/07\\\/454-3.png\",\"datePublished\":\"2022-07-26T01:30:57+00:00\",\"breadcrumb\":{\"@id\":\"https:\\\/\\\/redamlo.com\\\/index.php\\\/2022\\\/07\\\/25\\\/esposa-de-assange-agradece-a-amlo-defensa-ante-biden\\\/#breadcrumb\"},\"inLanguage\":\"es\",\"potentialAction\":[{\"@type\":\"ReadAction\",\"target\":[\"https:\\\/\\\/redamlo.com\\\/index.php\\\/2022\\\/07\\\/25\\\/esposa-de-assange-agradece-a-amlo-defensa-ante-biden\\\/\"]}]},{\"@type\":\"ImageObject\",\"inLanguage\":\"es\",\"@id\":\"https:\\\/\\\/redamlo.com\\\/index.php\\\/2022\\\/07\\\/25\\\/esposa-de-assange-agradece-a-amlo-defensa-ante-biden\\\/#primaryimage\",\"url\":\"https:\\\/\\\/redamlo.com\\\/wp-content\\\/uploads\\\/2022\\\/07\\\/454-3.png\",\"contentUrl\":\"https:\\\/\\\/redamlo.com\\\/wp-content\\\/uploads\\\/2022\\\/07\\\/454-3.png\",\"width\":1280,\"height\":720},{\"@type\":\"BreadcrumbList\",\"@id\":\"https:\\\/\\\/redamlo.com\\\/index.php\\\/2022\\\/07\\\/25\\\/esposa-de-assange-agradece-a-amlo-defensa-ante-biden\\\/#breadcrumb\",\"itemListElement\":[{\"@type\":\"ListItem\",\"position\":1,\"name\":\"Inicio\",\"item\":\"https:\\\/\\\/redamlo.com\\\/\"},{\"@type\":\"ListItem\",\"position\":2,\"name\":\"Esposa de Assange agradece a AMLO defensa ante Biden\"}]},{\"@type\":\"WebSite\",\"@id\":\"https:\\\/\\\/redamlo.com\\\/#website\",\"url\":\"https:\\\/\\\/redamlo.com\\\/\",\"name\":\"NOTICIAS DE LA 4T\",\"description\":\"\",\"publisher\":{\"@id\":\"https:\\\/\\\/redamlo.com\\\/#organization\"},\"potentialAction\":[{\"@type\":\"SearchAction\",\"target\":{\"@type\":\"EntryPoint\",\"urlTemplate\":\"https:\\\/\\\/redamlo.com\\\/?s={search_term_string}\"},\"query-input\":{\"@type\":\"PropertyValueSpecification\",\"valueRequired\":true,\"valueName\":\"search_term_string\"}}],\"inLanguage\":\"es\"},{\"@type\":\"Organization\",\"@id\":\"https:\\\/\\\/redamlo.com\\\/#organization\",\"name\":\"NOTICIAS DE LA 4T\",\"url\":\"https:\\\/\\\/redamlo.com\\\/\",\"logo\":{\"@type\":\"ImageObject\",\"inLanguage\":\"es\",\"@id\":\"https:\\\/\\\/redamlo.com\\\/#\\\/schema\\\/logo\\\/image\\\/\",\"url\":\"https:\\\/\\\/redamlo.com\\\/wp-content\\\/uploads\\\/2024\\\/08\\\/cropped-RED-AMLO-logo-50.png\",\"contentUrl\":\"https:\\\/\\\/redamlo.com\\\/wp-content\\\/uploads\\\/2024\\\/08\\\/cropped-RED-AMLO-logo-50.png\",\"width\":256,\"height\":256,\"caption\":\"NOTICIAS DE LA 4T\"},\"image\":{\"@id\":\"https:\\\/\\\/redamlo.com\\\/#\\\/schema\\\/logo\\\/image\\\/\"}},{\"@type\":\"Person\",\"@id\":\"https:\\\/\\\/redamlo.com\\\/#\\\/schema\\\/person\\\/7223a4375eb8f1a782fcae010a7115cf\",\"name\":\"Blanca\",\"image\":{\"@type\":\"ImageObject\",\"inLanguage\":\"es\",\"@id\":\"https:\\\/\\\/secure.gravatar.com\\\/avatar\\\/3f79bc8336367a4e6093eae8757acaaf61d1124834b905616de7829b0273426d?s=96&d=mm&r=g\",\"url\":\"https:\\\/\\\/secure.gravatar.com\\\/avatar\\\/3f79bc8336367a4e6093eae8757acaaf61d1124834b905616de7829b0273426d?s=96&d=mm&r=g\",\"contentUrl\":\"https:\\\/\\\/secure.gravatar.com\\\/avatar\\\/3f79bc8336367a4e6093eae8757acaaf61d1124834b905616de7829b0273426d?s=96&d=mm&r=g\",\"caption\":\"Blanca\"},\"url\":\"https:\\\/\\\/redamlo.com\\\/index.php\\\/author\\\/blanca\\\/\"}]}<\/script>\n<!-- \/ Yoast SEO plugin. -->","yoast_head_json":{"title":"Esposa de Assange agradece a AMLO defensa ante Biden - NOTICIAS DE LA 4T","robots":{"index":"noindex","follow":"follow","max-snippet":"max-snippet:-1","max-image-preview":"max-image-preview:large","max-video-preview":"max-video-preview:-1"},"og_locale":"es_MX","og_type":"article","og_title":"Esposa de Assange agradece a AMLO defensa ante Biden - NOTICIAS DE LA 4T","og_description":"Red AMLO.- Stella, esposa de Assange record\u00f3 que presi\u00f3n internacional logr\u00f3 liberaci\u00f3n de Mandela. \u00abEs...","og_url":"https:\/\/redamlo.com\/index.php\/2022\/07\/25\/esposa-de-assange-agradece-a-amlo-defensa-ante-biden\/","og_site_name":"NOTICIAS DE LA 4T","article_published_time":"2022-07-26T01:30:57+00:00","og_image":[{"width":1280,"height":720,"url":"https:\/\/redamlo.com\/wp-content\/uploads\/2022\/07\/454-3.png","type":"image\/png"}],"author":"Blanca","twitter_card":"summary_large_image","twitter_misc":{"Escrito por":"Blanca","Tiempo de lectura":"2 minutos"},"schema":{"@context":"https:\/\/schema.org","@graph":[{"@type":"Article","@id":"https:\/\/redamlo.com\/index.php\/2022\/07\/25\/esposa-de-assange-agradece-a-amlo-defensa-ante-biden\/#article","isPartOf":{"@id":"https:\/\/redamlo.com\/index.php\/2022\/07\/25\/esposa-de-assange-agradece-a-amlo-defensa-ante-biden\/"},"author":{"name":"Blanca","@id":"https:\/\/redamlo.com\/#\/schema\/person\/7223a4375eb8f1a782fcae010a7115cf"},"headline":"Esposa de Assange agradece a AMLO defensa ante Biden","datePublished":"2022-07-26T01:30:57+00:00","mainEntityOfPage":{"@id":"https:\/\/redamlo.com\/index.php\/2022\/07\/25\/esposa-de-assange-agradece-a-amlo-defensa-ante-biden\/"},"wordCount":369,"commentCount":0,"publisher":{"@id":"https:\/\/redamlo.com\/#organization"},"image":{"@id":"https:\/\/redamlo.com\/index.php\/2022\/07\/25\/esposa-de-assange-agradece-a-amlo-defensa-ante-biden\/#primaryimage"},"thumbnailUrl":"https:\/\/redamlo.com\/wp-content\/uploads\/2022\/07\/454-3.png","keywords":["Agradece","AMLO","Assange","Biden","Esposa","Liberaci\u00f3n","Locura","Presionar","Stella"],"articleSection":["4T","Internacionales","Presidencia"],"inLanguage":"es","potentialAction":[{"@type":"CommentAction","name":"Comment","target":["https:\/\/redamlo.com\/index.php\/2022\/07\/25\/esposa-de-assange-agradece-a-amlo-defensa-ante-biden\/#respond"]}]},{"@type":"WebPage","@id":"https:\/\/redamlo.com\/index.php\/2022\/07\/25\/esposa-de-assange-agradece-a-amlo-defensa-ante-biden\/","url":"https:\/\/redamlo.com\/index.php\/2022\/07\/25\/esposa-de-assange-agradece-a-amlo-defensa-ante-biden\/","name":"Esposa de Assange agradece a AMLO defensa ante Biden - NOTICIAS DE LA 4T","isPartOf":{"@id":"https:\/\/redamlo.com\/#website"},"primaryImageOfPage":{"@id":"https:\/\/redamlo.com\/index.php\/2022\/07\/25\/esposa-de-assange-agradece-a-amlo-defensa-ante-biden\/#primaryimage"},"image":{"@id":"https:\/\/redamlo.com\/index.php\/2022\/07\/25\/esposa-de-assange-agradece-a-amlo-defensa-ante-biden\/#primaryimage"},"thumbnailUrl":"https:\/\/redamlo.com\/wp-content\/uploads\/2022\/07\/454-3.png","datePublished":"2022-07-26T01:30:57+00:00","breadcrumb":{"@id":"https:\/\/redamlo.com\/index.php\/2022\/07\/25\/esposa-de-assange-agradece-a-amlo-defensa-ante-biden\/#breadcrumb"},"inLanguage":"es","potentialAction":[{"@type":"ReadAction","target":["https:\/\/redamlo.com\/index.php\/2022\/07\/25\/esposa-de-assange-agradece-a-amlo-defensa-ante-biden\/"]}]},{"@type":"ImageObject","inLanguage":"es","@id":"https:\/\/redamlo.com\/index.php\/2022\/07\/25\/esposa-de-assange-agradece-a-amlo-defensa-ante-biden\/#primaryimage","url":"https:\/\/redamlo.com\/wp-content\/uploads\/2022\/07\/454-3.png","contentUrl":"https:\/\/redamlo.com\/wp-content\/uploads\/2022\/07\/454-3.png","width":1280,"height":720},{"@type":"BreadcrumbList","@id":"https:\/\/redamlo.com\/index.php\/2022\/07\/25\/esposa-de-assange-agradece-a-amlo-defensa-ante-biden\/#breadcrumb","itemListElement":[{"@type":"ListItem","position":1,"name":"Inicio","item":"https:\/\/redamlo.com\/"},{"@type":"ListItem","position":2,"name":"Esposa de Assange agradece a AMLO defensa ante Biden"}]},{"@type":"WebSite","@id":"https:\/\/redamlo.com\/#website","url":"https:\/\/redamlo.com\/","name":"NOTICIAS DE LA 4T","description":"","publisher":{"@id":"https:\/\/redamlo.com\/#organization"},"potentialAction":[{"@type":"SearchAction","target":{"@type":"EntryPoint","urlTemplate":"https:\/\/redamlo.com\/?s={search_term_string}"},"query-input":{"@type":"PropertyValueSpecification","valueRequired":true,"valueName":"search_term_string"}}],"inLanguage":"es"},{"@type":"Organization","@id":"https:\/\/redamlo.com\/#organization","name":"NOTICIAS DE LA 4T","url":"https:\/\/redamlo.com\/","logo":{"@type":"ImageObject","inLanguage":"es","@id":"https:\/\/redamlo.com\/#\/schema\/logo\/image\/","url":"https:\/\/redamlo.com\/wp-content\/uploads\/2024\/08\/cropped-RED-AMLO-logo-50.png","contentUrl":"https:\/\/redamlo.com\/wp-content\/uploads\/2024\/08\/cropped-RED-AMLO-logo-50.png","width":256,"height":256,"caption":"NOTICIAS DE LA 4T"},"image":{"@id":"https:\/\/redamlo.com\/#\/schema\/logo\/image\/"}},{"@type":"Person","@id":"https:\/\/redamlo.com\/#\/schema\/person\/7223a4375eb8f1a782fcae010a7115cf","name":"Blanca","image":{"@type":"ImageObject","inLanguage":"es","@id":"https:\/\/secure.gravatar.com\/avatar\/3f79bc8336367a4e6093eae8757acaaf61d1124834b905616de7829b0273426d?s=96&d=mm&r=g","url":"https:\/\/secure.gravatar.com\/avatar\/3f79bc8336367a4e6093eae8757acaaf61d1124834b905616de7829b0273426d?s=96&d=mm&r=g","contentUrl":"https:\/\/secure.gravatar.com\/avatar\/3f79bc8336367a4e6093eae8757acaaf61d1124834b905616de7829b0273426d?s=96&d=mm&r=g","caption":"Blanca"},"url":"https:\/\/redamlo.com\/index.php\/author\/blanca\/"}]}},"_links":{"self":[{"href":"https:\/\/redamlo.com\/index.php\/wp-json\/wp\/v2\/posts\/6355","targetHints":{"allow":["GET"]}}],"collection":[{"href":"https:\/\/redamlo.com\/index.php\/wp-json\/wp\/v2\/posts"}],"about":[{"href":"https:\/\/redamlo.com\/index.php\/wp-json\/wp\/v2\/types\/post"}],"author":[{"embeddable":true,"href":"https:\/\/redamlo.com\/index.php\/wp-json\/wp\/v2\/users\/2"}],"replies":[{"embeddable":true,"href":"https:\/\/redamlo.com\/index.php\/wp-json\/wp\/v2\/comments?post=6355"}],"version-history":[{"count":0,"href":"https:\/\/redamlo.com\/index.php\/wp-json\/wp\/v2\/posts\/6355\/revisions"}],"wp:featuredmedia":[{"embeddable":true,"href":"https:\/\/redamlo.com\/index.php\/wp-json\/wp\/v2\/media\/6356"}],"wp:attachment":[{"href":"https:\/\/redamlo.com\/index.php\/wp-json\/wp\/v2\/media?parent=6355"}],"wp:term":[{"taxonomy":"category","embeddable":true,"href":"https:\/\/redamlo.com\/index.php\/wp-json\/wp\/v2\/categories?post=6355"},{"taxonomy":"post_tag","embeddable":true,"href":"https:\/\/redamlo.com\/index.php\/wp-json\/wp\/v2\/tags?post=6355"}],"curies":[{"name":"wp","href":"https:\/\/api.w.org\/{rel}","templated":true}]}}