{"id":6352,"date":"2022-07-25T20:09:31","date_gmt":"2022-07-26T01:09:31","guid":{"rendered":"https:\/\/redamlo.com\/?p=6352"},"modified":"2022-07-25T20:09:31","modified_gmt":"2022-07-26T01:09:31","slug":"nuevamente-defiende-amlo-la-soberania-energetica-mexicana-nuestras-politicas-las-definimos-en-mexico-aseguro","status":"publish","type":"post","link":"https:\/\/redamlo.com\/index.php\/2022\/07\/25\/nuevamente-defiende-amlo-la-soberania-energetica-mexicana-nuestras-politicas-las-definimos-en-mexico-aseguro\/","title":{"rendered":"Nuevamente defiende AMLO la soberan\u00eda energ\u00e9tica mexicana; \u201cNuestras pol\u00edticas las definimos en M\u00e9xico\u201d, asegur\u00f3"},"content":{"rendered":"\n\n<strong>Realidades.- Al ser cuestionado, durante la conferencia ma\u00f1anera, sobre la adhesi\u00f3n de Canad\u00e1 a la solicitud estadounidense de la integraci\u00f3n de un panel para la resoluci\u00f3n de la controversia por supuestas violaciones al T-MEC, reclamadas por algunas empresas norteamericanas, el Presidente Andr\u00e9s Manuel L\u00f3pez Obrador fue enf\u00e1tico y contundente al se\u00f1alar que<\/strong>\u00a0<strong>\u201cpodemos ser socios comerciales, pero nuestras pol\u00edticas las definimos en M\u00e9xico\u201d.<\/strong>\n\n \n\nAl recibir la solicitud canadiense para el inicio de pl\u00e1ticas y consultas para la resoluci\u00f3n de controversias por supuestas violaciones al T-MEC, en el ramo energ\u00e9tico, la cual se suma a la solicitud en el mismo sentido por parte de los Estados Unidos, la Secretar\u00eda de Econom\u00eda explic\u00f3 que las consultas constituyen la etapa no contenciosa del mecanismo general de soluci\u00f3n de controversias del T-MEC, por lo que a partir de esta fecha, ambos gobiernos tienen un periodo de 75 d\u00edas para solucionar la controversia.\n\n \n\nPor su parte, el mandatario mexicano record\u00f3 que la titularidad del petr\u00f3leo no fue parte del tratado de libre comercio firmado entre los Estados Unidos, Canad\u00e1 y M\u00e9xico y que, por lo tanto, no se negociar\u00e1 el dominio de petr\u00f3leo nacional, ya que \u00e9ste es propiedad de los mexicanos.\n\n \n<blockquote class=\"wp-block-quote is-layout-flow wp-block-quote-is-layout-flow\">\u201cNosotros vamos a llevar a cabo todos lo que nos corresponden y dejar de manifiesto en que no hay ninguna violaci\u00f3n. Aclarar de que podemos tener relaciones comerciales, pero nuestras pol\u00edticas las definimos en M\u00e9xico y tienen que ver con nuestra constituci\u00f3n y con las leyes\u201d, dijo.<\/blockquote>\n \n\nEl titular del Ejecutivo Federal se\u00f1al\u00f3 que la controversia se deriva de una inconformidad debida a una mala interpretaci\u00f3n del tratado por parte de algunos empresarios de Estados Unidos, Canad\u00e1 y hasta mexicanos.\n\n \n<blockquote class=\"wp-block-quote is-layout-flow wp-block-quote-is-layout-flow\">\u201cAhora hay una inconformidad promovida por algunos empresarios, m\u00e1s que nada del pa\u00eds nuestro, m\u00e1s que de los Estados Unidos y canadienses sobre nuestra pol\u00edtica energ\u00e9tica. Ayer se dio a conocer formalmente que se va a pedir una revisi\u00f3n una aclaraci\u00f3n sobre nuestra pol\u00edtica en materia energ\u00e9tica porque supuestamente afecta el tratado que tenemos con Canad\u00e1 y Estados Unidos\u201d, se\u00f1al\u00f3.<\/blockquote>\n \n\nAs\u00ed mismo, L\u00f3pez Obrador explic\u00f3 que se trata de un mecanismo de revisi\u00f3n que est\u00e1 establecido en el tratado, que se utiliza cuando uno o varios de los pa\u00edses considera que no se est\u00e1 cumpliendo con alguna de las cl\u00e1usulas establecidas en el acuerdo, mismo que ya se ha utilizado a solicitud de los tres pa\u00edses en diferentes ocasiones, por lo que es muy com\u00fan que sea convocado.\n\n \n\nCabe se\u00f1alar que, durante la conferencia ma\u00f1anera del pasado martes, el Presidente brome\u00f3 con la canci\u00f3n del fallecido cantante Chico Che \u201cUy, qu\u00e9 miedo\u201d, sobre la entrevista que Carmen Aristegui realiz\u00f3 al ex secretario de econom\u00eda Ildefonso Guajardo, por el absurdo an\u00e1lisis y conclusiones expresadas en ese medio sobre la citada controversia.\n\n \n\nIldefonso Guajardo fue la persona que inici\u00f3 las negociaciones para el T-MEC por parte del gobierno encabezado por Enrique Pe\u00f1a Nieto y que hab\u00eda aceptado todo un cap\u00edtulo sobre energ\u00e9ticos en donde se entregaba por completo la industria petrolera y la generaci\u00f3n de energ\u00eda a las empresas privadas extranjeras, por lo que dicho cap\u00edtulo no fue aceptado por el entonces presidente electo, L\u00f3pez Obrador.\n\n \n\nFuente: <a href=\"https:\/\/sinlineamx.com\/nuevamente-defiende-amlo-la-soberania-energetica-mexicana-nuestras-politicas-las-definimos-en-mexico-aseguro\/?fbclid=IwAR2tFEbWS2hRKhGoOf2U73_-Wz6q81fDxDKqQMBIuX14QeSFMonjVs1_u14\">sinlinea.com.mx<\/a>\n\n","protected":false},"excerpt":{"rendered":"<p>Realidades.- Al ser cuestionado, durante la conferencia ma\u00f1anera, sobre la adhesi\u00f3n de Canad\u00e1 a la&#8230;<\/p>\n","protected":false},"author":2,"featured_media":6353,"comment_status":"open","ping_status":"closed","sticky":false,"template":"","format":"standard","meta":{"footnotes":""},"categories":[25,37,20],"tags":[84,508,2318,2319,2111,2320,2321,2322,723],"class_list":["post-6352","post","type-post","status-publish","format-standard","has-post-thumbnail","hentry","category-4t","category-economia","category-nacionales","tag-amlo","tag-defensa","tag-extranjeras","tag-indstria-petroleras","tag-presidente","tag-privadas","tag-relaciones-comerciales","tag-soberania-energetica","tag-t-mec"],"yoast_head":"<!-- This site is optimized with the Yoast SEO plugin v27.5 - https:\/\/yoast.com\/product\/yoast-seo-wordpress\/ -->\n<title>Nuevamente defiende AMLO la soberan\u00eda energ\u00e9tica mexicana; \u201cNuestras pol\u00edticas las definimos en M\u00e9xico\u201d, asegur\u00f3 - NOTICIAS DE LA 4T<\/title>\n<meta name=\"robots\" content=\"noindex, follow, max-snippet:-1, max-image-preview:large, max-video-preview:-1\" \/>\n<meta property=\"og:locale\" content=\"es_MX\" \/>\n<meta property=\"og:type\" content=\"article\" \/>\n<meta property=\"og:title\" content=\"Nuevamente defiende AMLO la soberan\u00eda energ\u00e9tica mexicana; \u201cNuestras pol\u00edticas las definimos en M\u00e9xico\u201d, asegur\u00f3 - NOTICIAS DE LA 4T\" \/>\n<meta property=\"og:description\" content=\"Realidades.- Al ser cuestionado, durante la conferencia ma\u00f1anera, sobre la adhesi\u00f3n de Canad\u00e1 a la...\" \/>\n<meta property=\"og:url\" content=\"https:\/\/redamlo.com\/index.php\/2022\/07\/25\/nuevamente-defiende-amlo-la-soberania-energetica-mexicana-nuestras-politicas-las-definimos-en-mexico-aseguro\/\" \/>\n<meta property=\"og:site_name\" content=\"NOTICIAS DE LA 4T\" \/>\n<meta property=\"article:published_time\" content=\"2022-07-26T01:09:31+00:00\" \/>\n<meta property=\"og:image\" content=\"https:\/\/redamlo.com\/wp-content\/uploads\/2022\/07\/454-2.png\" \/>\n\t<meta property=\"og:image:width\" content=\"1140\" \/>\n\t<meta property=\"og:image:height\" content=\"712\" \/>\n\t<meta property=\"og:image:type\" content=\"image\/png\" \/>\n<meta name=\"author\" content=\"Blanca\" \/>\n<meta name=\"twitter:card\" content=\"summary_large_image\" \/>\n<meta name=\"twitter:label1\" content=\"Escrito por\" \/>\n\t<meta name=\"twitter:data1\" content=\"Blanca\" \/>\n\t<meta name=\"twitter:label2\" content=\"Tiempo de lectura\" \/>\n\t<meta name=\"twitter:data2\" content=\"3 minutos\" \/>\n<script type=\"application\/ld+json\" class=\"yoast-schema-graph\">{\"@context\":\"https:\\\/\\\/schema.org\",\"@graph\":[{\"@type\":\"Article\",\"@id\":\"https:\\\/\\\/redamlo.com\\\/index.php\\\/2022\\\/07\\\/25\\\/nuevamente-defiende-amlo-la-soberania-energetica-mexicana-nuestras-politicas-las-definimos-en-mexico-aseguro\\\/#article\",\"isPartOf\":{\"@id\":\"https:\\\/\\\/redamlo.com\\\/index.php\\\/2022\\\/07\\\/25\\\/nuevamente-defiende-amlo-la-soberania-energetica-mexicana-nuestras-politicas-las-definimos-en-mexico-aseguro\\\/\"},\"author\":{\"name\":\"Blanca\",\"@id\":\"https:\\\/\\\/redamlo.com\\\/#\\\/schema\\\/person\\\/7223a4375eb8f1a782fcae010a7115cf\"},\"headline\":\"Nuevamente defiende AMLO la soberan\u00eda energ\u00e9tica mexicana; \u201cNuestras pol\u00edticas las definimos en M\u00e9xico\u201d, asegur\u00f3\",\"datePublished\":\"2022-07-26T01:09:31+00:00\",\"mainEntityOfPage\":{\"@id\":\"https:\\\/\\\/redamlo.com\\\/index.php\\\/2022\\\/07\\\/25\\\/nuevamente-defiende-amlo-la-soberania-energetica-mexicana-nuestras-politicas-las-definimos-en-mexico-aseguro\\\/\"},\"wordCount\":598,\"commentCount\":0,\"publisher\":{\"@id\":\"https:\\\/\\\/redamlo.com\\\/#organization\"},\"image\":{\"@id\":\"https:\\\/\\\/redamlo.com\\\/index.php\\\/2022\\\/07\\\/25\\\/nuevamente-defiende-amlo-la-soberania-energetica-mexicana-nuestras-politicas-las-definimos-en-mexico-aseguro\\\/#primaryimage\"},\"thumbnailUrl\":\"https:\\\/\\\/redamlo.com\\\/wp-content\\\/uploads\\\/2022\\\/07\\\/454-2.png\",\"keywords\":[\"AMLO\",\"defensa\",\"Extranjeras\",\"Indstria Petroleras\",\"Presidente\",\"Privadas\",\"Relaciones Comerciales\",\"Soberan\u00eda Energetica\",\"T-MEC\"],\"articleSection\":[\"4T\",\"Econom\u00eda\",\"Nacionales\"],\"inLanguage\":\"es\",\"potentialAction\":[{\"@type\":\"CommentAction\",\"name\":\"Comment\",\"target\":[\"https:\\\/\\\/redamlo.com\\\/index.php\\\/2022\\\/07\\\/25\\\/nuevamente-defiende-amlo-la-soberania-energetica-mexicana-nuestras-politicas-las-definimos-en-mexico-aseguro\\\/#respond\"]}]},{\"@type\":\"WebPage\",\"@id\":\"https:\\\/\\\/redamlo.com\\\/index.php\\\/2022\\\/07\\\/25\\\/nuevamente-defiende-amlo-la-soberania-energetica-mexicana-nuestras-politicas-las-definimos-en-mexico-aseguro\\\/\",\"url\":\"https:\\\/\\\/redamlo.com\\\/index.php\\\/2022\\\/07\\\/25\\\/nuevamente-defiende-amlo-la-soberania-energetica-mexicana-nuestras-politicas-las-definimos-en-mexico-aseguro\\\/\",\"name\":\"Nuevamente defiende AMLO la soberan\u00eda energ\u00e9tica mexicana; \u201cNuestras pol\u00edticas las definimos en M\u00e9xico\u201d, asegur\u00f3 - NOTICIAS DE LA 4T\",\"isPartOf\":{\"@id\":\"https:\\\/\\\/redamlo.com\\\/#website\"},\"primaryImageOfPage\":{\"@id\":\"https:\\\/\\\/redamlo.com\\\/index.php\\\/2022\\\/07\\\/25\\\/nuevamente-defiende-amlo-la-soberania-energetica-mexicana-nuestras-politicas-las-definimos-en-mexico-aseguro\\\/#primaryimage\"},\"image\":{\"@id\":\"https:\\\/\\\/redamlo.com\\\/index.php\\\/2022\\\/07\\\/25\\\/nuevamente-defiende-amlo-la-soberania-energetica-mexicana-nuestras-politicas-las-definimos-en-mexico-aseguro\\\/#primaryimage\"},\"thumbnailUrl\":\"https:\\\/\\\/redamlo.com\\\/wp-content\\\/uploads\\\/2022\\\/07\\\/454-2.png\",\"datePublished\":\"2022-07-26T01:09:31+00:00\",\"breadcrumb\":{\"@id\":\"https:\\\/\\\/redamlo.com\\\/index.php\\\/2022\\\/07\\\/25\\\/nuevamente-defiende-amlo-la-soberania-energetica-mexicana-nuestras-politicas-las-definimos-en-mexico-aseguro\\\/#breadcrumb\"},\"inLanguage\":\"es\",\"potentialAction\":[{\"@type\":\"ReadAction\",\"target\":[\"https:\\\/\\\/redamlo.com\\\/index.php\\\/2022\\\/07\\\/25\\\/nuevamente-defiende-amlo-la-soberania-energetica-mexicana-nuestras-politicas-las-definimos-en-mexico-aseguro\\\/\"]}]},{\"@type\":\"ImageObject\",\"inLanguage\":\"es\",\"@id\":\"https:\\\/\\\/redamlo.com\\\/index.php\\\/2022\\\/07\\\/25\\\/nuevamente-defiende-amlo-la-soberania-energetica-mexicana-nuestras-politicas-las-definimos-en-mexico-aseguro\\\/#primaryimage\",\"url\":\"https:\\\/\\\/redamlo.com\\\/wp-content\\\/uploads\\\/2022\\\/07\\\/454-2.png\",\"contentUrl\":\"https:\\\/\\\/redamlo.com\\\/wp-content\\\/uploads\\\/2022\\\/07\\\/454-2.png\",\"width\":1140,\"height\":712},{\"@type\":\"BreadcrumbList\",\"@id\":\"https:\\\/\\\/redamlo.com\\\/index.php\\\/2022\\\/07\\\/25\\\/nuevamente-defiende-amlo-la-soberania-energetica-mexicana-nuestras-politicas-las-definimos-en-mexico-aseguro\\\/#breadcrumb\",\"itemListElement\":[{\"@type\":\"ListItem\",\"position\":1,\"name\":\"Inicio\",\"item\":\"https:\\\/\\\/redamlo.com\\\/\"},{\"@type\":\"ListItem\",\"position\":2,\"name\":\"Nuevamente defiende AMLO la soberan\u00eda energ\u00e9tica mexicana; \u201cNuestras pol\u00edticas las definimos en M\u00e9xico\u201d, asegur\u00f3\"}]},{\"@type\":\"WebSite\",\"@id\":\"https:\\\/\\\/redamlo.com\\\/#website\",\"url\":\"https:\\\/\\\/redamlo.com\\\/\",\"name\":\"NOTICIAS DE LA 4T\",\"description\":\"\",\"publisher\":{\"@id\":\"https:\\\/\\\/redamlo.com\\\/#organization\"},\"potentialAction\":[{\"@type\":\"SearchAction\",\"target\":{\"@type\":\"EntryPoint\",\"urlTemplate\":\"https:\\\/\\\/redamlo.com\\\/?s={search_term_string}\"},\"query-input\":{\"@type\":\"PropertyValueSpecification\",\"valueRequired\":true,\"valueName\":\"search_term_string\"}}],\"inLanguage\":\"es\"},{\"@type\":\"Organization\",\"@id\":\"https:\\\/\\\/redamlo.com\\\/#organization\",\"name\":\"NOTICIAS DE LA 4T\",\"url\":\"https:\\\/\\\/redamlo.com\\\/\",\"logo\":{\"@type\":\"ImageObject\",\"inLanguage\":\"es\",\"@id\":\"https:\\\/\\\/redamlo.com\\\/#\\\/schema\\\/logo\\\/image\\\/\",\"url\":\"https:\\\/\\\/redamlo.com\\\/wp-content\\\/uploads\\\/2024\\\/08\\\/cropped-RED-AMLO-logo-50.png\",\"contentUrl\":\"https:\\\/\\\/redamlo.com\\\/wp-content\\\/uploads\\\/2024\\\/08\\\/cropped-RED-AMLO-logo-50.png\",\"width\":256,\"height\":256,\"caption\":\"NOTICIAS DE LA 4T\"},\"image\":{\"@id\":\"https:\\\/\\\/redamlo.com\\\/#\\\/schema\\\/logo\\\/image\\\/\"}},{\"@type\":\"Person\",\"@id\":\"https:\\\/\\\/redamlo.com\\\/#\\\/schema\\\/person\\\/7223a4375eb8f1a782fcae010a7115cf\",\"name\":\"Blanca\",\"image\":{\"@type\":\"ImageObject\",\"inLanguage\":\"es\",\"@id\":\"https:\\\/\\\/secure.gravatar.com\\\/avatar\\\/3f79bc8336367a4e6093eae8757acaaf61d1124834b905616de7829b0273426d?s=96&d=mm&r=g\",\"url\":\"https:\\\/\\\/secure.gravatar.com\\\/avatar\\\/3f79bc8336367a4e6093eae8757acaaf61d1124834b905616de7829b0273426d?s=96&d=mm&r=g\",\"contentUrl\":\"https:\\\/\\\/secure.gravatar.com\\\/avatar\\\/3f79bc8336367a4e6093eae8757acaaf61d1124834b905616de7829b0273426d?s=96&d=mm&r=g\",\"caption\":\"Blanca\"},\"url\":\"https:\\\/\\\/redamlo.com\\\/index.php\\\/author\\\/blanca\\\/\"}]}<\/script>\n<!-- \/ Yoast SEO plugin. -->","yoast_head_json":{"title":"Nuevamente defiende AMLO la soberan\u00eda energ\u00e9tica mexicana; \u201cNuestras pol\u00edticas las definimos en M\u00e9xico\u201d, asegur\u00f3 - NOTICIAS DE LA 4T","robots":{"index":"noindex","follow":"follow","max-snippet":"max-snippet:-1","max-image-preview":"max-image-preview:large","max-video-preview":"max-video-preview:-1"},"og_locale":"es_MX","og_type":"article","og_title":"Nuevamente defiende AMLO la soberan\u00eda energ\u00e9tica mexicana; \u201cNuestras pol\u00edticas las definimos en M\u00e9xico\u201d, asegur\u00f3 - NOTICIAS DE LA 4T","og_description":"Realidades.- Al ser cuestionado, durante la conferencia ma\u00f1anera, sobre la adhesi\u00f3n de Canad\u00e1 a la...","og_url":"https:\/\/redamlo.com\/index.php\/2022\/07\/25\/nuevamente-defiende-amlo-la-soberania-energetica-mexicana-nuestras-politicas-las-definimos-en-mexico-aseguro\/","og_site_name":"NOTICIAS DE LA 4T","article_published_time":"2022-07-26T01:09:31+00:00","og_image":[{"width":1140,"height":712,"url":"https:\/\/redamlo.com\/wp-content\/uploads\/2022\/07\/454-2.png","type":"image\/png"}],"author":"Blanca","twitter_card":"summary_large_image","twitter_misc":{"Escrito por":"Blanca","Tiempo de lectura":"3 minutos"},"schema":{"@context":"https:\/\/schema.org","@graph":[{"@type":"Article","@id":"https:\/\/redamlo.com\/index.php\/2022\/07\/25\/nuevamente-defiende-amlo-la-soberania-energetica-mexicana-nuestras-politicas-las-definimos-en-mexico-aseguro\/#article","isPartOf":{"@id":"https:\/\/redamlo.com\/index.php\/2022\/07\/25\/nuevamente-defiende-amlo-la-soberania-energetica-mexicana-nuestras-politicas-las-definimos-en-mexico-aseguro\/"},"author":{"name":"Blanca","@id":"https:\/\/redamlo.com\/#\/schema\/person\/7223a4375eb8f1a782fcae010a7115cf"},"headline":"Nuevamente defiende AMLO la soberan\u00eda energ\u00e9tica mexicana; \u201cNuestras pol\u00edticas las definimos en M\u00e9xico\u201d, asegur\u00f3","datePublished":"2022-07-26T01:09:31+00:00","mainEntityOfPage":{"@id":"https:\/\/redamlo.com\/index.php\/2022\/07\/25\/nuevamente-defiende-amlo-la-soberania-energetica-mexicana-nuestras-politicas-las-definimos-en-mexico-aseguro\/"},"wordCount":598,"commentCount":0,"publisher":{"@id":"https:\/\/redamlo.com\/#organization"},"image":{"@id":"https:\/\/redamlo.com\/index.php\/2022\/07\/25\/nuevamente-defiende-amlo-la-soberania-energetica-mexicana-nuestras-politicas-las-definimos-en-mexico-aseguro\/#primaryimage"},"thumbnailUrl":"https:\/\/redamlo.com\/wp-content\/uploads\/2022\/07\/454-2.png","keywords":["AMLO","defensa","Extranjeras","Indstria Petroleras","Presidente","Privadas","Relaciones Comerciales","Soberan\u00eda Energetica","T-MEC"],"articleSection":["4T","Econom\u00eda","Nacionales"],"inLanguage":"es","potentialAction":[{"@type":"CommentAction","name":"Comment","target":["https:\/\/redamlo.com\/index.php\/2022\/07\/25\/nuevamente-defiende-amlo-la-soberania-energetica-mexicana-nuestras-politicas-las-definimos-en-mexico-aseguro\/#respond"]}]},{"@type":"WebPage","@id":"https:\/\/redamlo.com\/index.php\/2022\/07\/25\/nuevamente-defiende-amlo-la-soberania-energetica-mexicana-nuestras-politicas-las-definimos-en-mexico-aseguro\/","url":"https:\/\/redamlo.com\/index.php\/2022\/07\/25\/nuevamente-defiende-amlo-la-soberania-energetica-mexicana-nuestras-politicas-las-definimos-en-mexico-aseguro\/","name":"Nuevamente defiende AMLO la soberan\u00eda energ\u00e9tica mexicana; \u201cNuestras pol\u00edticas las definimos en M\u00e9xico\u201d, asegur\u00f3 - NOTICIAS DE LA 4T","isPartOf":{"@id":"https:\/\/redamlo.com\/#website"},"primaryImageOfPage":{"@id":"https:\/\/redamlo.com\/index.php\/2022\/07\/25\/nuevamente-defiende-amlo-la-soberania-energetica-mexicana-nuestras-politicas-las-definimos-en-mexico-aseguro\/#primaryimage"},"image":{"@id":"https:\/\/redamlo.com\/index.php\/2022\/07\/25\/nuevamente-defiende-amlo-la-soberania-energetica-mexicana-nuestras-politicas-las-definimos-en-mexico-aseguro\/#primaryimage"},"thumbnailUrl":"https:\/\/redamlo.com\/wp-content\/uploads\/2022\/07\/454-2.png","datePublished":"2022-07-26T01:09:31+00:00","breadcrumb":{"@id":"https:\/\/redamlo.com\/index.php\/2022\/07\/25\/nuevamente-defiende-amlo-la-soberania-energetica-mexicana-nuestras-politicas-las-definimos-en-mexico-aseguro\/#breadcrumb"},"inLanguage":"es","potentialAction":[{"@type":"ReadAction","target":["https:\/\/redamlo.com\/index.php\/2022\/07\/25\/nuevamente-defiende-amlo-la-soberania-energetica-mexicana-nuestras-politicas-las-definimos-en-mexico-aseguro\/"]}]},{"@type":"ImageObject","inLanguage":"es","@id":"https:\/\/redamlo.com\/index.php\/2022\/07\/25\/nuevamente-defiende-amlo-la-soberania-energetica-mexicana-nuestras-politicas-las-definimos-en-mexico-aseguro\/#primaryimage","url":"https:\/\/redamlo.com\/wp-content\/uploads\/2022\/07\/454-2.png","contentUrl":"https:\/\/redamlo.com\/wp-content\/uploads\/2022\/07\/454-2.png","width":1140,"height":712},{"@type":"BreadcrumbList","@id":"https:\/\/redamlo.com\/index.php\/2022\/07\/25\/nuevamente-defiende-amlo-la-soberania-energetica-mexicana-nuestras-politicas-las-definimos-en-mexico-aseguro\/#breadcrumb","itemListElement":[{"@type":"ListItem","position":1,"name":"Inicio","item":"https:\/\/redamlo.com\/"},{"@type":"ListItem","position":2,"name":"Nuevamente defiende AMLO la soberan\u00eda energ\u00e9tica mexicana; \u201cNuestras pol\u00edticas las definimos en M\u00e9xico\u201d, asegur\u00f3"}]},{"@type":"WebSite","@id":"https:\/\/redamlo.com\/#website","url":"https:\/\/redamlo.com\/","name":"NOTICIAS DE LA 4T","description":"","publisher":{"@id":"https:\/\/redamlo.com\/#organization"},"potentialAction":[{"@type":"SearchAction","target":{"@type":"EntryPoint","urlTemplate":"https:\/\/redamlo.com\/?s={search_term_string}"},"query-input":{"@type":"PropertyValueSpecification","valueRequired":true,"valueName":"search_term_string"}}],"inLanguage":"es"},{"@type":"Organization","@id":"https:\/\/redamlo.com\/#organization","name":"NOTICIAS DE LA 4T","url":"https:\/\/redamlo.com\/","logo":{"@type":"ImageObject","inLanguage":"es","@id":"https:\/\/redamlo.com\/#\/schema\/logo\/image\/","url":"https:\/\/redamlo.com\/wp-content\/uploads\/2024\/08\/cropped-RED-AMLO-logo-50.png","contentUrl":"https:\/\/redamlo.com\/wp-content\/uploads\/2024\/08\/cropped-RED-AMLO-logo-50.png","width":256,"height":256,"caption":"NOTICIAS DE LA 4T"},"image":{"@id":"https:\/\/redamlo.com\/#\/schema\/logo\/image\/"}},{"@type":"Person","@id":"https:\/\/redamlo.com\/#\/schema\/person\/7223a4375eb8f1a782fcae010a7115cf","name":"Blanca","image":{"@type":"ImageObject","inLanguage":"es","@id":"https:\/\/secure.gravatar.com\/avatar\/3f79bc8336367a4e6093eae8757acaaf61d1124834b905616de7829b0273426d?s=96&d=mm&r=g","url":"https:\/\/secure.gravatar.com\/avatar\/3f79bc8336367a4e6093eae8757acaaf61d1124834b905616de7829b0273426d?s=96&d=mm&r=g","contentUrl":"https:\/\/secure.gravatar.com\/avatar\/3f79bc8336367a4e6093eae8757acaaf61d1124834b905616de7829b0273426d?s=96&d=mm&r=g","caption":"Blanca"},"url":"https:\/\/redamlo.com\/index.php\/author\/blanca\/"}]}},"_links":{"self":[{"href":"https:\/\/redamlo.com\/index.php\/wp-json\/wp\/v2\/posts\/6352","targetHints":{"allow":["GET"]}}],"collection":[{"href":"https:\/\/redamlo.com\/index.php\/wp-json\/wp\/v2\/posts"}],"about":[{"href":"https:\/\/redamlo.com\/index.php\/wp-json\/wp\/v2\/types\/post"}],"author":[{"embeddable":true,"href":"https:\/\/redamlo.com\/index.php\/wp-json\/wp\/v2\/users\/2"}],"replies":[{"embeddable":true,"href":"https:\/\/redamlo.com\/index.php\/wp-json\/wp\/v2\/comments?post=6352"}],"version-history":[{"count":0,"href":"https:\/\/redamlo.com\/index.php\/wp-json\/wp\/v2\/posts\/6352\/revisions"}],"wp:featuredmedia":[{"embeddable":true,"href":"https:\/\/redamlo.com\/index.php\/wp-json\/wp\/v2\/media\/6353"}],"wp:attachment":[{"href":"https:\/\/redamlo.com\/index.php\/wp-json\/wp\/v2\/media?parent=6352"}],"wp:term":[{"taxonomy":"category","embeddable":true,"href":"https:\/\/redamlo.com\/index.php\/wp-json\/wp\/v2\/categories?post=6352"},{"taxonomy":"post_tag","embeddable":true,"href":"https:\/\/redamlo.com\/index.php\/wp-json\/wp\/v2\/tags?post=6352"}],"curies":[{"name":"wp","href":"https:\/\/api.w.org\/{rel}","templated":true}]}}