{"id":6339,"date":"2022-07-04T18:43:25","date_gmt":"2022-07-04T23:43:25","guid":{"rendered":"https:\/\/redamlo.com\/?p=6339"},"modified":"2022-07-04T18:43:25","modified_gmt":"2022-07-04T23:43:25","slug":"amlo-por-retiro-de-la-estatua-de-la-libertad-si-assange-no-es-indultado","status":"publish","type":"post","link":"https:\/\/redamlo.com\/index.php\/2022\/07\/04\/amlo-por-retiro-de-la-estatua-de-la-libertad-si-assange-no-es-indultado\/","title":{"rendered":"AMLO por retiro de La Estatua de la Libertad si Assange no es indultado"},"content":{"rendered":"<p><strong>Red Amlo.- AMLO dijo que si Assange es llevado a EEUU y condenado a morir en presi\u00f3n, comenzar campa\u00f1a para desmonte de Estatua de La Libertad en Nueva York.<\/strong><\/p>\n<p>El presidente AMLO durante su conferencia de prensa Ma\u00f1anera dijo que si Assange era condenado a prisi\u00f3n y muerte en Estados Unidos, <strong>pedir\u00eda campa\u00f1a para desmontar la estatua de la Libertad.<\/strong><\/p>\n<p>Y es que respondi\u00f3 a los cuestionamiento de la prensa sobre\u00a0<strong>la situaci\u00f3n de los periodistas en M\u00e9xico.<\/strong><\/p>\n<p>-Hace unos d\u00edas di a conocer un encarte del New York Times hablando del superpolic\u00eda Genaro Garc\u00eda Luna, y es el New York Times; y el Financial Times hace lo mismo\u00a0<strong>y el Wall Street Journal y todos\u00bb.<\/strong><\/p>\n<p><strong>O sea, dijo AMLO, estamos hablando esto de Assange.<\/strong><\/p>\n<p>-\u00ab\u00bfQu\u00e9, no vale la pena que se ocupe el New York Times del asunto, o\u00a0<strong>el Washington Post o el Financial Times o El Pa\u00eds?, pregunt\u00f3 el presidente.<\/strong><\/p>\n<p>Y, dijo, \u00abconvocar a un encuentro de la prensa m\u00e1s importante del mundo para exhortar, para pedir, para llamar a que se le otorgue un indulto a Assange?\u00a0<strong>Si no lo hace, van a quedar manchados\u00bb.<\/strong><\/p>\n<p><img loading=\"lazy\" decoding=\"async\" class=\"\" src=\"https:\/\/regeneracion.mx\/wp-content\/uploads\/2022\/07\/amlolibertadjul22.jpg\" alt=\"AMLO, estatua de la Libertad\" width=\"803\" height=\"535\" \/><\/p>\n<h2>AMLO<\/h2>\n<p>En ese sentido AMLO se\u00f1al\u00f3 que si Assange es condenado\u00a0<strong>hay que hacer campa\u00f1a para trasladar la Estatua de La Libertad para otra parte.<\/strong><\/p>\n<p>-Y hay que empezar con la campa\u00f1a que, si lo llevan a Estados Unidos y lo condenan a pena m\u00e1xima y a morir en prisi\u00f3n, hay que empezar\u00a0<strong>la campa\u00f1a de que se desmonte la Estatua de La Libertad\u00bb.<\/strong><\/p>\n<div class=\"google-auto-placed ap_container\"><\/div>\n<p>Misma, que dijo AMLO: \u00abque entregaron los franceses y\u00a0<strong>que est\u00e1 en Nueva York, porque ya no es s\u00edmbolo de libertad\u00bb.<\/strong><\/p>\n<h2>Biden<\/h2>\n<p>Por otra parte a pregunta expresa AMLO se\u00f1al\u00f3 que el tema<strong>\u00a0lo tratara con Joe Biden, presidente de los Estados Unidos<\/strong><\/p>\n<p><strong>fueron distintos personajes a la embajada de Estados Unidos en M\u00e9xico a confesarse\u00bb.<\/strong><\/p>\n<p>Lo anterior, record\u00f3 AMLO.<\/p>\n<p>Cabe destacar que AMLO dijo que\u00a0<strong>no s\u00f3lo es M\u00e9xico, es todo el mundo.<\/strong><\/p>\n<p>Pero, adem\u00e1s, cuando se dio a conocer esta informaci\u00f3n participaron<strong>\u00a0varios medios, se pusieron de acuerdo en el mundo para dar a conocer toda la informaci\u00f3n.<\/strong><\/p>\n<p>Esto, \u00abporque consideraron que era un aporte a la defensa<strong>\u00a0de los derechos humanos, a la libertad de expresi\u00f3n\u00bb.<\/strong><\/p>\n<p>Es decir, para no continuar con el doble discurso,\u00a0<strong>con las mentiras, con el estar declarando una cosa y estar haciendo otra.<\/strong><\/p>\n<p><strong>Y, \u00abEntonces, ahora lo dejan solo\u00bb, acus\u00f3 AMLO.<\/strong><\/p>\n<p>Fuente: regeneraci\u00f3n.mx<\/p>\n","protected":false},"excerpt":{"rendered":"<p>Red Amlo.- AMLO dijo que si Assange es llevado a EEUU y condenado a morir&#8230;<\/p>\n","protected":false},"author":2,"featured_media":6340,"comment_status":"open","ping_status":"closed","sticky":false,"template":"","format":"standard","meta":{"footnotes":""},"categories":[25,13],"tags":[1895,84,2015,362,2307,2308,2309,2310,2311],"class_list":["post-6339","post","type-post","status-publish","format-standard","has-post-thumbnail","hentry","category-4t","category-internacionales","tag-8-aspirantes","tag-amlo","tag-assange","tag-biden","tag-condena-a-muerte","tag-desmontar","tag-esados-unidos","tag-estatua-de-la-livertad","tag-traslado"],"yoast_head":"<!-- This site is optimized with the Yoast SEO plugin v27.5 - https:\/\/yoast.com\/product\/yoast-seo-wordpress\/ -->\n<title>AMLO por retiro de La Estatua de la Libertad si Assange no es indultado - NOTICIAS DE LA 4T<\/title>\n<meta name=\"robots\" content=\"noindex, follow, max-snippet:-1, max-image-preview:large, max-video-preview:-1\" \/>\n<meta property=\"og:locale\" content=\"es_MX\" \/>\n<meta property=\"og:type\" content=\"article\" \/>\n<meta property=\"og:title\" content=\"AMLO por retiro de La Estatua de la Libertad si Assange no es indultado - NOTICIAS DE LA 4T\" \/>\n<meta property=\"og:description\" content=\"Red Amlo.- AMLO dijo que si Assange es llevado a EEUU y condenado a morir...\" \/>\n<meta property=\"og:url\" content=\"https:\/\/redamlo.com\/index.php\/2022\/07\/04\/amlo-por-retiro-de-la-estatua-de-la-libertad-si-assange-no-es-indultado\/\" \/>\n<meta property=\"og:site_name\" content=\"NOTICIAS DE LA 4T\" \/>\n<meta property=\"article:published_time\" content=\"2022-07-04T23:43:25+00:00\" \/>\n<meta property=\"og:image\" content=\"https:\/\/redamlo.com\/wp-content\/uploads\/2022\/07\/454.png\" \/>\n\t<meta property=\"og:image:width\" content=\"995\" \/>\n\t<meta property=\"og:image:height\" content=\"673\" \/>\n\t<meta property=\"og:image:type\" content=\"image\/png\" \/>\n<meta name=\"author\" content=\"Blanca\" \/>\n<meta name=\"twitter:card\" content=\"summary_large_image\" \/>\n<meta name=\"twitter:label1\" content=\"Escrito por\" \/>\n\t<meta name=\"twitter:data1\" content=\"Blanca\" \/>\n\t<meta name=\"twitter:label2\" content=\"Tiempo de lectura\" \/>\n\t<meta name=\"twitter:data2\" content=\"2 minutos\" \/>\n<script type=\"application\/ld+json\" class=\"yoast-schema-graph\">{\"@context\":\"https:\\\/\\\/schema.org\",\"@graph\":[{\"@type\":\"Article\",\"@id\":\"https:\\\/\\\/redamlo.com\\\/index.php\\\/2022\\\/07\\\/04\\\/amlo-por-retiro-de-la-estatua-de-la-libertad-si-assange-no-es-indultado\\\/#article\",\"isPartOf\":{\"@id\":\"https:\\\/\\\/redamlo.com\\\/index.php\\\/2022\\\/07\\\/04\\\/amlo-por-retiro-de-la-estatua-de-la-libertad-si-assange-no-es-indultado\\\/\"},\"author\":{\"name\":\"Blanca\",\"@id\":\"https:\\\/\\\/redamlo.com\\\/#\\\/schema\\\/person\\\/7223a4375eb8f1a782fcae010a7115cf\"},\"headline\":\"AMLO por retiro de La Estatua de la Libertad si Assange no es indultado\",\"datePublished\":\"2022-07-04T23:43:25+00:00\",\"mainEntityOfPage\":{\"@id\":\"https:\\\/\\\/redamlo.com\\\/index.php\\\/2022\\\/07\\\/04\\\/amlo-por-retiro-de-la-estatua-de-la-libertad-si-assange-no-es-indultado\\\/\"},\"wordCount\":450,\"commentCount\":0,\"publisher\":{\"@id\":\"https:\\\/\\\/redamlo.com\\\/#organization\"},\"image\":{\"@id\":\"https:\\\/\\\/redamlo.com\\\/index.php\\\/2022\\\/07\\\/04\\\/amlo-por-retiro-de-la-estatua-de-la-libertad-si-assange-no-es-indultado\\\/#primaryimage\"},\"thumbnailUrl\":\"https:\\\/\\\/redamlo.com\\\/wp-content\\\/uploads\\\/2022\\\/07\\\/454.png\",\"keywords\":[\"8 Aspirantes\",\"AMLO\",\"Assange\",\"Biden\",\"Condena a Muerte\",\"Desmontar\",\"Esados Unidos\",\"Estatua de la Livertad\",\"Traslado\"],\"articleSection\":[\"4T\",\"Internacionales\"],\"inLanguage\":\"es\",\"potentialAction\":[{\"@type\":\"CommentAction\",\"name\":\"Comment\",\"target\":[\"https:\\\/\\\/redamlo.com\\\/index.php\\\/2022\\\/07\\\/04\\\/amlo-por-retiro-de-la-estatua-de-la-libertad-si-assange-no-es-indultado\\\/#respond\"]}]},{\"@type\":\"WebPage\",\"@id\":\"https:\\\/\\\/redamlo.com\\\/index.php\\\/2022\\\/07\\\/04\\\/amlo-por-retiro-de-la-estatua-de-la-libertad-si-assange-no-es-indultado\\\/\",\"url\":\"https:\\\/\\\/redamlo.com\\\/index.php\\\/2022\\\/07\\\/04\\\/amlo-por-retiro-de-la-estatua-de-la-libertad-si-assange-no-es-indultado\\\/\",\"name\":\"AMLO por retiro de La Estatua de la Libertad si Assange no es indultado - NOTICIAS DE LA 4T\",\"isPartOf\":{\"@id\":\"https:\\\/\\\/redamlo.com\\\/#website\"},\"primaryImageOfPage\":{\"@id\":\"https:\\\/\\\/redamlo.com\\\/index.php\\\/2022\\\/07\\\/04\\\/amlo-por-retiro-de-la-estatua-de-la-libertad-si-assange-no-es-indultado\\\/#primaryimage\"},\"image\":{\"@id\":\"https:\\\/\\\/redamlo.com\\\/index.php\\\/2022\\\/07\\\/04\\\/amlo-por-retiro-de-la-estatua-de-la-libertad-si-assange-no-es-indultado\\\/#primaryimage\"},\"thumbnailUrl\":\"https:\\\/\\\/redamlo.com\\\/wp-content\\\/uploads\\\/2022\\\/07\\\/454.png\",\"datePublished\":\"2022-07-04T23:43:25+00:00\",\"breadcrumb\":{\"@id\":\"https:\\\/\\\/redamlo.com\\\/index.php\\\/2022\\\/07\\\/04\\\/amlo-por-retiro-de-la-estatua-de-la-libertad-si-assange-no-es-indultado\\\/#breadcrumb\"},\"inLanguage\":\"es\",\"potentialAction\":[{\"@type\":\"ReadAction\",\"target\":[\"https:\\\/\\\/redamlo.com\\\/index.php\\\/2022\\\/07\\\/04\\\/amlo-por-retiro-de-la-estatua-de-la-libertad-si-assange-no-es-indultado\\\/\"]}]},{\"@type\":\"ImageObject\",\"inLanguage\":\"es\",\"@id\":\"https:\\\/\\\/redamlo.com\\\/index.php\\\/2022\\\/07\\\/04\\\/amlo-por-retiro-de-la-estatua-de-la-libertad-si-assange-no-es-indultado\\\/#primaryimage\",\"url\":\"https:\\\/\\\/redamlo.com\\\/wp-content\\\/uploads\\\/2022\\\/07\\\/454.png\",\"contentUrl\":\"https:\\\/\\\/redamlo.com\\\/wp-content\\\/uploads\\\/2022\\\/07\\\/454.png\",\"width\":995,\"height\":673},{\"@type\":\"BreadcrumbList\",\"@id\":\"https:\\\/\\\/redamlo.com\\\/index.php\\\/2022\\\/07\\\/04\\\/amlo-por-retiro-de-la-estatua-de-la-libertad-si-assange-no-es-indultado\\\/#breadcrumb\",\"itemListElement\":[{\"@type\":\"ListItem\",\"position\":1,\"name\":\"Inicio\",\"item\":\"https:\\\/\\\/redamlo.com\\\/\"},{\"@type\":\"ListItem\",\"position\":2,\"name\":\"AMLO por retiro de La Estatua de la Libertad si Assange no es indultado\"}]},{\"@type\":\"WebSite\",\"@id\":\"https:\\\/\\\/redamlo.com\\\/#website\",\"url\":\"https:\\\/\\\/redamlo.com\\\/\",\"name\":\"NOTICIAS DE LA 4T\",\"description\":\"\",\"publisher\":{\"@id\":\"https:\\\/\\\/redamlo.com\\\/#organization\"},\"potentialAction\":[{\"@type\":\"SearchAction\",\"target\":{\"@type\":\"EntryPoint\",\"urlTemplate\":\"https:\\\/\\\/redamlo.com\\\/?s={search_term_string}\"},\"query-input\":{\"@type\":\"PropertyValueSpecification\",\"valueRequired\":true,\"valueName\":\"search_term_string\"}}],\"inLanguage\":\"es\"},{\"@type\":\"Organization\",\"@id\":\"https:\\\/\\\/redamlo.com\\\/#organization\",\"name\":\"NOTICIAS DE LA 4T\",\"url\":\"https:\\\/\\\/redamlo.com\\\/\",\"logo\":{\"@type\":\"ImageObject\",\"inLanguage\":\"es\",\"@id\":\"https:\\\/\\\/redamlo.com\\\/#\\\/schema\\\/logo\\\/image\\\/\",\"url\":\"https:\\\/\\\/redamlo.com\\\/wp-content\\\/uploads\\\/2024\\\/08\\\/cropped-RED-AMLO-logo-50.png\",\"contentUrl\":\"https:\\\/\\\/redamlo.com\\\/wp-content\\\/uploads\\\/2024\\\/08\\\/cropped-RED-AMLO-logo-50.png\",\"width\":256,\"height\":256,\"caption\":\"NOTICIAS DE LA 4T\"},\"image\":{\"@id\":\"https:\\\/\\\/redamlo.com\\\/#\\\/schema\\\/logo\\\/image\\\/\"}},{\"@type\":\"Person\",\"@id\":\"https:\\\/\\\/redamlo.com\\\/#\\\/schema\\\/person\\\/7223a4375eb8f1a782fcae010a7115cf\",\"name\":\"Blanca\",\"image\":{\"@type\":\"ImageObject\",\"inLanguage\":\"es\",\"@id\":\"https:\\\/\\\/secure.gravatar.com\\\/avatar\\\/3f79bc8336367a4e6093eae8757acaaf61d1124834b905616de7829b0273426d?s=96&d=mm&r=g\",\"url\":\"https:\\\/\\\/secure.gravatar.com\\\/avatar\\\/3f79bc8336367a4e6093eae8757acaaf61d1124834b905616de7829b0273426d?s=96&d=mm&r=g\",\"contentUrl\":\"https:\\\/\\\/secure.gravatar.com\\\/avatar\\\/3f79bc8336367a4e6093eae8757acaaf61d1124834b905616de7829b0273426d?s=96&d=mm&r=g\",\"caption\":\"Blanca\"},\"url\":\"https:\\\/\\\/redamlo.com\\\/index.php\\\/author\\\/blanca\\\/\"}]}<\/script>\n<!-- \/ Yoast SEO plugin. -->","yoast_head_json":{"title":"AMLO por retiro de La Estatua de la Libertad si Assange no es indultado - NOTICIAS DE LA 4T","robots":{"index":"noindex","follow":"follow","max-snippet":"max-snippet:-1","max-image-preview":"max-image-preview:large","max-video-preview":"max-video-preview:-1"},"og_locale":"es_MX","og_type":"article","og_title":"AMLO por retiro de La Estatua de la Libertad si Assange no es indultado - NOTICIAS DE LA 4T","og_description":"Red Amlo.- AMLO dijo que si Assange es llevado a EEUU y condenado a morir...","og_url":"https:\/\/redamlo.com\/index.php\/2022\/07\/04\/amlo-por-retiro-de-la-estatua-de-la-libertad-si-assange-no-es-indultado\/","og_site_name":"NOTICIAS DE LA 4T","article_published_time":"2022-07-04T23:43:25+00:00","og_image":[{"width":995,"height":673,"url":"https:\/\/redamlo.com\/wp-content\/uploads\/2022\/07\/454.png","type":"image\/png"}],"author":"Blanca","twitter_card":"summary_large_image","twitter_misc":{"Escrito por":"Blanca","Tiempo de lectura":"2 minutos"},"schema":{"@context":"https:\/\/schema.org","@graph":[{"@type":"Article","@id":"https:\/\/redamlo.com\/index.php\/2022\/07\/04\/amlo-por-retiro-de-la-estatua-de-la-libertad-si-assange-no-es-indultado\/#article","isPartOf":{"@id":"https:\/\/redamlo.com\/index.php\/2022\/07\/04\/amlo-por-retiro-de-la-estatua-de-la-libertad-si-assange-no-es-indultado\/"},"author":{"name":"Blanca","@id":"https:\/\/redamlo.com\/#\/schema\/person\/7223a4375eb8f1a782fcae010a7115cf"},"headline":"AMLO por retiro de La Estatua de la Libertad si Assange no es indultado","datePublished":"2022-07-04T23:43:25+00:00","mainEntityOfPage":{"@id":"https:\/\/redamlo.com\/index.php\/2022\/07\/04\/amlo-por-retiro-de-la-estatua-de-la-libertad-si-assange-no-es-indultado\/"},"wordCount":450,"commentCount":0,"publisher":{"@id":"https:\/\/redamlo.com\/#organization"},"image":{"@id":"https:\/\/redamlo.com\/index.php\/2022\/07\/04\/amlo-por-retiro-de-la-estatua-de-la-libertad-si-assange-no-es-indultado\/#primaryimage"},"thumbnailUrl":"https:\/\/redamlo.com\/wp-content\/uploads\/2022\/07\/454.png","keywords":["8 Aspirantes","AMLO","Assange","Biden","Condena a Muerte","Desmontar","Esados Unidos","Estatua de la Livertad","Traslado"],"articleSection":["4T","Internacionales"],"inLanguage":"es","potentialAction":[{"@type":"CommentAction","name":"Comment","target":["https:\/\/redamlo.com\/index.php\/2022\/07\/04\/amlo-por-retiro-de-la-estatua-de-la-libertad-si-assange-no-es-indultado\/#respond"]}]},{"@type":"WebPage","@id":"https:\/\/redamlo.com\/index.php\/2022\/07\/04\/amlo-por-retiro-de-la-estatua-de-la-libertad-si-assange-no-es-indultado\/","url":"https:\/\/redamlo.com\/index.php\/2022\/07\/04\/amlo-por-retiro-de-la-estatua-de-la-libertad-si-assange-no-es-indultado\/","name":"AMLO por retiro de La Estatua de la Libertad si Assange no es indultado - NOTICIAS DE LA 4T","isPartOf":{"@id":"https:\/\/redamlo.com\/#website"},"primaryImageOfPage":{"@id":"https:\/\/redamlo.com\/index.php\/2022\/07\/04\/amlo-por-retiro-de-la-estatua-de-la-libertad-si-assange-no-es-indultado\/#primaryimage"},"image":{"@id":"https:\/\/redamlo.com\/index.php\/2022\/07\/04\/amlo-por-retiro-de-la-estatua-de-la-libertad-si-assange-no-es-indultado\/#primaryimage"},"thumbnailUrl":"https:\/\/redamlo.com\/wp-content\/uploads\/2022\/07\/454.png","datePublished":"2022-07-04T23:43:25+00:00","breadcrumb":{"@id":"https:\/\/redamlo.com\/index.php\/2022\/07\/04\/amlo-por-retiro-de-la-estatua-de-la-libertad-si-assange-no-es-indultado\/#breadcrumb"},"inLanguage":"es","potentialAction":[{"@type":"ReadAction","target":["https:\/\/redamlo.com\/index.php\/2022\/07\/04\/amlo-por-retiro-de-la-estatua-de-la-libertad-si-assange-no-es-indultado\/"]}]},{"@type":"ImageObject","inLanguage":"es","@id":"https:\/\/redamlo.com\/index.php\/2022\/07\/04\/amlo-por-retiro-de-la-estatua-de-la-libertad-si-assange-no-es-indultado\/#primaryimage","url":"https:\/\/redamlo.com\/wp-content\/uploads\/2022\/07\/454.png","contentUrl":"https:\/\/redamlo.com\/wp-content\/uploads\/2022\/07\/454.png","width":995,"height":673},{"@type":"BreadcrumbList","@id":"https:\/\/redamlo.com\/index.php\/2022\/07\/04\/amlo-por-retiro-de-la-estatua-de-la-libertad-si-assange-no-es-indultado\/#breadcrumb","itemListElement":[{"@type":"ListItem","position":1,"name":"Inicio","item":"https:\/\/redamlo.com\/"},{"@type":"ListItem","position":2,"name":"AMLO por retiro de La Estatua de la Libertad si Assange no es indultado"}]},{"@type":"WebSite","@id":"https:\/\/redamlo.com\/#website","url":"https:\/\/redamlo.com\/","name":"NOTICIAS DE LA 4T","description":"","publisher":{"@id":"https:\/\/redamlo.com\/#organization"},"potentialAction":[{"@type":"SearchAction","target":{"@type":"EntryPoint","urlTemplate":"https:\/\/redamlo.com\/?s={search_term_string}"},"query-input":{"@type":"PropertyValueSpecification","valueRequired":true,"valueName":"search_term_string"}}],"inLanguage":"es"},{"@type":"Organization","@id":"https:\/\/redamlo.com\/#organization","name":"NOTICIAS DE LA 4T","url":"https:\/\/redamlo.com\/","logo":{"@type":"ImageObject","inLanguage":"es","@id":"https:\/\/redamlo.com\/#\/schema\/logo\/image\/","url":"https:\/\/redamlo.com\/wp-content\/uploads\/2024\/08\/cropped-RED-AMLO-logo-50.png","contentUrl":"https:\/\/redamlo.com\/wp-content\/uploads\/2024\/08\/cropped-RED-AMLO-logo-50.png","width":256,"height":256,"caption":"NOTICIAS DE LA 4T"},"image":{"@id":"https:\/\/redamlo.com\/#\/schema\/logo\/image\/"}},{"@type":"Person","@id":"https:\/\/redamlo.com\/#\/schema\/person\/7223a4375eb8f1a782fcae010a7115cf","name":"Blanca","image":{"@type":"ImageObject","inLanguage":"es","@id":"https:\/\/secure.gravatar.com\/avatar\/3f79bc8336367a4e6093eae8757acaaf61d1124834b905616de7829b0273426d?s=96&d=mm&r=g","url":"https:\/\/secure.gravatar.com\/avatar\/3f79bc8336367a4e6093eae8757acaaf61d1124834b905616de7829b0273426d?s=96&d=mm&r=g","contentUrl":"https:\/\/secure.gravatar.com\/avatar\/3f79bc8336367a4e6093eae8757acaaf61d1124834b905616de7829b0273426d?s=96&d=mm&r=g","caption":"Blanca"},"url":"https:\/\/redamlo.com\/index.php\/author\/blanca\/"}]}},"_links":{"self":[{"href":"https:\/\/redamlo.com\/index.php\/wp-json\/wp\/v2\/posts\/6339","targetHints":{"allow":["GET"]}}],"collection":[{"href":"https:\/\/redamlo.com\/index.php\/wp-json\/wp\/v2\/posts"}],"about":[{"href":"https:\/\/redamlo.com\/index.php\/wp-json\/wp\/v2\/types\/post"}],"author":[{"embeddable":true,"href":"https:\/\/redamlo.com\/index.php\/wp-json\/wp\/v2\/users\/2"}],"replies":[{"embeddable":true,"href":"https:\/\/redamlo.com\/index.php\/wp-json\/wp\/v2\/comments?post=6339"}],"version-history":[{"count":0,"href":"https:\/\/redamlo.com\/index.php\/wp-json\/wp\/v2\/posts\/6339\/revisions"}],"wp:featuredmedia":[{"embeddable":true,"href":"https:\/\/redamlo.com\/index.php\/wp-json\/wp\/v2\/media\/6340"}],"wp:attachment":[{"href":"https:\/\/redamlo.com\/index.php\/wp-json\/wp\/v2\/media?parent=6339"}],"wp:term":[{"taxonomy":"category","embeddable":true,"href":"https:\/\/redamlo.com\/index.php\/wp-json\/wp\/v2\/categories?post=6339"},{"taxonomy":"post_tag","embeddable":true,"href":"https:\/\/redamlo.com\/index.php\/wp-json\/wp\/v2\/tags?post=6339"}],"curies":[{"name":"wp","href":"https:\/\/api.w.org\/{rel}","templated":true}]}}