{"id":6312,"date":"2022-04-25T14:38:33","date_gmt":"2022-04-25T19:38:33","guid":{"rendered":"https:\/\/redamlo.com\/?p=6312"},"modified":"2022-04-25T14:38:33","modified_gmt":"2022-04-25T19:38:33","slug":"sheinbaum-y-layda-sansores-manifiestan-respaldo-total-de-la-4t-hacia-mara-lezama-en-quintana-roo-mc-y-j-l-pech-traidores-a-la-patria","status":"publish","type":"post","link":"https:\/\/redamlo.com\/index.php\/2022\/04\/25\/sheinbaum-y-layda-sansores-manifiestan-respaldo-total-de-la-4t-hacia-mara-lezama-en-quintana-roo-mc-y-j-l-pech-traidores-a-la-patria\/","title":{"rendered":"Sheinbaum y Layda Sansores manifiestan respaldo total de la 4T hacia Mara Lezama en Quintana Roo; MC y J. L. Pech traidores a la patria"},"content":{"rendered":"<p><em>REDAMLO.-<\/em> La candidata de Morena por la gubernatura de Quintana Roo, <strong>Mara Lezama fue arropada en un evento multitudinario por m\u00e1s de nueve mil quintanarroenses y con especial presencia de Claudia Sheinbaum y Layda Sansores San Rom\u00e1n<\/strong>, jefa de Gobierno de la Ciudad de M\u00e9xico y gobernadora de Campeche respectivamente.<\/p>\n<figure id=\"attachment_6314\" aria-describedby=\"caption-attachment-6314\" style=\"width: 300px\" class=\"wp-caption aligncenter\"><img loading=\"lazy\" decoding=\"async\" class=\"size-medium wp-image-6314\" src=\"https:\/\/redamlo.com\/wp-content\/uploads\/2022\/04\/WhatsApp-Image-2022-04-24-at-8.33.10-PM-300x200.jpeg\" alt=\"\" width=\"300\" height=\"200\" srcset=\"https:\/\/redamlo.com\/wp-content\/uploads\/2022\/04\/WhatsApp-Image-2022-04-24-at-8.33.10-PM-300x200.jpeg 300w, https:\/\/redamlo.com\/wp-content\/uploads\/2022\/04\/WhatsApp-Image-2022-04-24-at-8.33.10-PM-1024x682.jpeg 1024w, https:\/\/redamlo.com\/wp-content\/uploads\/2022\/04\/WhatsApp-Image-2022-04-24-at-8.33.10-PM-768x512.jpeg 768w, https:\/\/redamlo.com\/wp-content\/uploads\/2022\/04\/WhatsApp-Image-2022-04-24-at-8.33.10-PM.jpeg 1280w\" sizes=\"auto, (max-width: 300px) 100vw, 300px\" \/><figcaption id=\"caption-attachment-6314\" class=\"wp-caption-text\">Mara Lezama en QRoo<\/figcaption><\/figure>\n<p><strong>La presencia de ambas gobernadoras representa el espaldarazo de la 4T hacia Mara Lezama<\/strong>, qui\u00e9n adem\u00e1s aprovecho el evento para\u00a0 impulsar la agenda de la igualdad de g\u00e9nero y el potencial de las mujeres en sentido colectivo e individual en todo el pa\u00eds.<\/p>\n<h3><strong>Mara Lezama representa el Tren Maya<\/strong><\/h3>\n<p>El estado de Quintana Roo es estrat\u00e9gico para el proyecto de infraestructura del <strong>Tren Maya<\/strong>,<strong> siendo esta entidad federativa donde m\u00e1s resistencia pol\u00edtica desde los grupos de poder econ\u00f3mico ha recibido el proyecto.<\/strong> Inclusive el tramo 5 correspondiente a conectar v\u00eda f\u00e9rrea a Canc\u00fan-Playa del Carmen y Tulum tuvo un <a href=\"https:\/\/www.eleconomista.com.mx\/estados\/Fonatur-confirma-el-septimo-cambio-en-el-trazo-del-Tren-Maya-20220120-0010.html\" target=\"_blank\" rel=\"noopener\">cambio de ruta<\/a> s\u00fabitamente a comienzos del a\u00f1o 2022 anunciado por FONATUR y SEDATU, as\u00ed como en el relevo en la titularidad de FONATUR donde Francisco May es el nuevo encargado del proyecto.<\/p>\n<figure id=\"attachment_6313\" aria-describedby=\"caption-attachment-6313\" style=\"width: 373px\" class=\"wp-caption aligncenter\"><img loading=\"lazy\" decoding=\"async\" class=\"wp-image-6313\" src=\"https:\/\/redamlo.com\/wp-content\/uploads\/2022\/04\/Mara_Sheinbaum_sansores-300x225.jpg\" alt=\"\" width=\"373\" height=\"280\" srcset=\"https:\/\/redamlo.com\/wp-content\/uploads\/2022\/04\/Mara_Sheinbaum_sansores-300x225.jpg 300w, https:\/\/redamlo.com\/wp-content\/uploads\/2022\/04\/Mara_Sheinbaum_sansores-768x576.jpg 768w, https:\/\/redamlo.com\/wp-content\/uploads\/2022\/04\/Mara_Sheinbaum_sansores.jpg 1024w\" sizes=\"auto, (max-width: 373px) 100vw, 373px\" \/><figcaption id=\"caption-attachment-6313\" class=\"wp-caption-text\">Layda Sansores, Mara Lezama y Claudia Sheinbaum<\/figcaption><\/figure>\n<p><strong>El respaldo pol\u00edtico de Sheinbaum y de Layda Sansores hacia Mara Lezama fortalece ideol\u00f3gicamente el proyecto de la gubernatura en Quintana Roo y cierra filas de la 4T rumbo a la elecci\u00f3n del 05 de junio de 2022<\/strong> para que el proyecto de movilidad insignia (Tren Maya) de L\u00f3pez Obrador salga adelante como prometi\u00f3 a finales del a\u00f1o 2023.<\/p>\n<h3>Jos\u00e9 Luis Pech y Movimiento Ciudadano; traidores a la patria<\/h3>\n<p>Es importante se\u00f1alar que <strong>los ataques medi\u00e1ticos encabezados por\u00a0 el abanderado de MC, Jos\u00e9 Luis Pech,<\/strong> (ex-senador de Morena) mismo que se ha <em><strong>&#8220;roto las vestiduras&#8221;<\/strong><\/em> <strong>criticando la alianza de MORENA con el Partido Verde Ecologista de M\u00e9xico<\/strong>, sin embargo, la reciente votaci\u00f3n en el Congreso Federal sobre la Iniciativa de la Ley de la Industria El\u00e9ctrica, los legisladores del Partido Verde manifestaron sus votos en respaldo hacia el proyecto de la cuarta transformaci\u00f3n,<a href=\"https:\/\/www.forbes.com.mx\/diputado-del-pvem-se-va-a-mc-y-votara-contra-reforma-electrica\/\" target=\"_blank\" rel=\"noopener\"> <strong>mientras\u00a0 los diputados de Movimiento Ciudadano votaron en bloque con el PAN y el PRI.<\/strong> <\/a><\/p>\n<p><strong>En s\u00edntesis, los diputados del partido Movimiento Ciudadano votaron en contra de la soberan\u00eda energ\u00e9tica de M\u00e9xico<\/strong>, situaci\u00f3n que <a href=\"https:\/\/www.jornada.com.mx\/notas\/2022\/04\/21\/politica\/traidores-a-la-patria-quienes-votaron-contra-reforma-electrica-amlo\/\" target=\"_blank\" rel=\"noopener\"><strong>el presidente Andr\u00e9s Manuel L\u00f3pez Obrador ha considerado como traici\u00f3n a la patria<\/strong><\/a>, tal como lo establece jur\u00eddicamente la Constituci\u00f3n Pol\u00edtica. Jos\u00e9 Luis Pech representa un partido naranja ajeno al inter\u00e9s del pueblo y que ha traicionado el proyecto de la 4T<\/p>\n<p>Tan bajo cay\u00f3 J. L. Pech que tuvo que quitarle la candidatura a Roberto Palazuelos, ese es el nivel pol\u00edtico de Movimiento Ciudadano en Quintana Roo. Pero a\u00fan as\u00ed se atreve a atacar a Mara Lezama con presudo-argumentos ideol\u00f3gicos aludiendo a la decencia.<\/p>\n<p><strong>Mara Lezama representa a la 4T, al tren maya y al pueblo de M\u00e9xico en Quintana Roo.<\/strong><\/p>\n<p>En el evento la acompa\u00f1aron los candidatos a diputados Ricardo Velasco, del Distrito II; Hugo Alday, III; Cristina Alc\u00e9rreca, IV; Mildred \u00c1vila, V; Mar\u00eda Fernanda Cruz, VII e Isaac Janix, VIII.<\/p>\n<p>Previo al mitin, Mara Lezama y Claudia Sheinbaum asistieron a una reuni\u00f3n con fundadores y militantes de Morena en Quintana Roo, en la que tambi\u00e9n particip\u00f3 la gobernadora de Campeche, Layda Sansores San Rom\u00e1n, marco en el cual la abanderada morenista dijo que las mujeres han demostrado que pueden gobernar bien.<\/p>\n<p>Se dijo feliz por la unidad y destac\u00f3 que en la reuni\u00f3n estuvieron morenistas de hace muchos a\u00f1os, quienes han seguido a un gran l\u00edder, como Claudia (Sheinbaum), \u201cuna mujer que ha acompa\u00f1ado a nuestro Presidente en las buenas, en las malas y en las peores, una mujer que inspira\u201d.<\/p>\n","protected":false},"excerpt":{"rendered":"<p>REDAMLO.- La candidata de Morena por la gubernatura de Quintana Roo, Mara Lezama fue arropada&#8230;<\/p>\n","protected":false},"author":2,"featured_media":6315,"comment_status":"open","ping_status":"closed","sticky":false,"template":"","format":"standard","meta":{"footnotes":""},"categories":[25],"tags":[314,2306,521,21,204],"class_list":["post-6312","post","type-post","status-publish","format-standard","has-post-thumbnail","hentry","category-4t","tag-claudia-sheinbaum","tag-layda-sansores","tag-mara-lezama","tag-quintana-roo","tag-tren-maya"],"yoast_head":"<!-- This site is optimized with the Yoast SEO plugin v27.5 - https:\/\/yoast.com\/product\/yoast-seo-wordpress\/ -->\n<title>Sheinbaum y Layda Sansores manifiestan respaldo total de la 4T hacia Mara Lezama en Quintana Roo; MC y J. L. Pech traidores a la patria - NOTICIAS DE LA 4T<\/title>\n<meta name=\"robots\" content=\"noindex, follow, max-snippet:-1, max-image-preview:large, max-video-preview:-1\" \/>\n<meta property=\"og:locale\" content=\"es_MX\" \/>\n<meta property=\"og:type\" content=\"article\" \/>\n<meta property=\"og:title\" content=\"Sheinbaum y Layda Sansores manifiestan respaldo total de la 4T hacia Mara Lezama en Quintana Roo; MC y J. L. Pech traidores a la patria - NOTICIAS DE LA 4T\" \/>\n<meta property=\"og:description\" content=\"REDAMLO.- La candidata de Morena por la gubernatura de Quintana Roo, Mara Lezama fue arropada...\" \/>\n<meta property=\"og:url\" content=\"https:\/\/redamlo.com\/index.php\/2022\/04\/25\/sheinbaum-y-layda-sansores-manifiestan-respaldo-total-de-la-4t-hacia-mara-lezama-en-quintana-roo-mc-y-j-l-pech-traidores-a-la-patria\/\" \/>\n<meta property=\"og:site_name\" content=\"NOTICIAS DE LA 4T\" \/>\n<meta property=\"article:published_time\" content=\"2022-04-25T19:38:33+00:00\" \/>\n<meta property=\"og:image\" content=\"https:\/\/redamlo.com\/wp-content\/uploads\/2022\/04\/MARA_SHEIN_SANSORES.jpg\" \/>\n\t<meta property=\"og:image:width\" content=\"2048\" \/>\n\t<meta property=\"og:image:height\" content=\"1364\" \/>\n\t<meta property=\"og:image:type\" content=\"image\/jpeg\" \/>\n<meta name=\"author\" content=\"Blanca\" \/>\n<meta name=\"twitter:card\" content=\"summary_large_image\" \/>\n<meta name=\"twitter:label1\" content=\"Escrito por\" \/>\n\t<meta name=\"twitter:data1\" content=\"Blanca\" \/>\n\t<meta name=\"twitter:label2\" content=\"Tiempo de lectura\" \/>\n\t<meta name=\"twitter:data2\" content=\"4 minutos\" \/>\n<script type=\"application\/ld+json\" class=\"yoast-schema-graph\">{\"@context\":\"https:\\\/\\\/schema.org\",\"@graph\":[{\"@type\":\"Article\",\"@id\":\"https:\\\/\\\/redamlo.com\\\/index.php\\\/2022\\\/04\\\/25\\\/sheinbaum-y-layda-sansores-manifiestan-respaldo-total-de-la-4t-hacia-mara-lezama-en-quintana-roo-mc-y-j-l-pech-traidores-a-la-patria\\\/#article\",\"isPartOf\":{\"@id\":\"https:\\\/\\\/redamlo.com\\\/index.php\\\/2022\\\/04\\\/25\\\/sheinbaum-y-layda-sansores-manifiestan-respaldo-total-de-la-4t-hacia-mara-lezama-en-quintana-roo-mc-y-j-l-pech-traidores-a-la-patria\\\/\"},\"author\":{\"name\":\"Blanca\",\"@id\":\"https:\\\/\\\/redamlo.com\\\/#\\\/schema\\\/person\\\/7223a4375eb8f1a782fcae010a7115cf\"},\"headline\":\"Sheinbaum y Layda Sansores manifiestan respaldo total de la 4T hacia Mara Lezama en Quintana Roo; MC y J. L. Pech traidores a la patria\",\"datePublished\":\"2022-04-25T19:38:33+00:00\",\"mainEntityOfPage\":{\"@id\":\"https:\\\/\\\/redamlo.com\\\/index.php\\\/2022\\\/04\\\/25\\\/sheinbaum-y-layda-sansores-manifiestan-respaldo-total-de-la-4t-hacia-mara-lezama-en-quintana-roo-mc-y-j-l-pech-traidores-a-la-patria\\\/\"},\"wordCount\":692,\"commentCount\":0,\"publisher\":{\"@id\":\"https:\\\/\\\/redamlo.com\\\/#organization\"},\"image\":{\"@id\":\"https:\\\/\\\/redamlo.com\\\/index.php\\\/2022\\\/04\\\/25\\\/sheinbaum-y-layda-sansores-manifiestan-respaldo-total-de-la-4t-hacia-mara-lezama-en-quintana-roo-mc-y-j-l-pech-traidores-a-la-patria\\\/#primaryimage\"},\"thumbnailUrl\":\"https:\\\/\\\/redamlo.com\\\/wp-content\\\/uploads\\\/2022\\\/04\\\/MARA_SHEIN_SANSORES.jpg\",\"keywords\":[\"Claudia Sheinbaum\",\"Layda Sansores\",\"Mara Lezama\",\"Quintana Roo\",\"Tren Maya\"],\"articleSection\":[\"4T\"],\"inLanguage\":\"es\",\"potentialAction\":[{\"@type\":\"CommentAction\",\"name\":\"Comment\",\"target\":[\"https:\\\/\\\/redamlo.com\\\/index.php\\\/2022\\\/04\\\/25\\\/sheinbaum-y-layda-sansores-manifiestan-respaldo-total-de-la-4t-hacia-mara-lezama-en-quintana-roo-mc-y-j-l-pech-traidores-a-la-patria\\\/#respond\"]}]},{\"@type\":\"WebPage\",\"@id\":\"https:\\\/\\\/redamlo.com\\\/index.php\\\/2022\\\/04\\\/25\\\/sheinbaum-y-layda-sansores-manifiestan-respaldo-total-de-la-4t-hacia-mara-lezama-en-quintana-roo-mc-y-j-l-pech-traidores-a-la-patria\\\/\",\"url\":\"https:\\\/\\\/redamlo.com\\\/index.php\\\/2022\\\/04\\\/25\\\/sheinbaum-y-layda-sansores-manifiestan-respaldo-total-de-la-4t-hacia-mara-lezama-en-quintana-roo-mc-y-j-l-pech-traidores-a-la-patria\\\/\",\"name\":\"Sheinbaum y Layda Sansores manifiestan respaldo total de la 4T hacia Mara Lezama en Quintana Roo; MC y J. L. Pech traidores a la patria - NOTICIAS DE LA 4T\",\"isPartOf\":{\"@id\":\"https:\\\/\\\/redamlo.com\\\/#website\"},\"primaryImageOfPage\":{\"@id\":\"https:\\\/\\\/redamlo.com\\\/index.php\\\/2022\\\/04\\\/25\\\/sheinbaum-y-layda-sansores-manifiestan-respaldo-total-de-la-4t-hacia-mara-lezama-en-quintana-roo-mc-y-j-l-pech-traidores-a-la-patria\\\/#primaryimage\"},\"image\":{\"@id\":\"https:\\\/\\\/redamlo.com\\\/index.php\\\/2022\\\/04\\\/25\\\/sheinbaum-y-layda-sansores-manifiestan-respaldo-total-de-la-4t-hacia-mara-lezama-en-quintana-roo-mc-y-j-l-pech-traidores-a-la-patria\\\/#primaryimage\"},\"thumbnailUrl\":\"https:\\\/\\\/redamlo.com\\\/wp-content\\\/uploads\\\/2022\\\/04\\\/MARA_SHEIN_SANSORES.jpg\",\"datePublished\":\"2022-04-25T19:38:33+00:00\",\"breadcrumb\":{\"@id\":\"https:\\\/\\\/redamlo.com\\\/index.php\\\/2022\\\/04\\\/25\\\/sheinbaum-y-layda-sansores-manifiestan-respaldo-total-de-la-4t-hacia-mara-lezama-en-quintana-roo-mc-y-j-l-pech-traidores-a-la-patria\\\/#breadcrumb\"},\"inLanguage\":\"es\",\"potentialAction\":[{\"@type\":\"ReadAction\",\"target\":[\"https:\\\/\\\/redamlo.com\\\/index.php\\\/2022\\\/04\\\/25\\\/sheinbaum-y-layda-sansores-manifiestan-respaldo-total-de-la-4t-hacia-mara-lezama-en-quintana-roo-mc-y-j-l-pech-traidores-a-la-patria\\\/\"]}]},{\"@type\":\"ImageObject\",\"inLanguage\":\"es\",\"@id\":\"https:\\\/\\\/redamlo.com\\\/index.php\\\/2022\\\/04\\\/25\\\/sheinbaum-y-layda-sansores-manifiestan-respaldo-total-de-la-4t-hacia-mara-lezama-en-quintana-roo-mc-y-j-l-pech-traidores-a-la-patria\\\/#primaryimage\",\"url\":\"https:\\\/\\\/redamlo.com\\\/wp-content\\\/uploads\\\/2022\\\/04\\\/MARA_SHEIN_SANSORES.jpg\",\"contentUrl\":\"https:\\\/\\\/redamlo.com\\\/wp-content\\\/uploads\\\/2022\\\/04\\\/MARA_SHEIN_SANSORES.jpg\",\"width\":2048,\"height\":1364},{\"@type\":\"BreadcrumbList\",\"@id\":\"https:\\\/\\\/redamlo.com\\\/index.php\\\/2022\\\/04\\\/25\\\/sheinbaum-y-layda-sansores-manifiestan-respaldo-total-de-la-4t-hacia-mara-lezama-en-quintana-roo-mc-y-j-l-pech-traidores-a-la-patria\\\/#breadcrumb\",\"itemListElement\":[{\"@type\":\"ListItem\",\"position\":1,\"name\":\"Inicio\",\"item\":\"https:\\\/\\\/redamlo.com\\\/\"},{\"@type\":\"ListItem\",\"position\":2,\"name\":\"Sheinbaum y Layda Sansores manifiestan respaldo total de la 4T hacia Mara Lezama en Quintana Roo; MC y J. L. Pech traidores a la patria\"}]},{\"@type\":\"WebSite\",\"@id\":\"https:\\\/\\\/redamlo.com\\\/#website\",\"url\":\"https:\\\/\\\/redamlo.com\\\/\",\"name\":\"NOTICIAS DE LA 4T\",\"description\":\"\",\"publisher\":{\"@id\":\"https:\\\/\\\/redamlo.com\\\/#organization\"},\"potentialAction\":[{\"@type\":\"SearchAction\",\"target\":{\"@type\":\"EntryPoint\",\"urlTemplate\":\"https:\\\/\\\/redamlo.com\\\/?s={search_term_string}\"},\"query-input\":{\"@type\":\"PropertyValueSpecification\",\"valueRequired\":true,\"valueName\":\"search_term_string\"}}],\"inLanguage\":\"es\"},{\"@type\":\"Organization\",\"@id\":\"https:\\\/\\\/redamlo.com\\\/#organization\",\"name\":\"NOTICIAS DE LA 4T\",\"url\":\"https:\\\/\\\/redamlo.com\\\/\",\"logo\":{\"@type\":\"ImageObject\",\"inLanguage\":\"es\",\"@id\":\"https:\\\/\\\/redamlo.com\\\/#\\\/schema\\\/logo\\\/image\\\/\",\"url\":\"https:\\\/\\\/redamlo.com\\\/wp-content\\\/uploads\\\/2024\\\/08\\\/cropped-RED-AMLO-logo-50.png\",\"contentUrl\":\"https:\\\/\\\/redamlo.com\\\/wp-content\\\/uploads\\\/2024\\\/08\\\/cropped-RED-AMLO-logo-50.png\",\"width\":256,\"height\":256,\"caption\":\"NOTICIAS DE LA 4T\"},\"image\":{\"@id\":\"https:\\\/\\\/redamlo.com\\\/#\\\/schema\\\/logo\\\/image\\\/\"}},{\"@type\":\"Person\",\"@id\":\"https:\\\/\\\/redamlo.com\\\/#\\\/schema\\\/person\\\/7223a4375eb8f1a782fcae010a7115cf\",\"name\":\"Blanca\",\"image\":{\"@type\":\"ImageObject\",\"inLanguage\":\"es\",\"@id\":\"https:\\\/\\\/secure.gravatar.com\\\/avatar\\\/3f79bc8336367a4e6093eae8757acaaf61d1124834b905616de7829b0273426d?s=96&d=mm&r=g\",\"url\":\"https:\\\/\\\/secure.gravatar.com\\\/avatar\\\/3f79bc8336367a4e6093eae8757acaaf61d1124834b905616de7829b0273426d?s=96&d=mm&r=g\",\"contentUrl\":\"https:\\\/\\\/secure.gravatar.com\\\/avatar\\\/3f79bc8336367a4e6093eae8757acaaf61d1124834b905616de7829b0273426d?s=96&d=mm&r=g\",\"caption\":\"Blanca\"},\"url\":\"https:\\\/\\\/redamlo.com\\\/index.php\\\/author\\\/blanca\\\/\"}]}<\/script>\n<!-- \/ Yoast SEO plugin. -->","yoast_head_json":{"title":"Sheinbaum y Layda Sansores manifiestan respaldo total de la 4T hacia Mara Lezama en Quintana Roo; MC y J. L. Pech traidores a la patria - NOTICIAS DE LA 4T","robots":{"index":"noindex","follow":"follow","max-snippet":"max-snippet:-1","max-image-preview":"max-image-preview:large","max-video-preview":"max-video-preview:-1"},"og_locale":"es_MX","og_type":"article","og_title":"Sheinbaum y Layda Sansores manifiestan respaldo total de la 4T hacia Mara Lezama en Quintana Roo; MC y J. L. Pech traidores a la patria - NOTICIAS DE LA 4T","og_description":"REDAMLO.- La candidata de Morena por la gubernatura de Quintana Roo, Mara Lezama fue arropada...","og_url":"https:\/\/redamlo.com\/index.php\/2022\/04\/25\/sheinbaum-y-layda-sansores-manifiestan-respaldo-total-de-la-4t-hacia-mara-lezama-en-quintana-roo-mc-y-j-l-pech-traidores-a-la-patria\/","og_site_name":"NOTICIAS DE LA 4T","article_published_time":"2022-04-25T19:38:33+00:00","og_image":[{"width":2048,"height":1364,"url":"https:\/\/redamlo.com\/wp-content\/uploads\/2022\/04\/MARA_SHEIN_SANSORES.jpg","type":"image\/jpeg"}],"author":"Blanca","twitter_card":"summary_large_image","twitter_misc":{"Escrito por":"Blanca","Tiempo de lectura":"4 minutos"},"schema":{"@context":"https:\/\/schema.org","@graph":[{"@type":"Article","@id":"https:\/\/redamlo.com\/index.php\/2022\/04\/25\/sheinbaum-y-layda-sansores-manifiestan-respaldo-total-de-la-4t-hacia-mara-lezama-en-quintana-roo-mc-y-j-l-pech-traidores-a-la-patria\/#article","isPartOf":{"@id":"https:\/\/redamlo.com\/index.php\/2022\/04\/25\/sheinbaum-y-layda-sansores-manifiestan-respaldo-total-de-la-4t-hacia-mara-lezama-en-quintana-roo-mc-y-j-l-pech-traidores-a-la-patria\/"},"author":{"name":"Blanca","@id":"https:\/\/redamlo.com\/#\/schema\/person\/7223a4375eb8f1a782fcae010a7115cf"},"headline":"Sheinbaum y Layda Sansores manifiestan respaldo total de la 4T hacia Mara Lezama en Quintana Roo; MC y J. L. Pech traidores a la patria","datePublished":"2022-04-25T19:38:33+00:00","mainEntityOfPage":{"@id":"https:\/\/redamlo.com\/index.php\/2022\/04\/25\/sheinbaum-y-layda-sansores-manifiestan-respaldo-total-de-la-4t-hacia-mara-lezama-en-quintana-roo-mc-y-j-l-pech-traidores-a-la-patria\/"},"wordCount":692,"commentCount":0,"publisher":{"@id":"https:\/\/redamlo.com\/#organization"},"image":{"@id":"https:\/\/redamlo.com\/index.php\/2022\/04\/25\/sheinbaum-y-layda-sansores-manifiestan-respaldo-total-de-la-4t-hacia-mara-lezama-en-quintana-roo-mc-y-j-l-pech-traidores-a-la-patria\/#primaryimage"},"thumbnailUrl":"https:\/\/redamlo.com\/wp-content\/uploads\/2022\/04\/MARA_SHEIN_SANSORES.jpg","keywords":["Claudia Sheinbaum","Layda Sansores","Mara Lezama","Quintana Roo","Tren Maya"],"articleSection":["4T"],"inLanguage":"es","potentialAction":[{"@type":"CommentAction","name":"Comment","target":["https:\/\/redamlo.com\/index.php\/2022\/04\/25\/sheinbaum-y-layda-sansores-manifiestan-respaldo-total-de-la-4t-hacia-mara-lezama-en-quintana-roo-mc-y-j-l-pech-traidores-a-la-patria\/#respond"]}]},{"@type":"WebPage","@id":"https:\/\/redamlo.com\/index.php\/2022\/04\/25\/sheinbaum-y-layda-sansores-manifiestan-respaldo-total-de-la-4t-hacia-mara-lezama-en-quintana-roo-mc-y-j-l-pech-traidores-a-la-patria\/","url":"https:\/\/redamlo.com\/index.php\/2022\/04\/25\/sheinbaum-y-layda-sansores-manifiestan-respaldo-total-de-la-4t-hacia-mara-lezama-en-quintana-roo-mc-y-j-l-pech-traidores-a-la-patria\/","name":"Sheinbaum y Layda Sansores manifiestan respaldo total de la 4T hacia Mara Lezama en Quintana Roo; MC y J. L. Pech traidores a la patria - NOTICIAS DE LA 4T","isPartOf":{"@id":"https:\/\/redamlo.com\/#website"},"primaryImageOfPage":{"@id":"https:\/\/redamlo.com\/index.php\/2022\/04\/25\/sheinbaum-y-layda-sansores-manifiestan-respaldo-total-de-la-4t-hacia-mara-lezama-en-quintana-roo-mc-y-j-l-pech-traidores-a-la-patria\/#primaryimage"},"image":{"@id":"https:\/\/redamlo.com\/index.php\/2022\/04\/25\/sheinbaum-y-layda-sansores-manifiestan-respaldo-total-de-la-4t-hacia-mara-lezama-en-quintana-roo-mc-y-j-l-pech-traidores-a-la-patria\/#primaryimage"},"thumbnailUrl":"https:\/\/redamlo.com\/wp-content\/uploads\/2022\/04\/MARA_SHEIN_SANSORES.jpg","datePublished":"2022-04-25T19:38:33+00:00","breadcrumb":{"@id":"https:\/\/redamlo.com\/index.php\/2022\/04\/25\/sheinbaum-y-layda-sansores-manifiestan-respaldo-total-de-la-4t-hacia-mara-lezama-en-quintana-roo-mc-y-j-l-pech-traidores-a-la-patria\/#breadcrumb"},"inLanguage":"es","potentialAction":[{"@type":"ReadAction","target":["https:\/\/redamlo.com\/index.php\/2022\/04\/25\/sheinbaum-y-layda-sansores-manifiestan-respaldo-total-de-la-4t-hacia-mara-lezama-en-quintana-roo-mc-y-j-l-pech-traidores-a-la-patria\/"]}]},{"@type":"ImageObject","inLanguage":"es","@id":"https:\/\/redamlo.com\/index.php\/2022\/04\/25\/sheinbaum-y-layda-sansores-manifiestan-respaldo-total-de-la-4t-hacia-mara-lezama-en-quintana-roo-mc-y-j-l-pech-traidores-a-la-patria\/#primaryimage","url":"https:\/\/redamlo.com\/wp-content\/uploads\/2022\/04\/MARA_SHEIN_SANSORES.jpg","contentUrl":"https:\/\/redamlo.com\/wp-content\/uploads\/2022\/04\/MARA_SHEIN_SANSORES.jpg","width":2048,"height":1364},{"@type":"BreadcrumbList","@id":"https:\/\/redamlo.com\/index.php\/2022\/04\/25\/sheinbaum-y-layda-sansores-manifiestan-respaldo-total-de-la-4t-hacia-mara-lezama-en-quintana-roo-mc-y-j-l-pech-traidores-a-la-patria\/#breadcrumb","itemListElement":[{"@type":"ListItem","position":1,"name":"Inicio","item":"https:\/\/redamlo.com\/"},{"@type":"ListItem","position":2,"name":"Sheinbaum y Layda Sansores manifiestan respaldo total de la 4T hacia Mara Lezama en Quintana Roo; MC y J. L. Pech traidores a la patria"}]},{"@type":"WebSite","@id":"https:\/\/redamlo.com\/#website","url":"https:\/\/redamlo.com\/","name":"NOTICIAS DE LA 4T","description":"","publisher":{"@id":"https:\/\/redamlo.com\/#organization"},"potentialAction":[{"@type":"SearchAction","target":{"@type":"EntryPoint","urlTemplate":"https:\/\/redamlo.com\/?s={search_term_string}"},"query-input":{"@type":"PropertyValueSpecification","valueRequired":true,"valueName":"search_term_string"}}],"inLanguage":"es"},{"@type":"Organization","@id":"https:\/\/redamlo.com\/#organization","name":"NOTICIAS DE LA 4T","url":"https:\/\/redamlo.com\/","logo":{"@type":"ImageObject","inLanguage":"es","@id":"https:\/\/redamlo.com\/#\/schema\/logo\/image\/","url":"https:\/\/redamlo.com\/wp-content\/uploads\/2024\/08\/cropped-RED-AMLO-logo-50.png","contentUrl":"https:\/\/redamlo.com\/wp-content\/uploads\/2024\/08\/cropped-RED-AMLO-logo-50.png","width":256,"height":256,"caption":"NOTICIAS DE LA 4T"},"image":{"@id":"https:\/\/redamlo.com\/#\/schema\/logo\/image\/"}},{"@type":"Person","@id":"https:\/\/redamlo.com\/#\/schema\/person\/7223a4375eb8f1a782fcae010a7115cf","name":"Blanca","image":{"@type":"ImageObject","inLanguage":"es","@id":"https:\/\/secure.gravatar.com\/avatar\/3f79bc8336367a4e6093eae8757acaaf61d1124834b905616de7829b0273426d?s=96&d=mm&r=g","url":"https:\/\/secure.gravatar.com\/avatar\/3f79bc8336367a4e6093eae8757acaaf61d1124834b905616de7829b0273426d?s=96&d=mm&r=g","contentUrl":"https:\/\/secure.gravatar.com\/avatar\/3f79bc8336367a4e6093eae8757acaaf61d1124834b905616de7829b0273426d?s=96&d=mm&r=g","caption":"Blanca"},"url":"https:\/\/redamlo.com\/index.php\/author\/blanca\/"}]}},"_links":{"self":[{"href":"https:\/\/redamlo.com\/index.php\/wp-json\/wp\/v2\/posts\/6312","targetHints":{"allow":["GET"]}}],"collection":[{"href":"https:\/\/redamlo.com\/index.php\/wp-json\/wp\/v2\/posts"}],"about":[{"href":"https:\/\/redamlo.com\/index.php\/wp-json\/wp\/v2\/types\/post"}],"author":[{"embeddable":true,"href":"https:\/\/redamlo.com\/index.php\/wp-json\/wp\/v2\/users\/2"}],"replies":[{"embeddable":true,"href":"https:\/\/redamlo.com\/index.php\/wp-json\/wp\/v2\/comments?post=6312"}],"version-history":[{"count":0,"href":"https:\/\/redamlo.com\/index.php\/wp-json\/wp\/v2\/posts\/6312\/revisions"}],"wp:featuredmedia":[{"embeddable":true,"href":"https:\/\/redamlo.com\/index.php\/wp-json\/wp\/v2\/media\/6315"}],"wp:attachment":[{"href":"https:\/\/redamlo.com\/index.php\/wp-json\/wp\/v2\/media?parent=6312"}],"wp:term":[{"taxonomy":"category","embeddable":true,"href":"https:\/\/redamlo.com\/index.php\/wp-json\/wp\/v2\/categories?post=6312"},{"taxonomy":"post_tag","embeddable":true,"href":"https:\/\/redamlo.com\/index.php\/wp-json\/wp\/v2\/tags?post=6312"}],"curies":[{"name":"wp","href":"https:\/\/api.w.org\/{rel}","templated":true}]}}