{"id":6302,"date":"2022-04-18T13:34:15","date_gmt":"2022-04-18T18:34:15","guid":{"rendered":"https:\/\/redamlo.com\/?p=6302"},"modified":"2022-04-18T13:34:15","modified_gmt":"2022-04-18T18:34:15","slug":"amlo-fue-vergonzoso-ver-al-pri-como-palero-del-pan","status":"publish","type":"post","link":"https:\/\/redamlo.com\/index.php\/2022\/04\/18\/amlo-fue-vergonzoso-ver-al-pri-como-palero-del-pan\/","title":{"rendered":"AMLO: \u2018Fue vergonzoso ver al PRI como palero del PAN\u2019"},"content":{"rendered":"<p>Red AMLO.- Para el presidente Andr\u00e9s Manuel L\u00f3pez Obrador el d\u00eda de ayer \u201cse termin\u00f3 de integrar el bloque conservador\u201d, luego de que diputados de los cuatro partidos de oposici\u00f3n, incluyendo Movimiento Ciudadano, se unieron para votar en contra de la iniciativa de reforma el\u00e9ctrica que propuso.<img decoding=\"async\" src=\"http:\/\/www.cadtm.org\/local\/cache-vignettes\/L640xH304\/arton17828-f97e5.jpg?1649591591\" alt=\"M\u00e9xico: AMLO ante el capitalismo depredador\" \/><\/p>\n<p>Durante su conferencia de prensa ma\u00f1anera en Palacio Nacional, acus\u00f3 al PRI de actuar como \u201cpalero\u201d del PAN, y afirm\u00f3 que ayer hubiera sido aprobada la propuesta que plante\u00f3 para fortalecer a la Comisi\u00f3n Federal de Electricidad, si desde el gobierno federal se hubieran comprado los votos de los legisladores como asegur\u00f3 que hizo el PRI en 2013 cuando aprobaron la reforma energ\u00e9tica.<\/p>\n<p>Fuente: aristeguinoticas.com<\/p>\n<p>&nbsp;<\/p>\n","protected":false},"excerpt":{"rendered":"<p>Red AMLO.- Para el presidente Andr\u00e9s Manuel L\u00f3pez Obrador el d\u00eda de ayer \u201cse termin\u00f3&#8230;<\/p>\n","protected":false},"author":2,"featured_media":6303,"comment_status":"open","ping_status":"closed","sticky":false,"template":"","format":"standard","meta":{"footnotes":""},"categories":[25,285,20],"tags":[2302,84,2303,1627,2304,457,408,2305],"class_list":["post-6302","post","type-post","status-publish","format-standard","has-post-thumbnail","hentry","category-4t","category-camara-de-diputados","category-nacionales","tag-2302","tag-amlo","tag-bloque-anti-mexicano","tag-c-f-e","tag-palero","tag-pan","tag-pri","tag-vergonzoso"],"yoast_head":"<!-- This site is optimized with the Yoast SEO plugin v27.5 - https:\/\/yoast.com\/product\/yoast-seo-wordpress\/ -->\n<title>AMLO: \u2018Fue vergonzoso ver al PRI como palero del PAN\u2019 - NOTICIAS DE LA 4T<\/title>\n<meta name=\"robots\" content=\"noindex, follow, max-snippet:-1, max-image-preview:large, max-video-preview:-1\" \/>\n<meta property=\"og:locale\" content=\"es_MX\" \/>\n<meta property=\"og:type\" content=\"article\" \/>\n<meta property=\"og:title\" content=\"AMLO: \u2018Fue vergonzoso ver al PRI como palero del PAN\u2019 - NOTICIAS DE LA 4T\" \/>\n<meta property=\"og:description\" content=\"Red AMLO.- Para el presidente Andr\u00e9s Manuel L\u00f3pez Obrador el d\u00eda de ayer \u201cse termin\u00f3...\" \/>\n<meta property=\"og:url\" content=\"https:\/\/redamlo.com\/index.php\/2022\/04\/18\/amlo-fue-vergonzoso-ver-al-pri-como-palero-del-pan\/\" \/>\n<meta property=\"og:site_name\" content=\"NOTICIAS DE LA 4T\" \/>\n<meta property=\"article:published_time\" content=\"2022-04-18T18:34:15+00:00\" \/>\n<meta property=\"og:image\" content=\"https:\/\/redamlo.com\/wp-content\/uploads\/2022\/04\/454-8.png\" \/>\n\t<meta property=\"og:image:width\" content=\"1200\" \/>\n\t<meta property=\"og:image:height\" content=\"750\" \/>\n\t<meta property=\"og:image:type\" content=\"image\/png\" \/>\n<meta name=\"author\" content=\"Blanca\" \/>\n<meta name=\"twitter:card\" content=\"summary_large_image\" \/>\n<meta name=\"twitter:label1\" content=\"Escrito por\" \/>\n\t<meta name=\"twitter:data1\" content=\"Blanca\" \/>\n\t<meta name=\"twitter:label2\" content=\"Tiempo de lectura\" \/>\n\t<meta name=\"twitter:data2\" content=\"1 minuto\" \/>\n<script type=\"application\/ld+json\" class=\"yoast-schema-graph\">{\"@context\":\"https:\\\/\\\/schema.org\",\"@graph\":[{\"@type\":\"Article\",\"@id\":\"https:\\\/\\\/redamlo.com\\\/index.php\\\/2022\\\/04\\\/18\\\/amlo-fue-vergonzoso-ver-al-pri-como-palero-del-pan\\\/#article\",\"isPartOf\":{\"@id\":\"https:\\\/\\\/redamlo.com\\\/index.php\\\/2022\\\/04\\\/18\\\/amlo-fue-vergonzoso-ver-al-pri-como-palero-del-pan\\\/\"},\"author\":{\"name\":\"Blanca\",\"@id\":\"https:\\\/\\\/redamlo.com\\\/#\\\/schema\\\/person\\\/7223a4375eb8f1a782fcae010a7115cf\"},\"headline\":\"AMLO: \u2018Fue vergonzoso ver al PRI como palero del PAN\u2019\",\"datePublished\":\"2022-04-18T18:34:15+00:00\",\"mainEntityOfPage\":{\"@id\":\"https:\\\/\\\/redamlo.com\\\/index.php\\\/2022\\\/04\\\/18\\\/amlo-fue-vergonzoso-ver-al-pri-como-palero-del-pan\\\/\"},\"wordCount\":132,\"commentCount\":0,\"publisher\":{\"@id\":\"https:\\\/\\\/redamlo.com\\\/#organization\"},\"image\":{\"@id\":\"https:\\\/\\\/redamlo.com\\\/index.php\\\/2022\\\/04\\\/18\\\/amlo-fue-vergonzoso-ver-al-pri-como-palero-del-pan\\\/#primaryimage\"},\"thumbnailUrl\":\"https:\\\/\\\/redamlo.com\\\/wp-content\\\/uploads\\\/2022\\\/04\\\/454-8.png\",\"keywords\":[\"2013\",\"AMLO\",\"Bloque Anti Mexicano\",\"C.F.E.\",\"Palero\",\"PAN\",\"PRI\",\"Vergonzoso\"],\"articleSection\":[\"4T\",\"Camara de Diputados\",\"Nacionales\"],\"inLanguage\":\"es\",\"potentialAction\":[{\"@type\":\"CommentAction\",\"name\":\"Comment\",\"target\":[\"https:\\\/\\\/redamlo.com\\\/index.php\\\/2022\\\/04\\\/18\\\/amlo-fue-vergonzoso-ver-al-pri-como-palero-del-pan\\\/#respond\"]}]},{\"@type\":\"WebPage\",\"@id\":\"https:\\\/\\\/redamlo.com\\\/index.php\\\/2022\\\/04\\\/18\\\/amlo-fue-vergonzoso-ver-al-pri-como-palero-del-pan\\\/\",\"url\":\"https:\\\/\\\/redamlo.com\\\/index.php\\\/2022\\\/04\\\/18\\\/amlo-fue-vergonzoso-ver-al-pri-como-palero-del-pan\\\/\",\"name\":\"AMLO: \u2018Fue vergonzoso ver al PRI como palero del PAN\u2019 - NOTICIAS DE LA 4T\",\"isPartOf\":{\"@id\":\"https:\\\/\\\/redamlo.com\\\/#website\"},\"primaryImageOfPage\":{\"@id\":\"https:\\\/\\\/redamlo.com\\\/index.php\\\/2022\\\/04\\\/18\\\/amlo-fue-vergonzoso-ver-al-pri-como-palero-del-pan\\\/#primaryimage\"},\"image\":{\"@id\":\"https:\\\/\\\/redamlo.com\\\/index.php\\\/2022\\\/04\\\/18\\\/amlo-fue-vergonzoso-ver-al-pri-como-palero-del-pan\\\/#primaryimage\"},\"thumbnailUrl\":\"https:\\\/\\\/redamlo.com\\\/wp-content\\\/uploads\\\/2022\\\/04\\\/454-8.png\",\"datePublished\":\"2022-04-18T18:34:15+00:00\",\"breadcrumb\":{\"@id\":\"https:\\\/\\\/redamlo.com\\\/index.php\\\/2022\\\/04\\\/18\\\/amlo-fue-vergonzoso-ver-al-pri-como-palero-del-pan\\\/#breadcrumb\"},\"inLanguage\":\"es\",\"potentialAction\":[{\"@type\":\"ReadAction\",\"target\":[\"https:\\\/\\\/redamlo.com\\\/index.php\\\/2022\\\/04\\\/18\\\/amlo-fue-vergonzoso-ver-al-pri-como-palero-del-pan\\\/\"]}]},{\"@type\":\"ImageObject\",\"inLanguage\":\"es\",\"@id\":\"https:\\\/\\\/redamlo.com\\\/index.php\\\/2022\\\/04\\\/18\\\/amlo-fue-vergonzoso-ver-al-pri-como-palero-del-pan\\\/#primaryimage\",\"url\":\"https:\\\/\\\/redamlo.com\\\/wp-content\\\/uploads\\\/2022\\\/04\\\/454-8.png\",\"contentUrl\":\"https:\\\/\\\/redamlo.com\\\/wp-content\\\/uploads\\\/2022\\\/04\\\/454-8.png\",\"width\":1200,\"height\":750},{\"@type\":\"BreadcrumbList\",\"@id\":\"https:\\\/\\\/redamlo.com\\\/index.php\\\/2022\\\/04\\\/18\\\/amlo-fue-vergonzoso-ver-al-pri-como-palero-del-pan\\\/#breadcrumb\",\"itemListElement\":[{\"@type\":\"ListItem\",\"position\":1,\"name\":\"Inicio\",\"item\":\"https:\\\/\\\/redamlo.com\\\/\"},{\"@type\":\"ListItem\",\"position\":2,\"name\":\"AMLO: \u2018Fue vergonzoso ver al PRI como palero del PAN\u2019\"}]},{\"@type\":\"WebSite\",\"@id\":\"https:\\\/\\\/redamlo.com\\\/#website\",\"url\":\"https:\\\/\\\/redamlo.com\\\/\",\"name\":\"NOTICIAS DE LA 4T\",\"description\":\"\",\"publisher\":{\"@id\":\"https:\\\/\\\/redamlo.com\\\/#organization\"},\"potentialAction\":[{\"@type\":\"SearchAction\",\"target\":{\"@type\":\"EntryPoint\",\"urlTemplate\":\"https:\\\/\\\/redamlo.com\\\/?s={search_term_string}\"},\"query-input\":{\"@type\":\"PropertyValueSpecification\",\"valueRequired\":true,\"valueName\":\"search_term_string\"}}],\"inLanguage\":\"es\"},{\"@type\":\"Organization\",\"@id\":\"https:\\\/\\\/redamlo.com\\\/#organization\",\"name\":\"NOTICIAS DE LA 4T\",\"url\":\"https:\\\/\\\/redamlo.com\\\/\",\"logo\":{\"@type\":\"ImageObject\",\"inLanguage\":\"es\",\"@id\":\"https:\\\/\\\/redamlo.com\\\/#\\\/schema\\\/logo\\\/image\\\/\",\"url\":\"https:\\\/\\\/redamlo.com\\\/wp-content\\\/uploads\\\/2024\\\/08\\\/cropped-RED-AMLO-logo-50.png\",\"contentUrl\":\"https:\\\/\\\/redamlo.com\\\/wp-content\\\/uploads\\\/2024\\\/08\\\/cropped-RED-AMLO-logo-50.png\",\"width\":256,\"height\":256,\"caption\":\"NOTICIAS DE LA 4T\"},\"image\":{\"@id\":\"https:\\\/\\\/redamlo.com\\\/#\\\/schema\\\/logo\\\/image\\\/\"}},{\"@type\":\"Person\",\"@id\":\"https:\\\/\\\/redamlo.com\\\/#\\\/schema\\\/person\\\/7223a4375eb8f1a782fcae010a7115cf\",\"name\":\"Blanca\",\"image\":{\"@type\":\"ImageObject\",\"inLanguage\":\"es\",\"@id\":\"https:\\\/\\\/secure.gravatar.com\\\/avatar\\\/3f79bc8336367a4e6093eae8757acaaf61d1124834b905616de7829b0273426d?s=96&d=mm&r=g\",\"url\":\"https:\\\/\\\/secure.gravatar.com\\\/avatar\\\/3f79bc8336367a4e6093eae8757acaaf61d1124834b905616de7829b0273426d?s=96&d=mm&r=g\",\"contentUrl\":\"https:\\\/\\\/secure.gravatar.com\\\/avatar\\\/3f79bc8336367a4e6093eae8757acaaf61d1124834b905616de7829b0273426d?s=96&d=mm&r=g\",\"caption\":\"Blanca\"},\"url\":\"https:\\\/\\\/redamlo.com\\\/index.php\\\/author\\\/blanca\\\/\"}]}<\/script>\n<!-- \/ Yoast SEO plugin. -->","yoast_head_json":{"title":"AMLO: \u2018Fue vergonzoso ver al PRI como palero del PAN\u2019 - NOTICIAS DE LA 4T","robots":{"index":"noindex","follow":"follow","max-snippet":"max-snippet:-1","max-image-preview":"max-image-preview:large","max-video-preview":"max-video-preview:-1"},"og_locale":"es_MX","og_type":"article","og_title":"AMLO: \u2018Fue vergonzoso ver al PRI como palero del PAN\u2019 - NOTICIAS DE LA 4T","og_description":"Red AMLO.- Para el presidente Andr\u00e9s Manuel L\u00f3pez Obrador el d\u00eda de ayer \u201cse termin\u00f3...","og_url":"https:\/\/redamlo.com\/index.php\/2022\/04\/18\/amlo-fue-vergonzoso-ver-al-pri-como-palero-del-pan\/","og_site_name":"NOTICIAS DE LA 4T","article_published_time":"2022-04-18T18:34:15+00:00","og_image":[{"width":1200,"height":750,"url":"https:\/\/redamlo.com\/wp-content\/uploads\/2022\/04\/454-8.png","type":"image\/png"}],"author":"Blanca","twitter_card":"summary_large_image","twitter_misc":{"Escrito por":"Blanca","Tiempo de lectura":"1 minuto"},"schema":{"@context":"https:\/\/schema.org","@graph":[{"@type":"Article","@id":"https:\/\/redamlo.com\/index.php\/2022\/04\/18\/amlo-fue-vergonzoso-ver-al-pri-como-palero-del-pan\/#article","isPartOf":{"@id":"https:\/\/redamlo.com\/index.php\/2022\/04\/18\/amlo-fue-vergonzoso-ver-al-pri-como-palero-del-pan\/"},"author":{"name":"Blanca","@id":"https:\/\/redamlo.com\/#\/schema\/person\/7223a4375eb8f1a782fcae010a7115cf"},"headline":"AMLO: \u2018Fue vergonzoso ver al PRI como palero del PAN\u2019","datePublished":"2022-04-18T18:34:15+00:00","mainEntityOfPage":{"@id":"https:\/\/redamlo.com\/index.php\/2022\/04\/18\/amlo-fue-vergonzoso-ver-al-pri-como-palero-del-pan\/"},"wordCount":132,"commentCount":0,"publisher":{"@id":"https:\/\/redamlo.com\/#organization"},"image":{"@id":"https:\/\/redamlo.com\/index.php\/2022\/04\/18\/amlo-fue-vergonzoso-ver-al-pri-como-palero-del-pan\/#primaryimage"},"thumbnailUrl":"https:\/\/redamlo.com\/wp-content\/uploads\/2022\/04\/454-8.png","keywords":["2013","AMLO","Bloque Anti Mexicano","C.F.E.","Palero","PAN","PRI","Vergonzoso"],"articleSection":["4T","Camara de Diputados","Nacionales"],"inLanguage":"es","potentialAction":[{"@type":"CommentAction","name":"Comment","target":["https:\/\/redamlo.com\/index.php\/2022\/04\/18\/amlo-fue-vergonzoso-ver-al-pri-como-palero-del-pan\/#respond"]}]},{"@type":"WebPage","@id":"https:\/\/redamlo.com\/index.php\/2022\/04\/18\/amlo-fue-vergonzoso-ver-al-pri-como-palero-del-pan\/","url":"https:\/\/redamlo.com\/index.php\/2022\/04\/18\/amlo-fue-vergonzoso-ver-al-pri-como-palero-del-pan\/","name":"AMLO: \u2018Fue vergonzoso ver al PRI como palero del PAN\u2019 - NOTICIAS DE LA 4T","isPartOf":{"@id":"https:\/\/redamlo.com\/#website"},"primaryImageOfPage":{"@id":"https:\/\/redamlo.com\/index.php\/2022\/04\/18\/amlo-fue-vergonzoso-ver-al-pri-como-palero-del-pan\/#primaryimage"},"image":{"@id":"https:\/\/redamlo.com\/index.php\/2022\/04\/18\/amlo-fue-vergonzoso-ver-al-pri-como-palero-del-pan\/#primaryimage"},"thumbnailUrl":"https:\/\/redamlo.com\/wp-content\/uploads\/2022\/04\/454-8.png","datePublished":"2022-04-18T18:34:15+00:00","breadcrumb":{"@id":"https:\/\/redamlo.com\/index.php\/2022\/04\/18\/amlo-fue-vergonzoso-ver-al-pri-como-palero-del-pan\/#breadcrumb"},"inLanguage":"es","potentialAction":[{"@type":"ReadAction","target":["https:\/\/redamlo.com\/index.php\/2022\/04\/18\/amlo-fue-vergonzoso-ver-al-pri-como-palero-del-pan\/"]}]},{"@type":"ImageObject","inLanguage":"es","@id":"https:\/\/redamlo.com\/index.php\/2022\/04\/18\/amlo-fue-vergonzoso-ver-al-pri-como-palero-del-pan\/#primaryimage","url":"https:\/\/redamlo.com\/wp-content\/uploads\/2022\/04\/454-8.png","contentUrl":"https:\/\/redamlo.com\/wp-content\/uploads\/2022\/04\/454-8.png","width":1200,"height":750},{"@type":"BreadcrumbList","@id":"https:\/\/redamlo.com\/index.php\/2022\/04\/18\/amlo-fue-vergonzoso-ver-al-pri-como-palero-del-pan\/#breadcrumb","itemListElement":[{"@type":"ListItem","position":1,"name":"Inicio","item":"https:\/\/redamlo.com\/"},{"@type":"ListItem","position":2,"name":"AMLO: \u2018Fue vergonzoso ver al PRI como palero del PAN\u2019"}]},{"@type":"WebSite","@id":"https:\/\/redamlo.com\/#website","url":"https:\/\/redamlo.com\/","name":"NOTICIAS DE LA 4T","description":"","publisher":{"@id":"https:\/\/redamlo.com\/#organization"},"potentialAction":[{"@type":"SearchAction","target":{"@type":"EntryPoint","urlTemplate":"https:\/\/redamlo.com\/?s={search_term_string}"},"query-input":{"@type":"PropertyValueSpecification","valueRequired":true,"valueName":"search_term_string"}}],"inLanguage":"es"},{"@type":"Organization","@id":"https:\/\/redamlo.com\/#organization","name":"NOTICIAS DE LA 4T","url":"https:\/\/redamlo.com\/","logo":{"@type":"ImageObject","inLanguage":"es","@id":"https:\/\/redamlo.com\/#\/schema\/logo\/image\/","url":"https:\/\/redamlo.com\/wp-content\/uploads\/2024\/08\/cropped-RED-AMLO-logo-50.png","contentUrl":"https:\/\/redamlo.com\/wp-content\/uploads\/2024\/08\/cropped-RED-AMLO-logo-50.png","width":256,"height":256,"caption":"NOTICIAS DE LA 4T"},"image":{"@id":"https:\/\/redamlo.com\/#\/schema\/logo\/image\/"}},{"@type":"Person","@id":"https:\/\/redamlo.com\/#\/schema\/person\/7223a4375eb8f1a782fcae010a7115cf","name":"Blanca","image":{"@type":"ImageObject","inLanguage":"es","@id":"https:\/\/secure.gravatar.com\/avatar\/3f79bc8336367a4e6093eae8757acaaf61d1124834b905616de7829b0273426d?s=96&d=mm&r=g","url":"https:\/\/secure.gravatar.com\/avatar\/3f79bc8336367a4e6093eae8757acaaf61d1124834b905616de7829b0273426d?s=96&d=mm&r=g","contentUrl":"https:\/\/secure.gravatar.com\/avatar\/3f79bc8336367a4e6093eae8757acaaf61d1124834b905616de7829b0273426d?s=96&d=mm&r=g","caption":"Blanca"},"url":"https:\/\/redamlo.com\/index.php\/author\/blanca\/"}]}},"_links":{"self":[{"href":"https:\/\/redamlo.com\/index.php\/wp-json\/wp\/v2\/posts\/6302","targetHints":{"allow":["GET"]}}],"collection":[{"href":"https:\/\/redamlo.com\/index.php\/wp-json\/wp\/v2\/posts"}],"about":[{"href":"https:\/\/redamlo.com\/index.php\/wp-json\/wp\/v2\/types\/post"}],"author":[{"embeddable":true,"href":"https:\/\/redamlo.com\/index.php\/wp-json\/wp\/v2\/users\/2"}],"replies":[{"embeddable":true,"href":"https:\/\/redamlo.com\/index.php\/wp-json\/wp\/v2\/comments?post=6302"}],"version-history":[{"count":0,"href":"https:\/\/redamlo.com\/index.php\/wp-json\/wp\/v2\/posts\/6302\/revisions"}],"wp:featuredmedia":[{"embeddable":true,"href":"https:\/\/redamlo.com\/index.php\/wp-json\/wp\/v2\/media\/6303"}],"wp:attachment":[{"href":"https:\/\/redamlo.com\/index.php\/wp-json\/wp\/v2\/media?parent=6302"}],"wp:term":[{"taxonomy":"category","embeddable":true,"href":"https:\/\/redamlo.com\/index.php\/wp-json\/wp\/v2\/categories?post=6302"},{"taxonomy":"post_tag","embeddable":true,"href":"https:\/\/redamlo.com\/index.php\/wp-json\/wp\/v2\/tags?post=6302"}],"curies":[{"name":"wp","href":"https:\/\/api.w.org\/{rel}","templated":true}]}}