{"id":6297,"date":"2022-04-14T11:48:28","date_gmt":"2022-04-14T16:48:28","guid":{"rendered":"https:\/\/redamlo.com\/?p=6297"},"modified":"2022-04-14T11:48:28","modified_gmt":"2022-04-14T16:48:28","slug":"amlo-se-dirige-a-los-cabilderos-no-nos-van-a-doblar-ni-con-su-cochino-dinero","status":"publish","type":"post","link":"https:\/\/redamlo.com\/index.php\/2022\/04\/14\/amlo-se-dirige-a-los-cabilderos-no-nos-van-a-doblar-ni-con-su-cochino-dinero\/","title":{"rendered":"AMLO se dirige a los cabilderos: &#8220;No nos van a doblar ni con su cochino dinero&#8221;"},"content":{"rendered":"\n\n<strong>Realidades.- El hecho de que un cabildero de Italia se placee por el Congreso de la Uni\u00f3n mexicano en el marco de la discusi\u00f3n legislativa de la reforma el\u00e9ctrica es muy grave, acus\u00f3 el presidente de M\u00e9xico, Andr\u00e9s Manuel L\u00f3pez Obrador.<\/strong>\n\n \n<figure class=\"wp-block-image size-large\"><img decoding=\"async\" class=\"wp-image-43859\" src=\"https:\/\/realidadesqroo.files.wordpress.com\/2022\/04\/image-171.png?w=840\" alt=\"\" \/><\/figure>\n \n<figure class=\"wp-block-embed is-type-video is-provider-youtube wp-block-embed-youtube wp-embed-aspect-16-9 wp-has-aspect-ratio\">\n<div class=\"wp-block-embed__wrapper\">https:\/\/youtu.be\/f2NOp6qK5Yw<\/div><\/figure>\n \n\n&#8220;Hace dos d\u00edas en la C\u00e1mara de Diputados un, le llaman, cabildero, un intermediario, una especie de coyote, de empresas extranjeras que no quieren la\u00a0<a href=\"https:\/\/mundo.sputniknews.com\/20220406\/amlo-iberdrola-esta-detras-de-la-campana-contra-la-reforma-electrica-de-mexico-1124067294.html\" target=\"_blank\" rel=\"noreferrer noopener\">reforma constitucional<\/a>\u00a0que estamos proponiendo en materia el\u00e9ctrica, de manera descarada se meti\u00f3 hasta la sede de los diputados y se sent\u00f3 en una curul con un portafolio&#8221;, declar\u00f3.\n\n \n<figure class=\"wp-block-image size-large\"><img decoding=\"async\" class=\"wp-image-43863\" src=\"https:\/\/realidadesqroo.files.wordpress.com\/2022\/04\/image-174.png?w=786\" alt=\"\" \/><\/figure>\n \n<figure class=\"wp-block-embed is-type-video is-provider-youtube wp-block-embed-youtube wp-embed-aspect-16-9 wp-has-aspect-ratio\">\n<div class=\"wp-block-embed__wrapper\">https:\/\/youtu.be\/TWt7wrLS8g8<\/div><\/figure>\n \n\n&#8220;No estoy diciendo que el portafolio llevaba dinero, eso no me corresponde a m\u00ed, pero \u00bfqu\u00e9 hace sentado junto a una diputada? Y se demostr\u00f3 que el se\u00f1or es italiano y que trabaja para una empresa extranjera que tiene negocios en la industria el\u00e9ctrica del pa\u00eds, de M\u00e9xico&#8221;, agreg\u00f3 en la conferencia matutina de este mi\u00e9rcoles 13 de abril.\n\n \n\n<img decoding=\"async\" src=\"https:\/\/pbs.twimg.com\/media\/FQQL9FVWUAc0g-f.jpg\" alt=\"Morena's tweet - &quot;&quot;Que (los diputados) se revelen, que no les hagan caso,  que les digan: 'sepan se\u00f1ores cabilderos extranjeros, que nosotros tenemos  como encomienda defender al pueblo y a la naci\u00f3n.\" \/>\n\n \n\nEs en este escenario que el domingo 17 de abril los legisladores elegir\u00e1n si aprueban o rechazan la reforma, dijo y apunt\u00f3 que el representante italiano trabaja para la empresa\u00a0<strong>Enel<\/strong>, del gobierno italiano.\n\n \n<figure class=\"wp-block-image size-large\"><img decoding=\"async\" class=\"wp-image-43862\" src=\"https:\/\/realidadesqroo.files.wordpress.com\/2022\/04\/image-173.png?w=526\" alt=\"\" \/><\/figure>\n \n<figure class=\"wp-block-embed is-type-video is-provider-youtube wp-block-embed-youtube wp-embed-aspect-16-9 wp-has-aspect-ratio\">\n<div class=\"wp-block-embed__wrapper\">https:\/\/youtu.be\/9yCJluiYncc<\/div><\/figure>\n \n\n&#8220;Estas son las presiones, fuertes presiones y hasta ca\u00f1onazos, como dec\u00eda (\u00c1lvaro) Obreg\u00f3n&#8221;, apunt\u00f3 y acus\u00f3 que durante el proceso legislativo que aprob\u00f3 la reforma energ\u00e9tica de 2013, impulsada por el entonces\u00a0<a href=\"https:\/\/mundo.sputniknews.com\/20220405\/epigmenio-ibarra-llama-a-retomar-el-juicio-contra-expresidentes-de-mexico-y-recuerda-1123997604.html\" target=\"_blank\" rel=\"noreferrer noopener\">presidente Enrique Pe\u00f1a Nieto<\/a>, la empresa brasile\u00f1a Odebrecht dispers\u00f3 sobornos entre los diputados.\n\n \n<figure class=\"wp-block-image size-large\"><img decoding=\"async\" class=\"wp-image-43852\" src=\"https:\/\/realidadesqroo.files.wordpress.com\/2022\/04\/image-169.png?w=1024\" alt=\"\" \/><figcaption><a href=\"https:\/\/mundo.sputniknews.com\/20220412\/las-grandes-empresas-que-estan-detras-de-los-detractores-de-la-reforma-electrica-de-amlo-1124284601.html\">Las grandes empresas que est\u00e1n detr\u00e1s de los detractores de la reforma el\u00e9ctrica de AMLO<\/a><\/figcaption><\/figure>\n \n\n&nbsp;\n\n \n\n&nbsp;\n\n \n\nEl entonces titular de Petr\u00f3leos Mexicanos (Pemex), Emilio Lozoya, debe entregar la informaci\u00f3n que conoce sobre ese proceso de soborno al legislativo, consider\u00f3 L\u00f3pez Obrador.\n\n \n\nAdem\u00e1s, acus\u00f3 a esas empresas extranjeras con intereses en M\u00e9xico de frenar la turbinaci\u00f3n en hidroel\u00e9ctricas del sur de M\u00e9xico para favorecer sus intereses.\n\n \n<figure class=\"wp-block-image size-large\"><img decoding=\"async\" class=\"wp-image-43853\" src=\"https:\/\/realidadesqroo.files.wordpress.com\/2022\/04\/image-170.png?w=1024\" alt=\"\" \/><figcaption><a href=\"https:\/\/mundo.sputniknews.com\/20220412\/emilio-lozoya-seguira-en-prision-rechazaron-los-10-millones-de-dolares-que-ofrecio-a-pemex-1124330231.html\">Emilio Lozoya seguir\u00e1 en prisi\u00f3n: rechazaron los 10 millones de d\u00f3lares que ofreci\u00f3 a Pemex<\/a><\/figcaption><\/figure>\n \n\nL\u00f3pez Obrador reiter\u00f3 su llamado a los diputados mexicanos a rebelarse contra la orientaci\u00f3n de sus partidos y los intereses de los cabilderos para votar en favor de la reforma el\u00e9ctrica.\n\n \n\n&#8220;Que les digan: &#8216;Sepan, se\u00f1ores cabilderos extranjeros, que nosotros tenemos como encomienda defender al pueblo y a la naci\u00f3n y que no nos van a doblar ni con su cochino dinero'&#8221;, especul\u00f3.\n\n \n\nFuente:<a href=\"https:\/\/mundo.sputniknews.com\/20220413\/amlo-se-dirige-a-los-cabilderos-no-nos-van-a-doblar-ni-con-su-cochino-dinero-1\"> sputniknews.com<\/a>\n\n","protected":false},"excerpt":{"rendered":"<p>Realidades.- El hecho de que un cabildero de Italia se placee por el Congreso de&#8230;<\/p>\n","protected":false},"author":2,"featured_media":6298,"comment_status":"open","ping_status":"closed","sticky":false,"template":"","format":"standard","meta":{"footnotes":""},"categories":[25,285,20],"tags":[84,2270,417,192,2295,2296,2297,2298,2299,1736,2300,1613,2301],"class_list":["post-6297","post","type-post","status-publish","format-standard","has-post-thumbnail","hentry","category-4t","category-camara-de-diputados","category-nacionales","tag-amlo","tag-cabilderos","tag-camara-de-diputados","tag-corrupcion","tag-coyote","tag-empresas-extranjeras","tag-enel","tag-grave","tag-grupo-antimexicano","tag-italia","tag-legislativa","tag-reforma-electrica","tag-sentado-en-curul"],"yoast_head":"<!-- This site is optimized with the Yoast SEO plugin v27.5 - https:\/\/yoast.com\/product\/yoast-seo-wordpress\/ -->\n<title>AMLO se dirige a los cabilderos: &quot;No nos van a doblar ni con su cochino dinero&quot; - NOTICIAS DE LA 4T<\/title>\n<meta name=\"robots\" content=\"noindex, follow, max-snippet:-1, max-image-preview:large, max-video-preview:-1\" \/>\n<meta property=\"og:locale\" content=\"es_MX\" \/>\n<meta property=\"og:type\" content=\"article\" \/>\n<meta property=\"og:title\" content=\"AMLO se dirige a los cabilderos: &quot;No nos van a doblar ni con su cochino dinero&quot; - NOTICIAS DE LA 4T\" \/>\n<meta property=\"og:description\" content=\"Realidades.- El hecho de que un cabildero de Italia se placee por el Congreso de...\" \/>\n<meta property=\"og:url\" content=\"https:\/\/redamlo.com\/index.php\/2022\/04\/14\/amlo-se-dirige-a-los-cabilderos-no-nos-van-a-doblar-ni-con-su-cochino-dinero\/\" \/>\n<meta property=\"og:site_name\" content=\"NOTICIAS DE LA 4T\" \/>\n<meta property=\"article:published_time\" content=\"2022-04-14T16:48:28+00:00\" \/>\n<meta property=\"og:image\" content=\"https:\/\/redamlo.com\/wp-content\/uploads\/2022\/04\/454-7.png\" \/>\n\t<meta property=\"og:image:width\" content=\"944\" \/>\n\t<meta property=\"og:image:height\" content=\"497\" \/>\n\t<meta property=\"og:image:type\" content=\"image\/png\" \/>\n<meta name=\"author\" content=\"Blanca\" \/>\n<meta name=\"twitter:card\" content=\"summary_large_image\" \/>\n<meta name=\"twitter:label1\" content=\"Escrito por\" \/>\n\t<meta name=\"twitter:data1\" content=\"Blanca\" \/>\n\t<meta name=\"twitter:label2\" content=\"Tiempo de lectura\" \/>\n\t<meta name=\"twitter:data2\" content=\"3 minutos\" \/>\n<script type=\"application\/ld+json\" class=\"yoast-schema-graph\">{\"@context\":\"https:\\\/\\\/schema.org\",\"@graph\":[{\"@type\":\"Article\",\"@id\":\"https:\\\/\\\/redamlo.com\\\/index.php\\\/2022\\\/04\\\/14\\\/amlo-se-dirige-a-los-cabilderos-no-nos-van-a-doblar-ni-con-su-cochino-dinero\\\/#article\",\"isPartOf\":{\"@id\":\"https:\\\/\\\/redamlo.com\\\/index.php\\\/2022\\\/04\\\/14\\\/amlo-se-dirige-a-los-cabilderos-no-nos-van-a-doblar-ni-con-su-cochino-dinero\\\/\"},\"author\":{\"name\":\"Blanca\",\"@id\":\"https:\\\/\\\/redamlo.com\\\/#\\\/schema\\\/person\\\/7223a4375eb8f1a782fcae010a7115cf\"},\"headline\":\"AMLO se dirige a los cabilderos: &#8220;No nos van a doblar ni con su cochino dinero&#8221;\",\"datePublished\":\"2022-04-14T16:48:28+00:00\",\"mainEntityOfPage\":{\"@id\":\"https:\\\/\\\/redamlo.com\\\/index.php\\\/2022\\\/04\\\/14\\\/amlo-se-dirige-a-los-cabilderos-no-nos-van-a-doblar-ni-con-su-cochino-dinero\\\/\"},\"wordCount\":449,\"commentCount\":0,\"publisher\":{\"@id\":\"https:\\\/\\\/redamlo.com\\\/#organization\"},\"image\":{\"@id\":\"https:\\\/\\\/redamlo.com\\\/index.php\\\/2022\\\/04\\\/14\\\/amlo-se-dirige-a-los-cabilderos-no-nos-van-a-doblar-ni-con-su-cochino-dinero\\\/#primaryimage\"},\"thumbnailUrl\":\"https:\\\/\\\/redamlo.com\\\/wp-content\\\/uploads\\\/2022\\\/04\\\/454-7.png\",\"keywords\":[\"AMLO\",\"Cabilderos\",\"C\u00e1mara de Diputados\",\"Corrupcion\",\"Coyote\",\"Empresas Extranjeras\",\"Enel\",\"Grave\",\"Grupo Antimexicano\",\"Italia\",\"Legislativa\",\"Reforma El\u00e9ctrica\",\"Sentado en Curul\"],\"articleSection\":[\"4T\",\"Camara de Diputados\",\"Nacionales\"],\"inLanguage\":\"es\",\"potentialAction\":[{\"@type\":\"CommentAction\",\"name\":\"Comment\",\"target\":[\"https:\\\/\\\/redamlo.com\\\/index.php\\\/2022\\\/04\\\/14\\\/amlo-se-dirige-a-los-cabilderos-no-nos-van-a-doblar-ni-con-su-cochino-dinero\\\/#respond\"]}]},{\"@type\":\"WebPage\",\"@id\":\"https:\\\/\\\/redamlo.com\\\/index.php\\\/2022\\\/04\\\/14\\\/amlo-se-dirige-a-los-cabilderos-no-nos-van-a-doblar-ni-con-su-cochino-dinero\\\/\",\"url\":\"https:\\\/\\\/redamlo.com\\\/index.php\\\/2022\\\/04\\\/14\\\/amlo-se-dirige-a-los-cabilderos-no-nos-van-a-doblar-ni-con-su-cochino-dinero\\\/\",\"name\":\"AMLO se dirige a los cabilderos: \\\"No nos van a doblar ni con su cochino dinero\\\" - NOTICIAS DE LA 4T\",\"isPartOf\":{\"@id\":\"https:\\\/\\\/redamlo.com\\\/#website\"},\"primaryImageOfPage\":{\"@id\":\"https:\\\/\\\/redamlo.com\\\/index.php\\\/2022\\\/04\\\/14\\\/amlo-se-dirige-a-los-cabilderos-no-nos-van-a-doblar-ni-con-su-cochino-dinero\\\/#primaryimage\"},\"image\":{\"@id\":\"https:\\\/\\\/redamlo.com\\\/index.php\\\/2022\\\/04\\\/14\\\/amlo-se-dirige-a-los-cabilderos-no-nos-van-a-doblar-ni-con-su-cochino-dinero\\\/#primaryimage\"},\"thumbnailUrl\":\"https:\\\/\\\/redamlo.com\\\/wp-content\\\/uploads\\\/2022\\\/04\\\/454-7.png\",\"datePublished\":\"2022-04-14T16:48:28+00:00\",\"breadcrumb\":{\"@id\":\"https:\\\/\\\/redamlo.com\\\/index.php\\\/2022\\\/04\\\/14\\\/amlo-se-dirige-a-los-cabilderos-no-nos-van-a-doblar-ni-con-su-cochino-dinero\\\/#breadcrumb\"},\"inLanguage\":\"es\",\"potentialAction\":[{\"@type\":\"ReadAction\",\"target\":[\"https:\\\/\\\/redamlo.com\\\/index.php\\\/2022\\\/04\\\/14\\\/amlo-se-dirige-a-los-cabilderos-no-nos-van-a-doblar-ni-con-su-cochino-dinero\\\/\"]}]},{\"@type\":\"ImageObject\",\"inLanguage\":\"es\",\"@id\":\"https:\\\/\\\/redamlo.com\\\/index.php\\\/2022\\\/04\\\/14\\\/amlo-se-dirige-a-los-cabilderos-no-nos-van-a-doblar-ni-con-su-cochino-dinero\\\/#primaryimage\",\"url\":\"https:\\\/\\\/redamlo.com\\\/wp-content\\\/uploads\\\/2022\\\/04\\\/454-7.png\",\"contentUrl\":\"https:\\\/\\\/redamlo.com\\\/wp-content\\\/uploads\\\/2022\\\/04\\\/454-7.png\",\"width\":944,\"height\":497},{\"@type\":\"BreadcrumbList\",\"@id\":\"https:\\\/\\\/redamlo.com\\\/index.php\\\/2022\\\/04\\\/14\\\/amlo-se-dirige-a-los-cabilderos-no-nos-van-a-doblar-ni-con-su-cochino-dinero\\\/#breadcrumb\",\"itemListElement\":[{\"@type\":\"ListItem\",\"position\":1,\"name\":\"Inicio\",\"item\":\"https:\\\/\\\/redamlo.com\\\/\"},{\"@type\":\"ListItem\",\"position\":2,\"name\":\"AMLO se dirige a los cabilderos: &#8220;No nos van a doblar ni con su cochino dinero&#8221;\"}]},{\"@type\":\"WebSite\",\"@id\":\"https:\\\/\\\/redamlo.com\\\/#website\",\"url\":\"https:\\\/\\\/redamlo.com\\\/\",\"name\":\"NOTICIAS DE LA 4T\",\"description\":\"\",\"publisher\":{\"@id\":\"https:\\\/\\\/redamlo.com\\\/#organization\"},\"potentialAction\":[{\"@type\":\"SearchAction\",\"target\":{\"@type\":\"EntryPoint\",\"urlTemplate\":\"https:\\\/\\\/redamlo.com\\\/?s={search_term_string}\"},\"query-input\":{\"@type\":\"PropertyValueSpecification\",\"valueRequired\":true,\"valueName\":\"search_term_string\"}}],\"inLanguage\":\"es\"},{\"@type\":\"Organization\",\"@id\":\"https:\\\/\\\/redamlo.com\\\/#organization\",\"name\":\"NOTICIAS DE LA 4T\",\"url\":\"https:\\\/\\\/redamlo.com\\\/\",\"logo\":{\"@type\":\"ImageObject\",\"inLanguage\":\"es\",\"@id\":\"https:\\\/\\\/redamlo.com\\\/#\\\/schema\\\/logo\\\/image\\\/\",\"url\":\"https:\\\/\\\/redamlo.com\\\/wp-content\\\/uploads\\\/2024\\\/08\\\/cropped-RED-AMLO-logo-50.png\",\"contentUrl\":\"https:\\\/\\\/redamlo.com\\\/wp-content\\\/uploads\\\/2024\\\/08\\\/cropped-RED-AMLO-logo-50.png\",\"width\":256,\"height\":256,\"caption\":\"NOTICIAS DE LA 4T\"},\"image\":{\"@id\":\"https:\\\/\\\/redamlo.com\\\/#\\\/schema\\\/logo\\\/image\\\/\"}},{\"@type\":\"Person\",\"@id\":\"https:\\\/\\\/redamlo.com\\\/#\\\/schema\\\/person\\\/7223a4375eb8f1a782fcae010a7115cf\",\"name\":\"Blanca\",\"image\":{\"@type\":\"ImageObject\",\"inLanguage\":\"es\",\"@id\":\"https:\\\/\\\/secure.gravatar.com\\\/avatar\\\/3f79bc8336367a4e6093eae8757acaaf61d1124834b905616de7829b0273426d?s=96&d=mm&r=g\",\"url\":\"https:\\\/\\\/secure.gravatar.com\\\/avatar\\\/3f79bc8336367a4e6093eae8757acaaf61d1124834b905616de7829b0273426d?s=96&d=mm&r=g\",\"contentUrl\":\"https:\\\/\\\/secure.gravatar.com\\\/avatar\\\/3f79bc8336367a4e6093eae8757acaaf61d1124834b905616de7829b0273426d?s=96&d=mm&r=g\",\"caption\":\"Blanca\"},\"url\":\"https:\\\/\\\/redamlo.com\\\/index.php\\\/author\\\/blanca\\\/\"}]}<\/script>\n<!-- \/ Yoast SEO plugin. -->","yoast_head_json":{"title":"AMLO se dirige a los cabilderos: \"No nos van a doblar ni con su cochino dinero\" - NOTICIAS DE LA 4T","robots":{"index":"noindex","follow":"follow","max-snippet":"max-snippet:-1","max-image-preview":"max-image-preview:large","max-video-preview":"max-video-preview:-1"},"og_locale":"es_MX","og_type":"article","og_title":"AMLO se dirige a los cabilderos: \"No nos van a doblar ni con su cochino dinero\" - NOTICIAS DE LA 4T","og_description":"Realidades.- El hecho de que un cabildero de Italia se placee por el Congreso de...","og_url":"https:\/\/redamlo.com\/index.php\/2022\/04\/14\/amlo-se-dirige-a-los-cabilderos-no-nos-van-a-doblar-ni-con-su-cochino-dinero\/","og_site_name":"NOTICIAS DE LA 4T","article_published_time":"2022-04-14T16:48:28+00:00","og_image":[{"width":944,"height":497,"url":"https:\/\/redamlo.com\/wp-content\/uploads\/2022\/04\/454-7.png","type":"image\/png"}],"author":"Blanca","twitter_card":"summary_large_image","twitter_misc":{"Escrito por":"Blanca","Tiempo de lectura":"3 minutos"},"schema":{"@context":"https:\/\/schema.org","@graph":[{"@type":"Article","@id":"https:\/\/redamlo.com\/index.php\/2022\/04\/14\/amlo-se-dirige-a-los-cabilderos-no-nos-van-a-doblar-ni-con-su-cochino-dinero\/#article","isPartOf":{"@id":"https:\/\/redamlo.com\/index.php\/2022\/04\/14\/amlo-se-dirige-a-los-cabilderos-no-nos-van-a-doblar-ni-con-su-cochino-dinero\/"},"author":{"name":"Blanca","@id":"https:\/\/redamlo.com\/#\/schema\/person\/7223a4375eb8f1a782fcae010a7115cf"},"headline":"AMLO se dirige a los cabilderos: &#8220;No nos van a doblar ni con su cochino dinero&#8221;","datePublished":"2022-04-14T16:48:28+00:00","mainEntityOfPage":{"@id":"https:\/\/redamlo.com\/index.php\/2022\/04\/14\/amlo-se-dirige-a-los-cabilderos-no-nos-van-a-doblar-ni-con-su-cochino-dinero\/"},"wordCount":449,"commentCount":0,"publisher":{"@id":"https:\/\/redamlo.com\/#organization"},"image":{"@id":"https:\/\/redamlo.com\/index.php\/2022\/04\/14\/amlo-se-dirige-a-los-cabilderos-no-nos-van-a-doblar-ni-con-su-cochino-dinero\/#primaryimage"},"thumbnailUrl":"https:\/\/redamlo.com\/wp-content\/uploads\/2022\/04\/454-7.png","keywords":["AMLO","Cabilderos","C\u00e1mara de Diputados","Corrupcion","Coyote","Empresas Extranjeras","Enel","Grave","Grupo Antimexicano","Italia","Legislativa","Reforma El\u00e9ctrica","Sentado en Curul"],"articleSection":["4T","Camara de Diputados","Nacionales"],"inLanguage":"es","potentialAction":[{"@type":"CommentAction","name":"Comment","target":["https:\/\/redamlo.com\/index.php\/2022\/04\/14\/amlo-se-dirige-a-los-cabilderos-no-nos-van-a-doblar-ni-con-su-cochino-dinero\/#respond"]}]},{"@type":"WebPage","@id":"https:\/\/redamlo.com\/index.php\/2022\/04\/14\/amlo-se-dirige-a-los-cabilderos-no-nos-van-a-doblar-ni-con-su-cochino-dinero\/","url":"https:\/\/redamlo.com\/index.php\/2022\/04\/14\/amlo-se-dirige-a-los-cabilderos-no-nos-van-a-doblar-ni-con-su-cochino-dinero\/","name":"AMLO se dirige a los cabilderos: \"No nos van a doblar ni con su cochino dinero\" - NOTICIAS DE LA 4T","isPartOf":{"@id":"https:\/\/redamlo.com\/#website"},"primaryImageOfPage":{"@id":"https:\/\/redamlo.com\/index.php\/2022\/04\/14\/amlo-se-dirige-a-los-cabilderos-no-nos-van-a-doblar-ni-con-su-cochino-dinero\/#primaryimage"},"image":{"@id":"https:\/\/redamlo.com\/index.php\/2022\/04\/14\/amlo-se-dirige-a-los-cabilderos-no-nos-van-a-doblar-ni-con-su-cochino-dinero\/#primaryimage"},"thumbnailUrl":"https:\/\/redamlo.com\/wp-content\/uploads\/2022\/04\/454-7.png","datePublished":"2022-04-14T16:48:28+00:00","breadcrumb":{"@id":"https:\/\/redamlo.com\/index.php\/2022\/04\/14\/amlo-se-dirige-a-los-cabilderos-no-nos-van-a-doblar-ni-con-su-cochino-dinero\/#breadcrumb"},"inLanguage":"es","potentialAction":[{"@type":"ReadAction","target":["https:\/\/redamlo.com\/index.php\/2022\/04\/14\/amlo-se-dirige-a-los-cabilderos-no-nos-van-a-doblar-ni-con-su-cochino-dinero\/"]}]},{"@type":"ImageObject","inLanguage":"es","@id":"https:\/\/redamlo.com\/index.php\/2022\/04\/14\/amlo-se-dirige-a-los-cabilderos-no-nos-van-a-doblar-ni-con-su-cochino-dinero\/#primaryimage","url":"https:\/\/redamlo.com\/wp-content\/uploads\/2022\/04\/454-7.png","contentUrl":"https:\/\/redamlo.com\/wp-content\/uploads\/2022\/04\/454-7.png","width":944,"height":497},{"@type":"BreadcrumbList","@id":"https:\/\/redamlo.com\/index.php\/2022\/04\/14\/amlo-se-dirige-a-los-cabilderos-no-nos-van-a-doblar-ni-con-su-cochino-dinero\/#breadcrumb","itemListElement":[{"@type":"ListItem","position":1,"name":"Inicio","item":"https:\/\/redamlo.com\/"},{"@type":"ListItem","position":2,"name":"AMLO se dirige a los cabilderos: &#8220;No nos van a doblar ni con su cochino dinero&#8221;"}]},{"@type":"WebSite","@id":"https:\/\/redamlo.com\/#website","url":"https:\/\/redamlo.com\/","name":"NOTICIAS DE LA 4T","description":"","publisher":{"@id":"https:\/\/redamlo.com\/#organization"},"potentialAction":[{"@type":"SearchAction","target":{"@type":"EntryPoint","urlTemplate":"https:\/\/redamlo.com\/?s={search_term_string}"},"query-input":{"@type":"PropertyValueSpecification","valueRequired":true,"valueName":"search_term_string"}}],"inLanguage":"es"},{"@type":"Organization","@id":"https:\/\/redamlo.com\/#organization","name":"NOTICIAS DE LA 4T","url":"https:\/\/redamlo.com\/","logo":{"@type":"ImageObject","inLanguage":"es","@id":"https:\/\/redamlo.com\/#\/schema\/logo\/image\/","url":"https:\/\/redamlo.com\/wp-content\/uploads\/2024\/08\/cropped-RED-AMLO-logo-50.png","contentUrl":"https:\/\/redamlo.com\/wp-content\/uploads\/2024\/08\/cropped-RED-AMLO-logo-50.png","width":256,"height":256,"caption":"NOTICIAS DE LA 4T"},"image":{"@id":"https:\/\/redamlo.com\/#\/schema\/logo\/image\/"}},{"@type":"Person","@id":"https:\/\/redamlo.com\/#\/schema\/person\/7223a4375eb8f1a782fcae010a7115cf","name":"Blanca","image":{"@type":"ImageObject","inLanguage":"es","@id":"https:\/\/secure.gravatar.com\/avatar\/3f79bc8336367a4e6093eae8757acaaf61d1124834b905616de7829b0273426d?s=96&d=mm&r=g","url":"https:\/\/secure.gravatar.com\/avatar\/3f79bc8336367a4e6093eae8757acaaf61d1124834b905616de7829b0273426d?s=96&d=mm&r=g","contentUrl":"https:\/\/secure.gravatar.com\/avatar\/3f79bc8336367a4e6093eae8757acaaf61d1124834b905616de7829b0273426d?s=96&d=mm&r=g","caption":"Blanca"},"url":"https:\/\/redamlo.com\/index.php\/author\/blanca\/"}]}},"_links":{"self":[{"href":"https:\/\/redamlo.com\/index.php\/wp-json\/wp\/v2\/posts\/6297","targetHints":{"allow":["GET"]}}],"collection":[{"href":"https:\/\/redamlo.com\/index.php\/wp-json\/wp\/v2\/posts"}],"about":[{"href":"https:\/\/redamlo.com\/index.php\/wp-json\/wp\/v2\/types\/post"}],"author":[{"embeddable":true,"href":"https:\/\/redamlo.com\/index.php\/wp-json\/wp\/v2\/users\/2"}],"replies":[{"embeddable":true,"href":"https:\/\/redamlo.com\/index.php\/wp-json\/wp\/v2\/comments?post=6297"}],"version-history":[{"count":0,"href":"https:\/\/redamlo.com\/index.php\/wp-json\/wp\/v2\/posts\/6297\/revisions"}],"wp:featuredmedia":[{"embeddable":true,"href":"https:\/\/redamlo.com\/index.php\/wp-json\/wp\/v2\/media\/6298"}],"wp:attachment":[{"href":"https:\/\/redamlo.com\/index.php\/wp-json\/wp\/v2\/media?parent=6297"}],"wp:term":[{"taxonomy":"category","embeddable":true,"href":"https:\/\/redamlo.com\/index.php\/wp-json\/wp\/v2\/categories?post=6297"},{"taxonomy":"post_tag","embeddable":true,"href":"https:\/\/redamlo.com\/index.php\/wp-json\/wp\/v2\/tags?post=6297"}],"curies":[{"name":"wp","href":"https:\/\/api.w.org\/{rel}","templated":true}]}}