{"id":6293,"date":"2022-04-14T09:11:08","date_gmt":"2022-04-14T14:11:08","guid":{"rendered":"https:\/\/redamlo.com\/?p=6293"},"modified":"2022-04-14T09:11:08","modified_gmt":"2022-04-14T14:11:08","slug":"amlo-firmo-la-iniciativa-de-reforma-a-la-ley-minera-para-que-el-litio-sea-propiedad-de-la-nacion","status":"publish","type":"post","link":"https:\/\/redamlo.com\/index.php\/2022\/04\/14\/amlo-firmo-la-iniciativa-de-reforma-a-la-ley-minera-para-que-el-litio-sea-propiedad-de-la-nacion\/","title":{"rendered":"AMLO firm\u00f3 la iniciativa de reforma a la Ley Minera para que el litio sea propiedad de la naci\u00f3n"},"content":{"rendered":"\n\n<strong>Realidades.- El presidenete de M\u00e9xico inform\u00f3 que ya tiene firmada la iniciativa de reforma a la Ley Minera que no requiere terceras partes en la C\u00e1mara de Diputados para que el litio sea propiedad de la naci\u00f3n.<\/strong>\n\n \n\nEsta misma propuesta se presentar\u00e1 si el 17 de abril el Congreso no se aprueba la reforma el\u00e9ctrica &#8220;porque hay traici\u00f3n&#8221;.\n\n \n\n&#8220;Si no alcanzamos las 2\/3 partes de votos para la reforma constitucional en materia el\u00e9ctrica por el boicot de legisladores entreguistas, conservadores, de derecha, reaccionarios&#8230; enviar\u00e9 el lunes pr\u00f3ximo una iniciativa para modificar la Ley Minera&#8221;, avis\u00f3.\n\n \n\n&#8220;A los mexicanos, no nos van a poner contra la pared&#8221;, asegur\u00f3.\n\n \n<figure class=\"wp-block-image size-large\"><img decoding=\"async\" class=\"wp-image-43844\" src=\"https:\/\/realidadesqroo.files.wordpress.com\/2022\/04\/image-167.png?w=1024\" alt=\"\" \/><\/figure>\n \n\n&nbsp;\n\n \n\nLa votaci\u00f3n de la reforma el\u00e9ctrica en el pleno de la C\u00e1mara de Diputados se llevar\u00e1 a cabo el domingo 17 de abril, a petici\u00f3n de Morena. El coordinador de la bancada de diputados de este partido, Ignacio Mier Velasco, se\u00f1al\u00f3 que esta solicitud se dio con la finalidad de una mayor socializaci\u00f3n con la reforma y con el objetivo de que la ciudadan\u00eda conozca a fondo el dictamen de la iniciativa de reforma el\u00e9ctrica, aprobado en lo general y en lo particular el 11 de abril a trav\u00e9s de las comisiones de la C\u00e1mara de Diputados.\n\n \n<figure class=\"wp-block-embed is-type-video is-provider-youtube wp-block-embed-youtube wp-embed-aspect-16-9 wp-has-aspect-ratio\">\n<div class=\"wp-block-embed__wrapper\">https:\/\/youtu.be\/3gzEiGNEK1k<\/div><\/figure>\n \n<h2 class=\"wp-block-heading\">La nacionalizaci\u00f3n, el esp\u00edritu de la reforma el\u00e9ctrica<\/h2>\n \n\nFue desde el pasado 30 de septiembre que la reforma energ\u00e9tica fue enviada al Congreso de M\u00e9xico para sus an\u00e1lisis; sin embargo, su posible aprobaci\u00f3n ha sido dilatada debido a que, aseguran empresarios y la oposici\u00f3n, la iniciativa tiende a ser nacionalista, es contraria a la b\u00fasqueda de energ\u00edas limpias e\u00a0<a href=\"https:\/\/mundo.sputniknews.com\/20220331\/eeuu-analiza-sanciones-contra-mexico-por-reforma-energetica-de-amlo--1123862755.html\" target=\"_blank\" rel=\"noreferrer noopener\">incluso violatoria del T-MEC<\/a>.\n\n \n\nLa propuesta energ\u00e9tica de L\u00f3pez Obrador pretende modificar los\u00a0<strong>art\u00edculos 25, 27 y 28<\/strong>\u00a0de la Constituci\u00f3n mexicana y en ella se plantean dos aristas que han sido los m\u00e1s pol\u00e9micos: el fortalecimiento, por ley, de la\u00a0<a href=\"https:\/\/mundo.sputniknews.com\/20211008\/amlo-gobiernos-pasados-apostaron-a-arruinar-a-la-cfe-1116896301.html\" target=\"_blank\" rel=\"noreferrer noopener\">Comisi\u00f3n Federal de Electricidad (CFE)<\/a>\u00a0y la nacionalizaci\u00f3n del litio.\n\n \n<figure class=\"wp-block-image size-large\"><img decoding=\"async\" class=\"wp-image-43845\" src=\"https:\/\/realidadesqroo.files.wordpress.com\/2022\/04\/image-168.png?w=1024\" alt=\"\" \/><figcaption><a href=\"https:\/\/mundo.sputniknews.com\/20220412\/el-abece-de-la-reforma-energetica-de-amlo-que-esta-en-vilo--1124300100.html\">El abec\u00e9 de la reforma energ\u00e9tica de AMLO que est\u00e1 en vilo<\/a><\/figcaption><\/figure>\n \n\n&nbsp;\n\n \n\nDe acuerdo con el propio presidente de M\u00e9xico, la reforma busca reparar el da\u00f1o provocado por los gobiernos neoliberales anteriores que premiaron a la iniciativa privada en lugar de las empresas estatales.\n\n \n\nEn el caso de\u00a0<strong>la CFE<\/strong>, la iniciativa de reforma propone que el\u00a0<strong>Estado mexicano\u00a0<\/strong>a trav\u00e9s de dicha comisi\u00f3n\u00a0<strong>tendr\u00e1, por ley, el 54%\u00a0<\/strong>del mercado de electricidad y el 46% restante se facultar\u00e1 al sector privado.\n\n \n\n&#8220;Nosotros no queremos que el litio lo manejen potencias extranjeras. Ni de Estados Unidos ni de China ni de Rusia,\u00a0<a href=\"https:\/\/mundo.sputniknews.com\/20220111\/mexico-tiene-ocho-solicitudes-para-explorar-yacimientos-de-litio-revela-adan-augusto-lopez-1120194033.html\" target=\"_blank\" rel=\"noreferrer noopener\">el litio es de los mexicanos<\/a>&#8220;, sentenci\u00f3 L\u00f3pez Obrador el pasado mes de enero al hablar sobre la reforma energ\u00e9tica que impulsa su Gobierno y sus planes respecto a este preciado mineral el cual es clave para la producci\u00f3n de bater\u00edas.\n\n \n\n&nbsp;\n\n \n\nLa iniciativa en la materia impulsada por la Cuarta Transformaci\u00f3n es tajante en este tema:\u00a0<a href=\"https:\/\/mundo.sputniknews.com\/20211002\/la-epica-batalla-por-el-litio-de-mexico-triunfan-los-nacionalistas-pierden-los-globalistas-1116683278.html\" target=\"_blank\" rel=\"noreferrer noopener\">el litio es de M\u00e9xico<\/a>\u00a0y para los mexicanos, por lo que la exploraci\u00f3n y explotaci\u00f3n de este recurso ser\u00e1 competencia del Estado mexicano, el cual crear\u00e1 una empresa, seg\u00fan la secretaria de Energ\u00eda de M\u00e9xico, Roc\u00edo Nahle.\n\n \n\nRespecto a las concesiones que ya fueron entregadas a las empresas para la extracci\u00f3n del litio, el Gobierno de L\u00f3pez Obrador indic\u00f3 que no se echar\u00e1n para atr\u00e1s; sin embargo, s\u00ed ser\u00e1n revisadas.\n\n \n\nFuente: <a href=\"https:\/\/mundo.sputniknews.com\/20220413\/amlo-firmo-la-iniciativa-de-reforma-a-la-ley-minera-para-que-el-litio-sea-propiedad-de-la-nacion-1124354587.html?fbclid=IwAR3wQChCVI37XHMQ3cGGQ6L05OMQDE4SlcBgF0Qg95mxCkTk3EVLtRz9GSQ\">sputniknews.com<\/a>\n\n","protected":false},"excerpt":{"rendered":"<p>Realidades.- El presidenete de M\u00e9xico inform\u00f3 que ya tiene firmada la iniciativa de reforma a&#8230;<\/p>\n","protected":false},"author":2,"featured_media":6294,"comment_status":"open","ping_status":"closed","sticky":false,"template":"","format":"standard","meta":{"footnotes":""},"categories":[25,285,37,20],"tags":[190,84,2286,2287,417,41,2288,2289,1661,2290,1509,2291,24,2292,2293,2294,1613],"class_list":["post-6293","post","type-post","status-publish","format-standard","has-post-thumbnail","hentry","category-4t","category-camara-de-diputados","category-economia","category-nacionales","tag-4t","tag-amlo","tag-bloque-antimexicano","tag-boicot","tag-camara-de-diputados","tag-economia","tag-firmo","tag-hay-traicion-a-la-patria","tag-iniciativa","tag-ley-minera","tag-litio","tag-mayoria-simple","tag-morena","tag-propiedad-de-la-nacion","tag-reaccionarios","tag-reforma","tag-reforma-electrica"],"yoast_head":"<!-- This site is optimized with the Yoast SEO plugin v27.5 - https:\/\/yoast.com\/product\/yoast-seo-wordpress\/ -->\n<title>AMLO firm\u00f3 la iniciativa de reforma a la Ley Minera para que el litio sea propiedad de la naci\u00f3n - NOTICIAS DE LA 4T<\/title>\n<meta name=\"robots\" content=\"noindex, follow, max-snippet:-1, max-image-preview:large, max-video-preview:-1\" \/>\n<meta property=\"og:locale\" content=\"es_MX\" \/>\n<meta property=\"og:type\" content=\"article\" \/>\n<meta property=\"og:title\" content=\"AMLO firm\u00f3 la iniciativa de reforma a la Ley Minera para que el litio sea propiedad de la naci\u00f3n - NOTICIAS DE LA 4T\" \/>\n<meta property=\"og:description\" content=\"Realidades.- El presidenete de M\u00e9xico inform\u00f3 que ya tiene firmada la iniciativa de reforma a...\" \/>\n<meta property=\"og:url\" content=\"https:\/\/redamlo.com\/index.php\/2022\/04\/14\/amlo-firmo-la-iniciativa-de-reforma-a-la-ley-minera-para-que-el-litio-sea-propiedad-de-la-nacion\/\" \/>\n<meta property=\"og:site_name\" content=\"NOTICIAS DE LA 4T\" \/>\n<meta property=\"article:published_time\" content=\"2022-04-14T14:11:08+00:00\" \/>\n<meta property=\"og:image\" content=\"https:\/\/redamlo.com\/wp-content\/uploads\/2022\/04\/454-6.png\" \/>\n\t<meta property=\"og:image:width\" content=\"1200\" \/>\n\t<meta property=\"og:image:height\" content=\"720\" \/>\n\t<meta property=\"og:image:type\" content=\"image\/png\" \/>\n<meta name=\"author\" content=\"Blanca\" \/>\n<meta name=\"twitter:card\" content=\"summary_large_image\" \/>\n<meta name=\"twitter:label1\" content=\"Escrito por\" \/>\n\t<meta name=\"twitter:data1\" content=\"Blanca\" \/>\n\t<meta name=\"twitter:label2\" content=\"Tiempo de lectura\" \/>\n\t<meta name=\"twitter:data2\" content=\"3 minutos\" \/>\n<script type=\"application\/ld+json\" class=\"yoast-schema-graph\">{\"@context\":\"https:\\\/\\\/schema.org\",\"@graph\":[{\"@type\":\"Article\",\"@id\":\"https:\\\/\\\/redamlo.com\\\/index.php\\\/2022\\\/04\\\/14\\\/amlo-firmo-la-iniciativa-de-reforma-a-la-ley-minera-para-que-el-litio-sea-propiedad-de-la-nacion\\\/#article\",\"isPartOf\":{\"@id\":\"https:\\\/\\\/redamlo.com\\\/index.php\\\/2022\\\/04\\\/14\\\/amlo-firmo-la-iniciativa-de-reforma-a-la-ley-minera-para-que-el-litio-sea-propiedad-de-la-nacion\\\/\"},\"author\":{\"name\":\"Blanca\",\"@id\":\"https:\\\/\\\/redamlo.com\\\/#\\\/schema\\\/person\\\/7223a4375eb8f1a782fcae010a7115cf\"},\"headline\":\"AMLO firm\u00f3 la iniciativa de reforma a la Ley Minera para que el litio sea propiedad de la naci\u00f3n\",\"datePublished\":\"2022-04-14T14:11:08+00:00\",\"mainEntityOfPage\":{\"@id\":\"https:\\\/\\\/redamlo.com\\\/index.php\\\/2022\\\/04\\\/14\\\/amlo-firmo-la-iniciativa-de-reforma-a-la-ley-minera-para-que-el-litio-sea-propiedad-de-la-nacion\\\/\"},\"wordCount\":622,\"commentCount\":0,\"publisher\":{\"@id\":\"https:\\\/\\\/redamlo.com\\\/#organization\"},\"image\":{\"@id\":\"https:\\\/\\\/redamlo.com\\\/index.php\\\/2022\\\/04\\\/14\\\/amlo-firmo-la-iniciativa-de-reforma-a-la-ley-minera-para-que-el-litio-sea-propiedad-de-la-nacion\\\/#primaryimage\"},\"thumbnailUrl\":\"https:\\\/\\\/redamlo.com\\\/wp-content\\\/uploads\\\/2022\\\/04\\\/454-6.png\",\"keywords\":[\"4T\",\"AMLO\",\"Bloque antimexicano\",\"Boicot\",\"C\u00e1mara de Diputados\",\"economia\",\"Firm\u00f3\",\"Hay traici\u00f3n a la Patria\",\"iniciativa\",\"Ley Minera\",\"Litio\",\"Mayoria simple\",\"Morena\",\"Propiedad de la Naci\u00f3n\",\"Reaccionarios\",\"Reforma\",\"Reforma El\u00e9ctrica\"],\"articleSection\":[\"4T\",\"Camara de Diputados\",\"Econom\u00eda\",\"Nacionales\"],\"inLanguage\":\"es\",\"potentialAction\":[{\"@type\":\"CommentAction\",\"name\":\"Comment\",\"target\":[\"https:\\\/\\\/redamlo.com\\\/index.php\\\/2022\\\/04\\\/14\\\/amlo-firmo-la-iniciativa-de-reforma-a-la-ley-minera-para-que-el-litio-sea-propiedad-de-la-nacion\\\/#respond\"]}]},{\"@type\":\"WebPage\",\"@id\":\"https:\\\/\\\/redamlo.com\\\/index.php\\\/2022\\\/04\\\/14\\\/amlo-firmo-la-iniciativa-de-reforma-a-la-ley-minera-para-que-el-litio-sea-propiedad-de-la-nacion\\\/\",\"url\":\"https:\\\/\\\/redamlo.com\\\/index.php\\\/2022\\\/04\\\/14\\\/amlo-firmo-la-iniciativa-de-reforma-a-la-ley-minera-para-que-el-litio-sea-propiedad-de-la-nacion\\\/\",\"name\":\"AMLO firm\u00f3 la iniciativa de reforma a la Ley Minera para que el litio sea propiedad de la naci\u00f3n - NOTICIAS DE LA 4T\",\"isPartOf\":{\"@id\":\"https:\\\/\\\/redamlo.com\\\/#website\"},\"primaryImageOfPage\":{\"@id\":\"https:\\\/\\\/redamlo.com\\\/index.php\\\/2022\\\/04\\\/14\\\/amlo-firmo-la-iniciativa-de-reforma-a-la-ley-minera-para-que-el-litio-sea-propiedad-de-la-nacion\\\/#primaryimage\"},\"image\":{\"@id\":\"https:\\\/\\\/redamlo.com\\\/index.php\\\/2022\\\/04\\\/14\\\/amlo-firmo-la-iniciativa-de-reforma-a-la-ley-minera-para-que-el-litio-sea-propiedad-de-la-nacion\\\/#primaryimage\"},\"thumbnailUrl\":\"https:\\\/\\\/redamlo.com\\\/wp-content\\\/uploads\\\/2022\\\/04\\\/454-6.png\",\"datePublished\":\"2022-04-14T14:11:08+00:00\",\"breadcrumb\":{\"@id\":\"https:\\\/\\\/redamlo.com\\\/index.php\\\/2022\\\/04\\\/14\\\/amlo-firmo-la-iniciativa-de-reforma-a-la-ley-minera-para-que-el-litio-sea-propiedad-de-la-nacion\\\/#breadcrumb\"},\"inLanguage\":\"es\",\"potentialAction\":[{\"@type\":\"ReadAction\",\"target\":[\"https:\\\/\\\/redamlo.com\\\/index.php\\\/2022\\\/04\\\/14\\\/amlo-firmo-la-iniciativa-de-reforma-a-la-ley-minera-para-que-el-litio-sea-propiedad-de-la-nacion\\\/\"]}]},{\"@type\":\"ImageObject\",\"inLanguage\":\"es\",\"@id\":\"https:\\\/\\\/redamlo.com\\\/index.php\\\/2022\\\/04\\\/14\\\/amlo-firmo-la-iniciativa-de-reforma-a-la-ley-minera-para-que-el-litio-sea-propiedad-de-la-nacion\\\/#primaryimage\",\"url\":\"https:\\\/\\\/redamlo.com\\\/wp-content\\\/uploads\\\/2022\\\/04\\\/454-6.png\",\"contentUrl\":\"https:\\\/\\\/redamlo.com\\\/wp-content\\\/uploads\\\/2022\\\/04\\\/454-6.png\",\"width\":1200,\"height\":720},{\"@type\":\"BreadcrumbList\",\"@id\":\"https:\\\/\\\/redamlo.com\\\/index.php\\\/2022\\\/04\\\/14\\\/amlo-firmo-la-iniciativa-de-reforma-a-la-ley-minera-para-que-el-litio-sea-propiedad-de-la-nacion\\\/#breadcrumb\",\"itemListElement\":[{\"@type\":\"ListItem\",\"position\":1,\"name\":\"Inicio\",\"item\":\"https:\\\/\\\/redamlo.com\\\/\"},{\"@type\":\"ListItem\",\"position\":2,\"name\":\"AMLO firm\u00f3 la iniciativa de reforma a la Ley Minera para que el litio sea propiedad de la naci\u00f3n\"}]},{\"@type\":\"WebSite\",\"@id\":\"https:\\\/\\\/redamlo.com\\\/#website\",\"url\":\"https:\\\/\\\/redamlo.com\\\/\",\"name\":\"NOTICIAS DE LA 4T\",\"description\":\"\",\"publisher\":{\"@id\":\"https:\\\/\\\/redamlo.com\\\/#organization\"},\"potentialAction\":[{\"@type\":\"SearchAction\",\"target\":{\"@type\":\"EntryPoint\",\"urlTemplate\":\"https:\\\/\\\/redamlo.com\\\/?s={search_term_string}\"},\"query-input\":{\"@type\":\"PropertyValueSpecification\",\"valueRequired\":true,\"valueName\":\"search_term_string\"}}],\"inLanguage\":\"es\"},{\"@type\":\"Organization\",\"@id\":\"https:\\\/\\\/redamlo.com\\\/#organization\",\"name\":\"NOTICIAS DE LA 4T\",\"url\":\"https:\\\/\\\/redamlo.com\\\/\",\"logo\":{\"@type\":\"ImageObject\",\"inLanguage\":\"es\",\"@id\":\"https:\\\/\\\/redamlo.com\\\/#\\\/schema\\\/logo\\\/image\\\/\",\"url\":\"https:\\\/\\\/redamlo.com\\\/wp-content\\\/uploads\\\/2024\\\/08\\\/cropped-RED-AMLO-logo-50.png\",\"contentUrl\":\"https:\\\/\\\/redamlo.com\\\/wp-content\\\/uploads\\\/2024\\\/08\\\/cropped-RED-AMLO-logo-50.png\",\"width\":256,\"height\":256,\"caption\":\"NOTICIAS DE LA 4T\"},\"image\":{\"@id\":\"https:\\\/\\\/redamlo.com\\\/#\\\/schema\\\/logo\\\/image\\\/\"}},{\"@type\":\"Person\",\"@id\":\"https:\\\/\\\/redamlo.com\\\/#\\\/schema\\\/person\\\/7223a4375eb8f1a782fcae010a7115cf\",\"name\":\"Blanca\",\"image\":{\"@type\":\"ImageObject\",\"inLanguage\":\"es\",\"@id\":\"https:\\\/\\\/secure.gravatar.com\\\/avatar\\\/3f79bc8336367a4e6093eae8757acaaf61d1124834b905616de7829b0273426d?s=96&d=mm&r=g\",\"url\":\"https:\\\/\\\/secure.gravatar.com\\\/avatar\\\/3f79bc8336367a4e6093eae8757acaaf61d1124834b905616de7829b0273426d?s=96&d=mm&r=g\",\"contentUrl\":\"https:\\\/\\\/secure.gravatar.com\\\/avatar\\\/3f79bc8336367a4e6093eae8757acaaf61d1124834b905616de7829b0273426d?s=96&d=mm&r=g\",\"caption\":\"Blanca\"},\"url\":\"https:\\\/\\\/redamlo.com\\\/index.php\\\/author\\\/blanca\\\/\"}]}<\/script>\n<!-- \/ Yoast SEO plugin. -->","yoast_head_json":{"title":"AMLO firm\u00f3 la iniciativa de reforma a la Ley Minera para que el litio sea propiedad de la naci\u00f3n - NOTICIAS DE LA 4T","robots":{"index":"noindex","follow":"follow","max-snippet":"max-snippet:-1","max-image-preview":"max-image-preview:large","max-video-preview":"max-video-preview:-1"},"og_locale":"es_MX","og_type":"article","og_title":"AMLO firm\u00f3 la iniciativa de reforma a la Ley Minera para que el litio sea propiedad de la naci\u00f3n - NOTICIAS DE LA 4T","og_description":"Realidades.- El presidenete de M\u00e9xico inform\u00f3 que ya tiene firmada la iniciativa de reforma a...","og_url":"https:\/\/redamlo.com\/index.php\/2022\/04\/14\/amlo-firmo-la-iniciativa-de-reforma-a-la-ley-minera-para-que-el-litio-sea-propiedad-de-la-nacion\/","og_site_name":"NOTICIAS DE LA 4T","article_published_time":"2022-04-14T14:11:08+00:00","og_image":[{"width":1200,"height":720,"url":"https:\/\/redamlo.com\/wp-content\/uploads\/2022\/04\/454-6.png","type":"image\/png"}],"author":"Blanca","twitter_card":"summary_large_image","twitter_misc":{"Escrito por":"Blanca","Tiempo de lectura":"3 minutos"},"schema":{"@context":"https:\/\/schema.org","@graph":[{"@type":"Article","@id":"https:\/\/redamlo.com\/index.php\/2022\/04\/14\/amlo-firmo-la-iniciativa-de-reforma-a-la-ley-minera-para-que-el-litio-sea-propiedad-de-la-nacion\/#article","isPartOf":{"@id":"https:\/\/redamlo.com\/index.php\/2022\/04\/14\/amlo-firmo-la-iniciativa-de-reforma-a-la-ley-minera-para-que-el-litio-sea-propiedad-de-la-nacion\/"},"author":{"name":"Blanca","@id":"https:\/\/redamlo.com\/#\/schema\/person\/7223a4375eb8f1a782fcae010a7115cf"},"headline":"AMLO firm\u00f3 la iniciativa de reforma a la Ley Minera para que el litio sea propiedad de la naci\u00f3n","datePublished":"2022-04-14T14:11:08+00:00","mainEntityOfPage":{"@id":"https:\/\/redamlo.com\/index.php\/2022\/04\/14\/amlo-firmo-la-iniciativa-de-reforma-a-la-ley-minera-para-que-el-litio-sea-propiedad-de-la-nacion\/"},"wordCount":622,"commentCount":0,"publisher":{"@id":"https:\/\/redamlo.com\/#organization"},"image":{"@id":"https:\/\/redamlo.com\/index.php\/2022\/04\/14\/amlo-firmo-la-iniciativa-de-reforma-a-la-ley-minera-para-que-el-litio-sea-propiedad-de-la-nacion\/#primaryimage"},"thumbnailUrl":"https:\/\/redamlo.com\/wp-content\/uploads\/2022\/04\/454-6.png","keywords":["4T","AMLO","Bloque antimexicano","Boicot","C\u00e1mara de Diputados","economia","Firm\u00f3","Hay traici\u00f3n a la Patria","iniciativa","Ley Minera","Litio","Mayoria simple","Morena","Propiedad de la Naci\u00f3n","Reaccionarios","Reforma","Reforma El\u00e9ctrica"],"articleSection":["4T","Camara de Diputados","Econom\u00eda","Nacionales"],"inLanguage":"es","potentialAction":[{"@type":"CommentAction","name":"Comment","target":["https:\/\/redamlo.com\/index.php\/2022\/04\/14\/amlo-firmo-la-iniciativa-de-reforma-a-la-ley-minera-para-que-el-litio-sea-propiedad-de-la-nacion\/#respond"]}]},{"@type":"WebPage","@id":"https:\/\/redamlo.com\/index.php\/2022\/04\/14\/amlo-firmo-la-iniciativa-de-reforma-a-la-ley-minera-para-que-el-litio-sea-propiedad-de-la-nacion\/","url":"https:\/\/redamlo.com\/index.php\/2022\/04\/14\/amlo-firmo-la-iniciativa-de-reforma-a-la-ley-minera-para-que-el-litio-sea-propiedad-de-la-nacion\/","name":"AMLO firm\u00f3 la iniciativa de reforma a la Ley Minera para que el litio sea propiedad de la naci\u00f3n - NOTICIAS DE LA 4T","isPartOf":{"@id":"https:\/\/redamlo.com\/#website"},"primaryImageOfPage":{"@id":"https:\/\/redamlo.com\/index.php\/2022\/04\/14\/amlo-firmo-la-iniciativa-de-reforma-a-la-ley-minera-para-que-el-litio-sea-propiedad-de-la-nacion\/#primaryimage"},"image":{"@id":"https:\/\/redamlo.com\/index.php\/2022\/04\/14\/amlo-firmo-la-iniciativa-de-reforma-a-la-ley-minera-para-que-el-litio-sea-propiedad-de-la-nacion\/#primaryimage"},"thumbnailUrl":"https:\/\/redamlo.com\/wp-content\/uploads\/2022\/04\/454-6.png","datePublished":"2022-04-14T14:11:08+00:00","breadcrumb":{"@id":"https:\/\/redamlo.com\/index.php\/2022\/04\/14\/amlo-firmo-la-iniciativa-de-reforma-a-la-ley-minera-para-que-el-litio-sea-propiedad-de-la-nacion\/#breadcrumb"},"inLanguage":"es","potentialAction":[{"@type":"ReadAction","target":["https:\/\/redamlo.com\/index.php\/2022\/04\/14\/amlo-firmo-la-iniciativa-de-reforma-a-la-ley-minera-para-que-el-litio-sea-propiedad-de-la-nacion\/"]}]},{"@type":"ImageObject","inLanguage":"es","@id":"https:\/\/redamlo.com\/index.php\/2022\/04\/14\/amlo-firmo-la-iniciativa-de-reforma-a-la-ley-minera-para-que-el-litio-sea-propiedad-de-la-nacion\/#primaryimage","url":"https:\/\/redamlo.com\/wp-content\/uploads\/2022\/04\/454-6.png","contentUrl":"https:\/\/redamlo.com\/wp-content\/uploads\/2022\/04\/454-6.png","width":1200,"height":720},{"@type":"BreadcrumbList","@id":"https:\/\/redamlo.com\/index.php\/2022\/04\/14\/amlo-firmo-la-iniciativa-de-reforma-a-la-ley-minera-para-que-el-litio-sea-propiedad-de-la-nacion\/#breadcrumb","itemListElement":[{"@type":"ListItem","position":1,"name":"Inicio","item":"https:\/\/redamlo.com\/"},{"@type":"ListItem","position":2,"name":"AMLO firm\u00f3 la iniciativa de reforma a la Ley Minera para que el litio sea propiedad de la naci\u00f3n"}]},{"@type":"WebSite","@id":"https:\/\/redamlo.com\/#website","url":"https:\/\/redamlo.com\/","name":"NOTICIAS DE LA 4T","description":"","publisher":{"@id":"https:\/\/redamlo.com\/#organization"},"potentialAction":[{"@type":"SearchAction","target":{"@type":"EntryPoint","urlTemplate":"https:\/\/redamlo.com\/?s={search_term_string}"},"query-input":{"@type":"PropertyValueSpecification","valueRequired":true,"valueName":"search_term_string"}}],"inLanguage":"es"},{"@type":"Organization","@id":"https:\/\/redamlo.com\/#organization","name":"NOTICIAS DE LA 4T","url":"https:\/\/redamlo.com\/","logo":{"@type":"ImageObject","inLanguage":"es","@id":"https:\/\/redamlo.com\/#\/schema\/logo\/image\/","url":"https:\/\/redamlo.com\/wp-content\/uploads\/2024\/08\/cropped-RED-AMLO-logo-50.png","contentUrl":"https:\/\/redamlo.com\/wp-content\/uploads\/2024\/08\/cropped-RED-AMLO-logo-50.png","width":256,"height":256,"caption":"NOTICIAS DE LA 4T"},"image":{"@id":"https:\/\/redamlo.com\/#\/schema\/logo\/image\/"}},{"@type":"Person","@id":"https:\/\/redamlo.com\/#\/schema\/person\/7223a4375eb8f1a782fcae010a7115cf","name":"Blanca","image":{"@type":"ImageObject","inLanguage":"es","@id":"https:\/\/secure.gravatar.com\/avatar\/3f79bc8336367a4e6093eae8757acaaf61d1124834b905616de7829b0273426d?s=96&d=mm&r=g","url":"https:\/\/secure.gravatar.com\/avatar\/3f79bc8336367a4e6093eae8757acaaf61d1124834b905616de7829b0273426d?s=96&d=mm&r=g","contentUrl":"https:\/\/secure.gravatar.com\/avatar\/3f79bc8336367a4e6093eae8757acaaf61d1124834b905616de7829b0273426d?s=96&d=mm&r=g","caption":"Blanca"},"url":"https:\/\/redamlo.com\/index.php\/author\/blanca\/"}]}},"_links":{"self":[{"href":"https:\/\/redamlo.com\/index.php\/wp-json\/wp\/v2\/posts\/6293","targetHints":{"allow":["GET"]}}],"collection":[{"href":"https:\/\/redamlo.com\/index.php\/wp-json\/wp\/v2\/posts"}],"about":[{"href":"https:\/\/redamlo.com\/index.php\/wp-json\/wp\/v2\/types\/post"}],"author":[{"embeddable":true,"href":"https:\/\/redamlo.com\/index.php\/wp-json\/wp\/v2\/users\/2"}],"replies":[{"embeddable":true,"href":"https:\/\/redamlo.com\/index.php\/wp-json\/wp\/v2\/comments?post=6293"}],"version-history":[{"count":0,"href":"https:\/\/redamlo.com\/index.php\/wp-json\/wp\/v2\/posts\/6293\/revisions"}],"wp:featuredmedia":[{"embeddable":true,"href":"https:\/\/redamlo.com\/index.php\/wp-json\/wp\/v2\/media\/6294"}],"wp:attachment":[{"href":"https:\/\/redamlo.com\/index.php\/wp-json\/wp\/v2\/media?parent=6293"}],"wp:term":[{"taxonomy":"category","embeddable":true,"href":"https:\/\/redamlo.com\/index.php\/wp-json\/wp\/v2\/categories?post=6293"},{"taxonomy":"post_tag","embeddable":true,"href":"https:\/\/redamlo.com\/index.php\/wp-json\/wp\/v2\/tags?post=6293"}],"curies":[{"name":"wp","href":"https:\/\/api.w.org\/{rel}","templated":true}]}}