{"id":6282,"date":"2022-04-11T16:04:23","date_gmt":"2022-04-11T21:04:23","guid":{"rendered":"https:\/\/redamlo.com\/?p=6282"},"modified":"2022-04-11T16:04:23","modified_gmt":"2022-04-11T21:04:23","slug":"firmas-globales-detras-de-opositores-a-la-reforma-electrica","status":"publish","type":"post","link":"https:\/\/redamlo.com\/index.php\/2022\/04\/11\/firmas-globales-detras-de-opositores-a-la-reforma-electrica\/","title":{"rendered":"Firmas globales, detr\u00e1s de opositores a la reforma el\u00e9ctrica"},"content":{"rendered":"\n\n<strong>Realidades, <em>Ciudad de M\u00e9xico.<\/em>\u00a0Las grandes trasnacionales de energ\u00eda y empresarios mexicanos identificados como opositores al actual gobierno financian o apoyan de distintas maneras a un grupo de actores aparentemente independientes que operan desde distintos espacios para bloquear la reforma el\u00e9ctrica o limitar su alcance y as\u00ed no perder privilegios, afirm\u00f3 Guadalupe Correa-Cabrera, profesora asociada de pol\u00edtica y gobierno en George Mason University.<\/strong>\n\n \n\nEn un texto llamado\u00a0<em>Cabilderos contra la reforma al sector el\u00e9ctrico en M\u00e9xico, Estado y soberan\u00eda<\/em>, publicado en la revista\u00a0<em>El Cotidiano de la Universidad Aut\u00f3noma Metropolitana<\/em>, la investigadora teje las relaciones de analistas \u201cindependientes\u201d, consultor\u00edas y hasta medios de comunicaci\u00f3n que buscan siga la reforma de 2013, que desde el punto de vista de la autora no ha beneficiado a M\u00e9xico ni a los mexicanos, pero s\u00ed a las empresas trasnacionales.\n\n \n\nLa analista destaca que existen grandes grupos de poder econ\u00f3mico y pol\u00edtico a quienes no conviene que se apruebe la reforma. Como por ejemplo, trasnacionales el\u00e9ctricas, muchas de las cuales tienen como due\u00f1os principales a grandes fondos de inversi\u00f3n como BlackRock o Vanguard, que se han beneficiado de la reforma de 2013 con contratos.<img decoding=\"async\" src=\"https:\/\/cdn.latinus.us\/wp-content\/uploads\/2021\/10\/27210715\/reforma-ley-electrica-bloomberg-cuartoscuro.jpeg\" alt=\"Empresas de EU tendr\u00edan que replantear su permanencia en M\u00e9xico si se  aprueba reforma el\u00e9ctrica: Amcham\" \/>\n\n \n\nDichos grupos empresariales nacionales y principalmente extranjeros, afirma Correa-Cabrera, apoyan estudios en consultor\u00edas para resaltar y magnificar los aspectos negativos de la reforma y se valen del apoyo de cabilderos, quienes operan las relaciones, muchas veces de manera informal, con el Poder Legislativo.\n\n \n\nDestac\u00f3 que este grupo de actores, que operan formal o informalmente como cabilderos de trasnacionales o de poderosos empresarios mexicanos, han usado varias veces las \u201cpuertas giratorias\u201d entre el sector p\u00fablico y el privado, y as\u00ed han establecido sus contactos con las grandes empresas, que ahora los reclutan o los financian para defender sus intereses.\n\n \n\n\u201cLas empresas alimentan esta relaci\u00f3n de varias maneras, ya sea mediante el pago de consultor\u00edas; financiamiento a determinados\u00a0<em>think tanks<\/em>\u00a0(consultoras); invitaci\u00f3n a sus juntas directivas, o la contrataci\u00f3n en sus filiales despu\u00e9s de que algunos de estos actores han desempe\u00f1ado un puesto p\u00fablico desde el cual beneficiaron a dichas firmas\u201d, apunt\u00f3.\n\n \n<figure class=\"wp-block-image size-large\"><img decoding=\"async\" class=\"wp-image-43684\" src=\"https:\/\/realidadesqroo.files.wordpress.com\/2022\/04\/image-128.png?w=1024\" alt=\"\" \/><figcaption>Larry Fink, presidente de BlackRock, se reuni\u00f3 con el presidente Andr\u00e9s Manuel L\u00f3pez Obrador en marzo de 2020. Ese grupo ha sido se\u00f1alado como gran beneficiario de la anterior ley el\u00e9ctrica y, por lo tanto, contrario a cualquier modificaci\u00f3n.\u00a0Foto\u00a0<strong>tomada del Facebook de @lopezobrador.org.mx<\/strong><\/figcaption><\/figure>\n \n\nTal es el caso de organizaciones como el IMCO o M\u00e9xico Eval\u00faa, quienes frecuentemente opinan en contra de la reforma el\u00e9ctrica y otras, mientras elaboran estudios con un claro sesgo a favor del sector privado, abunda la investigadora.\n\n \n\nEn lo que respecta al IMCO, documenta la analista, su consejo incluye a poderosos empresarios abiertamente opositores al actual gobierno como Valent\u00edn D\u00edez, Eugenio Clariond, Claudio X. Gonz\u00e1lez, Antonio del Valle, Alejandro Ram\u00edrez y Daniel Servitje; mientras que M\u00e9xico Eval\u00faa cuenta entre sus donantes internacionales a las principales fundaciones de George Soros, la Agencia de EU para el Desarrollo Internacional, la National Endowment for Democracy, la Embajada de Canad\u00e1, entre otros.\n\n<img decoding=\"async\" src=\"https:\/\/realidadesqroo.files.wordpress.com\/2022\/04\/image-129.png?w=1024\" alt=\"La imagen tiene un atributo ALT vac\u00edo; su nombre de archivo es image-129.png\" \/>\n\n \n\nUno de los casos m\u00e1s destacados en el fen\u00f3meno de \u201cpuertas giratorias\u201d es el de Felipe Calder\u00f3n Hinojosa, quien al dejar la presidencia de M\u00e9xico fungi\u00f3 como miembro del consejo de administraci\u00f3n de Avangrid, filial de la espa\u00f1ola Iberdrola, que recibi\u00f3 millonarias prebendas y pudo extender su influencia en el mercado mexicano de los energ\u00e9ticos, agreg\u00f3 la investigadora.\n\n \n\n\u201cCuestiones tan delicadas como esta deben investigarse a profundidad y, en caso de detectarse corrupci\u00f3n, tr\u00e1fico de influencias o conflicto de inter\u00e9s, dichos delitos deben sancionarse como es debido\u201d, concluy\u00f3.\n\n \n\nFuente: <a href=\"https:\/\/www.jornada.com.mx\/notas\/2022\/04\/11\/economia\/firmas-globales-detras-de-opositores-a-la-reforma-electrica\/?fbclid=IwAR0xAcK67BienobIAFq6vKw3mZtqf1jSj6a6Fj-BMPn95CPPstMLaUlmZss\">lajornada.com.mx<\/a>\n\n","protected":false},"excerpt":{"rendered":"<p>Realidades, Ciudad de M\u00e9xico.\u00a0Las grandes trasnacionales de energ\u00eda y empresarios mexicanos identificados como opositores al&#8230;<\/p>\n","protected":false},"author":2,"featured_media":6283,"comment_status":"open","ping_status":"closed","sticky":false,"template":"","format":"standard","meta":{"footnotes":""},"categories":[1],"tags":[2268,2269,2270,192,2271,2272,2273,289,2274,2275,1655,1613,1480,2276],"class_list":["post-6282","post","type-post","status-publish","format-standard","has-post-thumbnail","hentry","category-uncategorized","tag-blackrock","tag-blocke-antimexicano","tag-cabilderos","tag-corrupcion","tag-detras","tag-economico","tag-empresarios-mexicanos","tag-estado","tag-firmas-globales","tag-fondos-de-inversion","tag-opositores","tag-reforma-electrica","tag-soberania","tag-vanguard"],"yoast_head":"<!-- This site is optimized with the Yoast SEO plugin v27.5 - https:\/\/yoast.com\/product\/yoast-seo-wordpress\/ -->\n<title>Firmas globales, detr\u00e1s de opositores a la reforma el\u00e9ctrica - NOTICIAS DE LA 4T<\/title>\n<meta name=\"robots\" content=\"noindex, follow, max-snippet:-1, max-image-preview:large, max-video-preview:-1\" \/>\n<meta property=\"og:locale\" content=\"es_MX\" \/>\n<meta property=\"og:type\" content=\"article\" \/>\n<meta property=\"og:title\" content=\"Firmas globales, detr\u00e1s de opositores a la reforma el\u00e9ctrica - NOTICIAS DE LA 4T\" \/>\n<meta property=\"og:description\" content=\"Realidades, Ciudad de M\u00e9xico.\u00a0Las grandes trasnacionales de energ\u00eda y empresarios mexicanos identificados como opositores al...\" \/>\n<meta property=\"og:url\" content=\"https:\/\/redamlo.com\/index.php\/2022\/04\/11\/firmas-globales-detras-de-opositores-a-la-reforma-electrica\/\" \/>\n<meta property=\"og:site_name\" content=\"NOTICIAS DE LA 4T\" \/>\n<meta property=\"article:published_time\" content=\"2022-04-11T21:04:23+00:00\" \/>\n<meta property=\"og:image\" content=\"https:\/\/redamlo.com\/wp-content\/uploads\/2022\/04\/454-4.png\" \/>\n\t<meta property=\"og:image:width\" content=\"626\" \/>\n\t<meta property=\"og:image:height\" content=\"417\" \/>\n\t<meta property=\"og:image:type\" content=\"image\/png\" \/>\n<meta name=\"author\" content=\"Blanca\" \/>\n<meta name=\"twitter:card\" content=\"summary_large_image\" \/>\n<meta name=\"twitter:label1\" content=\"Escrito por\" \/>\n\t<meta name=\"twitter:data1\" content=\"Blanca\" \/>\n\t<meta name=\"twitter:label2\" content=\"Tiempo de lectura\" \/>\n\t<meta name=\"twitter:data2\" content=\"4 minutos\" \/>\n<script type=\"application\/ld+json\" class=\"yoast-schema-graph\">{\"@context\":\"https:\\\/\\\/schema.org\",\"@graph\":[{\"@type\":\"Article\",\"@id\":\"https:\\\/\\\/redamlo.com\\\/index.php\\\/2022\\\/04\\\/11\\\/firmas-globales-detras-de-opositores-a-la-reforma-electrica\\\/#article\",\"isPartOf\":{\"@id\":\"https:\\\/\\\/redamlo.com\\\/index.php\\\/2022\\\/04\\\/11\\\/firmas-globales-detras-de-opositores-a-la-reforma-electrica\\\/\"},\"author\":{\"name\":\"Blanca\",\"@id\":\"https:\\\/\\\/redamlo.com\\\/#\\\/schema\\\/person\\\/7223a4375eb8f1a782fcae010a7115cf\"},\"headline\":\"Firmas globales, detr\u00e1s de opositores a la reforma el\u00e9ctrica\",\"datePublished\":\"2022-04-11T21:04:23+00:00\",\"mainEntityOfPage\":{\"@id\":\"https:\\\/\\\/redamlo.com\\\/index.php\\\/2022\\\/04\\\/11\\\/firmas-globales-detras-de-opositores-a-la-reforma-electrica\\\/\"},\"wordCount\":644,\"commentCount\":0,\"publisher\":{\"@id\":\"https:\\\/\\\/redamlo.com\\\/#organization\"},\"image\":{\"@id\":\"https:\\\/\\\/redamlo.com\\\/index.php\\\/2022\\\/04\\\/11\\\/firmas-globales-detras-de-opositores-a-la-reforma-electrica\\\/#primaryimage\"},\"thumbnailUrl\":\"https:\\\/\\\/redamlo.com\\\/wp-content\\\/uploads\\\/2022\\\/04\\\/454-4.png\",\"keywords\":[\"BlackRock\",\"Blocke Antimexicano\",\"Cabilderos\",\"Corrupcion\",\"Detras\",\"Econ\u00f3mico\",\"Empresarios Mexicanos\",\"Estado\",\"Firmas Globales\",\"Fondos de Inversi\u00f3n\",\"Opositores\",\"Reforma El\u00e9ctrica\",\"Soberan\u00eda\",\"Vanguard\"],\"articleSection\":[\"Uncategorized\"],\"inLanguage\":\"es\",\"potentialAction\":[{\"@type\":\"CommentAction\",\"name\":\"Comment\",\"target\":[\"https:\\\/\\\/redamlo.com\\\/index.php\\\/2022\\\/04\\\/11\\\/firmas-globales-detras-de-opositores-a-la-reforma-electrica\\\/#respond\"]}]},{\"@type\":\"WebPage\",\"@id\":\"https:\\\/\\\/redamlo.com\\\/index.php\\\/2022\\\/04\\\/11\\\/firmas-globales-detras-de-opositores-a-la-reforma-electrica\\\/\",\"url\":\"https:\\\/\\\/redamlo.com\\\/index.php\\\/2022\\\/04\\\/11\\\/firmas-globales-detras-de-opositores-a-la-reforma-electrica\\\/\",\"name\":\"Firmas globales, detr\u00e1s de opositores a la reforma el\u00e9ctrica - NOTICIAS DE LA 4T\",\"isPartOf\":{\"@id\":\"https:\\\/\\\/redamlo.com\\\/#website\"},\"primaryImageOfPage\":{\"@id\":\"https:\\\/\\\/redamlo.com\\\/index.php\\\/2022\\\/04\\\/11\\\/firmas-globales-detras-de-opositores-a-la-reforma-electrica\\\/#primaryimage\"},\"image\":{\"@id\":\"https:\\\/\\\/redamlo.com\\\/index.php\\\/2022\\\/04\\\/11\\\/firmas-globales-detras-de-opositores-a-la-reforma-electrica\\\/#primaryimage\"},\"thumbnailUrl\":\"https:\\\/\\\/redamlo.com\\\/wp-content\\\/uploads\\\/2022\\\/04\\\/454-4.png\",\"datePublished\":\"2022-04-11T21:04:23+00:00\",\"breadcrumb\":{\"@id\":\"https:\\\/\\\/redamlo.com\\\/index.php\\\/2022\\\/04\\\/11\\\/firmas-globales-detras-de-opositores-a-la-reforma-electrica\\\/#breadcrumb\"},\"inLanguage\":\"es\",\"potentialAction\":[{\"@type\":\"ReadAction\",\"target\":[\"https:\\\/\\\/redamlo.com\\\/index.php\\\/2022\\\/04\\\/11\\\/firmas-globales-detras-de-opositores-a-la-reforma-electrica\\\/\"]}]},{\"@type\":\"ImageObject\",\"inLanguage\":\"es\",\"@id\":\"https:\\\/\\\/redamlo.com\\\/index.php\\\/2022\\\/04\\\/11\\\/firmas-globales-detras-de-opositores-a-la-reforma-electrica\\\/#primaryimage\",\"url\":\"https:\\\/\\\/redamlo.com\\\/wp-content\\\/uploads\\\/2022\\\/04\\\/454-4.png\",\"contentUrl\":\"https:\\\/\\\/redamlo.com\\\/wp-content\\\/uploads\\\/2022\\\/04\\\/454-4.png\",\"width\":626,\"height\":417},{\"@type\":\"BreadcrumbList\",\"@id\":\"https:\\\/\\\/redamlo.com\\\/index.php\\\/2022\\\/04\\\/11\\\/firmas-globales-detras-de-opositores-a-la-reforma-electrica\\\/#breadcrumb\",\"itemListElement\":[{\"@type\":\"ListItem\",\"position\":1,\"name\":\"Inicio\",\"item\":\"https:\\\/\\\/redamlo.com\\\/\"},{\"@type\":\"ListItem\",\"position\":2,\"name\":\"Firmas globales, detr\u00e1s de opositores a la reforma el\u00e9ctrica\"}]},{\"@type\":\"WebSite\",\"@id\":\"https:\\\/\\\/redamlo.com\\\/#website\",\"url\":\"https:\\\/\\\/redamlo.com\\\/\",\"name\":\"NOTICIAS DE LA 4T\",\"description\":\"\",\"publisher\":{\"@id\":\"https:\\\/\\\/redamlo.com\\\/#organization\"},\"potentialAction\":[{\"@type\":\"SearchAction\",\"target\":{\"@type\":\"EntryPoint\",\"urlTemplate\":\"https:\\\/\\\/redamlo.com\\\/?s={search_term_string}\"},\"query-input\":{\"@type\":\"PropertyValueSpecification\",\"valueRequired\":true,\"valueName\":\"search_term_string\"}}],\"inLanguage\":\"es\"},{\"@type\":\"Organization\",\"@id\":\"https:\\\/\\\/redamlo.com\\\/#organization\",\"name\":\"NOTICIAS DE LA 4T\",\"url\":\"https:\\\/\\\/redamlo.com\\\/\",\"logo\":{\"@type\":\"ImageObject\",\"inLanguage\":\"es\",\"@id\":\"https:\\\/\\\/redamlo.com\\\/#\\\/schema\\\/logo\\\/image\\\/\",\"url\":\"https:\\\/\\\/redamlo.com\\\/wp-content\\\/uploads\\\/2024\\\/08\\\/cropped-RED-AMLO-logo-50.png\",\"contentUrl\":\"https:\\\/\\\/redamlo.com\\\/wp-content\\\/uploads\\\/2024\\\/08\\\/cropped-RED-AMLO-logo-50.png\",\"width\":256,\"height\":256,\"caption\":\"NOTICIAS DE LA 4T\"},\"image\":{\"@id\":\"https:\\\/\\\/redamlo.com\\\/#\\\/schema\\\/logo\\\/image\\\/\"}},{\"@type\":\"Person\",\"@id\":\"https:\\\/\\\/redamlo.com\\\/#\\\/schema\\\/person\\\/7223a4375eb8f1a782fcae010a7115cf\",\"name\":\"Blanca\",\"image\":{\"@type\":\"ImageObject\",\"inLanguage\":\"es\",\"@id\":\"https:\\\/\\\/secure.gravatar.com\\\/avatar\\\/3f79bc8336367a4e6093eae8757acaaf61d1124834b905616de7829b0273426d?s=96&d=mm&r=g\",\"url\":\"https:\\\/\\\/secure.gravatar.com\\\/avatar\\\/3f79bc8336367a4e6093eae8757acaaf61d1124834b905616de7829b0273426d?s=96&d=mm&r=g\",\"contentUrl\":\"https:\\\/\\\/secure.gravatar.com\\\/avatar\\\/3f79bc8336367a4e6093eae8757acaaf61d1124834b905616de7829b0273426d?s=96&d=mm&r=g\",\"caption\":\"Blanca\"},\"url\":\"https:\\\/\\\/redamlo.com\\\/index.php\\\/author\\\/blanca\\\/\"}]}<\/script>\n<!-- \/ Yoast SEO plugin. -->","yoast_head_json":{"title":"Firmas globales, detr\u00e1s de opositores a la reforma el\u00e9ctrica - NOTICIAS DE LA 4T","robots":{"index":"noindex","follow":"follow","max-snippet":"max-snippet:-1","max-image-preview":"max-image-preview:large","max-video-preview":"max-video-preview:-1"},"og_locale":"es_MX","og_type":"article","og_title":"Firmas globales, detr\u00e1s de opositores a la reforma el\u00e9ctrica - NOTICIAS DE LA 4T","og_description":"Realidades, Ciudad de M\u00e9xico.\u00a0Las grandes trasnacionales de energ\u00eda y empresarios mexicanos identificados como opositores al...","og_url":"https:\/\/redamlo.com\/index.php\/2022\/04\/11\/firmas-globales-detras-de-opositores-a-la-reforma-electrica\/","og_site_name":"NOTICIAS DE LA 4T","article_published_time":"2022-04-11T21:04:23+00:00","og_image":[{"width":626,"height":417,"url":"https:\/\/redamlo.com\/wp-content\/uploads\/2022\/04\/454-4.png","type":"image\/png"}],"author":"Blanca","twitter_card":"summary_large_image","twitter_misc":{"Escrito por":"Blanca","Tiempo de lectura":"4 minutos"},"schema":{"@context":"https:\/\/schema.org","@graph":[{"@type":"Article","@id":"https:\/\/redamlo.com\/index.php\/2022\/04\/11\/firmas-globales-detras-de-opositores-a-la-reforma-electrica\/#article","isPartOf":{"@id":"https:\/\/redamlo.com\/index.php\/2022\/04\/11\/firmas-globales-detras-de-opositores-a-la-reforma-electrica\/"},"author":{"name":"Blanca","@id":"https:\/\/redamlo.com\/#\/schema\/person\/7223a4375eb8f1a782fcae010a7115cf"},"headline":"Firmas globales, detr\u00e1s de opositores a la reforma el\u00e9ctrica","datePublished":"2022-04-11T21:04:23+00:00","mainEntityOfPage":{"@id":"https:\/\/redamlo.com\/index.php\/2022\/04\/11\/firmas-globales-detras-de-opositores-a-la-reforma-electrica\/"},"wordCount":644,"commentCount":0,"publisher":{"@id":"https:\/\/redamlo.com\/#organization"},"image":{"@id":"https:\/\/redamlo.com\/index.php\/2022\/04\/11\/firmas-globales-detras-de-opositores-a-la-reforma-electrica\/#primaryimage"},"thumbnailUrl":"https:\/\/redamlo.com\/wp-content\/uploads\/2022\/04\/454-4.png","keywords":["BlackRock","Blocke Antimexicano","Cabilderos","Corrupcion","Detras","Econ\u00f3mico","Empresarios Mexicanos","Estado","Firmas Globales","Fondos de Inversi\u00f3n","Opositores","Reforma El\u00e9ctrica","Soberan\u00eda","Vanguard"],"articleSection":["Uncategorized"],"inLanguage":"es","potentialAction":[{"@type":"CommentAction","name":"Comment","target":["https:\/\/redamlo.com\/index.php\/2022\/04\/11\/firmas-globales-detras-de-opositores-a-la-reforma-electrica\/#respond"]}]},{"@type":"WebPage","@id":"https:\/\/redamlo.com\/index.php\/2022\/04\/11\/firmas-globales-detras-de-opositores-a-la-reforma-electrica\/","url":"https:\/\/redamlo.com\/index.php\/2022\/04\/11\/firmas-globales-detras-de-opositores-a-la-reforma-electrica\/","name":"Firmas globales, detr\u00e1s de opositores a la reforma el\u00e9ctrica - NOTICIAS DE LA 4T","isPartOf":{"@id":"https:\/\/redamlo.com\/#website"},"primaryImageOfPage":{"@id":"https:\/\/redamlo.com\/index.php\/2022\/04\/11\/firmas-globales-detras-de-opositores-a-la-reforma-electrica\/#primaryimage"},"image":{"@id":"https:\/\/redamlo.com\/index.php\/2022\/04\/11\/firmas-globales-detras-de-opositores-a-la-reforma-electrica\/#primaryimage"},"thumbnailUrl":"https:\/\/redamlo.com\/wp-content\/uploads\/2022\/04\/454-4.png","datePublished":"2022-04-11T21:04:23+00:00","breadcrumb":{"@id":"https:\/\/redamlo.com\/index.php\/2022\/04\/11\/firmas-globales-detras-de-opositores-a-la-reforma-electrica\/#breadcrumb"},"inLanguage":"es","potentialAction":[{"@type":"ReadAction","target":["https:\/\/redamlo.com\/index.php\/2022\/04\/11\/firmas-globales-detras-de-opositores-a-la-reforma-electrica\/"]}]},{"@type":"ImageObject","inLanguage":"es","@id":"https:\/\/redamlo.com\/index.php\/2022\/04\/11\/firmas-globales-detras-de-opositores-a-la-reforma-electrica\/#primaryimage","url":"https:\/\/redamlo.com\/wp-content\/uploads\/2022\/04\/454-4.png","contentUrl":"https:\/\/redamlo.com\/wp-content\/uploads\/2022\/04\/454-4.png","width":626,"height":417},{"@type":"BreadcrumbList","@id":"https:\/\/redamlo.com\/index.php\/2022\/04\/11\/firmas-globales-detras-de-opositores-a-la-reforma-electrica\/#breadcrumb","itemListElement":[{"@type":"ListItem","position":1,"name":"Inicio","item":"https:\/\/redamlo.com\/"},{"@type":"ListItem","position":2,"name":"Firmas globales, detr\u00e1s de opositores a la reforma el\u00e9ctrica"}]},{"@type":"WebSite","@id":"https:\/\/redamlo.com\/#website","url":"https:\/\/redamlo.com\/","name":"NOTICIAS DE LA 4T","description":"","publisher":{"@id":"https:\/\/redamlo.com\/#organization"},"potentialAction":[{"@type":"SearchAction","target":{"@type":"EntryPoint","urlTemplate":"https:\/\/redamlo.com\/?s={search_term_string}"},"query-input":{"@type":"PropertyValueSpecification","valueRequired":true,"valueName":"search_term_string"}}],"inLanguage":"es"},{"@type":"Organization","@id":"https:\/\/redamlo.com\/#organization","name":"NOTICIAS DE LA 4T","url":"https:\/\/redamlo.com\/","logo":{"@type":"ImageObject","inLanguage":"es","@id":"https:\/\/redamlo.com\/#\/schema\/logo\/image\/","url":"https:\/\/redamlo.com\/wp-content\/uploads\/2024\/08\/cropped-RED-AMLO-logo-50.png","contentUrl":"https:\/\/redamlo.com\/wp-content\/uploads\/2024\/08\/cropped-RED-AMLO-logo-50.png","width":256,"height":256,"caption":"NOTICIAS DE LA 4T"},"image":{"@id":"https:\/\/redamlo.com\/#\/schema\/logo\/image\/"}},{"@type":"Person","@id":"https:\/\/redamlo.com\/#\/schema\/person\/7223a4375eb8f1a782fcae010a7115cf","name":"Blanca","image":{"@type":"ImageObject","inLanguage":"es","@id":"https:\/\/secure.gravatar.com\/avatar\/3f79bc8336367a4e6093eae8757acaaf61d1124834b905616de7829b0273426d?s=96&d=mm&r=g","url":"https:\/\/secure.gravatar.com\/avatar\/3f79bc8336367a4e6093eae8757acaaf61d1124834b905616de7829b0273426d?s=96&d=mm&r=g","contentUrl":"https:\/\/secure.gravatar.com\/avatar\/3f79bc8336367a4e6093eae8757acaaf61d1124834b905616de7829b0273426d?s=96&d=mm&r=g","caption":"Blanca"},"url":"https:\/\/redamlo.com\/index.php\/author\/blanca\/"}]}},"_links":{"self":[{"href":"https:\/\/redamlo.com\/index.php\/wp-json\/wp\/v2\/posts\/6282","targetHints":{"allow":["GET"]}}],"collection":[{"href":"https:\/\/redamlo.com\/index.php\/wp-json\/wp\/v2\/posts"}],"about":[{"href":"https:\/\/redamlo.com\/index.php\/wp-json\/wp\/v2\/types\/post"}],"author":[{"embeddable":true,"href":"https:\/\/redamlo.com\/index.php\/wp-json\/wp\/v2\/users\/2"}],"replies":[{"embeddable":true,"href":"https:\/\/redamlo.com\/index.php\/wp-json\/wp\/v2\/comments?post=6282"}],"version-history":[{"count":0,"href":"https:\/\/redamlo.com\/index.php\/wp-json\/wp\/v2\/posts\/6282\/revisions"}],"wp:featuredmedia":[{"embeddable":true,"href":"https:\/\/redamlo.com\/index.php\/wp-json\/wp\/v2\/media\/6283"}],"wp:attachment":[{"href":"https:\/\/redamlo.com\/index.php\/wp-json\/wp\/v2\/media?parent=6282"}],"wp:term":[{"taxonomy":"category","embeddable":true,"href":"https:\/\/redamlo.com\/index.php\/wp-json\/wp\/v2\/categories?post=6282"},{"taxonomy":"post_tag","embeddable":true,"href":"https:\/\/redamlo.com\/index.php\/wp-json\/wp\/v2\/tags?post=6282"}],"curies":[{"name":"wp","href":"https:\/\/api.w.org\/{rel}","templated":true}]}}