{"id":6267,"date":"2022-04-08T12:55:58","date_gmt":"2022-04-08T17:55:58","guid":{"rendered":"https:\/\/redamlo.com\/?p=6267"},"modified":"2022-04-08T12:55:58","modified_gmt":"2022-04-08T17:55:58","slug":"estoy-feliz-es-un-triunfo-historico-y-patriota-amlo-tras-el-fallo-de-la-scjn-sobre-la-reforma-electrica","status":"publish","type":"post","link":"https:\/\/redamlo.com\/index.php\/2022\/04\/08\/estoy-feliz-es-un-triunfo-historico-y-patriota-amlo-tras-el-fallo-de-la-scjn-sobre-la-reforma-electrica\/","title":{"rendered":"Estoy feliz, es un triunfo hist\u00f3rico y patriota: AMLO tras el fallo de la SCJN sobre la reforma el\u00e9ctrica"},"content":{"rendered":"\n\n<strong>Realidades.- \u201cCon lo que se logr\u00f3 ayer, nos alivian\u00f3 la carga y podemos sacar adelante a la Comisi\u00f3n Federal de Electricidad (CFE), rescatar esta empresa p\u00fablica y mantener el compromiso de no aumentar el precio de la luz, fue por eso, un triunfo\u201d, sostuvo el mandatario.<\/strong>\n\n \n\nCIUDAD DE M\u00c9XICO (apro).- \u201cEstoy feliz, feliz, feliz\u201d, expres\u00f3 el presidente Andr\u00e9s Manuel L\u00f3pez Obrador al calificar como un triunfo hist\u00f3rico y patriota el fallo de la Suprema Corte de Justicia de la Naci\u00f3n (SCJN), que declar\u00f3 constitucional la Ley de Industria El\u00e9ctrica promovida por el gobierno federal y dijo que esto demuestra que existe un verdadero Estado de derecho.\n\n \n<blockquote class=\"wp-block-quote is-layout-flow wp-block-quote-is-layout-flow\">\u201cCon lo que se logr\u00f3 ayer, nos alivian\u00f3 la carga y podemos sacar adelante a la Comisi\u00f3n Federal de Electricidad (CFE), rescatar esta empresa p\u00fablica y mantener el compromiso de no aumentar el precio de la luz, fue por eso, un triunfo\u201d, sostuvo.<\/blockquote>\n \n<figure class=\"wp-block-image size-large\"><img decoding=\"async\" class=\"wp-image-43526\" src=\"https:\/\/realidadesqroo.files.wordpress.com\/2022\/04\/image-99.png?w=800\" alt=\"\" \/><figcaption>El presidente L\u00f3pez Obrador. Foto: Presidencia<\/figcaption><\/figure>\n \n\n\u201cSi no se hubiese logrado lo de ayer, las empresas iban a aumentar el precio de la luz como en Europa\u201d, indic\u00f3 el mandatario.\n\n \n\n\u201cNo quer\u00edamos hablar mucho de la importancia de que la Corte resolviera sobre este asunto, porque sab\u00edamos de la trascendencia y lo que le interesaba al grupo que estaba abusando del marco legal que se construy\u00f3 durante el periodo neoliberal, para destruir a la CFE y tener como rehenes a todos los consumidores mexicanos de energ\u00eda el\u00e9ctrica, para hacer jugosos negocios para lucrar\u201d.\n\n \n<figure class=\"wp-block-image size-large\"><img decoding=\"async\" class=\"wp-image-43530\" src=\"https:\/\/realidadesqroo.files.wordpress.com\/2022\/04\/image-100.png?w=502\" alt=\"\" \/><\/figure>\n \n<figure class=\"wp-block-embed is-type-video is-provider-youtube wp-block-embed-youtube wp-embed-aspect-16-9 wp-has-aspect-ratio\">\n<div class=\"wp-block-embed__wrapper\">https:\/\/youtu.be\/O5WtX5vVyRk<\/div><\/figure>\n \n\nEl mandatario expres\u00f3 su reconocimiento a los ministros quienes, dijo, resistieron a las presiones de distintos sectores, empresariales, pol\u00edticos y hasta extranjeros.\n\n \n<blockquote class=\"wp-block-quote is-layout-flow wp-block-quote-is-layout-flow\">\u201cSe repar\u00f3 el da\u00f1o ayer, para que en el futuro no haya abusos de aumentos en las tarifas de la luz, por eso estoy muy contento\u201d, agreg\u00f3.<\/blockquote>\n \n\nPor ello, se\u00f1al\u00f3 que el fallo de la SCJN garantiza la reactivaci\u00f3n de las 60 hidroel\u00e9ctricas que existen en el pa\u00eds para producir energ\u00eda limpia y que actualmente generan solo el tres por ciento de su capacidad.\n\n \n<blockquote class=\"wp-block-quote is-layout-flow wp-block-quote-is-layout-flow\">\u201cEsas hidroel\u00e9ctricas van a generar energ\u00eda limpia, es utilizar la infraestructura y el agua que ya se tiene, es producir energ\u00eda limpia y barata. Del tres por ciento se pasa al 10 por ciento y con el plan de modernizaci\u00f3n vamos a llegar al 20 por ciento de generaci\u00f3n de energ\u00eda limpia\u201d, asegur\u00f3.<\/blockquote>\n \n<figure class=\"wp-block-image size-large\"><img decoding=\"async\" class=\"wp-image-43531\" src=\"https:\/\/realidadesqroo.files.wordpress.com\/2022\/04\/image-101.png?w=1024\" alt=\"\" \/><\/figure>\n \n<figure class=\"wp-block-embed is-type-video is-provider-youtube wp-block-embed-youtube wp-embed-aspect-16-9 wp-has-aspect-ratio\">\n<div class=\"wp-block-embed__wrapper\">https:\/\/youtu.be\/jEvcXIOL3uo<\/div><\/figure>\n \n\nIncluso, coment\u00f3 que las hidroel\u00e9ctricas producen tres veces m\u00e1s de lo que producen las empresas privadas y acus\u00f3 a los empresarios privados de utilizar de \u201cpretexto y excusa\u201d, el tema de la energ\u00eda limpia cuando en los hechos, no producen ni el 10 por ciento de energ\u00eda a trav\u00e9s de fuentes e\u00f3licas y solares.\n\n \n<blockquote class=\"wp-block-quote is-layout-flow wp-block-quote-is-layout-flow\">\u201cTodo lo dem\u00e1s, es gas que producen las empresas privadas y ten\u00edan preferencia en el despacho por encima de las hidroel\u00e9ctricas de la CFE\u201d, afirm\u00f3.\n\n<cite>Fuente:<a href=\"https:\/\/www.proceso.com.mx\/nacional\/2022\/4\/8\/estoy-feliz-es-un-triunfo-historico-patriota-amlo-tras-el-fallo-de-la-scjn-sobre-la-reforma-electrica-283886.html?fbclid=IwAR12lP2pJypleUww13b3jFRKyP5TR0W0QTC8-3OURyr1p-_KSf4VL36N-9I\"> proceso.com.mx<\/a><\/cite><\/blockquote>\n","protected":false},"excerpt":{"rendered":"<p>Realidades.- \u201cCon lo que se logr\u00f3 ayer, nos alivian\u00f3 la carga y podemos sacar adelante&#8230;<\/p>\n","protected":false},"author":2,"featured_media":6268,"comment_status":"open","ping_status":"closed","sticky":false,"template":"","format":"standard","meta":{"footnotes":""},"categories":[25,312,20],"tags":[190,84,212,2251,2252,24,2253,1710,2254],"class_list":["post-6267","post","type-post","status-publish","format-standard","has-post-thumbnail","hentry","category-4t","category-justicia","category-nacionales","tag-4t","tag-amlo","tag-cfe","tag-estado-de-derecho","tag-estoy-feliz","tag-morena","tag-reforma-energetica","tag-scjn","tag-trinfo-historico-y-patriota"],"yoast_head":"<!-- This site is optimized with the Yoast SEO plugin v27.5 - https:\/\/yoast.com\/product\/yoast-seo-wordpress\/ -->\n<title>Estoy feliz, es un triunfo hist\u00f3rico y patriota: AMLO tras el fallo de la SCJN sobre la reforma el\u00e9ctrica - NOTICIAS DE LA 4T<\/title>\n<meta name=\"robots\" content=\"noindex, follow, max-snippet:-1, max-image-preview:large, max-video-preview:-1\" \/>\n<meta property=\"og:locale\" content=\"es_MX\" \/>\n<meta property=\"og:type\" content=\"article\" \/>\n<meta property=\"og:title\" content=\"Estoy feliz, es un triunfo hist\u00f3rico y patriota: AMLO tras el fallo de la SCJN sobre la reforma el\u00e9ctrica - NOTICIAS DE LA 4T\" \/>\n<meta property=\"og:description\" content=\"Realidades.- \u201cCon lo que se logr\u00f3 ayer, nos alivian\u00f3 la carga y podemos sacar adelante...\" \/>\n<meta property=\"og:url\" content=\"https:\/\/redamlo.com\/index.php\/2022\/04\/08\/estoy-feliz-es-un-triunfo-historico-y-patriota-amlo-tras-el-fallo-de-la-scjn-sobre-la-reforma-electrica\/\" \/>\n<meta property=\"og:site_name\" content=\"NOTICIAS DE LA 4T\" \/>\n<meta property=\"article:published_time\" content=\"2022-04-08T17:55:58+00:00\" \/>\n<meta property=\"og:image\" content=\"https:\/\/redamlo.com\/wp-content\/uploads\/2022\/04\/354.png\" \/>\n\t<meta property=\"og:image:width\" content=\"800\" \/>\n\t<meta property=\"og:image:height\" content=\"419\" \/>\n\t<meta property=\"og:image:type\" content=\"image\/png\" \/>\n<meta name=\"author\" content=\"Blanca\" \/>\n<meta name=\"twitter:card\" content=\"summary_large_image\" \/>\n<meta name=\"twitter:label1\" content=\"Escrito por\" \/>\n\t<meta name=\"twitter:data1\" content=\"Blanca\" \/>\n\t<meta name=\"twitter:label2\" content=\"Tiempo de lectura\" \/>\n\t<meta name=\"twitter:data2\" content=\"3 minutos\" \/>\n<script type=\"application\/ld+json\" class=\"yoast-schema-graph\">{\"@context\":\"https:\\\/\\\/schema.org\",\"@graph\":[{\"@type\":\"Article\",\"@id\":\"https:\\\/\\\/redamlo.com\\\/index.php\\\/2022\\\/04\\\/08\\\/estoy-feliz-es-un-triunfo-historico-y-patriota-amlo-tras-el-fallo-de-la-scjn-sobre-la-reforma-electrica\\\/#article\",\"isPartOf\":{\"@id\":\"https:\\\/\\\/redamlo.com\\\/index.php\\\/2022\\\/04\\\/08\\\/estoy-feliz-es-un-triunfo-historico-y-patriota-amlo-tras-el-fallo-de-la-scjn-sobre-la-reforma-electrica\\\/\"},\"author\":{\"name\":\"Blanca\",\"@id\":\"https:\\\/\\\/redamlo.com\\\/#\\\/schema\\\/person\\\/7223a4375eb8f1a782fcae010a7115cf\"},\"headline\":\"Estoy feliz, es un triunfo hist\u00f3rico y patriota: AMLO tras el fallo de la SCJN sobre la reforma el\u00e9ctrica\",\"datePublished\":\"2022-04-08T17:55:58+00:00\",\"mainEntityOfPage\":{\"@id\":\"https:\\\/\\\/redamlo.com\\\/index.php\\\/2022\\\/04\\\/08\\\/estoy-feliz-es-un-triunfo-historico-y-patriota-amlo-tras-el-fallo-de-la-scjn-sobre-la-reforma-electrica\\\/\"},\"wordCount\":531,\"commentCount\":0,\"publisher\":{\"@id\":\"https:\\\/\\\/redamlo.com\\\/#organization\"},\"image\":{\"@id\":\"https:\\\/\\\/redamlo.com\\\/index.php\\\/2022\\\/04\\\/08\\\/estoy-feliz-es-un-triunfo-historico-y-patriota-amlo-tras-el-fallo-de-la-scjn-sobre-la-reforma-electrica\\\/#primaryimage\"},\"thumbnailUrl\":\"https:\\\/\\\/redamlo.com\\\/wp-content\\\/uploads\\\/2022\\\/04\\\/354.png\",\"keywords\":[\"4T\",\"AMLO\",\"CFE\",\"Estado de derecho\",\"Estoy Feliz\",\"Morena\",\"Reforma Energ\u00e9tica\",\"SCJN\",\"Trinfo Hist\u00f3rico y Patriota\"],\"articleSection\":[\"4T\",\"Justicia\",\"Nacionales\"],\"inLanguage\":\"es\",\"potentialAction\":[{\"@type\":\"CommentAction\",\"name\":\"Comment\",\"target\":[\"https:\\\/\\\/redamlo.com\\\/index.php\\\/2022\\\/04\\\/08\\\/estoy-feliz-es-un-triunfo-historico-y-patriota-amlo-tras-el-fallo-de-la-scjn-sobre-la-reforma-electrica\\\/#respond\"]}]},{\"@type\":\"WebPage\",\"@id\":\"https:\\\/\\\/redamlo.com\\\/index.php\\\/2022\\\/04\\\/08\\\/estoy-feliz-es-un-triunfo-historico-y-patriota-amlo-tras-el-fallo-de-la-scjn-sobre-la-reforma-electrica\\\/\",\"url\":\"https:\\\/\\\/redamlo.com\\\/index.php\\\/2022\\\/04\\\/08\\\/estoy-feliz-es-un-triunfo-historico-y-patriota-amlo-tras-el-fallo-de-la-scjn-sobre-la-reforma-electrica\\\/\",\"name\":\"Estoy feliz, es un triunfo hist\u00f3rico y patriota: AMLO tras el fallo de la SCJN sobre la reforma el\u00e9ctrica - NOTICIAS DE LA 4T\",\"isPartOf\":{\"@id\":\"https:\\\/\\\/redamlo.com\\\/#website\"},\"primaryImageOfPage\":{\"@id\":\"https:\\\/\\\/redamlo.com\\\/index.php\\\/2022\\\/04\\\/08\\\/estoy-feliz-es-un-triunfo-historico-y-patriota-amlo-tras-el-fallo-de-la-scjn-sobre-la-reforma-electrica\\\/#primaryimage\"},\"image\":{\"@id\":\"https:\\\/\\\/redamlo.com\\\/index.php\\\/2022\\\/04\\\/08\\\/estoy-feliz-es-un-triunfo-historico-y-patriota-amlo-tras-el-fallo-de-la-scjn-sobre-la-reforma-electrica\\\/#primaryimage\"},\"thumbnailUrl\":\"https:\\\/\\\/redamlo.com\\\/wp-content\\\/uploads\\\/2022\\\/04\\\/354.png\",\"datePublished\":\"2022-04-08T17:55:58+00:00\",\"breadcrumb\":{\"@id\":\"https:\\\/\\\/redamlo.com\\\/index.php\\\/2022\\\/04\\\/08\\\/estoy-feliz-es-un-triunfo-historico-y-patriota-amlo-tras-el-fallo-de-la-scjn-sobre-la-reforma-electrica\\\/#breadcrumb\"},\"inLanguage\":\"es\",\"potentialAction\":[{\"@type\":\"ReadAction\",\"target\":[\"https:\\\/\\\/redamlo.com\\\/index.php\\\/2022\\\/04\\\/08\\\/estoy-feliz-es-un-triunfo-historico-y-patriota-amlo-tras-el-fallo-de-la-scjn-sobre-la-reforma-electrica\\\/\"]}]},{\"@type\":\"ImageObject\",\"inLanguage\":\"es\",\"@id\":\"https:\\\/\\\/redamlo.com\\\/index.php\\\/2022\\\/04\\\/08\\\/estoy-feliz-es-un-triunfo-historico-y-patriota-amlo-tras-el-fallo-de-la-scjn-sobre-la-reforma-electrica\\\/#primaryimage\",\"url\":\"https:\\\/\\\/redamlo.com\\\/wp-content\\\/uploads\\\/2022\\\/04\\\/354.png\",\"contentUrl\":\"https:\\\/\\\/redamlo.com\\\/wp-content\\\/uploads\\\/2022\\\/04\\\/354.png\",\"width\":800,\"height\":419},{\"@type\":\"BreadcrumbList\",\"@id\":\"https:\\\/\\\/redamlo.com\\\/index.php\\\/2022\\\/04\\\/08\\\/estoy-feliz-es-un-triunfo-historico-y-patriota-amlo-tras-el-fallo-de-la-scjn-sobre-la-reforma-electrica\\\/#breadcrumb\",\"itemListElement\":[{\"@type\":\"ListItem\",\"position\":1,\"name\":\"Inicio\",\"item\":\"https:\\\/\\\/redamlo.com\\\/\"},{\"@type\":\"ListItem\",\"position\":2,\"name\":\"Estoy feliz, es un triunfo hist\u00f3rico y patriota: AMLO tras el fallo de la SCJN sobre la reforma el\u00e9ctrica\"}]},{\"@type\":\"WebSite\",\"@id\":\"https:\\\/\\\/redamlo.com\\\/#website\",\"url\":\"https:\\\/\\\/redamlo.com\\\/\",\"name\":\"NOTICIAS DE LA 4T\",\"description\":\"\",\"publisher\":{\"@id\":\"https:\\\/\\\/redamlo.com\\\/#organization\"},\"potentialAction\":[{\"@type\":\"SearchAction\",\"target\":{\"@type\":\"EntryPoint\",\"urlTemplate\":\"https:\\\/\\\/redamlo.com\\\/?s={search_term_string}\"},\"query-input\":{\"@type\":\"PropertyValueSpecification\",\"valueRequired\":true,\"valueName\":\"search_term_string\"}}],\"inLanguage\":\"es\"},{\"@type\":\"Organization\",\"@id\":\"https:\\\/\\\/redamlo.com\\\/#organization\",\"name\":\"NOTICIAS DE LA 4T\",\"url\":\"https:\\\/\\\/redamlo.com\\\/\",\"logo\":{\"@type\":\"ImageObject\",\"inLanguage\":\"es\",\"@id\":\"https:\\\/\\\/redamlo.com\\\/#\\\/schema\\\/logo\\\/image\\\/\",\"url\":\"https:\\\/\\\/redamlo.com\\\/wp-content\\\/uploads\\\/2024\\\/08\\\/cropped-RED-AMLO-logo-50.png\",\"contentUrl\":\"https:\\\/\\\/redamlo.com\\\/wp-content\\\/uploads\\\/2024\\\/08\\\/cropped-RED-AMLO-logo-50.png\",\"width\":256,\"height\":256,\"caption\":\"NOTICIAS DE LA 4T\"},\"image\":{\"@id\":\"https:\\\/\\\/redamlo.com\\\/#\\\/schema\\\/logo\\\/image\\\/\"}},{\"@type\":\"Person\",\"@id\":\"https:\\\/\\\/redamlo.com\\\/#\\\/schema\\\/person\\\/7223a4375eb8f1a782fcae010a7115cf\",\"name\":\"Blanca\",\"image\":{\"@type\":\"ImageObject\",\"inLanguage\":\"es\",\"@id\":\"https:\\\/\\\/secure.gravatar.com\\\/avatar\\\/3f79bc8336367a4e6093eae8757acaaf61d1124834b905616de7829b0273426d?s=96&d=mm&r=g\",\"url\":\"https:\\\/\\\/secure.gravatar.com\\\/avatar\\\/3f79bc8336367a4e6093eae8757acaaf61d1124834b905616de7829b0273426d?s=96&d=mm&r=g\",\"contentUrl\":\"https:\\\/\\\/secure.gravatar.com\\\/avatar\\\/3f79bc8336367a4e6093eae8757acaaf61d1124834b905616de7829b0273426d?s=96&d=mm&r=g\",\"caption\":\"Blanca\"},\"url\":\"https:\\\/\\\/redamlo.com\\\/index.php\\\/author\\\/blanca\\\/\"}]}<\/script>\n<!-- \/ Yoast SEO plugin. -->","yoast_head_json":{"title":"Estoy feliz, es un triunfo hist\u00f3rico y patriota: AMLO tras el fallo de la SCJN sobre la reforma el\u00e9ctrica - NOTICIAS DE LA 4T","robots":{"index":"noindex","follow":"follow","max-snippet":"max-snippet:-1","max-image-preview":"max-image-preview:large","max-video-preview":"max-video-preview:-1"},"og_locale":"es_MX","og_type":"article","og_title":"Estoy feliz, es un triunfo hist\u00f3rico y patriota: AMLO tras el fallo de la SCJN sobre la reforma el\u00e9ctrica - NOTICIAS DE LA 4T","og_description":"Realidades.- \u201cCon lo que se logr\u00f3 ayer, nos alivian\u00f3 la carga y podemos sacar adelante...","og_url":"https:\/\/redamlo.com\/index.php\/2022\/04\/08\/estoy-feliz-es-un-triunfo-historico-y-patriota-amlo-tras-el-fallo-de-la-scjn-sobre-la-reforma-electrica\/","og_site_name":"NOTICIAS DE LA 4T","article_published_time":"2022-04-08T17:55:58+00:00","og_image":[{"width":800,"height":419,"url":"https:\/\/redamlo.com\/wp-content\/uploads\/2022\/04\/354.png","type":"image\/png"}],"author":"Blanca","twitter_card":"summary_large_image","twitter_misc":{"Escrito por":"Blanca","Tiempo de lectura":"3 minutos"},"schema":{"@context":"https:\/\/schema.org","@graph":[{"@type":"Article","@id":"https:\/\/redamlo.com\/index.php\/2022\/04\/08\/estoy-feliz-es-un-triunfo-historico-y-patriota-amlo-tras-el-fallo-de-la-scjn-sobre-la-reforma-electrica\/#article","isPartOf":{"@id":"https:\/\/redamlo.com\/index.php\/2022\/04\/08\/estoy-feliz-es-un-triunfo-historico-y-patriota-amlo-tras-el-fallo-de-la-scjn-sobre-la-reforma-electrica\/"},"author":{"name":"Blanca","@id":"https:\/\/redamlo.com\/#\/schema\/person\/7223a4375eb8f1a782fcae010a7115cf"},"headline":"Estoy feliz, es un triunfo hist\u00f3rico y patriota: AMLO tras el fallo de la SCJN sobre la reforma el\u00e9ctrica","datePublished":"2022-04-08T17:55:58+00:00","mainEntityOfPage":{"@id":"https:\/\/redamlo.com\/index.php\/2022\/04\/08\/estoy-feliz-es-un-triunfo-historico-y-patriota-amlo-tras-el-fallo-de-la-scjn-sobre-la-reforma-electrica\/"},"wordCount":531,"commentCount":0,"publisher":{"@id":"https:\/\/redamlo.com\/#organization"},"image":{"@id":"https:\/\/redamlo.com\/index.php\/2022\/04\/08\/estoy-feliz-es-un-triunfo-historico-y-patriota-amlo-tras-el-fallo-de-la-scjn-sobre-la-reforma-electrica\/#primaryimage"},"thumbnailUrl":"https:\/\/redamlo.com\/wp-content\/uploads\/2022\/04\/354.png","keywords":["4T","AMLO","CFE","Estado de derecho","Estoy Feliz","Morena","Reforma Energ\u00e9tica","SCJN","Trinfo Hist\u00f3rico y Patriota"],"articleSection":["4T","Justicia","Nacionales"],"inLanguage":"es","potentialAction":[{"@type":"CommentAction","name":"Comment","target":["https:\/\/redamlo.com\/index.php\/2022\/04\/08\/estoy-feliz-es-un-triunfo-historico-y-patriota-amlo-tras-el-fallo-de-la-scjn-sobre-la-reforma-electrica\/#respond"]}]},{"@type":"WebPage","@id":"https:\/\/redamlo.com\/index.php\/2022\/04\/08\/estoy-feliz-es-un-triunfo-historico-y-patriota-amlo-tras-el-fallo-de-la-scjn-sobre-la-reforma-electrica\/","url":"https:\/\/redamlo.com\/index.php\/2022\/04\/08\/estoy-feliz-es-un-triunfo-historico-y-patriota-amlo-tras-el-fallo-de-la-scjn-sobre-la-reforma-electrica\/","name":"Estoy feliz, es un triunfo hist\u00f3rico y patriota: AMLO tras el fallo de la SCJN sobre la reforma el\u00e9ctrica - NOTICIAS DE LA 4T","isPartOf":{"@id":"https:\/\/redamlo.com\/#website"},"primaryImageOfPage":{"@id":"https:\/\/redamlo.com\/index.php\/2022\/04\/08\/estoy-feliz-es-un-triunfo-historico-y-patriota-amlo-tras-el-fallo-de-la-scjn-sobre-la-reforma-electrica\/#primaryimage"},"image":{"@id":"https:\/\/redamlo.com\/index.php\/2022\/04\/08\/estoy-feliz-es-un-triunfo-historico-y-patriota-amlo-tras-el-fallo-de-la-scjn-sobre-la-reforma-electrica\/#primaryimage"},"thumbnailUrl":"https:\/\/redamlo.com\/wp-content\/uploads\/2022\/04\/354.png","datePublished":"2022-04-08T17:55:58+00:00","breadcrumb":{"@id":"https:\/\/redamlo.com\/index.php\/2022\/04\/08\/estoy-feliz-es-un-triunfo-historico-y-patriota-amlo-tras-el-fallo-de-la-scjn-sobre-la-reforma-electrica\/#breadcrumb"},"inLanguage":"es","potentialAction":[{"@type":"ReadAction","target":["https:\/\/redamlo.com\/index.php\/2022\/04\/08\/estoy-feliz-es-un-triunfo-historico-y-patriota-amlo-tras-el-fallo-de-la-scjn-sobre-la-reforma-electrica\/"]}]},{"@type":"ImageObject","inLanguage":"es","@id":"https:\/\/redamlo.com\/index.php\/2022\/04\/08\/estoy-feliz-es-un-triunfo-historico-y-patriota-amlo-tras-el-fallo-de-la-scjn-sobre-la-reforma-electrica\/#primaryimage","url":"https:\/\/redamlo.com\/wp-content\/uploads\/2022\/04\/354.png","contentUrl":"https:\/\/redamlo.com\/wp-content\/uploads\/2022\/04\/354.png","width":800,"height":419},{"@type":"BreadcrumbList","@id":"https:\/\/redamlo.com\/index.php\/2022\/04\/08\/estoy-feliz-es-un-triunfo-historico-y-patriota-amlo-tras-el-fallo-de-la-scjn-sobre-la-reforma-electrica\/#breadcrumb","itemListElement":[{"@type":"ListItem","position":1,"name":"Inicio","item":"https:\/\/redamlo.com\/"},{"@type":"ListItem","position":2,"name":"Estoy feliz, es un triunfo hist\u00f3rico y patriota: AMLO tras el fallo de la SCJN sobre la reforma el\u00e9ctrica"}]},{"@type":"WebSite","@id":"https:\/\/redamlo.com\/#website","url":"https:\/\/redamlo.com\/","name":"NOTICIAS DE LA 4T","description":"","publisher":{"@id":"https:\/\/redamlo.com\/#organization"},"potentialAction":[{"@type":"SearchAction","target":{"@type":"EntryPoint","urlTemplate":"https:\/\/redamlo.com\/?s={search_term_string}"},"query-input":{"@type":"PropertyValueSpecification","valueRequired":true,"valueName":"search_term_string"}}],"inLanguage":"es"},{"@type":"Organization","@id":"https:\/\/redamlo.com\/#organization","name":"NOTICIAS DE LA 4T","url":"https:\/\/redamlo.com\/","logo":{"@type":"ImageObject","inLanguage":"es","@id":"https:\/\/redamlo.com\/#\/schema\/logo\/image\/","url":"https:\/\/redamlo.com\/wp-content\/uploads\/2024\/08\/cropped-RED-AMLO-logo-50.png","contentUrl":"https:\/\/redamlo.com\/wp-content\/uploads\/2024\/08\/cropped-RED-AMLO-logo-50.png","width":256,"height":256,"caption":"NOTICIAS DE LA 4T"},"image":{"@id":"https:\/\/redamlo.com\/#\/schema\/logo\/image\/"}},{"@type":"Person","@id":"https:\/\/redamlo.com\/#\/schema\/person\/7223a4375eb8f1a782fcae010a7115cf","name":"Blanca","image":{"@type":"ImageObject","inLanguage":"es","@id":"https:\/\/secure.gravatar.com\/avatar\/3f79bc8336367a4e6093eae8757acaaf61d1124834b905616de7829b0273426d?s=96&d=mm&r=g","url":"https:\/\/secure.gravatar.com\/avatar\/3f79bc8336367a4e6093eae8757acaaf61d1124834b905616de7829b0273426d?s=96&d=mm&r=g","contentUrl":"https:\/\/secure.gravatar.com\/avatar\/3f79bc8336367a4e6093eae8757acaaf61d1124834b905616de7829b0273426d?s=96&d=mm&r=g","caption":"Blanca"},"url":"https:\/\/redamlo.com\/index.php\/author\/blanca\/"}]}},"_links":{"self":[{"href":"https:\/\/redamlo.com\/index.php\/wp-json\/wp\/v2\/posts\/6267","targetHints":{"allow":["GET"]}}],"collection":[{"href":"https:\/\/redamlo.com\/index.php\/wp-json\/wp\/v2\/posts"}],"about":[{"href":"https:\/\/redamlo.com\/index.php\/wp-json\/wp\/v2\/types\/post"}],"author":[{"embeddable":true,"href":"https:\/\/redamlo.com\/index.php\/wp-json\/wp\/v2\/users\/2"}],"replies":[{"embeddable":true,"href":"https:\/\/redamlo.com\/index.php\/wp-json\/wp\/v2\/comments?post=6267"}],"version-history":[{"count":0,"href":"https:\/\/redamlo.com\/index.php\/wp-json\/wp\/v2\/posts\/6267\/revisions"}],"wp:featuredmedia":[{"embeddable":true,"href":"https:\/\/redamlo.com\/index.php\/wp-json\/wp\/v2\/media\/6268"}],"wp:attachment":[{"href":"https:\/\/redamlo.com\/index.php\/wp-json\/wp\/v2\/media?parent=6267"}],"wp:term":[{"taxonomy":"category","embeddable":true,"href":"https:\/\/redamlo.com\/index.php\/wp-json\/wp\/v2\/categories?post=6267"},{"taxonomy":"post_tag","embeddable":true,"href":"https:\/\/redamlo.com\/index.php\/wp-json\/wp\/v2\/tags?post=6267"}],"curies":[{"name":"wp","href":"https:\/\/api.w.org\/{rel}","templated":true}]}}