{"id":6261,"date":"2022-04-06T13:48:52","date_gmt":"2022-04-06T18:48:52","guid":{"rendered":"https:\/\/redamlo.com\/?p=6261"},"modified":"2022-04-06T13:48:52","modified_gmt":"2022-04-06T18:48:52","slug":"roban-en-slp-paqueteria-electoral-sobre-la-consulta-de-revocacion","status":"publish","type":"post","link":"https:\/\/redamlo.com\/index.php\/2022\/04\/06\/roban-en-slp-paqueteria-electoral-sobre-la-consulta-de-revocacion\/","title":{"rendered":"Roban en SLP paqueter\u00eda electoral sobre la consulta de revocaci\u00f3n"},"content":{"rendered":"\n\n<strong>Realidades, <em>San Luis Potos\u00ed, SLP.<\/em>\u00a0La madrugada de este mi\u00e9rcoles fueron robados tres paquetes electorales de la jornada consultiva de revocaci\u00f3n de mandato que tendr\u00e1 lugar el pr\u00f3ximo domingo 10 de abril, inform\u00f3 el delegado del Instituto Nacional Electoral (INE) Pablo Sergio Aispuro C\u00e1rdenas.<\/strong>\n\n \n\nEn comunicado, en el que no explica detalles en la forma en que fue sustra\u00eddo el material, el delegado se\u00f1ala que todo ocurri\u00f3 en el Distrito 01 del municipio de Matehuala, al norte del estado.\n\n \n\nAispuro C\u00e1rdenas detall\u00f3 que se trata de tres paquetes electorales que en conjunto conten\u00edan 5 mil dos papeletas.\n\n \n\nTras conocer de esta situaci\u00f3n, funcionarios de la instituci\u00f3n lo hicieron del conocimiento de Oficinas Centrales del INE a fin de solicitar la reposici\u00f3n de estas para que sean utilizadas en el municipio de Mexquitic de Carmona, y as\u00ed garantizar la participaci\u00f3n de las y los ciudadanos de esa demarcaci\u00f3n.\n\n \n<figure class=\"wp-block-image size-large\"><img decoding=\"async\" class=\"wp-image-43423\" src=\"https:\/\/realidadesqroo.files.wordpress.com\/2022\/04\/image-80.png?w=1024\" alt=\"\" \/><figcaption>La madrugada de este mi\u00e9rcoles fueron robados tres paquetes electorales de la jornada consultiva de revocaci\u00f3n de mandato que tendr\u00e1 lugar el pr\u00f3ximo 10 de abril, inform\u00f3 Pablo Sergio Aispuro.\u00a0Foto\u00a0<strong>cortes\u00eda INE San Luis Potos\u00ed<\/strong><\/figcaption><\/figure>\n \n\nDebido a la cadena de custodia y los est\u00e1ndares de seguridad con que se trasladan, fue posible detectar que se trata de paquetes electorales correspondientes a las casillas: 558- C1 folios 136,003 al 137,822; 566- C1 folios 142,475 al 144,053 y 580- C1 folios 156,321 al 157,923\n\n \n\nPor \u00faltimo el funcionario del INE en San Luis Potos\u00ed agreg\u00f3 que sigue la entrega de los paquetes electorales para la revocaci\u00f3n de mandato del 10 de abril en todo el territorio, bajo custodia de personal de Seguridad P\u00fablica Estatal.\n\n \n\nAsegur\u00f3 que funcionarios de las siete juntas distritales ejecutivas del Instituto Nacional Electoral (INE) en San Luis Potos\u00ed recibieron la documentaci\u00f3n y armaron los paquetes electorales que se entregan a lo largo de estos d\u00edas a los funcionarios de las Mesas Directivas de Casilla que operar\u00e1n el pr\u00f3ximo domingo.\n\n \n\nFuente: <a href=\"https:\/\/www.jornada.com.mx\/notas\/2022\/04\/06\/estados\/roban-en-slp-paqueteria-electoral-sobre-la-consulta-de-revocacion\/?fbclid=IwAR0g4EsDBZ17Ie8ILZpOj3ncnt8DA2RpkO95dpnW4I-X-TQS3tMylM_EpiI\">lajoranada.com.mx<\/a>\n\n","protected":false},"excerpt":{"rendered":"<p>Realidades, San Luis Potos\u00ed, SLP.\u00a0La madrugada de este mi\u00e9rcoles fueron robados tres paquetes electorales de&#8230;<\/p>\n","protected":false},"author":2,"featured_media":6262,"comment_status":"open","ping_status":"closed","sticky":false,"template":"","format":"standard","meta":{"footnotes":""},"categories":[25,20],"tags":[2243,2244,2245,2246,429,2247,2248,2249,1709,2250,267],"class_list":["post-6261","post","type-post","status-publish","format-standard","has-post-thumbnail","hentry","category-4t","category-nacionales","tag-5-mil-dos-papeletas","tag-consulta","tag-distrito-01","tag-domingo-10-de-abril","tag-ine","tag-matehuala","tag-pablo-sergio-aispuro","tag-paqueteria-electoral","tag-revocacion-de-mandato","tag-roban","tag-san-luis-potosi"],"yoast_head":"<!-- This site is optimized with the Yoast SEO plugin v27.5 - https:\/\/yoast.com\/product\/yoast-seo-wordpress\/ -->\n<title>Roban en SLP paqueter\u00eda electoral sobre la consulta de revocaci\u00f3n - NOTICIAS DE LA 4T<\/title>\n<meta name=\"robots\" content=\"noindex, follow, max-snippet:-1, max-image-preview:large, max-video-preview:-1\" \/>\n<meta property=\"og:locale\" content=\"es_MX\" \/>\n<meta property=\"og:type\" content=\"article\" \/>\n<meta property=\"og:title\" content=\"Roban en SLP paqueter\u00eda electoral sobre la consulta de revocaci\u00f3n - NOTICIAS DE LA 4T\" \/>\n<meta property=\"og:description\" content=\"Realidades, San Luis Potos\u00ed, SLP.\u00a0La madrugada de este mi\u00e9rcoles fueron robados tres paquetes electorales de...\" \/>\n<meta property=\"og:url\" content=\"https:\/\/redamlo.com\/index.php\/2022\/04\/06\/roban-en-slp-paqueteria-electoral-sobre-la-consulta-de-revocacion\/\" \/>\n<meta property=\"og:site_name\" content=\"NOTICIAS DE LA 4T\" \/>\n<meta property=\"article:published_time\" content=\"2022-04-06T18:48:52+00:00\" \/>\n<meta property=\"og:image\" content=\"https:\/\/redamlo.com\/wp-content\/uploads\/2022\/04\/454-1.png\" \/>\n\t<meta property=\"og:image:width\" content=\"1024\" \/>\n\t<meta property=\"og:image:height\" content=\"768\" \/>\n\t<meta property=\"og:image:type\" content=\"image\/png\" \/>\n<meta name=\"author\" content=\"Blanca\" \/>\n<meta name=\"twitter:card\" content=\"summary_large_image\" \/>\n<meta name=\"twitter:label1\" content=\"Escrito por\" \/>\n\t<meta name=\"twitter:data1\" content=\"Blanca\" \/>\n\t<meta name=\"twitter:label2\" content=\"Tiempo de lectura\" \/>\n\t<meta name=\"twitter:data2\" content=\"2 minutos\" \/>\n<script type=\"application\/ld+json\" class=\"yoast-schema-graph\">{\"@context\":\"https:\\\/\\\/schema.org\",\"@graph\":[{\"@type\":\"Article\",\"@id\":\"https:\\\/\\\/redamlo.com\\\/index.php\\\/2022\\\/04\\\/06\\\/roban-en-slp-paqueteria-electoral-sobre-la-consulta-de-revocacion\\\/#article\",\"isPartOf\":{\"@id\":\"https:\\\/\\\/redamlo.com\\\/index.php\\\/2022\\\/04\\\/06\\\/roban-en-slp-paqueteria-electoral-sobre-la-consulta-de-revocacion\\\/\"},\"author\":{\"name\":\"Blanca\",\"@id\":\"https:\\\/\\\/redamlo.com\\\/#\\\/schema\\\/person\\\/7223a4375eb8f1a782fcae010a7115cf\"},\"headline\":\"Roban en SLP paqueter\u00eda electoral sobre la consulta de revocaci\u00f3n\",\"datePublished\":\"2022-04-06T18:48:52+00:00\",\"mainEntityOfPage\":{\"@id\":\"https:\\\/\\\/redamlo.com\\\/index.php\\\/2022\\\/04\\\/06\\\/roban-en-slp-paqueteria-electoral-sobre-la-consulta-de-revocacion\\\/\"},\"wordCount\":348,\"commentCount\":0,\"publisher\":{\"@id\":\"https:\\\/\\\/redamlo.com\\\/#organization\"},\"image\":{\"@id\":\"https:\\\/\\\/redamlo.com\\\/index.php\\\/2022\\\/04\\\/06\\\/roban-en-slp-paqueteria-electoral-sobre-la-consulta-de-revocacion\\\/#primaryimage\"},\"thumbnailUrl\":\"https:\\\/\\\/redamlo.com\\\/wp-content\\\/uploads\\\/2022\\\/04\\\/454-1.png\",\"keywords\":[\"5 mil dos Papeletas\",\"Consulta\",\"Distrito 01\",\"Domingo 10 de Abril\",\"INE\",\"Matehuala\",\"Pablo Sergio Aispuro\",\"Paqueter\u00eda Electoral\",\"Revocaci\u00f3n de Mandato\",\"Roban\",\"San Luis Potos\u00ed\"],\"articleSection\":[\"4T\",\"Nacionales\"],\"inLanguage\":\"es\",\"potentialAction\":[{\"@type\":\"CommentAction\",\"name\":\"Comment\",\"target\":[\"https:\\\/\\\/redamlo.com\\\/index.php\\\/2022\\\/04\\\/06\\\/roban-en-slp-paqueteria-electoral-sobre-la-consulta-de-revocacion\\\/#respond\"]}]},{\"@type\":\"WebPage\",\"@id\":\"https:\\\/\\\/redamlo.com\\\/index.php\\\/2022\\\/04\\\/06\\\/roban-en-slp-paqueteria-electoral-sobre-la-consulta-de-revocacion\\\/\",\"url\":\"https:\\\/\\\/redamlo.com\\\/index.php\\\/2022\\\/04\\\/06\\\/roban-en-slp-paqueteria-electoral-sobre-la-consulta-de-revocacion\\\/\",\"name\":\"Roban en SLP paqueter\u00eda electoral sobre la consulta de revocaci\u00f3n - NOTICIAS DE LA 4T\",\"isPartOf\":{\"@id\":\"https:\\\/\\\/redamlo.com\\\/#website\"},\"primaryImageOfPage\":{\"@id\":\"https:\\\/\\\/redamlo.com\\\/index.php\\\/2022\\\/04\\\/06\\\/roban-en-slp-paqueteria-electoral-sobre-la-consulta-de-revocacion\\\/#primaryimage\"},\"image\":{\"@id\":\"https:\\\/\\\/redamlo.com\\\/index.php\\\/2022\\\/04\\\/06\\\/roban-en-slp-paqueteria-electoral-sobre-la-consulta-de-revocacion\\\/#primaryimage\"},\"thumbnailUrl\":\"https:\\\/\\\/redamlo.com\\\/wp-content\\\/uploads\\\/2022\\\/04\\\/454-1.png\",\"datePublished\":\"2022-04-06T18:48:52+00:00\",\"breadcrumb\":{\"@id\":\"https:\\\/\\\/redamlo.com\\\/index.php\\\/2022\\\/04\\\/06\\\/roban-en-slp-paqueteria-electoral-sobre-la-consulta-de-revocacion\\\/#breadcrumb\"},\"inLanguage\":\"es\",\"potentialAction\":[{\"@type\":\"ReadAction\",\"target\":[\"https:\\\/\\\/redamlo.com\\\/index.php\\\/2022\\\/04\\\/06\\\/roban-en-slp-paqueteria-electoral-sobre-la-consulta-de-revocacion\\\/\"]}]},{\"@type\":\"ImageObject\",\"inLanguage\":\"es\",\"@id\":\"https:\\\/\\\/redamlo.com\\\/index.php\\\/2022\\\/04\\\/06\\\/roban-en-slp-paqueteria-electoral-sobre-la-consulta-de-revocacion\\\/#primaryimage\",\"url\":\"https:\\\/\\\/redamlo.com\\\/wp-content\\\/uploads\\\/2022\\\/04\\\/454-1.png\",\"contentUrl\":\"https:\\\/\\\/redamlo.com\\\/wp-content\\\/uploads\\\/2022\\\/04\\\/454-1.png\",\"width\":1024,\"height\":768},{\"@type\":\"BreadcrumbList\",\"@id\":\"https:\\\/\\\/redamlo.com\\\/index.php\\\/2022\\\/04\\\/06\\\/roban-en-slp-paqueteria-electoral-sobre-la-consulta-de-revocacion\\\/#breadcrumb\",\"itemListElement\":[{\"@type\":\"ListItem\",\"position\":1,\"name\":\"Inicio\",\"item\":\"https:\\\/\\\/redamlo.com\\\/\"},{\"@type\":\"ListItem\",\"position\":2,\"name\":\"Roban en SLP paqueter\u00eda electoral sobre la consulta de revocaci\u00f3n\"}]},{\"@type\":\"WebSite\",\"@id\":\"https:\\\/\\\/redamlo.com\\\/#website\",\"url\":\"https:\\\/\\\/redamlo.com\\\/\",\"name\":\"NOTICIAS DE LA 4T\",\"description\":\"\",\"publisher\":{\"@id\":\"https:\\\/\\\/redamlo.com\\\/#organization\"},\"potentialAction\":[{\"@type\":\"SearchAction\",\"target\":{\"@type\":\"EntryPoint\",\"urlTemplate\":\"https:\\\/\\\/redamlo.com\\\/?s={search_term_string}\"},\"query-input\":{\"@type\":\"PropertyValueSpecification\",\"valueRequired\":true,\"valueName\":\"search_term_string\"}}],\"inLanguage\":\"es\"},{\"@type\":\"Organization\",\"@id\":\"https:\\\/\\\/redamlo.com\\\/#organization\",\"name\":\"NOTICIAS DE LA 4T\",\"url\":\"https:\\\/\\\/redamlo.com\\\/\",\"logo\":{\"@type\":\"ImageObject\",\"inLanguage\":\"es\",\"@id\":\"https:\\\/\\\/redamlo.com\\\/#\\\/schema\\\/logo\\\/image\\\/\",\"url\":\"https:\\\/\\\/redamlo.com\\\/wp-content\\\/uploads\\\/2024\\\/08\\\/cropped-RED-AMLO-logo-50.png\",\"contentUrl\":\"https:\\\/\\\/redamlo.com\\\/wp-content\\\/uploads\\\/2024\\\/08\\\/cropped-RED-AMLO-logo-50.png\",\"width\":256,\"height\":256,\"caption\":\"NOTICIAS DE LA 4T\"},\"image\":{\"@id\":\"https:\\\/\\\/redamlo.com\\\/#\\\/schema\\\/logo\\\/image\\\/\"}},{\"@type\":\"Person\",\"@id\":\"https:\\\/\\\/redamlo.com\\\/#\\\/schema\\\/person\\\/7223a4375eb8f1a782fcae010a7115cf\",\"name\":\"Blanca\",\"image\":{\"@type\":\"ImageObject\",\"inLanguage\":\"es\",\"@id\":\"https:\\\/\\\/secure.gravatar.com\\\/avatar\\\/3f79bc8336367a4e6093eae8757acaaf61d1124834b905616de7829b0273426d?s=96&d=mm&r=g\",\"url\":\"https:\\\/\\\/secure.gravatar.com\\\/avatar\\\/3f79bc8336367a4e6093eae8757acaaf61d1124834b905616de7829b0273426d?s=96&d=mm&r=g\",\"contentUrl\":\"https:\\\/\\\/secure.gravatar.com\\\/avatar\\\/3f79bc8336367a4e6093eae8757acaaf61d1124834b905616de7829b0273426d?s=96&d=mm&r=g\",\"caption\":\"Blanca\"},\"url\":\"https:\\\/\\\/redamlo.com\\\/index.php\\\/author\\\/blanca\\\/\"}]}<\/script>\n<!-- \/ Yoast SEO plugin. -->","yoast_head_json":{"title":"Roban en SLP paqueter\u00eda electoral sobre la consulta de revocaci\u00f3n - NOTICIAS DE LA 4T","robots":{"index":"noindex","follow":"follow","max-snippet":"max-snippet:-1","max-image-preview":"max-image-preview:large","max-video-preview":"max-video-preview:-1"},"og_locale":"es_MX","og_type":"article","og_title":"Roban en SLP paqueter\u00eda electoral sobre la consulta de revocaci\u00f3n - NOTICIAS DE LA 4T","og_description":"Realidades, San Luis Potos\u00ed, SLP.\u00a0La madrugada de este mi\u00e9rcoles fueron robados tres paquetes electorales de...","og_url":"https:\/\/redamlo.com\/index.php\/2022\/04\/06\/roban-en-slp-paqueteria-electoral-sobre-la-consulta-de-revocacion\/","og_site_name":"NOTICIAS DE LA 4T","article_published_time":"2022-04-06T18:48:52+00:00","og_image":[{"width":1024,"height":768,"url":"https:\/\/redamlo.com\/wp-content\/uploads\/2022\/04\/454-1.png","type":"image\/png"}],"author":"Blanca","twitter_card":"summary_large_image","twitter_misc":{"Escrito por":"Blanca","Tiempo de lectura":"2 minutos"},"schema":{"@context":"https:\/\/schema.org","@graph":[{"@type":"Article","@id":"https:\/\/redamlo.com\/index.php\/2022\/04\/06\/roban-en-slp-paqueteria-electoral-sobre-la-consulta-de-revocacion\/#article","isPartOf":{"@id":"https:\/\/redamlo.com\/index.php\/2022\/04\/06\/roban-en-slp-paqueteria-electoral-sobre-la-consulta-de-revocacion\/"},"author":{"name":"Blanca","@id":"https:\/\/redamlo.com\/#\/schema\/person\/7223a4375eb8f1a782fcae010a7115cf"},"headline":"Roban en SLP paqueter\u00eda electoral sobre la consulta de revocaci\u00f3n","datePublished":"2022-04-06T18:48:52+00:00","mainEntityOfPage":{"@id":"https:\/\/redamlo.com\/index.php\/2022\/04\/06\/roban-en-slp-paqueteria-electoral-sobre-la-consulta-de-revocacion\/"},"wordCount":348,"commentCount":0,"publisher":{"@id":"https:\/\/redamlo.com\/#organization"},"image":{"@id":"https:\/\/redamlo.com\/index.php\/2022\/04\/06\/roban-en-slp-paqueteria-electoral-sobre-la-consulta-de-revocacion\/#primaryimage"},"thumbnailUrl":"https:\/\/redamlo.com\/wp-content\/uploads\/2022\/04\/454-1.png","keywords":["5 mil dos Papeletas","Consulta","Distrito 01","Domingo 10 de Abril","INE","Matehuala","Pablo Sergio Aispuro","Paqueter\u00eda Electoral","Revocaci\u00f3n de Mandato","Roban","San Luis Potos\u00ed"],"articleSection":["4T","Nacionales"],"inLanguage":"es","potentialAction":[{"@type":"CommentAction","name":"Comment","target":["https:\/\/redamlo.com\/index.php\/2022\/04\/06\/roban-en-slp-paqueteria-electoral-sobre-la-consulta-de-revocacion\/#respond"]}]},{"@type":"WebPage","@id":"https:\/\/redamlo.com\/index.php\/2022\/04\/06\/roban-en-slp-paqueteria-electoral-sobre-la-consulta-de-revocacion\/","url":"https:\/\/redamlo.com\/index.php\/2022\/04\/06\/roban-en-slp-paqueteria-electoral-sobre-la-consulta-de-revocacion\/","name":"Roban en SLP paqueter\u00eda electoral sobre la consulta de revocaci\u00f3n - NOTICIAS DE LA 4T","isPartOf":{"@id":"https:\/\/redamlo.com\/#website"},"primaryImageOfPage":{"@id":"https:\/\/redamlo.com\/index.php\/2022\/04\/06\/roban-en-slp-paqueteria-electoral-sobre-la-consulta-de-revocacion\/#primaryimage"},"image":{"@id":"https:\/\/redamlo.com\/index.php\/2022\/04\/06\/roban-en-slp-paqueteria-electoral-sobre-la-consulta-de-revocacion\/#primaryimage"},"thumbnailUrl":"https:\/\/redamlo.com\/wp-content\/uploads\/2022\/04\/454-1.png","datePublished":"2022-04-06T18:48:52+00:00","breadcrumb":{"@id":"https:\/\/redamlo.com\/index.php\/2022\/04\/06\/roban-en-slp-paqueteria-electoral-sobre-la-consulta-de-revocacion\/#breadcrumb"},"inLanguage":"es","potentialAction":[{"@type":"ReadAction","target":["https:\/\/redamlo.com\/index.php\/2022\/04\/06\/roban-en-slp-paqueteria-electoral-sobre-la-consulta-de-revocacion\/"]}]},{"@type":"ImageObject","inLanguage":"es","@id":"https:\/\/redamlo.com\/index.php\/2022\/04\/06\/roban-en-slp-paqueteria-electoral-sobre-la-consulta-de-revocacion\/#primaryimage","url":"https:\/\/redamlo.com\/wp-content\/uploads\/2022\/04\/454-1.png","contentUrl":"https:\/\/redamlo.com\/wp-content\/uploads\/2022\/04\/454-1.png","width":1024,"height":768},{"@type":"BreadcrumbList","@id":"https:\/\/redamlo.com\/index.php\/2022\/04\/06\/roban-en-slp-paqueteria-electoral-sobre-la-consulta-de-revocacion\/#breadcrumb","itemListElement":[{"@type":"ListItem","position":1,"name":"Inicio","item":"https:\/\/redamlo.com\/"},{"@type":"ListItem","position":2,"name":"Roban en SLP paqueter\u00eda electoral sobre la consulta de revocaci\u00f3n"}]},{"@type":"WebSite","@id":"https:\/\/redamlo.com\/#website","url":"https:\/\/redamlo.com\/","name":"NOTICIAS DE LA 4T","description":"","publisher":{"@id":"https:\/\/redamlo.com\/#organization"},"potentialAction":[{"@type":"SearchAction","target":{"@type":"EntryPoint","urlTemplate":"https:\/\/redamlo.com\/?s={search_term_string}"},"query-input":{"@type":"PropertyValueSpecification","valueRequired":true,"valueName":"search_term_string"}}],"inLanguage":"es"},{"@type":"Organization","@id":"https:\/\/redamlo.com\/#organization","name":"NOTICIAS DE LA 4T","url":"https:\/\/redamlo.com\/","logo":{"@type":"ImageObject","inLanguage":"es","@id":"https:\/\/redamlo.com\/#\/schema\/logo\/image\/","url":"https:\/\/redamlo.com\/wp-content\/uploads\/2024\/08\/cropped-RED-AMLO-logo-50.png","contentUrl":"https:\/\/redamlo.com\/wp-content\/uploads\/2024\/08\/cropped-RED-AMLO-logo-50.png","width":256,"height":256,"caption":"NOTICIAS DE LA 4T"},"image":{"@id":"https:\/\/redamlo.com\/#\/schema\/logo\/image\/"}},{"@type":"Person","@id":"https:\/\/redamlo.com\/#\/schema\/person\/7223a4375eb8f1a782fcae010a7115cf","name":"Blanca","image":{"@type":"ImageObject","inLanguage":"es","@id":"https:\/\/secure.gravatar.com\/avatar\/3f79bc8336367a4e6093eae8757acaaf61d1124834b905616de7829b0273426d?s=96&d=mm&r=g","url":"https:\/\/secure.gravatar.com\/avatar\/3f79bc8336367a4e6093eae8757acaaf61d1124834b905616de7829b0273426d?s=96&d=mm&r=g","contentUrl":"https:\/\/secure.gravatar.com\/avatar\/3f79bc8336367a4e6093eae8757acaaf61d1124834b905616de7829b0273426d?s=96&d=mm&r=g","caption":"Blanca"},"url":"https:\/\/redamlo.com\/index.php\/author\/blanca\/"}]}},"_links":{"self":[{"href":"https:\/\/redamlo.com\/index.php\/wp-json\/wp\/v2\/posts\/6261","targetHints":{"allow":["GET"]}}],"collection":[{"href":"https:\/\/redamlo.com\/index.php\/wp-json\/wp\/v2\/posts"}],"about":[{"href":"https:\/\/redamlo.com\/index.php\/wp-json\/wp\/v2\/types\/post"}],"author":[{"embeddable":true,"href":"https:\/\/redamlo.com\/index.php\/wp-json\/wp\/v2\/users\/2"}],"replies":[{"embeddable":true,"href":"https:\/\/redamlo.com\/index.php\/wp-json\/wp\/v2\/comments?post=6261"}],"version-history":[{"count":0,"href":"https:\/\/redamlo.com\/index.php\/wp-json\/wp\/v2\/posts\/6261\/revisions"}],"wp:featuredmedia":[{"embeddable":true,"href":"https:\/\/redamlo.com\/index.php\/wp-json\/wp\/v2\/media\/6262"}],"wp:attachment":[{"href":"https:\/\/redamlo.com\/index.php\/wp-json\/wp\/v2\/media?parent=6261"}],"wp:term":[{"taxonomy":"category","embeddable":true,"href":"https:\/\/redamlo.com\/index.php\/wp-json\/wp\/v2\/categories?post=6261"},{"taxonomy":"post_tag","embeddable":true,"href":"https:\/\/redamlo.com\/index.php\/wp-json\/wp\/v2\/tags?post=6261"}],"curies":[{"name":"wp","href":"https:\/\/api.w.org\/{rel}","templated":true}]}}