{"id":625,"date":"2019-10-19T14:38:32","date_gmt":"2019-10-19T19:38:32","guid":{"rendered":"http:\/\/redamlo.com\/?p=625"},"modified":"2019-10-19T14:38:32","modified_gmt":"2019-10-19T19:38:32","slug":"dra-maria-de-los-angeles-haces-velasco-candidata-a-dirigir-la-ceav","status":"publish","type":"post","link":"https:\/\/redamlo.com\/index.php\/2019\/10\/19\/dra-maria-de-los-angeles-haces-velasco-candidata-a-dirigir-la-ceav\/","title":{"rendered":"Dra. Mar\u00eda de Los \u00c1ngeles Haces Velasco Candidata a Dirigir la CEAV"},"content":{"rendered":"<p>Ciudad de M\u00e9xico a 19 de Octubre 2019 (Cdmx Press). &#8211; El Presidente <strong>Andr\u00e9s Manuel L\u00f3pez Obrador<\/strong>, envi\u00f3 al Senado la terna de personas candidatas a ocupar la titularidad de la <strong>CEAV Comisi\u00f3n Ejecutiva de Atenci\u00f3n a V\u00edctimas<\/strong><\/p>\n<p><strong>La CEAV<\/strong> atiende y apoya a quienes hayan sido v\u00edctimas de un delito federal o de una violaci\u00f3n a sus derechos humanos. Nuestro fin es que las personas obtengan verdad, justicia y reparaci\u00f3n del da\u00f1o para que, en la medida de lo posible, recuperen un proyecto de futuro.<\/p>\n<p>En el oficio que se envi\u00f3 al Senado se destaca que las integrantes de la terna \u201cfueron propuestas por colectivos de v\u00edctimas, universidades, organizaciones de la sociedad civil y personas expertas y fueron producto de consulta p\u00fablica con las organizaciones.<\/p>\n<p>Las aspirantes son: <strong>Mara G\u00f3mez P\u00e9rez, Mar\u00eda de los \u00c1ngeles Haces Velasco y Melba Adriana Olvera Rodr\u00edguez,<\/strong> postuladas luego de obtener los resultados m\u00e1s altos en una consulta p\u00fablica que realiz\u00f3 la <strong>Secretar\u00eda de Gobernaci\u00f3n.<\/strong><\/p>\n<p><strong>Mar\u00eda de los \u00c1ngeles Haces es doctora en Antropolog\u00eda Social por el CIESAS<\/strong>. Desde 2016 se desempe\u00f1a como Directora de Enlace con la Comisi\u00f3n Ejecutiva de Atenci\u00f3n a V\u00edctimas (CEAV), cargo que est\u00e1 dentro de la estructura de la <strong>Subsecretar\u00eda de Derechos Humanos de la Secretar\u00eda de Gobernaci\u00f3n.<\/strong><br \/>\nTambi\u00e9n dirigi\u00f3 las \u00e1reas de Atenci\u00f3n y Primer Contacto de la<strong> CEAV<\/strong>. De 2008 a 2010 ocup\u00f3 distintos puestos dentro de la <strong>Subprocuradur\u00eda de Atenci\u00f3n a V\u00edctimas de la Procuradur\u00eda General de Justicia del entonces Distrito Federal. Tambi\u00e9n form\u00f3 parte de la Fiscal\u00eda Especial para la Atenci\u00f3n de Delitos de Violencia contra las Mujeres y Trata de Personas (FEVIMTRA) de la PGR<\/strong> entre 2006 y 2008.<br \/>\nTiene varias publicaciones enfocadas en las familias homoparentales.<\/p>\n<p>Psic\u00f3loga Social<strong> (Universidad Aut\u00f3noma Metropolitana)<\/strong> con Maestr\u00eda y Doctorado en Antropolog\u00eda Social (Centro de Investigaciones y Estudios Superiores en Antropolog\u00eda Social), cuenta con m\u00e1s de 13 a\u00f1os de experiencia en la atenci\u00f3n a v\u00edctimas de delitos y violaciones a Derechos Humanos dentro de dependencias federales y locales como la Secretar\u00eda de Gobernaci\u00f3n, Procuradur\u00eda General de la Republica, Comisi\u00f3n Ejecutiva de Atenci\u00f3n a V\u00edctimas y Procuradur\u00eda General de Justicia de la Ciudad de M\u00e9xico.<\/p>\n<p>Ha realizado labores operativas y directivas, siempre bajo la implementaci\u00f3n de cuatro criterios b\u00e1sicos:<\/p>\n<ul>\n<li>a)Protecci\u00f3n de derechos humanos.<\/li>\n<li>b) Protecci\u00f3n integral de la infancia.<\/li>\n<li>c) Perspectiva de g\u00e9nero y<\/li>\n<li>d)Acceso a la justicia.<\/li>\n<\/ul>\n<p>Posee amplia experiencia en el desarrollo e implementaci\u00f3n de estrategias integrales de atenci\u00f3n a v\u00edctimas, con enfoque multidisciplinario, desde la perspectiva psicosocial y antropol\u00f3gica.<\/p>\n<p>Ha realizado publicaciones de temas relacionados con la equidad de g\u00e9nero, derechos humanos, maternidad, paternidad, homoparentalidad y roles familiares; en revistas y libros especializados en dichas materias.<\/p>\n<p><strong>La Doctora Haces<\/strong> cuenta con la habilidad de generar las capacidades institucionales necesarias, para contribuir en el tr\u00e1nsito de v\u00edctimas a sobrevivientes, a fin de promover y lograr la recuperaci\u00f3n del proyecto de vida de las personas en situaci\u00f3n de v\u00edctima, teniendo como base de trabajo la empat\u00eda, calidad humana y honestidad.<\/p>\n","protected":false},"excerpt":{"rendered":"<p>Ciudad de M\u00e9xico a 19 de Octubre 2019 (Cdmx Press). &#8211; El Presidente Andr\u00e9s Manuel&#8230;<\/p>\n","protected":false},"author":2,"featured_media":627,"comment_status":"open","ping_status":"closed","sticky":false,"template":"","format":"standard","meta":{"footnotes":""},"categories":[1],"tags":[],"class_list":["post-625","post","type-post","status-publish","format-standard","has-post-thumbnail","hentry","category-uncategorized"],"yoast_head":"<!-- This site is optimized with the Yoast SEO plugin v27.5 - https:\/\/yoast.com\/product\/yoast-seo-wordpress\/ -->\n<title>Dra. Mar\u00eda de Los \u00c1ngeles Haces Velasco Candidata a Dirigir la CEAV - NOTICIAS DE LA 4T<\/title>\n<meta name=\"robots\" content=\"noindex, follow, max-snippet:-1, max-image-preview:large, max-video-preview:-1\" \/>\n<meta property=\"og:locale\" content=\"es_MX\" \/>\n<meta property=\"og:type\" content=\"article\" \/>\n<meta property=\"og:title\" content=\"Dra. Mar\u00eda de Los \u00c1ngeles Haces Velasco Candidata a Dirigir la CEAV - NOTICIAS DE LA 4T\" \/>\n<meta property=\"og:description\" content=\"Ciudad de M\u00e9xico a 19 de Octubre 2019 (Cdmx Press). &#8211; El Presidente Andr\u00e9s Manuel...\" \/>\n<meta property=\"og:url\" content=\"https:\/\/redamlo.com\/index.php\/2019\/10\/19\/dra-maria-de-los-angeles-haces-velasco-candidata-a-dirigir-la-ceav\/\" \/>\n<meta property=\"og:site_name\" content=\"NOTICIAS DE LA 4T\" \/>\n<meta property=\"article:published_time\" content=\"2019-10-19T19:38:32+00:00\" \/>\n<meta property=\"og:image\" content=\"https:\/\/redamlo.com\/wp-content\/uploads\/2019\/10\/Maria-de-los-Angeles-Haces-Velasco-1.jpg\" \/>\n\t<meta property=\"og:image:width\" content=\"591\" \/>\n\t<meta property=\"og:image:height\" content=\"552\" \/>\n\t<meta property=\"og:image:type\" content=\"image\/jpeg\" \/>\n<meta name=\"author\" content=\"Blanca\" \/>\n<meta name=\"twitter:card\" content=\"summary_large_image\" \/>\n<meta name=\"twitter:label1\" content=\"Escrito por\" \/>\n\t<meta name=\"twitter:data1\" content=\"Blanca\" \/>\n\t<meta name=\"twitter:label2\" content=\"Tiempo de lectura\" \/>\n\t<meta name=\"twitter:data2\" content=\"3 minutos\" \/>\n<script type=\"application\/ld+json\" class=\"yoast-schema-graph\">{\"@context\":\"https:\\\/\\\/schema.org\",\"@graph\":[{\"@type\":\"Article\",\"@id\":\"https:\\\/\\\/redamlo.com\\\/index.php\\\/2019\\\/10\\\/19\\\/dra-maria-de-los-angeles-haces-velasco-candidata-a-dirigir-la-ceav\\\/#article\",\"isPartOf\":{\"@id\":\"https:\\\/\\\/redamlo.com\\\/index.php\\\/2019\\\/10\\\/19\\\/dra-maria-de-los-angeles-haces-velasco-candidata-a-dirigir-la-ceav\\\/\"},\"author\":{\"name\":\"Blanca\",\"@id\":\"https:\\\/\\\/redamlo.com\\\/#\\\/schema\\\/person\\\/7223a4375eb8f1a782fcae010a7115cf\"},\"headline\":\"Dra. Mar\u00eda de Los \u00c1ngeles Haces Velasco Candidata a Dirigir la CEAV\",\"datePublished\":\"2019-10-19T19:38:32+00:00\",\"mainEntityOfPage\":{\"@id\":\"https:\\\/\\\/redamlo.com\\\/index.php\\\/2019\\\/10\\\/19\\\/dra-maria-de-los-angeles-haces-velasco-candidata-a-dirigir-la-ceav\\\/\"},\"wordCount\":570,\"commentCount\":0,\"publisher\":{\"@id\":\"https:\\\/\\\/redamlo.com\\\/#organization\"},\"image\":{\"@id\":\"https:\\\/\\\/redamlo.com\\\/index.php\\\/2019\\\/10\\\/19\\\/dra-maria-de-los-angeles-haces-velasco-candidata-a-dirigir-la-ceav\\\/#primaryimage\"},\"thumbnailUrl\":\"https:\\\/\\\/redamlo.com\\\/wp-content\\\/uploads\\\/2019\\\/10\\\/Maria-de-los-Angeles-Haces-Velasco-1.jpg\",\"articleSection\":[\"Uncategorized\"],\"inLanguage\":\"es\",\"potentialAction\":[{\"@type\":\"CommentAction\",\"name\":\"Comment\",\"target\":[\"https:\\\/\\\/redamlo.com\\\/index.php\\\/2019\\\/10\\\/19\\\/dra-maria-de-los-angeles-haces-velasco-candidata-a-dirigir-la-ceav\\\/#respond\"]}]},{\"@type\":\"WebPage\",\"@id\":\"https:\\\/\\\/redamlo.com\\\/index.php\\\/2019\\\/10\\\/19\\\/dra-maria-de-los-angeles-haces-velasco-candidata-a-dirigir-la-ceav\\\/\",\"url\":\"https:\\\/\\\/redamlo.com\\\/index.php\\\/2019\\\/10\\\/19\\\/dra-maria-de-los-angeles-haces-velasco-candidata-a-dirigir-la-ceav\\\/\",\"name\":\"Dra. Mar\u00eda de Los \u00c1ngeles Haces Velasco Candidata a Dirigir la CEAV - NOTICIAS DE LA 4T\",\"isPartOf\":{\"@id\":\"https:\\\/\\\/redamlo.com\\\/#website\"},\"primaryImageOfPage\":{\"@id\":\"https:\\\/\\\/redamlo.com\\\/index.php\\\/2019\\\/10\\\/19\\\/dra-maria-de-los-angeles-haces-velasco-candidata-a-dirigir-la-ceav\\\/#primaryimage\"},\"image\":{\"@id\":\"https:\\\/\\\/redamlo.com\\\/index.php\\\/2019\\\/10\\\/19\\\/dra-maria-de-los-angeles-haces-velasco-candidata-a-dirigir-la-ceav\\\/#primaryimage\"},\"thumbnailUrl\":\"https:\\\/\\\/redamlo.com\\\/wp-content\\\/uploads\\\/2019\\\/10\\\/Maria-de-los-Angeles-Haces-Velasco-1.jpg\",\"datePublished\":\"2019-10-19T19:38:32+00:00\",\"breadcrumb\":{\"@id\":\"https:\\\/\\\/redamlo.com\\\/index.php\\\/2019\\\/10\\\/19\\\/dra-maria-de-los-angeles-haces-velasco-candidata-a-dirigir-la-ceav\\\/#breadcrumb\"},\"inLanguage\":\"es\",\"potentialAction\":[{\"@type\":\"ReadAction\",\"target\":[\"https:\\\/\\\/redamlo.com\\\/index.php\\\/2019\\\/10\\\/19\\\/dra-maria-de-los-angeles-haces-velasco-candidata-a-dirigir-la-ceav\\\/\"]}]},{\"@type\":\"ImageObject\",\"inLanguage\":\"es\",\"@id\":\"https:\\\/\\\/redamlo.com\\\/index.php\\\/2019\\\/10\\\/19\\\/dra-maria-de-los-angeles-haces-velasco-candidata-a-dirigir-la-ceav\\\/#primaryimage\",\"url\":\"https:\\\/\\\/redamlo.com\\\/wp-content\\\/uploads\\\/2019\\\/10\\\/Maria-de-los-Angeles-Haces-Velasco-1.jpg\",\"contentUrl\":\"https:\\\/\\\/redamlo.com\\\/wp-content\\\/uploads\\\/2019\\\/10\\\/Maria-de-los-Angeles-Haces-Velasco-1.jpg\",\"width\":591,\"height\":552},{\"@type\":\"BreadcrumbList\",\"@id\":\"https:\\\/\\\/redamlo.com\\\/index.php\\\/2019\\\/10\\\/19\\\/dra-maria-de-los-angeles-haces-velasco-candidata-a-dirigir-la-ceav\\\/#breadcrumb\",\"itemListElement\":[{\"@type\":\"ListItem\",\"position\":1,\"name\":\"Inicio\",\"item\":\"https:\\\/\\\/redamlo.com\\\/\"},{\"@type\":\"ListItem\",\"position\":2,\"name\":\"Dra. Mar\u00eda de Los \u00c1ngeles Haces Velasco Candidata a Dirigir la CEAV\"}]},{\"@type\":\"WebSite\",\"@id\":\"https:\\\/\\\/redamlo.com\\\/#website\",\"url\":\"https:\\\/\\\/redamlo.com\\\/\",\"name\":\"NOTICIAS DE LA 4T\",\"description\":\"\",\"publisher\":{\"@id\":\"https:\\\/\\\/redamlo.com\\\/#organization\"},\"potentialAction\":[{\"@type\":\"SearchAction\",\"target\":{\"@type\":\"EntryPoint\",\"urlTemplate\":\"https:\\\/\\\/redamlo.com\\\/?s={search_term_string}\"},\"query-input\":{\"@type\":\"PropertyValueSpecification\",\"valueRequired\":true,\"valueName\":\"search_term_string\"}}],\"inLanguage\":\"es\"},{\"@type\":\"Organization\",\"@id\":\"https:\\\/\\\/redamlo.com\\\/#organization\",\"name\":\"NOTICIAS DE LA 4T\",\"url\":\"https:\\\/\\\/redamlo.com\\\/\",\"logo\":{\"@type\":\"ImageObject\",\"inLanguage\":\"es\",\"@id\":\"https:\\\/\\\/redamlo.com\\\/#\\\/schema\\\/logo\\\/image\\\/\",\"url\":\"https:\\\/\\\/redamlo.com\\\/wp-content\\\/uploads\\\/2024\\\/08\\\/cropped-RED-AMLO-logo-50.png\",\"contentUrl\":\"https:\\\/\\\/redamlo.com\\\/wp-content\\\/uploads\\\/2024\\\/08\\\/cropped-RED-AMLO-logo-50.png\",\"width\":256,\"height\":256,\"caption\":\"NOTICIAS DE LA 4T\"},\"image\":{\"@id\":\"https:\\\/\\\/redamlo.com\\\/#\\\/schema\\\/logo\\\/image\\\/\"}},{\"@type\":\"Person\",\"@id\":\"https:\\\/\\\/redamlo.com\\\/#\\\/schema\\\/person\\\/7223a4375eb8f1a782fcae010a7115cf\",\"name\":\"Blanca\",\"image\":{\"@type\":\"ImageObject\",\"inLanguage\":\"es\",\"@id\":\"https:\\\/\\\/secure.gravatar.com\\\/avatar\\\/3f79bc8336367a4e6093eae8757acaaf61d1124834b905616de7829b0273426d?s=96&d=mm&r=g\",\"url\":\"https:\\\/\\\/secure.gravatar.com\\\/avatar\\\/3f79bc8336367a4e6093eae8757acaaf61d1124834b905616de7829b0273426d?s=96&d=mm&r=g\",\"contentUrl\":\"https:\\\/\\\/secure.gravatar.com\\\/avatar\\\/3f79bc8336367a4e6093eae8757acaaf61d1124834b905616de7829b0273426d?s=96&d=mm&r=g\",\"caption\":\"Blanca\"},\"url\":\"https:\\\/\\\/redamlo.com\\\/index.php\\\/author\\\/blanca\\\/\"}]}<\/script>\n<!-- \/ Yoast SEO plugin. -->","yoast_head_json":{"title":"Dra. Mar\u00eda de Los \u00c1ngeles Haces Velasco Candidata a Dirigir la CEAV - NOTICIAS DE LA 4T","robots":{"index":"noindex","follow":"follow","max-snippet":"max-snippet:-1","max-image-preview":"max-image-preview:large","max-video-preview":"max-video-preview:-1"},"og_locale":"es_MX","og_type":"article","og_title":"Dra. Mar\u00eda de Los \u00c1ngeles Haces Velasco Candidata a Dirigir la CEAV - NOTICIAS DE LA 4T","og_description":"Ciudad de M\u00e9xico a 19 de Octubre 2019 (Cdmx Press). &#8211; El Presidente Andr\u00e9s Manuel...","og_url":"https:\/\/redamlo.com\/index.php\/2019\/10\/19\/dra-maria-de-los-angeles-haces-velasco-candidata-a-dirigir-la-ceav\/","og_site_name":"NOTICIAS DE LA 4T","article_published_time":"2019-10-19T19:38:32+00:00","og_image":[{"width":591,"height":552,"url":"https:\/\/redamlo.com\/wp-content\/uploads\/2019\/10\/Maria-de-los-Angeles-Haces-Velasco-1.jpg","type":"image\/jpeg"}],"author":"Blanca","twitter_card":"summary_large_image","twitter_misc":{"Escrito por":"Blanca","Tiempo de lectura":"3 minutos"},"schema":{"@context":"https:\/\/schema.org","@graph":[{"@type":"Article","@id":"https:\/\/redamlo.com\/index.php\/2019\/10\/19\/dra-maria-de-los-angeles-haces-velasco-candidata-a-dirigir-la-ceav\/#article","isPartOf":{"@id":"https:\/\/redamlo.com\/index.php\/2019\/10\/19\/dra-maria-de-los-angeles-haces-velasco-candidata-a-dirigir-la-ceav\/"},"author":{"name":"Blanca","@id":"https:\/\/redamlo.com\/#\/schema\/person\/7223a4375eb8f1a782fcae010a7115cf"},"headline":"Dra. Mar\u00eda de Los \u00c1ngeles Haces Velasco Candidata a Dirigir la CEAV","datePublished":"2019-10-19T19:38:32+00:00","mainEntityOfPage":{"@id":"https:\/\/redamlo.com\/index.php\/2019\/10\/19\/dra-maria-de-los-angeles-haces-velasco-candidata-a-dirigir-la-ceav\/"},"wordCount":570,"commentCount":0,"publisher":{"@id":"https:\/\/redamlo.com\/#organization"},"image":{"@id":"https:\/\/redamlo.com\/index.php\/2019\/10\/19\/dra-maria-de-los-angeles-haces-velasco-candidata-a-dirigir-la-ceav\/#primaryimage"},"thumbnailUrl":"https:\/\/redamlo.com\/wp-content\/uploads\/2019\/10\/Maria-de-los-Angeles-Haces-Velasco-1.jpg","articleSection":["Uncategorized"],"inLanguage":"es","potentialAction":[{"@type":"CommentAction","name":"Comment","target":["https:\/\/redamlo.com\/index.php\/2019\/10\/19\/dra-maria-de-los-angeles-haces-velasco-candidata-a-dirigir-la-ceav\/#respond"]}]},{"@type":"WebPage","@id":"https:\/\/redamlo.com\/index.php\/2019\/10\/19\/dra-maria-de-los-angeles-haces-velasco-candidata-a-dirigir-la-ceav\/","url":"https:\/\/redamlo.com\/index.php\/2019\/10\/19\/dra-maria-de-los-angeles-haces-velasco-candidata-a-dirigir-la-ceav\/","name":"Dra. Mar\u00eda de Los \u00c1ngeles Haces Velasco Candidata a Dirigir la CEAV - NOTICIAS DE LA 4T","isPartOf":{"@id":"https:\/\/redamlo.com\/#website"},"primaryImageOfPage":{"@id":"https:\/\/redamlo.com\/index.php\/2019\/10\/19\/dra-maria-de-los-angeles-haces-velasco-candidata-a-dirigir-la-ceav\/#primaryimage"},"image":{"@id":"https:\/\/redamlo.com\/index.php\/2019\/10\/19\/dra-maria-de-los-angeles-haces-velasco-candidata-a-dirigir-la-ceav\/#primaryimage"},"thumbnailUrl":"https:\/\/redamlo.com\/wp-content\/uploads\/2019\/10\/Maria-de-los-Angeles-Haces-Velasco-1.jpg","datePublished":"2019-10-19T19:38:32+00:00","breadcrumb":{"@id":"https:\/\/redamlo.com\/index.php\/2019\/10\/19\/dra-maria-de-los-angeles-haces-velasco-candidata-a-dirigir-la-ceav\/#breadcrumb"},"inLanguage":"es","potentialAction":[{"@type":"ReadAction","target":["https:\/\/redamlo.com\/index.php\/2019\/10\/19\/dra-maria-de-los-angeles-haces-velasco-candidata-a-dirigir-la-ceav\/"]}]},{"@type":"ImageObject","inLanguage":"es","@id":"https:\/\/redamlo.com\/index.php\/2019\/10\/19\/dra-maria-de-los-angeles-haces-velasco-candidata-a-dirigir-la-ceav\/#primaryimage","url":"https:\/\/redamlo.com\/wp-content\/uploads\/2019\/10\/Maria-de-los-Angeles-Haces-Velasco-1.jpg","contentUrl":"https:\/\/redamlo.com\/wp-content\/uploads\/2019\/10\/Maria-de-los-Angeles-Haces-Velasco-1.jpg","width":591,"height":552},{"@type":"BreadcrumbList","@id":"https:\/\/redamlo.com\/index.php\/2019\/10\/19\/dra-maria-de-los-angeles-haces-velasco-candidata-a-dirigir-la-ceav\/#breadcrumb","itemListElement":[{"@type":"ListItem","position":1,"name":"Inicio","item":"https:\/\/redamlo.com\/"},{"@type":"ListItem","position":2,"name":"Dra. Mar\u00eda de Los \u00c1ngeles Haces Velasco Candidata a Dirigir la CEAV"}]},{"@type":"WebSite","@id":"https:\/\/redamlo.com\/#website","url":"https:\/\/redamlo.com\/","name":"NOTICIAS DE LA 4T","description":"","publisher":{"@id":"https:\/\/redamlo.com\/#organization"},"potentialAction":[{"@type":"SearchAction","target":{"@type":"EntryPoint","urlTemplate":"https:\/\/redamlo.com\/?s={search_term_string}"},"query-input":{"@type":"PropertyValueSpecification","valueRequired":true,"valueName":"search_term_string"}}],"inLanguage":"es"},{"@type":"Organization","@id":"https:\/\/redamlo.com\/#organization","name":"NOTICIAS DE LA 4T","url":"https:\/\/redamlo.com\/","logo":{"@type":"ImageObject","inLanguage":"es","@id":"https:\/\/redamlo.com\/#\/schema\/logo\/image\/","url":"https:\/\/redamlo.com\/wp-content\/uploads\/2024\/08\/cropped-RED-AMLO-logo-50.png","contentUrl":"https:\/\/redamlo.com\/wp-content\/uploads\/2024\/08\/cropped-RED-AMLO-logo-50.png","width":256,"height":256,"caption":"NOTICIAS DE LA 4T"},"image":{"@id":"https:\/\/redamlo.com\/#\/schema\/logo\/image\/"}},{"@type":"Person","@id":"https:\/\/redamlo.com\/#\/schema\/person\/7223a4375eb8f1a782fcae010a7115cf","name":"Blanca","image":{"@type":"ImageObject","inLanguage":"es","@id":"https:\/\/secure.gravatar.com\/avatar\/3f79bc8336367a4e6093eae8757acaaf61d1124834b905616de7829b0273426d?s=96&d=mm&r=g","url":"https:\/\/secure.gravatar.com\/avatar\/3f79bc8336367a4e6093eae8757acaaf61d1124834b905616de7829b0273426d?s=96&d=mm&r=g","contentUrl":"https:\/\/secure.gravatar.com\/avatar\/3f79bc8336367a4e6093eae8757acaaf61d1124834b905616de7829b0273426d?s=96&d=mm&r=g","caption":"Blanca"},"url":"https:\/\/redamlo.com\/index.php\/author\/blanca\/"}]}},"_links":{"self":[{"href":"https:\/\/redamlo.com\/index.php\/wp-json\/wp\/v2\/posts\/625","targetHints":{"allow":["GET"]}}],"collection":[{"href":"https:\/\/redamlo.com\/index.php\/wp-json\/wp\/v2\/posts"}],"about":[{"href":"https:\/\/redamlo.com\/index.php\/wp-json\/wp\/v2\/types\/post"}],"author":[{"embeddable":true,"href":"https:\/\/redamlo.com\/index.php\/wp-json\/wp\/v2\/users\/2"}],"replies":[{"embeddable":true,"href":"https:\/\/redamlo.com\/index.php\/wp-json\/wp\/v2\/comments?post=625"}],"version-history":[{"count":0,"href":"https:\/\/redamlo.com\/index.php\/wp-json\/wp\/v2\/posts\/625\/revisions"}],"wp:featuredmedia":[{"embeddable":true,"href":"https:\/\/redamlo.com\/index.php\/wp-json\/wp\/v2\/media\/627"}],"wp:attachment":[{"href":"https:\/\/redamlo.com\/index.php\/wp-json\/wp\/v2\/media?parent=625"}],"wp:term":[{"taxonomy":"category","embeddable":true,"href":"https:\/\/redamlo.com\/index.php\/wp-json\/wp\/v2\/categories?post=625"},{"taxonomy":"post_tag","embeddable":true,"href":"https:\/\/redamlo.com\/index.php\/wp-json\/wp\/v2\/tags?post=625"}],"curies":[{"name":"wp","href":"https:\/\/api.w.org\/{rel}","templated":true}]}}