{"id":622,"date":"2019-10-18T17:09:42","date_gmt":"2019-10-18T22:09:42","guid":{"rendered":"http:\/\/redamlo.com\/?p=622"},"modified":"2019-10-18T17:09:42","modified_gmt":"2019-10-18T22:09:42","slug":"encuesta-ciudadana-estas-de-acuerdo-con-la-decision-de-amlo-de-liberar-al-hijo-del-chapo","status":"publish","type":"post","link":"https:\/\/redamlo.com\/index.php\/2019\/10\/18\/encuesta-ciudadana-estas-de-acuerdo-con-la-decision-de-amlo-de-liberar-al-hijo-del-chapo\/","title":{"rendered":"Encuesta Ciudadana \u00bfEstas de acuerdo con la decisi\u00f3n de AMLO de liberar al Hijo del Chapo?"},"content":{"rendered":"<h2>Ciudad de M\u00e9xico a 18 de Octubre 2019 (Cdmx Press).-<\/h2>\n<h2>Por Luis Antonio Gonz\u00e1lez Montes.<\/h2>\n<p>&nbsp;<\/p>\n<blockquote>\n<p class=\"summary-text\"><strong><span style=\"color: #000000;\">\u2018No queremos muertos y eso le cuesta trabajo entenderlos a muchos\u2019<\/span><\/strong><\/p>\n<\/blockquote>\n<div>\n<p>Durante la conferencia ma\u00f1anera, desde <strong>Oaxaca<\/strong>, el presidente de M\u00e9xico, <strong>Andr\u00e9s Manuel L\u00f3pez Obrador<\/strong>, asegur\u00f3 que la decisi\u00f3n de liberar Ovidio Guzm\u00e1n, se tom\u00f3 para proteger a la ciudadan\u00eda . \u2018No se trata de masacres, eso ya se termin\u00f3\u2019, indic\u00f3.<\/p>\n<blockquote><p><strong><span style=\"color: #000000;\">\u201cLa decisi\u00f3n se tom\u00f3 para proteger a los ciudadanos, no se puede apagar el fuego con el fuego\u201d.<\/span><\/strong><\/p><\/blockquote>\n<\/div>\n<blockquote>\n<div><\/div>\n<div>\n<p><span style=\"color: #000000;\"><strong>\u201cNada por la fuerza, todo por la raz\u00f3n, preferimos proteger a las familias de los ciudadanos que retenes a un criminal\u201d<\/strong><\/span><span style=\"color: #000000;\"><strong>\u201cSe dej\u00f3 crecer mucho esto, tenemos que enfrentar dos mafias, la de cuello blanco y las bandas de la delincuencia, llamada, organizada\u201d<\/strong><\/span><\/p>\n<p>Reiter\u00f3 que no puede valer m\u00e1s la captura de un delincuente que la vida de las personas por lo que respald\u00f3 la decisi\u00f3n de su Gabinete de Seguridad, a quienes manifest\u00f3 suma confianza.<\/p>\n<\/div>\n<p><strong>ANTE ESTAS DECLARACIONES QUE DICEN LOS MEXICANOS<\/strong><\/p>\n<p>A continuaci\u00f3n presentamos a ustedes una encuesta de opini\u00f3n.<\/p>\n<p>Responde y Comparte<\/p><\/blockquote>\n<p><script type=\"text\/javascript\">\n(function(d,s,id,u){\n  if (d.getElementById(id)) return;\n  var js, sjs = d.getElementsByTagName(s)[0],\n      t = Math.floor(new Date().getTime() \/ 1000000);\n  js=d.createElement(s); js.id=id; js.async=1; js.src=u+'?'+t;\n  sjs.parentNode.insertBefore(js, sjs);\n}(document, 'script', 'os-widget-jssdk', 'https:\/\/www.opinionstage.com\/assets\/loader.js'));\n<\/script><\/p>\n<div id=\"os-widget-578869\" class=\"os_poll\" data-path=\"\/polls\/2576828\"><\/div>\n","protected":false},"excerpt":{"rendered":"<p>Ciudad de M\u00e9xico a 18 de Octubre 2019 (Cdmx Press).- Por Luis Antonio Gonz\u00e1lez Montes&#8230;.<\/p>\n","protected":false},"author":2,"featured_media":624,"comment_status":"open","ping_status":"closed","sticky":false,"template":"","format":"standard","meta":{"footnotes":""},"categories":[312,20,27,33],"tags":[],"class_list":["post-622","post","type-post","status-publish","format-standard","has-post-thumbnail","hentry","category-justicia","category-nacionales","category-presidencia","category-seguridad"],"yoast_head":"<!-- This site is optimized with the Yoast SEO plugin v27.5 - https:\/\/yoast.com\/product\/yoast-seo-wordpress\/ -->\n<title>Encuesta Ciudadana \u00bfEstas de acuerdo con la decisi\u00f3n de AMLO de liberar al Hijo del Chapo? - NOTICIAS DE LA 4T<\/title>\n<meta name=\"robots\" content=\"noindex, follow, max-snippet:-1, max-image-preview:large, max-video-preview:-1\" \/>\n<meta property=\"og:locale\" content=\"es_MX\" \/>\n<meta property=\"og:type\" content=\"article\" \/>\n<meta property=\"og:title\" content=\"Encuesta Ciudadana \u00bfEstas de acuerdo con la decisi\u00f3n de AMLO de liberar al Hijo del Chapo? - NOTICIAS DE LA 4T\" \/>\n<meta property=\"og:description\" content=\"Ciudad de M\u00e9xico a 18 de Octubre 2019 (Cdmx Press).- Por Luis Antonio Gonz\u00e1lez Montes....\" \/>\n<meta property=\"og:url\" content=\"https:\/\/redamlo.com\/index.php\/2019\/10\/18\/encuesta-ciudadana-estas-de-acuerdo-con-la-decision-de-amlo-de-liberar-al-hijo-del-chapo\/\" \/>\n<meta property=\"og:site_name\" content=\"NOTICIAS DE LA 4T\" \/>\n<meta property=\"article:published_time\" content=\"2019-10-18T22:09:42+00:00\" \/>\n<meta property=\"og:image\" content=\"https:\/\/redamlo.com\/wp-content\/uploads\/2019\/10\/gobierno-de-mexico-AMLO-CDMXPRESS.jpg\" \/>\n\t<meta property=\"og:image:width\" content=\"621\" \/>\n\t<meta property=\"og:image:height\" content=\"354\" \/>\n\t<meta property=\"og:image:type\" content=\"image\/jpeg\" \/>\n<meta name=\"author\" content=\"Blanca\" \/>\n<meta name=\"twitter:card\" content=\"summary_large_image\" \/>\n<meta name=\"twitter:label1\" content=\"Escrito por\" \/>\n\t<meta name=\"twitter:data1\" content=\"Blanca\" \/>\n\t<meta name=\"twitter:label2\" content=\"Tiempo de lectura\" \/>\n\t<meta name=\"twitter:data2\" content=\"1 minuto\" \/>\n<script type=\"application\/ld+json\" class=\"yoast-schema-graph\">{\"@context\":\"https:\\\/\\\/schema.org\",\"@graph\":[{\"@type\":\"Article\",\"@id\":\"https:\\\/\\\/redamlo.com\\\/index.php\\\/2019\\\/10\\\/18\\\/encuesta-ciudadana-estas-de-acuerdo-con-la-decision-de-amlo-de-liberar-al-hijo-del-chapo\\\/#article\",\"isPartOf\":{\"@id\":\"https:\\\/\\\/redamlo.com\\\/index.php\\\/2019\\\/10\\\/18\\\/encuesta-ciudadana-estas-de-acuerdo-con-la-decision-de-amlo-de-liberar-al-hijo-del-chapo\\\/\"},\"author\":{\"name\":\"Blanca\",\"@id\":\"https:\\\/\\\/redamlo.com\\\/#\\\/schema\\\/person\\\/7223a4375eb8f1a782fcae010a7115cf\"},\"headline\":\"Encuesta Ciudadana \u00bfEstas de acuerdo con la decisi\u00f3n de AMLO de liberar al Hijo del Chapo?\",\"datePublished\":\"2019-10-18T22:09:42+00:00\",\"mainEntityOfPage\":{\"@id\":\"https:\\\/\\\/redamlo.com\\\/index.php\\\/2019\\\/10\\\/18\\\/encuesta-ciudadana-estas-de-acuerdo-con-la-decision-de-amlo-de-liberar-al-hijo-del-chapo\\\/\"},\"wordCount\":210,\"commentCount\":0,\"publisher\":{\"@id\":\"https:\\\/\\\/redamlo.com\\\/#organization\"},\"image\":{\"@id\":\"https:\\\/\\\/redamlo.com\\\/index.php\\\/2019\\\/10\\\/18\\\/encuesta-ciudadana-estas-de-acuerdo-con-la-decision-de-amlo-de-liberar-al-hijo-del-chapo\\\/#primaryimage\"},\"thumbnailUrl\":\"https:\\\/\\\/redamlo.com\\\/wp-content\\\/uploads\\\/2019\\\/10\\\/gobierno-de-mexico-AMLO-CDMXPRESS.jpg\",\"articleSection\":[\"Justicia\",\"Nacionales\",\"Presidencia\",\"Seguridad\"],\"inLanguage\":\"es\",\"potentialAction\":[{\"@type\":\"CommentAction\",\"name\":\"Comment\",\"target\":[\"https:\\\/\\\/redamlo.com\\\/index.php\\\/2019\\\/10\\\/18\\\/encuesta-ciudadana-estas-de-acuerdo-con-la-decision-de-amlo-de-liberar-al-hijo-del-chapo\\\/#respond\"]}]},{\"@type\":\"WebPage\",\"@id\":\"https:\\\/\\\/redamlo.com\\\/index.php\\\/2019\\\/10\\\/18\\\/encuesta-ciudadana-estas-de-acuerdo-con-la-decision-de-amlo-de-liberar-al-hijo-del-chapo\\\/\",\"url\":\"https:\\\/\\\/redamlo.com\\\/index.php\\\/2019\\\/10\\\/18\\\/encuesta-ciudadana-estas-de-acuerdo-con-la-decision-de-amlo-de-liberar-al-hijo-del-chapo\\\/\",\"name\":\"Encuesta Ciudadana \u00bfEstas de acuerdo con la decisi\u00f3n de AMLO de liberar al Hijo del Chapo? - NOTICIAS DE LA 4T\",\"isPartOf\":{\"@id\":\"https:\\\/\\\/redamlo.com\\\/#website\"},\"primaryImageOfPage\":{\"@id\":\"https:\\\/\\\/redamlo.com\\\/index.php\\\/2019\\\/10\\\/18\\\/encuesta-ciudadana-estas-de-acuerdo-con-la-decision-de-amlo-de-liberar-al-hijo-del-chapo\\\/#primaryimage\"},\"image\":{\"@id\":\"https:\\\/\\\/redamlo.com\\\/index.php\\\/2019\\\/10\\\/18\\\/encuesta-ciudadana-estas-de-acuerdo-con-la-decision-de-amlo-de-liberar-al-hijo-del-chapo\\\/#primaryimage\"},\"thumbnailUrl\":\"https:\\\/\\\/redamlo.com\\\/wp-content\\\/uploads\\\/2019\\\/10\\\/gobierno-de-mexico-AMLO-CDMXPRESS.jpg\",\"datePublished\":\"2019-10-18T22:09:42+00:00\",\"breadcrumb\":{\"@id\":\"https:\\\/\\\/redamlo.com\\\/index.php\\\/2019\\\/10\\\/18\\\/encuesta-ciudadana-estas-de-acuerdo-con-la-decision-de-amlo-de-liberar-al-hijo-del-chapo\\\/#breadcrumb\"},\"inLanguage\":\"es\",\"potentialAction\":[{\"@type\":\"ReadAction\",\"target\":[\"https:\\\/\\\/redamlo.com\\\/index.php\\\/2019\\\/10\\\/18\\\/encuesta-ciudadana-estas-de-acuerdo-con-la-decision-de-amlo-de-liberar-al-hijo-del-chapo\\\/\"]}]},{\"@type\":\"ImageObject\",\"inLanguage\":\"es\",\"@id\":\"https:\\\/\\\/redamlo.com\\\/index.php\\\/2019\\\/10\\\/18\\\/encuesta-ciudadana-estas-de-acuerdo-con-la-decision-de-amlo-de-liberar-al-hijo-del-chapo\\\/#primaryimage\",\"url\":\"https:\\\/\\\/redamlo.com\\\/wp-content\\\/uploads\\\/2019\\\/10\\\/gobierno-de-mexico-AMLO-CDMXPRESS.jpg\",\"contentUrl\":\"https:\\\/\\\/redamlo.com\\\/wp-content\\\/uploads\\\/2019\\\/10\\\/gobierno-de-mexico-AMLO-CDMXPRESS.jpg\",\"width\":621,\"height\":354},{\"@type\":\"BreadcrumbList\",\"@id\":\"https:\\\/\\\/redamlo.com\\\/index.php\\\/2019\\\/10\\\/18\\\/encuesta-ciudadana-estas-de-acuerdo-con-la-decision-de-amlo-de-liberar-al-hijo-del-chapo\\\/#breadcrumb\",\"itemListElement\":[{\"@type\":\"ListItem\",\"position\":1,\"name\":\"Inicio\",\"item\":\"https:\\\/\\\/redamlo.com\\\/\"},{\"@type\":\"ListItem\",\"position\":2,\"name\":\"Encuesta Ciudadana \u00bfEstas de acuerdo con la decisi\u00f3n de AMLO de liberar al Hijo del Chapo?\"}]},{\"@type\":\"WebSite\",\"@id\":\"https:\\\/\\\/redamlo.com\\\/#website\",\"url\":\"https:\\\/\\\/redamlo.com\\\/\",\"name\":\"NOTICIAS DE LA 4T\",\"description\":\"\",\"publisher\":{\"@id\":\"https:\\\/\\\/redamlo.com\\\/#organization\"},\"potentialAction\":[{\"@type\":\"SearchAction\",\"target\":{\"@type\":\"EntryPoint\",\"urlTemplate\":\"https:\\\/\\\/redamlo.com\\\/?s={search_term_string}\"},\"query-input\":{\"@type\":\"PropertyValueSpecification\",\"valueRequired\":true,\"valueName\":\"search_term_string\"}}],\"inLanguage\":\"es\"},{\"@type\":\"Organization\",\"@id\":\"https:\\\/\\\/redamlo.com\\\/#organization\",\"name\":\"NOTICIAS DE LA 4T\",\"url\":\"https:\\\/\\\/redamlo.com\\\/\",\"logo\":{\"@type\":\"ImageObject\",\"inLanguage\":\"es\",\"@id\":\"https:\\\/\\\/redamlo.com\\\/#\\\/schema\\\/logo\\\/image\\\/\",\"url\":\"https:\\\/\\\/redamlo.com\\\/wp-content\\\/uploads\\\/2024\\\/08\\\/cropped-RED-AMLO-logo-50.png\",\"contentUrl\":\"https:\\\/\\\/redamlo.com\\\/wp-content\\\/uploads\\\/2024\\\/08\\\/cropped-RED-AMLO-logo-50.png\",\"width\":256,\"height\":256,\"caption\":\"NOTICIAS DE LA 4T\"},\"image\":{\"@id\":\"https:\\\/\\\/redamlo.com\\\/#\\\/schema\\\/logo\\\/image\\\/\"}},{\"@type\":\"Person\",\"@id\":\"https:\\\/\\\/redamlo.com\\\/#\\\/schema\\\/person\\\/7223a4375eb8f1a782fcae010a7115cf\",\"name\":\"Blanca\",\"image\":{\"@type\":\"ImageObject\",\"inLanguage\":\"es\",\"@id\":\"https:\\\/\\\/secure.gravatar.com\\\/avatar\\\/3f79bc8336367a4e6093eae8757acaaf61d1124834b905616de7829b0273426d?s=96&d=mm&r=g\",\"url\":\"https:\\\/\\\/secure.gravatar.com\\\/avatar\\\/3f79bc8336367a4e6093eae8757acaaf61d1124834b905616de7829b0273426d?s=96&d=mm&r=g\",\"contentUrl\":\"https:\\\/\\\/secure.gravatar.com\\\/avatar\\\/3f79bc8336367a4e6093eae8757acaaf61d1124834b905616de7829b0273426d?s=96&d=mm&r=g\",\"caption\":\"Blanca\"},\"url\":\"https:\\\/\\\/redamlo.com\\\/index.php\\\/author\\\/blanca\\\/\"}]}<\/script>\n<!-- \/ Yoast SEO plugin. -->","yoast_head_json":{"title":"Encuesta Ciudadana \u00bfEstas de acuerdo con la decisi\u00f3n de AMLO de liberar al Hijo del Chapo? - NOTICIAS DE LA 4T","robots":{"index":"noindex","follow":"follow","max-snippet":"max-snippet:-1","max-image-preview":"max-image-preview:large","max-video-preview":"max-video-preview:-1"},"og_locale":"es_MX","og_type":"article","og_title":"Encuesta Ciudadana \u00bfEstas de acuerdo con la decisi\u00f3n de AMLO de liberar al Hijo del Chapo? - NOTICIAS DE LA 4T","og_description":"Ciudad de M\u00e9xico a 18 de Octubre 2019 (Cdmx Press).- Por Luis Antonio Gonz\u00e1lez Montes....","og_url":"https:\/\/redamlo.com\/index.php\/2019\/10\/18\/encuesta-ciudadana-estas-de-acuerdo-con-la-decision-de-amlo-de-liberar-al-hijo-del-chapo\/","og_site_name":"NOTICIAS DE LA 4T","article_published_time":"2019-10-18T22:09:42+00:00","og_image":[{"width":621,"height":354,"url":"https:\/\/redamlo.com\/wp-content\/uploads\/2019\/10\/gobierno-de-mexico-AMLO-CDMXPRESS.jpg","type":"image\/jpeg"}],"author":"Blanca","twitter_card":"summary_large_image","twitter_misc":{"Escrito por":"Blanca","Tiempo de lectura":"1 minuto"},"schema":{"@context":"https:\/\/schema.org","@graph":[{"@type":"Article","@id":"https:\/\/redamlo.com\/index.php\/2019\/10\/18\/encuesta-ciudadana-estas-de-acuerdo-con-la-decision-de-amlo-de-liberar-al-hijo-del-chapo\/#article","isPartOf":{"@id":"https:\/\/redamlo.com\/index.php\/2019\/10\/18\/encuesta-ciudadana-estas-de-acuerdo-con-la-decision-de-amlo-de-liberar-al-hijo-del-chapo\/"},"author":{"name":"Blanca","@id":"https:\/\/redamlo.com\/#\/schema\/person\/7223a4375eb8f1a782fcae010a7115cf"},"headline":"Encuesta Ciudadana \u00bfEstas de acuerdo con la decisi\u00f3n de AMLO de liberar al Hijo del Chapo?","datePublished":"2019-10-18T22:09:42+00:00","mainEntityOfPage":{"@id":"https:\/\/redamlo.com\/index.php\/2019\/10\/18\/encuesta-ciudadana-estas-de-acuerdo-con-la-decision-de-amlo-de-liberar-al-hijo-del-chapo\/"},"wordCount":210,"commentCount":0,"publisher":{"@id":"https:\/\/redamlo.com\/#organization"},"image":{"@id":"https:\/\/redamlo.com\/index.php\/2019\/10\/18\/encuesta-ciudadana-estas-de-acuerdo-con-la-decision-de-amlo-de-liberar-al-hijo-del-chapo\/#primaryimage"},"thumbnailUrl":"https:\/\/redamlo.com\/wp-content\/uploads\/2019\/10\/gobierno-de-mexico-AMLO-CDMXPRESS.jpg","articleSection":["Justicia","Nacionales","Presidencia","Seguridad"],"inLanguage":"es","potentialAction":[{"@type":"CommentAction","name":"Comment","target":["https:\/\/redamlo.com\/index.php\/2019\/10\/18\/encuesta-ciudadana-estas-de-acuerdo-con-la-decision-de-amlo-de-liberar-al-hijo-del-chapo\/#respond"]}]},{"@type":"WebPage","@id":"https:\/\/redamlo.com\/index.php\/2019\/10\/18\/encuesta-ciudadana-estas-de-acuerdo-con-la-decision-de-amlo-de-liberar-al-hijo-del-chapo\/","url":"https:\/\/redamlo.com\/index.php\/2019\/10\/18\/encuesta-ciudadana-estas-de-acuerdo-con-la-decision-de-amlo-de-liberar-al-hijo-del-chapo\/","name":"Encuesta Ciudadana \u00bfEstas de acuerdo con la decisi\u00f3n de AMLO de liberar al Hijo del Chapo? - NOTICIAS DE LA 4T","isPartOf":{"@id":"https:\/\/redamlo.com\/#website"},"primaryImageOfPage":{"@id":"https:\/\/redamlo.com\/index.php\/2019\/10\/18\/encuesta-ciudadana-estas-de-acuerdo-con-la-decision-de-amlo-de-liberar-al-hijo-del-chapo\/#primaryimage"},"image":{"@id":"https:\/\/redamlo.com\/index.php\/2019\/10\/18\/encuesta-ciudadana-estas-de-acuerdo-con-la-decision-de-amlo-de-liberar-al-hijo-del-chapo\/#primaryimage"},"thumbnailUrl":"https:\/\/redamlo.com\/wp-content\/uploads\/2019\/10\/gobierno-de-mexico-AMLO-CDMXPRESS.jpg","datePublished":"2019-10-18T22:09:42+00:00","breadcrumb":{"@id":"https:\/\/redamlo.com\/index.php\/2019\/10\/18\/encuesta-ciudadana-estas-de-acuerdo-con-la-decision-de-amlo-de-liberar-al-hijo-del-chapo\/#breadcrumb"},"inLanguage":"es","potentialAction":[{"@type":"ReadAction","target":["https:\/\/redamlo.com\/index.php\/2019\/10\/18\/encuesta-ciudadana-estas-de-acuerdo-con-la-decision-de-amlo-de-liberar-al-hijo-del-chapo\/"]}]},{"@type":"ImageObject","inLanguage":"es","@id":"https:\/\/redamlo.com\/index.php\/2019\/10\/18\/encuesta-ciudadana-estas-de-acuerdo-con-la-decision-de-amlo-de-liberar-al-hijo-del-chapo\/#primaryimage","url":"https:\/\/redamlo.com\/wp-content\/uploads\/2019\/10\/gobierno-de-mexico-AMLO-CDMXPRESS.jpg","contentUrl":"https:\/\/redamlo.com\/wp-content\/uploads\/2019\/10\/gobierno-de-mexico-AMLO-CDMXPRESS.jpg","width":621,"height":354},{"@type":"BreadcrumbList","@id":"https:\/\/redamlo.com\/index.php\/2019\/10\/18\/encuesta-ciudadana-estas-de-acuerdo-con-la-decision-de-amlo-de-liberar-al-hijo-del-chapo\/#breadcrumb","itemListElement":[{"@type":"ListItem","position":1,"name":"Inicio","item":"https:\/\/redamlo.com\/"},{"@type":"ListItem","position":2,"name":"Encuesta Ciudadana \u00bfEstas de acuerdo con la decisi\u00f3n de AMLO de liberar al Hijo del Chapo?"}]},{"@type":"WebSite","@id":"https:\/\/redamlo.com\/#website","url":"https:\/\/redamlo.com\/","name":"NOTICIAS DE LA 4T","description":"","publisher":{"@id":"https:\/\/redamlo.com\/#organization"},"potentialAction":[{"@type":"SearchAction","target":{"@type":"EntryPoint","urlTemplate":"https:\/\/redamlo.com\/?s={search_term_string}"},"query-input":{"@type":"PropertyValueSpecification","valueRequired":true,"valueName":"search_term_string"}}],"inLanguage":"es"},{"@type":"Organization","@id":"https:\/\/redamlo.com\/#organization","name":"NOTICIAS DE LA 4T","url":"https:\/\/redamlo.com\/","logo":{"@type":"ImageObject","inLanguage":"es","@id":"https:\/\/redamlo.com\/#\/schema\/logo\/image\/","url":"https:\/\/redamlo.com\/wp-content\/uploads\/2024\/08\/cropped-RED-AMLO-logo-50.png","contentUrl":"https:\/\/redamlo.com\/wp-content\/uploads\/2024\/08\/cropped-RED-AMLO-logo-50.png","width":256,"height":256,"caption":"NOTICIAS DE LA 4T"},"image":{"@id":"https:\/\/redamlo.com\/#\/schema\/logo\/image\/"}},{"@type":"Person","@id":"https:\/\/redamlo.com\/#\/schema\/person\/7223a4375eb8f1a782fcae010a7115cf","name":"Blanca","image":{"@type":"ImageObject","inLanguage":"es","@id":"https:\/\/secure.gravatar.com\/avatar\/3f79bc8336367a4e6093eae8757acaaf61d1124834b905616de7829b0273426d?s=96&d=mm&r=g","url":"https:\/\/secure.gravatar.com\/avatar\/3f79bc8336367a4e6093eae8757acaaf61d1124834b905616de7829b0273426d?s=96&d=mm&r=g","contentUrl":"https:\/\/secure.gravatar.com\/avatar\/3f79bc8336367a4e6093eae8757acaaf61d1124834b905616de7829b0273426d?s=96&d=mm&r=g","caption":"Blanca"},"url":"https:\/\/redamlo.com\/index.php\/author\/blanca\/"}]}},"_links":{"self":[{"href":"https:\/\/redamlo.com\/index.php\/wp-json\/wp\/v2\/posts\/622","targetHints":{"allow":["GET"]}}],"collection":[{"href":"https:\/\/redamlo.com\/index.php\/wp-json\/wp\/v2\/posts"}],"about":[{"href":"https:\/\/redamlo.com\/index.php\/wp-json\/wp\/v2\/types\/post"}],"author":[{"embeddable":true,"href":"https:\/\/redamlo.com\/index.php\/wp-json\/wp\/v2\/users\/2"}],"replies":[{"embeddable":true,"href":"https:\/\/redamlo.com\/index.php\/wp-json\/wp\/v2\/comments?post=622"}],"version-history":[{"count":0,"href":"https:\/\/redamlo.com\/index.php\/wp-json\/wp\/v2\/posts\/622\/revisions"}],"wp:featuredmedia":[{"embeddable":true,"href":"https:\/\/redamlo.com\/index.php\/wp-json\/wp\/v2\/media\/624"}],"wp:attachment":[{"href":"https:\/\/redamlo.com\/index.php\/wp-json\/wp\/v2\/media?parent=622"}],"wp:term":[{"taxonomy":"category","embeddable":true,"href":"https:\/\/redamlo.com\/index.php\/wp-json\/wp\/v2\/categories?post=622"},{"taxonomy":"post_tag","embeddable":true,"href":"https:\/\/redamlo.com\/index.php\/wp-json\/wp\/v2\/tags?post=622"}],"curies":[{"name":"wp","href":"https:\/\/api.w.org\/{rel}","templated":true}]}}