{"id":6196,"date":"2022-03-23T13:09:22","date_gmt":"2022-03-23T19:09:22","guid":{"rendered":"https:\/\/redamlo.com\/?p=6196"},"modified":"2022-03-23T13:09:22","modified_gmt":"2022-03-23T19:09:22","slug":"amlo-califica-de-conservadores-y-fifis-a-artistas-que-participaron-en-campana-vs-tren-maya","status":"publish","type":"post","link":"https:\/\/redamlo.com\/index.php\/2022\/03\/23\/amlo-califica-de-conservadores-y-fifis-a-artistas-que-participaron-en-campana-vs-tren-maya\/","title":{"rendered":"AMLO califica de \u2018conservadores\u2019 y \u2018fifis\u2019 a artistas que participaron en campa\u00f1a vs. Tren Maya"},"content":{"rendered":"\n\n<strong>Realidades.- Celebridades como Eugenio Derbez y Sa\u00fal Hern\u00e1ndez participaron en la campa\u00f1a #S\u00e9lvameDelTren, que denuncia la destrucci\u00f3n de flora en zonas donde se construye el proyecto.<\/strong>\n\n \n\nEl presidente Andr\u00e9s Manuel L\u00f3pez Obrador calific\u00f3 de \u201c<strong>conservadores<\/strong>\u201d y \u201c<strong>fifis<\/strong>\u201d a los artistas e influencers que participaron en la campa\u00f1a\u00a0<a href=\"https:\/\/www.elfinanciero.com.mx\/nacional\/2022\/03\/22\/famosos-lanzan-campana-contra-tramo-del-tren-maya-que-destruira-sistema-de-rios-subterraneos\/\" target=\"_blank\" rel=\"noreferrer noopener\"><strong>#S\u00e9lvameDelTren<\/strong><\/a>.\n\n<img decoding=\"async\" src=\"https:\/\/www.eluniversal.com.mx\/sites\/default\/files\/2022\/03\/22\/tren_maya_famosos_en_contra.jpg\" alt=\"Google Noticias\" \/>\n\n \n<figure class=\"wp-block-embed is-type-video is-provider-youtube wp-block-embed-youtube wp-embed-aspect-16-9 wp-has-aspect-ratio\">\n<div class=\"wp-block-embed__wrapper\">https:\/\/youtu.be\/qn1o1GDGduA<\/div><\/figure>\n \n\nDurante la conferencia de prensa matutina de este mi\u00e9rcoles, el mandatario asegur\u00f3 que una vez que se inaugur\u00f3 el\u00a0<a href=\"https:\/\/www.elfinanciero.com.mx\/nacional\/2022\/03\/21\/si-se-pudo-amlo-inaugura-el-aifa-sigue-el-minuto-a-minuto\/\" target=\"_blank\" rel=\"noreferrer noopener\">Aeropuerto Internacional Felipe \u00c1ngeles<\/a>, sus adversarios ahora realizan una\u00a0<strong>cruzada contra el Tren Maya<\/strong>, contratando o convenciendo a artistas y pseudoambientalistas.\n\n \n\n\u201cAhora es el Tren Maya,\u00a0<strong>convencen o contratan a artistas, pseudoambientalistas, supuestamente preocupados por la defensa del Medio Ambiente<\/strong>\u00a0y empiezan una campa\u00f1a en contra del Tren Maya\u201d, afirm\u00f3.\n\n \n\n&nbsp;\n\n \n<h2 class=\"wp-block-heading\"><a href=\"https:\/\/www.elfinanciero.com.mx\/nacional\/2022\/03\/22\/famosos-lanzan-campana-contra-tramo-del-tren-maya-que-destruira-sistema-de-rios-subterraneos\/\">Famosos lanzan campa\u00f1a contra tramo del Tren Maya; \u2018destruir\u00e1 r\u00edos subterr\u00e1neos\u2019, dicen<\/a><\/h2>\n \n\n<hr class=\"wp-block-separator\" \/>\n\n \n\nEn este contexto, el titular del Ejecutivo record\u00f3 las acciones que su administraci\u00f3n est\u00e1 realizando para\u00a0<strong>mitigar<\/strong>\u00a0las\u00a0<strong>deforestaci\u00f3n que est\u00e1 ocasionando la construcci\u00f3n del Tren Maya<\/strong>\u00a0y cuestion\u00f3 a los participantes de la campa\u00f1a\u00a0<strong>#S\u00e9lvameDelTren\u00a0<\/strong>su silencio durante las ecocidios que se realizaron el periodo neoliberal.\n\n<img decoding=\"async\" src=\"https:\/\/www.jorgecastronoriega.com\/wp-content\/uploads\/2022\/03\/campana-greenpeace-tren-maya-360x180.jpg\" alt=\"CALIFICA AMLO COMO &quot;CONSERVADORES&quot; Y &quot;FIFIS&quot; A PARTICIPANTES DE LA CAMPA\u00d1A  #SelvameDelTren - Jorge Castro Digital\" \/>\n\n \n<figure class=\"wp-block-embed is-type-video is-provider-youtube wp-block-embed-youtube wp-embed-aspect-16-9 wp-has-aspect-ratio\">\n<div class=\"wp-block-embed__wrapper\">https:\/\/youtu.be\/FOjXpISDpKU<\/div><\/figure>\n \n\n\u201cAyer mismo se declar\u00f3 como<a href=\"https:\/\/www.elfinanciero.com.mx\/nacional\/2022\/03\/22\/amlo-declara-al-lago-de-texcoco-como-area-natural-protegida\/\" target=\"_blank\" rel=\"noreferrer noopener\">\u00a0zona de reserva natural el Lago de Texcoco<\/a>,\u00a0<strong>cu\u00e1ndo estos artistas pseudoambientalistas se pronunciaron por la destrucci\u00f3n que se iba a llevar a cabo en el Lago de Texcoco.<\/strong>\u00a0\u00bfCu\u00e1ndo? Estamos hablando del lago con m\u00e1s historia, que es el origen de M\u00e9xico, \u00bfCu\u00e1ndo dijeron algo?\u00a0<strong>\u00a1Nunca!<\/strong>\u00a0\u00bfCu\u00e1ndo dijeron algo durante el periodo neoliberal que los gobierno entregaron el 60 por ciento del territorio nacional para la explotaci\u00f3n minera?\u201d, cuestion\u00f3.\n\n \n<figure class=\"wp-block-image size-large is-resized\"><img loading=\"lazy\" decoding=\"async\" class=\"wp-image-42446\" src=\"https:\/\/realidadesqroo.files.wordpress.com\/2022\/03\/image-324.png?w=500\" alt=\"\" width=\"734\" height=\"480\" \/><\/figure>\n \n\n\u201cEstamos sembrando como nunca \u00e1rboles a lo largo de toda la ruta del Tren Maya, 200 mil hect\u00e1reas de \u00e1rboles, y<strong>\u00a0la brecha que se est\u00e1 abriendo para un tramo de 50 kil\u00f3metros es el equivalente a 100 hect\u00e1reas<\/strong>\u00a0y estamos sembrando 200 mil y se est\u00e1 creando en el sureste tres parques de 18 mil hect\u00e1reas, reservas naturales\u201d, agreg\u00f3.\n\n \n\nL\u00f3pez Obrador detall\u00f3 en\u00a0<strong>Tulum<\/strong>\u00a0se crear\u00e1 un parque de m\u00e1s de mil hect\u00e1reas, llamado \u2018<strong>El parque del Jaguar<\/strong>\u2019; adem\u00e1s de una ampliaci\u00f3n de la reserva natural de\u00a0<strong>Calakmul\u00a0<\/strong>y 2 mil 200 hect\u00e1reas de reserva natural en la zona arqueol\u00f3gica de Uxmal.\n\n \n<figure class=\"wp-block-image size-large\"><img decoding=\"async\" class=\"wp-image-42448\" src=\"https:\/\/realidadesqroo.files.wordpress.com\/2022\/03\/image-325.png?w=512\" alt=\"\" \/><\/figure>\n \n<h2 class=\"wp-block-heading\"><strong>Famosos lanzan campa\u00f1a contra tramo del Tren Maya<\/strong><\/h2>\n \n\nEn marco del\u00a0<strong>D\u00eda Mundial del Agua<\/strong>,celebridades participaron en la campa\u00f1a<strong>\u00a0#S\u00e9lvameDelTren,<\/strong>\u00a0que denuncia que el m\u00e1s reciente cambio de ruta del Tren Maya ha provocado la destrucci\u00f3n de la flora y fauna de la localidad.\n\n \n<figure class=\"wp-block-embed is-type-rich is-provider-twitter wp-block-embed-twitter\">\n<div class=\"wp-block-embed__wrapper\">https:\/\/twitter.com\/selvamedeltren\/status\/1506348937929711623<\/div><\/figure>\n \n\nEn el video participaron artistas, cantantes e influencers como Eugenio Derbez, Kate del Castillo, Omar Chaparro, Sa\u00fal Hern\u00e1ndez, B\u00e1rbara Mori, entre otros.\n\n \n\nHace un mes la obra insignia de\u00a0<strong>AMLO cambi\u00f3 el tramo cinco del Tren Maya. Este va de Tulum a Canc\u00fan.<\/strong>\u00a0La modificaci\u00f3n no se consulto con especialistas para establecer el impacto ambiental.\n\n \n\n\u2018\u2019Estamos en contra de que el Tren Maya tenga que pasar por una zona protegida\u2019&#8217;, sentenci\u00f3 Sa\u00fal Hern\u00e1ndez, vocalista de Caifanes.\n\n \n\nFuente: <a href=\"https:\/\/www.elfinanciero.com.mx\/nacional\/2022\/03\/23\/amlo-califica-de-conservadores-y-fifis-a-los-artistas-que-participaron-en-campana-contra-el-tren-maya\/?fbclid=IwAR1tUC_P0q7mDdsOOj9yEMEmNiOcFc_xvUeDqMYeE6dXMwNdFsaNzvMnEgU\">elfinanciero.com.mx<\/a>\n\n","protected":false},"excerpt":{"rendered":"<p>Realidades.- Celebridades como Eugenio Derbez y Sa\u00fal Hern\u00e1ndez participaron en la campa\u00f1a #S\u00e9lvameDelTren, que denuncia&#8230;<\/p>\n","protected":false},"author":2,"featured_media":6197,"comment_status":"open","ping_status":"closed","sticky":false,"template":"","format":"standard","meta":{"footnotes":""},"categories":[25,37,20],"tags":[84,2227,2228,1518,2229,192,2182,2230,2231,204],"class_list":["post-6196","post","type-post","status-publish","format-standard","has-post-thumbnail","hentry","category-4t","category-economia","category-nacionales","tag-amlo","tag-artistas","tag-campana-contra","tag-conservadores","tag-conspiracion","tag-corrupcion","tag-fifis","tag-pseudoambientalistas","tag-salvametren","tag-tren-maya"],"yoast_head":"<!-- This site is optimized with the Yoast SEO plugin v27.5 - https:\/\/yoast.com\/product\/yoast-seo-wordpress\/ -->\n<title>AMLO califica de \u2018conservadores\u2019 y \u2018fifis\u2019 a artistas que participaron en campa\u00f1a vs. Tren Maya - NOTICIAS DE LA 4T<\/title>\n<meta name=\"robots\" content=\"noindex, follow, max-snippet:-1, max-image-preview:large, max-video-preview:-1\" \/>\n<meta property=\"og:locale\" content=\"es_MX\" \/>\n<meta property=\"og:type\" content=\"article\" \/>\n<meta property=\"og:title\" content=\"AMLO califica de \u2018conservadores\u2019 y \u2018fifis\u2019 a artistas que participaron en campa\u00f1a vs. Tren Maya - NOTICIAS DE LA 4T\" \/>\n<meta property=\"og:description\" content=\"Realidades.- Celebridades como Eugenio Derbez y Sa\u00fal Hern\u00e1ndez participaron en la campa\u00f1a #S\u00e9lvameDelTren, que denuncia...\" \/>\n<meta property=\"og:url\" content=\"https:\/\/redamlo.com\/index.php\/2022\/03\/23\/amlo-califica-de-conservadores-y-fifis-a-artistas-que-participaron-en-campana-vs-tren-maya\/\" \/>\n<meta property=\"og:site_name\" content=\"NOTICIAS DE LA 4T\" \/>\n<meta property=\"article:published_time\" content=\"2022-03-23T19:09:22+00:00\" \/>\n<meta property=\"og:image\" content=\"https:\/\/redamlo.com\/wp-content\/uploads\/2022\/03\/454-11.png\" \/>\n\t<meta property=\"og:image:width\" content=\"1280\" \/>\n\t<meta property=\"og:image:height\" content=\"720\" \/>\n\t<meta property=\"og:image:type\" content=\"image\/png\" \/>\n<meta name=\"author\" content=\"Blanca\" \/>\n<meta name=\"twitter:card\" content=\"summary_large_image\" \/>\n<meta name=\"twitter:label1\" content=\"Escrito por\" \/>\n\t<meta name=\"twitter:data1\" content=\"Blanca\" \/>\n\t<meta name=\"twitter:label2\" content=\"Tiempo de lectura\" \/>\n\t<meta name=\"twitter:data2\" content=\"3 minutos\" \/>\n<script type=\"application\/ld+json\" class=\"yoast-schema-graph\">{\"@context\":\"https:\\\/\\\/schema.org\",\"@graph\":[{\"@type\":\"Article\",\"@id\":\"https:\\\/\\\/redamlo.com\\\/index.php\\\/2022\\\/03\\\/23\\\/amlo-califica-de-conservadores-y-fifis-a-artistas-que-participaron-en-campana-vs-tren-maya\\\/#article\",\"isPartOf\":{\"@id\":\"https:\\\/\\\/redamlo.com\\\/index.php\\\/2022\\\/03\\\/23\\\/amlo-califica-de-conservadores-y-fifis-a-artistas-que-participaron-en-campana-vs-tren-maya\\\/\"},\"author\":{\"name\":\"Blanca\",\"@id\":\"https:\\\/\\\/redamlo.com\\\/#\\\/schema\\\/person\\\/7223a4375eb8f1a782fcae010a7115cf\"},\"headline\":\"AMLO califica de \u2018conservadores\u2019 y \u2018fifis\u2019 a artistas que participaron en campa\u00f1a vs. Tren Maya\",\"datePublished\":\"2022-03-23T19:09:22+00:00\",\"mainEntityOfPage\":{\"@id\":\"https:\\\/\\\/redamlo.com\\\/index.php\\\/2022\\\/03\\\/23\\\/amlo-califica-de-conservadores-y-fifis-a-artistas-que-participaron-en-campana-vs-tren-maya\\\/\"},\"wordCount\":555,\"commentCount\":0,\"publisher\":{\"@id\":\"https:\\\/\\\/redamlo.com\\\/#organization\"},\"image\":{\"@id\":\"https:\\\/\\\/redamlo.com\\\/index.php\\\/2022\\\/03\\\/23\\\/amlo-califica-de-conservadores-y-fifis-a-artistas-que-participaron-en-campana-vs-tren-maya\\\/#primaryimage\"},\"thumbnailUrl\":\"https:\\\/\\\/redamlo.com\\\/wp-content\\\/uploads\\\/2022\\\/03\\\/454-11.png\",\"keywords\":[\"AMLO\",\"Artistas\",\"Campa\u00f1a Contra\",\"Conservadores\",\"Conspiraci\u00f3n\",\"Corrupcion\",\"Fifis\",\"Pseudoambientalistas\",\"Salvametren\",\"Tren Maya\"],\"articleSection\":[\"4T\",\"Econom\u00eda\",\"Nacionales\"],\"inLanguage\":\"es\",\"potentialAction\":[{\"@type\":\"CommentAction\",\"name\":\"Comment\",\"target\":[\"https:\\\/\\\/redamlo.com\\\/index.php\\\/2022\\\/03\\\/23\\\/amlo-califica-de-conservadores-y-fifis-a-artistas-que-participaron-en-campana-vs-tren-maya\\\/#respond\"]}]},{\"@type\":\"WebPage\",\"@id\":\"https:\\\/\\\/redamlo.com\\\/index.php\\\/2022\\\/03\\\/23\\\/amlo-califica-de-conservadores-y-fifis-a-artistas-que-participaron-en-campana-vs-tren-maya\\\/\",\"url\":\"https:\\\/\\\/redamlo.com\\\/index.php\\\/2022\\\/03\\\/23\\\/amlo-califica-de-conservadores-y-fifis-a-artistas-que-participaron-en-campana-vs-tren-maya\\\/\",\"name\":\"AMLO califica de \u2018conservadores\u2019 y \u2018fifis\u2019 a artistas que participaron en campa\u00f1a vs. Tren Maya - NOTICIAS DE LA 4T\",\"isPartOf\":{\"@id\":\"https:\\\/\\\/redamlo.com\\\/#website\"},\"primaryImageOfPage\":{\"@id\":\"https:\\\/\\\/redamlo.com\\\/index.php\\\/2022\\\/03\\\/23\\\/amlo-califica-de-conservadores-y-fifis-a-artistas-que-participaron-en-campana-vs-tren-maya\\\/#primaryimage\"},\"image\":{\"@id\":\"https:\\\/\\\/redamlo.com\\\/index.php\\\/2022\\\/03\\\/23\\\/amlo-califica-de-conservadores-y-fifis-a-artistas-que-participaron-en-campana-vs-tren-maya\\\/#primaryimage\"},\"thumbnailUrl\":\"https:\\\/\\\/redamlo.com\\\/wp-content\\\/uploads\\\/2022\\\/03\\\/454-11.png\",\"datePublished\":\"2022-03-23T19:09:22+00:00\",\"breadcrumb\":{\"@id\":\"https:\\\/\\\/redamlo.com\\\/index.php\\\/2022\\\/03\\\/23\\\/amlo-califica-de-conservadores-y-fifis-a-artistas-que-participaron-en-campana-vs-tren-maya\\\/#breadcrumb\"},\"inLanguage\":\"es\",\"potentialAction\":[{\"@type\":\"ReadAction\",\"target\":[\"https:\\\/\\\/redamlo.com\\\/index.php\\\/2022\\\/03\\\/23\\\/amlo-califica-de-conservadores-y-fifis-a-artistas-que-participaron-en-campana-vs-tren-maya\\\/\"]}]},{\"@type\":\"ImageObject\",\"inLanguage\":\"es\",\"@id\":\"https:\\\/\\\/redamlo.com\\\/index.php\\\/2022\\\/03\\\/23\\\/amlo-califica-de-conservadores-y-fifis-a-artistas-que-participaron-en-campana-vs-tren-maya\\\/#primaryimage\",\"url\":\"https:\\\/\\\/redamlo.com\\\/wp-content\\\/uploads\\\/2022\\\/03\\\/454-11.png\",\"contentUrl\":\"https:\\\/\\\/redamlo.com\\\/wp-content\\\/uploads\\\/2022\\\/03\\\/454-11.png\",\"width\":1280,\"height\":720},{\"@type\":\"BreadcrumbList\",\"@id\":\"https:\\\/\\\/redamlo.com\\\/index.php\\\/2022\\\/03\\\/23\\\/amlo-califica-de-conservadores-y-fifis-a-artistas-que-participaron-en-campana-vs-tren-maya\\\/#breadcrumb\",\"itemListElement\":[{\"@type\":\"ListItem\",\"position\":1,\"name\":\"Inicio\",\"item\":\"https:\\\/\\\/redamlo.com\\\/\"},{\"@type\":\"ListItem\",\"position\":2,\"name\":\"AMLO califica de \u2018conservadores\u2019 y \u2018fifis\u2019 a artistas que participaron en campa\u00f1a vs. Tren Maya\"}]},{\"@type\":\"WebSite\",\"@id\":\"https:\\\/\\\/redamlo.com\\\/#website\",\"url\":\"https:\\\/\\\/redamlo.com\\\/\",\"name\":\"NOTICIAS DE LA 4T\",\"description\":\"\",\"publisher\":{\"@id\":\"https:\\\/\\\/redamlo.com\\\/#organization\"},\"potentialAction\":[{\"@type\":\"SearchAction\",\"target\":{\"@type\":\"EntryPoint\",\"urlTemplate\":\"https:\\\/\\\/redamlo.com\\\/?s={search_term_string}\"},\"query-input\":{\"@type\":\"PropertyValueSpecification\",\"valueRequired\":true,\"valueName\":\"search_term_string\"}}],\"inLanguage\":\"es\"},{\"@type\":\"Organization\",\"@id\":\"https:\\\/\\\/redamlo.com\\\/#organization\",\"name\":\"NOTICIAS DE LA 4T\",\"url\":\"https:\\\/\\\/redamlo.com\\\/\",\"logo\":{\"@type\":\"ImageObject\",\"inLanguage\":\"es\",\"@id\":\"https:\\\/\\\/redamlo.com\\\/#\\\/schema\\\/logo\\\/image\\\/\",\"url\":\"https:\\\/\\\/redamlo.com\\\/wp-content\\\/uploads\\\/2024\\\/08\\\/cropped-RED-AMLO-logo-50.png\",\"contentUrl\":\"https:\\\/\\\/redamlo.com\\\/wp-content\\\/uploads\\\/2024\\\/08\\\/cropped-RED-AMLO-logo-50.png\",\"width\":256,\"height\":256,\"caption\":\"NOTICIAS DE LA 4T\"},\"image\":{\"@id\":\"https:\\\/\\\/redamlo.com\\\/#\\\/schema\\\/logo\\\/image\\\/\"}},{\"@type\":\"Person\",\"@id\":\"https:\\\/\\\/redamlo.com\\\/#\\\/schema\\\/person\\\/7223a4375eb8f1a782fcae010a7115cf\",\"name\":\"Blanca\",\"image\":{\"@type\":\"ImageObject\",\"inLanguage\":\"es\",\"@id\":\"https:\\\/\\\/secure.gravatar.com\\\/avatar\\\/3f79bc8336367a4e6093eae8757acaaf61d1124834b905616de7829b0273426d?s=96&d=mm&r=g\",\"url\":\"https:\\\/\\\/secure.gravatar.com\\\/avatar\\\/3f79bc8336367a4e6093eae8757acaaf61d1124834b905616de7829b0273426d?s=96&d=mm&r=g\",\"contentUrl\":\"https:\\\/\\\/secure.gravatar.com\\\/avatar\\\/3f79bc8336367a4e6093eae8757acaaf61d1124834b905616de7829b0273426d?s=96&d=mm&r=g\",\"caption\":\"Blanca\"},\"url\":\"https:\\\/\\\/redamlo.com\\\/index.php\\\/author\\\/blanca\\\/\"}]}<\/script>\n<!-- \/ Yoast SEO plugin. -->","yoast_head_json":{"title":"AMLO califica de \u2018conservadores\u2019 y \u2018fifis\u2019 a artistas que participaron en campa\u00f1a vs. Tren Maya - NOTICIAS DE LA 4T","robots":{"index":"noindex","follow":"follow","max-snippet":"max-snippet:-1","max-image-preview":"max-image-preview:large","max-video-preview":"max-video-preview:-1"},"og_locale":"es_MX","og_type":"article","og_title":"AMLO califica de \u2018conservadores\u2019 y \u2018fifis\u2019 a artistas que participaron en campa\u00f1a vs. Tren Maya - NOTICIAS DE LA 4T","og_description":"Realidades.- Celebridades como Eugenio Derbez y Sa\u00fal Hern\u00e1ndez participaron en la campa\u00f1a #S\u00e9lvameDelTren, que denuncia...","og_url":"https:\/\/redamlo.com\/index.php\/2022\/03\/23\/amlo-califica-de-conservadores-y-fifis-a-artistas-que-participaron-en-campana-vs-tren-maya\/","og_site_name":"NOTICIAS DE LA 4T","article_published_time":"2022-03-23T19:09:22+00:00","og_image":[{"width":1280,"height":720,"url":"https:\/\/redamlo.com\/wp-content\/uploads\/2022\/03\/454-11.png","type":"image\/png"}],"author":"Blanca","twitter_card":"summary_large_image","twitter_misc":{"Escrito por":"Blanca","Tiempo de lectura":"3 minutos"},"schema":{"@context":"https:\/\/schema.org","@graph":[{"@type":"Article","@id":"https:\/\/redamlo.com\/index.php\/2022\/03\/23\/amlo-califica-de-conservadores-y-fifis-a-artistas-que-participaron-en-campana-vs-tren-maya\/#article","isPartOf":{"@id":"https:\/\/redamlo.com\/index.php\/2022\/03\/23\/amlo-califica-de-conservadores-y-fifis-a-artistas-que-participaron-en-campana-vs-tren-maya\/"},"author":{"name":"Blanca","@id":"https:\/\/redamlo.com\/#\/schema\/person\/7223a4375eb8f1a782fcae010a7115cf"},"headline":"AMLO califica de \u2018conservadores\u2019 y \u2018fifis\u2019 a artistas que participaron en campa\u00f1a vs. Tren Maya","datePublished":"2022-03-23T19:09:22+00:00","mainEntityOfPage":{"@id":"https:\/\/redamlo.com\/index.php\/2022\/03\/23\/amlo-califica-de-conservadores-y-fifis-a-artistas-que-participaron-en-campana-vs-tren-maya\/"},"wordCount":555,"commentCount":0,"publisher":{"@id":"https:\/\/redamlo.com\/#organization"},"image":{"@id":"https:\/\/redamlo.com\/index.php\/2022\/03\/23\/amlo-califica-de-conservadores-y-fifis-a-artistas-que-participaron-en-campana-vs-tren-maya\/#primaryimage"},"thumbnailUrl":"https:\/\/redamlo.com\/wp-content\/uploads\/2022\/03\/454-11.png","keywords":["AMLO","Artistas","Campa\u00f1a Contra","Conservadores","Conspiraci\u00f3n","Corrupcion","Fifis","Pseudoambientalistas","Salvametren","Tren Maya"],"articleSection":["4T","Econom\u00eda","Nacionales"],"inLanguage":"es","potentialAction":[{"@type":"CommentAction","name":"Comment","target":["https:\/\/redamlo.com\/index.php\/2022\/03\/23\/amlo-califica-de-conservadores-y-fifis-a-artistas-que-participaron-en-campana-vs-tren-maya\/#respond"]}]},{"@type":"WebPage","@id":"https:\/\/redamlo.com\/index.php\/2022\/03\/23\/amlo-califica-de-conservadores-y-fifis-a-artistas-que-participaron-en-campana-vs-tren-maya\/","url":"https:\/\/redamlo.com\/index.php\/2022\/03\/23\/amlo-califica-de-conservadores-y-fifis-a-artistas-que-participaron-en-campana-vs-tren-maya\/","name":"AMLO califica de \u2018conservadores\u2019 y \u2018fifis\u2019 a artistas que participaron en campa\u00f1a vs. Tren Maya - NOTICIAS DE LA 4T","isPartOf":{"@id":"https:\/\/redamlo.com\/#website"},"primaryImageOfPage":{"@id":"https:\/\/redamlo.com\/index.php\/2022\/03\/23\/amlo-califica-de-conservadores-y-fifis-a-artistas-que-participaron-en-campana-vs-tren-maya\/#primaryimage"},"image":{"@id":"https:\/\/redamlo.com\/index.php\/2022\/03\/23\/amlo-califica-de-conservadores-y-fifis-a-artistas-que-participaron-en-campana-vs-tren-maya\/#primaryimage"},"thumbnailUrl":"https:\/\/redamlo.com\/wp-content\/uploads\/2022\/03\/454-11.png","datePublished":"2022-03-23T19:09:22+00:00","breadcrumb":{"@id":"https:\/\/redamlo.com\/index.php\/2022\/03\/23\/amlo-califica-de-conservadores-y-fifis-a-artistas-que-participaron-en-campana-vs-tren-maya\/#breadcrumb"},"inLanguage":"es","potentialAction":[{"@type":"ReadAction","target":["https:\/\/redamlo.com\/index.php\/2022\/03\/23\/amlo-califica-de-conservadores-y-fifis-a-artistas-que-participaron-en-campana-vs-tren-maya\/"]}]},{"@type":"ImageObject","inLanguage":"es","@id":"https:\/\/redamlo.com\/index.php\/2022\/03\/23\/amlo-califica-de-conservadores-y-fifis-a-artistas-que-participaron-en-campana-vs-tren-maya\/#primaryimage","url":"https:\/\/redamlo.com\/wp-content\/uploads\/2022\/03\/454-11.png","contentUrl":"https:\/\/redamlo.com\/wp-content\/uploads\/2022\/03\/454-11.png","width":1280,"height":720},{"@type":"BreadcrumbList","@id":"https:\/\/redamlo.com\/index.php\/2022\/03\/23\/amlo-califica-de-conservadores-y-fifis-a-artistas-que-participaron-en-campana-vs-tren-maya\/#breadcrumb","itemListElement":[{"@type":"ListItem","position":1,"name":"Inicio","item":"https:\/\/redamlo.com\/"},{"@type":"ListItem","position":2,"name":"AMLO califica de \u2018conservadores\u2019 y \u2018fifis\u2019 a artistas que participaron en campa\u00f1a vs. Tren Maya"}]},{"@type":"WebSite","@id":"https:\/\/redamlo.com\/#website","url":"https:\/\/redamlo.com\/","name":"NOTICIAS DE LA 4T","description":"","publisher":{"@id":"https:\/\/redamlo.com\/#organization"},"potentialAction":[{"@type":"SearchAction","target":{"@type":"EntryPoint","urlTemplate":"https:\/\/redamlo.com\/?s={search_term_string}"},"query-input":{"@type":"PropertyValueSpecification","valueRequired":true,"valueName":"search_term_string"}}],"inLanguage":"es"},{"@type":"Organization","@id":"https:\/\/redamlo.com\/#organization","name":"NOTICIAS DE LA 4T","url":"https:\/\/redamlo.com\/","logo":{"@type":"ImageObject","inLanguage":"es","@id":"https:\/\/redamlo.com\/#\/schema\/logo\/image\/","url":"https:\/\/redamlo.com\/wp-content\/uploads\/2024\/08\/cropped-RED-AMLO-logo-50.png","contentUrl":"https:\/\/redamlo.com\/wp-content\/uploads\/2024\/08\/cropped-RED-AMLO-logo-50.png","width":256,"height":256,"caption":"NOTICIAS DE LA 4T"},"image":{"@id":"https:\/\/redamlo.com\/#\/schema\/logo\/image\/"}},{"@type":"Person","@id":"https:\/\/redamlo.com\/#\/schema\/person\/7223a4375eb8f1a782fcae010a7115cf","name":"Blanca","image":{"@type":"ImageObject","inLanguage":"es","@id":"https:\/\/secure.gravatar.com\/avatar\/3f79bc8336367a4e6093eae8757acaaf61d1124834b905616de7829b0273426d?s=96&d=mm&r=g","url":"https:\/\/secure.gravatar.com\/avatar\/3f79bc8336367a4e6093eae8757acaaf61d1124834b905616de7829b0273426d?s=96&d=mm&r=g","contentUrl":"https:\/\/secure.gravatar.com\/avatar\/3f79bc8336367a4e6093eae8757acaaf61d1124834b905616de7829b0273426d?s=96&d=mm&r=g","caption":"Blanca"},"url":"https:\/\/redamlo.com\/index.php\/author\/blanca\/"}]}},"_links":{"self":[{"href":"https:\/\/redamlo.com\/index.php\/wp-json\/wp\/v2\/posts\/6196","targetHints":{"allow":["GET"]}}],"collection":[{"href":"https:\/\/redamlo.com\/index.php\/wp-json\/wp\/v2\/posts"}],"about":[{"href":"https:\/\/redamlo.com\/index.php\/wp-json\/wp\/v2\/types\/post"}],"author":[{"embeddable":true,"href":"https:\/\/redamlo.com\/index.php\/wp-json\/wp\/v2\/users\/2"}],"replies":[{"embeddable":true,"href":"https:\/\/redamlo.com\/index.php\/wp-json\/wp\/v2\/comments?post=6196"}],"version-history":[{"count":0,"href":"https:\/\/redamlo.com\/index.php\/wp-json\/wp\/v2\/posts\/6196\/revisions"}],"wp:featuredmedia":[{"embeddable":true,"href":"https:\/\/redamlo.com\/index.php\/wp-json\/wp\/v2\/media\/6197"}],"wp:attachment":[{"href":"https:\/\/redamlo.com\/index.php\/wp-json\/wp\/v2\/media?parent=6196"}],"wp:term":[{"taxonomy":"category","embeddable":true,"href":"https:\/\/redamlo.com\/index.php\/wp-json\/wp\/v2\/categories?post=6196"},{"taxonomy":"post_tag","embeddable":true,"href":"https:\/\/redamlo.com\/index.php\/wp-json\/wp\/v2\/tags?post=6196"}],"curies":[{"name":"wp","href":"https:\/\/api.w.org\/{rel}","templated":true}]}}