{"id":6160,"date":"2022-03-12T09:17:07","date_gmt":"2022-03-12T15:17:07","guid":{"rendered":"https:\/\/redamlo.com\/?p=6160"},"modified":"2022-03-12T09:17:07","modified_gmt":"2022-03-12T15:17:07","slug":"lo-que-sostienen-es-totalmente-falso-lopez-obrador-tilda-de-opinion-calumniosa-la-resolucion-del-parlamento-europeo-sobre-mexico","status":"publish","type":"post","link":"https:\/\/redamlo.com\/index.php\/2022\/03\/12\/lo-que-sostienen-es-totalmente-falso-lopez-obrador-tilda-de-opinion-calumniosa-la-resolucion-del-parlamento-europeo-sobre-mexico\/","title":{"rendered":"&#8220;Lo que sostienen es totalmente falso&#8221;: L\u00f3pez Obrador tilda de &#8220;opini\u00f3n calumniosa&#8221; la resoluci\u00f3n del Parlamento Europeo sobre M\u00e9xico"},"content":{"rendered":"<p><strong>Realidades.-<\/strong>\u00a0<strong>Los eurodiputados pidieron el jueves a las autoridades mexicanas que se garantizase la protecci\u00f3n de los periodistas y los defensores de los derechos humanos.<\/strong><\/p>\n<p>El presidente de M\u00e9xico, Andr\u00e9s Manuel L\u00f3pez Obrador, reiter\u00f3 este viernes su rechazo al comunicado emitido por el Parlamento Europeo (PE) sobre la falta de protecci\u00f3n a los periodistas en el pa\u00eds latinoamericano.<\/p>\n<p>\u00abLo que sostienen no es cierto. Es totalmente falso\u00bb, dijo el mandatario en su acostumbrada rueda de prensa matutina, tras considerar que la opini\u00f3n del Parlamento era \u00abcalumniosa\u00bb y desinformada.<\/p>\n<figure class=\"wp-block-embed is-type-video is-provider-youtube wp-block-embed-youtube wp-embed-aspect-16-9 wp-has-aspect-ratio\">\n<div class=\"wp-block-embed__wrapper\"><span class=\"embed-youtube\"><iframe loading=\"lazy\" class=\"youtube-player\" src=\"https:\/\/www.youtube.com\/embed\/wZHCRgC6Q8s?version=3&amp;rel=1&amp;showsearch=0&amp;showinfo=1&amp;iv_load_policy=1&amp;fs=1&amp;hl=es&amp;autohide=2&amp;wmode=transparent\" width=\"720\" height=\"405\" sandbox=\"allow-scripts allow-same-origin allow-popups allow-presentation\" allowfullscreen=\"allowfullscreen\" data-mce-fragment=\"1\"><\/iframe><\/span><\/div>\n<\/figure>\n<p>La pol\u00e9mica surgi\u00f3 el jueves, despu\u00e9s de que ese foro\u00a0<a href=\"https:\/\/actualidad.rt.com\/actualidad\/423435-parlamento-europeo-mexico-proteccion-periodistas-colonia\" target=\"_blank\" rel=\"noreferrer noopener\">emitiera<\/a>\u00a0un comunicado para solicitarle\u00a0a M\u00e9xico garant\u00edas de protecci\u00f3n a\u00a0los periodistas y defensores de los derechos humanos, frente a las m\u00faltiples violencias que padecen. El documento fue aprobado con\u00a0607 votos a favor, 2 en contra y 73 abstenciones.<\/p>\n<p>En el texto, el\u00a0Parlamento Europeo record\u00f3 que M\u00e9xico es considerado el\u00a0pa\u00eds m\u00e1s peligroso del mundo para los informadores fuera de zonas de guerra,\u00a0seg\u00fan apuntan organizaciones como Reporteros Sin Fronteras (FRS), y que siete periodistas\u00a0<a href=\"https:\/\/actualidad.rt.com\/actualidad\/422599-asesinar-periodista-mexicano-juan-carlos-muniz\" target=\"_blank\" rel=\"noreferrer noopener\">han sido asesinados<\/a>\u00a0en lo que va de este 2022. Seg\u00fan el Europarlamento, en el 95 % de los casos estos cr\u00edmenes permanecen impunes.<\/p>\n<figure class=\"wp-block-image is-resized\"><img loading=\"lazy\" decoding=\"async\" src=\"https:\/\/cdni.rt.com\/actualidad\/public_images\/2022.03\/thumbnail\/622b2ef759bf5b755660cb1a.jpg\" alt=\"El Parlamento Europeo pide que M\u00e9xico garantice la protecci\u00f3n de periodistas y el Gobierno de L\u00f3pez Obrador responde: &quot;Ya no somos colonia de nadie&quot;\" width=\"744\" height=\"417\" \/><figcaption><a href=\"https:\/\/actualidad.rt.com\/actualidad\/423435-parlamento-europeo-mexico-proteccion-periodistas-colonia\">El Parlamento Europeo pide que M\u00e9xico garantice la protecci\u00f3n de periodistas y el Gobierno de L\u00f3pez Obrador responde: \u00abYa no somos colonia de nadie\u00bb<\/a><\/figcaption><\/figure>\n<p>Entre las cr\u00edticas m\u00e1s duras del PE a la gesti\u00f3n de L\u00f3pez Obrador est\u00e1 el \u00abdeterioro\u00bb de la situaci\u00f3n \u00abdesde las \u00faltimas elecciones presidenciales de 2018\u00bb, y la preocupaci\u00f3n por la \u00abret\u00f3rica populista\u00bb del mandatario mexicano en sus habituales conferencias de prensa, en las que se le acusa de \u00abdenigrar e intimidar a periodistas independientes\u00bb.<\/p>\n<p>El mismo jueves, el Gobierno mexicano reaccion\u00f3 a la declaraci\u00f3n con otro\u00a0<a href=\"https:\/\/twitter.com\/GobiernoMX\/status\/1502139835779366914\" target=\"_blank\" rel=\"noreferrer noopener\">comunicado<\/a>\u00a0en el que lament\u00f3 que los diputados europeos\u00a0\u00abse<strong>\u00a0sumen como borregos a la estrategia reaccionaria y golpista<\/strong>\u00a0del grupo corrupto que se opone a la Cuarta Transformaci\u00f3n\u00bb.<\/p>\n<p>\u00abAqu\u00ed no se reprime a nadie, se respeta la libertad de expresi\u00f3n y el trabajo de los periodistas. El Estado no viola los derechos humanos como suced\u00eda en gobiernos anteriores, cuando ustedes, por cierto, guardaron silencio c\u00f3mplice\u00bb, contin\u00faa el texto publicado por la Secretar\u00eda de Relaciones Exteriores (SRE) mexicana.<\/p>\n<figure class=\"wp-block-embed is-type-video is-provider-youtube wp-block-embed-youtube wp-embed-aspect-16-9 wp-has-aspect-ratio\">\n<div class=\"wp-block-embed__wrapper\"><span class=\"embed-youtube\"><iframe loading=\"lazy\" class=\"youtube-player\" src=\"https:\/\/www.youtube.com\/embed\/96H3veElwOs?version=3&amp;rel=1&amp;showsearch=0&amp;showinfo=1&amp;iv_load_policy=1&amp;fs=1&amp;hl=es&amp;autohide=2&amp;wmode=transparent\" width=\"720\" height=\"405\" sandbox=\"allow-scripts allow-same-origin allow-popups allow-presentation\" allowfullscreen=\"allowfullscreen\" data-mce-fragment=\"1\"><\/iframe><\/span><\/div>\n<\/figure>\n<p>Seg\u00fan la administraci\u00f3n de L\u00f3pez Obrador, hay una \u00abman\u00eda injerencista disfrazada de buenas intenciones\u00bb por parte del Europarlamento. \u00abPara la pr\u00f3xima, inf\u00f3rmense y lean bien las resoluciones que les presentan antes de emitir su voto. Y no olviden que ya no somos colonia de nadie. M\u00e9xico es un pa\u00eds libre, independiente y soberano\u00bb, reza el comunicado de la SRE.<\/p>\n<p>En este sentido, el mandatario asegur\u00f3 que su pa\u00eds tiene una pol\u00edtica de respeto a los derechos humanos, algo que, seg\u00fan dijo, no hace la Uni\u00f3n Europea al enviar armas a Ucrania. En opini\u00f3n de la analista de pol\u00edtica internacional Ana Cervantes, la postura que el bloque comunitario ha adoptado respecto al conflicto ucraniano causar\u00e1 que los pa\u00edses del continente enfrenten tiempos dif\u00edcieles ante la subida del precio de los energ\u00e9ticos y el aumento de la infalci\u00f3n, entre otras causas.<\/p>\n<figure class=\"wp-block-image size-large is-resized\"><img loading=\"lazy\" decoding=\"async\" class=\"wp-image-41684\" src=\"https:\/\/realidadesqroo.files.wordpress.com\/2022\/03\/image-163.png?w=299\" sizes=\"auto, (max-width: 706px) 100vw, 706px\" srcset=\"https:\/\/realidadesqroo.files.wordpress.com\/2022\/03\/image-163.png 299w, https:\/\/realidadesqroo.files.wordpress.com\/2022\/03\/image-163.png?w=150 150w\" alt=\"\" width=\"706\" height=\"397\" data-attachment-id=\"41684\" data-permalink=\"https:\/\/realidadesquintanaroo.org\/image-163-2\/\" data-orig-file=\"https:\/\/realidadesqroo.files.wordpress.com\/2022\/03\/image-163.png\" data-orig-size=\"299,168\" data-comments-opened=\"1\" data-image-meta=\"{&quot;aperture&quot;:&quot;0&quot;,&quot;credit&quot;:&quot;&quot;,&quot;camera&quot;:&quot;&quot;,&quot;caption&quot;:&quot;&quot;,&quot;created_timestamp&quot;:&quot;0&quot;,&quot;copyright&quot;:&quot;&quot;,&quot;focal_length&quot;:&quot;0&quot;,&quot;iso&quot;:&quot;0&quot;,&quot;shutter_speed&quot;:&quot;0&quot;,&quot;title&quot;:&quot;&quot;,&quot;orientation&quot;:&quot;0&quot;}\" data-image-title=\"image-163\" data-image-description=\"\" data-image-caption=\"\" data-medium-file=\"https:\/\/realidadesqroo.files.wordpress.com\/2022\/03\/image-163.png?w=299\" data-large-file=\"https:\/\/realidadesqroo.files.wordpress.com\/2022\/03\/image-163.png?w=299\" \/><\/figure>\n<p>Este\u00a0viernes, en consonancia con esa misma l\u00ednea, el presidente mexicano volvi\u00f3\u00a0a rechazar la postura del PE:\u00a0\u00abLo menos que se puede decir de ellos es que fueron enga\u00f1ados, o que\u00a0<strong>no leyeron antes de firmar el comunicado<\/strong>\u00ab, sostuvo L\u00f3pez Obrador, quien asegur\u00f3\u00a0que la violencia es una herencia \u00abdel per\u00edodo neoliberal\u00bb que lo antecedi\u00f3 en el poder.<\/p>\n<p>Fuente:\u00a0<a href=\"https:\/\/actualidad.rt.com\/actualidad\/423475-lopez-obrador-resolucion-parlamento-europeo-periodistas?fbclid=IwAR3MJbcbOWa5XwQcMa6KtKd8bJmjARGMerDQriTJz8TNpMp2_sLj79mdqkc\">RT<\/a><\/p>\n","protected":false},"excerpt":{"rendered":"<p>Realidades.-\u00a0Los eurodiputados pidieron el jueves a las autoridades mexicanas que se garantizase la protecci\u00f3n de&#8230;<\/p>\n","protected":false},"author":2,"featured_media":6161,"comment_status":"open","ping_status":"closed","sticky":false,"template":"","format":"standard","meta":{"footnotes":""},"categories":[25,20],"tags":[84,2200,2201,2202,2203,9,2204,2205,2206,2207],"class_list":["post-6160","post","type-post","status-publish","format-standard","has-post-thumbnail","hentry","category-4t","category-nacionales","tag-amlo","tag-calumniosa","tag-efimera-resolucion","tag-euro-diputados","tag-falsa","tag-mexico","tag-parlamento-europeo","tag-periodistas-asesinados","tag-reporteros-sin-fronteras","tag-zona-de-guerra"],"yoast_head":"<!-- This site is optimized with the Yoast SEO plugin v27.5 - https:\/\/yoast.com\/product\/yoast-seo-wordpress\/ -->\n<title>&quot;Lo que sostienen es totalmente falso&quot;: L\u00f3pez Obrador tilda de &quot;opini\u00f3n calumniosa&quot; la resoluci\u00f3n del Parlamento Europeo sobre M\u00e9xico - NOTICIAS DE LA 4T<\/title>\n<meta name=\"robots\" content=\"noindex, follow, max-snippet:-1, max-image-preview:large, max-video-preview:-1\" \/>\n<meta property=\"og:locale\" content=\"es_MX\" \/>\n<meta property=\"og:type\" content=\"article\" \/>\n<meta property=\"og:title\" content=\"&quot;Lo que sostienen es totalmente falso&quot;: L\u00f3pez Obrador tilda de &quot;opini\u00f3n calumniosa&quot; la resoluci\u00f3n del Parlamento Europeo sobre M\u00e9xico - NOTICIAS DE LA 4T\" \/>\n<meta property=\"og:description\" content=\"Realidades.-\u00a0Los eurodiputados pidieron el jueves a las autoridades mexicanas que se garantizase la protecci\u00f3n de...\" \/>\n<meta property=\"og:url\" content=\"https:\/\/redamlo.com\/index.php\/2022\/03\/12\/lo-que-sostienen-es-totalmente-falso-lopez-obrador-tilda-de-opinion-calumniosa-la-resolucion-del-parlamento-europeo-sobre-mexico\/\" \/>\n<meta property=\"og:site_name\" content=\"NOTICIAS DE LA 4T\" \/>\n<meta property=\"article:published_time\" content=\"2022-03-12T15:17:07+00:00\" \/>\n<meta property=\"og:image\" content=\"https:\/\/redamlo.com\/wp-content\/uploads\/2022\/03\/454-7.png\" \/>\n\t<meta property=\"og:image:width\" content=\"1280\" \/>\n\t<meta property=\"og:image:height\" content=\"720\" \/>\n\t<meta property=\"og:image:type\" content=\"image\/png\" \/>\n<meta name=\"author\" content=\"Blanca\" \/>\n<meta name=\"twitter:card\" content=\"summary_large_image\" \/>\n<meta name=\"twitter:label1\" content=\"Escrito por\" \/>\n\t<meta name=\"twitter:data1\" content=\"Blanca\" \/>\n\t<meta name=\"twitter:label2\" content=\"Tiempo de lectura\" \/>\n\t<meta name=\"twitter:data2\" content=\"3 minutos\" \/>\n<script type=\"application\/ld+json\" class=\"yoast-schema-graph\">{\"@context\":\"https:\\\/\\\/schema.org\",\"@graph\":[{\"@type\":\"Article\",\"@id\":\"https:\\\/\\\/redamlo.com\\\/index.php\\\/2022\\\/03\\\/12\\\/lo-que-sostienen-es-totalmente-falso-lopez-obrador-tilda-de-opinion-calumniosa-la-resolucion-del-parlamento-europeo-sobre-mexico\\\/#article\",\"isPartOf\":{\"@id\":\"https:\\\/\\\/redamlo.com\\\/index.php\\\/2022\\\/03\\\/12\\\/lo-que-sostienen-es-totalmente-falso-lopez-obrador-tilda-de-opinion-calumniosa-la-resolucion-del-parlamento-europeo-sobre-mexico\\\/\"},\"author\":{\"name\":\"Blanca\",\"@id\":\"https:\\\/\\\/redamlo.com\\\/#\\\/schema\\\/person\\\/7223a4375eb8f1a782fcae010a7115cf\"},\"headline\":\"&#8220;Lo que sostienen es totalmente falso&#8221;: L\u00f3pez Obrador tilda de &#8220;opini\u00f3n calumniosa&#8221; la resoluci\u00f3n del Parlamento Europeo sobre M\u00e9xico\",\"datePublished\":\"2022-03-12T15:17:07+00:00\",\"mainEntityOfPage\":{\"@id\":\"https:\\\/\\\/redamlo.com\\\/index.php\\\/2022\\\/03\\\/12\\\/lo-que-sostienen-es-totalmente-falso-lopez-obrador-tilda-de-opinion-calumniosa-la-resolucion-del-parlamento-europeo-sobre-mexico\\\/\"},\"wordCount\":644,\"commentCount\":0,\"publisher\":{\"@id\":\"https:\\\/\\\/redamlo.com\\\/#organization\"},\"image\":{\"@id\":\"https:\\\/\\\/redamlo.com\\\/index.php\\\/2022\\\/03\\\/12\\\/lo-que-sostienen-es-totalmente-falso-lopez-obrador-tilda-de-opinion-calumniosa-la-resolucion-del-parlamento-europeo-sobre-mexico\\\/#primaryimage\"},\"thumbnailUrl\":\"https:\\\/\\\/redamlo.com\\\/wp-content\\\/uploads\\\/2022\\\/03\\\/454-7.png\",\"keywords\":[\"AMLO\",\"Calumniosa\",\"Efimera Resoluci\u00f3n\",\"Euro diputados\",\"Falsa\",\"M\u00e9xico\",\"Parlamento Europeo\",\"Periodistas Asesinados\",\"Reporteros sin Fronteras\",\"Zona de Guerra\"],\"articleSection\":[\"4T\",\"Nacionales\"],\"inLanguage\":\"es\",\"potentialAction\":[{\"@type\":\"CommentAction\",\"name\":\"Comment\",\"target\":[\"https:\\\/\\\/redamlo.com\\\/index.php\\\/2022\\\/03\\\/12\\\/lo-que-sostienen-es-totalmente-falso-lopez-obrador-tilda-de-opinion-calumniosa-la-resolucion-del-parlamento-europeo-sobre-mexico\\\/#respond\"]}]},{\"@type\":\"WebPage\",\"@id\":\"https:\\\/\\\/redamlo.com\\\/index.php\\\/2022\\\/03\\\/12\\\/lo-que-sostienen-es-totalmente-falso-lopez-obrador-tilda-de-opinion-calumniosa-la-resolucion-del-parlamento-europeo-sobre-mexico\\\/\",\"url\":\"https:\\\/\\\/redamlo.com\\\/index.php\\\/2022\\\/03\\\/12\\\/lo-que-sostienen-es-totalmente-falso-lopez-obrador-tilda-de-opinion-calumniosa-la-resolucion-del-parlamento-europeo-sobre-mexico\\\/\",\"name\":\"\\\"Lo que sostienen es totalmente falso\\\": L\u00f3pez Obrador tilda de \\\"opini\u00f3n calumniosa\\\" la resoluci\u00f3n del Parlamento Europeo sobre M\u00e9xico - NOTICIAS DE LA 4T\",\"isPartOf\":{\"@id\":\"https:\\\/\\\/redamlo.com\\\/#website\"},\"primaryImageOfPage\":{\"@id\":\"https:\\\/\\\/redamlo.com\\\/index.php\\\/2022\\\/03\\\/12\\\/lo-que-sostienen-es-totalmente-falso-lopez-obrador-tilda-de-opinion-calumniosa-la-resolucion-del-parlamento-europeo-sobre-mexico\\\/#primaryimage\"},\"image\":{\"@id\":\"https:\\\/\\\/redamlo.com\\\/index.php\\\/2022\\\/03\\\/12\\\/lo-que-sostienen-es-totalmente-falso-lopez-obrador-tilda-de-opinion-calumniosa-la-resolucion-del-parlamento-europeo-sobre-mexico\\\/#primaryimage\"},\"thumbnailUrl\":\"https:\\\/\\\/redamlo.com\\\/wp-content\\\/uploads\\\/2022\\\/03\\\/454-7.png\",\"datePublished\":\"2022-03-12T15:17:07+00:00\",\"breadcrumb\":{\"@id\":\"https:\\\/\\\/redamlo.com\\\/index.php\\\/2022\\\/03\\\/12\\\/lo-que-sostienen-es-totalmente-falso-lopez-obrador-tilda-de-opinion-calumniosa-la-resolucion-del-parlamento-europeo-sobre-mexico\\\/#breadcrumb\"},\"inLanguage\":\"es\",\"potentialAction\":[{\"@type\":\"ReadAction\",\"target\":[\"https:\\\/\\\/redamlo.com\\\/index.php\\\/2022\\\/03\\\/12\\\/lo-que-sostienen-es-totalmente-falso-lopez-obrador-tilda-de-opinion-calumniosa-la-resolucion-del-parlamento-europeo-sobre-mexico\\\/\"]}]},{\"@type\":\"ImageObject\",\"inLanguage\":\"es\",\"@id\":\"https:\\\/\\\/redamlo.com\\\/index.php\\\/2022\\\/03\\\/12\\\/lo-que-sostienen-es-totalmente-falso-lopez-obrador-tilda-de-opinion-calumniosa-la-resolucion-del-parlamento-europeo-sobre-mexico\\\/#primaryimage\",\"url\":\"https:\\\/\\\/redamlo.com\\\/wp-content\\\/uploads\\\/2022\\\/03\\\/454-7.png\",\"contentUrl\":\"https:\\\/\\\/redamlo.com\\\/wp-content\\\/uploads\\\/2022\\\/03\\\/454-7.png\",\"width\":1280,\"height\":720},{\"@type\":\"BreadcrumbList\",\"@id\":\"https:\\\/\\\/redamlo.com\\\/index.php\\\/2022\\\/03\\\/12\\\/lo-que-sostienen-es-totalmente-falso-lopez-obrador-tilda-de-opinion-calumniosa-la-resolucion-del-parlamento-europeo-sobre-mexico\\\/#breadcrumb\",\"itemListElement\":[{\"@type\":\"ListItem\",\"position\":1,\"name\":\"Inicio\",\"item\":\"https:\\\/\\\/redamlo.com\\\/\"},{\"@type\":\"ListItem\",\"position\":2,\"name\":\"&#8220;Lo que sostienen es totalmente falso&#8221;: L\u00f3pez Obrador tilda de &#8220;opini\u00f3n calumniosa&#8221; la resoluci\u00f3n del Parlamento Europeo sobre M\u00e9xico\"}]},{\"@type\":\"WebSite\",\"@id\":\"https:\\\/\\\/redamlo.com\\\/#website\",\"url\":\"https:\\\/\\\/redamlo.com\\\/\",\"name\":\"NOTICIAS DE LA 4T\",\"description\":\"\",\"publisher\":{\"@id\":\"https:\\\/\\\/redamlo.com\\\/#organization\"},\"potentialAction\":[{\"@type\":\"SearchAction\",\"target\":{\"@type\":\"EntryPoint\",\"urlTemplate\":\"https:\\\/\\\/redamlo.com\\\/?s={search_term_string}\"},\"query-input\":{\"@type\":\"PropertyValueSpecification\",\"valueRequired\":true,\"valueName\":\"search_term_string\"}}],\"inLanguage\":\"es\"},{\"@type\":\"Organization\",\"@id\":\"https:\\\/\\\/redamlo.com\\\/#organization\",\"name\":\"NOTICIAS DE LA 4T\",\"url\":\"https:\\\/\\\/redamlo.com\\\/\",\"logo\":{\"@type\":\"ImageObject\",\"inLanguage\":\"es\",\"@id\":\"https:\\\/\\\/redamlo.com\\\/#\\\/schema\\\/logo\\\/image\\\/\",\"url\":\"https:\\\/\\\/redamlo.com\\\/wp-content\\\/uploads\\\/2024\\\/08\\\/cropped-RED-AMLO-logo-50.png\",\"contentUrl\":\"https:\\\/\\\/redamlo.com\\\/wp-content\\\/uploads\\\/2024\\\/08\\\/cropped-RED-AMLO-logo-50.png\",\"width\":256,\"height\":256,\"caption\":\"NOTICIAS DE LA 4T\"},\"image\":{\"@id\":\"https:\\\/\\\/redamlo.com\\\/#\\\/schema\\\/logo\\\/image\\\/\"}},{\"@type\":\"Person\",\"@id\":\"https:\\\/\\\/redamlo.com\\\/#\\\/schema\\\/person\\\/7223a4375eb8f1a782fcae010a7115cf\",\"name\":\"Blanca\",\"image\":{\"@type\":\"ImageObject\",\"inLanguage\":\"es\",\"@id\":\"https:\\\/\\\/secure.gravatar.com\\\/avatar\\\/3f79bc8336367a4e6093eae8757acaaf61d1124834b905616de7829b0273426d?s=96&d=mm&r=g\",\"url\":\"https:\\\/\\\/secure.gravatar.com\\\/avatar\\\/3f79bc8336367a4e6093eae8757acaaf61d1124834b905616de7829b0273426d?s=96&d=mm&r=g\",\"contentUrl\":\"https:\\\/\\\/secure.gravatar.com\\\/avatar\\\/3f79bc8336367a4e6093eae8757acaaf61d1124834b905616de7829b0273426d?s=96&d=mm&r=g\",\"caption\":\"Blanca\"},\"url\":\"https:\\\/\\\/redamlo.com\\\/index.php\\\/author\\\/blanca\\\/\"}]}<\/script>\n<!-- \/ Yoast SEO plugin. -->","yoast_head_json":{"title":"\"Lo que sostienen es totalmente falso\": L\u00f3pez Obrador tilda de \"opini\u00f3n calumniosa\" la resoluci\u00f3n del Parlamento Europeo sobre M\u00e9xico - NOTICIAS DE LA 4T","robots":{"index":"noindex","follow":"follow","max-snippet":"max-snippet:-1","max-image-preview":"max-image-preview:large","max-video-preview":"max-video-preview:-1"},"og_locale":"es_MX","og_type":"article","og_title":"\"Lo que sostienen es totalmente falso\": L\u00f3pez Obrador tilda de \"opini\u00f3n calumniosa\" la resoluci\u00f3n del Parlamento Europeo sobre M\u00e9xico - NOTICIAS DE LA 4T","og_description":"Realidades.-\u00a0Los eurodiputados pidieron el jueves a las autoridades mexicanas que se garantizase la protecci\u00f3n de...","og_url":"https:\/\/redamlo.com\/index.php\/2022\/03\/12\/lo-que-sostienen-es-totalmente-falso-lopez-obrador-tilda-de-opinion-calumniosa-la-resolucion-del-parlamento-europeo-sobre-mexico\/","og_site_name":"NOTICIAS DE LA 4T","article_published_time":"2022-03-12T15:17:07+00:00","og_image":[{"width":1280,"height":720,"url":"https:\/\/redamlo.com\/wp-content\/uploads\/2022\/03\/454-7.png","type":"image\/png"}],"author":"Blanca","twitter_card":"summary_large_image","twitter_misc":{"Escrito por":"Blanca","Tiempo de lectura":"3 minutos"},"schema":{"@context":"https:\/\/schema.org","@graph":[{"@type":"Article","@id":"https:\/\/redamlo.com\/index.php\/2022\/03\/12\/lo-que-sostienen-es-totalmente-falso-lopez-obrador-tilda-de-opinion-calumniosa-la-resolucion-del-parlamento-europeo-sobre-mexico\/#article","isPartOf":{"@id":"https:\/\/redamlo.com\/index.php\/2022\/03\/12\/lo-que-sostienen-es-totalmente-falso-lopez-obrador-tilda-de-opinion-calumniosa-la-resolucion-del-parlamento-europeo-sobre-mexico\/"},"author":{"name":"Blanca","@id":"https:\/\/redamlo.com\/#\/schema\/person\/7223a4375eb8f1a782fcae010a7115cf"},"headline":"&#8220;Lo que sostienen es totalmente falso&#8221;: L\u00f3pez Obrador tilda de &#8220;opini\u00f3n calumniosa&#8221; la resoluci\u00f3n del Parlamento Europeo sobre M\u00e9xico","datePublished":"2022-03-12T15:17:07+00:00","mainEntityOfPage":{"@id":"https:\/\/redamlo.com\/index.php\/2022\/03\/12\/lo-que-sostienen-es-totalmente-falso-lopez-obrador-tilda-de-opinion-calumniosa-la-resolucion-del-parlamento-europeo-sobre-mexico\/"},"wordCount":644,"commentCount":0,"publisher":{"@id":"https:\/\/redamlo.com\/#organization"},"image":{"@id":"https:\/\/redamlo.com\/index.php\/2022\/03\/12\/lo-que-sostienen-es-totalmente-falso-lopez-obrador-tilda-de-opinion-calumniosa-la-resolucion-del-parlamento-europeo-sobre-mexico\/#primaryimage"},"thumbnailUrl":"https:\/\/redamlo.com\/wp-content\/uploads\/2022\/03\/454-7.png","keywords":["AMLO","Calumniosa","Efimera Resoluci\u00f3n","Euro diputados","Falsa","M\u00e9xico","Parlamento Europeo","Periodistas Asesinados","Reporteros sin Fronteras","Zona de Guerra"],"articleSection":["4T","Nacionales"],"inLanguage":"es","potentialAction":[{"@type":"CommentAction","name":"Comment","target":["https:\/\/redamlo.com\/index.php\/2022\/03\/12\/lo-que-sostienen-es-totalmente-falso-lopez-obrador-tilda-de-opinion-calumniosa-la-resolucion-del-parlamento-europeo-sobre-mexico\/#respond"]}]},{"@type":"WebPage","@id":"https:\/\/redamlo.com\/index.php\/2022\/03\/12\/lo-que-sostienen-es-totalmente-falso-lopez-obrador-tilda-de-opinion-calumniosa-la-resolucion-del-parlamento-europeo-sobre-mexico\/","url":"https:\/\/redamlo.com\/index.php\/2022\/03\/12\/lo-que-sostienen-es-totalmente-falso-lopez-obrador-tilda-de-opinion-calumniosa-la-resolucion-del-parlamento-europeo-sobre-mexico\/","name":"\"Lo que sostienen es totalmente falso\": L\u00f3pez Obrador tilda de \"opini\u00f3n calumniosa\" la resoluci\u00f3n del Parlamento Europeo sobre M\u00e9xico - NOTICIAS DE LA 4T","isPartOf":{"@id":"https:\/\/redamlo.com\/#website"},"primaryImageOfPage":{"@id":"https:\/\/redamlo.com\/index.php\/2022\/03\/12\/lo-que-sostienen-es-totalmente-falso-lopez-obrador-tilda-de-opinion-calumniosa-la-resolucion-del-parlamento-europeo-sobre-mexico\/#primaryimage"},"image":{"@id":"https:\/\/redamlo.com\/index.php\/2022\/03\/12\/lo-que-sostienen-es-totalmente-falso-lopez-obrador-tilda-de-opinion-calumniosa-la-resolucion-del-parlamento-europeo-sobre-mexico\/#primaryimage"},"thumbnailUrl":"https:\/\/redamlo.com\/wp-content\/uploads\/2022\/03\/454-7.png","datePublished":"2022-03-12T15:17:07+00:00","breadcrumb":{"@id":"https:\/\/redamlo.com\/index.php\/2022\/03\/12\/lo-que-sostienen-es-totalmente-falso-lopez-obrador-tilda-de-opinion-calumniosa-la-resolucion-del-parlamento-europeo-sobre-mexico\/#breadcrumb"},"inLanguage":"es","potentialAction":[{"@type":"ReadAction","target":["https:\/\/redamlo.com\/index.php\/2022\/03\/12\/lo-que-sostienen-es-totalmente-falso-lopez-obrador-tilda-de-opinion-calumniosa-la-resolucion-del-parlamento-europeo-sobre-mexico\/"]}]},{"@type":"ImageObject","inLanguage":"es","@id":"https:\/\/redamlo.com\/index.php\/2022\/03\/12\/lo-que-sostienen-es-totalmente-falso-lopez-obrador-tilda-de-opinion-calumniosa-la-resolucion-del-parlamento-europeo-sobre-mexico\/#primaryimage","url":"https:\/\/redamlo.com\/wp-content\/uploads\/2022\/03\/454-7.png","contentUrl":"https:\/\/redamlo.com\/wp-content\/uploads\/2022\/03\/454-7.png","width":1280,"height":720},{"@type":"BreadcrumbList","@id":"https:\/\/redamlo.com\/index.php\/2022\/03\/12\/lo-que-sostienen-es-totalmente-falso-lopez-obrador-tilda-de-opinion-calumniosa-la-resolucion-del-parlamento-europeo-sobre-mexico\/#breadcrumb","itemListElement":[{"@type":"ListItem","position":1,"name":"Inicio","item":"https:\/\/redamlo.com\/"},{"@type":"ListItem","position":2,"name":"&#8220;Lo que sostienen es totalmente falso&#8221;: L\u00f3pez Obrador tilda de &#8220;opini\u00f3n calumniosa&#8221; la resoluci\u00f3n del Parlamento Europeo sobre M\u00e9xico"}]},{"@type":"WebSite","@id":"https:\/\/redamlo.com\/#website","url":"https:\/\/redamlo.com\/","name":"NOTICIAS DE LA 4T","description":"","publisher":{"@id":"https:\/\/redamlo.com\/#organization"},"potentialAction":[{"@type":"SearchAction","target":{"@type":"EntryPoint","urlTemplate":"https:\/\/redamlo.com\/?s={search_term_string}"},"query-input":{"@type":"PropertyValueSpecification","valueRequired":true,"valueName":"search_term_string"}}],"inLanguage":"es"},{"@type":"Organization","@id":"https:\/\/redamlo.com\/#organization","name":"NOTICIAS DE LA 4T","url":"https:\/\/redamlo.com\/","logo":{"@type":"ImageObject","inLanguage":"es","@id":"https:\/\/redamlo.com\/#\/schema\/logo\/image\/","url":"https:\/\/redamlo.com\/wp-content\/uploads\/2024\/08\/cropped-RED-AMLO-logo-50.png","contentUrl":"https:\/\/redamlo.com\/wp-content\/uploads\/2024\/08\/cropped-RED-AMLO-logo-50.png","width":256,"height":256,"caption":"NOTICIAS DE LA 4T"},"image":{"@id":"https:\/\/redamlo.com\/#\/schema\/logo\/image\/"}},{"@type":"Person","@id":"https:\/\/redamlo.com\/#\/schema\/person\/7223a4375eb8f1a782fcae010a7115cf","name":"Blanca","image":{"@type":"ImageObject","inLanguage":"es","@id":"https:\/\/secure.gravatar.com\/avatar\/3f79bc8336367a4e6093eae8757acaaf61d1124834b905616de7829b0273426d?s=96&d=mm&r=g","url":"https:\/\/secure.gravatar.com\/avatar\/3f79bc8336367a4e6093eae8757acaaf61d1124834b905616de7829b0273426d?s=96&d=mm&r=g","contentUrl":"https:\/\/secure.gravatar.com\/avatar\/3f79bc8336367a4e6093eae8757acaaf61d1124834b905616de7829b0273426d?s=96&d=mm&r=g","caption":"Blanca"},"url":"https:\/\/redamlo.com\/index.php\/author\/blanca\/"}]}},"_links":{"self":[{"href":"https:\/\/redamlo.com\/index.php\/wp-json\/wp\/v2\/posts\/6160","targetHints":{"allow":["GET"]}}],"collection":[{"href":"https:\/\/redamlo.com\/index.php\/wp-json\/wp\/v2\/posts"}],"about":[{"href":"https:\/\/redamlo.com\/index.php\/wp-json\/wp\/v2\/types\/post"}],"author":[{"embeddable":true,"href":"https:\/\/redamlo.com\/index.php\/wp-json\/wp\/v2\/users\/2"}],"replies":[{"embeddable":true,"href":"https:\/\/redamlo.com\/index.php\/wp-json\/wp\/v2\/comments?post=6160"}],"version-history":[{"count":0,"href":"https:\/\/redamlo.com\/index.php\/wp-json\/wp\/v2\/posts\/6160\/revisions"}],"wp:featuredmedia":[{"embeddable":true,"href":"https:\/\/redamlo.com\/index.php\/wp-json\/wp\/v2\/media\/6161"}],"wp:attachment":[{"href":"https:\/\/redamlo.com\/index.php\/wp-json\/wp\/v2\/media?parent=6160"}],"wp:term":[{"taxonomy":"category","embeddable":true,"href":"https:\/\/redamlo.com\/index.php\/wp-json\/wp\/v2\/categories?post=6160"},{"taxonomy":"post_tag","embeddable":true,"href":"https:\/\/redamlo.com\/index.php\/wp-json\/wp\/v2\/tags?post=6160"}],"curies":[{"name":"wp","href":"https:\/\/api.w.org\/{rel}","templated":true}]}}