{"id":6153,"date":"2022-03-11T12:06:25","date_gmt":"2022-03-11T18:06:25","guid":{"rendered":"https:\/\/redamlo.com\/?p=6153"},"modified":"2022-03-11T12:06:25","modified_gmt":"2022-03-11T18:06:25","slug":"amlo-anuncia-gira-por-centroamerica-y-cuba-en-mayo","status":"publish","type":"post","link":"https:\/\/redamlo.com\/index.php\/2022\/03\/11\/amlo-anuncia-gira-por-centroamerica-y-cuba-en-mayo\/","title":{"rendered":"AMLO anuncia gira por Centroam\u00e9rica y Cuba en mayo"},"content":{"rendered":"\n\n<strong>Realidades.- El presidente L\u00f3pez Obrador atender\u00e1 temas sobre la situaci\u00f3n migratoria de estos pa\u00edses.<\/strong>\n\n \n\nEl presidente Andr\u00e9s Manuel L\u00f3pez Obrador anunci\u00f3 este viernes que realizar\u00e1 una gira por\u00a0<strong>El Salvador, Honduras, Guatemala, Belice y Cuba<\/strong>\u00a0el pr\u00f3ximo mes de mayo.\n\n \n\nDurante su visita planea atender temas sobre la\u00a0<strong>situaci\u00f3n migratoria<\/strong>\u00a0de estos pa\u00edses cuyos pobladores atraviesan M\u00e9xico en busca de mejores oportunidades.\n\n \n\n\u201cYo pienso que la mejor salida, la mejor respuesta al fen\u00f3meno migratorio es lo que estamos nosotros planteando y llevando a cabo, el que haya trabajo en Centroam\u00e9rica, que nuestros hermanos centramericanos tengan\u00a0<strong>oportunidades de trabajo, mejores condiciones de vida<\/strong>\u00a0y esto para Centroam\u00e9rica, para el Caribe y para el mundo,\u00a0<strong>la gente no se hecha a andar por gusto sino por necesidad<\/strong>\u201d, coment\u00f3.\n\n \n\nEl Gobierno Federal continuar\u00e1 apoyando a los migrantes a trav\u00e9s de programas sociales como\u00a0<strong>Sembrando Vida y J\u00f3venes Construyendo el futuro<\/strong>, y buscar\u00e1 que Guatemala acepte el apoyo econ\u00f3mico otorgado por M\u00e9xico para frenar las causas de la migraci\u00f3n.<img decoding=\"async\" src=\"https:\/\/cdnnmundo1.img.sputniknews.com\/img\/07e6\/03\/0b\/1122975261_0:0:847:477_1920x0_80_0_0_51bcb786217c0d3cfd912d8bc81ceb00.jpg\" alt=\"AMLO anuncia gira por Centroam\u00e9rica y Cuba en mayo pr\u00f3ximo - 11.03.2022,  Sputnik Mundo\" \/>\n\n \n<figure class=\"wp-block-embed is-type-video is-provider-youtube wp-block-embed-youtube wp-embed-aspect-16-9 wp-has-aspect-ratio\">\n<div class=\"wp-block-embed__wrapper\">https:\/\/youtu.be\/LM0m5-ynclM<\/div><\/figure>\n \n\n\u201cHemos estado proponiendo que se invierta en Guatemala, Honduras, El Salvador, ya lo estamos haciendo nosotros, ya tenemos programas. En Guatemala todav\u00eda no se ha aceptado pero yo espero que pronto el gobierno acepte la\u00a0<strong>cooperaci\u00f3n de parte de M\u00e9xico<\/strong>\u201d, expuso Obrador.\n\n \n\nLa gira que realizar\u00e1 el presidente ser\u00e1 parte de la estrategia del pa\u00eds para atender los\u00a0<strong>or\u00edgenes del fen\u00f3meno migratorio<\/strong>\u00a0y evitar que los centroamericanos y los cubanos se vean forzados a abandonar sus pa\u00edses.\n\n \n\nOtra de las acciones que M\u00e9xico se encuentra negociando es la\u00a0<strong>reactivaci\u00f3n de la econom\u00eda de la regi\u00f3n norte<\/strong>\u00a0del continente a trav\u00e9s de la\u00a0<a href=\"https:\/\/www.elfinanciero.com.mx\/mundo\/presentan-reforma-que-legalizaria-en-eu-a-11-millones-de-indocumentados\/\" target=\"_blank\" rel=\"noreferrer noopener\">regularizaci\u00f3n de 11 millones de migrantes<\/a>\u00a0propuesta inicialmente por el partido dem\u00f3crata y que a\u00fan no est\u00e1 aprobada por el Congreso estadounidense.\n\n \n\n\u201cSi se ordena el flujo y se dan\u00a0<strong>visas de trabajo temporal<\/strong>\u00a0para Estados Unidos se reactiva la econom\u00eda de Am\u00e9rica del Norte, no puede ser que solo se detenga a migrantes, la mayor parte son j\u00f3venes, la poblaci\u00f3n de Estados Unidos y Canad\u00e1 es mayor\u201d, reiter\u00f3 el mandatario.\n\n \n\nFuente: <a href=\"https:\/\/www.elfinanciero.com.mx\/nacional\/2022\/03\/11\/amlo-anuncia-tour-por-centroamerica-y-cuba-en-mayo\/\">elfinanciero.com.mx<\/a>\n\n","protected":false},"excerpt":{"rendered":"<p>Realidades.- El presidente L\u00f3pez Obrador atender\u00e1 temas sobre la situaci\u00f3n migratoria de estos pa\u00edses. El&#8230;<\/p>\n","protected":false},"author":2,"featured_media":6154,"comment_status":"open","ping_status":"closed","sticky":false,"template":"","format":"standard","meta":{"footnotes":""},"categories":[25,20],"tags":[84,560,2194,2195,2196,822,2055,2197,2198,2199],"class_list":["post-6153","post","type-post","status-publish","format-standard","has-post-thumbnail","hentry","category-4t","category-nacionales","tag-amlo","tag-centroamerica","tag-cooperacion","tag-el-salvador","tag-gira","tag-guatemala","tag-honduras","tag-mayo","tag-migratorio","tag-programas"],"yoast_head":"<!-- This site is optimized with the Yoast SEO plugin v27.5 - https:\/\/yoast.com\/product\/yoast-seo-wordpress\/ -->\n<title>AMLO anuncia gira por Centroam\u00e9rica y Cuba en mayo - NOTICIAS DE LA 4T<\/title>\n<meta name=\"robots\" content=\"noindex, follow, max-snippet:-1, max-image-preview:large, max-video-preview:-1\" \/>\n<meta property=\"og:locale\" content=\"es_MX\" \/>\n<meta property=\"og:type\" content=\"article\" \/>\n<meta property=\"og:title\" content=\"AMLO anuncia gira por Centroam\u00e9rica y Cuba en mayo - NOTICIAS DE LA 4T\" \/>\n<meta property=\"og:description\" content=\"Realidades.- El presidente L\u00f3pez Obrador atender\u00e1 temas sobre la situaci\u00f3n migratoria de estos pa\u00edses. El...\" \/>\n<meta property=\"og:url\" content=\"https:\/\/redamlo.com\/index.php\/2022\/03\/11\/amlo-anuncia-gira-por-centroamerica-y-cuba-en-mayo\/\" \/>\n<meta property=\"og:site_name\" content=\"NOTICIAS DE LA 4T\" \/>\n<meta property=\"article:published_time\" content=\"2022-03-11T18:06:25+00:00\" \/>\n<meta property=\"og:image\" content=\"https:\/\/redamlo.com\/wp-content\/uploads\/2022\/03\/454-6.png\" \/>\n\t<meta property=\"og:image:width\" content=\"567\" \/>\n\t<meta property=\"og:image:height\" content=\"326\" \/>\n\t<meta property=\"og:image:type\" content=\"image\/png\" \/>\n<meta name=\"author\" content=\"Blanca\" \/>\n<meta name=\"twitter:card\" content=\"summary_large_image\" \/>\n<meta name=\"twitter:label1\" content=\"Escrito por\" \/>\n\t<meta name=\"twitter:data1\" content=\"Blanca\" \/>\n\t<meta name=\"twitter:label2\" content=\"Tiempo de lectura\" \/>\n\t<meta name=\"twitter:data2\" content=\"2 minutos\" \/>\n<script type=\"application\/ld+json\" class=\"yoast-schema-graph\">{\"@context\":\"https:\\\/\\\/schema.org\",\"@graph\":[{\"@type\":\"Article\",\"@id\":\"https:\\\/\\\/redamlo.com\\\/index.php\\\/2022\\\/03\\\/11\\\/amlo-anuncia-gira-por-centroamerica-y-cuba-en-mayo\\\/#article\",\"isPartOf\":{\"@id\":\"https:\\\/\\\/redamlo.com\\\/index.php\\\/2022\\\/03\\\/11\\\/amlo-anuncia-gira-por-centroamerica-y-cuba-en-mayo\\\/\"},\"author\":{\"name\":\"Blanca\",\"@id\":\"https:\\\/\\\/redamlo.com\\\/#\\\/schema\\\/person\\\/7223a4375eb8f1a782fcae010a7115cf\"},\"headline\":\"AMLO anuncia gira por Centroam\u00e9rica y Cuba en mayo\",\"datePublished\":\"2022-03-11T18:06:25+00:00\",\"mainEntityOfPage\":{\"@id\":\"https:\\\/\\\/redamlo.com\\\/index.php\\\/2022\\\/03\\\/11\\\/amlo-anuncia-gira-por-centroamerica-y-cuba-en-mayo\\\/\"},\"wordCount\":394,\"commentCount\":0,\"publisher\":{\"@id\":\"https:\\\/\\\/redamlo.com\\\/#organization\"},\"image\":{\"@id\":\"https:\\\/\\\/redamlo.com\\\/index.php\\\/2022\\\/03\\\/11\\\/amlo-anuncia-gira-por-centroamerica-y-cuba-en-mayo\\\/#primaryimage\"},\"thumbnailUrl\":\"https:\\\/\\\/redamlo.com\\\/wp-content\\\/uploads\\\/2022\\\/03\\\/454-6.png\",\"keywords\":[\"AMLO\",\"Centroam\u00e9rica\",\"Cooperaci\u00f3n\",\"El Salvador\",\"Gira\",\"Guatemala\",\"Honduras\",\"Mayo\",\"Migratorio\",\"Programas\"],\"articleSection\":[\"4T\",\"Nacionales\"],\"inLanguage\":\"es\",\"potentialAction\":[{\"@type\":\"CommentAction\",\"name\":\"Comment\",\"target\":[\"https:\\\/\\\/redamlo.com\\\/index.php\\\/2022\\\/03\\\/11\\\/amlo-anuncia-gira-por-centroamerica-y-cuba-en-mayo\\\/#respond\"]}]},{\"@type\":\"WebPage\",\"@id\":\"https:\\\/\\\/redamlo.com\\\/index.php\\\/2022\\\/03\\\/11\\\/amlo-anuncia-gira-por-centroamerica-y-cuba-en-mayo\\\/\",\"url\":\"https:\\\/\\\/redamlo.com\\\/index.php\\\/2022\\\/03\\\/11\\\/amlo-anuncia-gira-por-centroamerica-y-cuba-en-mayo\\\/\",\"name\":\"AMLO anuncia gira por Centroam\u00e9rica y Cuba en mayo - NOTICIAS DE LA 4T\",\"isPartOf\":{\"@id\":\"https:\\\/\\\/redamlo.com\\\/#website\"},\"primaryImageOfPage\":{\"@id\":\"https:\\\/\\\/redamlo.com\\\/index.php\\\/2022\\\/03\\\/11\\\/amlo-anuncia-gira-por-centroamerica-y-cuba-en-mayo\\\/#primaryimage\"},\"image\":{\"@id\":\"https:\\\/\\\/redamlo.com\\\/index.php\\\/2022\\\/03\\\/11\\\/amlo-anuncia-gira-por-centroamerica-y-cuba-en-mayo\\\/#primaryimage\"},\"thumbnailUrl\":\"https:\\\/\\\/redamlo.com\\\/wp-content\\\/uploads\\\/2022\\\/03\\\/454-6.png\",\"datePublished\":\"2022-03-11T18:06:25+00:00\",\"breadcrumb\":{\"@id\":\"https:\\\/\\\/redamlo.com\\\/index.php\\\/2022\\\/03\\\/11\\\/amlo-anuncia-gira-por-centroamerica-y-cuba-en-mayo\\\/#breadcrumb\"},\"inLanguage\":\"es\",\"potentialAction\":[{\"@type\":\"ReadAction\",\"target\":[\"https:\\\/\\\/redamlo.com\\\/index.php\\\/2022\\\/03\\\/11\\\/amlo-anuncia-gira-por-centroamerica-y-cuba-en-mayo\\\/\"]}]},{\"@type\":\"ImageObject\",\"inLanguage\":\"es\",\"@id\":\"https:\\\/\\\/redamlo.com\\\/index.php\\\/2022\\\/03\\\/11\\\/amlo-anuncia-gira-por-centroamerica-y-cuba-en-mayo\\\/#primaryimage\",\"url\":\"https:\\\/\\\/redamlo.com\\\/wp-content\\\/uploads\\\/2022\\\/03\\\/454-6.png\",\"contentUrl\":\"https:\\\/\\\/redamlo.com\\\/wp-content\\\/uploads\\\/2022\\\/03\\\/454-6.png\",\"width\":567,\"height\":326},{\"@type\":\"BreadcrumbList\",\"@id\":\"https:\\\/\\\/redamlo.com\\\/index.php\\\/2022\\\/03\\\/11\\\/amlo-anuncia-gira-por-centroamerica-y-cuba-en-mayo\\\/#breadcrumb\",\"itemListElement\":[{\"@type\":\"ListItem\",\"position\":1,\"name\":\"Inicio\",\"item\":\"https:\\\/\\\/redamlo.com\\\/\"},{\"@type\":\"ListItem\",\"position\":2,\"name\":\"AMLO anuncia gira por Centroam\u00e9rica y Cuba en mayo\"}]},{\"@type\":\"WebSite\",\"@id\":\"https:\\\/\\\/redamlo.com\\\/#website\",\"url\":\"https:\\\/\\\/redamlo.com\\\/\",\"name\":\"NOTICIAS DE LA 4T\",\"description\":\"\",\"publisher\":{\"@id\":\"https:\\\/\\\/redamlo.com\\\/#organization\"},\"potentialAction\":[{\"@type\":\"SearchAction\",\"target\":{\"@type\":\"EntryPoint\",\"urlTemplate\":\"https:\\\/\\\/redamlo.com\\\/?s={search_term_string}\"},\"query-input\":{\"@type\":\"PropertyValueSpecification\",\"valueRequired\":true,\"valueName\":\"search_term_string\"}}],\"inLanguage\":\"es\"},{\"@type\":\"Organization\",\"@id\":\"https:\\\/\\\/redamlo.com\\\/#organization\",\"name\":\"NOTICIAS DE LA 4T\",\"url\":\"https:\\\/\\\/redamlo.com\\\/\",\"logo\":{\"@type\":\"ImageObject\",\"inLanguage\":\"es\",\"@id\":\"https:\\\/\\\/redamlo.com\\\/#\\\/schema\\\/logo\\\/image\\\/\",\"url\":\"https:\\\/\\\/redamlo.com\\\/wp-content\\\/uploads\\\/2024\\\/08\\\/cropped-RED-AMLO-logo-50.png\",\"contentUrl\":\"https:\\\/\\\/redamlo.com\\\/wp-content\\\/uploads\\\/2024\\\/08\\\/cropped-RED-AMLO-logo-50.png\",\"width\":256,\"height\":256,\"caption\":\"NOTICIAS DE LA 4T\"},\"image\":{\"@id\":\"https:\\\/\\\/redamlo.com\\\/#\\\/schema\\\/logo\\\/image\\\/\"}},{\"@type\":\"Person\",\"@id\":\"https:\\\/\\\/redamlo.com\\\/#\\\/schema\\\/person\\\/7223a4375eb8f1a782fcae010a7115cf\",\"name\":\"Blanca\",\"image\":{\"@type\":\"ImageObject\",\"inLanguage\":\"es\",\"@id\":\"https:\\\/\\\/secure.gravatar.com\\\/avatar\\\/3f79bc8336367a4e6093eae8757acaaf61d1124834b905616de7829b0273426d?s=96&d=mm&r=g\",\"url\":\"https:\\\/\\\/secure.gravatar.com\\\/avatar\\\/3f79bc8336367a4e6093eae8757acaaf61d1124834b905616de7829b0273426d?s=96&d=mm&r=g\",\"contentUrl\":\"https:\\\/\\\/secure.gravatar.com\\\/avatar\\\/3f79bc8336367a4e6093eae8757acaaf61d1124834b905616de7829b0273426d?s=96&d=mm&r=g\",\"caption\":\"Blanca\"},\"url\":\"https:\\\/\\\/redamlo.com\\\/index.php\\\/author\\\/blanca\\\/\"}]}<\/script>\n<!-- \/ Yoast SEO plugin. -->","yoast_head_json":{"title":"AMLO anuncia gira por Centroam\u00e9rica y Cuba en mayo - NOTICIAS DE LA 4T","robots":{"index":"noindex","follow":"follow","max-snippet":"max-snippet:-1","max-image-preview":"max-image-preview:large","max-video-preview":"max-video-preview:-1"},"og_locale":"es_MX","og_type":"article","og_title":"AMLO anuncia gira por Centroam\u00e9rica y Cuba en mayo - NOTICIAS DE LA 4T","og_description":"Realidades.- El presidente L\u00f3pez Obrador atender\u00e1 temas sobre la situaci\u00f3n migratoria de estos pa\u00edses. El...","og_url":"https:\/\/redamlo.com\/index.php\/2022\/03\/11\/amlo-anuncia-gira-por-centroamerica-y-cuba-en-mayo\/","og_site_name":"NOTICIAS DE LA 4T","article_published_time":"2022-03-11T18:06:25+00:00","og_image":[{"width":567,"height":326,"url":"https:\/\/redamlo.com\/wp-content\/uploads\/2022\/03\/454-6.png","type":"image\/png"}],"author":"Blanca","twitter_card":"summary_large_image","twitter_misc":{"Escrito por":"Blanca","Tiempo de lectura":"2 minutos"},"schema":{"@context":"https:\/\/schema.org","@graph":[{"@type":"Article","@id":"https:\/\/redamlo.com\/index.php\/2022\/03\/11\/amlo-anuncia-gira-por-centroamerica-y-cuba-en-mayo\/#article","isPartOf":{"@id":"https:\/\/redamlo.com\/index.php\/2022\/03\/11\/amlo-anuncia-gira-por-centroamerica-y-cuba-en-mayo\/"},"author":{"name":"Blanca","@id":"https:\/\/redamlo.com\/#\/schema\/person\/7223a4375eb8f1a782fcae010a7115cf"},"headline":"AMLO anuncia gira por Centroam\u00e9rica y Cuba en mayo","datePublished":"2022-03-11T18:06:25+00:00","mainEntityOfPage":{"@id":"https:\/\/redamlo.com\/index.php\/2022\/03\/11\/amlo-anuncia-gira-por-centroamerica-y-cuba-en-mayo\/"},"wordCount":394,"commentCount":0,"publisher":{"@id":"https:\/\/redamlo.com\/#organization"},"image":{"@id":"https:\/\/redamlo.com\/index.php\/2022\/03\/11\/amlo-anuncia-gira-por-centroamerica-y-cuba-en-mayo\/#primaryimage"},"thumbnailUrl":"https:\/\/redamlo.com\/wp-content\/uploads\/2022\/03\/454-6.png","keywords":["AMLO","Centroam\u00e9rica","Cooperaci\u00f3n","El Salvador","Gira","Guatemala","Honduras","Mayo","Migratorio","Programas"],"articleSection":["4T","Nacionales"],"inLanguage":"es","potentialAction":[{"@type":"CommentAction","name":"Comment","target":["https:\/\/redamlo.com\/index.php\/2022\/03\/11\/amlo-anuncia-gira-por-centroamerica-y-cuba-en-mayo\/#respond"]}]},{"@type":"WebPage","@id":"https:\/\/redamlo.com\/index.php\/2022\/03\/11\/amlo-anuncia-gira-por-centroamerica-y-cuba-en-mayo\/","url":"https:\/\/redamlo.com\/index.php\/2022\/03\/11\/amlo-anuncia-gira-por-centroamerica-y-cuba-en-mayo\/","name":"AMLO anuncia gira por Centroam\u00e9rica y Cuba en mayo - NOTICIAS DE LA 4T","isPartOf":{"@id":"https:\/\/redamlo.com\/#website"},"primaryImageOfPage":{"@id":"https:\/\/redamlo.com\/index.php\/2022\/03\/11\/amlo-anuncia-gira-por-centroamerica-y-cuba-en-mayo\/#primaryimage"},"image":{"@id":"https:\/\/redamlo.com\/index.php\/2022\/03\/11\/amlo-anuncia-gira-por-centroamerica-y-cuba-en-mayo\/#primaryimage"},"thumbnailUrl":"https:\/\/redamlo.com\/wp-content\/uploads\/2022\/03\/454-6.png","datePublished":"2022-03-11T18:06:25+00:00","breadcrumb":{"@id":"https:\/\/redamlo.com\/index.php\/2022\/03\/11\/amlo-anuncia-gira-por-centroamerica-y-cuba-en-mayo\/#breadcrumb"},"inLanguage":"es","potentialAction":[{"@type":"ReadAction","target":["https:\/\/redamlo.com\/index.php\/2022\/03\/11\/amlo-anuncia-gira-por-centroamerica-y-cuba-en-mayo\/"]}]},{"@type":"ImageObject","inLanguage":"es","@id":"https:\/\/redamlo.com\/index.php\/2022\/03\/11\/amlo-anuncia-gira-por-centroamerica-y-cuba-en-mayo\/#primaryimage","url":"https:\/\/redamlo.com\/wp-content\/uploads\/2022\/03\/454-6.png","contentUrl":"https:\/\/redamlo.com\/wp-content\/uploads\/2022\/03\/454-6.png","width":567,"height":326},{"@type":"BreadcrumbList","@id":"https:\/\/redamlo.com\/index.php\/2022\/03\/11\/amlo-anuncia-gira-por-centroamerica-y-cuba-en-mayo\/#breadcrumb","itemListElement":[{"@type":"ListItem","position":1,"name":"Inicio","item":"https:\/\/redamlo.com\/"},{"@type":"ListItem","position":2,"name":"AMLO anuncia gira por Centroam\u00e9rica y Cuba en mayo"}]},{"@type":"WebSite","@id":"https:\/\/redamlo.com\/#website","url":"https:\/\/redamlo.com\/","name":"NOTICIAS DE LA 4T","description":"","publisher":{"@id":"https:\/\/redamlo.com\/#organization"},"potentialAction":[{"@type":"SearchAction","target":{"@type":"EntryPoint","urlTemplate":"https:\/\/redamlo.com\/?s={search_term_string}"},"query-input":{"@type":"PropertyValueSpecification","valueRequired":true,"valueName":"search_term_string"}}],"inLanguage":"es"},{"@type":"Organization","@id":"https:\/\/redamlo.com\/#organization","name":"NOTICIAS DE LA 4T","url":"https:\/\/redamlo.com\/","logo":{"@type":"ImageObject","inLanguage":"es","@id":"https:\/\/redamlo.com\/#\/schema\/logo\/image\/","url":"https:\/\/redamlo.com\/wp-content\/uploads\/2024\/08\/cropped-RED-AMLO-logo-50.png","contentUrl":"https:\/\/redamlo.com\/wp-content\/uploads\/2024\/08\/cropped-RED-AMLO-logo-50.png","width":256,"height":256,"caption":"NOTICIAS DE LA 4T"},"image":{"@id":"https:\/\/redamlo.com\/#\/schema\/logo\/image\/"}},{"@type":"Person","@id":"https:\/\/redamlo.com\/#\/schema\/person\/7223a4375eb8f1a782fcae010a7115cf","name":"Blanca","image":{"@type":"ImageObject","inLanguage":"es","@id":"https:\/\/secure.gravatar.com\/avatar\/3f79bc8336367a4e6093eae8757acaaf61d1124834b905616de7829b0273426d?s=96&d=mm&r=g","url":"https:\/\/secure.gravatar.com\/avatar\/3f79bc8336367a4e6093eae8757acaaf61d1124834b905616de7829b0273426d?s=96&d=mm&r=g","contentUrl":"https:\/\/secure.gravatar.com\/avatar\/3f79bc8336367a4e6093eae8757acaaf61d1124834b905616de7829b0273426d?s=96&d=mm&r=g","caption":"Blanca"},"url":"https:\/\/redamlo.com\/index.php\/author\/blanca\/"}]}},"_links":{"self":[{"href":"https:\/\/redamlo.com\/index.php\/wp-json\/wp\/v2\/posts\/6153","targetHints":{"allow":["GET"]}}],"collection":[{"href":"https:\/\/redamlo.com\/index.php\/wp-json\/wp\/v2\/posts"}],"about":[{"href":"https:\/\/redamlo.com\/index.php\/wp-json\/wp\/v2\/types\/post"}],"author":[{"embeddable":true,"href":"https:\/\/redamlo.com\/index.php\/wp-json\/wp\/v2\/users\/2"}],"replies":[{"embeddable":true,"href":"https:\/\/redamlo.com\/index.php\/wp-json\/wp\/v2\/comments?post=6153"}],"version-history":[{"count":0,"href":"https:\/\/redamlo.com\/index.php\/wp-json\/wp\/v2\/posts\/6153\/revisions"}],"wp:featuredmedia":[{"embeddable":true,"href":"https:\/\/redamlo.com\/index.php\/wp-json\/wp\/v2\/media\/6154"}],"wp:attachment":[{"href":"https:\/\/redamlo.com\/index.php\/wp-json\/wp\/v2\/media?parent=6153"}],"wp:term":[{"taxonomy":"category","embeddable":true,"href":"https:\/\/redamlo.com\/index.php\/wp-json\/wp\/v2\/categories?post=6153"},{"taxonomy":"post_tag","embeddable":true,"href":"https:\/\/redamlo.com\/index.php\/wp-json\/wp\/v2\/tags?post=6153"}],"curies":[{"name":"wp","href":"https:\/\/api.w.org\/{rel}","templated":true}]}}