{"id":6139,"date":"2022-03-10T12:12:24","date_gmt":"2022-03-10T18:12:24","guid":{"rendered":"https:\/\/redamlo.com\/?p=6139"},"modified":"2022-03-10T12:12:24","modified_gmt":"2022-03-10T18:12:24","slug":"amlo-acuso-a-opositores-de-gastar-millones-de-dolares-para-espiar-y-hackear-a-la-4t","status":"publish","type":"post","link":"https:\/\/redamlo.com\/index.php\/2022\/03\/10\/amlo-acuso-a-opositores-de-gastar-millones-de-dolares-para-espiar-y-hackear-a-la-4t\/","title":{"rendered":"AMLO acus\u00f3 a opositores de gastar &#8220;millones de d\u00f3lares&#8221; para espiar y hackear a la 4T"},"content":{"rendered":"\n\n<strong>Realidades.- Asegur\u00f3 que tiene informaci\u00f3n de grupos de intereses creados con este fin y denunci\u00f3 que accedieron al tel\u00e9fono de Durazo.<\/strong>\n\n \n\nEn el marco de las filtraciones sobre las conversaciones del fiscal Alejandro Gertz Manero, el Presidente Andr\u00e9s Manuel L\u00f3pez Obrador apunt\u00f3 contra grupos de intereses creados, que asegur\u00f3, est\u00e1n destinando &#8220;millones de d\u00f3lares&#8221; para espiar a su gobierno.\n\n \n\n&#8220;Sigue habiendo espionaje de grupos de intereses creados: abogados, pol\u00edticos corruptos, de las grandes corporaciones, de los conservadores, mafia pol\u00edtica&#8221;, respondi\u00f3 el mandatario esta ma\u00f1ana de martes, al ser cuestionado sobre si hab\u00eda alguna alerta ante estas filtraciones a dependencias de procuraci\u00f3n de justicia.\n\n \n\nL\u00f3pez Obrador descart\u00f3 que el espionaje ocurra desde su Gobierno: &#8220;Asegurar que nosotros cancelamos el CISEN, que no se esp\u00eda a nadie, que no se graban conversaciones telef\u00f3nicas como era antes y que la inteligencia que se tiene es para enfrentar al crimen organizado, b\u00e1sicamente. No a opositores como era antes&#8221;. Adem\u00e1s, asegura que tiene &#8220;informantes&#8221; por todos lados, que son &#8220;choferes de los fif\u00eds, los chefs, meseros, todos est\u00e1n ayudando mandando informaci\u00f3n&#8221;.\n\n \n\n&#8220;Hace poco nos informaron de que todo este grupo que est\u00e1 en contra nuestra hab\u00edan comprado aparatos, puede ser que no sea cierto, pero son capaces de todo, para sacar informaci\u00f3n de los celulares, hackearnos&#8221;, explic\u00f3.\n\n \n<figure class=\"wp-block-image size-large\"><img decoding=\"async\" class=\"wp-image-41545\" src=\"https:\/\/realidadesqroo.files.wordpress.com\/2022\/03\/image-134.png?w=940\" alt=\"\" \/><figcaption>AMLO<\/figcaption><\/figure>\n \n\nComo ejemplo, relat\u00f3 que en d\u00edas recientes recibieron en la Oficina de Presidencia un correo del tel\u00e9fono del gobernador de Sonora, Alfonso Durazo, pidiendo un apoyo econ\u00f3mico. &#8220;Le hackearon su tel\u00e9fono porque compraron un equipo de muchos millones de d\u00f3lares para intervenir y sacar informaci\u00f3n. Pero esto con prop\u00f3sitos pol\u00edticos&#8221;, dijo.\n\n \n\nInsisti\u00f3 en que el bloque conservador s\u00ed tiene equipos de informantes &#8220;y, desde luego, tiene a su servicio a periodistas, comunicadores que les paga, eso s\u00ed nos consta y tenemos pruebas&#8221;, agreg\u00f3, asegurando que el grupo opositor conservador &#8220;est\u00e1 decidido a seguir en la senda del golpismo medi\u00e1tico&#8221; a trav\u00e9s de esc\u00e1ndalos con los medios, como es el caso de la casa gris, explic\u00f3.\n\n \n\nEl Presidente habl\u00f3 de manera general sobre el tema, sin se\u00f1alar espec\u00edficamente si fue lo que ocurri\u00f3 con las filtraciones sobre la presunta conversaci\u00f3n entre Gertz Manero y el fiscal especializado en control competencial. El d\u00eda de ayer, la FGR anunci\u00f3 que inciar\u00eda una investigaci\u00f3n sobre este caso.\n\n \n\nFuente: <a href=\"https:\/\/www.lapoliticaonline.com\/mexico\/politica-mx\/amlo-acuso-que-opositores-han-gastado-millones-para-espiar-y-hackear-a-su-gobierno\/?fbclid=IwAR0LUK4kRQfDD5lq2kuRt9Npovy3-4fr3dZZBaJgksHseRaMPoPgMiy3_mw\">LPO<\/a>\n\n","protected":false},"excerpt":{"rendered":"<p>Realidades.- Asegur\u00f3 que tiene informaci\u00f3n de grupos de intereses creados con este fin y denunci\u00f3&#8230;<\/p>\n","protected":false},"author":2,"featured_media":6140,"comment_status":"open","ping_status":"closed","sticky":false,"template":"","format":"standard","meta":{"footnotes":""},"categories":[25,20],"tags":[84,2179,1405,2180,2181,2182,2183,2184,2185,2186,2187],"class_list":["post-6139","post","type-post","status-publish","format-standard","has-post-thumbnail","hentry","category-4t","category-nacionales","tag-amlo","tag-celulares","tag-corruptos","tag-eqipos-de-espionaje","tag-equipos-de-espionaje","tag-fifis","tag-frupos-conservadores","tag-gasto-de-millones-de-dolares","tag-hackear","tag-mafia-del-poder","tag-politicos-oposicion"],"yoast_head":"<!-- This site is optimized with the Yoast SEO plugin v27.5 - https:\/\/yoast.com\/product\/yoast-seo-wordpress\/ -->\n<title>AMLO acus\u00f3 a opositores de gastar &quot;millones de d\u00f3lares&quot; para espiar y hackear a la 4T - NOTICIAS DE LA 4T<\/title>\n<meta name=\"robots\" content=\"noindex, follow, max-snippet:-1, max-image-preview:large, max-video-preview:-1\" \/>\n<meta property=\"og:locale\" content=\"es_MX\" \/>\n<meta property=\"og:type\" content=\"article\" \/>\n<meta property=\"og:title\" content=\"AMLO acus\u00f3 a opositores de gastar &quot;millones de d\u00f3lares&quot; para espiar y hackear a la 4T - NOTICIAS DE LA 4T\" \/>\n<meta property=\"og:description\" content=\"Realidades.- Asegur\u00f3 que tiene informaci\u00f3n de grupos de intereses creados con este fin y denunci\u00f3...\" \/>\n<meta property=\"og:url\" content=\"https:\/\/redamlo.com\/index.php\/2022\/03\/10\/amlo-acuso-a-opositores-de-gastar-millones-de-dolares-para-espiar-y-hackear-a-la-4t\/\" \/>\n<meta property=\"og:site_name\" content=\"NOTICIAS DE LA 4T\" \/>\n<meta property=\"article:published_time\" content=\"2022-03-10T18:12:24+00:00\" \/>\n<meta property=\"og:image\" content=\"https:\/\/redamlo.com\/wp-content\/uploads\/2022\/03\/454-4.png\" \/>\n\t<meta property=\"og:image:width\" content=\"640\" \/>\n\t<meta property=\"og:image:height\" content=\"426\" \/>\n\t<meta property=\"og:image:type\" content=\"image\/png\" \/>\n<meta name=\"author\" content=\"Blanca\" \/>\n<meta name=\"twitter:card\" content=\"summary_large_image\" \/>\n<meta name=\"twitter:label1\" content=\"Escrito por\" \/>\n\t<meta name=\"twitter:data1\" content=\"Blanca\" \/>\n\t<meta name=\"twitter:label2\" content=\"Tiempo de lectura\" \/>\n\t<meta name=\"twitter:data2\" content=\"2 minutos\" \/>\n<script type=\"application\/ld+json\" class=\"yoast-schema-graph\">{\"@context\":\"https:\\\/\\\/schema.org\",\"@graph\":[{\"@type\":\"Article\",\"@id\":\"https:\\\/\\\/redamlo.com\\\/index.php\\\/2022\\\/03\\\/10\\\/amlo-acuso-a-opositores-de-gastar-millones-de-dolares-para-espiar-y-hackear-a-la-4t\\\/#article\",\"isPartOf\":{\"@id\":\"https:\\\/\\\/redamlo.com\\\/index.php\\\/2022\\\/03\\\/10\\\/amlo-acuso-a-opositores-de-gastar-millones-de-dolares-para-espiar-y-hackear-a-la-4t\\\/\"},\"author\":{\"name\":\"Blanca\",\"@id\":\"https:\\\/\\\/redamlo.com\\\/#\\\/schema\\\/person\\\/7223a4375eb8f1a782fcae010a7115cf\"},\"headline\":\"AMLO acus\u00f3 a opositores de gastar &#8220;millones de d\u00f3lares&#8221; para espiar y hackear a la 4T\",\"datePublished\":\"2022-03-10T18:12:24+00:00\",\"mainEntityOfPage\":{\"@id\":\"https:\\\/\\\/redamlo.com\\\/index.php\\\/2022\\\/03\\\/10\\\/amlo-acuso-a-opositores-de-gastar-millones-de-dolares-para-espiar-y-hackear-a-la-4t\\\/\"},\"wordCount\":434,\"commentCount\":0,\"publisher\":{\"@id\":\"https:\\\/\\\/redamlo.com\\\/#organization\"},\"image\":{\"@id\":\"https:\\\/\\\/redamlo.com\\\/index.php\\\/2022\\\/03\\\/10\\\/amlo-acuso-a-opositores-de-gastar-millones-de-dolares-para-espiar-y-hackear-a-la-4t\\\/#primaryimage\"},\"thumbnailUrl\":\"https:\\\/\\\/redamlo.com\\\/wp-content\\\/uploads\\\/2022\\\/03\\\/454-4.png\",\"keywords\":[\"AMLO\",\"Celulares\",\"Corruptos\",\"Eqipos de Espionaje\",\"Equipos de Espionaje\",\"Fifis\",\"Frupos Conservadores\",\"Gasto de millones de Dolares\",\"Hackear\",\"Mafia del Poder\",\"Pol\u00edticos oposici\u00f3n\"],\"articleSection\":[\"4T\",\"Nacionales\"],\"inLanguage\":\"es\",\"potentialAction\":[{\"@type\":\"CommentAction\",\"name\":\"Comment\",\"target\":[\"https:\\\/\\\/redamlo.com\\\/index.php\\\/2022\\\/03\\\/10\\\/amlo-acuso-a-opositores-de-gastar-millones-de-dolares-para-espiar-y-hackear-a-la-4t\\\/#respond\"]}]},{\"@type\":\"WebPage\",\"@id\":\"https:\\\/\\\/redamlo.com\\\/index.php\\\/2022\\\/03\\\/10\\\/amlo-acuso-a-opositores-de-gastar-millones-de-dolares-para-espiar-y-hackear-a-la-4t\\\/\",\"url\":\"https:\\\/\\\/redamlo.com\\\/index.php\\\/2022\\\/03\\\/10\\\/amlo-acuso-a-opositores-de-gastar-millones-de-dolares-para-espiar-y-hackear-a-la-4t\\\/\",\"name\":\"AMLO acus\u00f3 a opositores de gastar \\\"millones de d\u00f3lares\\\" para espiar y hackear a la 4T - NOTICIAS DE LA 4T\",\"isPartOf\":{\"@id\":\"https:\\\/\\\/redamlo.com\\\/#website\"},\"primaryImageOfPage\":{\"@id\":\"https:\\\/\\\/redamlo.com\\\/index.php\\\/2022\\\/03\\\/10\\\/amlo-acuso-a-opositores-de-gastar-millones-de-dolares-para-espiar-y-hackear-a-la-4t\\\/#primaryimage\"},\"image\":{\"@id\":\"https:\\\/\\\/redamlo.com\\\/index.php\\\/2022\\\/03\\\/10\\\/amlo-acuso-a-opositores-de-gastar-millones-de-dolares-para-espiar-y-hackear-a-la-4t\\\/#primaryimage\"},\"thumbnailUrl\":\"https:\\\/\\\/redamlo.com\\\/wp-content\\\/uploads\\\/2022\\\/03\\\/454-4.png\",\"datePublished\":\"2022-03-10T18:12:24+00:00\",\"breadcrumb\":{\"@id\":\"https:\\\/\\\/redamlo.com\\\/index.php\\\/2022\\\/03\\\/10\\\/amlo-acuso-a-opositores-de-gastar-millones-de-dolares-para-espiar-y-hackear-a-la-4t\\\/#breadcrumb\"},\"inLanguage\":\"es\",\"potentialAction\":[{\"@type\":\"ReadAction\",\"target\":[\"https:\\\/\\\/redamlo.com\\\/index.php\\\/2022\\\/03\\\/10\\\/amlo-acuso-a-opositores-de-gastar-millones-de-dolares-para-espiar-y-hackear-a-la-4t\\\/\"]}]},{\"@type\":\"ImageObject\",\"inLanguage\":\"es\",\"@id\":\"https:\\\/\\\/redamlo.com\\\/index.php\\\/2022\\\/03\\\/10\\\/amlo-acuso-a-opositores-de-gastar-millones-de-dolares-para-espiar-y-hackear-a-la-4t\\\/#primaryimage\",\"url\":\"https:\\\/\\\/redamlo.com\\\/wp-content\\\/uploads\\\/2022\\\/03\\\/454-4.png\",\"contentUrl\":\"https:\\\/\\\/redamlo.com\\\/wp-content\\\/uploads\\\/2022\\\/03\\\/454-4.png\",\"width\":640,\"height\":426},{\"@type\":\"BreadcrumbList\",\"@id\":\"https:\\\/\\\/redamlo.com\\\/index.php\\\/2022\\\/03\\\/10\\\/amlo-acuso-a-opositores-de-gastar-millones-de-dolares-para-espiar-y-hackear-a-la-4t\\\/#breadcrumb\",\"itemListElement\":[{\"@type\":\"ListItem\",\"position\":1,\"name\":\"Inicio\",\"item\":\"https:\\\/\\\/redamlo.com\\\/\"},{\"@type\":\"ListItem\",\"position\":2,\"name\":\"AMLO acus\u00f3 a opositores de gastar &#8220;millones de d\u00f3lares&#8221; para espiar y hackear a la 4T\"}]},{\"@type\":\"WebSite\",\"@id\":\"https:\\\/\\\/redamlo.com\\\/#website\",\"url\":\"https:\\\/\\\/redamlo.com\\\/\",\"name\":\"NOTICIAS DE LA 4T\",\"description\":\"\",\"publisher\":{\"@id\":\"https:\\\/\\\/redamlo.com\\\/#organization\"},\"potentialAction\":[{\"@type\":\"SearchAction\",\"target\":{\"@type\":\"EntryPoint\",\"urlTemplate\":\"https:\\\/\\\/redamlo.com\\\/?s={search_term_string}\"},\"query-input\":{\"@type\":\"PropertyValueSpecification\",\"valueRequired\":true,\"valueName\":\"search_term_string\"}}],\"inLanguage\":\"es\"},{\"@type\":\"Organization\",\"@id\":\"https:\\\/\\\/redamlo.com\\\/#organization\",\"name\":\"NOTICIAS DE LA 4T\",\"url\":\"https:\\\/\\\/redamlo.com\\\/\",\"logo\":{\"@type\":\"ImageObject\",\"inLanguage\":\"es\",\"@id\":\"https:\\\/\\\/redamlo.com\\\/#\\\/schema\\\/logo\\\/image\\\/\",\"url\":\"https:\\\/\\\/redamlo.com\\\/wp-content\\\/uploads\\\/2024\\\/08\\\/cropped-RED-AMLO-logo-50.png\",\"contentUrl\":\"https:\\\/\\\/redamlo.com\\\/wp-content\\\/uploads\\\/2024\\\/08\\\/cropped-RED-AMLO-logo-50.png\",\"width\":256,\"height\":256,\"caption\":\"NOTICIAS DE LA 4T\"},\"image\":{\"@id\":\"https:\\\/\\\/redamlo.com\\\/#\\\/schema\\\/logo\\\/image\\\/\"}},{\"@type\":\"Person\",\"@id\":\"https:\\\/\\\/redamlo.com\\\/#\\\/schema\\\/person\\\/7223a4375eb8f1a782fcae010a7115cf\",\"name\":\"Blanca\",\"image\":{\"@type\":\"ImageObject\",\"inLanguage\":\"es\",\"@id\":\"https:\\\/\\\/secure.gravatar.com\\\/avatar\\\/3f79bc8336367a4e6093eae8757acaaf61d1124834b905616de7829b0273426d?s=96&d=mm&r=g\",\"url\":\"https:\\\/\\\/secure.gravatar.com\\\/avatar\\\/3f79bc8336367a4e6093eae8757acaaf61d1124834b905616de7829b0273426d?s=96&d=mm&r=g\",\"contentUrl\":\"https:\\\/\\\/secure.gravatar.com\\\/avatar\\\/3f79bc8336367a4e6093eae8757acaaf61d1124834b905616de7829b0273426d?s=96&d=mm&r=g\",\"caption\":\"Blanca\"},\"url\":\"https:\\\/\\\/redamlo.com\\\/index.php\\\/author\\\/blanca\\\/\"}]}<\/script>\n<!-- \/ Yoast SEO plugin. -->","yoast_head_json":{"title":"AMLO acus\u00f3 a opositores de gastar \"millones de d\u00f3lares\" para espiar y hackear a la 4T - NOTICIAS DE LA 4T","robots":{"index":"noindex","follow":"follow","max-snippet":"max-snippet:-1","max-image-preview":"max-image-preview:large","max-video-preview":"max-video-preview:-1"},"og_locale":"es_MX","og_type":"article","og_title":"AMLO acus\u00f3 a opositores de gastar \"millones de d\u00f3lares\" para espiar y hackear a la 4T - NOTICIAS DE LA 4T","og_description":"Realidades.- Asegur\u00f3 que tiene informaci\u00f3n de grupos de intereses creados con este fin y denunci\u00f3...","og_url":"https:\/\/redamlo.com\/index.php\/2022\/03\/10\/amlo-acuso-a-opositores-de-gastar-millones-de-dolares-para-espiar-y-hackear-a-la-4t\/","og_site_name":"NOTICIAS DE LA 4T","article_published_time":"2022-03-10T18:12:24+00:00","og_image":[{"width":640,"height":426,"url":"https:\/\/redamlo.com\/wp-content\/uploads\/2022\/03\/454-4.png","type":"image\/png"}],"author":"Blanca","twitter_card":"summary_large_image","twitter_misc":{"Escrito por":"Blanca","Tiempo de lectura":"2 minutos"},"schema":{"@context":"https:\/\/schema.org","@graph":[{"@type":"Article","@id":"https:\/\/redamlo.com\/index.php\/2022\/03\/10\/amlo-acuso-a-opositores-de-gastar-millones-de-dolares-para-espiar-y-hackear-a-la-4t\/#article","isPartOf":{"@id":"https:\/\/redamlo.com\/index.php\/2022\/03\/10\/amlo-acuso-a-opositores-de-gastar-millones-de-dolares-para-espiar-y-hackear-a-la-4t\/"},"author":{"name":"Blanca","@id":"https:\/\/redamlo.com\/#\/schema\/person\/7223a4375eb8f1a782fcae010a7115cf"},"headline":"AMLO acus\u00f3 a opositores de gastar &#8220;millones de d\u00f3lares&#8221; para espiar y hackear a la 4T","datePublished":"2022-03-10T18:12:24+00:00","mainEntityOfPage":{"@id":"https:\/\/redamlo.com\/index.php\/2022\/03\/10\/amlo-acuso-a-opositores-de-gastar-millones-de-dolares-para-espiar-y-hackear-a-la-4t\/"},"wordCount":434,"commentCount":0,"publisher":{"@id":"https:\/\/redamlo.com\/#organization"},"image":{"@id":"https:\/\/redamlo.com\/index.php\/2022\/03\/10\/amlo-acuso-a-opositores-de-gastar-millones-de-dolares-para-espiar-y-hackear-a-la-4t\/#primaryimage"},"thumbnailUrl":"https:\/\/redamlo.com\/wp-content\/uploads\/2022\/03\/454-4.png","keywords":["AMLO","Celulares","Corruptos","Eqipos de Espionaje","Equipos de Espionaje","Fifis","Frupos Conservadores","Gasto de millones de Dolares","Hackear","Mafia del Poder","Pol\u00edticos oposici\u00f3n"],"articleSection":["4T","Nacionales"],"inLanguage":"es","potentialAction":[{"@type":"CommentAction","name":"Comment","target":["https:\/\/redamlo.com\/index.php\/2022\/03\/10\/amlo-acuso-a-opositores-de-gastar-millones-de-dolares-para-espiar-y-hackear-a-la-4t\/#respond"]}]},{"@type":"WebPage","@id":"https:\/\/redamlo.com\/index.php\/2022\/03\/10\/amlo-acuso-a-opositores-de-gastar-millones-de-dolares-para-espiar-y-hackear-a-la-4t\/","url":"https:\/\/redamlo.com\/index.php\/2022\/03\/10\/amlo-acuso-a-opositores-de-gastar-millones-de-dolares-para-espiar-y-hackear-a-la-4t\/","name":"AMLO acus\u00f3 a opositores de gastar \"millones de d\u00f3lares\" para espiar y hackear a la 4T - NOTICIAS DE LA 4T","isPartOf":{"@id":"https:\/\/redamlo.com\/#website"},"primaryImageOfPage":{"@id":"https:\/\/redamlo.com\/index.php\/2022\/03\/10\/amlo-acuso-a-opositores-de-gastar-millones-de-dolares-para-espiar-y-hackear-a-la-4t\/#primaryimage"},"image":{"@id":"https:\/\/redamlo.com\/index.php\/2022\/03\/10\/amlo-acuso-a-opositores-de-gastar-millones-de-dolares-para-espiar-y-hackear-a-la-4t\/#primaryimage"},"thumbnailUrl":"https:\/\/redamlo.com\/wp-content\/uploads\/2022\/03\/454-4.png","datePublished":"2022-03-10T18:12:24+00:00","breadcrumb":{"@id":"https:\/\/redamlo.com\/index.php\/2022\/03\/10\/amlo-acuso-a-opositores-de-gastar-millones-de-dolares-para-espiar-y-hackear-a-la-4t\/#breadcrumb"},"inLanguage":"es","potentialAction":[{"@type":"ReadAction","target":["https:\/\/redamlo.com\/index.php\/2022\/03\/10\/amlo-acuso-a-opositores-de-gastar-millones-de-dolares-para-espiar-y-hackear-a-la-4t\/"]}]},{"@type":"ImageObject","inLanguage":"es","@id":"https:\/\/redamlo.com\/index.php\/2022\/03\/10\/amlo-acuso-a-opositores-de-gastar-millones-de-dolares-para-espiar-y-hackear-a-la-4t\/#primaryimage","url":"https:\/\/redamlo.com\/wp-content\/uploads\/2022\/03\/454-4.png","contentUrl":"https:\/\/redamlo.com\/wp-content\/uploads\/2022\/03\/454-4.png","width":640,"height":426},{"@type":"BreadcrumbList","@id":"https:\/\/redamlo.com\/index.php\/2022\/03\/10\/amlo-acuso-a-opositores-de-gastar-millones-de-dolares-para-espiar-y-hackear-a-la-4t\/#breadcrumb","itemListElement":[{"@type":"ListItem","position":1,"name":"Inicio","item":"https:\/\/redamlo.com\/"},{"@type":"ListItem","position":2,"name":"AMLO acus\u00f3 a opositores de gastar &#8220;millones de d\u00f3lares&#8221; para espiar y hackear a la 4T"}]},{"@type":"WebSite","@id":"https:\/\/redamlo.com\/#website","url":"https:\/\/redamlo.com\/","name":"NOTICIAS DE LA 4T","description":"","publisher":{"@id":"https:\/\/redamlo.com\/#organization"},"potentialAction":[{"@type":"SearchAction","target":{"@type":"EntryPoint","urlTemplate":"https:\/\/redamlo.com\/?s={search_term_string}"},"query-input":{"@type":"PropertyValueSpecification","valueRequired":true,"valueName":"search_term_string"}}],"inLanguage":"es"},{"@type":"Organization","@id":"https:\/\/redamlo.com\/#organization","name":"NOTICIAS DE LA 4T","url":"https:\/\/redamlo.com\/","logo":{"@type":"ImageObject","inLanguage":"es","@id":"https:\/\/redamlo.com\/#\/schema\/logo\/image\/","url":"https:\/\/redamlo.com\/wp-content\/uploads\/2024\/08\/cropped-RED-AMLO-logo-50.png","contentUrl":"https:\/\/redamlo.com\/wp-content\/uploads\/2024\/08\/cropped-RED-AMLO-logo-50.png","width":256,"height":256,"caption":"NOTICIAS DE LA 4T"},"image":{"@id":"https:\/\/redamlo.com\/#\/schema\/logo\/image\/"}},{"@type":"Person","@id":"https:\/\/redamlo.com\/#\/schema\/person\/7223a4375eb8f1a782fcae010a7115cf","name":"Blanca","image":{"@type":"ImageObject","inLanguage":"es","@id":"https:\/\/secure.gravatar.com\/avatar\/3f79bc8336367a4e6093eae8757acaaf61d1124834b905616de7829b0273426d?s=96&d=mm&r=g","url":"https:\/\/secure.gravatar.com\/avatar\/3f79bc8336367a4e6093eae8757acaaf61d1124834b905616de7829b0273426d?s=96&d=mm&r=g","contentUrl":"https:\/\/secure.gravatar.com\/avatar\/3f79bc8336367a4e6093eae8757acaaf61d1124834b905616de7829b0273426d?s=96&d=mm&r=g","caption":"Blanca"},"url":"https:\/\/redamlo.com\/index.php\/author\/blanca\/"}]}},"_links":{"self":[{"href":"https:\/\/redamlo.com\/index.php\/wp-json\/wp\/v2\/posts\/6139","targetHints":{"allow":["GET"]}}],"collection":[{"href":"https:\/\/redamlo.com\/index.php\/wp-json\/wp\/v2\/posts"}],"about":[{"href":"https:\/\/redamlo.com\/index.php\/wp-json\/wp\/v2\/types\/post"}],"author":[{"embeddable":true,"href":"https:\/\/redamlo.com\/index.php\/wp-json\/wp\/v2\/users\/2"}],"replies":[{"embeddable":true,"href":"https:\/\/redamlo.com\/index.php\/wp-json\/wp\/v2\/comments?post=6139"}],"version-history":[{"count":0,"href":"https:\/\/redamlo.com\/index.php\/wp-json\/wp\/v2\/posts\/6139\/revisions"}],"wp:featuredmedia":[{"embeddable":true,"href":"https:\/\/redamlo.com\/index.php\/wp-json\/wp\/v2\/media\/6140"}],"wp:attachment":[{"href":"https:\/\/redamlo.com\/index.php\/wp-json\/wp\/v2\/media?parent=6139"}],"wp:term":[{"taxonomy":"category","embeddable":true,"href":"https:\/\/redamlo.com\/index.php\/wp-json\/wp\/v2\/categories?post=6139"},{"taxonomy":"post_tag","embeddable":true,"href":"https:\/\/redamlo.com\/index.php\/wp-json\/wp\/v2\/tags?post=6139"}],"curies":[{"name":"wp","href":"https:\/\/api.w.org\/{rel}","templated":true}]}}